{"id":10206,"date":"2024-09-24T09:54:33","date_gmt":"2024-09-24T07:54:33","guid":{"rendered":"https:\/\/www.topicfoot.fr\/?p=10206"},"modified":"2024-11-03T21:07:08","modified_gmt":"2024-11-03T20:07:08","slug":"cardiff-et-fc-nantes-une-bataille-judiciaire-sans-fin-autour-de-sala","status":"publish","type":"post","link":"https:\/\/www.topicfoot.fr\/index.php\/2024\/09\/24\/cardiff-et-fc-nantes-une-bataille-judiciaire-sans-fin-autour-de-sala\/","title":{"rendered":"Cardiff et FC Nantes : une bataille judiciaire sans fin autour de Sala"},"content":{"rendered":"<span class=\"span-reading-time rt-reading-time\" style=\"display: block;\"><span class=\"rt-label rt-prefix\">Temps de lecture\u00a0:  <\/span> <span class=\"rt-time\"> 2<\/span> <span class=\"rt-label rt-postfix\">minutes.  <\/span><\/span>\n<p>L&rsquo;affaire autour de la disparition tragique d&rsquo;<strong>Emiliano Sala<\/strong> continue de secouer le monde du football. Alors que l&rsquo;accident d&rsquo;avion ayant co\u00fbt\u00e9 la vie \u00e0 l&rsquo;attaquant argentin date de 2019, Cardiff City r\u00e9clame aujourd&rsquo;hui une somme astronomique au <strong><a href=\"https:\/\/www.fcnantes.com\" target=\"_blank\" rel=\"noreferrer noopener\">FC Nantes<\/a><\/strong>, cr\u00e9ant un nouveau rebondissement dans ce litige complexe.<\/p>\n\n\n\n<h3 class=\"wp-block-heading\">Cardiff r\u00e9clame des millions au FC Nantes<\/h3>\n\n\n\n<p>Le club gallois, qui devait initialement accueillir Emiliano Sala, r\u00e9clame d\u00e9sormais <strong>120,2 millions d&rsquo;euros<\/strong> au FC Nantes. Cette somme exorbitante est justifi\u00e9e par un <strong>manque \u00e0 gagner<\/strong> que Cardiff aurait subi apr\u00e8s la disparition du joueur. Selon une \u00e9tude r\u00e9alis\u00e9e par une soci\u00e9t\u00e9 britannique sp\u00e9cialis\u00e9e dans les donn\u00e9es footballistiques, l&rsquo;attaquant argentin aurait jou\u00e9 un r\u00f4le crucial dans la survie du club en <strong>Premier League<\/strong>. Si Sala avait disput\u00e9 60% des matchs, Cardiff aurait eu <strong>54,2% de chances de se maintenir<\/strong> dans l&rsquo;\u00e9lite anglaise.<\/p>\n\n\n\n<p>Cette estimation est bas\u00e9e sur une analyse <br>&#8211; des <strong>expected goals<\/strong> (buts attendus)<br>&#8211; des points que Cardiff aurait pu obtenir avec la pr\u00e9sence de Sala dans l&rsquo;\u00e9quipe. Le club a donc \u00e9valu\u00e9 ses pertes sur plusieurs saisons. C&rsquo;est notamment entre <strong>2018 et 2023<\/strong>, chiffrant celles-ci \u00e0 <strong>52,9 millions d&rsquo;euros<\/strong>. \u00c0 cela s&rsquo;ajoute une perte de valeur de <strong>67,3 millions d&rsquo;euros<\/strong>, ainsi qu&rsquo;une r\u00e9clamation de <strong>2 millions<\/strong> pour pr\u00e9judice r\u00e9putationnel.<\/p>\n\n\n<div class=\"wp-block-image\">\n<figure class=\"aligncenter size-full is-resized\"><img loading=\"lazy\" decoding=\"async\" width=\"1024\" height=\"576\" src=\"https:\/\/www.topicfoot.fr\/wp-content\/uploads\/2024\/09\/affaire-sala-nantes-tf01-jpg.webp\" alt=\"affaire Emiliano Sala\" class=\"wp-image-10208\" style=\"width:616px;height:auto\" srcset=\"https:\/\/www.topicfoot.fr\/wp-content\/uploads\/2024\/09\/affaire-sala-nantes-tf01-jpg.webp 1024w, https:\/\/www.topicfoot.fr\/wp-content\/uploads\/2024\/09\/affaire-sala-nantes-tf01-300x169.webp 300w, https:\/\/www.topicfoot.fr\/wp-content\/uploads\/2024\/09\/affaire-sala-nantes-tf01-768x432.webp 768w, https:\/\/www.topicfoot.fr\/wp-content\/uploads\/2024\/09\/affaire-sala-nantes-tf01-678x381.webp 678w\" sizes=\"auto, (max-width: 1024px) 100vw, 1024px\" \/><\/figure>\n<\/div>\n\n\n<h3 class=\"wp-block-heading\">Un litige judiciaire de longue haleine<\/h3>\n\n\n\n<p>L&rsquo;affaire entre Cardiff et Nantes tra\u00eene depuis plusieurs ann\u00e9es et s&rsquo;annonce encore longue. Une audience pour r\u00e9gler un \u00ab incident \u00bb sur des documents est pr\u00e9vue pour le <strong>18 novembre<\/strong>, mais le jugement sur le fond n\u2019a toujours pas \u00e9t\u00e9 planifi\u00e9. Nantes, de son c\u00f4t\u00e9, ne compte pas c\u00e9der et d\u00e9nonce un <strong>acharnement judiciaire<\/strong>. Le club fran\u00e7ais, actuellement 14e en Ligue 1, ne se laisse pas impressionner par les revendications de Cardiff et entend bien d\u00e9fendre ses int\u00e9r\u00eats.<\/p>\n\n\n\n<p>D\u00e9j\u00e0 en mai dernier, Cardiff avait exig\u00e9 <strong>110 millions d&rsquo;euros<\/strong> de d\u00e9dommagement pour un pr\u00e9judice similaire, sans succ\u00e8s. Aujourd&rsquo;hui, les Gallois reviennent \u00e0 la charge avec une nouvelle somme encore plus \u00e9lev\u00e9e.<\/p>\n\n\n\n<h3 class=\"wp-block-heading\">Une affaire qui divise le football<\/h3>\n\n\n\n<p>Le d\u00e9c\u00e8s d&rsquo;Emiliano Sala a laiss\u00e9 une trace ind\u00e9l\u00e9bile dans le football, mais cette bataille judiciaire entre Cardiff et Nantes divise. Pour Cardiff, il s&rsquo;agit d&rsquo;obtenir r\u00e9paration pour des pertes \u00e9conomiques majeures. De l\u2019autre c\u00f4t\u00e9, Nantes d\u00e9nonce une tentative de capitaliser sur une trag\u00e9die. Le <strong>pr\u00e9judice moral<\/strong> est \u00e9galement un point soulev\u00e9 par les Canaris, qui estiment que le club a aussi souffert de la disparition de son joueur.<\/p>\n\n\n\n<p>Ce conflit met en lumi\u00e8re l&rsquo;impact \u00e9conomique et \u00e9motionnel que peut avoir la disparition d\u2019un joueur, surtout dans un contexte o\u00f9 des millions sont en jeu. Cependant, pour de nombreux observateurs, cette affaire devient de plus en plus d\u00e9routante, avec des sommes qui ne cessent de gonfler et des arguments toujours plus techniques.<\/p>\n\n\n\n<h3 class=\"wp-block-heading\">Conclusion<\/h3>\n\n\n\n<p>La bataille judiciaire entre Cardiff et Nantes autour de <strong>l\u2019affaire Emiliano Sala<\/strong> semble loin d\u2019\u00eatre termin\u00e9e. Cardiff r\u00e9clame une somme record de <strong>120 millions d\u2019euros<\/strong>, tout en se basant sur des probabilit\u00e9s et des projections \u00e9conomiques. Face \u00e0 cela, Nantes riposte en d\u00e9non\u00e7ant un acharnement et en rappelant le pr\u00e9judice moral dont il se dit victime. Ce litige complexe montre \u00e0 quel point les enjeux financiers et juridiques dans le football peuvent \u00eatre colossaux, surtout lorsqu\u2019une trag\u00e9die humaine s\u2019y m\u00eale.<\/p>\n\n\n\n<!-- Noptin Newsletter Plugin v4.2.2 - https:\/\/wordpress.org\/plugins\/newsletter-optin-box\/ --><div id=\"noptin-form-2__wrapper\" class=\"noptin-optin-main-wrapper noptin-form-id-9842 noptin-inpost-main-wrapper\" aria-labelledby=\"noptin-form-2__title\" ><style>\/*Custom css*\/\n\n.noptin-form-id-9842 .noptin-optin-form-wrapper .noptin-optin-form.noptin-form-single-line .noptin-form-submit{\n\tborder-radius: 30px;\n}\n\n@media only screen and (min-width: 768px) {\n\n\t.noptin-form-id-9842 .noptin-optin-form-wrapper .noptin-optin-form.noptin-form-single-line .noptin-form-submit{\n\t\tposition: absolute;\n\t\tbottom: -1px;\n\t\ttop: 0;\n\t\tright: 0px;\n\t}\n\n}\n\n.noptin-form-id-9842 .noptin-optin-form-wrapper .noptin-form-single-line .noptin-form-field{\n \tborder-radius: 30px !important;\n\tborder: none !important;\n} #noptin-form-2__wrapper {--noptin-background-color: #424242; --noptin-border-color: #424242; --noptin-button-color: #607D8B; --noptin-button-text-color: #fafafa; --noptin-title-color: #fafafa; --noptin-description-color: #fafafa; --noptin-prefix-color: #607d8b; --noptin-note-color: #fafafa;}<\/style><div style=\"max-width:620px; min-height:280px;border-color: #424242;\" class=\"noptin-optin-form-wrapper no-image\" ><!-- Form ID: 9842 --><form id=\"noptin-form-2\" class=\"noptin-optin-form noptin-form-single-line noptin-label-hide noptin-form-2\" method=\"post\" novalidate >\t\t\t\t\t<div class=\"noptin-form-header noptin-img-left\">\n\t\t\t\t\t\t\t\t\t\t\t\t<div class=\"noptin-form-header-text\">\n\n\t\t\t\t\t\t\t\t\t\t\t\t\t\t\t<div style=\"color: #607d8b;font-size: 20px; font-weight: 500; line-height: 1.3;\" class=\"noptin-form-prefix\">\n\t\t\t\t\t\t\t\t\t\t\t\t\t\t\t\t\t<\/div>\n\t\t\t\t\t\t\t\n\t\t\t\t\t\t\t\t\t\t\t\t\t\t\t<div style=\"color: #fafafa;font-size: 20px; font-weight: 700; line-height: 1.5;\" class=\"noptin-form-heading\">\n\t\t\t\t\t\t\t\t\tAbonnez-vous \u00e0 TopicFoot\t\t\t\t\t\t\t\t<\/div>\n\t\t\t\t\t\t\t\n\t\t\t\t\t\t\t\t\t\t\t\t\t\t\t<div style=\"color: #fafafa;font-size: 16px; font-weight: 500; line-height: 1.5;\" class=\"noptin-form-description\">\n\t\t\t\t\t\t\t\t\tEntrez votre Mail pour recevoir nos derniers articles.\t\t\t\t\t\t\t\t<\/div>\n\t\t\t\t\t\t\t\n\t\t\t\t\t\t<\/div>\n\t\t\t\t\t\t\n\t\t\t\t\t\t\t\t\t\t\t\t\t<div class=\"noptin-form-header-image\">\n\t\t\t\t\t\t\t\t<img decoding=\"async\" alt=\"icon\" src=\"https:\/\/www.topicfoot.fr\/wp-content\/plugins\/newsletter-optin-box\/includes\/assets\/images\/email-icon.png\" \/>\n\t\t\t\t\t\t\t<\/div>\n\t\t\t\t\t\t\n\t\t\t\t\t<\/div>\n\t\t\t\t<div class=\"noptin-form-footer\"><div class=\"noptin-form-fields\">\t\t\t<div class=\"noptin-form-field-wrapper noptin-form-field-email noptin-optin-field-wrapper noptin-optin-field-email\" id=\"noptin-form-2__field-email--wrapper\" >\n\t\t<div class=\"noptin-field-email\">\n\t\t\t<label class=\"noptin-label\" for=\"noptin-form-2__field-email\">Adresse Mail<\/label>\n\t\t\t<input name=\"noptin_fields[email]\" id=\"noptin-form-2__field-email\" type=\"email\" class=\"noptin-text noptin-form-field noptin-form-field__email noptin-form-field__has-no-placeholder\" placeholder=\"Adresse Mail\" required \/>\n\n\t\t<\/div><\/div>\t\t\t<div class=\"noptin-form-field-wrapper noptin-form-field- noptin-optin-field-wrapper noptin-optin-field-\" id=\"noptin-form-2__field---wrapper\" >\n\t\t<\/div>\t\t\t<div class=\"noptin-form-field-wrapper noptin-form-field-submit noptin-optin-field-wrapper noptin-optin-field-submit\" >\n\t\t\n\t\t\t<input type=\"submit\" id=\"noptin-form-2__submit\" class=\"noptin-form-submit btn button btn-primary button-primary wp-element-button\" name=\"noptin-submit\" value=\"Abonnez-vous\" style=\"background-color: #607D8B;color: #fafafa;\"  \/>\n\n\t\t<\/div><\/div>\t\t\t\t\t\t<div class=\"noptin-form-notice noptin-response\" role=\"alert\"><\/div>\n\t\t\t<\/div>\n\t\t\t<input type=\"hidden\" name=\"noptin_element_id\" value=\"2\" \/><input type=\"hidden\" name=\"source\" value=\"9842\" \/><input type=\"hidden\" name=\"form_action\" value=\"subscribe\" \/><input type=\"hidden\" name=\"noptin-config\" value=\"geVp3bmVsS.Bejx5F7hyheCZeasGrk6UoV7mPwUKzeAj_J_jRQjYkLtSn67MwIeo\" \/><input type=\"hidden\" name=\"noptin_form_id\" value=\"9842\" \/><\/form><\/div><!-- \/Form ID: 9842 --><\/div><!-- \/ Noptin Newsletter Plugin -->\n\n\n\n<p>Voir aussi notre article sur :\u00a0<a href=\"https:\/\/www.topicfoot.fr\/index.php\/2024\/05\/02\/le-scandale-du-fifagate-corruption-et-secousses-dans-le-monde-du-football\/\">Le Scandale du FIFAGate : Corruption et Secousses dans le Monde du Football<\/a><\/p>\n\n\n\n<figure class=\"wp-block-embed is-type-wp-embed is-provider-topic-foot wp-block-embed-topic-foot\"><div class=\"wp-block-embed__wrapper\">\n<blockquote class=\"wp-embedded-content\" data-secret=\"Aukw2TaFCj\"><a href=\"https:\/\/www.topicfoot.fr\/index.php\/2024\/05\/02\/le-scandale-du-fifagate-corruption-et-secousses-dans-le-monde-du-football\/\">Le Scandale du FIFA Gate : Corruption et Secousses au Football<\/a><\/blockquote><iframe loading=\"lazy\" class=\"wp-embedded-content\" sandbox=\"allow-scripts\" security=\"restricted\" style=\"position: absolute; visibility: hidden;\" title=\"\u00ab\u00a0Le Scandale du FIFA Gate : Corruption et Secousses au Football\u00a0\u00bb &#8212; Topic Foot\" src=\"https:\/\/www.topicfoot.fr\/index.php\/2024\/05\/02\/le-scandale-du-fifagate-corruption-et-secousses-dans-le-monde-du-football\/embed\/#?secret=IuFWew34Ah#?secret=Aukw2TaFCj\" data-secret=\"Aukw2TaFCj\" width=\"500\" height=\"282\" frameborder=\"0\" marginwidth=\"0\" marginheight=\"0\" scrolling=\"no\"><\/iframe>\n<\/div><\/figure>\n","protected":false},"excerpt":{"rendered":"<div class=\"mh-excerpt\">L&rsquo;affaire autour de la disparition tragique d&rsquo;Emiliano Sala continue de secouer le monde du football. Alors que l&rsquo;accident d&rsquo;avion ayant co\u00fbt\u00e9 la vie \u00e0 l&rsquo;attaquant argentin date de 2019, Cardiff City r\u00e9clame aujourd&rsquo;hui une somme <a class=\"mh-excerpt-more\" href=\"https:\/\/www.topicfoot.fr\/index.php\/2024\/09\/24\/cardiff-et-fc-nantes-une-bataille-judiciaire-sans-fin-autour-de-sala\/\" title=\"Cardiff et FC Nantes : une bataille judiciaire sans fin autour de Sala\">[&#8230;]<\/a><\/div>\n","protected":false},"author":1,"featured_media":10208,"comment_status":"closed","ping_status":"open","sticky":false,"template":"","format":"standard","meta":{"footnotes":""},"categories":[78,98,31],"tags":[],"post_folder":[],"class_list":{"0":"post-10206","1":"post","2":"type-post","3":"status-publish","4":"format-standard","5":"has-post-thumbnail","7":"category-club","8":"category-scandale","9":"category-toutes-les-categories"},"yoast_head":"<!-- This site is optimized with the Yoast SEO plugin v27.4 - https:\/\/yoast.com\/product\/yoast-seo-wordpress\/ -->\n<title>Cardiff et FC Nantes : une bataille judiciaire sans fin autour de Sala<\/title>\n<meta name=\"description\" content=\"affaire Emiliano Sala : L&#039;affaire autour de la disparition tragique d&#039;Emiliano Sala continue de secouer le monde du football.\" \/>\n<meta name=\"robots\" content=\"index, follow, max-snippet:-1, max-image-preview:large, max-video-preview:-1\" \/>\n<link rel=\"canonical\" href=\"https:\/\/www.topicfoot.fr\/index.php\/2024\/09\/24\/cardiff-et-fc-nantes-une-bataille-judiciaire-sans-fin-autour-de-sala\/\" \/>\n<meta property=\"og:locale\" content=\"fr_FR\" \/>\n<meta property=\"og:type\" content=\"article\" \/>\n<meta property=\"og:title\" content=\"Cardiff et FC Nantes : une bataille judiciaire sans fin autour de Sala\" \/>\n<meta property=\"og:description\" content=\"affaire Emiliano Sala : L&#039;affaire autour de la disparition tragique d&#039;Emiliano Sala continue de secouer le monde du football.\" \/>\n<meta property=\"og:url\" content=\"https:\/\/www.topicfoot.fr\/index.php\/2024\/09\/24\/cardiff-et-fc-nantes-une-bataille-judiciaire-sans-fin-autour-de-sala\/\" \/>\n<meta property=\"og:site_name\" content=\"Topic Foot\" \/>\n<meta property=\"article:publisher\" content=\"https:\/\/www.facebook.com\/topicfoot.fr\" \/>\n<meta property=\"article:published_time\" content=\"2024-09-24T07:54:33+00:00\" \/>\n<meta property=\"article:modified_time\" content=\"2024-11-03T20:07:08+00:00\" \/>\n<meta property=\"og:image\" content=\"https:\/\/www.topicfoot.fr\/wp-content\/uploads\/2024\/09\/affaire-sala-nantes-tf01-jpg.webp\" \/>\n\t<meta property=\"og:image:width\" content=\"1024\" \/>\n\t<meta property=\"og:image:height\" content=\"576\" \/>\n\t<meta property=\"og:image:type\" content=\"image\/jpeg\" \/>\n<meta name=\"author\" content=\"Florent G\" \/>\n<meta name=\"twitter:card\" content=\"summary_large_image\" \/>\n<meta name=\"twitter:label1\" content=\"\u00c9crit par\" \/>\n\t<meta name=\"twitter:data1\" content=\"Florent G\" \/>\n\t<meta name=\"twitter:label2\" content=\"Dur\u00e9e de lecture estim\u00e9e\" \/>\n\t<meta name=\"twitter:data2\" content=\"4 minutes\" \/>\n<script type=\"application\/ld+json\" class=\"yoast-schema-graph\">{\"@context\":\"https:\\\/\\\/schema.org\",\"@graph\":[{\"@type\":\"Article\",\"@id\":\"https:\\\/\\\/www.topicfoot.fr\\\/index.php\\\/2024\\\/09\\\/24\\\/cardiff-et-fc-nantes-une-bataille-judiciaire-sans-fin-autour-de-sala\\\/#article\",\"isPartOf\":{\"@id\":\"https:\\\/\\\/www.topicfoot.fr\\\/index.php\\\/2024\\\/09\\\/24\\\/cardiff-et-fc-nantes-une-bataille-judiciaire-sans-fin-autour-de-sala\\\/\"},\"author\":{\"name\":\"Florent G\",\"@id\":\"https:\\\/\\\/www.topicfoot.fr\\\/#\\\/schema\\\/person\\\/e11785565f6247f9acd9d5b796ec4d62\"},\"headline\":\"Cardiff et FC Nantes : une bataille judiciaire sans fin autour de Sala\",\"datePublished\":\"2024-09-24T07:54:33+00:00\",\"dateModified\":\"2024-11-03T20:07:08+00:00\",\"mainEntityOfPage\":{\"@id\":\"https:\\\/\\\/www.topicfoot.fr\\\/index.php\\\/2024\\\/09\\\/24\\\/cardiff-et-fc-nantes-une-bataille-judiciaire-sans-fin-autour-de-sala\\\/\"},\"wordCount\":634,\"publisher\":{\"@id\":\"https:\\\/\\\/www.topicfoot.fr\\\/#organization\"},\"image\":{\"@id\":\"https:\\\/\\\/www.topicfoot.fr\\\/index.php\\\/2024\\\/09\\\/24\\\/cardiff-et-fc-nantes-une-bataille-judiciaire-sans-fin-autour-de-sala\\\/#primaryimage\"},\"thumbnailUrl\":\"https:\\\/\\\/www.topicfoot.fr\\\/wp-content\\\/uploads\\\/2024\\\/09\\\/affaire-sala-nantes-tf01-jpg.webp\",\"articleSection\":[\"Finances des clubs de football\",\"Scandale\",\"Toutes les cat\u00e9gories\"],\"inLanguage\":\"fr-FR\"},{\"@type\":\"WebPage\",\"@id\":\"https:\\\/\\\/www.topicfoot.fr\\\/index.php\\\/2024\\\/09\\\/24\\\/cardiff-et-fc-nantes-une-bataille-judiciaire-sans-fin-autour-de-sala\\\/\",\"url\":\"https:\\\/\\\/www.topicfoot.fr\\\/index.php\\\/2024\\\/09\\\/24\\\/cardiff-et-fc-nantes-une-bataille-judiciaire-sans-fin-autour-de-sala\\\/\",\"name\":\"Cardiff et FC Nantes : une bataille judiciaire sans fin autour de Sala\",\"isPartOf\":{\"@id\":\"https:\\\/\\\/www.topicfoot.fr\\\/#website\"},\"primaryImageOfPage\":{\"@id\":\"https:\\\/\\\/www.topicfoot.fr\\\/index.php\\\/2024\\\/09\\\/24\\\/cardiff-et-fc-nantes-une-bataille-judiciaire-sans-fin-autour-de-sala\\\/#primaryimage\"},\"image\":{\"@id\":\"https:\\\/\\\/www.topicfoot.fr\\\/index.php\\\/2024\\\/09\\\/24\\\/cardiff-et-fc-nantes-une-bataille-judiciaire-sans-fin-autour-de-sala\\\/#primaryimage\"},\"thumbnailUrl\":\"https:\\\/\\\/www.topicfoot.fr\\\/wp-content\\\/uploads\\\/2024\\\/09\\\/affaire-sala-nantes-tf01-jpg.webp\",\"datePublished\":\"2024-09-24T07:54:33+00:00\",\"dateModified\":\"2024-11-03T20:07:08+00:00\",\"description\":\"affaire Emiliano Sala : L'affaire autour de la disparition tragique d'Emiliano Sala continue de secouer le monde du football.\",\"breadcrumb\":{\"@id\":\"https:\\\/\\\/www.topicfoot.fr\\\/index.php\\\/2024\\\/09\\\/24\\\/cardiff-et-fc-nantes-une-bataille-judiciaire-sans-fin-autour-de-sala\\\/#breadcrumb\"},\"inLanguage\":\"fr-FR\",\"potentialAction\":[{\"@type\":\"ReadAction\",\"target\":[\"https:\\\/\\\/www.topicfoot.fr\\\/index.php\\\/2024\\\/09\\\/24\\\/cardiff-et-fc-nantes-une-bataille-judiciaire-sans-fin-autour-de-sala\\\/\"]}]},{\"@type\":\"ImageObject\",\"inLanguage\":\"fr-FR\",\"@id\":\"https:\\\/\\\/www.topicfoot.fr\\\/index.php\\\/2024\\\/09\\\/24\\\/cardiff-et-fc-nantes-une-bataille-judiciaire-sans-fin-autour-de-sala\\\/#primaryimage\",\"url\":\"https:\\\/\\\/www.topicfoot.fr\\\/wp-content\\\/uploads\\\/2024\\\/09\\\/affaire-sala-nantes-tf01-jpg.webp\",\"contentUrl\":\"https:\\\/\\\/www.topicfoot.fr\\\/wp-content\\\/uploads\\\/2024\\\/09\\\/affaire-sala-nantes-tf01-jpg.webp\",\"width\":1024,\"height\":576},{\"@type\":\"BreadcrumbList\",\"@id\":\"https:\\\/\\\/www.topicfoot.fr\\\/index.php\\\/2024\\\/09\\\/24\\\/cardiff-et-fc-nantes-une-bataille-judiciaire-sans-fin-autour-de-sala\\\/#breadcrumb\",\"itemListElement\":[{\"@type\":\"ListItem\",\"position\":1,\"name\":\"Accueil\",\"item\":\"https:\\\/\\\/www.topicfoot.fr\\\/\"},{\"@type\":\"ListItem\",\"position\":2,\"name\":\"Cardiff et FC Nantes : une bataille judiciaire sans fin autour de Sala\"}]},{\"@type\":\"WebSite\",\"@id\":\"https:\\\/\\\/www.topicfoot.fr\\\/#website\",\"url\":\"https:\\\/\\\/www.topicfoot.fr\\\/\",\"name\":\"Topic Foot\",\"description\":\"Tous l&#039;univers du Foot !\",\"publisher\":{\"@id\":\"https:\\\/\\\/www.topicfoot.fr\\\/#organization\"},\"potentialAction\":[{\"@type\":\"SearchAction\",\"target\":{\"@type\":\"EntryPoint\",\"urlTemplate\":\"https:\\\/\\\/www.topicfoot.fr\\\/?s={search_term_string}\"},\"query-input\":{\"@type\":\"PropertyValueSpecification\",\"valueRequired\":true,\"valueName\":\"search_term_string\"}}],\"inLanguage\":\"fr-FR\"},{\"@type\":\"Organization\",\"@id\":\"https:\\\/\\\/www.topicfoot.fr\\\/#organization\",\"name\":\"Topic Foot\",\"url\":\"https:\\\/\\\/www.topicfoot.fr\\\/\",\"logo\":{\"@type\":\"ImageObject\",\"inLanguage\":\"fr-FR\",\"@id\":\"https:\\\/\\\/www.topicfoot.fr\\\/#\\\/schema\\\/logo\\\/image\\\/\",\"url\":\"https:\\\/\\\/www.topicfoot.fr\\\/wp-content\\\/uploads\\\/2024\\\/04\\\/cropped-logo-topicfoot-new.jpg\",\"contentUrl\":\"https:\\\/\\\/www.topicfoot.fr\\\/wp-content\\\/uploads\\\/2024\\\/04\\\/cropped-logo-topicfoot-new.jpg\",\"width\":512,\"height\":512,\"caption\":\"Topic Foot\"},\"image\":{\"@id\":\"https:\\\/\\\/www.topicfoot.fr\\\/#\\\/schema\\\/logo\\\/image\\\/\"},\"sameAs\":[\"https:\\\/\\\/www.facebook.com\\\/topicfoot.fr\"]},{\"@type\":\"Person\",\"@id\":\"https:\\\/\\\/www.topicfoot.fr\\\/#\\\/schema\\\/person\\\/e11785565f6247f9acd9d5b796ec4d62\",\"name\":\"Florent G\",\"image\":{\"@type\":\"ImageObject\",\"inLanguage\":\"fr-FR\",\"@id\":\"https:\\\/\\\/secure.gravatar.com\\\/avatar\\\/1bb7e359942e0285fca3d40822ea6bdc74a98b7975407bfdf34b5a511f2155da?s=96&d=mm&r=g\",\"url\":\"https:\\\/\\\/secure.gravatar.com\\\/avatar\\\/1bb7e359942e0285fca3d40822ea6bdc74a98b7975407bfdf34b5a511f2155da?s=96&d=mm&r=g\",\"contentUrl\":\"https:\\\/\\\/secure.gravatar.com\\\/avatar\\\/1bb7e359942e0285fca3d40822ea6bdc74a98b7975407bfdf34b5a511f2155da?s=96&d=mm&r=g\",\"caption\":\"Florent G\"},\"description\":\"Je m'appelle Florent et je suis le cr\u00e9ateur de Topicfoot, un projet n\u00e9 de ma conviction que le football m\u00e9rite une couverture m\u00e9diatique de qualit\u00e9, ancr\u00e9e dans les faits et enrichie par l'analyse. Passionn\u00e9 de journalisme, j'ai toujours \u00e9t\u00e9 fascin\u00e9 par le sport comme r\u00e9v\u00e9lateur de soci\u00e9t\u00e9s. Mais c'est surtout l'explosion des donn\u00e9es et des nouvelles technologies dans le football qui m'a pouss\u00e9 \u00e0 lancer Topicfoot : statistiques avanc\u00e9es, mod\u00e8les pr\u00e9dictifs, analyse vid\u00e9o intelligente, impact des r\u00e9seaux sociaux sur les carri\u00e8res des joueurs. J'adore creuser ces th\u00e9matiques o\u00f9 les chiffres racontent une histoire que les yeux seuls ne voient pas. Au-del\u00e0 de la r\u00e9daction, je suis responsable de la ligne \u00e9ditoriale de Topicfoot et de sa strat\u00e9gie num\u00e9rique. Je crois que le journalisme sportif doit allier rigueur journalistique et innovation technologique pour offrir aux lecteurs une exp\u00e9rience moderne et approfondie. Nous couvrons les grands \u00e9v\u00e9nements du football europ\u00e9en et nous explorons comment les clubs utilisent les donn\u00e9es pour transformer leur organisation. Pour moi, Topicfoot, c'est la promesse d'un football mieux compris.\",\"sameAs\":[\"https:\\\/\\\/www.topicfoot.fr\"],\"url\":\"https:\\\/\\\/www.topicfoot.fr\\\/index.php\\\/author\\\/vitrindunet\\\/\"}]}<\/script>\n<!-- \/ Yoast SEO plugin. -->","yoast_head_json":{"title":"Cardiff et FC Nantes : une bataille judiciaire sans fin autour de Sala","description":"affaire Emiliano Sala : L'affaire autour de la disparition tragique d'Emiliano Sala continue de secouer le monde du football.","robots":{"index":"index","follow":"follow","max-snippet":"max-snippet:-1","max-image-preview":"max-image-preview:large","max-video-preview":"max-video-preview:-1"},"canonical":"https:\/\/www.topicfoot.fr\/index.php\/2024\/09\/24\/cardiff-et-fc-nantes-une-bataille-judiciaire-sans-fin-autour-de-sala\/","og_locale":"fr_FR","og_type":"article","og_title":"Cardiff et FC Nantes : une bataille judiciaire sans fin autour de Sala","og_description":"affaire Emiliano Sala : L'affaire autour de la disparition tragique d'Emiliano Sala continue de secouer le monde du football.","og_url":"https:\/\/www.topicfoot.fr\/index.php\/2024\/09\/24\/cardiff-et-fc-nantes-une-bataille-judiciaire-sans-fin-autour-de-sala\/","og_site_name":"Topic Foot","article_publisher":"https:\/\/www.facebook.com\/topicfoot.fr","article_published_time":"2024-09-24T07:54:33+00:00","article_modified_time":"2024-11-03T20:07:08+00:00","og_image":[{"width":1024,"height":576,"url":"https:\/\/www.topicfoot.fr\/wp-content\/uploads\/2024\/09\/affaire-sala-nantes-tf01-jpg.webp","type":"image\/jpeg"}],"author":"Florent G","twitter_card":"summary_large_image","twitter_misc":{"\u00c9crit par":"Florent G","Dur\u00e9e de lecture estim\u00e9e":"4 minutes"},"schema":{"@context":"https:\/\/schema.org","@graph":[{"@type":"Article","@id":"https:\/\/www.topicfoot.fr\/index.php\/2024\/09\/24\/cardiff-et-fc-nantes-une-bataille-judiciaire-sans-fin-autour-de-sala\/#article","isPartOf":{"@id":"https:\/\/www.topicfoot.fr\/index.php\/2024\/09\/24\/cardiff-et-fc-nantes-une-bataille-judiciaire-sans-fin-autour-de-sala\/"},"author":{"name":"Florent G","@id":"https:\/\/www.topicfoot.fr\/#\/schema\/person\/e11785565f6247f9acd9d5b796ec4d62"},"headline":"Cardiff et FC Nantes : une bataille judiciaire sans fin autour de Sala","datePublished":"2024-09-24T07:54:33+00:00","dateModified":"2024-11-03T20:07:08+00:00","mainEntityOfPage":{"@id":"https:\/\/www.topicfoot.fr\/index.php\/2024\/09\/24\/cardiff-et-fc-nantes-une-bataille-judiciaire-sans-fin-autour-de-sala\/"},"wordCount":634,"publisher":{"@id":"https:\/\/www.topicfoot.fr\/#organization"},"image":{"@id":"https:\/\/www.topicfoot.fr\/index.php\/2024\/09\/24\/cardiff-et-fc-nantes-une-bataille-judiciaire-sans-fin-autour-de-sala\/#primaryimage"},"thumbnailUrl":"https:\/\/www.topicfoot.fr\/wp-content\/uploads\/2024\/09\/affaire-sala-nantes-tf01-jpg.webp","articleSection":["Finances des clubs de football","Scandale","Toutes les cat\u00e9gories"],"inLanguage":"fr-FR"},{"@type":"WebPage","@id":"https:\/\/www.topicfoot.fr\/index.php\/2024\/09\/24\/cardiff-et-fc-nantes-une-bataille-judiciaire-sans-fin-autour-de-sala\/","url":"https:\/\/www.topicfoot.fr\/index.php\/2024\/09\/24\/cardiff-et-fc-nantes-une-bataille-judiciaire-sans-fin-autour-de-sala\/","name":"Cardiff et FC Nantes : une bataille judiciaire sans fin autour de Sala","isPartOf":{"@id":"https:\/\/www.topicfoot.fr\/#website"},"primaryImageOfPage":{"@id":"https:\/\/www.topicfoot.fr\/index.php\/2024\/09\/24\/cardiff-et-fc-nantes-une-bataille-judiciaire-sans-fin-autour-de-sala\/#primaryimage"},"image":{"@id":"https:\/\/www.topicfoot.fr\/index.php\/2024\/09\/24\/cardiff-et-fc-nantes-une-bataille-judiciaire-sans-fin-autour-de-sala\/#primaryimage"},"thumbnailUrl":"https:\/\/www.topicfoot.fr\/wp-content\/uploads\/2024\/09\/affaire-sala-nantes-tf01-jpg.webp","datePublished":"2024-09-24T07:54:33+00:00","dateModified":"2024-11-03T20:07:08+00:00","description":"affaire Emiliano Sala : L'affaire autour de la disparition tragique d'Emiliano Sala continue de secouer le monde du football.","breadcrumb":{"@id":"https:\/\/www.topicfoot.fr\/index.php\/2024\/09\/24\/cardiff-et-fc-nantes-une-bataille-judiciaire-sans-fin-autour-de-sala\/#breadcrumb"},"inLanguage":"fr-FR","potentialAction":[{"@type":"ReadAction","target":["https:\/\/www.topicfoot.fr\/index.php\/2024\/09\/24\/cardiff-et-fc-nantes-une-bataille-judiciaire-sans-fin-autour-de-sala\/"]}]},{"@type":"ImageObject","inLanguage":"fr-FR","@id":"https:\/\/www.topicfoot.fr\/index.php\/2024\/09\/24\/cardiff-et-fc-nantes-une-bataille-judiciaire-sans-fin-autour-de-sala\/#primaryimage","url":"https:\/\/www.topicfoot.fr\/wp-content\/uploads\/2024\/09\/affaire-sala-nantes-tf01-jpg.webp","contentUrl":"https:\/\/www.topicfoot.fr\/wp-content\/uploads\/2024\/09\/affaire-sala-nantes-tf01-jpg.webp","width":1024,"height":576},{"@type":"BreadcrumbList","@id":"https:\/\/www.topicfoot.fr\/index.php\/2024\/09\/24\/cardiff-et-fc-nantes-une-bataille-judiciaire-sans-fin-autour-de-sala\/#breadcrumb","itemListElement":[{"@type":"ListItem","position":1,"name":"Accueil","item":"https:\/\/www.topicfoot.fr\/"},{"@type":"ListItem","position":2,"name":"Cardiff et FC Nantes : une bataille judiciaire sans fin autour de Sala"}]},{"@type":"WebSite","@id":"https:\/\/www.topicfoot.fr\/#website","url":"https:\/\/www.topicfoot.fr\/","name":"Topic Foot","description":"Tous l&#039;univers du Foot !","publisher":{"@id":"https:\/\/www.topicfoot.fr\/#organization"},"potentialAction":[{"@type":"SearchAction","target":{"@type":"EntryPoint","urlTemplate":"https:\/\/www.topicfoot.fr\/?s={search_term_string}"},"query-input":{"@type":"PropertyValueSpecification","valueRequired":true,"valueName":"search_term_string"}}],"inLanguage":"fr-FR"},{"@type":"Organization","@id":"https:\/\/www.topicfoot.fr\/#organization","name":"Topic Foot","url":"https:\/\/www.topicfoot.fr\/","logo":{"@type":"ImageObject","inLanguage":"fr-FR","@id":"https:\/\/www.topicfoot.fr\/#\/schema\/logo\/image\/","url":"https:\/\/www.topicfoot.fr\/wp-content\/uploads\/2024\/04\/cropped-logo-topicfoot-new.jpg","contentUrl":"https:\/\/www.topicfoot.fr\/wp-content\/uploads\/2024\/04\/cropped-logo-topicfoot-new.jpg","width":512,"height":512,"caption":"Topic Foot"},"image":{"@id":"https:\/\/www.topicfoot.fr\/#\/schema\/logo\/image\/"},"sameAs":["https:\/\/www.facebook.com\/topicfoot.fr"]},{"@type":"Person","@id":"https:\/\/www.topicfoot.fr\/#\/schema\/person\/e11785565f6247f9acd9d5b796ec4d62","name":"Florent G","image":{"@type":"ImageObject","inLanguage":"fr-FR","@id":"https:\/\/secure.gravatar.com\/avatar\/1bb7e359942e0285fca3d40822ea6bdc74a98b7975407bfdf34b5a511f2155da?s=96&d=mm&r=g","url":"https:\/\/secure.gravatar.com\/avatar\/1bb7e359942e0285fca3d40822ea6bdc74a98b7975407bfdf34b5a511f2155da?s=96&d=mm&r=g","contentUrl":"https:\/\/secure.gravatar.com\/avatar\/1bb7e359942e0285fca3d40822ea6bdc74a98b7975407bfdf34b5a511f2155da?s=96&d=mm&r=g","caption":"Florent G"},"description":"Je m'appelle Florent et je suis le cr\u00e9ateur de Topicfoot, un projet n\u00e9 de ma conviction que le football m\u00e9rite une couverture m\u00e9diatique de qualit\u00e9, ancr\u00e9e dans les faits et enrichie par l'analyse. Passionn\u00e9 de journalisme, j'ai toujours \u00e9t\u00e9 fascin\u00e9 par le sport comme r\u00e9v\u00e9lateur de soci\u00e9t\u00e9s. Mais c'est surtout l'explosion des donn\u00e9es et des nouvelles technologies dans le football qui m'a pouss\u00e9 \u00e0 lancer Topicfoot : statistiques avanc\u00e9es, mod\u00e8les pr\u00e9dictifs, analyse vid\u00e9o intelligente, impact des r\u00e9seaux sociaux sur les carri\u00e8res des joueurs. J'adore creuser ces th\u00e9matiques o\u00f9 les chiffres racontent une histoire que les yeux seuls ne voient pas. Au-del\u00e0 de la r\u00e9daction, je suis responsable de la ligne \u00e9ditoriale de Topicfoot et de sa strat\u00e9gie num\u00e9rique. Je crois que le journalisme sportif doit allier rigueur journalistique et innovation technologique pour offrir aux lecteurs une exp\u00e9rience moderne et approfondie. Nous couvrons les grands \u00e9v\u00e9nements du football europ\u00e9en et nous explorons comment les clubs utilisent les donn\u00e9es pour transformer leur organisation. Pour moi, Topicfoot, c'est la promesse d'un football mieux compris.","sameAs":["https:\/\/www.topicfoot.fr"],"url":"https:\/\/www.topicfoot.fr\/index.php\/author\/vitrindunet\/"}]}},"_links":{"self":[{"href":"https:\/\/www.topicfoot.fr\/index.php\/wp-json\/wp\/v2\/posts\/10206","targetHints":{"allow":["GET"]}}],"collection":[{"href":"https:\/\/www.topicfoot.fr\/index.php\/wp-json\/wp\/v2\/posts"}],"about":[{"href":"https:\/\/www.topicfoot.fr\/index.php\/wp-json\/wp\/v2\/types\/post"}],"author":[{"embeddable":true,"href":"https:\/\/www.topicfoot.fr\/index.php\/wp-json\/wp\/v2\/users\/1"}],"replies":[{"embeddable":true,"href":"https:\/\/www.topicfoot.fr\/index.php\/wp-json\/wp\/v2\/comments?post=10206"}],"version-history":[{"count":0,"href":"https:\/\/www.topicfoot.fr\/index.php\/wp-json\/wp\/v2\/posts\/10206\/revisions"}],"wp:featuredmedia":[{"embeddable":true,"href":"https:\/\/www.topicfoot.fr\/index.php\/wp-json\/wp\/v2\/media\/10208"}],"wp:attachment":[{"href":"https:\/\/www.topicfoot.fr\/index.php\/wp-json\/wp\/v2\/media?parent=10206"}],"wp:term":[{"taxonomy":"category","embeddable":true,"href":"https:\/\/www.topicfoot.fr\/index.php\/wp-json\/wp\/v2\/categories?post=10206"},{"taxonomy":"post_tag","embeddable":true,"href":"https:\/\/www.topicfoot.fr\/index.php\/wp-json\/wp\/v2\/tags?post=10206"},{"taxonomy":"post_folder","embeddable":true,"href":"https:\/\/www.topicfoot.fr\/index.php\/wp-json\/wp\/v2\/post_folder?post=10206"}],"curies":[{"name":"wp","href":"https:\/\/api.w.org\/{rel}","templated":true}]}}