{"id":10576,"date":"2024-10-21T16:18:53","date_gmt":"2024-10-21T14:18:53","guid":{"rendered":"https:\/\/www.topicfoot.fr\/?p=10576"},"modified":"2024-10-28T23:14:01","modified_gmt":"2024-10-28T22:14:01","slug":"le-rachat-du-paris-fc-un-tournant-decisif-pour-lavenir-du-club","status":"publish","type":"post","link":"https:\/\/www.topicfoot.fr\/index.php\/2024\/10\/21\/le-rachat-du-paris-fc-un-tournant-decisif-pour-lavenir-du-club\/","title":{"rendered":"Le rachat du Paris FC : un tournant d\u00e9cisif pour l&rsquo;avenir du club"},"content":{"rendered":"<span class=\"span-reading-time rt-reading-time\" style=\"display: block;\"><span class=\"rt-label rt-prefix\">Temps de lecture\u00a0:  <\/span> <span class=\"rt-time\"> 3<\/span> <span class=\"rt-label rt-postfix\">minutes.  <\/span><\/span>\n<h2 class=\"wp-block-heading\"><strong>Un changement de dimension en vue<\/strong><\/h2>\n\n\n\n<figure class=\"wp-block-audio\"><audio controls src=\"https:\/\/www.topicfoot.fr\/wp-content\/uploads\/2024\/10\/paris-fc-rachat.aac\"><\/audio><\/figure>\n\n\n\n<div style=\"height:50px\" aria-hidden=\"true\" class=\"wp-block-spacer\"><\/div>\n\n\n\n<p>Le <strong>rachat du Paris FC<\/strong> par la famille Arnault, via la holding <a href=\"https:\/\/www.financiereagache-finance.com\/fr\/index\" target=\"_blank\" rel=\"noreferrer noopener\">Agache<\/a>, marque une nouvelle \u00e8re pour le club parisien. L&rsquo;ambition est claire : propulser le Paris FC parmi les grands du football fran\u00e7ais, tout en renfor\u00e7ant son identit\u00e9 et ses valeurs. Avec Red Bull comme partenaire minoritaire, l\u2019avenir du club s\u2019annonce prometteur, tant sur le plan sportif qu\u2019\u00e9conomique.<\/p>\n\n\n<div class=\"wp-block-image\">\n<figure class=\"aligncenter size-full is-resized\"><img loading=\"lazy\" decoding=\"async\" width=\"1024\" height=\"576\" src=\"https:\/\/www.topicfoot.fr\/wp-content\/uploads\/2024\/10\/rachat-paris-fc-jpg.webp\" alt=\"Le rachat du Paris FC : un tournant d\u00e9cisif pour l'avenir du club\" class=\"wp-image-10577\" style=\"width:535px;height:auto\" srcset=\"https:\/\/www.topicfoot.fr\/wp-content\/uploads\/2024\/10\/rachat-paris-fc-jpg.webp 1024w, https:\/\/www.topicfoot.fr\/wp-content\/uploads\/2024\/10\/rachat-paris-fc-300x169.webp 300w, https:\/\/www.topicfoot.fr\/wp-content\/uploads\/2024\/10\/rachat-paris-fc-768x432.webp 768w, https:\/\/www.topicfoot.fr\/wp-content\/uploads\/2024\/10\/rachat-paris-fc-678x381.webp 678w\" sizes=\"auto, (max-width: 1024px) 100vw, 1024px\" \/><\/figure>\n<\/div>\n\n\n<h2 class=\"wp-block-heading\"><strong>La famille Arnault aux commandes : Une strat\u00e9gie de long terme<\/strong><\/h2>\n\n\n\n<p>La famille Arnault, \u00e0 travers sa holding Agache, est entr\u00e9e en \u00ab\u00a0n\u00e9gociations exclusives\u00a0\u00bb pour acqu\u00e9rir 55% du Paris FC, tandis que <strong>Red Bull<\/strong> obtiendrait une participation de 15%. Le pr\u00e9sident actuel, Pierre Ferracci, conserverait 30% jusqu&rsquo;en 2027 avant de c\u00e9der la majorit\u00e9 des parts \u00e0 la famille Arnault, qui d\u00e9tiendrait alors 85% du club.<\/p>\n\n\n\n<p>Ce <strong>rachat du Paris FC<\/strong> a pour objectif de ramener l\u2019\u00e9quipe masculine en Ligue 1 et de maintenir l\u2019\u00e9quipe f\u00e9minine parmi l\u2019\u00e9lite. L&rsquo;accent est mis sur la formation des jeunes talents, en particulier ceux de la r\u00e9gion parisienne. Avec l\u2019arriv\u00e9e d\u2019<strong>Agache<\/strong> en tant qu\u2019actionnaire majoritaire, l\u2019avenir du Paris FC prend un tournant strat\u00e9gique visant \u00e0 construire un club comp\u00e9titif \u00e0 long terme.<\/p>\n\n\n\n<h2 class=\"wp-block-heading\"><strong>Une approche \u00e9quilibr\u00e9e entre sport et \u00e9conomie<\/strong><\/h2>\n\n\n\n<p>L\u2019engagement de la famille Arnault ne se limite pas uniquement \u00e0 l\u2019aspect financier. La holding Agache, r\u00e9put\u00e9e pour son expertise en d\u00e9veloppement \u00e9conomique, souhaite appliquer ce savoir-faire au <strong>Paris FC<\/strong>, tout en s\u2019appuyant sur les comp\u00e9tences sportives de Red Bull. Le r\u00f4le de <strong>Red Bull<\/strong> sera de conseiller sur le plan sportif, notamment pour la d\u00e9tection des talents et le renforcement des \u00e9quipes premi\u00e8res.<\/p>\n\n\n\n<p>L\u2019objectif de ce partenariat est de structurer le club, tout en respectant ses valeurs. Pour <strong>Antoine Arnault<\/strong>, futur repr\u00e9sentant de la holding, il s\u2019agit de construire un projet durable et ambitieux sans pour autant br\u00fbler les \u00e9tapes. De son c\u00f4t\u00e9, <strong>Oliver Mintzlaff<\/strong>, directeur g\u00e9n\u00e9ral de Red Bull, souligne l\u2019importance de la r\u00e9gion parisienne en tant que vivier de talents, qu&rsquo;il souhaite voir s\u2019\u00e9panouir au sein du club.<\/p>\n\n\n\n<h2 class=\"wp-block-heading\"><strong>Un r\u00eave europ\u00e9en pour le Paris FC<\/strong><\/h2>\n\n\n\n<p>Le rachat pourrait transformer le Paris FC en un pr\u00e9tendant s\u00e9rieux aux comp\u00e9titions europ\u00e9ennes. Derri\u00e8re le <strong>Paris Saint-Germain<\/strong>, un autre club parisien pourrait ainsi viser la Ligue des champions ou la Ligue Europa dans les prochaines ann\u00e9es. Les supporters, prudents mais enthousiastes, r\u00eavent de voir leur club rivaliser avec les grands noms du football europ\u00e9en.<\/p>\n\n\n\n<p>Cependant, ce projet ambitieux ne se fera pas sans obstacles. L&rsquo;\u00e9quipe masculine, actuellement en Ligue 2, devra franchir de nombreuses \u00e9tapes pour se hisser en <strong>Ligue 1<\/strong>. Les fans esp\u00e8rent que le club conservera son identit\u00e9 populaire malgr\u00e9 la mont\u00e9e en puissance attendue. Certains craignent \u00e9galement un changement de nom ou une transformation radicale du club, mais les dirigeants ont rassur\u00e9 en affirmant qu\u2019ils respecteront les traditions du Paris FC.<\/p>\n\n\n<div class=\"wp-block-image\">\n<figure class=\"aligncenter size-full\"><img loading=\"lazy\" decoding=\"async\" width=\"200\" height=\"200\" src=\"https:\/\/www.topicfoot.fr\/wp-content\/uploads\/2024\/04\/logo-paris-fc.png\" alt=\"Paris FC\" class=\"wp-image-7220\" srcset=\"https:\/\/www.topicfoot.fr\/wp-content\/uploads\/2024\/04\/logo-paris-fc.png 200w, https:\/\/www.topicfoot.fr\/wp-content\/uploads\/2024\/04\/logo-paris-fc-150x150.png 150w\" sizes=\"auto, (max-width: 200px) 100vw, 200px\" \/><\/figure>\n<\/div>\n\n\n<h2 class=\"wp-block-heading\"><strong>Des enjeux majeurs pour l\u2019\u00e9quipe f\u00e9minine<\/strong><\/h2>\n\n\n\n<p>L\u2019\u00e9quipe f\u00e9minine du <strong>Paris FC<\/strong> se retrouve \u00e9galement au c\u0153ur de ce projet de rachat. Avec trois qualifications cons\u00e9cutives en Ligue des champions, elle est d\u00e9j\u00e0 bien install\u00e9e parmi les meilleures formations fran\u00e7aises. Toutefois, elle peine encore \u00e0 rivaliser avec des g\u00e9ants comme le PSG et Lyon. L\u2019apport de nouveaux moyens financiers pourrait permettre de franchir un cap important et de concurrencer ces clubs.<\/p>\n\n\n\n<p>Le pr\u00e9sident Pierre Ferracci a soulign\u00e9 que le groupe <strong>LVMH<\/strong>, dont la famille Arnault est propri\u00e9taire, partage les m\u00eames valeurs de mixit\u00e9 que le Paris FC. De son c\u00f4t\u00e9, Red Bull a prouv\u00e9 son int\u00e9r\u00eat pour le football f\u00e9minin \u00e0 travers ses autres clubs, tels que Leipzig et Salzbourg, en renfor\u00e7ant leurs sections f\u00e9minines. Ce soutien accru pourrait ainsi permettre au Paris FC de conserver ses meilleures joueuses et de recruter des talents pour rivaliser avec les meilleures \u00e9quipes europ\u00e9ennes.<\/p>\n\n\n\n<h2 class=\"wp-block-heading\"><strong>Un avenir plein de promesses<\/strong><\/h2>\n\n\n\n<p>Le <strong>rachat du Paris FC<\/strong> par la famille Arnault et Red Bull ouvre une nouvelle page de l\u2019histoire du club. Avec des ambitions \u00e9lev\u00e9es et des ressources financi\u00e8res accrues, le Paris FC pourrait bien devenir un acteur majeur du football fran\u00e7ais dans les ann\u00e9es \u00e0 venir. Les supporters, tout en restant vigilants quant \u00e0 l\u2019identit\u00e9 du club, ne peuvent qu\u2019esp\u00e9rer voir leur \u00e9quipe briller au plus haut niveau, tant chez les hommes que chez les femmes.<\/p>\n\n\n\n<!-- Noptin Newsletter Plugin v4.2.2 - https:\/\/wordpress.org\/plugins\/newsletter-optin-box\/ --><div id=\"noptin-form-2__wrapper\" class=\"noptin-optin-main-wrapper noptin-form-id-9842 noptin-inpost-main-wrapper\" aria-labelledby=\"noptin-form-2__title\" ><style>\/*Custom css*\/\n\n.noptin-form-id-9842 .noptin-optin-form-wrapper .noptin-optin-form.noptin-form-single-line .noptin-form-submit{\n\tborder-radius: 30px;\n}\n\n@media only screen and (min-width: 768px) {\n\n\t.noptin-form-id-9842 .noptin-optin-form-wrapper .noptin-optin-form.noptin-form-single-line .noptin-form-submit{\n\t\tposition: absolute;\n\t\tbottom: -1px;\n\t\ttop: 0;\n\t\tright: 0px;\n\t}\n\n}\n\n.noptin-form-id-9842 .noptin-optin-form-wrapper .noptin-form-single-line .noptin-form-field{\n \tborder-radius: 30px !important;\n\tborder: none !important;\n} #noptin-form-2__wrapper {--noptin-background-color: #424242; --noptin-border-color: #424242; --noptin-button-color: #607D8B; --noptin-button-text-color: #fafafa; --noptin-title-color: #fafafa; --noptin-description-color: #fafafa; --noptin-prefix-color: #607d8b; --noptin-note-color: #fafafa;}<\/style><div style=\"max-width:620px; min-height:280px;border-color: #424242;\" class=\"noptin-optin-form-wrapper no-image\" ><!-- Form ID: 9842 --><form id=\"noptin-form-2\" class=\"noptin-optin-form noptin-form-single-line noptin-label-hide noptin-form-2\" method=\"post\" novalidate >\t\t\t\t\t<div class=\"noptin-form-header noptin-img-left\">\n\t\t\t\t\t\t\t\t\t\t\t\t<div class=\"noptin-form-header-text\">\n\n\t\t\t\t\t\t\t\t\t\t\t\t\t\t\t<div style=\"color: #607d8b;font-size: 20px; font-weight: 500; line-height: 1.3;\" class=\"noptin-form-prefix\">\n\t\t\t\t\t\t\t\t\t\t\t\t\t\t\t\t\t<\/div>\n\t\t\t\t\t\t\t\n\t\t\t\t\t\t\t\t\t\t\t\t\t\t\t<div style=\"color: #fafafa;font-size: 20px; font-weight: 700; line-height: 1.5;\" class=\"noptin-form-heading\">\n\t\t\t\t\t\t\t\t\tAbonnez-vous \u00e0 TopicFoot\t\t\t\t\t\t\t\t<\/div>\n\t\t\t\t\t\t\t\n\t\t\t\t\t\t\t\t\t\t\t\t\t\t\t<div style=\"color: #fafafa;font-size: 16px; font-weight: 500; line-height: 1.5;\" class=\"noptin-form-description\">\n\t\t\t\t\t\t\t\t\tEntrez votre Mail pour recevoir nos derniers articles.\t\t\t\t\t\t\t\t<\/div>\n\t\t\t\t\t\t\t\n\t\t\t\t\t\t<\/div>\n\t\t\t\t\t\t\n\t\t\t\t\t\t\t\t\t\t\t\t\t<div class=\"noptin-form-header-image\">\n\t\t\t\t\t\t\t\t<img decoding=\"async\" alt=\"icon\" src=\"https:\/\/www.topicfoot.fr\/wp-content\/plugins\/newsletter-optin-box\/includes\/assets\/images\/email-icon.png\" \/>\n\t\t\t\t\t\t\t<\/div>\n\t\t\t\t\t\t\n\t\t\t\t\t<\/div>\n\t\t\t\t<div class=\"noptin-form-footer\"><div class=\"noptin-form-fields\">\t\t\t<div class=\"noptin-form-field-wrapper noptin-form-field-email noptin-optin-field-wrapper noptin-optin-field-email\" id=\"noptin-form-2__field-email--wrapper\" >\n\t\t<div class=\"noptin-field-email\">\n\t\t\t<label class=\"noptin-label\" for=\"noptin-form-2__field-email\">Adresse Mail<\/label>\n\t\t\t<input name=\"noptin_fields[email]\" id=\"noptin-form-2__field-email\" type=\"email\" class=\"noptin-text noptin-form-field noptin-form-field__email noptin-form-field__has-no-placeholder\" placeholder=\"Adresse Mail\" required \/>\n\n\t\t<\/div><\/div>\t\t\t<div class=\"noptin-form-field-wrapper noptin-form-field- noptin-optin-field-wrapper noptin-optin-field-\" id=\"noptin-form-2__field---wrapper\" >\n\t\t<\/div>\t\t\t<div class=\"noptin-form-field-wrapper noptin-form-field-submit noptin-optin-field-wrapper noptin-optin-field-submit\" >\n\t\t\n\t\t\t<input type=\"submit\" id=\"noptin-form-2__submit\" class=\"noptin-form-submit btn button btn-primary button-primary wp-element-button\" name=\"noptin-submit\" value=\"Abonnez-vous\" style=\"background-color: #607D8B;color: #fafafa;\"  \/>\n\n\t\t<\/div><\/div>\t\t\t\t\t\t<div class=\"noptin-form-notice noptin-response\" role=\"alert\"><\/div>\n\t\t\t<\/div>\n\t\t\t<input type=\"hidden\" name=\"noptin_element_id\" value=\"2\" \/><input type=\"hidden\" name=\"source\" value=\"9842\" \/><input type=\"hidden\" name=\"form_action\" value=\"subscribe\" \/><input type=\"hidden\" name=\"noptin-config\" value=\"geVp3bmVsS.Bejx5F7hyheCZeasGrk6UoV7mPwUKzeAj_J_jRQjYkLtSn67MwIeo\" \/><input type=\"hidden\" name=\"noptin_form_id\" value=\"9842\" \/><\/form><\/div><!-- \/Form ID: 9842 --><\/div><!-- \/ Noptin Newsletter Plugin -->\n\n\n\n<p>Voir aussi notre article sur :&nbsp;<a href=\"https:\/\/www.topicfoot.fr\/index.php\/2024\/10\/16\/gerard-lopez-parcours-controverse-dans-le-milieu-du-sport\/\">G\u00e9rard Lopez : Parcours controvers\u00e9 dans le milieu du sport<\/a><\/p>\n\n\n\n<figure class=\"wp-block-embed is-type-wp-embed is-provider-topic-foot wp-block-embed-topic-foot\"><div class=\"wp-block-embed__wrapper\">\n<blockquote class=\"wp-embedded-content\" data-secret=\"DZiouuOuwE\"><a href=\"https:\/\/www.topicfoot.fr\/index.php\/2024\/10\/16\/gerard-lopez-parcours-controverse-dans-le-milieu-du-sport\/\">G\u00e9rard Lopez : Parcours controvers\u00e9 dans le milieu du sport<\/a><\/blockquote><iframe loading=\"lazy\" class=\"wp-embedded-content\" sandbox=\"allow-scripts\" security=\"restricted\" style=\"position: absolute; visibility: hidden;\" title=\"\u00ab\u00a0G\u00e9rard Lopez : Parcours controvers\u00e9 dans le milieu du sport\u00a0\u00bb &#8212; Topic Foot\" src=\"https:\/\/www.topicfoot.fr\/index.php\/2024\/10\/16\/gerard-lopez-parcours-controverse-dans-le-milieu-du-sport\/embed\/#?secret=PlUkDmLs1B#?secret=DZiouuOuwE\" data-secret=\"DZiouuOuwE\" width=\"500\" height=\"282\" frameborder=\"0\" marginwidth=\"0\" marginheight=\"0\" scrolling=\"no\"><\/iframe>\n<\/div><\/figure>\n","protected":false},"excerpt":{"rendered":"<div class=\"mh-excerpt\">Le rachat du Paris FC par la famille Arnault, via la holding Agache, marque une nouvelle \u00e8re pour le club parisien. <\/div>\n<p> <a class=\"mh-excerpt-more\" href=\"https:\/\/www.topicfoot.fr\/index.php\/2024\/10\/21\/le-rachat-du-paris-fc-un-tournant-decisif-pour-lavenir-du-club\/\" title=\"Le rachat du Paris FC : un tournant d\u00e9cisif pour l&rsquo;avenir du club\">[&#8230;]<\/a><\/p>\n","protected":false},"author":1,"featured_media":10577,"comment_status":"closed","ping_status":"open","sticky":false,"template":"","format":"standard","meta":{"footnotes":""},"categories":[78,28,75,31],"tags":[],"post_folder":[],"class_list":{"0":"post-10576","1":"post","2":"type-post","3":"status-publish","4":"format-standard","5":"has-post-thumbnail","7":"category-club","8":"category-foot-business","9":"category-football-feminin","10":"category-toutes-les-categories"},"yoast_head":"<!-- This site is optimized with the Yoast SEO plugin v27.4 - https:\/\/yoast.com\/product\/yoast-seo-wordpress\/ -->\n<title>Le rachat du Paris FC : un tournant d\u00e9cisif pour l&#039;avenir du club<\/title>\n<meta name=\"description\" content=\"Le rachat du Paris FC par la famille Arnault, via la holding Agache, marque une nouvelle \u00e8re pour le club parisien.\" \/>\n<meta name=\"robots\" content=\"index, follow, max-snippet:-1, max-image-preview:large, max-video-preview:-1\" \/>\n<link rel=\"canonical\" href=\"https:\/\/www.topicfoot.fr\/index.php\/2024\/10\/21\/le-rachat-du-paris-fc-un-tournant-decisif-pour-lavenir-du-club\/\" \/>\n<meta property=\"og:locale\" content=\"fr_FR\" \/>\n<meta property=\"og:type\" content=\"article\" \/>\n<meta property=\"og:title\" content=\"Le rachat du Paris FC : un tournant d\u00e9cisif pour l&#039;avenir du club\" \/>\n<meta property=\"og:description\" content=\"Le rachat du Paris FC par la famille Arnault, via la holding Agache, marque une nouvelle \u00e8re pour le club parisien.\" \/>\n<meta property=\"og:url\" content=\"https:\/\/www.topicfoot.fr\/index.php\/2024\/10\/21\/le-rachat-du-paris-fc-un-tournant-decisif-pour-lavenir-du-club\/\" \/>\n<meta property=\"og:site_name\" content=\"Topic Foot\" \/>\n<meta property=\"article:publisher\" content=\"https:\/\/www.facebook.com\/topicfoot.fr\" \/>\n<meta property=\"article:published_time\" content=\"2024-10-21T14:18:53+00:00\" \/>\n<meta property=\"article:modified_time\" content=\"2024-10-28T22:14:01+00:00\" \/>\n<meta property=\"og:image\" content=\"https:\/\/www.topicfoot.fr\/wp-content\/uploads\/2024\/10\/rachat-paris-fc-jpg.webp\" \/>\n\t<meta property=\"og:image:width\" content=\"1024\" \/>\n\t<meta property=\"og:image:height\" content=\"576\" \/>\n\t<meta property=\"og:image:type\" content=\"image\/jpeg\" \/>\n<meta name=\"author\" content=\"Florent G\" \/>\n<meta name=\"twitter:card\" content=\"summary_large_image\" \/>\n<meta name=\"twitter:label1\" content=\"\u00c9crit par\" \/>\n\t<meta name=\"twitter:data1\" content=\"Florent G\" \/>\n\t<meta name=\"twitter:label2\" content=\"Dur\u00e9e de lecture estim\u00e9e\" \/>\n\t<meta name=\"twitter:data2\" content=\"5 minutes\" \/>\n<script type=\"application\/ld+json\" class=\"yoast-schema-graph\">{\"@context\":\"https:\\\/\\\/schema.org\",\"@graph\":[{\"@type\":\"Article\",\"@id\":\"https:\\\/\\\/www.topicfoot.fr\\\/index.php\\\/2024\\\/10\\\/21\\\/le-rachat-du-paris-fc-un-tournant-decisif-pour-lavenir-du-club\\\/#article\",\"isPartOf\":{\"@id\":\"https:\\\/\\\/www.topicfoot.fr\\\/index.php\\\/2024\\\/10\\\/21\\\/le-rachat-du-paris-fc-un-tournant-decisif-pour-lavenir-du-club\\\/\"},\"author\":{\"name\":\"Florent G\",\"@id\":\"https:\\\/\\\/www.topicfoot.fr\\\/#\\\/schema\\\/person\\\/e11785565f6247f9acd9d5b796ec4d62\"},\"headline\":\"Le rachat du Paris FC : un tournant d\u00e9cisif pour l&rsquo;avenir du club\",\"datePublished\":\"2024-10-21T14:18:53+00:00\",\"dateModified\":\"2024-10-28T22:14:01+00:00\",\"mainEntityOfPage\":{\"@id\":\"https:\\\/\\\/www.topicfoot.fr\\\/index.php\\\/2024\\\/10\\\/21\\\/le-rachat-du-paris-fc-un-tournant-decisif-pour-lavenir-du-club\\\/\"},\"wordCount\":806,\"publisher\":{\"@id\":\"https:\\\/\\\/www.topicfoot.fr\\\/#organization\"},\"image\":{\"@id\":\"https:\\\/\\\/www.topicfoot.fr\\\/index.php\\\/2024\\\/10\\\/21\\\/le-rachat-du-paris-fc-un-tournant-decisif-pour-lavenir-du-club\\\/#primaryimage\"},\"thumbnailUrl\":\"https:\\\/\\\/www.topicfoot.fr\\\/wp-content\\\/uploads\\\/2024\\\/10\\\/rachat-paris-fc-jpg.webp\",\"articleSection\":[\"Finances des clubs de football\",\"Foot Business\",\"Football f\u00e9minin : budgets, salaires et croissance \u00e9conomique\",\"Toutes les cat\u00e9gories\"],\"inLanguage\":\"fr-FR\"},{\"@type\":\"WebPage\",\"@id\":\"https:\\\/\\\/www.topicfoot.fr\\\/index.php\\\/2024\\\/10\\\/21\\\/le-rachat-du-paris-fc-un-tournant-decisif-pour-lavenir-du-club\\\/\",\"url\":\"https:\\\/\\\/www.topicfoot.fr\\\/index.php\\\/2024\\\/10\\\/21\\\/le-rachat-du-paris-fc-un-tournant-decisif-pour-lavenir-du-club\\\/\",\"name\":\"Le rachat du Paris FC : un tournant d\u00e9cisif pour l'avenir du club\",\"isPartOf\":{\"@id\":\"https:\\\/\\\/www.topicfoot.fr\\\/#website\"},\"primaryImageOfPage\":{\"@id\":\"https:\\\/\\\/www.topicfoot.fr\\\/index.php\\\/2024\\\/10\\\/21\\\/le-rachat-du-paris-fc-un-tournant-decisif-pour-lavenir-du-club\\\/#primaryimage\"},\"image\":{\"@id\":\"https:\\\/\\\/www.topicfoot.fr\\\/index.php\\\/2024\\\/10\\\/21\\\/le-rachat-du-paris-fc-un-tournant-decisif-pour-lavenir-du-club\\\/#primaryimage\"},\"thumbnailUrl\":\"https:\\\/\\\/www.topicfoot.fr\\\/wp-content\\\/uploads\\\/2024\\\/10\\\/rachat-paris-fc-jpg.webp\",\"datePublished\":\"2024-10-21T14:18:53+00:00\",\"dateModified\":\"2024-10-28T22:14:01+00:00\",\"description\":\"Le rachat du Paris FC par la famille Arnault, via la holding Agache, marque une nouvelle \u00e8re pour le club parisien.\",\"breadcrumb\":{\"@id\":\"https:\\\/\\\/www.topicfoot.fr\\\/index.php\\\/2024\\\/10\\\/21\\\/le-rachat-du-paris-fc-un-tournant-decisif-pour-lavenir-du-club\\\/#breadcrumb\"},\"inLanguage\":\"fr-FR\",\"potentialAction\":[{\"@type\":\"ReadAction\",\"target\":[\"https:\\\/\\\/www.topicfoot.fr\\\/index.php\\\/2024\\\/10\\\/21\\\/le-rachat-du-paris-fc-un-tournant-decisif-pour-lavenir-du-club\\\/\"]}]},{\"@type\":\"ImageObject\",\"inLanguage\":\"fr-FR\",\"@id\":\"https:\\\/\\\/www.topicfoot.fr\\\/index.php\\\/2024\\\/10\\\/21\\\/le-rachat-du-paris-fc-un-tournant-decisif-pour-lavenir-du-club\\\/#primaryimage\",\"url\":\"https:\\\/\\\/www.topicfoot.fr\\\/wp-content\\\/uploads\\\/2024\\\/10\\\/rachat-paris-fc-jpg.webp\",\"contentUrl\":\"https:\\\/\\\/www.topicfoot.fr\\\/wp-content\\\/uploads\\\/2024\\\/10\\\/rachat-paris-fc-jpg.webp\",\"width\":1024,\"height\":576},{\"@type\":\"BreadcrumbList\",\"@id\":\"https:\\\/\\\/www.topicfoot.fr\\\/index.php\\\/2024\\\/10\\\/21\\\/le-rachat-du-paris-fc-un-tournant-decisif-pour-lavenir-du-club\\\/#breadcrumb\",\"itemListElement\":[{\"@type\":\"ListItem\",\"position\":1,\"name\":\"Accueil\",\"item\":\"https:\\\/\\\/www.topicfoot.fr\\\/\"},{\"@type\":\"ListItem\",\"position\":2,\"name\":\"Le rachat du Paris FC : un tournant d\u00e9cisif pour l&#8217;avenir du club\"}]},{\"@type\":\"WebSite\",\"@id\":\"https:\\\/\\\/www.topicfoot.fr\\\/#website\",\"url\":\"https:\\\/\\\/www.topicfoot.fr\\\/\",\"name\":\"Topic Foot\",\"description\":\"Tous l&#039;univers du Foot !\",\"publisher\":{\"@id\":\"https:\\\/\\\/www.topicfoot.fr\\\/#organization\"},\"potentialAction\":[{\"@type\":\"SearchAction\",\"target\":{\"@type\":\"EntryPoint\",\"urlTemplate\":\"https:\\\/\\\/www.topicfoot.fr\\\/?s={search_term_string}\"},\"query-input\":{\"@type\":\"PropertyValueSpecification\",\"valueRequired\":true,\"valueName\":\"search_term_string\"}}],\"inLanguage\":\"fr-FR\"},{\"@type\":\"Organization\",\"@id\":\"https:\\\/\\\/www.topicfoot.fr\\\/#organization\",\"name\":\"Topic Foot\",\"url\":\"https:\\\/\\\/www.topicfoot.fr\\\/\",\"logo\":{\"@type\":\"ImageObject\",\"inLanguage\":\"fr-FR\",\"@id\":\"https:\\\/\\\/www.topicfoot.fr\\\/#\\\/schema\\\/logo\\\/image\\\/\",\"url\":\"https:\\\/\\\/www.topicfoot.fr\\\/wp-content\\\/uploads\\\/2024\\\/04\\\/cropped-logo-topicfoot-new.jpg\",\"contentUrl\":\"https:\\\/\\\/www.topicfoot.fr\\\/wp-content\\\/uploads\\\/2024\\\/04\\\/cropped-logo-topicfoot-new.jpg\",\"width\":512,\"height\":512,\"caption\":\"Topic Foot\"},\"image\":{\"@id\":\"https:\\\/\\\/www.topicfoot.fr\\\/#\\\/schema\\\/logo\\\/image\\\/\"},\"sameAs\":[\"https:\\\/\\\/www.facebook.com\\\/topicfoot.fr\"]},{\"@type\":\"Person\",\"@id\":\"https:\\\/\\\/www.topicfoot.fr\\\/#\\\/schema\\\/person\\\/e11785565f6247f9acd9d5b796ec4d62\",\"name\":\"Florent G\",\"image\":{\"@type\":\"ImageObject\",\"inLanguage\":\"fr-FR\",\"@id\":\"https:\\\/\\\/secure.gravatar.com\\\/avatar\\\/1bb7e359942e0285fca3d40822ea6bdc74a98b7975407bfdf34b5a511f2155da?s=96&d=mm&r=g\",\"url\":\"https:\\\/\\\/secure.gravatar.com\\\/avatar\\\/1bb7e359942e0285fca3d40822ea6bdc74a98b7975407bfdf34b5a511f2155da?s=96&d=mm&r=g\",\"contentUrl\":\"https:\\\/\\\/secure.gravatar.com\\\/avatar\\\/1bb7e359942e0285fca3d40822ea6bdc74a98b7975407bfdf34b5a511f2155da?s=96&d=mm&r=g\",\"caption\":\"Florent G\"},\"description\":\"Je m'appelle Florent et je suis le cr\u00e9ateur de Topicfoot, un projet n\u00e9 de ma conviction que le football m\u00e9rite une couverture m\u00e9diatique de qualit\u00e9, ancr\u00e9e dans les faits et enrichie par l'analyse. Passionn\u00e9 de journalisme, j'ai toujours \u00e9t\u00e9 fascin\u00e9 par le sport comme r\u00e9v\u00e9lateur de soci\u00e9t\u00e9s. Mais c'est surtout l'explosion des donn\u00e9es et des nouvelles technologies dans le football qui m'a pouss\u00e9 \u00e0 lancer Topicfoot : statistiques avanc\u00e9es, mod\u00e8les pr\u00e9dictifs, analyse vid\u00e9o intelligente, impact des r\u00e9seaux sociaux sur les carri\u00e8res des joueurs. J'adore creuser ces th\u00e9matiques o\u00f9 les chiffres racontent une histoire que les yeux seuls ne voient pas. Au-del\u00e0 de la r\u00e9daction, je suis responsable de la ligne \u00e9ditoriale de Topicfoot et de sa strat\u00e9gie num\u00e9rique. Je crois que le journalisme sportif doit allier rigueur journalistique et innovation technologique pour offrir aux lecteurs une exp\u00e9rience moderne et approfondie. Nous couvrons les grands \u00e9v\u00e9nements du football europ\u00e9en et nous explorons comment les clubs utilisent les donn\u00e9es pour transformer leur organisation. Pour moi, Topicfoot, c'est la promesse d'un football mieux compris.\",\"sameAs\":[\"https:\\\/\\\/www.topicfoot.fr\"],\"url\":\"https:\\\/\\\/www.topicfoot.fr\\\/index.php\\\/author\\\/vitrindunet\\\/\"}]}<\/script>\n<!-- \/ Yoast SEO plugin. -->","yoast_head_json":{"title":"Le rachat du Paris FC : un tournant d\u00e9cisif pour l'avenir du club","description":"Le rachat du Paris FC par la famille Arnault, via la holding Agache, marque une nouvelle \u00e8re pour le club parisien.","robots":{"index":"index","follow":"follow","max-snippet":"max-snippet:-1","max-image-preview":"max-image-preview:large","max-video-preview":"max-video-preview:-1"},"canonical":"https:\/\/www.topicfoot.fr\/index.php\/2024\/10\/21\/le-rachat-du-paris-fc-un-tournant-decisif-pour-lavenir-du-club\/","og_locale":"fr_FR","og_type":"article","og_title":"Le rachat du Paris FC : un tournant d\u00e9cisif pour l'avenir du club","og_description":"Le rachat du Paris FC par la famille Arnault, via la holding Agache, marque une nouvelle \u00e8re pour le club parisien.","og_url":"https:\/\/www.topicfoot.fr\/index.php\/2024\/10\/21\/le-rachat-du-paris-fc-un-tournant-decisif-pour-lavenir-du-club\/","og_site_name":"Topic Foot","article_publisher":"https:\/\/www.facebook.com\/topicfoot.fr","article_published_time":"2024-10-21T14:18:53+00:00","article_modified_time":"2024-10-28T22:14:01+00:00","og_image":[{"width":1024,"height":576,"url":"https:\/\/www.topicfoot.fr\/wp-content\/uploads\/2024\/10\/rachat-paris-fc-jpg.webp","type":"image\/jpeg"}],"author":"Florent G","twitter_card":"summary_large_image","twitter_misc":{"\u00c9crit par":"Florent G","Dur\u00e9e de lecture estim\u00e9e":"5 minutes"},"schema":{"@context":"https:\/\/schema.org","@graph":[{"@type":"Article","@id":"https:\/\/www.topicfoot.fr\/index.php\/2024\/10\/21\/le-rachat-du-paris-fc-un-tournant-decisif-pour-lavenir-du-club\/#article","isPartOf":{"@id":"https:\/\/www.topicfoot.fr\/index.php\/2024\/10\/21\/le-rachat-du-paris-fc-un-tournant-decisif-pour-lavenir-du-club\/"},"author":{"name":"Florent G","@id":"https:\/\/www.topicfoot.fr\/#\/schema\/person\/e11785565f6247f9acd9d5b796ec4d62"},"headline":"Le rachat du Paris FC : un tournant d\u00e9cisif pour l&rsquo;avenir du club","datePublished":"2024-10-21T14:18:53+00:00","dateModified":"2024-10-28T22:14:01+00:00","mainEntityOfPage":{"@id":"https:\/\/www.topicfoot.fr\/index.php\/2024\/10\/21\/le-rachat-du-paris-fc-un-tournant-decisif-pour-lavenir-du-club\/"},"wordCount":806,"publisher":{"@id":"https:\/\/www.topicfoot.fr\/#organization"},"image":{"@id":"https:\/\/www.topicfoot.fr\/index.php\/2024\/10\/21\/le-rachat-du-paris-fc-un-tournant-decisif-pour-lavenir-du-club\/#primaryimage"},"thumbnailUrl":"https:\/\/www.topicfoot.fr\/wp-content\/uploads\/2024\/10\/rachat-paris-fc-jpg.webp","articleSection":["Finances des clubs de football","Foot Business","Football f\u00e9minin : budgets, salaires et croissance \u00e9conomique","Toutes les cat\u00e9gories"],"inLanguage":"fr-FR"},{"@type":"WebPage","@id":"https:\/\/www.topicfoot.fr\/index.php\/2024\/10\/21\/le-rachat-du-paris-fc-un-tournant-decisif-pour-lavenir-du-club\/","url":"https:\/\/www.topicfoot.fr\/index.php\/2024\/10\/21\/le-rachat-du-paris-fc-un-tournant-decisif-pour-lavenir-du-club\/","name":"Le rachat du Paris FC : un tournant d\u00e9cisif pour l'avenir du club","isPartOf":{"@id":"https:\/\/www.topicfoot.fr\/#website"},"primaryImageOfPage":{"@id":"https:\/\/www.topicfoot.fr\/index.php\/2024\/10\/21\/le-rachat-du-paris-fc-un-tournant-decisif-pour-lavenir-du-club\/#primaryimage"},"image":{"@id":"https:\/\/www.topicfoot.fr\/index.php\/2024\/10\/21\/le-rachat-du-paris-fc-un-tournant-decisif-pour-lavenir-du-club\/#primaryimage"},"thumbnailUrl":"https:\/\/www.topicfoot.fr\/wp-content\/uploads\/2024\/10\/rachat-paris-fc-jpg.webp","datePublished":"2024-10-21T14:18:53+00:00","dateModified":"2024-10-28T22:14:01+00:00","description":"Le rachat du Paris FC par la famille Arnault, via la holding Agache, marque une nouvelle \u00e8re pour le club parisien.","breadcrumb":{"@id":"https:\/\/www.topicfoot.fr\/index.php\/2024\/10\/21\/le-rachat-du-paris-fc-un-tournant-decisif-pour-lavenir-du-club\/#breadcrumb"},"inLanguage":"fr-FR","potentialAction":[{"@type":"ReadAction","target":["https:\/\/www.topicfoot.fr\/index.php\/2024\/10\/21\/le-rachat-du-paris-fc-un-tournant-decisif-pour-lavenir-du-club\/"]}]},{"@type":"ImageObject","inLanguage":"fr-FR","@id":"https:\/\/www.topicfoot.fr\/index.php\/2024\/10\/21\/le-rachat-du-paris-fc-un-tournant-decisif-pour-lavenir-du-club\/#primaryimage","url":"https:\/\/www.topicfoot.fr\/wp-content\/uploads\/2024\/10\/rachat-paris-fc-jpg.webp","contentUrl":"https:\/\/www.topicfoot.fr\/wp-content\/uploads\/2024\/10\/rachat-paris-fc-jpg.webp","width":1024,"height":576},{"@type":"BreadcrumbList","@id":"https:\/\/www.topicfoot.fr\/index.php\/2024\/10\/21\/le-rachat-du-paris-fc-un-tournant-decisif-pour-lavenir-du-club\/#breadcrumb","itemListElement":[{"@type":"ListItem","position":1,"name":"Accueil","item":"https:\/\/www.topicfoot.fr\/"},{"@type":"ListItem","position":2,"name":"Le rachat du Paris FC : un tournant d\u00e9cisif pour l&#8217;avenir du club"}]},{"@type":"WebSite","@id":"https:\/\/www.topicfoot.fr\/#website","url":"https:\/\/www.topicfoot.fr\/","name":"Topic Foot","description":"Tous l&#039;univers du Foot !","publisher":{"@id":"https:\/\/www.topicfoot.fr\/#organization"},"potentialAction":[{"@type":"SearchAction","target":{"@type":"EntryPoint","urlTemplate":"https:\/\/www.topicfoot.fr\/?s={search_term_string}"},"query-input":{"@type":"PropertyValueSpecification","valueRequired":true,"valueName":"search_term_string"}}],"inLanguage":"fr-FR"},{"@type":"Organization","@id":"https:\/\/www.topicfoot.fr\/#organization","name":"Topic Foot","url":"https:\/\/www.topicfoot.fr\/","logo":{"@type":"ImageObject","inLanguage":"fr-FR","@id":"https:\/\/www.topicfoot.fr\/#\/schema\/logo\/image\/","url":"https:\/\/www.topicfoot.fr\/wp-content\/uploads\/2024\/04\/cropped-logo-topicfoot-new.jpg","contentUrl":"https:\/\/www.topicfoot.fr\/wp-content\/uploads\/2024\/04\/cropped-logo-topicfoot-new.jpg","width":512,"height":512,"caption":"Topic Foot"},"image":{"@id":"https:\/\/www.topicfoot.fr\/#\/schema\/logo\/image\/"},"sameAs":["https:\/\/www.facebook.com\/topicfoot.fr"]},{"@type":"Person","@id":"https:\/\/www.topicfoot.fr\/#\/schema\/person\/e11785565f6247f9acd9d5b796ec4d62","name":"Florent G","image":{"@type":"ImageObject","inLanguage":"fr-FR","@id":"https:\/\/secure.gravatar.com\/avatar\/1bb7e359942e0285fca3d40822ea6bdc74a98b7975407bfdf34b5a511f2155da?s=96&d=mm&r=g","url":"https:\/\/secure.gravatar.com\/avatar\/1bb7e359942e0285fca3d40822ea6bdc74a98b7975407bfdf34b5a511f2155da?s=96&d=mm&r=g","contentUrl":"https:\/\/secure.gravatar.com\/avatar\/1bb7e359942e0285fca3d40822ea6bdc74a98b7975407bfdf34b5a511f2155da?s=96&d=mm&r=g","caption":"Florent G"},"description":"Je m'appelle Florent et je suis le cr\u00e9ateur de Topicfoot, un projet n\u00e9 de ma conviction que le football m\u00e9rite une couverture m\u00e9diatique de qualit\u00e9, ancr\u00e9e dans les faits et enrichie par l'analyse. Passionn\u00e9 de journalisme, j'ai toujours \u00e9t\u00e9 fascin\u00e9 par le sport comme r\u00e9v\u00e9lateur de soci\u00e9t\u00e9s. Mais c'est surtout l'explosion des donn\u00e9es et des nouvelles technologies dans le football qui m'a pouss\u00e9 \u00e0 lancer Topicfoot : statistiques avanc\u00e9es, mod\u00e8les pr\u00e9dictifs, analyse vid\u00e9o intelligente, impact des r\u00e9seaux sociaux sur les carri\u00e8res des joueurs. J'adore creuser ces th\u00e9matiques o\u00f9 les chiffres racontent une histoire que les yeux seuls ne voient pas. Au-del\u00e0 de la r\u00e9daction, je suis responsable de la ligne \u00e9ditoriale de Topicfoot et de sa strat\u00e9gie num\u00e9rique. Je crois que le journalisme sportif doit allier rigueur journalistique et innovation technologique pour offrir aux lecteurs une exp\u00e9rience moderne et approfondie. Nous couvrons les grands \u00e9v\u00e9nements du football europ\u00e9en et nous explorons comment les clubs utilisent les donn\u00e9es pour transformer leur organisation. Pour moi, Topicfoot, c'est la promesse d'un football mieux compris.","sameAs":["https:\/\/www.topicfoot.fr"],"url":"https:\/\/www.topicfoot.fr\/index.php\/author\/vitrindunet\/"}]}},"_links":{"self":[{"href":"https:\/\/www.topicfoot.fr\/index.php\/wp-json\/wp\/v2\/posts\/10576","targetHints":{"allow":["GET"]}}],"collection":[{"href":"https:\/\/www.topicfoot.fr\/index.php\/wp-json\/wp\/v2\/posts"}],"about":[{"href":"https:\/\/www.topicfoot.fr\/index.php\/wp-json\/wp\/v2\/types\/post"}],"author":[{"embeddable":true,"href":"https:\/\/www.topicfoot.fr\/index.php\/wp-json\/wp\/v2\/users\/1"}],"replies":[{"embeddable":true,"href":"https:\/\/www.topicfoot.fr\/index.php\/wp-json\/wp\/v2\/comments?post=10576"}],"version-history":[{"count":0,"href":"https:\/\/www.topicfoot.fr\/index.php\/wp-json\/wp\/v2\/posts\/10576\/revisions"}],"wp:featuredmedia":[{"embeddable":true,"href":"https:\/\/www.topicfoot.fr\/index.php\/wp-json\/wp\/v2\/media\/10577"}],"wp:attachment":[{"href":"https:\/\/www.topicfoot.fr\/index.php\/wp-json\/wp\/v2\/media?parent=10576"}],"wp:term":[{"taxonomy":"category","embeddable":true,"href":"https:\/\/www.topicfoot.fr\/index.php\/wp-json\/wp\/v2\/categories?post=10576"},{"taxonomy":"post_tag","embeddable":true,"href":"https:\/\/www.topicfoot.fr\/index.php\/wp-json\/wp\/v2\/tags?post=10576"},{"taxonomy":"post_folder","embeddable":true,"href":"https:\/\/www.topicfoot.fr\/index.php\/wp-json\/wp\/v2\/post_folder?post=10576"}],"curies":[{"name":"wp","href":"https:\/\/api.w.org\/{rel}","templated":true}]}}