{"id":11322,"date":"2024-11-24T22:10:34","date_gmt":"2024-11-24T21:10:34","guid":{"rendered":"https:\/\/www.topicfoot.fr\/?p=11322"},"modified":"2024-11-24T22:10:41","modified_gmt":"2024-11-24T21:10:41","slug":"maillot-lens-ligue-des-champions-le-maillot-de-la-renaissance","status":"publish","type":"post","link":"https:\/\/www.topicfoot.fr\/index.php\/2024\/11\/24\/maillot-lens-ligue-des-champions-le-maillot-de-la-renaissance\/","title":{"rendered":"Maillot Lens Ligue des Champions\u200b : Le maillot de la renaissance"},"content":{"rendered":"<span class=\"span-reading-time rt-reading-time\" style=\"display: block;\"><span class=\"rt-label rt-prefix\">Temps de lecture\u00a0:  <\/span> <span class=\"rt-time\"> 2<\/span> <span class=\"rt-label rt-postfix\">minutes.  <\/span><\/span>\n<h2 class=\"wp-block-heading\">Retour triomphal en Ligue des Champions<\/h2>\n\n\n\n<p><strong>Maillot Lens Ligue des Champions\u200b. <\/strong>Le <a href=\"https:\/\/www.topicfoot.fr\/index.php\/rc-lens\/\">Racing Club de Lens<\/a> a sign\u00e9 un retour remarqu\u00e9 en Ligue des Champions 2023-2024, 21 ans apr\u00e8s sa derni\u00e8re participation. Vers\u00e9 dans un groupe relev\u00e9, comprenant Arsenal, le PSV Eindhoven et le S\u00e9ville FC, le club art\u00e9sien s\u2019est impos\u00e9 comme un outsider redoutable. Malgr\u00e9 une entame de comp\u00e9tition difficile, Lens a \u00e9lectris\u00e9 son stade de Bollaert-Delelis en battant Arsenal 2-1, dans un match m\u00e9morable le 3 octobre 2023. Men\u00e9s au score, les Sang et Or ont renvers\u00e9 les Gunners gr\u00e2ce \u00e0 Elye Wahi, offrant une soir\u00e9e l\u00e9gendaire \u00e0 leurs supporters.<\/p>\n\n\n<div class=\"wp-block-image\">\n<figure class=\"aligncenter size-full is-resized\"><img loading=\"lazy\" decoding=\"async\" width=\"1024\" height=\"576\" src=\"https:\/\/www.topicfoot.fr\/wp-content\/uploads\/2024\/03\/uefa-ligue-des-champions-logo.jpg\" alt=\"Maillot Lens Ligue des Champions\u200b\" class=\"wp-image-6815\" style=\"width:350px;height:auto\" srcset=\"https:\/\/www.topicfoot.fr\/wp-content\/uploads\/2024\/03\/uefa-ligue-des-champions-logo.jpg 1024w, https:\/\/www.topicfoot.fr\/wp-content\/uploads\/2024\/03\/uefa-ligue-des-champions-logo-300x169.jpg 300w, https:\/\/www.topicfoot.fr\/wp-content\/uploads\/2024\/03\/uefa-ligue-des-champions-logo-768x432.jpg 768w, https:\/\/www.topicfoot.fr\/wp-content\/uploads\/2024\/03\/uefa-ligue-des-champions-logo-678x381.jpg 678w\" sizes=\"auto, (max-width: 1024px) 100vw, 1024px\" \/><\/figure>\n<\/div>\n\n\n<p>Apr\u00e8s un nul \u00e0 S\u00e9ville (1-1) et une victoire arrach\u00e9e contre ce m\u00eame club espagnol lors de la derni\u00e8re journ\u00e9e (2-1), Lens a termin\u00e9 troisi\u00e8me de son groupe. Cette place, synonyme de qualification pour la Ligue Europa, prolongeait le r\u00eave europ\u00e9en. Malheureusement, le parcours s&rsquo;est arr\u00eat\u00e9 en barrages face au SC Fribourg. Malgr\u00e9 cette \u00e9limination, les performances des hommes de Franck Haise ont marqu\u00e9 les esprits, ravivant la flamme d\u2019un public passionn\u00e9.<\/p>\n\n\n\n<h2 class=\"wp-block-heading\">Maillot Lens Ligue des Champions\u200b : Le maillot du grand retour<\/h2>\n\n\n\n<p>Pour c\u00e9l\u00e9brer ce retour en C1, le <a href=\"https:\/\/www.rclens.fr\/fr\" target=\"_blank\" rel=\"noreferrer noopener\">RC Lens<\/a> a d\u00e9voil\u00e9 un maillot exceptionnel, symbole d\u2019une nouvelle \u00e8re. Ce maillot sp\u00e9cial Ligue des Champions 2023-2024 a \u00e9t\u00e9 r\u00e9v\u00e9l\u00e9 lors d\u2019une campagne m\u00ealant nostalgie et modernit\u00e9. L\u2019\u00e9quipementier Puma, en partenariat avec le club, a orchestr\u00e9 une pr\u00e9sentation m\u00e9morable r\u00e9unissant les g\u00e9n\u00e9rations 2002 et 2023. Des figures embl\u00e9matiques comme John Utaka ont pos\u00e9 aux c\u00f4t\u00e9s des cadres actuels, soulignant la continuit\u00e9 de l\u2019histoire lensoise.<\/p>\n\n\n<div class=\"wp-block-image\">\n<figure class=\"aligncenter size-large is-resized\"><img loading=\"lazy\" decoding=\"async\" width=\"1024\" height=\"1024\" src=\"https:\/\/www.topicfoot.fr\/wp-content\/uploads\/2024\/11\/maillot-equipe-lens-ligue-des-champions-2023-2024-face-1024x1024.webp\" alt=\"Maillot Lens Ligue des Champions\u200b : Le maillot de la renaissance\" class=\"wp-image-11323\" style=\"width:459px;height:auto\" srcset=\"https:\/\/www.topicfoot.fr\/wp-content\/uploads\/2024\/11\/maillot-equipe-lens-ligue-des-champions-2023-2024-face-1024x1024.webp 1024w, https:\/\/www.topicfoot.fr\/wp-content\/uploads\/2024\/11\/maillot-equipe-lens-ligue-des-champions-2023-2024-face-300x300.webp 300w, https:\/\/www.topicfoot.fr\/wp-content\/uploads\/2024\/11\/maillot-equipe-lens-ligue-des-champions-2023-2024-face-150x150.webp 150w, https:\/\/www.topicfoot.fr\/wp-content\/uploads\/2024\/11\/maillot-equipe-lens-ligue-des-champions-2023-2024-face-768x768.webp 768w, https:\/\/www.topicfoot.fr\/wp-content\/uploads\/2024\/11\/maillot-equipe-lens-ligue-des-champions-2023-2024-face-1536x1536.webp 1536w, https:\/\/www.topicfoot.fr\/wp-content\/uploads\/2024\/11\/maillot-equipe-lens-ligue-des-champions-2023-2024-face-png.webp 2000w\" sizes=\"auto, (max-width: 1024px) 100vw, 1024px\" \/><\/figure>\n<\/div>\n\n\n<p>Con\u00e7u pour briller sur la sc\u00e8ne europ\u00e9enne, ce maillot s\u2019inspire des couleurs traditionnelles du club tout en apportant une touche de prestige. Une dominante dor\u00e9e, symbole de succ\u00e8s, s\u2019entrelace avec le rouge historique au niveau du col et de l\u2019ourlet. Le design allie \u00e9l\u00e9gance et modernit\u00e9, s\u00e9duisant aussi bien les nostalgiques que les jeunes fans.<\/p>\n\n\n\n<h2 class=\"wp-block-heading\">L\u2019expertise de Puma au service du Racing<\/h2>\n\n\n\n<p>Depuis trois ans, Puma \u00e9quipe le RC Lens et s\u2019efforce de capturer l\u2019essence du club dans ses cr\u00e9ations. Ce maillot 2023-2024 ne fait pas exception. Fabriqu\u00e9 en polyester recycl\u00e9, il int\u00e8gre la technologie dryCELL, qui assure une r\u00e9gulation optimale de la temp\u00e9rature corporelle. La structure en mesh garantit un confort et une respirabilit\u00e9 adapt\u00e9s aux exigences des comp\u00e9titions europ\u00e9ennes.<\/p>\n\n\n\n<p>Cette collaboration entre Lens et Puma met en lumi\u00e8re un engagement commun : repr\u00e9senter fi\u00e8rement les valeurs locales sur la sc\u00e8ne internationale. Les d\u00e9tails du maillot t\u00e9moignent de cet attachement.<\/p>\n\n\n<div class=\"wp-block-image\">\n<figure class=\"aligncenter size-full is-resized\"><img loading=\"lazy\" decoding=\"async\" width=\"800\" height=\"800\" src=\"https:\/\/www.topicfoot.fr\/wp-content\/uploads\/2024\/11\/maillot-equipe-lens-ligue-des-champions-2023-2024-dos-png.webp\" alt=\"Maillot Lens Ligue des Champions\u200b \" class=\"wp-image-11324\" style=\"width:383px;height:auto\" srcset=\"https:\/\/www.topicfoot.fr\/wp-content\/uploads\/2024\/11\/maillot-equipe-lens-ligue-des-champions-2023-2024-dos-png.webp 800w, https:\/\/www.topicfoot.fr\/wp-content\/uploads\/2024\/11\/maillot-equipe-lens-ligue-des-champions-2023-2024-dos-300x300.webp 300w, https:\/\/www.topicfoot.fr\/wp-content\/uploads\/2024\/11\/maillot-equipe-lens-ligue-des-champions-2023-2024-dos-150x150.webp 150w, https:\/\/www.topicfoot.fr\/wp-content\/uploads\/2024\/11\/maillot-equipe-lens-ligue-des-champions-2023-2024-dos-768x768.webp 768w\" sizes=\"auto, (max-width: 800px) 100vw, 800px\" \/><\/figure>\n<\/div>\n\n\n<h2 class=\"wp-block-heading\">Un h\u00e9ritage qui perdure<\/h2>\n\n\n\n<p>Le <strong>maillot Ligue des Champions du RC Lens<\/strong> pour la saison 2023-2024 est plus qu\u2019une tenue de sport.  Il symbolise le retour du club au plus haut niveau europ\u00e9en. Sa conception par Puma refl\u00e8te \u00e0 la fois l\u2019histoire riche du Racing et sa volont\u00e9 de marquer l\u2019avenir. Sur le terrain comme en tribunes, ce maillot dor\u00e9 brille par son design audacieux et son h\u00e9ritage.<\/p>\n\n\n\n<p>Ce retour en C1 restera grav\u00e9 dans les m\u00e9moires. Lens, port\u00e9 par ses exploits et ses valeurs, confirme qu\u2019il a toute sa place parmi l\u2019\u00e9lite. Le maillot lens Ligue des Champions incarne ce m\u00e9lange de passion et de d\u00e9termination qui fait vibrer Bollaert depuis des d\u00e9cennies. Un v\u00eatement qui, \u00e0 chaque apparition, raconte une histoire de r\u00e9silience et de succ\u00e8s.<\/p>\n\n\n\n<!-- Noptin Newsletter Plugin v4.2.2 - https:\/\/wordpress.org\/plugins\/newsletter-optin-box\/ --><div id=\"noptin-form-2__wrapper\" class=\"noptin-optin-main-wrapper noptin-form-id-9842 noptin-inpost-main-wrapper\" aria-labelledby=\"noptin-form-2__title\" ><style>\/*Custom css*\/\n\n.noptin-form-id-9842 .noptin-optin-form-wrapper .noptin-optin-form.noptin-form-single-line .noptin-form-submit{\n\tborder-radius: 30px;\n}\n\n@media only screen and (min-width: 768px) {\n\n\t.noptin-form-id-9842 .noptin-optin-form-wrapper .noptin-optin-form.noptin-form-single-line .noptin-form-submit{\n\t\tposition: absolute;\n\t\tbottom: -1px;\n\t\ttop: 0;\n\t\tright: 0px;\n\t}\n\n}\n\n.noptin-form-id-9842 .noptin-optin-form-wrapper .noptin-form-single-line .noptin-form-field{\n \tborder-radius: 30px !important;\n\tborder: none !important;\n} #noptin-form-2__wrapper {--noptin-background-color: #424242; --noptin-border-color: #424242; --noptin-button-color: #607D8B; --noptin-button-text-color: #fafafa; --noptin-title-color: #fafafa; --noptin-description-color: #fafafa; --noptin-prefix-color: #607d8b; --noptin-note-color: #fafafa;}<\/style><div style=\"max-width:620px; min-height:280px;border-color: #424242;\" class=\"noptin-optin-form-wrapper no-image\" ><!-- Form ID: 9842 --><form id=\"noptin-form-2\" class=\"noptin-optin-form noptin-form-single-line noptin-label-hide noptin-form-2\" method=\"post\" novalidate >\t\t\t\t\t<div class=\"noptin-form-header noptin-img-left\">\n\t\t\t\t\t\t\t\t\t\t\t\t<div class=\"noptin-form-header-text\">\n\n\t\t\t\t\t\t\t\t\t\t\t\t\t\t\t<div style=\"color: #607d8b;font-size: 20px; font-weight: 500; line-height: 1.3;\" class=\"noptin-form-prefix\">\n\t\t\t\t\t\t\t\t\t\t\t\t\t\t\t\t\t<\/div>\n\t\t\t\t\t\t\t\n\t\t\t\t\t\t\t\t\t\t\t\t\t\t\t<div style=\"color: #fafafa;font-size: 20px; font-weight: 700; line-height: 1.5;\" class=\"noptin-form-heading\">\n\t\t\t\t\t\t\t\t\tAbonnez-vous \u00e0 TopicFoot\t\t\t\t\t\t\t\t<\/div>\n\t\t\t\t\t\t\t\n\t\t\t\t\t\t\t\t\t\t\t\t\t\t\t<div style=\"color: #fafafa;font-size: 16px; font-weight: 500; line-height: 1.5;\" class=\"noptin-form-description\">\n\t\t\t\t\t\t\t\t\tEntrez votre Mail pour recevoir nos derniers articles.\t\t\t\t\t\t\t\t<\/div>\n\t\t\t\t\t\t\t\n\t\t\t\t\t\t<\/div>\n\t\t\t\t\t\t\n\t\t\t\t\t\t\t\t\t\t\t\t\t<div class=\"noptin-form-header-image\">\n\t\t\t\t\t\t\t\t<img decoding=\"async\" alt=\"icon\" src=\"https:\/\/www.topicfoot.fr\/wp-content\/plugins\/newsletter-optin-box\/includes\/assets\/images\/email-icon.png\" \/>\n\t\t\t\t\t\t\t<\/div>\n\t\t\t\t\t\t\n\t\t\t\t\t<\/div>\n\t\t\t\t<div class=\"noptin-form-footer\"><div class=\"noptin-form-fields\">\t\t\t<div class=\"noptin-form-field-wrapper noptin-form-field-email noptin-optin-field-wrapper noptin-optin-field-email\" id=\"noptin-form-2__field-email--wrapper\" >\n\t\t<div class=\"noptin-field-email\">\n\t\t\t<label class=\"noptin-label\" for=\"noptin-form-2__field-email\">Adresse Mail<\/label>\n\t\t\t<input name=\"noptin_fields[email]\" id=\"noptin-form-2__field-email\" type=\"email\" class=\"noptin-text noptin-form-field noptin-form-field__email noptin-form-field__has-no-placeholder\" placeholder=\"Adresse Mail\" required \/>\n\n\t\t<\/div><\/div>\t\t\t<div class=\"noptin-form-field-wrapper noptin-form-field- noptin-optin-field-wrapper noptin-optin-field-\" id=\"noptin-form-2__field---wrapper\" >\n\t\t<\/div>\t\t\t<div class=\"noptin-form-field-wrapper noptin-form-field-submit noptin-optin-field-wrapper noptin-optin-field-submit\" >\n\t\t\n\t\t\t<input type=\"submit\" id=\"noptin-form-2__submit\" class=\"noptin-form-submit btn button btn-primary button-primary wp-element-button\" name=\"noptin-submit\" value=\"Abonnez-vous\" style=\"background-color: #607D8B;color: #fafafa;\"  \/>\n\n\t\t<\/div><\/div>\t\t\t\t\t\t<div class=\"noptin-form-notice noptin-response\" role=\"alert\"><\/div>\n\t\t\t<\/div>\n\t\t\t<input type=\"hidden\" name=\"noptin_element_id\" value=\"2\" \/><input type=\"hidden\" name=\"source\" value=\"9842\" \/><input type=\"hidden\" name=\"form_action\" value=\"subscribe\" \/><input type=\"hidden\" name=\"noptin-config\" value=\"geVp3bmVsS.Bejx5F7hyheCZeasGrk6UoV7mPwUKzeAj_J_jRQjYkLtSn67MwIeo\" \/><input type=\"hidden\" name=\"noptin_form_id\" value=\"9842\" \/><\/form><\/div><!-- \/Form ID: 9842 --><\/div><!-- \/ Noptin Newsletter Plugin -->\n\n\n\n<p>Voir aussi notre article sur :\u00a0<a href=\"https:\/\/www.topicfoot.fr\/index.php\/2024\/11\/23\/le-maillot-de-foot-du-japon-histoire-anecdotes-et-nouveau-maillot\/\">Le maillot de foot du Japon : histoire, anecdotes et nouveau maillot<\/a><\/p>\n\n\n\n<figure class=\"wp-block-embed is-type-wp-embed is-provider-topic-foot wp-block-embed-topic-foot\"><div class=\"wp-block-embed__wrapper\">\n<blockquote class=\"wp-embedded-content\" data-secret=\"f7khPk6G7x\"><a href=\"https:\/\/www.topicfoot.fr\/index.php\/2024\/11\/23\/le-maillot-de-foot-du-japon-histoire-anecdotes-et-nouveau-maillot\/\">Le maillot de foot du Japon : histoire, anecdotes et nouveau maillot<\/a><\/blockquote><iframe loading=\"lazy\" class=\"wp-embedded-content\" sandbox=\"allow-scripts\" security=\"restricted\" style=\"position: absolute; visibility: hidden;\" title=\"\u00ab\u00a0Le maillot de foot du Japon : histoire, anecdotes et nouveau maillot\u00a0\u00bb &#8212; Topic Foot\" src=\"https:\/\/www.topicfoot.fr\/index.php\/2024\/11\/23\/le-maillot-de-foot-du-japon-histoire-anecdotes-et-nouveau-maillot\/embed\/#?secret=NxYUTH7AvJ#?secret=f7khPk6G7x\" data-secret=\"f7khPk6G7x\" width=\"500\" height=\"282\" frameborder=\"0\" marginwidth=\"0\" marginheight=\"0\" scrolling=\"no\"><\/iframe>\n<\/div><\/figure>\n","protected":false},"excerpt":{"rendered":"<div class=\"mh-excerpt\">Retour triomphal en Ligue des Champions Maillot Lens Ligue des Champions\u200b. Le Racing Club de Lens a sign\u00e9 un retour remarqu\u00e9 en Ligue des Champions 2023-2024, 21 ans apr\u00e8s sa derni\u00e8re participation. Vers\u00e9 dans un <a class=\"mh-excerpt-more\" href=\"https:\/\/www.topicfoot.fr\/index.php\/2024\/11\/24\/maillot-lens-ligue-des-champions-le-maillot-de-la-renaissance\/\" title=\"Maillot Lens Ligue des Champions\u200b : Le maillot de la renaissance\">[&#8230;]<\/a><\/div>\n","protected":false},"author":1,"featured_media":11325,"comment_status":"closed","ping_status":"open","sticky":false,"template":"","format":"standard","meta":{"footnotes":""},"categories":[150,31],"tags":[],"post_folder":[],"class_list":{"0":"post-11322","1":"post","2":"type-post","3":"status-publish","4":"format-standard","5":"has-post-thumbnail","7":"category-maillots","8":"category-toutes-les-categories"},"yoast_head":"<!-- This site is optimized with the Yoast SEO plugin v27.4 - https:\/\/yoast.com\/product\/yoast-seo-wordpress\/ -->\n<title>Maillot Lens Ligue des Champions\u200b : Le maillot de la renaissance<\/title>\n<meta name=\"description\" content=\"Maillot Lens Ligue des Champions\u200b. Le Racing Club de Lens a sign\u00e9 un retour remarqu\u00e9 en Ligue des Champions 2023-2024,\" \/>\n<meta name=\"robots\" content=\"index, follow, max-snippet:-1, max-image-preview:large, max-video-preview:-1\" \/>\n<link rel=\"canonical\" href=\"https:\/\/www.topicfoot.fr\/index.php\/2024\/11\/24\/maillot-lens-ligue-des-champions-le-maillot-de-la-renaissance\/\" \/>\n<meta property=\"og:locale\" content=\"fr_FR\" \/>\n<meta property=\"og:type\" content=\"article\" \/>\n<meta property=\"og:title\" content=\"Maillot Lens Ligue des Champions\u200b : Le maillot de la renaissance\" \/>\n<meta property=\"og:description\" content=\"Maillot Lens Ligue des Champions\u200b. Le Racing Club de Lens a sign\u00e9 un retour remarqu\u00e9 en Ligue des Champions 2023-2024,\" \/>\n<meta property=\"og:url\" content=\"https:\/\/www.topicfoot.fr\/index.php\/2024\/11\/24\/maillot-lens-ligue-des-champions-le-maillot-de-la-renaissance\/\" \/>\n<meta property=\"og:site_name\" content=\"Topic Foot\" \/>\n<meta property=\"article:publisher\" content=\"https:\/\/www.facebook.com\/topicfoot.fr\" \/>\n<meta property=\"article:published_time\" content=\"2024-11-24T21:10:34+00:00\" \/>\n<meta property=\"article:modified_time\" content=\"2024-11-24T21:10:41+00:00\" \/>\n<meta property=\"og:image\" content=\"https:\/\/www.topicfoot.fr\/wp-content\/uploads\/2024\/11\/maillot-equipe-lens-ligue-des-champions-2023-2024.webp\" \/>\n\t<meta property=\"og:image:width\" content=\"1024\" \/>\n\t<meta property=\"og:image:height\" content=\"576\" \/>\n\t<meta property=\"og:image:type\" content=\"image\/jpeg\" \/>\n<meta name=\"author\" content=\"Florent G\" \/>\n<meta name=\"twitter:card\" content=\"summary_large_image\" \/>\n<meta name=\"twitter:label1\" content=\"\u00c9crit par\" \/>\n\t<meta name=\"twitter:data1\" content=\"Florent G\" \/>\n\t<meta name=\"twitter:label2\" content=\"Dur\u00e9e de lecture estim\u00e9e\" \/>\n\t<meta name=\"twitter:data2\" content=\"4 minutes\" \/>\n<script type=\"application\/ld+json\" class=\"yoast-schema-graph\">{\"@context\":\"https:\\\/\\\/schema.org\",\"@graph\":[{\"@type\":\"Article\",\"@id\":\"https:\\\/\\\/www.topicfoot.fr\\\/index.php\\\/2024\\\/11\\\/24\\\/maillot-lens-ligue-des-champions-le-maillot-de-la-renaissance\\\/#article\",\"isPartOf\":{\"@id\":\"https:\\\/\\\/www.topicfoot.fr\\\/index.php\\\/2024\\\/11\\\/24\\\/maillot-lens-ligue-des-champions-le-maillot-de-la-renaissance\\\/\"},\"author\":{\"name\":\"Florent G\",\"@id\":\"https:\\\/\\\/www.topicfoot.fr\\\/#\\\/schema\\\/person\\\/e11785565f6247f9acd9d5b796ec4d62\"},\"headline\":\"Maillot Lens Ligue des Champions\u200b : Le maillot de la renaissance\",\"datePublished\":\"2024-11-24T21:10:34+00:00\",\"dateModified\":\"2024-11-24T21:10:41+00:00\",\"mainEntityOfPage\":{\"@id\":\"https:\\\/\\\/www.topicfoot.fr\\\/index.php\\\/2024\\\/11\\\/24\\\/maillot-lens-ligue-des-champions-le-maillot-de-la-renaissance\\\/\"},\"wordCount\":643,\"publisher\":{\"@id\":\"https:\\\/\\\/www.topicfoot.fr\\\/#organization\"},\"image\":{\"@id\":\"https:\\\/\\\/www.topicfoot.fr\\\/index.php\\\/2024\\\/11\\\/24\\\/maillot-lens-ligue-des-champions-le-maillot-de-la-renaissance\\\/#primaryimage\"},\"thumbnailUrl\":\"https:\\\/\\\/www.topicfoot.fr\\\/wp-content\\\/uploads\\\/2024\\\/11\\\/maillot-equipe-lens-ligue-des-champions-2023-2024.webp\",\"articleSection\":[\"Maillots\",\"Toutes les cat\u00e9gories\"],\"inLanguage\":\"fr-FR\"},{\"@type\":\"WebPage\",\"@id\":\"https:\\\/\\\/www.topicfoot.fr\\\/index.php\\\/2024\\\/11\\\/24\\\/maillot-lens-ligue-des-champions-le-maillot-de-la-renaissance\\\/\",\"url\":\"https:\\\/\\\/www.topicfoot.fr\\\/index.php\\\/2024\\\/11\\\/24\\\/maillot-lens-ligue-des-champions-le-maillot-de-la-renaissance\\\/\",\"name\":\"Maillot Lens Ligue des Champions\u200b : Le maillot de la renaissance\",\"isPartOf\":{\"@id\":\"https:\\\/\\\/www.topicfoot.fr\\\/#website\"},\"primaryImageOfPage\":{\"@id\":\"https:\\\/\\\/www.topicfoot.fr\\\/index.php\\\/2024\\\/11\\\/24\\\/maillot-lens-ligue-des-champions-le-maillot-de-la-renaissance\\\/#primaryimage\"},\"image\":{\"@id\":\"https:\\\/\\\/www.topicfoot.fr\\\/index.php\\\/2024\\\/11\\\/24\\\/maillot-lens-ligue-des-champions-le-maillot-de-la-renaissance\\\/#primaryimage\"},\"thumbnailUrl\":\"https:\\\/\\\/www.topicfoot.fr\\\/wp-content\\\/uploads\\\/2024\\\/11\\\/maillot-equipe-lens-ligue-des-champions-2023-2024.webp\",\"datePublished\":\"2024-11-24T21:10:34+00:00\",\"dateModified\":\"2024-11-24T21:10:41+00:00\",\"description\":\"Maillot Lens Ligue des Champions\u200b. Le Racing Club de Lens a sign\u00e9 un retour remarqu\u00e9 en Ligue des Champions 2023-2024,\",\"breadcrumb\":{\"@id\":\"https:\\\/\\\/www.topicfoot.fr\\\/index.php\\\/2024\\\/11\\\/24\\\/maillot-lens-ligue-des-champions-le-maillot-de-la-renaissance\\\/#breadcrumb\"},\"inLanguage\":\"fr-FR\",\"potentialAction\":[{\"@type\":\"ReadAction\",\"target\":[\"https:\\\/\\\/www.topicfoot.fr\\\/index.php\\\/2024\\\/11\\\/24\\\/maillot-lens-ligue-des-champions-le-maillot-de-la-renaissance\\\/\"]}]},{\"@type\":\"ImageObject\",\"inLanguage\":\"fr-FR\",\"@id\":\"https:\\\/\\\/www.topicfoot.fr\\\/index.php\\\/2024\\\/11\\\/24\\\/maillot-lens-ligue-des-champions-le-maillot-de-la-renaissance\\\/#primaryimage\",\"url\":\"https:\\\/\\\/www.topicfoot.fr\\\/wp-content\\\/uploads\\\/2024\\\/11\\\/maillot-equipe-lens-ligue-des-champions-2023-2024.webp\",\"contentUrl\":\"https:\\\/\\\/www.topicfoot.fr\\\/wp-content\\\/uploads\\\/2024\\\/11\\\/maillot-equipe-lens-ligue-des-champions-2023-2024.webp\",\"width\":1024,\"height\":576},{\"@type\":\"BreadcrumbList\",\"@id\":\"https:\\\/\\\/www.topicfoot.fr\\\/index.php\\\/2024\\\/11\\\/24\\\/maillot-lens-ligue-des-champions-le-maillot-de-la-renaissance\\\/#breadcrumb\",\"itemListElement\":[{\"@type\":\"ListItem\",\"position\":1,\"name\":\"Accueil\",\"item\":\"https:\\\/\\\/www.topicfoot.fr\\\/\"},{\"@type\":\"ListItem\",\"position\":2,\"name\":\"Maillot Lens Ligue des Champions\u200b : Le maillot de la renaissance\"}]},{\"@type\":\"WebSite\",\"@id\":\"https:\\\/\\\/www.topicfoot.fr\\\/#website\",\"url\":\"https:\\\/\\\/www.topicfoot.fr\\\/\",\"name\":\"Topic Foot\",\"description\":\"Tous l&#039;univers du Foot !\",\"publisher\":{\"@id\":\"https:\\\/\\\/www.topicfoot.fr\\\/#organization\"},\"potentialAction\":[{\"@type\":\"SearchAction\",\"target\":{\"@type\":\"EntryPoint\",\"urlTemplate\":\"https:\\\/\\\/www.topicfoot.fr\\\/?s={search_term_string}\"},\"query-input\":{\"@type\":\"PropertyValueSpecification\",\"valueRequired\":true,\"valueName\":\"search_term_string\"}}],\"inLanguage\":\"fr-FR\"},{\"@type\":\"Organization\",\"@id\":\"https:\\\/\\\/www.topicfoot.fr\\\/#organization\",\"name\":\"Topic Foot\",\"url\":\"https:\\\/\\\/www.topicfoot.fr\\\/\",\"logo\":{\"@type\":\"ImageObject\",\"inLanguage\":\"fr-FR\",\"@id\":\"https:\\\/\\\/www.topicfoot.fr\\\/#\\\/schema\\\/logo\\\/image\\\/\",\"url\":\"https:\\\/\\\/www.topicfoot.fr\\\/wp-content\\\/uploads\\\/2024\\\/04\\\/cropped-logo-topicfoot-new.jpg\",\"contentUrl\":\"https:\\\/\\\/www.topicfoot.fr\\\/wp-content\\\/uploads\\\/2024\\\/04\\\/cropped-logo-topicfoot-new.jpg\",\"width\":512,\"height\":512,\"caption\":\"Topic Foot\"},\"image\":{\"@id\":\"https:\\\/\\\/www.topicfoot.fr\\\/#\\\/schema\\\/logo\\\/image\\\/\"},\"sameAs\":[\"https:\\\/\\\/www.facebook.com\\\/topicfoot.fr\"]},{\"@type\":\"Person\",\"@id\":\"https:\\\/\\\/www.topicfoot.fr\\\/#\\\/schema\\\/person\\\/e11785565f6247f9acd9d5b796ec4d62\",\"name\":\"Florent G\",\"image\":{\"@type\":\"ImageObject\",\"inLanguage\":\"fr-FR\",\"@id\":\"https:\\\/\\\/secure.gravatar.com\\\/avatar\\\/1bb7e359942e0285fca3d40822ea6bdc74a98b7975407bfdf34b5a511f2155da?s=96&d=mm&r=g\",\"url\":\"https:\\\/\\\/secure.gravatar.com\\\/avatar\\\/1bb7e359942e0285fca3d40822ea6bdc74a98b7975407bfdf34b5a511f2155da?s=96&d=mm&r=g\",\"contentUrl\":\"https:\\\/\\\/secure.gravatar.com\\\/avatar\\\/1bb7e359942e0285fca3d40822ea6bdc74a98b7975407bfdf34b5a511f2155da?s=96&d=mm&r=g\",\"caption\":\"Florent G\"},\"description\":\"Je m'appelle Florent et je suis le cr\u00e9ateur de Topicfoot, un projet n\u00e9 de ma conviction que le football m\u00e9rite une couverture m\u00e9diatique de qualit\u00e9, ancr\u00e9e dans les faits et enrichie par l'analyse. Passionn\u00e9 de journalisme, j'ai toujours \u00e9t\u00e9 fascin\u00e9 par le sport comme r\u00e9v\u00e9lateur de soci\u00e9t\u00e9s. Mais c'est surtout l'explosion des donn\u00e9es et des nouvelles technologies dans le football qui m'a pouss\u00e9 \u00e0 lancer Topicfoot : statistiques avanc\u00e9es, mod\u00e8les pr\u00e9dictifs, analyse vid\u00e9o intelligente, impact des r\u00e9seaux sociaux sur les carri\u00e8res des joueurs. J'adore creuser ces th\u00e9matiques o\u00f9 les chiffres racontent une histoire que les yeux seuls ne voient pas. Au-del\u00e0 de la r\u00e9daction, je suis responsable de la ligne \u00e9ditoriale de Topicfoot et de sa strat\u00e9gie num\u00e9rique. Je crois que le journalisme sportif doit allier rigueur journalistique et innovation technologique pour offrir aux lecteurs une exp\u00e9rience moderne et approfondie. Nous couvrons les grands \u00e9v\u00e9nements du football europ\u00e9en et nous explorons comment les clubs utilisent les donn\u00e9es pour transformer leur organisation. Pour moi, Topicfoot, c'est la promesse d'un football mieux compris.\",\"sameAs\":[\"https:\\\/\\\/www.topicfoot.fr\"],\"url\":\"https:\\\/\\\/www.topicfoot.fr\\\/index.php\\\/author\\\/vitrindunet\\\/\"}]}<\/script>\n<!-- \/ Yoast SEO plugin. -->","yoast_head_json":{"title":"Maillot Lens Ligue des Champions\u200b : Le maillot de la renaissance","description":"Maillot Lens Ligue des Champions\u200b. Le Racing Club de Lens a sign\u00e9 un retour remarqu\u00e9 en Ligue des Champions 2023-2024,","robots":{"index":"index","follow":"follow","max-snippet":"max-snippet:-1","max-image-preview":"max-image-preview:large","max-video-preview":"max-video-preview:-1"},"canonical":"https:\/\/www.topicfoot.fr\/index.php\/2024\/11\/24\/maillot-lens-ligue-des-champions-le-maillot-de-la-renaissance\/","og_locale":"fr_FR","og_type":"article","og_title":"Maillot Lens Ligue des Champions\u200b : Le maillot de la renaissance","og_description":"Maillot Lens Ligue des Champions\u200b. Le Racing Club de Lens a sign\u00e9 un retour remarqu\u00e9 en Ligue des Champions 2023-2024,","og_url":"https:\/\/www.topicfoot.fr\/index.php\/2024\/11\/24\/maillot-lens-ligue-des-champions-le-maillot-de-la-renaissance\/","og_site_name":"Topic Foot","article_publisher":"https:\/\/www.facebook.com\/topicfoot.fr","article_published_time":"2024-11-24T21:10:34+00:00","article_modified_time":"2024-11-24T21:10:41+00:00","og_image":[{"width":1024,"height":576,"url":"https:\/\/www.topicfoot.fr\/wp-content\/uploads\/2024\/11\/maillot-equipe-lens-ligue-des-champions-2023-2024.webp","type":"image\/jpeg"}],"author":"Florent G","twitter_card":"summary_large_image","twitter_misc":{"\u00c9crit par":"Florent G","Dur\u00e9e de lecture estim\u00e9e":"4 minutes"},"schema":{"@context":"https:\/\/schema.org","@graph":[{"@type":"Article","@id":"https:\/\/www.topicfoot.fr\/index.php\/2024\/11\/24\/maillot-lens-ligue-des-champions-le-maillot-de-la-renaissance\/#article","isPartOf":{"@id":"https:\/\/www.topicfoot.fr\/index.php\/2024\/11\/24\/maillot-lens-ligue-des-champions-le-maillot-de-la-renaissance\/"},"author":{"name":"Florent G","@id":"https:\/\/www.topicfoot.fr\/#\/schema\/person\/e11785565f6247f9acd9d5b796ec4d62"},"headline":"Maillot Lens Ligue des Champions\u200b : Le maillot de la renaissance","datePublished":"2024-11-24T21:10:34+00:00","dateModified":"2024-11-24T21:10:41+00:00","mainEntityOfPage":{"@id":"https:\/\/www.topicfoot.fr\/index.php\/2024\/11\/24\/maillot-lens-ligue-des-champions-le-maillot-de-la-renaissance\/"},"wordCount":643,"publisher":{"@id":"https:\/\/www.topicfoot.fr\/#organization"},"image":{"@id":"https:\/\/www.topicfoot.fr\/index.php\/2024\/11\/24\/maillot-lens-ligue-des-champions-le-maillot-de-la-renaissance\/#primaryimage"},"thumbnailUrl":"https:\/\/www.topicfoot.fr\/wp-content\/uploads\/2024\/11\/maillot-equipe-lens-ligue-des-champions-2023-2024.webp","articleSection":["Maillots","Toutes les cat\u00e9gories"],"inLanguage":"fr-FR"},{"@type":"WebPage","@id":"https:\/\/www.topicfoot.fr\/index.php\/2024\/11\/24\/maillot-lens-ligue-des-champions-le-maillot-de-la-renaissance\/","url":"https:\/\/www.topicfoot.fr\/index.php\/2024\/11\/24\/maillot-lens-ligue-des-champions-le-maillot-de-la-renaissance\/","name":"Maillot Lens Ligue des Champions\u200b : Le maillot de la renaissance","isPartOf":{"@id":"https:\/\/www.topicfoot.fr\/#website"},"primaryImageOfPage":{"@id":"https:\/\/www.topicfoot.fr\/index.php\/2024\/11\/24\/maillot-lens-ligue-des-champions-le-maillot-de-la-renaissance\/#primaryimage"},"image":{"@id":"https:\/\/www.topicfoot.fr\/index.php\/2024\/11\/24\/maillot-lens-ligue-des-champions-le-maillot-de-la-renaissance\/#primaryimage"},"thumbnailUrl":"https:\/\/www.topicfoot.fr\/wp-content\/uploads\/2024\/11\/maillot-equipe-lens-ligue-des-champions-2023-2024.webp","datePublished":"2024-11-24T21:10:34+00:00","dateModified":"2024-11-24T21:10:41+00:00","description":"Maillot Lens Ligue des Champions\u200b. Le Racing Club de Lens a sign\u00e9 un retour remarqu\u00e9 en Ligue des Champions 2023-2024,","breadcrumb":{"@id":"https:\/\/www.topicfoot.fr\/index.php\/2024\/11\/24\/maillot-lens-ligue-des-champions-le-maillot-de-la-renaissance\/#breadcrumb"},"inLanguage":"fr-FR","potentialAction":[{"@type":"ReadAction","target":["https:\/\/www.topicfoot.fr\/index.php\/2024\/11\/24\/maillot-lens-ligue-des-champions-le-maillot-de-la-renaissance\/"]}]},{"@type":"ImageObject","inLanguage":"fr-FR","@id":"https:\/\/www.topicfoot.fr\/index.php\/2024\/11\/24\/maillot-lens-ligue-des-champions-le-maillot-de-la-renaissance\/#primaryimage","url":"https:\/\/www.topicfoot.fr\/wp-content\/uploads\/2024\/11\/maillot-equipe-lens-ligue-des-champions-2023-2024.webp","contentUrl":"https:\/\/www.topicfoot.fr\/wp-content\/uploads\/2024\/11\/maillot-equipe-lens-ligue-des-champions-2023-2024.webp","width":1024,"height":576},{"@type":"BreadcrumbList","@id":"https:\/\/www.topicfoot.fr\/index.php\/2024\/11\/24\/maillot-lens-ligue-des-champions-le-maillot-de-la-renaissance\/#breadcrumb","itemListElement":[{"@type":"ListItem","position":1,"name":"Accueil","item":"https:\/\/www.topicfoot.fr\/"},{"@type":"ListItem","position":2,"name":"Maillot Lens Ligue des Champions\u200b : Le maillot de la renaissance"}]},{"@type":"WebSite","@id":"https:\/\/www.topicfoot.fr\/#website","url":"https:\/\/www.topicfoot.fr\/","name":"Topic Foot","description":"Tous l&#039;univers du Foot !","publisher":{"@id":"https:\/\/www.topicfoot.fr\/#organization"},"potentialAction":[{"@type":"SearchAction","target":{"@type":"EntryPoint","urlTemplate":"https:\/\/www.topicfoot.fr\/?s={search_term_string}"},"query-input":{"@type":"PropertyValueSpecification","valueRequired":true,"valueName":"search_term_string"}}],"inLanguage":"fr-FR"},{"@type":"Organization","@id":"https:\/\/www.topicfoot.fr\/#organization","name":"Topic Foot","url":"https:\/\/www.topicfoot.fr\/","logo":{"@type":"ImageObject","inLanguage":"fr-FR","@id":"https:\/\/www.topicfoot.fr\/#\/schema\/logo\/image\/","url":"https:\/\/www.topicfoot.fr\/wp-content\/uploads\/2024\/04\/cropped-logo-topicfoot-new.jpg","contentUrl":"https:\/\/www.topicfoot.fr\/wp-content\/uploads\/2024\/04\/cropped-logo-topicfoot-new.jpg","width":512,"height":512,"caption":"Topic Foot"},"image":{"@id":"https:\/\/www.topicfoot.fr\/#\/schema\/logo\/image\/"},"sameAs":["https:\/\/www.facebook.com\/topicfoot.fr"]},{"@type":"Person","@id":"https:\/\/www.topicfoot.fr\/#\/schema\/person\/e11785565f6247f9acd9d5b796ec4d62","name":"Florent G","image":{"@type":"ImageObject","inLanguage":"fr-FR","@id":"https:\/\/secure.gravatar.com\/avatar\/1bb7e359942e0285fca3d40822ea6bdc74a98b7975407bfdf34b5a511f2155da?s=96&d=mm&r=g","url":"https:\/\/secure.gravatar.com\/avatar\/1bb7e359942e0285fca3d40822ea6bdc74a98b7975407bfdf34b5a511f2155da?s=96&d=mm&r=g","contentUrl":"https:\/\/secure.gravatar.com\/avatar\/1bb7e359942e0285fca3d40822ea6bdc74a98b7975407bfdf34b5a511f2155da?s=96&d=mm&r=g","caption":"Florent G"},"description":"Je m'appelle Florent et je suis le cr\u00e9ateur de Topicfoot, un projet n\u00e9 de ma conviction que le football m\u00e9rite une couverture m\u00e9diatique de qualit\u00e9, ancr\u00e9e dans les faits et enrichie par l'analyse. Passionn\u00e9 de journalisme, j'ai toujours \u00e9t\u00e9 fascin\u00e9 par le sport comme r\u00e9v\u00e9lateur de soci\u00e9t\u00e9s. Mais c'est surtout l'explosion des donn\u00e9es et des nouvelles technologies dans le football qui m'a pouss\u00e9 \u00e0 lancer Topicfoot : statistiques avanc\u00e9es, mod\u00e8les pr\u00e9dictifs, analyse vid\u00e9o intelligente, impact des r\u00e9seaux sociaux sur les carri\u00e8res des joueurs. J'adore creuser ces th\u00e9matiques o\u00f9 les chiffres racontent une histoire que les yeux seuls ne voient pas. Au-del\u00e0 de la r\u00e9daction, je suis responsable de la ligne \u00e9ditoriale de Topicfoot et de sa strat\u00e9gie num\u00e9rique. Je crois que le journalisme sportif doit allier rigueur journalistique et innovation technologique pour offrir aux lecteurs une exp\u00e9rience moderne et approfondie. Nous couvrons les grands \u00e9v\u00e9nements du football europ\u00e9en et nous explorons comment les clubs utilisent les donn\u00e9es pour transformer leur organisation. Pour moi, Topicfoot, c'est la promesse d'un football mieux compris.","sameAs":["https:\/\/www.topicfoot.fr"],"url":"https:\/\/www.topicfoot.fr\/index.php\/author\/vitrindunet\/"}]}},"_links":{"self":[{"href":"https:\/\/www.topicfoot.fr\/index.php\/wp-json\/wp\/v2\/posts\/11322","targetHints":{"allow":["GET"]}}],"collection":[{"href":"https:\/\/www.topicfoot.fr\/index.php\/wp-json\/wp\/v2\/posts"}],"about":[{"href":"https:\/\/www.topicfoot.fr\/index.php\/wp-json\/wp\/v2\/types\/post"}],"author":[{"embeddable":true,"href":"https:\/\/www.topicfoot.fr\/index.php\/wp-json\/wp\/v2\/users\/1"}],"replies":[{"embeddable":true,"href":"https:\/\/www.topicfoot.fr\/index.php\/wp-json\/wp\/v2\/comments?post=11322"}],"version-history":[{"count":0,"href":"https:\/\/www.topicfoot.fr\/index.php\/wp-json\/wp\/v2\/posts\/11322\/revisions"}],"wp:featuredmedia":[{"embeddable":true,"href":"https:\/\/www.topicfoot.fr\/index.php\/wp-json\/wp\/v2\/media\/11325"}],"wp:attachment":[{"href":"https:\/\/www.topicfoot.fr\/index.php\/wp-json\/wp\/v2\/media?parent=11322"}],"wp:term":[{"taxonomy":"category","embeddable":true,"href":"https:\/\/www.topicfoot.fr\/index.php\/wp-json\/wp\/v2\/categories?post=11322"},{"taxonomy":"post_tag","embeddable":true,"href":"https:\/\/www.topicfoot.fr\/index.php\/wp-json\/wp\/v2\/tags?post=11322"},{"taxonomy":"post_folder","embeddable":true,"href":"https:\/\/www.topicfoot.fr\/index.php\/wp-json\/wp\/v2\/post_folder?post=11322"}],"curies":[{"name":"wp","href":"https:\/\/api.w.org\/{rel}","templated":true}]}}