{"id":11575,"date":"2024-12-13T14:20:00","date_gmt":"2024-12-13T13:20:00","guid":{"rendered":"https:\/\/www.topicfoot.fr\/?p=11575"},"modified":"2025-02-18T20:49:14","modified_gmt":"2025-02-18T19:49:14","slug":"1956-la-saeta-rubia-qui-etait-alfredo-di-stefano","status":"publish","type":"post","link":"https:\/\/www.topicfoot.fr\/index.php\/2024\/12\/13\/1956-la-saeta-rubia-qui-etait-alfredo-di-stefano\/","title":{"rendered":"1956 : La Saeta Rubia, qui \u00e9tait Alfredo di St\u00e9fano"},"content":{"rendered":"<span class=\"span-reading-time rt-reading-time\" style=\"display: block;\"><span class=\"rt-label rt-prefix\">Temps de lecture\u00a0:  <\/span> <span class=\"rt-time\"> 2<\/span> <span class=\"rt-label rt-postfix\">minutes.  <\/span><\/span>\n<p>Le football a connu des ic\u00f4nes qui ont marqu\u00e9 l&rsquo;histoire de ce sport. Alfredo Di St\u00e9fano, surnomm\u00e9 \u00ab\u00a0La Saeta Rubia\u00a0\u00bb, est l\u2019une d\u2019entre elles. En 1956, il \u00e9tait d\u00e9j\u00e0 l&rsquo;un des joueurs les plus influents de l&rsquo;\u00e9poque. Retour sur une ann\u00e9e cl\u00e9 de la carri\u00e8re d&rsquo;une l\u00e9gende.<\/p>\n\n\n\n<h2 class=\"wp-block-heading\">Qui \u00e9tait Alfredo Di St\u00e9fano ?<\/h2>\n\n\n\n<p>Alfredo Di St\u00e9fano est n\u00e9 le 4 juillet 1926 \u00e0 Buenos Aires, en Argentine. Dot\u00e9 d&rsquo;une technique exceptionnelle et d&rsquo;une vision de jeu rare, il a r\u00e9volutionn\u00e9 le football. Son surnom, \u00ab La Saeta Rubia \u00bb (\u00ab la fl\u00e8che blonde \u00bb), refl\u00e8te sa rapidit\u00e9 et son \u00e9l\u00e9gance sur le terrain.<\/p>\n\n\n<div class=\"wp-block-image\">\n<figure class=\"aligncenter size-full is-resized\"><img loading=\"lazy\" decoding=\"async\" width=\"1024\" height=\"576\" src=\"https:\/\/www.topicfoot.fr\/wp-content\/uploads\/2024\/12\/di-stefano-tf01.webp\" alt=\"1956 : La Saeta Rubia, un mythe du football mondial\" class=\"wp-image-11576\" style=\"width:573px;height:auto\" srcset=\"https:\/\/www.topicfoot.fr\/wp-content\/uploads\/2024\/12\/di-stefano-tf01.webp 1024w, https:\/\/www.topicfoot.fr\/wp-content\/uploads\/2024\/12\/di-stefano-tf01-300x169.webp 300w, https:\/\/www.topicfoot.fr\/wp-content\/uploads\/2024\/12\/di-stefano-tf01-768x432.webp 768w, https:\/\/www.topicfoot.fr\/wp-content\/uploads\/2024\/12\/di-stefano-tf01-678x381.webp 678w\" sizes=\"auto, (max-width: 1024px) 100vw, 1024px\" \/><\/figure>\n<\/div>\n\n\n<h2 class=\"wp-block-heading\">L\u2019ann\u00e9e 1956 : une ann\u00e9e charni\u00e8re<\/h2>\n\n\n\n<p>En 1956, Alfredo Di St\u00e9fano brillait sous les couleurs du Real Madrid. Le club madril\u00e8ne dominait d\u00e9j\u00e0 le football europ\u00e9en. Cette ann\u00e9e-l\u00e0 marque le lancement de la premi\u00e8re Coupe d\u2019Europe des clubs champions, anc\u00eatre de la Ligue des champions actuelle.<\/p>\n\n\n\n<h2 class=\"wp-block-heading\">Une victoire historique<\/h2>\n\n\n\n<p>Le Real Madrid a remport\u00e9 la premi\u00e8re Coupe d&rsquo;Europe en 1956. Di St\u00e9fano a jou\u00e9 un r\u00f4le d\u00e9cisif dans ce succ\u00e8s. Il a inscr\u00e9 des buts cruciaux et men\u00e9 l&rsquo;\u00e9quipe avec ma\u00eetrise. En finale, le Real Madrid a battu le Stade de Reims 4-3 dans un match spectaculaire.<\/p>\n\n\n\n<figure class=\"wp-block-embed is-type-video is-provider-youtube wp-block-embed-youtube wp-embed-aspect-16-9 wp-has-aspect-ratio\"><div class=\"wp-block-embed__wrapper\">\n<iframe loading=\"lazy\" title=\"Alfredo Di Stefano \u25cf Best Goals\/Skills [Rare Footage]\" width=\"500\" height=\"281\" src=\"https:\/\/www.youtube.com\/embed\/7m1SM00km_c?feature=oembed\" frameborder=\"0\" allow=\"accelerometer; autoplay; clipboard-write; encrypted-media; gyroscope; picture-in-picture; web-share\" referrerpolicy=\"strict-origin-when-cross-origin\" allowfullscreen><\/iframe>\n<\/div><\/figure>\n\n\n\n<h2 class=\"wp-block-heading\">Di St\u00e9fano : le leader incontest\u00e9<\/h2>\n\n\n\n<p>Di St\u00e9fano \u00e9tait bien plus qu&rsquo;un buteur. Il \u00e9tait un joueur complet, capable de d\u00e9fendre et d&rsquo;organiser le jeu. Sa capacit\u00e9 \u00e0 influencer chaque phase de jeu \u00e9tait exceptionnelle. Son intelligence tactique le distinguait des autres joueurs de son \u00e9poque.<\/p>\n\n\n\n<h2 class=\"wp-block-heading\">Ses statistiques impressionnantes<\/h2>\n\n\n\n<p>En 1956, Di St\u00e9fano a marqu\u00e9 27 buts en championnat espagnol. Il \u00e9tait le meilleur buteur de la Liga cette saison-l\u00e0. Sa contribution a \u00e9t\u00e9 essentielle pour permettre au Real Madrid de r\u00e9gner sur le football espagnol et europ\u00e9en.<\/p>\n\n\n<div class=\"wp-block-image\">\n<figure class=\"aligncenter size-full is-resized\"><img loading=\"lazy\" decoding=\"async\" width=\"1024\" height=\"576\" src=\"https:\/\/www.topicfoot.fr\/wp-content\/uploads\/2024\/12\/di-stefano-tf02.webp\" alt=\"1956 : La Saeta Rubia\" class=\"wp-image-11577\" style=\"width:612px;height:auto\" srcset=\"https:\/\/www.topicfoot.fr\/wp-content\/uploads\/2024\/12\/di-stefano-tf02.webp 1024w, https:\/\/www.topicfoot.fr\/wp-content\/uploads\/2024\/12\/di-stefano-tf02-300x169.webp 300w, https:\/\/www.topicfoot.fr\/wp-content\/uploads\/2024\/12\/di-stefano-tf02-768x432.webp 768w, https:\/\/www.topicfoot.fr\/wp-content\/uploads\/2024\/12\/di-stefano-tf02-678x381.webp 678w\" sizes=\"auto, (max-width: 1024px) 100vw, 1024px\" \/><\/figure>\n<\/div>\n\n\n<h2 class=\"wp-block-heading\">Le style de jeu de \u00ab\u00a0La Saeta Rubia\u00a0\u00bb<\/h2>\n\n\n\n<p>Alfredo Di St\u00e9fano \u00e9tait connu pour son style de jeu unique. Il \u00e9tait capable de jouer \u00e0 tous les postes, sauf celui de gardien de but. Sa polyvalence \u00e9tait l\u2019un de ses plus grands atouts. Son style \u00e9tait bas\u00e9 sur la rapidit\u00e9, la pr\u00e9cision et une ma\u00eetrise parfaite du ballon.<\/p>\n\n\n\n<h2 class=\"wp-block-heading\">Une influence mondiale<\/h2>\n\n\n\n<p>La Saeta Rubia a inspir\u00e9 une g\u00e9n\u00e9ration de joueurs gr\u00e2ce \u00e0 sa mani\u00e8re de jouer. Son impact sur le football moderne reste palpable aujourd\u2019hui. Les grands joueurs comme Pel\u00e9, Cruyff et Maradona ont tous \u00e9t\u00e9 influenc\u00e9s par son style.<\/p>\n\n\n\n<h2 class=\"wp-block-heading\">Un palmar\u00e8s impressionnant<\/h2>\n\n\n\n<p>En 1956, Di St\u00e9fano a \u00e9t\u00e9 l\u2019artisan principal de la domination du Real Madrid. Cette ann\u00e9e-l\u00e0, il a remport\u00e9 :<\/p>\n\n\n\n<ul class=\"wp-block-list\">\n<li>La Coupe d&rsquo;Europe des clubs champions<\/li>\n\n\n\n<li>Le championnat espagnol (La Liga)<\/li>\n\n\n\n<li>Le troph\u00e9e de meilleur buteur de la Liga<\/li>\n<\/ul>\n\n\n\n<h2 class=\"wp-block-heading\">Un joueur de l\u00e9gende<\/h2>\n\n\n\n<p>Di St\u00e9fano a contribu\u00e9 \u00e0 b\u00e2tir le mythe du Real Madrid. Le club madril\u00e8ne a remport\u00e9 cinq Coupes d&rsquo;Europe cons\u00e9cutives gr\u00e2ce \u00e0 lui.<\/p>\n\n\n\n<h2 class=\"wp-block-heading\">Conclusion<\/h2>\n\n\n\n<p>1956 a \u00e9t\u00e9 une ann\u00e9e d\u00e9cisive dans la carri\u00e8re d&rsquo;Alfredo Di St\u00e9fano. \u00ab\u00a0La Saeta Rubia\u00a0\u00bb a \u00e9crit l&rsquo;une des plus belles pages de l&rsquo;histoire du football. Son impact sur le jeu et ses performances in\u00e9gal\u00e9es font de lui une v\u00e9ritable l\u00e9gende. Aujourd\u2019hui encore, son h\u00e9ritage perdure dans l\u2019ADN du football moderne.<\/p>\n\n\n\n<!-- Noptin Newsletter Plugin v4.2.2 - https:\/\/wordpress.org\/plugins\/newsletter-optin-box\/ --><div id=\"noptin-form-2__wrapper\" class=\"noptin-optin-main-wrapper noptin-form-id-9842 noptin-inpost-main-wrapper\" aria-labelledby=\"noptin-form-2__title\" ><style>\/*Custom css*\/\n\n.noptin-form-id-9842 .noptin-optin-form-wrapper .noptin-optin-form.noptin-form-single-line .noptin-form-submit{\n\tborder-radius: 30px;\n}\n\n@media only screen and (min-width: 768px) {\n\n\t.noptin-form-id-9842 .noptin-optin-form-wrapper .noptin-optin-form.noptin-form-single-line .noptin-form-submit{\n\t\tposition: absolute;\n\t\tbottom: -1px;\n\t\ttop: 0;\n\t\tright: 0px;\n\t}\n\n}\n\n.noptin-form-id-9842 .noptin-optin-form-wrapper .noptin-form-single-line .noptin-form-field{\n \tborder-radius: 30px !important;\n\tborder: none !important;\n} #noptin-form-2__wrapper {--noptin-background-color: #424242; --noptin-border-color: #424242; --noptin-button-color: #607D8B; --noptin-button-text-color: #fafafa; --noptin-title-color: #fafafa; --noptin-description-color: #fafafa; --noptin-prefix-color: #607d8b; --noptin-note-color: #fafafa;}<\/style><div style=\"max-width:620px; min-height:280px;border-color: #424242;\" class=\"noptin-optin-form-wrapper no-image\" ><!-- Form ID: 9842 --><form id=\"noptin-form-2\" class=\"noptin-optin-form noptin-form-single-line noptin-label-hide noptin-form-2\" method=\"post\" novalidate >\t\t\t\t\t<div class=\"noptin-form-header noptin-img-left\">\n\t\t\t\t\t\t\t\t\t\t\t\t<div class=\"noptin-form-header-text\">\n\n\t\t\t\t\t\t\t\t\t\t\t\t\t\t\t<div style=\"color: #607d8b;font-size: 20px; font-weight: 500; line-height: 1.3;\" class=\"noptin-form-prefix\">\n\t\t\t\t\t\t\t\t\t\t\t\t\t\t\t\t\t<\/div>\n\t\t\t\t\t\t\t\n\t\t\t\t\t\t\t\t\t\t\t\t\t\t\t<div style=\"color: #fafafa;font-size: 20px; font-weight: 700; line-height: 1.5;\" class=\"noptin-form-heading\">\n\t\t\t\t\t\t\t\t\tAbonnez-vous \u00e0 TopicFoot\t\t\t\t\t\t\t\t<\/div>\n\t\t\t\t\t\t\t\n\t\t\t\t\t\t\t\t\t\t\t\t\t\t\t<div style=\"color: #fafafa;font-size: 16px; font-weight: 500; line-height: 1.5;\" class=\"noptin-form-description\">\n\t\t\t\t\t\t\t\t\tEntrez votre Mail pour recevoir nos derniers articles.\t\t\t\t\t\t\t\t<\/div>\n\t\t\t\t\t\t\t\n\t\t\t\t\t\t<\/div>\n\t\t\t\t\t\t\n\t\t\t\t\t\t\t\t\t\t\t\t\t<div class=\"noptin-form-header-image\">\n\t\t\t\t\t\t\t\t<img decoding=\"async\" alt=\"icon\" src=\"https:\/\/www.topicfoot.fr\/wp-content\/plugins\/newsletter-optin-box\/includes\/assets\/images\/email-icon.png\" \/>\n\t\t\t\t\t\t\t<\/div>\n\t\t\t\t\t\t\n\t\t\t\t\t<\/div>\n\t\t\t\t<div class=\"noptin-form-footer\"><div class=\"noptin-form-fields\">\t\t\t<div class=\"noptin-form-field-wrapper noptin-form-field-email noptin-optin-field-wrapper noptin-optin-field-email\" id=\"noptin-form-2__field-email--wrapper\" >\n\t\t<div class=\"noptin-field-email\">\n\t\t\t<label class=\"noptin-label\" for=\"noptin-form-2__field-email\">Adresse Mail<\/label>\n\t\t\t<input name=\"noptin_fields[email]\" id=\"noptin-form-2__field-email\" type=\"email\" class=\"noptin-text noptin-form-field noptin-form-field__email noptin-form-field__has-no-placeholder\" placeholder=\"Adresse Mail\" required \/>\n\n\t\t<\/div><\/div>\t\t\t<div class=\"noptin-form-field-wrapper noptin-form-field- noptin-optin-field-wrapper noptin-optin-field-\" id=\"noptin-form-2__field---wrapper\" >\n\t\t<\/div>\t\t\t<div class=\"noptin-form-field-wrapper noptin-form-field-submit noptin-optin-field-wrapper noptin-optin-field-submit\" >\n\t\t\n\t\t\t<input type=\"submit\" id=\"noptin-form-2__submit\" class=\"noptin-form-submit btn button btn-primary button-primary wp-element-button\" name=\"noptin-submit\" value=\"Abonnez-vous\" style=\"background-color: #607D8B;color: #fafafa;\"  \/>\n\n\t\t<\/div><\/div>\t\t\t\t\t\t<div class=\"noptin-form-notice noptin-response\" role=\"alert\"><\/div>\n\t\t\t<\/div>\n\t\t\t<input type=\"hidden\" name=\"noptin_element_id\" value=\"2\" \/><input type=\"hidden\" name=\"source\" value=\"9842\" \/><input type=\"hidden\" name=\"form_action\" value=\"subscribe\" \/><input type=\"hidden\" name=\"noptin-config\" value=\"geVp3bmVsS.Bejx5F7hyheCZeasGrk6UoV7mPwUKzeAj_J_jRQjYkLtSn67MwIeo\" \/><input type=\"hidden\" name=\"noptin_form_id\" value=\"9842\" \/><\/form><\/div><!-- \/Form ID: 9842 --><\/div><!-- \/ Noptin Newsletter Plugin -->\n\n\n\n<p>Voir aussi notre article sur :\u00a0<a href=\"https:\/\/www.topicfoot.fr\/index.php\/2024\/12\/05\/eric-cantona-foot-une-carriere-legendaire\/\">Eric Cantona Foot : une carri\u00e8re l\u00e9gendaire<\/a><\/p>\n\n\n\n<figure class=\"wp-block-embed is-type-wp-embed is-provider-topic-foot wp-block-embed-topic-foot\"><div class=\"wp-block-embed__wrapper\">\n<blockquote class=\"wp-embedded-content\" data-secret=\"LMHN9lUkTk\"><a href=\"https:\/\/www.topicfoot.fr\/index.php\/2024\/12\/05\/eric-cantona-foot-une-carriere-legendaire\/\">Eric Cantona Foot : une carri\u00e8re l\u00e9gendaire<\/a><\/blockquote><iframe loading=\"lazy\" class=\"wp-embedded-content\" sandbox=\"allow-scripts\" security=\"restricted\" style=\"position: absolute; visibility: hidden;\" title=\"\u00ab\u00a0Eric Cantona Foot : une carri\u00e8re l\u00e9gendaire\u00a0\u00bb &#8212; Topic Foot\" src=\"https:\/\/www.topicfoot.fr\/index.php\/2024\/12\/05\/eric-cantona-foot-une-carriere-legendaire\/embed\/#?secret=1Ce8aLRdqR#?secret=LMHN9lUkTk\" data-secret=\"LMHN9lUkTk\" width=\"500\" height=\"282\" frameborder=\"0\" marginwidth=\"0\" marginheight=\"0\" scrolling=\"no\"><\/iframe>\n<\/div><\/figure>\n","protected":false},"excerpt":{"rendered":"<div class=\"mh-excerpt\">Le football a connu des ic\u00f4nes qui ont marqu\u00e9 l&rsquo;histoire de ce sport. Alfredo Di St\u00e9fano, surnomm\u00e9 \u00ab\u00a0La Saeta Rubia\u00a0\u00bb, <\/div>\n<p> <a class=\"mh-excerpt-more\" href=\"https:\/\/www.topicfoot.fr\/index.php\/2024\/12\/13\/1956-la-saeta-rubia-qui-etait-alfredo-di-stefano\/\" title=\"1956 : La Saeta Rubia, qui \u00e9tait Alfredo di St\u00e9fano\">[&#8230;]<\/a><\/p>\n","protected":false},"author":5,"featured_media":11577,"comment_status":"closed","ping_status":"open","sticky":false,"template":"","format":"standard","meta":{"footnotes":""},"categories":[120,131,31],"tags":[],"post_folder":[],"class_list":{"0":"post-11575","1":"post","2":"type-post","3":"status-publish","4":"format-standard","5":"has-post-thumbnail","7":"category-joueurs","8":"category-legende","9":"category-toutes-les-categories"},"yoast_head":"<!-- This site is optimized with the Yoast SEO plugin v27.4 - https:\/\/yoast.com\/product\/yoast-seo-wordpress\/ -->\n<title>1956 : La Saeta Rubia, qui \u00e9tait Alfredo di St\u00e9fano<\/title>\n<meta name=\"description\" content=\"Le football a connu des ic\u00f4nes qui ont marqu\u00e9 l&#039;histoire de ce sport. Alfredo Di St\u00e9fano, surnomm\u00e9 &quot;La Saeta Rubia&quot;,\" \/>\n<meta name=\"robots\" content=\"index, follow, max-snippet:-1, max-image-preview:large, max-video-preview:-1\" \/>\n<link rel=\"canonical\" href=\"https:\/\/www.topicfoot.fr\/index.php\/2024\/12\/13\/1956-la-saeta-rubia-qui-etait-alfredo-di-stefano\/\" \/>\n<meta property=\"og:locale\" content=\"fr_FR\" \/>\n<meta property=\"og:type\" content=\"article\" \/>\n<meta property=\"og:title\" content=\"1956 : La Saeta Rubia, qui \u00e9tait Alfredo di St\u00e9fano\" \/>\n<meta property=\"og:description\" content=\"Le football a connu des ic\u00f4nes qui ont marqu\u00e9 l&#039;histoire de ce sport. Alfredo Di St\u00e9fano, surnomm\u00e9 &quot;La Saeta Rubia&quot;,\" \/>\n<meta property=\"og:url\" content=\"https:\/\/www.topicfoot.fr\/index.php\/2024\/12\/13\/1956-la-saeta-rubia-qui-etait-alfredo-di-stefano\/\" \/>\n<meta property=\"og:site_name\" content=\"Topic Foot\" \/>\n<meta property=\"article:publisher\" content=\"https:\/\/www.facebook.com\/topicfoot.fr\" \/>\n<meta property=\"article:published_time\" content=\"2024-12-13T13:20:00+00:00\" \/>\n<meta property=\"article:modified_time\" content=\"2025-02-18T19:49:14+00:00\" \/>\n<meta property=\"og:image\" content=\"https:\/\/www.topicfoot.fr\/wp-content\/uploads\/2024\/12\/di-stefano-tf02.webp\" \/>\n\t<meta property=\"og:image:width\" content=\"1024\" \/>\n\t<meta property=\"og:image:height\" content=\"576\" \/>\n\t<meta property=\"og:image:type\" content=\"image\/jpeg\" \/>\n<meta name=\"author\" content=\"Laurent M\" \/>\n<meta name=\"twitter:card\" content=\"summary_large_image\" \/>\n<meta name=\"twitter:label1\" content=\"\u00c9crit par\" \/>\n\t<meta name=\"twitter:data1\" content=\"Laurent M\" \/>\n\t<meta name=\"twitter:label2\" content=\"Dur\u00e9e de lecture estim\u00e9e\" \/>\n\t<meta name=\"twitter:data2\" content=\"4 minutes\" \/>\n<script type=\"application\/ld+json\" class=\"yoast-schema-graph\">{\"@context\":\"https:\\\/\\\/schema.org\",\"@graph\":[{\"@type\":\"Article\",\"@id\":\"https:\\\/\\\/www.topicfoot.fr\\\/index.php\\\/2024\\\/12\\\/13\\\/1956-la-saeta-rubia-qui-etait-alfredo-di-stefano\\\/#article\",\"isPartOf\":{\"@id\":\"https:\\\/\\\/www.topicfoot.fr\\\/index.php\\\/2024\\\/12\\\/13\\\/1956-la-saeta-rubia-qui-etait-alfredo-di-stefano\\\/\"},\"author\":{\"name\":\"Laurent M\",\"@id\":\"https:\\\/\\\/www.topicfoot.fr\\\/#\\\/schema\\\/person\\\/c3cc72d0475041f6006c3b9ac2fdd651\"},\"headline\":\"1956 : La Saeta Rubia, qui \u00e9tait Alfredo di St\u00e9fano\",\"datePublished\":\"2024-12-13T13:20:00+00:00\",\"dateModified\":\"2025-02-18T19:49:14+00:00\",\"mainEntityOfPage\":{\"@id\":\"https:\\\/\\\/www.topicfoot.fr\\\/index.php\\\/2024\\\/12\\\/13\\\/1956-la-saeta-rubia-qui-etait-alfredo-di-stefano\\\/\"},\"wordCount\":611,\"publisher\":{\"@id\":\"https:\\\/\\\/www.topicfoot.fr\\\/#organization\"},\"image\":{\"@id\":\"https:\\\/\\\/www.topicfoot.fr\\\/index.php\\\/2024\\\/12\\\/13\\\/1956-la-saeta-rubia-qui-etait-alfredo-di-stefano\\\/#primaryimage\"},\"thumbnailUrl\":\"https:\\\/\\\/www.topicfoot.fr\\\/wp-content\\\/uploads\\\/2024\\\/12\\\/di-stefano-tf02.webp\",\"articleSection\":[\"Joueurs : salaires, valeur marchande et contrats\",\"L\u00e9gende\",\"Toutes les cat\u00e9gories\"],\"inLanguage\":\"fr-FR\"},{\"@type\":\"WebPage\",\"@id\":\"https:\\\/\\\/www.topicfoot.fr\\\/index.php\\\/2024\\\/12\\\/13\\\/1956-la-saeta-rubia-qui-etait-alfredo-di-stefano\\\/\",\"url\":\"https:\\\/\\\/www.topicfoot.fr\\\/index.php\\\/2024\\\/12\\\/13\\\/1956-la-saeta-rubia-qui-etait-alfredo-di-stefano\\\/\",\"name\":\"1956 : La Saeta Rubia, qui \u00e9tait Alfredo di St\u00e9fano\",\"isPartOf\":{\"@id\":\"https:\\\/\\\/www.topicfoot.fr\\\/#website\"},\"primaryImageOfPage\":{\"@id\":\"https:\\\/\\\/www.topicfoot.fr\\\/index.php\\\/2024\\\/12\\\/13\\\/1956-la-saeta-rubia-qui-etait-alfredo-di-stefano\\\/#primaryimage\"},\"image\":{\"@id\":\"https:\\\/\\\/www.topicfoot.fr\\\/index.php\\\/2024\\\/12\\\/13\\\/1956-la-saeta-rubia-qui-etait-alfredo-di-stefano\\\/#primaryimage\"},\"thumbnailUrl\":\"https:\\\/\\\/www.topicfoot.fr\\\/wp-content\\\/uploads\\\/2024\\\/12\\\/di-stefano-tf02.webp\",\"datePublished\":\"2024-12-13T13:20:00+00:00\",\"dateModified\":\"2025-02-18T19:49:14+00:00\",\"description\":\"Le football a connu des ic\u00f4nes qui ont marqu\u00e9 l'histoire de ce sport. Alfredo Di St\u00e9fano, surnomm\u00e9 \\\"La Saeta Rubia\\\",\",\"breadcrumb\":{\"@id\":\"https:\\\/\\\/www.topicfoot.fr\\\/index.php\\\/2024\\\/12\\\/13\\\/1956-la-saeta-rubia-qui-etait-alfredo-di-stefano\\\/#breadcrumb\"},\"inLanguage\":\"fr-FR\",\"potentialAction\":[{\"@type\":\"ReadAction\",\"target\":[\"https:\\\/\\\/www.topicfoot.fr\\\/index.php\\\/2024\\\/12\\\/13\\\/1956-la-saeta-rubia-qui-etait-alfredo-di-stefano\\\/\"]}]},{\"@type\":\"ImageObject\",\"inLanguage\":\"fr-FR\",\"@id\":\"https:\\\/\\\/www.topicfoot.fr\\\/index.php\\\/2024\\\/12\\\/13\\\/1956-la-saeta-rubia-qui-etait-alfredo-di-stefano\\\/#primaryimage\",\"url\":\"https:\\\/\\\/www.topicfoot.fr\\\/wp-content\\\/uploads\\\/2024\\\/12\\\/di-stefano-tf02.webp\",\"contentUrl\":\"https:\\\/\\\/www.topicfoot.fr\\\/wp-content\\\/uploads\\\/2024\\\/12\\\/di-stefano-tf02.webp\",\"width\":1024,\"height\":576},{\"@type\":\"BreadcrumbList\",\"@id\":\"https:\\\/\\\/www.topicfoot.fr\\\/index.php\\\/2024\\\/12\\\/13\\\/1956-la-saeta-rubia-qui-etait-alfredo-di-stefano\\\/#breadcrumb\",\"itemListElement\":[{\"@type\":\"ListItem\",\"position\":1,\"name\":\"Accueil\",\"item\":\"https:\\\/\\\/www.topicfoot.fr\\\/\"},{\"@type\":\"ListItem\",\"position\":2,\"name\":\"1956 : La Saeta Rubia, qui \u00e9tait Alfredo di St\u00e9fano\"}]},{\"@type\":\"WebSite\",\"@id\":\"https:\\\/\\\/www.topicfoot.fr\\\/#website\",\"url\":\"https:\\\/\\\/www.topicfoot.fr\\\/\",\"name\":\"Topic Foot\",\"description\":\"Tous l&#039;univers du Foot !\",\"publisher\":{\"@id\":\"https:\\\/\\\/www.topicfoot.fr\\\/#organization\"},\"potentialAction\":[{\"@type\":\"SearchAction\",\"target\":{\"@type\":\"EntryPoint\",\"urlTemplate\":\"https:\\\/\\\/www.topicfoot.fr\\\/?s={search_term_string}\"},\"query-input\":{\"@type\":\"PropertyValueSpecification\",\"valueRequired\":true,\"valueName\":\"search_term_string\"}}],\"inLanguage\":\"fr-FR\"},{\"@type\":\"Organization\",\"@id\":\"https:\\\/\\\/www.topicfoot.fr\\\/#organization\",\"name\":\"Topic Foot\",\"url\":\"https:\\\/\\\/www.topicfoot.fr\\\/\",\"logo\":{\"@type\":\"ImageObject\",\"inLanguage\":\"fr-FR\",\"@id\":\"https:\\\/\\\/www.topicfoot.fr\\\/#\\\/schema\\\/logo\\\/image\\\/\",\"url\":\"https:\\\/\\\/www.topicfoot.fr\\\/wp-content\\\/uploads\\\/2024\\\/04\\\/cropped-logo-topicfoot-new.jpg\",\"contentUrl\":\"https:\\\/\\\/www.topicfoot.fr\\\/wp-content\\\/uploads\\\/2024\\\/04\\\/cropped-logo-topicfoot-new.jpg\",\"width\":512,\"height\":512,\"caption\":\"Topic Foot\"},\"image\":{\"@id\":\"https:\\\/\\\/www.topicfoot.fr\\\/#\\\/schema\\\/logo\\\/image\\\/\"},\"sameAs\":[\"https:\\\/\\\/www.facebook.com\\\/topicfoot.fr\"]},{\"@type\":\"Person\",\"@id\":\"https:\\\/\\\/www.topicfoot.fr\\\/#\\\/schema\\\/person\\\/c3cc72d0475041f6006c3b9ac2fdd651\",\"name\":\"Laurent M\",\"pronouns\":\"il\",\"image\":{\"@type\":\"ImageObject\",\"inLanguage\":\"fr-FR\",\"@id\":\"https:\\\/\\\/secure.gravatar.com\\\/avatar\\\/1556f82bcb30ea7f53ada028296fbd5dbf338b8cb58c931c36f8ff69ea259d82?s=96&d=mm&r=g\",\"url\":\"https:\\\/\\\/secure.gravatar.com\\\/avatar\\\/1556f82bcb30ea7f53ada028296fbd5dbf338b8cb58c931c36f8ff69ea259d82?s=96&d=mm&r=g\",\"contentUrl\":\"https:\\\/\\\/secure.gravatar.com\\\/avatar\\\/1556f82bcb30ea7f53ada028296fbd5dbf338b8cb58c931c36f8ff69ea259d82?s=96&d=mm&r=g\",\"caption\":\"Laurent M\"},\"description\":\"Je m\u2019appelle Laurent et je suis passionn\u00e9 de football depuis mon plus jeune \u00e2ge. Ancien joueur en cat\u00e9gories de jeunes, j\u2019ai rapidement compris qu\u2019au\u2011del\u00e0 du terrain, ce sont aussi les histoires, les tactiques et les trajectoires de carri\u00e8re qui font la richesse de ce sport. Avec le temps, j\u2019ai eu envie de passer de l\u2019autre c\u00f4t\u00e9 du jeu : celui de l\u2019analyse, de l\u2019\u00e9criture et de la transmission. Depuis septembre 2024, je suis r\u00e9dacteur chez Topicfoot, o\u00f9 je m\u2019attache \u00e0 expliquer le football sous toutes ses dimensions. J\u2019aime d\u00e9crypter les matchs, analyser les choix tactiques des entra\u00eeneurs et proposer des dossiers de fond sur l\u2019\u00e9conomie du football : transferts, salaires, strat\u00e9gies de recrutement ou \u00e9volution des championnats. Mon objectif est de rendre accessibles des sujets parfois techniques, sans jamais sacrifier la pr\u00e9cision. Dans mes articles, je m\u2019efforce de croiser statistiques, ressentis du terrain et contexte historique pour offrir au lecteur une vision compl\u00e8te et nuanc\u00e9e du jeu. Je suis de pr\u00e8s la Ligue 1, les grands championnats europ\u00e9ens et l\u2019essor de nouveaux projets footballistiques \u00e0 l\u2019international, avec une attention particuli\u00e8re pour les dynamiques de clubs sur le long terme. En dehors de la r\u00e9daction, je continue de jouer en amateur et je passe beaucoup de temps \u00e0 regarder des matchs et analyser des s\u00e9quences vid\u00e9o. Cette habitude nourrit directement mon travail d\u2019\u00e9criture : chaque rencontre est une occasion de mieux comprendre le jeu\u2026 et de mieux le raconter aux lecteurs de Topicfoot.\",\"url\":\"https:\\\/\\\/www.topicfoot.fr\\\/index.php\\\/author\\\/laurent-muscarnera\\\/\"}]}<\/script>\n<!-- \/ Yoast SEO plugin. -->","yoast_head_json":{"title":"1956 : La Saeta Rubia, qui \u00e9tait Alfredo di St\u00e9fano","description":"Le football a connu des ic\u00f4nes qui ont marqu\u00e9 l'histoire de ce sport. Alfredo Di St\u00e9fano, surnomm\u00e9 \"La Saeta Rubia\",","robots":{"index":"index","follow":"follow","max-snippet":"max-snippet:-1","max-image-preview":"max-image-preview:large","max-video-preview":"max-video-preview:-1"},"canonical":"https:\/\/www.topicfoot.fr\/index.php\/2024\/12\/13\/1956-la-saeta-rubia-qui-etait-alfredo-di-stefano\/","og_locale":"fr_FR","og_type":"article","og_title":"1956 : La Saeta Rubia, qui \u00e9tait Alfredo di St\u00e9fano","og_description":"Le football a connu des ic\u00f4nes qui ont marqu\u00e9 l'histoire de ce sport. Alfredo Di St\u00e9fano, surnomm\u00e9 \"La Saeta Rubia\",","og_url":"https:\/\/www.topicfoot.fr\/index.php\/2024\/12\/13\/1956-la-saeta-rubia-qui-etait-alfredo-di-stefano\/","og_site_name":"Topic Foot","article_publisher":"https:\/\/www.facebook.com\/topicfoot.fr","article_published_time":"2024-12-13T13:20:00+00:00","article_modified_time":"2025-02-18T19:49:14+00:00","og_image":[{"width":1024,"height":576,"url":"https:\/\/www.topicfoot.fr\/wp-content\/uploads\/2024\/12\/di-stefano-tf02.webp","type":"image\/jpeg"}],"author":"Laurent M","twitter_card":"summary_large_image","twitter_misc":{"\u00c9crit par":"Laurent M","Dur\u00e9e de lecture estim\u00e9e":"4 minutes"},"schema":{"@context":"https:\/\/schema.org","@graph":[{"@type":"Article","@id":"https:\/\/www.topicfoot.fr\/index.php\/2024\/12\/13\/1956-la-saeta-rubia-qui-etait-alfredo-di-stefano\/#article","isPartOf":{"@id":"https:\/\/www.topicfoot.fr\/index.php\/2024\/12\/13\/1956-la-saeta-rubia-qui-etait-alfredo-di-stefano\/"},"author":{"name":"Laurent M","@id":"https:\/\/www.topicfoot.fr\/#\/schema\/person\/c3cc72d0475041f6006c3b9ac2fdd651"},"headline":"1956 : La Saeta Rubia, qui \u00e9tait Alfredo di St\u00e9fano","datePublished":"2024-12-13T13:20:00+00:00","dateModified":"2025-02-18T19:49:14+00:00","mainEntityOfPage":{"@id":"https:\/\/www.topicfoot.fr\/index.php\/2024\/12\/13\/1956-la-saeta-rubia-qui-etait-alfredo-di-stefano\/"},"wordCount":611,"publisher":{"@id":"https:\/\/www.topicfoot.fr\/#organization"},"image":{"@id":"https:\/\/www.topicfoot.fr\/index.php\/2024\/12\/13\/1956-la-saeta-rubia-qui-etait-alfredo-di-stefano\/#primaryimage"},"thumbnailUrl":"https:\/\/www.topicfoot.fr\/wp-content\/uploads\/2024\/12\/di-stefano-tf02.webp","articleSection":["Joueurs : salaires, valeur marchande et contrats","L\u00e9gende","Toutes les cat\u00e9gories"],"inLanguage":"fr-FR"},{"@type":"WebPage","@id":"https:\/\/www.topicfoot.fr\/index.php\/2024\/12\/13\/1956-la-saeta-rubia-qui-etait-alfredo-di-stefano\/","url":"https:\/\/www.topicfoot.fr\/index.php\/2024\/12\/13\/1956-la-saeta-rubia-qui-etait-alfredo-di-stefano\/","name":"1956 : La Saeta Rubia, qui \u00e9tait Alfredo di St\u00e9fano","isPartOf":{"@id":"https:\/\/www.topicfoot.fr\/#website"},"primaryImageOfPage":{"@id":"https:\/\/www.topicfoot.fr\/index.php\/2024\/12\/13\/1956-la-saeta-rubia-qui-etait-alfredo-di-stefano\/#primaryimage"},"image":{"@id":"https:\/\/www.topicfoot.fr\/index.php\/2024\/12\/13\/1956-la-saeta-rubia-qui-etait-alfredo-di-stefano\/#primaryimage"},"thumbnailUrl":"https:\/\/www.topicfoot.fr\/wp-content\/uploads\/2024\/12\/di-stefano-tf02.webp","datePublished":"2024-12-13T13:20:00+00:00","dateModified":"2025-02-18T19:49:14+00:00","description":"Le football a connu des ic\u00f4nes qui ont marqu\u00e9 l'histoire de ce sport. Alfredo Di St\u00e9fano, surnomm\u00e9 \"La Saeta Rubia\",","breadcrumb":{"@id":"https:\/\/www.topicfoot.fr\/index.php\/2024\/12\/13\/1956-la-saeta-rubia-qui-etait-alfredo-di-stefano\/#breadcrumb"},"inLanguage":"fr-FR","potentialAction":[{"@type":"ReadAction","target":["https:\/\/www.topicfoot.fr\/index.php\/2024\/12\/13\/1956-la-saeta-rubia-qui-etait-alfredo-di-stefano\/"]}]},{"@type":"ImageObject","inLanguage":"fr-FR","@id":"https:\/\/www.topicfoot.fr\/index.php\/2024\/12\/13\/1956-la-saeta-rubia-qui-etait-alfredo-di-stefano\/#primaryimage","url":"https:\/\/www.topicfoot.fr\/wp-content\/uploads\/2024\/12\/di-stefano-tf02.webp","contentUrl":"https:\/\/www.topicfoot.fr\/wp-content\/uploads\/2024\/12\/di-stefano-tf02.webp","width":1024,"height":576},{"@type":"BreadcrumbList","@id":"https:\/\/www.topicfoot.fr\/index.php\/2024\/12\/13\/1956-la-saeta-rubia-qui-etait-alfredo-di-stefano\/#breadcrumb","itemListElement":[{"@type":"ListItem","position":1,"name":"Accueil","item":"https:\/\/www.topicfoot.fr\/"},{"@type":"ListItem","position":2,"name":"1956 : La Saeta Rubia, qui \u00e9tait Alfredo di St\u00e9fano"}]},{"@type":"WebSite","@id":"https:\/\/www.topicfoot.fr\/#website","url":"https:\/\/www.topicfoot.fr\/","name":"Topic Foot","description":"Tous l&#039;univers du Foot !","publisher":{"@id":"https:\/\/www.topicfoot.fr\/#organization"},"potentialAction":[{"@type":"SearchAction","target":{"@type":"EntryPoint","urlTemplate":"https:\/\/www.topicfoot.fr\/?s={search_term_string}"},"query-input":{"@type":"PropertyValueSpecification","valueRequired":true,"valueName":"search_term_string"}}],"inLanguage":"fr-FR"},{"@type":"Organization","@id":"https:\/\/www.topicfoot.fr\/#organization","name":"Topic Foot","url":"https:\/\/www.topicfoot.fr\/","logo":{"@type":"ImageObject","inLanguage":"fr-FR","@id":"https:\/\/www.topicfoot.fr\/#\/schema\/logo\/image\/","url":"https:\/\/www.topicfoot.fr\/wp-content\/uploads\/2024\/04\/cropped-logo-topicfoot-new.jpg","contentUrl":"https:\/\/www.topicfoot.fr\/wp-content\/uploads\/2024\/04\/cropped-logo-topicfoot-new.jpg","width":512,"height":512,"caption":"Topic Foot"},"image":{"@id":"https:\/\/www.topicfoot.fr\/#\/schema\/logo\/image\/"},"sameAs":["https:\/\/www.facebook.com\/topicfoot.fr"]},{"@type":"Person","@id":"https:\/\/www.topicfoot.fr\/#\/schema\/person\/c3cc72d0475041f6006c3b9ac2fdd651","name":"Laurent M","pronouns":"il","image":{"@type":"ImageObject","inLanguage":"fr-FR","@id":"https:\/\/secure.gravatar.com\/avatar\/1556f82bcb30ea7f53ada028296fbd5dbf338b8cb58c931c36f8ff69ea259d82?s=96&d=mm&r=g","url":"https:\/\/secure.gravatar.com\/avatar\/1556f82bcb30ea7f53ada028296fbd5dbf338b8cb58c931c36f8ff69ea259d82?s=96&d=mm&r=g","contentUrl":"https:\/\/secure.gravatar.com\/avatar\/1556f82bcb30ea7f53ada028296fbd5dbf338b8cb58c931c36f8ff69ea259d82?s=96&d=mm&r=g","caption":"Laurent M"},"description":"Je m\u2019appelle Laurent et je suis passionn\u00e9 de football depuis mon plus jeune \u00e2ge. Ancien joueur en cat\u00e9gories de jeunes, j\u2019ai rapidement compris qu\u2019au\u2011del\u00e0 du terrain, ce sont aussi les histoires, les tactiques et les trajectoires de carri\u00e8re qui font la richesse de ce sport. Avec le temps, j\u2019ai eu envie de passer de l\u2019autre c\u00f4t\u00e9 du jeu : celui de l\u2019analyse, de l\u2019\u00e9criture et de la transmission. Depuis septembre 2024, je suis r\u00e9dacteur chez Topicfoot, o\u00f9 je m\u2019attache \u00e0 expliquer le football sous toutes ses dimensions. J\u2019aime d\u00e9crypter les matchs, analyser les choix tactiques des entra\u00eeneurs et proposer des dossiers de fond sur l\u2019\u00e9conomie du football : transferts, salaires, strat\u00e9gies de recrutement ou \u00e9volution des championnats. Mon objectif est de rendre accessibles des sujets parfois techniques, sans jamais sacrifier la pr\u00e9cision. Dans mes articles, je m\u2019efforce de croiser statistiques, ressentis du terrain et contexte historique pour offrir au lecteur une vision compl\u00e8te et nuanc\u00e9e du jeu. Je suis de pr\u00e8s la Ligue 1, les grands championnats europ\u00e9ens et l\u2019essor de nouveaux projets footballistiques \u00e0 l\u2019international, avec une attention particuli\u00e8re pour les dynamiques de clubs sur le long terme. En dehors de la r\u00e9daction, je continue de jouer en amateur et je passe beaucoup de temps \u00e0 regarder des matchs et analyser des s\u00e9quences vid\u00e9o. Cette habitude nourrit directement mon travail d\u2019\u00e9criture : chaque rencontre est une occasion de mieux comprendre le jeu\u2026 et de mieux le raconter aux lecteurs de Topicfoot.","url":"https:\/\/www.topicfoot.fr\/index.php\/author\/laurent-muscarnera\/"}]}},"_links":{"self":[{"href":"https:\/\/www.topicfoot.fr\/index.php\/wp-json\/wp\/v2\/posts\/11575","targetHints":{"allow":["GET"]}}],"collection":[{"href":"https:\/\/www.topicfoot.fr\/index.php\/wp-json\/wp\/v2\/posts"}],"about":[{"href":"https:\/\/www.topicfoot.fr\/index.php\/wp-json\/wp\/v2\/types\/post"}],"author":[{"embeddable":true,"href":"https:\/\/www.topicfoot.fr\/index.php\/wp-json\/wp\/v2\/users\/5"}],"replies":[{"embeddable":true,"href":"https:\/\/www.topicfoot.fr\/index.php\/wp-json\/wp\/v2\/comments?post=11575"}],"version-history":[{"count":0,"href":"https:\/\/www.topicfoot.fr\/index.php\/wp-json\/wp\/v2\/posts\/11575\/revisions"}],"wp:featuredmedia":[{"embeddable":true,"href":"https:\/\/www.topicfoot.fr\/index.php\/wp-json\/wp\/v2\/media\/11577"}],"wp:attachment":[{"href":"https:\/\/www.topicfoot.fr\/index.php\/wp-json\/wp\/v2\/media?parent=11575"}],"wp:term":[{"taxonomy":"category","embeddable":true,"href":"https:\/\/www.topicfoot.fr\/index.php\/wp-json\/wp\/v2\/categories?post=11575"},{"taxonomy":"post_tag","embeddable":true,"href":"https:\/\/www.topicfoot.fr\/index.php\/wp-json\/wp\/v2\/tags?post=11575"},{"taxonomy":"post_folder","embeddable":true,"href":"https:\/\/www.topicfoot.fr\/index.php\/wp-json\/wp\/v2\/post_folder?post=11575"}],"curies":[{"name":"wp","href":"https:\/\/api.w.org\/{rel}","templated":true}]}}