{"id":11694,"date":"2024-12-27T13:43:00","date_gmt":"2024-12-27T12:43:00","guid":{"rendered":"https:\/\/www.topicfoot.fr\/?p=11694"},"modified":"2024-12-27T23:58:07","modified_gmt":"2024-12-27T22:58:07","slug":"berlusconi-et-lac-milan-des-annees-90-une-epoque-doree","status":"publish","type":"post","link":"https:\/\/www.topicfoot.fr\/index.php\/2024\/12\/27\/berlusconi-et-lac-milan-des-annees-90-une-epoque-doree\/","title":{"rendered":"Berlusconi et l&rsquo;AC Milan des ann\u00e9es 90 : Une \u00e9poque dor\u00e9e"},"content":{"rendered":"<span class=\"span-reading-time rt-reading-time\" style=\"display: block;\"><span class=\"rt-label rt-prefix\">Temps de lecture\u00a0:  <\/span> <span class=\"rt-time\"> 2<\/span> <span class=\"rt-label rt-postfix\">minutes.  <\/span><\/span>\n<p><em><strong>Berlusconi Milan AC<\/strong> : <\/em>Silvio Berlusconi a marqu\u00e9 l&rsquo;histoire du football en r\u00e9volutionnant l&rsquo;AC Milan. Son r\u00e8gne dans les ann\u00e9es 90 reste inoubliable. Cet article revient sur les moments forts de cette \u00e9poque et l&rsquo;impact de Berlusconi sur le club lombard.<\/p>\n\n\n<div class=\"wp-block-image\">\n<figure class=\"aligncenter size-full is-resized\"><img loading=\"lazy\" decoding=\"async\" width=\"600\" height=\"600\" src=\"https:\/\/www.topicfoot.fr\/wp-content\/uploads\/2024\/01\/logo-seriea-ac-milan.png\" alt=\"Berlusconi Milan AC\" class=\"wp-image-4775\" style=\"width:184px;height:auto\" srcset=\"https:\/\/www.topicfoot.fr\/wp-content\/uploads\/2024\/01\/logo-seriea-ac-milan.png 600w, https:\/\/www.topicfoot.fr\/wp-content\/uploads\/2024\/01\/logo-seriea-ac-milan-300x300.png 300w, https:\/\/www.topicfoot.fr\/wp-content\/uploads\/2024\/01\/logo-seriea-ac-milan-150x150.png 150w\" sizes=\"auto, (max-width: 600px) 100vw, 600px\" \/><\/figure>\n<\/div>\n\n\n<h2 class=\"wp-block-heading\">L&rsquo;arriv\u00e9e de Berlusconi \u00e0 l&rsquo;<a href=\"https:\/\/www.acmilan.com\" target=\"_blank\" rel=\"noreferrer noopener\">AC Milan<\/a><\/h2>\n\n\n\n<p>En 1986, Silvio Berlusconi rach\u00e8te l&rsquo;AC Milan, un club alors en difficult\u00e9 financi\u00e8re et sportive. Berlusconi voulait faire de l&rsquo;\u00e9quipe une institution mondiale. Il apporte des moyens financiers colossaux et une vision ambitieuse. Sous sa direction, le club devient un mod\u00e8le de gestion et de succ\u00e8s.<\/p>\n\n\n\n<h2 class=\"wp-block-heading\">Les ann\u00e9es 90 : une domination totale<\/h2>\n\n\n\n<p>Sous Berlusconi, l&rsquo;AC Milan des ann\u00e9es 90 atteint des sommets. Le club domine le football italien et europ\u00e9en. Avec des joueurs l\u00e9gendaires et des entra\u00eeneurs innovants, Milan \u00e9crit une des plus belles pages de l&rsquo;histoire du football.<\/p>\n\n\n<div class=\"wp-block-image\">\n<figure class=\"aligncenter size-full is-resized\"><img loading=\"lazy\" decoding=\"async\" width=\"1024\" height=\"576\" src=\"https:\/\/www.topicfoot.fr\/wp-content\/uploads\/2024\/12\/berlusconi-tf01.webp\" alt=\"Berlusconi Milan AC\" class=\"wp-image-11695\" style=\"width:764px;height:auto\" srcset=\"https:\/\/www.topicfoot.fr\/wp-content\/uploads\/2024\/12\/berlusconi-tf01.webp 1024w, https:\/\/www.topicfoot.fr\/wp-content\/uploads\/2024\/12\/berlusconi-tf01-300x169.webp 300w, https:\/\/www.topicfoot.fr\/wp-content\/uploads\/2024\/12\/berlusconi-tf01-768x432.webp 768w, https:\/\/www.topicfoot.fr\/wp-content\/uploads\/2024\/12\/berlusconi-tf01-678x381.webp 678w\" sizes=\"auto, (max-width: 1024px) 100vw, 1024px\" \/><\/figure>\n<\/div>\n\n\n<h2 class=\"wp-block-heading\">Des entra\u00eeneurs visionnaires<\/h2>\n\n\n\n<p>Arrigo Sacchi, recrut\u00e9 par Berlusconi en 1987, r\u00e9volutionne le football avec son approche tactique. Il impose un pressing intense et un jeu collectif fluide. Sacchi offre au Milan une identit\u00e9 unique et des succ\u00e8s retentissants. Fabio Capello, son successeur, perp\u00e9tue cette philosophie tout en consolidant la domination de l&rsquo;\u00e9quipe.<\/p>\n\n\n\n<h2 class=\"wp-block-heading\">Des joueurs l\u00e9gendaires<\/h2>\n\n\n\n<p>Le Milan de Berlusconi attire des stars mondiales comme Marco van Basten, Ruud Gullit et Frank Rijkaard. Ces joueurs forment une \u00e9quipe mythique, avec des performances remarquables en Serie A et en Ligue des champions. La solidit\u00e9 d\u00e9fensive est assur\u00e9e par des ic\u00f4nes comme Franco Baresi et Paolo Maldini, piliers de l&rsquo;histoire du club.<\/p>\n\n\n\n<h2 class=\"wp-block-heading\">Un palmar\u00e8s exceptionnel<\/h2>\n\n\n\n<p>Dans les ann\u00e9es 90, l&rsquo;AC Milan remporte cinq titres de Serie A et trois Ligues des champions. Le club brille \u00e0 travers l&rsquo;Europe, symbolisant l&rsquo;excellence et l&rsquo;innovation tactique. En 1994, la victoire 4-0 contre Barcelone en finale de Ligue des champions reste l&rsquo;un des moments les plus embl\u00e9matiques.<\/p>\n\n\n\n<h2 class=\"wp-block-heading\">Une influence au-del\u00e0 du terrain<\/h2>\n\n\n\n<p>Berlusconi ne se contente pas de r\u00e9ussir sur le terrain. Il transforme l&rsquo;image du club avec une communication modernis\u00e9e et des campagnes marketing ambitieuses. L&rsquo;AC Milan devient une marque mondiale, attirant des supporters bien au-del\u00e0 de l&rsquo;Italie.<\/p>\n\n\n\n<h2 class=\"wp-block-heading\">Les bases d&rsquo;une dynastie<\/h2>\n\n\n\n<p>L&rsquo;h\u00e9ritage de Berlusconi \u00e0 Milan reste inestimable. Son investissement dans les infrastructures, comme le centre d&rsquo;entra\u00eenement de Milanello, a pos\u00e9 les bases du succ\u00e8s \u00e0 long terme. Le club continue de b\u00e9n\u00e9ficier des standards qu&rsquo;il a \u00e9tablis.<\/p>\n\n\n\n<hr class=\"wp-block-separator has-alpha-channel-opacity\"\/>\n\n\n\n<p>Le r\u00e8gne de Berlusconi \u00e0 l&rsquo;AC Milan des ann\u00e9es 90 symbolise une \u00e9poque de gloire et d&rsquo;innovation. Son ambition et ses choix strat\u00e9giques ont red\u00e9fini le football moderne. \u00ab\u00a0<strong>Berlusconi Milan AC<\/strong>\u00a0\u00bb restera toujours une expression associ\u00e9e \u00e0 l&rsquo;excellence et au succ\u00e8s dans le monde du football.<\/p>\n\n\n\n<p><\/p>\n","protected":false},"excerpt":{"rendered":"<div class=\"mh-excerpt\">Berlusconi Milan AC : Silvio Berlusconi a marqu\u00e9 l&rsquo;histoire du football en r\u00e9volutionnant l&rsquo;AC Milan. Son r\u00e8gne dans les ann\u00e9es 90&#8230;<\/div>\n<p> <a class=\"mh-excerpt-more\" href=\"https:\/\/www.topicfoot.fr\/index.php\/2024\/12\/27\/berlusconi-et-lac-milan-des-annees-90-une-epoque-doree\/\" title=\"Berlusconi et l&rsquo;AC Milan des ann\u00e9es 90 : Une \u00e9poque dor\u00e9e\">[&#8230;]<\/a><\/p>\n","protected":false},"author":1,"featured_media":11695,"comment_status":"closed","ping_status":"open","sticky":false,"template":"","format":"standard","meta":{"footnotes":""},"categories":[97,131,31],"tags":[],"post_folder":[],"class_list":{"0":"post-11694","1":"post","2":"type-post","3":"status-publish","4":"format-standard","5":"has-post-thumbnail","7":"category-histoire","8":"category-legende","9":"category-toutes-les-categories"},"yoast_head":"<!-- This site is optimized with the Yoast SEO plugin v27.4 - https:\/\/yoast.com\/product\/yoast-seo-wordpress\/ -->\n<title>Berlusconi et l&#039;AC Milan des ann\u00e9es 90 : Une \u00e9poque dor\u00e9e<\/title>\n<meta name=\"description\" content=\"Berlusconi Milan AC : Silvio Berlusconi a marqu\u00e9 l&#039;histoire du football en r\u00e9volutionnant l&#039;AC Milan. Son r\u00e8gne dans les ann\u00e9es 90...\" \/>\n<meta name=\"robots\" content=\"index, follow, max-snippet:-1, max-image-preview:large, max-video-preview:-1\" \/>\n<link rel=\"canonical\" href=\"https:\/\/www.topicfoot.fr\/index.php\/2024\/12\/27\/berlusconi-et-lac-milan-des-annees-90-une-epoque-doree\/\" \/>\n<meta property=\"og:locale\" content=\"fr_FR\" \/>\n<meta property=\"og:type\" content=\"article\" \/>\n<meta property=\"og:title\" content=\"Berlusconi et l&#039;AC Milan des ann\u00e9es 90 : Une \u00e9poque dor\u00e9e\" \/>\n<meta property=\"og:description\" content=\"Berlusconi Milan AC : Silvio Berlusconi a marqu\u00e9 l&#039;histoire du football en r\u00e9volutionnant l&#039;AC Milan. Son r\u00e8gne dans les ann\u00e9es 90...\" \/>\n<meta property=\"og:url\" content=\"https:\/\/www.topicfoot.fr\/index.php\/2024\/12\/27\/berlusconi-et-lac-milan-des-annees-90-une-epoque-doree\/\" \/>\n<meta property=\"og:site_name\" content=\"Topic Foot\" \/>\n<meta property=\"article:publisher\" content=\"https:\/\/www.facebook.com\/topicfoot.fr\" \/>\n<meta property=\"article:published_time\" content=\"2024-12-27T12:43:00+00:00\" \/>\n<meta property=\"article:modified_time\" content=\"2024-12-27T22:58:07+00:00\" \/>\n<meta property=\"og:image\" content=\"https:\/\/www.topicfoot.fr\/wp-content\/uploads\/2024\/12\/berlusconi-tf01.webp\" \/>\n\t<meta property=\"og:image:width\" content=\"1024\" \/>\n\t<meta property=\"og:image:height\" content=\"576\" \/>\n\t<meta property=\"og:image:type\" content=\"image\/jpeg\" \/>\n<meta name=\"author\" content=\"Florent G\" \/>\n<meta name=\"twitter:card\" content=\"summary_large_image\" \/>\n<meta name=\"twitter:label1\" content=\"\u00c9crit par\" \/>\n\t<meta name=\"twitter:data1\" content=\"Florent G\" \/>\n\t<meta name=\"twitter:label2\" content=\"Dur\u00e9e de lecture estim\u00e9e\" \/>\n\t<meta name=\"twitter:data2\" content=\"3 minutes\" \/>\n<script type=\"application\/ld+json\" class=\"yoast-schema-graph\">{\"@context\":\"https:\\\/\\\/schema.org\",\"@graph\":[{\"@type\":\"Article\",\"@id\":\"https:\\\/\\\/www.topicfoot.fr\\\/index.php\\\/2024\\\/12\\\/27\\\/berlusconi-et-lac-milan-des-annees-90-une-epoque-doree\\\/#article\",\"isPartOf\":{\"@id\":\"https:\\\/\\\/www.topicfoot.fr\\\/index.php\\\/2024\\\/12\\\/27\\\/berlusconi-et-lac-milan-des-annees-90-une-epoque-doree\\\/\"},\"author\":{\"name\":\"Florent G\",\"@id\":\"https:\\\/\\\/www.topicfoot.fr\\\/#\\\/schema\\\/person\\\/e11785565f6247f9acd9d5b796ec4d62\"},\"headline\":\"Berlusconi et l&rsquo;AC Milan des ann\u00e9es 90 : Une \u00e9poque dor\u00e9e\",\"datePublished\":\"2024-12-27T12:43:00+00:00\",\"dateModified\":\"2024-12-27T22:58:07+00:00\",\"mainEntityOfPage\":{\"@id\":\"https:\\\/\\\/www.topicfoot.fr\\\/index.php\\\/2024\\\/12\\\/27\\\/berlusconi-et-lac-milan-des-annees-90-une-epoque-doree\\\/\"},\"wordCount\":485,\"publisher\":{\"@id\":\"https:\\\/\\\/www.topicfoot.fr\\\/#organization\"},\"image\":{\"@id\":\"https:\\\/\\\/www.topicfoot.fr\\\/index.php\\\/2024\\\/12\\\/27\\\/berlusconi-et-lac-milan-des-annees-90-une-epoque-doree\\\/#primaryimage\"},\"thumbnailUrl\":\"https:\\\/\\\/www.topicfoot.fr\\\/wp-content\\\/uploads\\\/2024\\\/12\\\/berlusconi-tf01.webp\",\"articleSection\":[\"Histoire du football\",\"L\u00e9gende\",\"Toutes les cat\u00e9gories\"],\"inLanguage\":\"fr-FR\"},{\"@type\":\"WebPage\",\"@id\":\"https:\\\/\\\/www.topicfoot.fr\\\/index.php\\\/2024\\\/12\\\/27\\\/berlusconi-et-lac-milan-des-annees-90-une-epoque-doree\\\/\",\"url\":\"https:\\\/\\\/www.topicfoot.fr\\\/index.php\\\/2024\\\/12\\\/27\\\/berlusconi-et-lac-milan-des-annees-90-une-epoque-doree\\\/\",\"name\":\"Berlusconi et l'AC Milan des ann\u00e9es 90 : Une \u00e9poque dor\u00e9e\",\"isPartOf\":{\"@id\":\"https:\\\/\\\/www.topicfoot.fr\\\/#website\"},\"primaryImageOfPage\":{\"@id\":\"https:\\\/\\\/www.topicfoot.fr\\\/index.php\\\/2024\\\/12\\\/27\\\/berlusconi-et-lac-milan-des-annees-90-une-epoque-doree\\\/#primaryimage\"},\"image\":{\"@id\":\"https:\\\/\\\/www.topicfoot.fr\\\/index.php\\\/2024\\\/12\\\/27\\\/berlusconi-et-lac-milan-des-annees-90-une-epoque-doree\\\/#primaryimage\"},\"thumbnailUrl\":\"https:\\\/\\\/www.topicfoot.fr\\\/wp-content\\\/uploads\\\/2024\\\/12\\\/berlusconi-tf01.webp\",\"datePublished\":\"2024-12-27T12:43:00+00:00\",\"dateModified\":\"2024-12-27T22:58:07+00:00\",\"description\":\"Berlusconi Milan AC : Silvio Berlusconi a marqu\u00e9 l'histoire du football en r\u00e9volutionnant l'AC Milan. Son r\u00e8gne dans les ann\u00e9es 90...\",\"breadcrumb\":{\"@id\":\"https:\\\/\\\/www.topicfoot.fr\\\/index.php\\\/2024\\\/12\\\/27\\\/berlusconi-et-lac-milan-des-annees-90-une-epoque-doree\\\/#breadcrumb\"},\"inLanguage\":\"fr-FR\",\"potentialAction\":[{\"@type\":\"ReadAction\",\"target\":[\"https:\\\/\\\/www.topicfoot.fr\\\/index.php\\\/2024\\\/12\\\/27\\\/berlusconi-et-lac-milan-des-annees-90-une-epoque-doree\\\/\"]}]},{\"@type\":\"ImageObject\",\"inLanguage\":\"fr-FR\",\"@id\":\"https:\\\/\\\/www.topicfoot.fr\\\/index.php\\\/2024\\\/12\\\/27\\\/berlusconi-et-lac-milan-des-annees-90-une-epoque-doree\\\/#primaryimage\",\"url\":\"https:\\\/\\\/www.topicfoot.fr\\\/wp-content\\\/uploads\\\/2024\\\/12\\\/berlusconi-tf01.webp\",\"contentUrl\":\"https:\\\/\\\/www.topicfoot.fr\\\/wp-content\\\/uploads\\\/2024\\\/12\\\/berlusconi-tf01.webp\",\"width\":1024,\"height\":576},{\"@type\":\"BreadcrumbList\",\"@id\":\"https:\\\/\\\/www.topicfoot.fr\\\/index.php\\\/2024\\\/12\\\/27\\\/berlusconi-et-lac-milan-des-annees-90-une-epoque-doree\\\/#breadcrumb\",\"itemListElement\":[{\"@type\":\"ListItem\",\"position\":1,\"name\":\"Accueil\",\"item\":\"https:\\\/\\\/www.topicfoot.fr\\\/\"},{\"@type\":\"ListItem\",\"position\":2,\"name\":\"Berlusconi et l&#8217;AC Milan des ann\u00e9es 90 : Une \u00e9poque dor\u00e9e\"}]},{\"@type\":\"WebSite\",\"@id\":\"https:\\\/\\\/www.topicfoot.fr\\\/#website\",\"url\":\"https:\\\/\\\/www.topicfoot.fr\\\/\",\"name\":\"Topic Foot\",\"description\":\"Tous l&#039;univers du Foot !\",\"publisher\":{\"@id\":\"https:\\\/\\\/www.topicfoot.fr\\\/#organization\"},\"potentialAction\":[{\"@type\":\"SearchAction\",\"target\":{\"@type\":\"EntryPoint\",\"urlTemplate\":\"https:\\\/\\\/www.topicfoot.fr\\\/?s={search_term_string}\"},\"query-input\":{\"@type\":\"PropertyValueSpecification\",\"valueRequired\":true,\"valueName\":\"search_term_string\"}}],\"inLanguage\":\"fr-FR\"},{\"@type\":\"Organization\",\"@id\":\"https:\\\/\\\/www.topicfoot.fr\\\/#organization\",\"name\":\"Topic Foot\",\"url\":\"https:\\\/\\\/www.topicfoot.fr\\\/\",\"logo\":{\"@type\":\"ImageObject\",\"inLanguage\":\"fr-FR\",\"@id\":\"https:\\\/\\\/www.topicfoot.fr\\\/#\\\/schema\\\/logo\\\/image\\\/\",\"url\":\"https:\\\/\\\/www.topicfoot.fr\\\/wp-content\\\/uploads\\\/2024\\\/04\\\/cropped-logo-topicfoot-new.jpg\",\"contentUrl\":\"https:\\\/\\\/www.topicfoot.fr\\\/wp-content\\\/uploads\\\/2024\\\/04\\\/cropped-logo-topicfoot-new.jpg\",\"width\":512,\"height\":512,\"caption\":\"Topic Foot\"},\"image\":{\"@id\":\"https:\\\/\\\/www.topicfoot.fr\\\/#\\\/schema\\\/logo\\\/image\\\/\"},\"sameAs\":[\"https:\\\/\\\/www.facebook.com\\\/topicfoot.fr\"]},{\"@type\":\"Person\",\"@id\":\"https:\\\/\\\/www.topicfoot.fr\\\/#\\\/schema\\\/person\\\/e11785565f6247f9acd9d5b796ec4d62\",\"name\":\"Florent G\",\"image\":{\"@type\":\"ImageObject\",\"inLanguage\":\"fr-FR\",\"@id\":\"https:\\\/\\\/secure.gravatar.com\\\/avatar\\\/1bb7e359942e0285fca3d40822ea6bdc74a98b7975407bfdf34b5a511f2155da?s=96&d=mm&r=g\",\"url\":\"https:\\\/\\\/secure.gravatar.com\\\/avatar\\\/1bb7e359942e0285fca3d40822ea6bdc74a98b7975407bfdf34b5a511f2155da?s=96&d=mm&r=g\",\"contentUrl\":\"https:\\\/\\\/secure.gravatar.com\\\/avatar\\\/1bb7e359942e0285fca3d40822ea6bdc74a98b7975407bfdf34b5a511f2155da?s=96&d=mm&r=g\",\"caption\":\"Florent G\"},\"description\":\"Je m'appelle Florent et je suis le cr\u00e9ateur de Topicfoot, un projet n\u00e9 de ma conviction que le football m\u00e9rite une couverture m\u00e9diatique de qualit\u00e9, ancr\u00e9e dans les faits et enrichie par l'analyse. Passionn\u00e9 de journalisme, j'ai toujours \u00e9t\u00e9 fascin\u00e9 par le sport comme r\u00e9v\u00e9lateur de soci\u00e9t\u00e9s. Mais c'est surtout l'explosion des donn\u00e9es et des nouvelles technologies dans le football qui m'a pouss\u00e9 \u00e0 lancer Topicfoot : statistiques avanc\u00e9es, mod\u00e8les pr\u00e9dictifs, analyse vid\u00e9o intelligente, impact des r\u00e9seaux sociaux sur les carri\u00e8res des joueurs. J'adore creuser ces th\u00e9matiques o\u00f9 les chiffres racontent une histoire que les yeux seuls ne voient pas. Au-del\u00e0 de la r\u00e9daction, je suis responsable de la ligne \u00e9ditoriale de Topicfoot et de sa strat\u00e9gie num\u00e9rique. Je crois que le journalisme sportif doit allier rigueur journalistique et innovation technologique pour offrir aux lecteurs une exp\u00e9rience moderne et approfondie. Nous couvrons les grands \u00e9v\u00e9nements du football europ\u00e9en et nous explorons comment les clubs utilisent les donn\u00e9es pour transformer leur organisation. Pour moi, Topicfoot, c'est la promesse d'un football mieux compris.\",\"sameAs\":[\"https:\\\/\\\/www.topicfoot.fr\"],\"url\":\"https:\\\/\\\/www.topicfoot.fr\\\/index.php\\\/author\\\/vitrindunet\\\/\"}]}<\/script>\n<!-- \/ Yoast SEO plugin. -->","yoast_head_json":{"title":"Berlusconi et l'AC Milan des ann\u00e9es 90 : Une \u00e9poque dor\u00e9e","description":"Berlusconi Milan AC : Silvio Berlusconi a marqu\u00e9 l'histoire du football en r\u00e9volutionnant l'AC Milan. Son r\u00e8gne dans les ann\u00e9es 90...","robots":{"index":"index","follow":"follow","max-snippet":"max-snippet:-1","max-image-preview":"max-image-preview:large","max-video-preview":"max-video-preview:-1"},"canonical":"https:\/\/www.topicfoot.fr\/index.php\/2024\/12\/27\/berlusconi-et-lac-milan-des-annees-90-une-epoque-doree\/","og_locale":"fr_FR","og_type":"article","og_title":"Berlusconi et l'AC Milan des ann\u00e9es 90 : Une \u00e9poque dor\u00e9e","og_description":"Berlusconi Milan AC : Silvio Berlusconi a marqu\u00e9 l'histoire du football en r\u00e9volutionnant l'AC Milan. Son r\u00e8gne dans les ann\u00e9es 90...","og_url":"https:\/\/www.topicfoot.fr\/index.php\/2024\/12\/27\/berlusconi-et-lac-milan-des-annees-90-une-epoque-doree\/","og_site_name":"Topic Foot","article_publisher":"https:\/\/www.facebook.com\/topicfoot.fr","article_published_time":"2024-12-27T12:43:00+00:00","article_modified_time":"2024-12-27T22:58:07+00:00","og_image":[{"width":1024,"height":576,"url":"https:\/\/www.topicfoot.fr\/wp-content\/uploads\/2024\/12\/berlusconi-tf01.webp","type":"image\/jpeg"}],"author":"Florent G","twitter_card":"summary_large_image","twitter_misc":{"\u00c9crit par":"Florent G","Dur\u00e9e de lecture estim\u00e9e":"3 minutes"},"schema":{"@context":"https:\/\/schema.org","@graph":[{"@type":"Article","@id":"https:\/\/www.topicfoot.fr\/index.php\/2024\/12\/27\/berlusconi-et-lac-milan-des-annees-90-une-epoque-doree\/#article","isPartOf":{"@id":"https:\/\/www.topicfoot.fr\/index.php\/2024\/12\/27\/berlusconi-et-lac-milan-des-annees-90-une-epoque-doree\/"},"author":{"name":"Florent G","@id":"https:\/\/www.topicfoot.fr\/#\/schema\/person\/e11785565f6247f9acd9d5b796ec4d62"},"headline":"Berlusconi et l&rsquo;AC Milan des ann\u00e9es 90 : Une \u00e9poque dor\u00e9e","datePublished":"2024-12-27T12:43:00+00:00","dateModified":"2024-12-27T22:58:07+00:00","mainEntityOfPage":{"@id":"https:\/\/www.topicfoot.fr\/index.php\/2024\/12\/27\/berlusconi-et-lac-milan-des-annees-90-une-epoque-doree\/"},"wordCount":485,"publisher":{"@id":"https:\/\/www.topicfoot.fr\/#organization"},"image":{"@id":"https:\/\/www.topicfoot.fr\/index.php\/2024\/12\/27\/berlusconi-et-lac-milan-des-annees-90-une-epoque-doree\/#primaryimage"},"thumbnailUrl":"https:\/\/www.topicfoot.fr\/wp-content\/uploads\/2024\/12\/berlusconi-tf01.webp","articleSection":["Histoire du football","L\u00e9gende","Toutes les cat\u00e9gories"],"inLanguage":"fr-FR"},{"@type":"WebPage","@id":"https:\/\/www.topicfoot.fr\/index.php\/2024\/12\/27\/berlusconi-et-lac-milan-des-annees-90-une-epoque-doree\/","url":"https:\/\/www.topicfoot.fr\/index.php\/2024\/12\/27\/berlusconi-et-lac-milan-des-annees-90-une-epoque-doree\/","name":"Berlusconi et l'AC Milan des ann\u00e9es 90 : Une \u00e9poque dor\u00e9e","isPartOf":{"@id":"https:\/\/www.topicfoot.fr\/#website"},"primaryImageOfPage":{"@id":"https:\/\/www.topicfoot.fr\/index.php\/2024\/12\/27\/berlusconi-et-lac-milan-des-annees-90-une-epoque-doree\/#primaryimage"},"image":{"@id":"https:\/\/www.topicfoot.fr\/index.php\/2024\/12\/27\/berlusconi-et-lac-milan-des-annees-90-une-epoque-doree\/#primaryimage"},"thumbnailUrl":"https:\/\/www.topicfoot.fr\/wp-content\/uploads\/2024\/12\/berlusconi-tf01.webp","datePublished":"2024-12-27T12:43:00+00:00","dateModified":"2024-12-27T22:58:07+00:00","description":"Berlusconi Milan AC : Silvio Berlusconi a marqu\u00e9 l'histoire du football en r\u00e9volutionnant l'AC Milan. Son r\u00e8gne dans les ann\u00e9es 90...","breadcrumb":{"@id":"https:\/\/www.topicfoot.fr\/index.php\/2024\/12\/27\/berlusconi-et-lac-milan-des-annees-90-une-epoque-doree\/#breadcrumb"},"inLanguage":"fr-FR","potentialAction":[{"@type":"ReadAction","target":["https:\/\/www.topicfoot.fr\/index.php\/2024\/12\/27\/berlusconi-et-lac-milan-des-annees-90-une-epoque-doree\/"]}]},{"@type":"ImageObject","inLanguage":"fr-FR","@id":"https:\/\/www.topicfoot.fr\/index.php\/2024\/12\/27\/berlusconi-et-lac-milan-des-annees-90-une-epoque-doree\/#primaryimage","url":"https:\/\/www.topicfoot.fr\/wp-content\/uploads\/2024\/12\/berlusconi-tf01.webp","contentUrl":"https:\/\/www.topicfoot.fr\/wp-content\/uploads\/2024\/12\/berlusconi-tf01.webp","width":1024,"height":576},{"@type":"BreadcrumbList","@id":"https:\/\/www.topicfoot.fr\/index.php\/2024\/12\/27\/berlusconi-et-lac-milan-des-annees-90-une-epoque-doree\/#breadcrumb","itemListElement":[{"@type":"ListItem","position":1,"name":"Accueil","item":"https:\/\/www.topicfoot.fr\/"},{"@type":"ListItem","position":2,"name":"Berlusconi et l&#8217;AC Milan des ann\u00e9es 90 : Une \u00e9poque dor\u00e9e"}]},{"@type":"WebSite","@id":"https:\/\/www.topicfoot.fr\/#website","url":"https:\/\/www.topicfoot.fr\/","name":"Topic Foot","description":"Tous l&#039;univers du Foot !","publisher":{"@id":"https:\/\/www.topicfoot.fr\/#organization"},"potentialAction":[{"@type":"SearchAction","target":{"@type":"EntryPoint","urlTemplate":"https:\/\/www.topicfoot.fr\/?s={search_term_string}"},"query-input":{"@type":"PropertyValueSpecification","valueRequired":true,"valueName":"search_term_string"}}],"inLanguage":"fr-FR"},{"@type":"Organization","@id":"https:\/\/www.topicfoot.fr\/#organization","name":"Topic Foot","url":"https:\/\/www.topicfoot.fr\/","logo":{"@type":"ImageObject","inLanguage":"fr-FR","@id":"https:\/\/www.topicfoot.fr\/#\/schema\/logo\/image\/","url":"https:\/\/www.topicfoot.fr\/wp-content\/uploads\/2024\/04\/cropped-logo-topicfoot-new.jpg","contentUrl":"https:\/\/www.topicfoot.fr\/wp-content\/uploads\/2024\/04\/cropped-logo-topicfoot-new.jpg","width":512,"height":512,"caption":"Topic Foot"},"image":{"@id":"https:\/\/www.topicfoot.fr\/#\/schema\/logo\/image\/"},"sameAs":["https:\/\/www.facebook.com\/topicfoot.fr"]},{"@type":"Person","@id":"https:\/\/www.topicfoot.fr\/#\/schema\/person\/e11785565f6247f9acd9d5b796ec4d62","name":"Florent G","image":{"@type":"ImageObject","inLanguage":"fr-FR","@id":"https:\/\/secure.gravatar.com\/avatar\/1bb7e359942e0285fca3d40822ea6bdc74a98b7975407bfdf34b5a511f2155da?s=96&d=mm&r=g","url":"https:\/\/secure.gravatar.com\/avatar\/1bb7e359942e0285fca3d40822ea6bdc74a98b7975407bfdf34b5a511f2155da?s=96&d=mm&r=g","contentUrl":"https:\/\/secure.gravatar.com\/avatar\/1bb7e359942e0285fca3d40822ea6bdc74a98b7975407bfdf34b5a511f2155da?s=96&d=mm&r=g","caption":"Florent G"},"description":"Je m'appelle Florent et je suis le cr\u00e9ateur de Topicfoot, un projet n\u00e9 de ma conviction que le football m\u00e9rite une couverture m\u00e9diatique de qualit\u00e9, ancr\u00e9e dans les faits et enrichie par l'analyse. Passionn\u00e9 de journalisme, j'ai toujours \u00e9t\u00e9 fascin\u00e9 par le sport comme r\u00e9v\u00e9lateur de soci\u00e9t\u00e9s. Mais c'est surtout l'explosion des donn\u00e9es et des nouvelles technologies dans le football qui m'a pouss\u00e9 \u00e0 lancer Topicfoot : statistiques avanc\u00e9es, mod\u00e8les pr\u00e9dictifs, analyse vid\u00e9o intelligente, impact des r\u00e9seaux sociaux sur les carri\u00e8res des joueurs. J'adore creuser ces th\u00e9matiques o\u00f9 les chiffres racontent une histoire que les yeux seuls ne voient pas. Au-del\u00e0 de la r\u00e9daction, je suis responsable de la ligne \u00e9ditoriale de Topicfoot et de sa strat\u00e9gie num\u00e9rique. Je crois que le journalisme sportif doit allier rigueur journalistique et innovation technologique pour offrir aux lecteurs une exp\u00e9rience moderne et approfondie. Nous couvrons les grands \u00e9v\u00e9nements du football europ\u00e9en et nous explorons comment les clubs utilisent les donn\u00e9es pour transformer leur organisation. Pour moi, Topicfoot, c'est la promesse d'un football mieux compris.","sameAs":["https:\/\/www.topicfoot.fr"],"url":"https:\/\/www.topicfoot.fr\/index.php\/author\/vitrindunet\/"}]}},"_links":{"self":[{"href":"https:\/\/www.topicfoot.fr\/index.php\/wp-json\/wp\/v2\/posts\/11694","targetHints":{"allow":["GET"]}}],"collection":[{"href":"https:\/\/www.topicfoot.fr\/index.php\/wp-json\/wp\/v2\/posts"}],"about":[{"href":"https:\/\/www.topicfoot.fr\/index.php\/wp-json\/wp\/v2\/types\/post"}],"author":[{"embeddable":true,"href":"https:\/\/www.topicfoot.fr\/index.php\/wp-json\/wp\/v2\/users\/1"}],"replies":[{"embeddable":true,"href":"https:\/\/www.topicfoot.fr\/index.php\/wp-json\/wp\/v2\/comments?post=11694"}],"version-history":[{"count":0,"href":"https:\/\/www.topicfoot.fr\/index.php\/wp-json\/wp\/v2\/posts\/11694\/revisions"}],"wp:featuredmedia":[{"embeddable":true,"href":"https:\/\/www.topicfoot.fr\/index.php\/wp-json\/wp\/v2\/media\/11695"}],"wp:attachment":[{"href":"https:\/\/www.topicfoot.fr\/index.php\/wp-json\/wp\/v2\/media?parent=11694"}],"wp:term":[{"taxonomy":"category","embeddable":true,"href":"https:\/\/www.topicfoot.fr\/index.php\/wp-json\/wp\/v2\/categories?post=11694"},{"taxonomy":"post_tag","embeddable":true,"href":"https:\/\/www.topicfoot.fr\/index.php\/wp-json\/wp\/v2\/tags?post=11694"},{"taxonomy":"post_folder","embeddable":true,"href":"https:\/\/www.topicfoot.fr\/index.php\/wp-json\/wp\/v2\/post_folder?post=11694"}],"curies":[{"name":"wp","href":"https:\/\/api.w.org\/{rel}","templated":true}]}}