{"id":11700,"date":"2024-12-28T15:24:35","date_gmt":"2024-12-28T14:24:35","guid":{"rendered":"https:\/\/www.topicfoot.fr\/?p=11700"},"modified":"2025-02-18T20:45:16","modified_gmt":"2025-02-18T19:45:16","slug":"laffaire-diarra-une-revolution-pour-le-football-mondial","status":"publish","type":"post","link":"https:\/\/www.topicfoot.fr\/index.php\/2024\/12\/28\/laffaire-diarra-une-revolution-pour-le-football-mondial\/","title":{"rendered":"L\u2019Affaire Diarra : Une R\u00e9volution pour le Football Mondial"},"content":{"rendered":"<span class=\"span-reading-time rt-reading-time\" style=\"display: block;\"><span class=\"rt-label rt-prefix\">Temps de lecture\u00a0:  <\/span> <span class=\"rt-time\"> 3<\/span> <span class=\"rt-label rt-postfix\">minutes.  <\/span><\/span>\n<h2 class=\"wp-block-heading\">Une affaire qui \u00e9branle les bases du football<\/h2>\n\n\n\n<p>L\u2019\u00e9chiquier du football mondial vient de subir un s\u00e9isme juridique. Le 4 octobre 2024, la Cour de justice de l\u2019Union europ\u00e9enne (CJUE) a rendu un arr\u00eat marquant dans l\u2019\u201caffaire Diarra\u201d. Cette d\u00e9cision r\u00e9oriente les r\u00e8gles du transfert des joueurs, rappelant l\u2019impact historique de l\u2019arr\u00eat Bosman de 1995. En reconnaissant certaines dispositions de la <a href=\"https:\/\/www.fifa.com\/fr\" target=\"_blank\" rel=\"noreferrer noopener\">FIFA<\/a> comme contraires au droit europ\u00e9en, la CJUE red\u00e9finit la mobilit\u00e9 des footballeurs. Lassana Diarra, ancien milieu fran\u00e7ais, devient ainsi l\u2019\u00e9tendard d\u2019une r\u00e9volution \u00e0 venir.<\/p>\n\n\n\n<figure class=\"wp-block-image size-full\"><img loading=\"lazy\" decoding=\"async\" width=\"1024\" height=\"576\" src=\"https:\/\/www.topicfoot.fr\/wp-content\/uploads\/2024\/12\/affaire-diarra-tf02.webp\" alt=\"\" class=\"wp-image-11702\" srcset=\"https:\/\/www.topicfoot.fr\/wp-content\/uploads\/2024\/12\/affaire-diarra-tf02.webp 1024w, https:\/\/www.topicfoot.fr\/wp-content\/uploads\/2024\/12\/affaire-diarra-tf02-300x169.webp 300w, https:\/\/www.topicfoot.fr\/wp-content\/uploads\/2024\/12\/affaire-diarra-tf02-768x432.webp 768w, https:\/\/www.topicfoot.fr\/wp-content\/uploads\/2024\/12\/affaire-diarra-tf02-678x381.webp 678w\" sizes=\"auto, (max-width: 1024px) 100vw, 1024px\" \/><\/figure>\n\n\n\n<h2 class=\"wp-block-heading\">Une victoire juridique historique<\/h2>\n\n\n\n<p>En 2014, Lassana Diarra quittait le Lokomotiv Moscou. Le club russe, estimant que ce d\u00e9part constituait une rupture abusive de contrat, r\u00e9clamait 20 millions d\u2019euros \u00e0 titre d\u2019indemnisation. Cette demande reposait sur le R\u00e8glement du statut et du transfert des joueurs (RSTJ) de la FIFA. Bloqu\u00e9 dans sa carri\u00e8re par des m\u00e9canismes juridiques contraignants, Diarra d\u00e9cida de porter l\u2019affaire devant les tribunaux. La CJUE a finalement tranch\u00e9 en sa faveur, jugeant ces r\u00e8gles contraires \u00e0 la libert\u00e9 de circulation des travailleurs et \u00e0 la libre concurrence pr\u00e9vue par le Trait\u00e9 de l\u2019Union europ\u00e9enne.<\/p>\n\n\n\n<h4 class=\"wp-block-heading\">L\u2019\u00e9cho de l\u2019arr\u00eat Bosman<\/h4>\n\n\n\n<p>Thierry Granturco, avocat sp\u00e9cialiste du droit du sport, compare l\u2019\u201carr\u00eat Diarra\u201d \u00e0 une extension de l\u2019\u201carr\u00eat Bosman\u201d. En 1995, Jean-Marc Bosman avait d\u00e9clench\u00e9 une r\u00e9forme majeure, abolissant les quotas de joueurs \u00e9trangers et facilitant les transferts au sein de l\u2019Union europ\u00e9enne. L\u2019affaire Diarra pousse cette logique encore plus loin. Elle remet en question les indemnit\u00e9s de rupture et les clauses lib\u00e9ratoires jug\u00e9es disproportionn\u00e9es. Selon Granturco, cette d\u00e9cision impose un recalibrage des pratiques pour respecter la libert\u00e9 \u00e9conomique des joueurs.<\/p>\n\n\n\n<h2 class=\"wp-block-heading\">Vers une transformation du march\u00e9 des transferts<\/h2>\n\n\n\n<p>La port\u00e9e de l\u2019arr\u00eat Diarra ne se limite pas aux seuls cas individuels. Les clubs, agents et joueurs devront red\u00e9finir leurs relations contractuelles. Actuellement, des clauses lib\u00e9ratoires astronomiques, parfois proches du milliard d\u2019euros, limitent la mobilit\u00e9 des joueurs. La CJUE condamne ces pratiques, estimant qu\u2019elles entravent la libert\u00e9 de circulation des travailleurs. D\u00e9sormais, toute indemnisation devra reposer sur des calculs rationnels et transparents, sous peine de nullit\u00e9 juridique.<\/p>\n\n\n\n<p>Cette r\u00e9forme affectera principalement les joueurs de \u201cclasse interm\u00e9diaire\u201d, \u00e9voluant dans des ligues comme la Ligue 1 ou la Bundesliga. Les superstars, dont les transferts reposent sur un consensus entre acheteur, vendeur et joueur, seront moins concern\u00e9es. Toutefois, les clubs europ\u00e9ens, d\u00e9j\u00e0 fragilis\u00e9s par des finances instables, pourraient voir leurs recettes issues des transferts diminuer.<\/p>\n\n\n\n<h2 class=\"wp-block-heading\">Une impulsion pour une r\u00e9forme globale<\/h2>\n\n\n\n<p>Au-del\u00e0 du football, cette affaire ouvre la voie \u00e0 une refonte des r\u00e8gles sportives internationales. La FIFA, critiqu\u00e9e pour son omnipotence, devra collaborer avec les syndicats de joueurs et les ligues professionnelles pour \u00e9laborer des conventions collectives respectant le droit europ\u00e9en. En d\u00e9non\u00e7ant un syst\u00e8me jug\u00e9 archa\u00efque, l\u2019arr\u00eat Diarra pourrait inspirer d\u2019autres disciplines sportives \u00e0 suivre une voie similaire.<\/p>\n\n\n\n<h2 class=\"wp-block-heading\">Quelles cons\u00e9quences pour l\u2019avenir ?<\/h2>\n\n\n\n<p>Les implications de cette d\u00e9cision sont multiples. Les r\u00e8gles actuelles de stabilit\u00e9 contractuelle, cens\u00e9es \u00e9viter la d\u00e9stabilisation des effectifs, devront \u00eatre r\u00e9vis\u00e9es. Les clubs ne pourront plus entraver un transfert en manipulant les indemnit\u00e9s de rupture. Ce bouleversement pourrait r\u00e9duire les in\u00e9galit\u00e9s financi\u00e8res et redistribuer le pouvoir \u00e9conomique dans le football.<\/p>\n\n\n\n<p>En revanche, cette instabilit\u00e9 accrue pourrait renforcer l\u2019attrait de projets comme la Superligue europ\u00e9enne. Les grandes \u00e9curies pourraient pr\u00e9f\u00e9rer des comp\u00e9titions ferm\u00e9es pour garantir des revenus stables, face \u00e0 un syst\u00e8me en pleine mutation.<\/p>\n\n\n\n<h2 class=\"wp-block-heading\">R\u00e9action de la Fifa suite \u00e0 cette d\u00e9cision de justice<\/h2>\n\n\n<div class=\"wp-block-image\">\n<figure class=\"aligncenter size-full is-resized\"><img loading=\"lazy\" decoding=\"async\" width=\"1024\" height=\"576\" src=\"https:\/\/www.topicfoot.fr\/wp-content\/uploads\/2024\/11\/fifa-logo-tf01-jpg.webp\" alt=\"\" class=\"wp-image-11167\" style=\"width:320px;height:auto\" srcset=\"https:\/\/www.topicfoot.fr\/wp-content\/uploads\/2024\/11\/fifa-logo-tf01-jpg.webp 1024w, https:\/\/www.topicfoot.fr\/wp-content\/uploads\/2024\/11\/fifa-logo-tf01-300x169.webp 300w, https:\/\/www.topicfoot.fr\/wp-content\/uploads\/2024\/11\/fifa-logo-tf01-768x432.webp 768w, https:\/\/www.topicfoot.fr\/wp-content\/uploads\/2024\/11\/fifa-logo-tf01-678x381.webp 678w\" sizes=\"auto, (max-width: 1024px) 100vw, 1024px\" \/><\/figure>\n<\/div>\n\n\n<p><em>\u00abLa FIFA a pris note de la d\u00e9cision rendue aujourd\u2019hui par la Cour de justice de l\u2019Union europ\u00e9enne dans le cadre de l\u2019affaire impliquant le joueur Lassana Diarra. La FIFA est satisfaite que la l\u00e9galit\u00e9 des principes cl\u00e9s du syst\u00e8me de transfert ait \u00e9t\u00e9 reconfirm\u00e9e dans la d\u00e9cision d\u2019aujourd\u2019hui. La d\u00e9cision ne remet en cause que deux paragraphes de deux articles du R\u00e8glement de la FIFA sur le statut et le transfert des joueurs, que la juridiction nationale est d\u00e9sormais invit\u00e9e \u00e0 examiner.\u00bb<\/em><\/p>\n\n\n\n<p><em>\u00ab\u00a0La FIFA entend d\u00e9velopper encore davantage le cadre r\u00e9glementaire du football, en tenant naturellement compte de l\u2019avis de toutes les parties concern\u00e9es. Elle estime que la d\u00e9cision concernant le dossier &lsquo;Diarra\u2019 repr\u00e9sente une occasion de poursuivre la modernisation de son cadre r\u00e9glementaire, ce qui fait partie des objectifs fix\u00e9s par le Pr\u00e9sident de la FIFA depuis 2016. La FIFA va maintenant ouvrir le dialogue avec les parties prenantes cl\u00e9s \u00e0 ce sujet pour d\u00e9terminer quelles conclusions il convient de tirer de la d\u00e9cision sur le dossier \u2019Diarra\u2019 et quels changements apporter \u00e0 l\u2019article 17\u00a0\u00bb<\/em><\/p>\n\n\n<div class=\"wp-block-image\">\n<figure class=\"aligncenter size-full is-resized\"><img loading=\"lazy\" decoding=\"async\" width=\"1024\" height=\"576\" src=\"https:\/\/www.topicfoot.fr\/wp-content\/uploads\/2024\/12\/affaire-diarra-tf01.webp\" alt=\"Emilio Garc\u00eda Silvero\" class=\"wp-image-11701\" style=\"width:462px;height:auto\" srcset=\"https:\/\/www.topicfoot.fr\/wp-content\/uploads\/2024\/12\/affaire-diarra-tf01.webp 1024w, https:\/\/www.topicfoot.fr\/wp-content\/uploads\/2024\/12\/affaire-diarra-tf01-300x169.webp 300w, https:\/\/www.topicfoot.fr\/wp-content\/uploads\/2024\/12\/affaire-diarra-tf01-768x432.webp 768w, https:\/\/www.topicfoot.fr\/wp-content\/uploads\/2024\/12\/affaire-diarra-tf01-678x381.webp 678w\" sizes=\"auto, (max-width: 1024px) 100vw, 1024px\" \/><\/figure>\n<\/div>\n\n\n<p class=\"has-text-align-center\"><strong><em>Emilio Garc\u00eda Silvero<\/em><\/strong><\/p>\n\n\n\n<h2 class=\"wp-block-heading\">Un nouveau chapitre pour le football mondial<\/h2>\n\n\n\n<p>L\u2019\u201caffaire Diarra\u201d marque un tournant d\u00e9cisif dans l\u2019histoire du football. Ce jugement de la CJUE impose une remise en question des r\u00e8gles actuelles et annonce une \u00e8re de transparence et de mobilit\u00e9 accrue. Cependant, il soul\u00e8ve \u00e9galement des interrogations sur l\u2019avenir \u00e9conomique et sportif des clubs. Une chose est certaine : le football, tel que nous le connaissons, entre dans une nouvelle dimension.<\/p>\n\n\n\n<!-- Noptin Newsletter Plugin v4.2.2 - https:\/\/wordpress.org\/plugins\/newsletter-optin-box\/ --><div id=\"noptin-form-2__wrapper\" class=\"noptin-optin-main-wrapper noptin-form-id-9842 noptin-inpost-main-wrapper\" aria-labelledby=\"noptin-form-2__title\" ><style>\/*Custom css*\/\n\n.noptin-form-id-9842 .noptin-optin-form-wrapper .noptin-optin-form.noptin-form-single-line .noptin-form-submit{\n\tborder-radius: 30px;\n}\n\n@media only screen and (min-width: 768px) {\n\n\t.noptin-form-id-9842 .noptin-optin-form-wrapper .noptin-optin-form.noptin-form-single-line .noptin-form-submit{\n\t\tposition: absolute;\n\t\tbottom: -1px;\n\t\ttop: 0;\n\t\tright: 0px;\n\t}\n\n}\n\n.noptin-form-id-9842 .noptin-optin-form-wrapper .noptin-form-single-line .noptin-form-field{\n \tborder-radius: 30px !important;\n\tborder: none !important;\n} #noptin-form-2__wrapper {--noptin-background-color: #424242; --noptin-border-color: #424242; --noptin-button-color: #607D8B; --noptin-button-text-color: #fafafa; --noptin-title-color: #fafafa; --noptin-description-color: #fafafa; --noptin-prefix-color: #607d8b; --noptin-note-color: #fafafa;}<\/style><div style=\"max-width:620px; min-height:280px;border-color: #424242;\" class=\"noptin-optin-form-wrapper no-image\" ><!-- Form ID: 9842 --><form id=\"noptin-form-2\" class=\"noptin-optin-form noptin-form-single-line noptin-label-hide noptin-form-2\" method=\"post\" novalidate >\t\t\t\t\t<div class=\"noptin-form-header noptin-img-left\">\n\t\t\t\t\t\t\t\t\t\t\t\t<div class=\"noptin-form-header-text\">\n\n\t\t\t\t\t\t\t\t\t\t\t\t\t\t\t<div style=\"color: #607d8b;font-size: 20px; font-weight: 500; line-height: 1.3;\" class=\"noptin-form-prefix\">\n\t\t\t\t\t\t\t\t\t\t\t\t\t\t\t\t\t<\/div>\n\t\t\t\t\t\t\t\n\t\t\t\t\t\t\t\t\t\t\t\t\t\t\t<div style=\"color: #fafafa;font-size: 20px; font-weight: 700; line-height: 1.5;\" class=\"noptin-form-heading\">\n\t\t\t\t\t\t\t\t\tAbonnez-vous \u00e0 TopicFoot\t\t\t\t\t\t\t\t<\/div>\n\t\t\t\t\t\t\t\n\t\t\t\t\t\t\t\t\t\t\t\t\t\t\t<div style=\"color: #fafafa;font-size: 16px; font-weight: 500; line-height: 1.5;\" class=\"noptin-form-description\">\n\t\t\t\t\t\t\t\t\tEntrez votre Mail pour recevoir nos derniers articles.\t\t\t\t\t\t\t\t<\/div>\n\t\t\t\t\t\t\t\n\t\t\t\t\t\t<\/div>\n\t\t\t\t\t\t\n\t\t\t\t\t\t\t\t\t\t\t\t\t<div class=\"noptin-form-header-image\">\n\t\t\t\t\t\t\t\t<img decoding=\"async\" alt=\"icon\" src=\"https:\/\/www.topicfoot.fr\/wp-content\/plugins\/newsletter-optin-box\/includes\/assets\/images\/email-icon.png\" \/>\n\t\t\t\t\t\t\t<\/div>\n\t\t\t\t\t\t\n\t\t\t\t\t<\/div>\n\t\t\t\t<div class=\"noptin-form-footer\"><div class=\"noptin-form-fields\">\t\t\t<div class=\"noptin-form-field-wrapper noptin-form-field-email noptin-optin-field-wrapper noptin-optin-field-email\" id=\"noptin-form-2__field-email--wrapper\" >\n\t\t<div class=\"noptin-field-email\">\n\t\t\t<label class=\"noptin-label\" for=\"noptin-form-2__field-email\">Adresse Mail<\/label>\n\t\t\t<input name=\"noptin_fields[email]\" id=\"noptin-form-2__field-email\" type=\"email\" class=\"noptin-text noptin-form-field noptin-form-field__email noptin-form-field__has-no-placeholder\" placeholder=\"Adresse Mail\" required \/>\n\n\t\t<\/div><\/div>\t\t\t<div class=\"noptin-form-field-wrapper noptin-form-field- noptin-optin-field-wrapper noptin-optin-field-\" id=\"noptin-form-2__field---wrapper\" >\n\t\t<\/div>\t\t\t<div class=\"noptin-form-field-wrapper noptin-form-field-submit noptin-optin-field-wrapper noptin-optin-field-submit\" >\n\t\t\n\t\t\t<input type=\"submit\" id=\"noptin-form-2__submit\" class=\"noptin-form-submit btn button btn-primary button-primary wp-element-button\" name=\"noptin-submit\" value=\"Abonnez-vous\" style=\"background-color: #607D8B;color: #fafafa;\"  \/>\n\n\t\t<\/div><\/div>\t\t\t\t\t\t<div class=\"noptin-form-notice noptin-response\" role=\"alert\"><\/div>\n\t\t\t<\/div>\n\t\t\t<input type=\"hidden\" name=\"noptin_element_id\" value=\"2\" \/><input type=\"hidden\" name=\"source\" value=\"9842\" \/><input type=\"hidden\" name=\"form_action\" value=\"subscribe\" \/><input type=\"hidden\" name=\"noptin-config\" value=\"geVp3bmVsS.Bejx5F7hyheCZeasGrk6UoV7mPwUKzeAj_J_jRQjYkLtSn67MwIeo\" \/><input type=\"hidden\" name=\"noptin_form_id\" value=\"9842\" \/><\/form><\/div><!-- \/Form ID: 9842 --><\/div><!-- \/ Noptin Newsletter Plugin -->\n\n\n\n<p>Voir aussi notre article sur :\u00a0<a href=\"https:\/\/www.topicfoot.fr\/index.php\/2024\/02\/05\/arret-bosman-explications\/\">L\u2019Arr\u00eat Bosman : Une R\u00e9volution dans le Monde du Football<\/a><\/p>\n\n\n\n<figure class=\"wp-block-embed is-type-wp-embed is-provider-topic-foot wp-block-embed-topic-foot\"><div class=\"wp-block-embed__wrapper\">\n<blockquote class=\"wp-embedded-content\" data-secret=\"Pp1y2LE0ZP\"><a href=\"https:\/\/www.topicfoot.fr\/index.php\/2024\/02\/05\/arret-bosman-explications\/\">L&rsquo;Arr\u00eat Bosman : Une R\u00e9volution dans le Monde du Football<\/a><\/blockquote><iframe loading=\"lazy\" class=\"wp-embedded-content\" sandbox=\"allow-scripts\" security=\"restricted\" style=\"position: absolute; visibility: hidden;\" title=\"\u00ab\u00a0L&rsquo;Arr\u00eat Bosman : Une R\u00e9volution dans le Monde du Football\u00a0\u00bb &#8212; Topic Foot\" src=\"https:\/\/www.topicfoot.fr\/index.php\/2024\/02\/05\/arret-bosman-explications\/embed\/#?secret=AdAsXaMZ8R#?secret=Pp1y2LE0ZP\" data-secret=\"Pp1y2LE0ZP\" width=\"500\" height=\"282\" frameborder=\"0\" marginwidth=\"0\" marginheight=\"0\" scrolling=\"no\"><\/iframe>\n<\/div><\/figure>\n","protected":false},"excerpt":{"rendered":"<div class=\"mh-excerpt\">Le 4 octobre 2024, la Cour de justice de l\u2019Union europ\u00e9enne (CJUE) a rendu un arr\u00eat marquant dans l\u2019\u201caffaire Diarra\u201d. <\/div>\n<p> <a class=\"mh-excerpt-more\" href=\"https:\/\/www.topicfoot.fr\/index.php\/2024\/12\/28\/laffaire-diarra-une-revolution-pour-le-football-mondial\/\" title=\"L\u2019Affaire Diarra : Une R\u00e9volution pour le Football Mondial\">[&#8230;]<\/a><\/p>\n","protected":false},"author":2,"featured_media":11702,"comment_status":"closed","ping_status":"open","sticky":false,"template":"","format":"standard","meta":{"footnotes":""},"categories":[70,31],"tags":[],"post_folder":[],"class_list":{"0":"post-11700","1":"post","2":"type-post","3":"status-publish","4":"format-standard","5":"has-post-thumbnail","7":"category-reglementation","8":"category-toutes-les-categories"},"yoast_head":"<!-- This site is optimized with the Yoast SEO plugin v27.4 - https:\/\/yoast.com\/product\/yoast-seo-wordpress\/ -->\n<title>L\u2019Affaire Diarra : Une R\u00e9volution pour le Football Mondial<\/title>\n<meta name=\"description\" content=\"Le 4 octobre 2024, la Cour de justice de l\u2019Union europ\u00e9enne (CJUE) a rendu un arr\u00eat marquant dans l\u2019\u201caffaire Diarra\u201d.\" \/>\n<meta name=\"robots\" content=\"index, follow, max-snippet:-1, max-image-preview:large, max-video-preview:-1\" \/>\n<link rel=\"canonical\" href=\"https:\/\/www.topicfoot.fr\/index.php\/2024\/12\/28\/laffaire-diarra-une-revolution-pour-le-football-mondial\/\" \/>\n<meta property=\"og:locale\" content=\"fr_FR\" \/>\n<meta property=\"og:type\" content=\"article\" \/>\n<meta property=\"og:title\" content=\"L\u2019Affaire Diarra : Une R\u00e9volution pour le Football Mondial\" \/>\n<meta property=\"og:description\" content=\"Le 4 octobre 2024, la Cour de justice de l\u2019Union europ\u00e9enne (CJUE) a rendu un arr\u00eat marquant dans l\u2019\u201caffaire Diarra\u201d.\" \/>\n<meta property=\"og:url\" content=\"https:\/\/www.topicfoot.fr\/index.php\/2024\/12\/28\/laffaire-diarra-une-revolution-pour-le-football-mondial\/\" \/>\n<meta property=\"og:site_name\" content=\"Topic Foot\" \/>\n<meta property=\"article:publisher\" content=\"https:\/\/www.facebook.com\/topicfoot.fr\" \/>\n<meta property=\"article:published_time\" content=\"2024-12-28T14:24:35+00:00\" \/>\n<meta property=\"article:modified_time\" content=\"2025-02-18T19:45:16+00:00\" \/>\n<meta property=\"og:image\" content=\"https:\/\/www.topicfoot.fr\/wp-content\/uploads\/2024\/12\/affaire-diarra-tf02.webp\" \/>\n\t<meta property=\"og:image:width\" content=\"1024\" \/>\n\t<meta property=\"og:image:height\" content=\"576\" \/>\n\t<meta property=\"og:image:type\" content=\"image\/jpeg\" \/>\n<meta name=\"author\" content=\"Noa G\" \/>\n<meta name=\"twitter:card\" content=\"summary_large_image\" \/>\n<meta name=\"twitter:label1\" content=\"\u00c9crit par\" \/>\n\t<meta name=\"twitter:data1\" content=\"Noa G\" \/>\n\t<meta name=\"twitter:label2\" content=\"Dur\u00e9e de lecture estim\u00e9e\" \/>\n\t<meta name=\"twitter:data2\" content=\"6 minutes\" \/>\n<script type=\"application\/ld+json\" class=\"yoast-schema-graph\">{\"@context\":\"https:\\\/\\\/schema.org\",\"@graph\":[{\"@type\":\"Article\",\"@id\":\"https:\\\/\\\/www.topicfoot.fr\\\/index.php\\\/2024\\\/12\\\/28\\\/laffaire-diarra-une-revolution-pour-le-football-mondial\\\/#article\",\"isPartOf\":{\"@id\":\"https:\\\/\\\/www.topicfoot.fr\\\/index.php\\\/2024\\\/12\\\/28\\\/laffaire-diarra-une-revolution-pour-le-football-mondial\\\/\"},\"author\":{\"name\":\"Noa G\",\"@id\":\"https:\\\/\\\/www.topicfoot.fr\\\/#\\\/schema\\\/person\\\/1eec7931a039bea2841d9a1b909338a7\"},\"headline\":\"L\u2019Affaire Diarra : Une R\u00e9volution pour le Football Mondial\",\"datePublished\":\"2024-12-28T14:24:35+00:00\",\"dateModified\":\"2025-02-18T19:45:16+00:00\",\"mainEntityOfPage\":{\"@id\":\"https:\\\/\\\/www.topicfoot.fr\\\/index.php\\\/2024\\\/12\\\/28\\\/laffaire-diarra-une-revolution-pour-le-football-mondial\\\/\"},\"wordCount\":956,\"publisher\":{\"@id\":\"https:\\\/\\\/www.topicfoot.fr\\\/#organization\"},\"image\":{\"@id\":\"https:\\\/\\\/www.topicfoot.fr\\\/index.php\\\/2024\\\/12\\\/28\\\/laffaire-diarra-une-revolution-pour-le-football-mondial\\\/#primaryimage\"},\"thumbnailUrl\":\"https:\\\/\\\/www.topicfoot.fr\\\/wp-content\\\/uploads\\\/2024\\\/12\\\/affaire-diarra-tf02.webp\",\"articleSection\":[\"R\u00e9glementation\",\"Toutes les cat\u00e9gories\"],\"inLanguage\":\"fr-FR\"},{\"@type\":\"WebPage\",\"@id\":\"https:\\\/\\\/www.topicfoot.fr\\\/index.php\\\/2024\\\/12\\\/28\\\/laffaire-diarra-une-revolution-pour-le-football-mondial\\\/\",\"url\":\"https:\\\/\\\/www.topicfoot.fr\\\/index.php\\\/2024\\\/12\\\/28\\\/laffaire-diarra-une-revolution-pour-le-football-mondial\\\/\",\"name\":\"L\u2019Affaire Diarra : Une R\u00e9volution pour le Football Mondial\",\"isPartOf\":{\"@id\":\"https:\\\/\\\/www.topicfoot.fr\\\/#website\"},\"primaryImageOfPage\":{\"@id\":\"https:\\\/\\\/www.topicfoot.fr\\\/index.php\\\/2024\\\/12\\\/28\\\/laffaire-diarra-une-revolution-pour-le-football-mondial\\\/#primaryimage\"},\"image\":{\"@id\":\"https:\\\/\\\/www.topicfoot.fr\\\/index.php\\\/2024\\\/12\\\/28\\\/laffaire-diarra-une-revolution-pour-le-football-mondial\\\/#primaryimage\"},\"thumbnailUrl\":\"https:\\\/\\\/www.topicfoot.fr\\\/wp-content\\\/uploads\\\/2024\\\/12\\\/affaire-diarra-tf02.webp\",\"datePublished\":\"2024-12-28T14:24:35+00:00\",\"dateModified\":\"2025-02-18T19:45:16+00:00\",\"description\":\"Le 4 octobre 2024, la Cour de justice de l\u2019Union europ\u00e9enne (CJUE) a rendu un arr\u00eat marquant dans l\u2019\u201caffaire Diarra\u201d.\",\"breadcrumb\":{\"@id\":\"https:\\\/\\\/www.topicfoot.fr\\\/index.php\\\/2024\\\/12\\\/28\\\/laffaire-diarra-une-revolution-pour-le-football-mondial\\\/#breadcrumb\"},\"inLanguage\":\"fr-FR\",\"potentialAction\":[{\"@type\":\"ReadAction\",\"target\":[\"https:\\\/\\\/www.topicfoot.fr\\\/index.php\\\/2024\\\/12\\\/28\\\/laffaire-diarra-une-revolution-pour-le-football-mondial\\\/\"]}]},{\"@type\":\"ImageObject\",\"inLanguage\":\"fr-FR\",\"@id\":\"https:\\\/\\\/www.topicfoot.fr\\\/index.php\\\/2024\\\/12\\\/28\\\/laffaire-diarra-une-revolution-pour-le-football-mondial\\\/#primaryimage\",\"url\":\"https:\\\/\\\/www.topicfoot.fr\\\/wp-content\\\/uploads\\\/2024\\\/12\\\/affaire-diarra-tf02.webp\",\"contentUrl\":\"https:\\\/\\\/www.topicfoot.fr\\\/wp-content\\\/uploads\\\/2024\\\/12\\\/affaire-diarra-tf02.webp\",\"width\":1024,\"height\":576},{\"@type\":\"BreadcrumbList\",\"@id\":\"https:\\\/\\\/www.topicfoot.fr\\\/index.php\\\/2024\\\/12\\\/28\\\/laffaire-diarra-une-revolution-pour-le-football-mondial\\\/#breadcrumb\",\"itemListElement\":[{\"@type\":\"ListItem\",\"position\":1,\"name\":\"Accueil\",\"item\":\"https:\\\/\\\/www.topicfoot.fr\\\/\"},{\"@type\":\"ListItem\",\"position\":2,\"name\":\"L\u2019Affaire Diarra : Une R\u00e9volution pour le Football Mondial\"}]},{\"@type\":\"WebSite\",\"@id\":\"https:\\\/\\\/www.topicfoot.fr\\\/#website\",\"url\":\"https:\\\/\\\/www.topicfoot.fr\\\/\",\"name\":\"Topic Foot\",\"description\":\"Tous l&#039;univers du Foot !\",\"publisher\":{\"@id\":\"https:\\\/\\\/www.topicfoot.fr\\\/#organization\"},\"potentialAction\":[{\"@type\":\"SearchAction\",\"target\":{\"@type\":\"EntryPoint\",\"urlTemplate\":\"https:\\\/\\\/www.topicfoot.fr\\\/?s={search_term_string}\"},\"query-input\":{\"@type\":\"PropertyValueSpecification\",\"valueRequired\":true,\"valueName\":\"search_term_string\"}}],\"inLanguage\":\"fr-FR\"},{\"@type\":\"Organization\",\"@id\":\"https:\\\/\\\/www.topicfoot.fr\\\/#organization\",\"name\":\"Topic Foot\",\"url\":\"https:\\\/\\\/www.topicfoot.fr\\\/\",\"logo\":{\"@type\":\"ImageObject\",\"inLanguage\":\"fr-FR\",\"@id\":\"https:\\\/\\\/www.topicfoot.fr\\\/#\\\/schema\\\/logo\\\/image\\\/\",\"url\":\"https:\\\/\\\/www.topicfoot.fr\\\/wp-content\\\/uploads\\\/2024\\\/04\\\/cropped-logo-topicfoot-new.jpg\",\"contentUrl\":\"https:\\\/\\\/www.topicfoot.fr\\\/wp-content\\\/uploads\\\/2024\\\/04\\\/cropped-logo-topicfoot-new.jpg\",\"width\":512,\"height\":512,\"caption\":\"Topic Foot\"},\"image\":{\"@id\":\"https:\\\/\\\/www.topicfoot.fr\\\/#\\\/schema\\\/logo\\\/image\\\/\"},\"sameAs\":[\"https:\\\/\\\/www.facebook.com\\\/topicfoot.fr\"]},{\"@type\":\"Person\",\"@id\":\"https:\\\/\\\/www.topicfoot.fr\\\/#\\\/schema\\\/person\\\/1eec7931a039bea2841d9a1b909338a7\",\"name\":\"Noa G\",\"image\":{\"@type\":\"ImageObject\",\"inLanguage\":\"fr-FR\",\"@id\":\"https:\\\/\\\/secure.gravatar.com\\\/avatar\\\/35544da2504abbd834faa666f50eb919c4fbcb3bd5c1c5f3fcf50113e404bc1c?s=96&d=mm&r=g\",\"url\":\"https:\\\/\\\/secure.gravatar.com\\\/avatar\\\/35544da2504abbd834faa666f50eb919c4fbcb3bd5c1c5f3fcf50113e404bc1c?s=96&d=mm&r=g\",\"contentUrl\":\"https:\\\/\\\/secure.gravatar.com\\\/avatar\\\/35544da2504abbd834faa666f50eb919c4fbcb3bd5c1c5f3fcf50113e404bc1c?s=96&d=mm&r=g\",\"caption\":\"Noa G\"},\"url\":\"https:\\\/\\\/www.topicfoot.fr\\\/index.php\\\/author\\\/florentg\\\/\"}]}<\/script>\n<!-- \/ Yoast SEO plugin. -->","yoast_head_json":{"title":"L\u2019Affaire Diarra : Une R\u00e9volution pour le Football Mondial","description":"Le 4 octobre 2024, la Cour de justice de l\u2019Union europ\u00e9enne (CJUE) a rendu un arr\u00eat marquant dans l\u2019\u201caffaire Diarra\u201d.","robots":{"index":"index","follow":"follow","max-snippet":"max-snippet:-1","max-image-preview":"max-image-preview:large","max-video-preview":"max-video-preview:-1"},"canonical":"https:\/\/www.topicfoot.fr\/index.php\/2024\/12\/28\/laffaire-diarra-une-revolution-pour-le-football-mondial\/","og_locale":"fr_FR","og_type":"article","og_title":"L\u2019Affaire Diarra : Une R\u00e9volution pour le Football Mondial","og_description":"Le 4 octobre 2024, la Cour de justice de l\u2019Union europ\u00e9enne (CJUE) a rendu un arr\u00eat marquant dans l\u2019\u201caffaire Diarra\u201d.","og_url":"https:\/\/www.topicfoot.fr\/index.php\/2024\/12\/28\/laffaire-diarra-une-revolution-pour-le-football-mondial\/","og_site_name":"Topic Foot","article_publisher":"https:\/\/www.facebook.com\/topicfoot.fr","article_published_time":"2024-12-28T14:24:35+00:00","article_modified_time":"2025-02-18T19:45:16+00:00","og_image":[{"width":1024,"height":576,"url":"https:\/\/www.topicfoot.fr\/wp-content\/uploads\/2024\/12\/affaire-diarra-tf02.webp","type":"image\/jpeg"}],"author":"Noa G","twitter_card":"summary_large_image","twitter_misc":{"\u00c9crit par":"Noa G","Dur\u00e9e de lecture estim\u00e9e":"6 minutes"},"schema":{"@context":"https:\/\/schema.org","@graph":[{"@type":"Article","@id":"https:\/\/www.topicfoot.fr\/index.php\/2024\/12\/28\/laffaire-diarra-une-revolution-pour-le-football-mondial\/#article","isPartOf":{"@id":"https:\/\/www.topicfoot.fr\/index.php\/2024\/12\/28\/laffaire-diarra-une-revolution-pour-le-football-mondial\/"},"author":{"name":"Noa G","@id":"https:\/\/www.topicfoot.fr\/#\/schema\/person\/1eec7931a039bea2841d9a1b909338a7"},"headline":"L\u2019Affaire Diarra : Une R\u00e9volution pour le Football Mondial","datePublished":"2024-12-28T14:24:35+00:00","dateModified":"2025-02-18T19:45:16+00:00","mainEntityOfPage":{"@id":"https:\/\/www.topicfoot.fr\/index.php\/2024\/12\/28\/laffaire-diarra-une-revolution-pour-le-football-mondial\/"},"wordCount":956,"publisher":{"@id":"https:\/\/www.topicfoot.fr\/#organization"},"image":{"@id":"https:\/\/www.topicfoot.fr\/index.php\/2024\/12\/28\/laffaire-diarra-une-revolution-pour-le-football-mondial\/#primaryimage"},"thumbnailUrl":"https:\/\/www.topicfoot.fr\/wp-content\/uploads\/2024\/12\/affaire-diarra-tf02.webp","articleSection":["R\u00e9glementation","Toutes les cat\u00e9gories"],"inLanguage":"fr-FR"},{"@type":"WebPage","@id":"https:\/\/www.topicfoot.fr\/index.php\/2024\/12\/28\/laffaire-diarra-une-revolution-pour-le-football-mondial\/","url":"https:\/\/www.topicfoot.fr\/index.php\/2024\/12\/28\/laffaire-diarra-une-revolution-pour-le-football-mondial\/","name":"L\u2019Affaire Diarra : Une R\u00e9volution pour le Football Mondial","isPartOf":{"@id":"https:\/\/www.topicfoot.fr\/#website"},"primaryImageOfPage":{"@id":"https:\/\/www.topicfoot.fr\/index.php\/2024\/12\/28\/laffaire-diarra-une-revolution-pour-le-football-mondial\/#primaryimage"},"image":{"@id":"https:\/\/www.topicfoot.fr\/index.php\/2024\/12\/28\/laffaire-diarra-une-revolution-pour-le-football-mondial\/#primaryimage"},"thumbnailUrl":"https:\/\/www.topicfoot.fr\/wp-content\/uploads\/2024\/12\/affaire-diarra-tf02.webp","datePublished":"2024-12-28T14:24:35+00:00","dateModified":"2025-02-18T19:45:16+00:00","description":"Le 4 octobre 2024, la Cour de justice de l\u2019Union europ\u00e9enne (CJUE) a rendu un arr\u00eat marquant dans l\u2019\u201caffaire Diarra\u201d.","breadcrumb":{"@id":"https:\/\/www.topicfoot.fr\/index.php\/2024\/12\/28\/laffaire-diarra-une-revolution-pour-le-football-mondial\/#breadcrumb"},"inLanguage":"fr-FR","potentialAction":[{"@type":"ReadAction","target":["https:\/\/www.topicfoot.fr\/index.php\/2024\/12\/28\/laffaire-diarra-une-revolution-pour-le-football-mondial\/"]}]},{"@type":"ImageObject","inLanguage":"fr-FR","@id":"https:\/\/www.topicfoot.fr\/index.php\/2024\/12\/28\/laffaire-diarra-une-revolution-pour-le-football-mondial\/#primaryimage","url":"https:\/\/www.topicfoot.fr\/wp-content\/uploads\/2024\/12\/affaire-diarra-tf02.webp","contentUrl":"https:\/\/www.topicfoot.fr\/wp-content\/uploads\/2024\/12\/affaire-diarra-tf02.webp","width":1024,"height":576},{"@type":"BreadcrumbList","@id":"https:\/\/www.topicfoot.fr\/index.php\/2024\/12\/28\/laffaire-diarra-une-revolution-pour-le-football-mondial\/#breadcrumb","itemListElement":[{"@type":"ListItem","position":1,"name":"Accueil","item":"https:\/\/www.topicfoot.fr\/"},{"@type":"ListItem","position":2,"name":"L\u2019Affaire Diarra : Une R\u00e9volution pour le Football Mondial"}]},{"@type":"WebSite","@id":"https:\/\/www.topicfoot.fr\/#website","url":"https:\/\/www.topicfoot.fr\/","name":"Topic Foot","description":"Tous l&#039;univers du Foot !","publisher":{"@id":"https:\/\/www.topicfoot.fr\/#organization"},"potentialAction":[{"@type":"SearchAction","target":{"@type":"EntryPoint","urlTemplate":"https:\/\/www.topicfoot.fr\/?s={search_term_string}"},"query-input":{"@type":"PropertyValueSpecification","valueRequired":true,"valueName":"search_term_string"}}],"inLanguage":"fr-FR"},{"@type":"Organization","@id":"https:\/\/www.topicfoot.fr\/#organization","name":"Topic Foot","url":"https:\/\/www.topicfoot.fr\/","logo":{"@type":"ImageObject","inLanguage":"fr-FR","@id":"https:\/\/www.topicfoot.fr\/#\/schema\/logo\/image\/","url":"https:\/\/www.topicfoot.fr\/wp-content\/uploads\/2024\/04\/cropped-logo-topicfoot-new.jpg","contentUrl":"https:\/\/www.topicfoot.fr\/wp-content\/uploads\/2024\/04\/cropped-logo-topicfoot-new.jpg","width":512,"height":512,"caption":"Topic Foot"},"image":{"@id":"https:\/\/www.topicfoot.fr\/#\/schema\/logo\/image\/"},"sameAs":["https:\/\/www.facebook.com\/topicfoot.fr"]},{"@type":"Person","@id":"https:\/\/www.topicfoot.fr\/#\/schema\/person\/1eec7931a039bea2841d9a1b909338a7","name":"Noa G","image":{"@type":"ImageObject","inLanguage":"fr-FR","@id":"https:\/\/secure.gravatar.com\/avatar\/35544da2504abbd834faa666f50eb919c4fbcb3bd5c1c5f3fcf50113e404bc1c?s=96&d=mm&r=g","url":"https:\/\/secure.gravatar.com\/avatar\/35544da2504abbd834faa666f50eb919c4fbcb3bd5c1c5f3fcf50113e404bc1c?s=96&d=mm&r=g","contentUrl":"https:\/\/secure.gravatar.com\/avatar\/35544da2504abbd834faa666f50eb919c4fbcb3bd5c1c5f3fcf50113e404bc1c?s=96&d=mm&r=g","caption":"Noa G"},"url":"https:\/\/www.topicfoot.fr\/index.php\/author\/florentg\/"}]}},"_links":{"self":[{"href":"https:\/\/www.topicfoot.fr\/index.php\/wp-json\/wp\/v2\/posts\/11700","targetHints":{"allow":["GET"]}}],"collection":[{"href":"https:\/\/www.topicfoot.fr\/index.php\/wp-json\/wp\/v2\/posts"}],"about":[{"href":"https:\/\/www.topicfoot.fr\/index.php\/wp-json\/wp\/v2\/types\/post"}],"author":[{"embeddable":true,"href":"https:\/\/www.topicfoot.fr\/index.php\/wp-json\/wp\/v2\/users\/2"}],"replies":[{"embeddable":true,"href":"https:\/\/www.topicfoot.fr\/index.php\/wp-json\/wp\/v2\/comments?post=11700"}],"version-history":[{"count":0,"href":"https:\/\/www.topicfoot.fr\/index.php\/wp-json\/wp\/v2\/posts\/11700\/revisions"}],"wp:featuredmedia":[{"embeddable":true,"href":"https:\/\/www.topicfoot.fr\/index.php\/wp-json\/wp\/v2\/media\/11702"}],"wp:attachment":[{"href":"https:\/\/www.topicfoot.fr\/index.php\/wp-json\/wp\/v2\/media?parent=11700"}],"wp:term":[{"taxonomy":"category","embeddable":true,"href":"https:\/\/www.topicfoot.fr\/index.php\/wp-json\/wp\/v2\/categories?post=11700"},{"taxonomy":"post_tag","embeddable":true,"href":"https:\/\/www.topicfoot.fr\/index.php\/wp-json\/wp\/v2\/tags?post=11700"},{"taxonomy":"post_folder","embeddable":true,"href":"https:\/\/www.topicfoot.fr\/index.php\/wp-json\/wp\/v2\/post_folder?post=11700"}],"curies":[{"name":"wp","href":"https:\/\/api.w.org\/{rel}","templated":true}]}}