{"id":12064,"date":"2025-01-14T23:42:41","date_gmt":"2025-01-14T22:42:41","guid":{"rendered":"https:\/\/www.topicfoot.fr\/?p=12064"},"modified":"2025-02-18T20:30:31","modified_gmt":"2025-02-18T19:30:31","slug":"coupe-de-france-pourquoi-la-var-napparait-quen-quarts-de-finale","status":"publish","type":"post","link":"https:\/\/www.topicfoot.fr\/index.php\/2025\/01\/14\/coupe-de-france-pourquoi-la-var-napparait-quen-quarts-de-finale\/","title":{"rendered":"Coupe de France, Pourquoi la VAR n\u2019apparait qu\u2019en quarts de finale?"},"content":{"rendered":"<span class=\"span-reading-time rt-reading-time\" style=\"display: block;\"><span class=\"rt-label rt-prefix\">Temps de lecture\u00a0:  <\/span> <span class=\"rt-time\"> 3<\/span> <span class=\"rt-label rt-postfix\">minutes.  <\/span><\/span>\n<p>La&nbsp;<strong><a href=\"https:\/\/www.fff.fr\/competition\/engagement\/420183-coupe-de-france\/phase\/2\/index.html\" target=\"_blank\" rel=\"noreferrer noopener\">Coupe de France<\/a><\/strong>&nbsp;est une comp\u00e9tition unique, m\u00ealant amateurs et professionnels. Pourtant, la VAR n\u2019y est utilis\u00e9e qu\u2019\u00e0 partir des quarts de finale. Cela soul\u00e8ve des questions sur l\u2019\u00e9quit\u00e9 et l\u2019uniformit\u00e9 des d\u00e9cisions arbitrales.<\/p>\n\n\n\n<figure class=\"wp-block-image size-large\"><img loading=\"lazy\" decoding=\"async\" width=\"1024\" height=\"659\" src=\"https:\/\/www.topicfoot.fr\/wp-content\/uploads\/2024\/03\/regles-football-evolution-tf02-1024x659.jpg\" alt=\"var coupe de france\" class=\"wp-image-6861\" srcset=\"https:\/\/www.topicfoot.fr\/wp-content\/uploads\/2024\/03\/regles-football-evolution-tf02-1024x659.jpg 1024w, https:\/\/www.topicfoot.fr\/wp-content\/uploads\/2024\/03\/regles-football-evolution-tf02-300x193.jpg 300w, https:\/\/www.topicfoot.fr\/wp-content\/uploads\/2024\/03\/regles-football-evolution-tf02-768x494.jpg 768w, https:\/\/www.topicfoot.fr\/wp-content\/uploads\/2024\/03\/regles-football-evolution-tf02.jpg 1200w\" sizes=\"auto, (max-width: 1024px) 100vw, 1024px\" \/><\/figure>\n\n\n\n<p>La VAR en Coupe de France, ou assistance vid\u00e9o \u00e0 l\u2019arbitrage, outil destin\u00e9 \u00e0 corriger des erreurs manifestes. En Coupe de France, elle n\u2019intervient qu\u2019en phase avanc\u00e9e, cr\u00e9ant un d\u00e9s\u00e9quilibre dans l\u2019arbitrage entre les tours.<\/p>\n\n\n\n<h2 class=\"wp-block-heading\">Pourquoi la VAR en Coupe de France n\u2019est pas disponible d\u00e8s les premiers tours ?<\/h2>\n\n\n\n<ol class=\"wp-block-list\">\n<li><strong>Co\u00fbts \u00e9lev\u00e9s<\/strong>&nbsp;: L\u2019utilisation de la VAR n\u00e9cessite des \u00e9quipements sp\u00e9cifiques et du personnel form\u00e9. Ces co\u00fbts sont difficiles \u00e0 supporter pour les clubs amateurs.<\/li>\n\n\n\n<li><strong>Infrastructures limit\u00e9es<\/strong>&nbsp;: Tous les stades accueillant des matchs de Coupe de France ne disposent pas de la technologie n\u00e9cessaire pour la VAR.<\/li>\n\n\n\n<li><strong>Logistique complexe<\/strong>&nbsp;: Installer la VAR dans des stades non \u00e9quip\u00e9s repr\u00e9sente un d\u00e9fi logistique important pour chaque tour.<\/li>\n\n\n\n<li><strong>\u00c9quit\u00e9 per\u00e7ue<\/strong>&nbsp;: Introduire la VAR uniquement sur certains terrains pourrait cr\u00e9er une in\u00e9galit\u00e9 encore plus grande.<\/li>\n<\/ol>\n\n\n\n<p>Ces contraintes pratiques expliquent l\u2019absence de la VAR dans les premiers tours. Cependant, elles ne dissipent pas les critiques concernant l\u2019\u00e9quit\u00e9 sportive.<\/p>\n\n\n\n<h2 class=\"wp-block-heading\">Une d\u00e9cision strat\u00e9gique pour les quarts de finale<\/h2>\n\n\n\n<p>L\u2019introduction de la VAR \u00e0 partir des quarts de finale est avant tout un choix strat\u00e9gique. Cette phase compte les clubs professionnels dans la comp\u00e9tition depuis plusieurs tours. Les enjeux sportifs et financiers augmentent consid\u00e9rablement.<\/p>\n\n\n\n<p>Limiter la VAR aux tours avanc\u00e9s permet de concentrer les ressources sur les matchs \u00e0 forte visibilit\u00e9. Cela garantit \u00e9galement une uniformit\u00e9 technique pour les rencontres m\u00e9diatis\u00e9es. Toutefois, cette strat\u00e9gie accentue la diff\u00e9rence de traitement entre les clubs amateurs et professionnels.<\/p>\n\n\n\n<h2 class=\"wp-block-heading\">Quelques exemples marquants de la VAR en Coupe de France<\/h2>\n\n\n\n<ol class=\"wp-block-list\">\n<li><strong>Erreur d\u2019arbitrage sans VAR<\/strong>&nbsp;: Lors d\u2019un match opposant un club amateur \u00e0 une \u00e9quipe de Ligue 1, un but hors-jeu a \u00e9t\u00e9 valid\u00e9. Sans VAR, l\u2019erreur a scell\u00e9 l\u2019issue du match.<\/li>\n\n\n\n<li><strong>Impact de la VAR en quarts<\/strong>&nbsp;: En quart de finale 2023, la VAR a annul\u00e9 un penalty d\u00e9cisif, changeant le cours de la rencontre.<\/li>\n\n\n\n<li><strong>Frustration des amateurs<\/strong>&nbsp;: En 2022, un club amateur \u00e9limin\u00e9 par une erreur d\u2019arbitrage a critiqu\u00e9 l\u2019absence de VAR.<\/li>\n<\/ol>\n\n\n\n<p>Ces exemples illustrent les enjeux li\u00e9s \u00e0 l\u2019utilisation s\u00e9lective de la VAR. Ils alimentent les d\u00e9bats sur l\u2019\u00e9quit\u00e9 en Coupe de France.<\/p>\n\n\n\n<h2 class=\"wp-block-heading\">Quelles alternatives pour am\u00e9liorer la situation ?<\/h2>\n\n\n\n<ol class=\"wp-block-list\">\n<li><strong>VAR all\u00e9g\u00e9e<\/strong>\u00a0: D\u00e9ploiement d&rsquo;une version simplifi\u00e9e d\u00e8s les premiers tours, r\u00e9duisant les co\u00fbts et les contraintes logistiques.<\/li>\n\n\n\n<li><strong>Uniformit\u00e9 technologique<\/strong>&nbsp;: La F\u00e9d\u00e9ration pourrait financer l\u2019installation d\u2019\u00e9quipements VAR dans certains stades-cl\u00e9s.<\/li>\n<\/ol>\n\n\n\n<p>Ces solutions permettraient de r\u00e9duire les in\u00e9galit\u00e9s tout en respectant l\u2019esprit de la comp\u00e9tition.<\/p>\n\n\n\n<h2 class=\"wp-block-heading\">Que se passe-t-il dans les autres pays ?<\/h2>\n\n\n\n<p>Dans d\u2019autres comp\u00e9titions nationales, la VAR est utilis\u00e9e diff\u00e9remment. Voici quelques exemples :<\/p>\n\n\n\n<ol class=\"wp-block-list\">\n<li><strong>Angleterre (<a href=\"https:\/\/www.topicfoot.fr\/index.php\/coupe-angleterre-foot\/\">FA Cup<\/a>)<\/strong>\u00a0: La VAR utilis\u00e9e que dans les stades \u00e9quip\u00e9s de Premier League, cr\u00e9ant une in\u00e9galit\u00e9 similaire.<\/li>\n\n\n\n<li><strong>Italie (<a href=\"https:\/\/www.topicfoot.fr\/index.php\/coupe-italie\/\">Coppa Italia<\/a>)<\/strong>&nbsp;: La VAR est disponible d\u00e8s les huiti\u00e8mes de finale, mais uniquement dans les grands stades.<\/li>\n\n\n\n<li><strong>Espagne (<a href=\"https:\/\/www.topicfoot.fr\/index.php\/coupe-du-roi-espagne\/\">Copa del Rey<\/a>)<\/strong>\u00a0: La VAR utilis\u00e9e d\u00e8s les 32es de finale, mais avec une organisation centralis\u00e9e pour r\u00e9duire les co\u00fbts.<\/li>\n\n\n\n<li><strong>Allemagne (<a href=\"https:\/\/www.topicfoot.fr\/index.php\/coupe-allemagne\/\">DFB-Pokal<\/a>)<\/strong>\u00a0: La VAR d\u00e9ploy\u00e9e uniquement dans les matchs des \u00e9quipes professionnelles, laissant les amateurs sans assistance.<\/li>\n<\/ol>\n\n\n\n<p>Ces exemples montrent que la gestion de la VAR reste complexe, m\u00eame dans les pays les plus avanc\u00e9s en football.<\/p>\n\n\n\n<hr class=\"wp-block-separator has-alpha-channel-opacity\"\/>\n\n\n\n<p>La VAR en&nbsp;<strong>Coupe de France<\/strong>&nbsp;reste un sujet sensible. Si son introduction en quarts de finale garantit une justice accrue pour les matchs d\u00e9cisifs, elle soul\u00e8ve des questions sur l\u2019\u00e9quit\u00e9 entre amateurs et professionnels. Trouver un \u00e9quilibre entre co\u00fbt, logistique et justice sportive est un d\u00e9fi pour la F\u00e9d\u00e9ration. Dans cette comp\u00e9tition o\u00f9 tout peut arriver, l\u2019\u00e9quit\u00e9 devrait rester la priorit\u00e9.<\/p>\n\n\n\n<!-- Noptin Newsletter Plugin v4.2.2 - https:\/\/wordpress.org\/plugins\/newsletter-optin-box\/ --><div id=\"noptin-form-2__wrapper\" class=\"noptin-optin-main-wrapper noptin-form-id-9842 noptin-inpost-main-wrapper\" aria-labelledby=\"noptin-form-2__title\" ><style>\/*Custom css*\/\n\n.noptin-form-id-9842 .noptin-optin-form-wrapper .noptin-optin-form.noptin-form-single-line .noptin-form-submit{\n\tborder-radius: 30px;\n}\n\n@media only screen and (min-width: 768px) {\n\n\t.noptin-form-id-9842 .noptin-optin-form-wrapper .noptin-optin-form.noptin-form-single-line .noptin-form-submit{\n\t\tposition: absolute;\n\t\tbottom: -1px;\n\t\ttop: 0;\n\t\tright: 0px;\n\t}\n\n}\n\n.noptin-form-id-9842 .noptin-optin-form-wrapper .noptin-form-single-line .noptin-form-field{\n \tborder-radius: 30px !important;\n\tborder: none !important;\n} #noptin-form-2__wrapper {--noptin-background-color: #424242; --noptin-border-color: #424242; --noptin-button-color: #607D8B; --noptin-button-text-color: #fafafa; --noptin-title-color: #fafafa; --noptin-description-color: #fafafa; --noptin-prefix-color: #607d8b; --noptin-note-color: #fafafa;}<\/style><div style=\"max-width:620px; min-height:280px;border-color: #424242;\" class=\"noptin-optin-form-wrapper no-image\" ><!-- Form ID: 9842 --><form id=\"noptin-form-2\" class=\"noptin-optin-form noptin-form-single-line noptin-label-hide noptin-form-2\" method=\"post\" novalidate >\t\t\t\t\t<div class=\"noptin-form-header noptin-img-left\">\n\t\t\t\t\t\t\t\t\t\t\t\t<div class=\"noptin-form-header-text\">\n\n\t\t\t\t\t\t\t\t\t\t\t\t\t\t\t<div style=\"color: #607d8b;font-size: 20px; font-weight: 500; line-height: 1.3;\" class=\"noptin-form-prefix\">\n\t\t\t\t\t\t\t\t\t\t\t\t\t\t\t\t\t<\/div>\n\t\t\t\t\t\t\t\n\t\t\t\t\t\t\t\t\t\t\t\t\t\t\t<div style=\"color: #fafafa;font-size: 20px; font-weight: 700; line-height: 1.5;\" class=\"noptin-form-heading\">\n\t\t\t\t\t\t\t\t\tAbonnez-vous \u00e0 TopicFoot\t\t\t\t\t\t\t\t<\/div>\n\t\t\t\t\t\t\t\n\t\t\t\t\t\t\t\t\t\t\t\t\t\t\t<div style=\"color: #fafafa;font-size: 16px; font-weight: 500; line-height: 1.5;\" class=\"noptin-form-description\">\n\t\t\t\t\t\t\t\t\tEntrez votre Mail pour recevoir nos derniers articles.\t\t\t\t\t\t\t\t<\/div>\n\t\t\t\t\t\t\t\n\t\t\t\t\t\t<\/div>\n\t\t\t\t\t\t\n\t\t\t\t\t\t\t\t\t\t\t\t\t<div class=\"noptin-form-header-image\">\n\t\t\t\t\t\t\t\t<img decoding=\"async\" alt=\"icon\" src=\"https:\/\/www.topicfoot.fr\/wp-content\/plugins\/newsletter-optin-box\/includes\/assets\/images\/email-icon.png\" \/>\n\t\t\t\t\t\t\t<\/div>\n\t\t\t\t\t\t\n\t\t\t\t\t<\/div>\n\t\t\t\t<div class=\"noptin-form-footer\"><div class=\"noptin-form-fields\">\t\t\t<div class=\"noptin-form-field-wrapper noptin-form-field-email noptin-optin-field-wrapper noptin-optin-field-email\" id=\"noptin-form-2__field-email--wrapper\" >\n\t\t<div class=\"noptin-field-email\">\n\t\t\t<label class=\"noptin-label\" for=\"noptin-form-2__field-email\">Adresse Mail<\/label>\n\t\t\t<input name=\"noptin_fields[email]\" id=\"noptin-form-2__field-email\" type=\"email\" class=\"noptin-text noptin-form-field noptin-form-field__email noptin-form-field__has-no-placeholder\" placeholder=\"Adresse Mail\" required \/>\n\n\t\t<\/div><\/div>\t\t\t<div class=\"noptin-form-field-wrapper noptin-form-field- noptin-optin-field-wrapper noptin-optin-field-\" id=\"noptin-form-2__field---wrapper\" >\n\t\t<\/div>\t\t\t<div class=\"noptin-form-field-wrapper noptin-form-field-submit noptin-optin-field-wrapper noptin-optin-field-submit\" >\n\t\t\n\t\t\t<input type=\"submit\" id=\"noptin-form-2__submit\" class=\"noptin-form-submit btn button btn-primary button-primary wp-element-button\" name=\"noptin-submit\" value=\"Abonnez-vous\" style=\"background-color: #607D8B;color: #fafafa;\"  \/>\n\n\t\t<\/div><\/div>\t\t\t\t\t\t<div class=\"noptin-form-notice noptin-response\" role=\"alert\"><\/div>\n\t\t\t<\/div>\n\t\t\t<input type=\"hidden\" name=\"noptin_element_id\" value=\"2\" \/><input type=\"hidden\" name=\"source\" value=\"9842\" \/><input type=\"hidden\" name=\"form_action\" value=\"subscribe\" \/><input type=\"hidden\" name=\"noptin-config\" value=\"geVp3bmVsS.Bejx5F7hyheCZeasGrk6UoV7mPwUKzeAj_J_jRQjYkLtSn67MwIeo\" \/><input type=\"hidden\" name=\"noptin_form_id\" value=\"9842\" \/><\/form><\/div><!-- \/Form ID: 9842 --><\/div><!-- \/ Noptin Newsletter Plugin -->\n\n\n\n<p>Voir aussi notre article sur :&nbsp;<a href=\"https:\/\/www.topicfoot.fr\/index.php\/2024\/12\/10\/gain-coupe-de-france-combien-gagne-le-vainqueur-en-2024-2025\/\">Gain Coupe de France : Combien Gagne le Vainqueur en 2024-2025 ?<\/a><\/p>\n\n\n\n<figure class=\"wp-block-embed is-type-wp-embed is-provider-topic-foot wp-block-embed-topic-foot\"><div class=\"wp-block-embed__wrapper\">\n<blockquote class=\"wp-embedded-content\" data-secret=\"k1fgtBo7It\"><a href=\"https:\/\/www.topicfoot.fr\/index.php\/2024\/12\/10\/gain-coupe-de-france-combien-gagne-le-vainqueur-en-2024-2025\/\">Gain Coupe de France : Combien Gagne le Vainqueur en 2024-2025 ?<\/a><\/blockquote><iframe loading=\"lazy\" class=\"wp-embedded-content\" sandbox=\"allow-scripts\" security=\"restricted\" style=\"position: absolute; visibility: hidden;\" title=\"\u00ab\u00a0Gain Coupe de France : Combien Gagne le Vainqueur en 2024-2025 ?\u00a0\u00bb &#8212; Topic Foot\" src=\"https:\/\/www.topicfoot.fr\/index.php\/2024\/12\/10\/gain-coupe-de-france-combien-gagne-le-vainqueur-en-2024-2025\/embed\/#?secret=NEUlY9ugZk#?secret=k1fgtBo7It\" data-secret=\"k1fgtBo7It\" width=\"500\" height=\"282\" frameborder=\"0\" marginwidth=\"0\" marginheight=\"0\" scrolling=\"no\"><\/iframe>\n<\/div><\/figure>\n","protected":false},"excerpt":{"rendered":"<div class=\"mh-excerpt\">La VAR en Coupe de France, ou assistance vid\u00e9o \u00e0 l\u2019arbitrage, est un outil destin\u00e9 \u00e0 corriger des erreurs manifestes.<\/div>\n<p> <a class=\"mh-excerpt-more\" href=\"https:\/\/www.topicfoot.fr\/index.php\/2025\/01\/14\/coupe-de-france-pourquoi-la-var-napparait-quen-quarts-de-finale\/\" title=\"Coupe de France, Pourquoi la VAR n\u2019apparait qu\u2019en quarts de finale?\">[&#8230;]<\/a><\/p>\n","protected":false},"author":5,"featured_media":12065,"comment_status":"closed","ping_status":"open","sticky":false,"template":"","format":"standard","meta":{"footnotes":""},"categories":[38,142,39,31],"tags":[],"post_folder":[],"class_list":{"0":"post-12064","1":"post","2":"type-post","3":"status-publish","4":"format-standard","5":"has-post-thumbnail","7":"category-arbitres","8":"category-coupe-de-france","9":"category-technologie","10":"category-toutes-les-categories"},"yoast_head":"<!-- This site is optimized with the Yoast SEO plugin v27.4 - https:\/\/yoast.com\/product\/yoast-seo-wordpress\/ -->\n<title>Coupe de France, Pourquoi la VAR n\u2019apparait qu\u2019en quarts de finale?<\/title>\n<meta name=\"description\" content=\"La VAR en Coupe de France, ou assistance vid\u00e9o \u00e0 l\u2019arbitrage, est un outil destin\u00e9 \u00e0 corriger des erreurs manifestes.\" \/>\n<meta name=\"robots\" content=\"index, follow, max-snippet:-1, max-image-preview:large, max-video-preview:-1\" \/>\n<link rel=\"canonical\" href=\"https:\/\/www.topicfoot.fr\/index.php\/2025\/01\/14\/coupe-de-france-pourquoi-la-var-napparait-quen-quarts-de-finale\/\" \/>\n<meta property=\"og:locale\" content=\"fr_FR\" \/>\n<meta property=\"og:type\" content=\"article\" \/>\n<meta property=\"og:title\" content=\"Coupe de France, Pourquoi la VAR n\u2019apparait qu\u2019en quarts de finale?\" \/>\n<meta property=\"og:description\" content=\"La VAR en Coupe de France, ou assistance vid\u00e9o \u00e0 l\u2019arbitrage, est un outil destin\u00e9 \u00e0 corriger des erreurs manifestes.\" \/>\n<meta property=\"og:url\" content=\"https:\/\/www.topicfoot.fr\/index.php\/2025\/01\/14\/coupe-de-france-pourquoi-la-var-napparait-quen-quarts-de-finale\/\" \/>\n<meta property=\"og:site_name\" content=\"Topic Foot\" \/>\n<meta property=\"article:publisher\" content=\"https:\/\/www.facebook.com\/topicfoot.fr\" \/>\n<meta property=\"article:published_time\" content=\"2025-01-14T22:42:41+00:00\" \/>\n<meta property=\"article:modified_time\" content=\"2025-02-18T19:30:31+00:00\" \/>\n<meta property=\"og:image\" content=\"https:\/\/www.topicfoot.fr\/wp-content\/uploads\/2025\/01\/var-tf11.webp\" \/>\n\t<meta property=\"og:image:width\" content=\"1024\" \/>\n\t<meta property=\"og:image:height\" content=\"576\" \/>\n\t<meta property=\"og:image:type\" content=\"image\/jpeg\" \/>\n<meta name=\"author\" content=\"Laurent M\" \/>\n<meta name=\"twitter:card\" content=\"summary_large_image\" \/>\n<meta name=\"twitter:label1\" content=\"\u00c9crit par\" \/>\n\t<meta name=\"twitter:data1\" content=\"Laurent M\" \/>\n\t<meta name=\"twitter:label2\" content=\"Dur\u00e9e de lecture estim\u00e9e\" \/>\n\t<meta name=\"twitter:data2\" content=\"4 minutes\" \/>\n<script type=\"application\/ld+json\" class=\"yoast-schema-graph\">{\"@context\":\"https:\\\/\\\/schema.org\",\"@graph\":[{\"@type\":\"Article\",\"@id\":\"https:\\\/\\\/www.topicfoot.fr\\\/index.php\\\/2025\\\/01\\\/14\\\/coupe-de-france-pourquoi-la-var-napparait-quen-quarts-de-finale\\\/#article\",\"isPartOf\":{\"@id\":\"https:\\\/\\\/www.topicfoot.fr\\\/index.php\\\/2025\\\/01\\\/14\\\/coupe-de-france-pourquoi-la-var-napparait-quen-quarts-de-finale\\\/\"},\"author\":{\"name\":\"Laurent M\",\"@id\":\"https:\\\/\\\/www.topicfoot.fr\\\/#\\\/schema\\\/person\\\/c3cc72d0475041f6006c3b9ac2fdd651\"},\"headline\":\"Coupe de France, Pourquoi la VAR n\u2019apparait qu\u2019en quarts de finale?\",\"datePublished\":\"2025-01-14T22:42:41+00:00\",\"dateModified\":\"2025-02-18T19:30:31+00:00\",\"mainEntityOfPage\":{\"@id\":\"https:\\\/\\\/www.topicfoot.fr\\\/index.php\\\/2025\\\/01\\\/14\\\/coupe-de-france-pourquoi-la-var-napparait-quen-quarts-de-finale\\\/\"},\"wordCount\":746,\"publisher\":{\"@id\":\"https:\\\/\\\/www.topicfoot.fr\\\/#organization\"},\"image\":{\"@id\":\"https:\\\/\\\/www.topicfoot.fr\\\/index.php\\\/2025\\\/01\\\/14\\\/coupe-de-france-pourquoi-la-var-napparait-quen-quarts-de-finale\\\/#primaryimage\"},\"thumbnailUrl\":\"https:\\\/\\\/www.topicfoot.fr\\\/wp-content\\\/uploads\\\/2025\\\/01\\\/var-tf11.webp\",\"articleSection\":[\"Arbitrage et finances\",\"Coupe de France : primes et retomb\u00e9es financi\u00e8res\",\"Technologie\",\"Toutes les cat\u00e9gories\"],\"inLanguage\":\"fr-FR\"},{\"@type\":\"WebPage\",\"@id\":\"https:\\\/\\\/www.topicfoot.fr\\\/index.php\\\/2025\\\/01\\\/14\\\/coupe-de-france-pourquoi-la-var-napparait-quen-quarts-de-finale\\\/\",\"url\":\"https:\\\/\\\/www.topicfoot.fr\\\/index.php\\\/2025\\\/01\\\/14\\\/coupe-de-france-pourquoi-la-var-napparait-quen-quarts-de-finale\\\/\",\"name\":\"Coupe de France, Pourquoi la VAR n\u2019apparait qu\u2019en quarts de finale?\",\"isPartOf\":{\"@id\":\"https:\\\/\\\/www.topicfoot.fr\\\/#website\"},\"primaryImageOfPage\":{\"@id\":\"https:\\\/\\\/www.topicfoot.fr\\\/index.php\\\/2025\\\/01\\\/14\\\/coupe-de-france-pourquoi-la-var-napparait-quen-quarts-de-finale\\\/#primaryimage\"},\"image\":{\"@id\":\"https:\\\/\\\/www.topicfoot.fr\\\/index.php\\\/2025\\\/01\\\/14\\\/coupe-de-france-pourquoi-la-var-napparait-quen-quarts-de-finale\\\/#primaryimage\"},\"thumbnailUrl\":\"https:\\\/\\\/www.topicfoot.fr\\\/wp-content\\\/uploads\\\/2025\\\/01\\\/var-tf11.webp\",\"datePublished\":\"2025-01-14T22:42:41+00:00\",\"dateModified\":\"2025-02-18T19:30:31+00:00\",\"description\":\"La VAR en Coupe de France, ou assistance vid\u00e9o \u00e0 l\u2019arbitrage, est un outil destin\u00e9 \u00e0 corriger des erreurs manifestes.\",\"breadcrumb\":{\"@id\":\"https:\\\/\\\/www.topicfoot.fr\\\/index.php\\\/2025\\\/01\\\/14\\\/coupe-de-france-pourquoi-la-var-napparait-quen-quarts-de-finale\\\/#breadcrumb\"},\"inLanguage\":\"fr-FR\",\"potentialAction\":[{\"@type\":\"ReadAction\",\"target\":[\"https:\\\/\\\/www.topicfoot.fr\\\/index.php\\\/2025\\\/01\\\/14\\\/coupe-de-france-pourquoi-la-var-napparait-quen-quarts-de-finale\\\/\"]}]},{\"@type\":\"ImageObject\",\"inLanguage\":\"fr-FR\",\"@id\":\"https:\\\/\\\/www.topicfoot.fr\\\/index.php\\\/2025\\\/01\\\/14\\\/coupe-de-france-pourquoi-la-var-napparait-quen-quarts-de-finale\\\/#primaryimage\",\"url\":\"https:\\\/\\\/www.topicfoot.fr\\\/wp-content\\\/uploads\\\/2025\\\/01\\\/var-tf11.webp\",\"contentUrl\":\"https:\\\/\\\/www.topicfoot.fr\\\/wp-content\\\/uploads\\\/2025\\\/01\\\/var-tf11.webp\",\"width\":1024,\"height\":576},{\"@type\":\"BreadcrumbList\",\"@id\":\"https:\\\/\\\/www.topicfoot.fr\\\/index.php\\\/2025\\\/01\\\/14\\\/coupe-de-france-pourquoi-la-var-napparait-quen-quarts-de-finale\\\/#breadcrumb\",\"itemListElement\":[{\"@type\":\"ListItem\",\"position\":1,\"name\":\"Accueil\",\"item\":\"https:\\\/\\\/www.topicfoot.fr\\\/\"},{\"@type\":\"ListItem\",\"position\":2,\"name\":\"Coupe de France, Pourquoi la VAR n\u2019apparait qu\u2019en quarts de finale?\"}]},{\"@type\":\"WebSite\",\"@id\":\"https:\\\/\\\/www.topicfoot.fr\\\/#website\",\"url\":\"https:\\\/\\\/www.topicfoot.fr\\\/\",\"name\":\"Topic Foot\",\"description\":\"Tous l&#039;univers du Foot !\",\"publisher\":{\"@id\":\"https:\\\/\\\/www.topicfoot.fr\\\/#organization\"},\"potentialAction\":[{\"@type\":\"SearchAction\",\"target\":{\"@type\":\"EntryPoint\",\"urlTemplate\":\"https:\\\/\\\/www.topicfoot.fr\\\/?s={search_term_string}\"},\"query-input\":{\"@type\":\"PropertyValueSpecification\",\"valueRequired\":true,\"valueName\":\"search_term_string\"}}],\"inLanguage\":\"fr-FR\"},{\"@type\":\"Organization\",\"@id\":\"https:\\\/\\\/www.topicfoot.fr\\\/#organization\",\"name\":\"Topic Foot\",\"url\":\"https:\\\/\\\/www.topicfoot.fr\\\/\",\"logo\":{\"@type\":\"ImageObject\",\"inLanguage\":\"fr-FR\",\"@id\":\"https:\\\/\\\/www.topicfoot.fr\\\/#\\\/schema\\\/logo\\\/image\\\/\",\"url\":\"https:\\\/\\\/www.topicfoot.fr\\\/wp-content\\\/uploads\\\/2024\\\/04\\\/cropped-logo-topicfoot-new.jpg\",\"contentUrl\":\"https:\\\/\\\/www.topicfoot.fr\\\/wp-content\\\/uploads\\\/2024\\\/04\\\/cropped-logo-topicfoot-new.jpg\",\"width\":512,\"height\":512,\"caption\":\"Topic Foot\"},\"image\":{\"@id\":\"https:\\\/\\\/www.topicfoot.fr\\\/#\\\/schema\\\/logo\\\/image\\\/\"},\"sameAs\":[\"https:\\\/\\\/www.facebook.com\\\/topicfoot.fr\"]},{\"@type\":\"Person\",\"@id\":\"https:\\\/\\\/www.topicfoot.fr\\\/#\\\/schema\\\/person\\\/c3cc72d0475041f6006c3b9ac2fdd651\",\"name\":\"Laurent M\",\"pronouns\":\"il\",\"image\":{\"@type\":\"ImageObject\",\"inLanguage\":\"fr-FR\",\"@id\":\"https:\\\/\\\/secure.gravatar.com\\\/avatar\\\/1556f82bcb30ea7f53ada028296fbd5dbf338b8cb58c931c36f8ff69ea259d82?s=96&d=mm&r=g\",\"url\":\"https:\\\/\\\/secure.gravatar.com\\\/avatar\\\/1556f82bcb30ea7f53ada028296fbd5dbf338b8cb58c931c36f8ff69ea259d82?s=96&d=mm&r=g\",\"contentUrl\":\"https:\\\/\\\/secure.gravatar.com\\\/avatar\\\/1556f82bcb30ea7f53ada028296fbd5dbf338b8cb58c931c36f8ff69ea259d82?s=96&d=mm&r=g\",\"caption\":\"Laurent M\"},\"description\":\"Je m\u2019appelle Laurent et je suis passionn\u00e9 de football depuis mon plus jeune \u00e2ge. Ancien joueur en cat\u00e9gories de jeunes, j\u2019ai rapidement compris qu\u2019au\u2011del\u00e0 du terrain, ce sont aussi les histoires, les tactiques et les trajectoires de carri\u00e8re qui font la richesse de ce sport. Avec le temps, j\u2019ai eu envie de passer de l\u2019autre c\u00f4t\u00e9 du jeu : celui de l\u2019analyse, de l\u2019\u00e9criture et de la transmission. Depuis septembre 2024, je suis r\u00e9dacteur chez Topicfoot, o\u00f9 je m\u2019attache \u00e0 expliquer le football sous toutes ses dimensions. J\u2019aime d\u00e9crypter les matchs, analyser les choix tactiques des entra\u00eeneurs et proposer des dossiers de fond sur l\u2019\u00e9conomie du football : transferts, salaires, strat\u00e9gies de recrutement ou \u00e9volution des championnats. Mon objectif est de rendre accessibles des sujets parfois techniques, sans jamais sacrifier la pr\u00e9cision. Dans mes articles, je m\u2019efforce de croiser statistiques, ressentis du terrain et contexte historique pour offrir au lecteur une vision compl\u00e8te et nuanc\u00e9e du jeu. Je suis de pr\u00e8s la Ligue 1, les grands championnats europ\u00e9ens et l\u2019essor de nouveaux projets footballistiques \u00e0 l\u2019international, avec une attention particuli\u00e8re pour les dynamiques de clubs sur le long terme. En dehors de la r\u00e9daction, je continue de jouer en amateur et je passe beaucoup de temps \u00e0 regarder des matchs et analyser des s\u00e9quences vid\u00e9o. Cette habitude nourrit directement mon travail d\u2019\u00e9criture : chaque rencontre est une occasion de mieux comprendre le jeu\u2026 et de mieux le raconter aux lecteurs de Topicfoot.\",\"url\":\"https:\\\/\\\/www.topicfoot.fr\\\/index.php\\\/author\\\/laurent-muscarnera\\\/\"}]}<\/script>\n<!-- \/ Yoast SEO plugin. -->","yoast_head_json":{"title":"Coupe de France, Pourquoi la VAR n\u2019apparait qu\u2019en quarts de finale?","description":"La VAR en Coupe de France, ou assistance vid\u00e9o \u00e0 l\u2019arbitrage, est un outil destin\u00e9 \u00e0 corriger des erreurs manifestes.","robots":{"index":"index","follow":"follow","max-snippet":"max-snippet:-1","max-image-preview":"max-image-preview:large","max-video-preview":"max-video-preview:-1"},"canonical":"https:\/\/www.topicfoot.fr\/index.php\/2025\/01\/14\/coupe-de-france-pourquoi-la-var-napparait-quen-quarts-de-finale\/","og_locale":"fr_FR","og_type":"article","og_title":"Coupe de France, Pourquoi la VAR n\u2019apparait qu\u2019en quarts de finale?","og_description":"La VAR en Coupe de France, ou assistance vid\u00e9o \u00e0 l\u2019arbitrage, est un outil destin\u00e9 \u00e0 corriger des erreurs manifestes.","og_url":"https:\/\/www.topicfoot.fr\/index.php\/2025\/01\/14\/coupe-de-france-pourquoi-la-var-napparait-quen-quarts-de-finale\/","og_site_name":"Topic Foot","article_publisher":"https:\/\/www.facebook.com\/topicfoot.fr","article_published_time":"2025-01-14T22:42:41+00:00","article_modified_time":"2025-02-18T19:30:31+00:00","og_image":[{"width":1024,"height":576,"url":"https:\/\/www.topicfoot.fr\/wp-content\/uploads\/2025\/01\/var-tf11.webp","type":"image\/jpeg"}],"author":"Laurent M","twitter_card":"summary_large_image","twitter_misc":{"\u00c9crit par":"Laurent M","Dur\u00e9e de lecture estim\u00e9e":"4 minutes"},"schema":{"@context":"https:\/\/schema.org","@graph":[{"@type":"Article","@id":"https:\/\/www.topicfoot.fr\/index.php\/2025\/01\/14\/coupe-de-france-pourquoi-la-var-napparait-quen-quarts-de-finale\/#article","isPartOf":{"@id":"https:\/\/www.topicfoot.fr\/index.php\/2025\/01\/14\/coupe-de-france-pourquoi-la-var-napparait-quen-quarts-de-finale\/"},"author":{"name":"Laurent M","@id":"https:\/\/www.topicfoot.fr\/#\/schema\/person\/c3cc72d0475041f6006c3b9ac2fdd651"},"headline":"Coupe de France, Pourquoi la VAR n\u2019apparait qu\u2019en quarts de finale?","datePublished":"2025-01-14T22:42:41+00:00","dateModified":"2025-02-18T19:30:31+00:00","mainEntityOfPage":{"@id":"https:\/\/www.topicfoot.fr\/index.php\/2025\/01\/14\/coupe-de-france-pourquoi-la-var-napparait-quen-quarts-de-finale\/"},"wordCount":746,"publisher":{"@id":"https:\/\/www.topicfoot.fr\/#organization"},"image":{"@id":"https:\/\/www.topicfoot.fr\/index.php\/2025\/01\/14\/coupe-de-france-pourquoi-la-var-napparait-quen-quarts-de-finale\/#primaryimage"},"thumbnailUrl":"https:\/\/www.topicfoot.fr\/wp-content\/uploads\/2025\/01\/var-tf11.webp","articleSection":["Arbitrage et finances","Coupe de France : primes et retomb\u00e9es financi\u00e8res","Technologie","Toutes les cat\u00e9gories"],"inLanguage":"fr-FR"},{"@type":"WebPage","@id":"https:\/\/www.topicfoot.fr\/index.php\/2025\/01\/14\/coupe-de-france-pourquoi-la-var-napparait-quen-quarts-de-finale\/","url":"https:\/\/www.topicfoot.fr\/index.php\/2025\/01\/14\/coupe-de-france-pourquoi-la-var-napparait-quen-quarts-de-finale\/","name":"Coupe de France, Pourquoi la VAR n\u2019apparait qu\u2019en quarts de finale?","isPartOf":{"@id":"https:\/\/www.topicfoot.fr\/#website"},"primaryImageOfPage":{"@id":"https:\/\/www.topicfoot.fr\/index.php\/2025\/01\/14\/coupe-de-france-pourquoi-la-var-napparait-quen-quarts-de-finale\/#primaryimage"},"image":{"@id":"https:\/\/www.topicfoot.fr\/index.php\/2025\/01\/14\/coupe-de-france-pourquoi-la-var-napparait-quen-quarts-de-finale\/#primaryimage"},"thumbnailUrl":"https:\/\/www.topicfoot.fr\/wp-content\/uploads\/2025\/01\/var-tf11.webp","datePublished":"2025-01-14T22:42:41+00:00","dateModified":"2025-02-18T19:30:31+00:00","description":"La VAR en Coupe de France, ou assistance vid\u00e9o \u00e0 l\u2019arbitrage, est un outil destin\u00e9 \u00e0 corriger des erreurs manifestes.","breadcrumb":{"@id":"https:\/\/www.topicfoot.fr\/index.php\/2025\/01\/14\/coupe-de-france-pourquoi-la-var-napparait-quen-quarts-de-finale\/#breadcrumb"},"inLanguage":"fr-FR","potentialAction":[{"@type":"ReadAction","target":["https:\/\/www.topicfoot.fr\/index.php\/2025\/01\/14\/coupe-de-france-pourquoi-la-var-napparait-quen-quarts-de-finale\/"]}]},{"@type":"ImageObject","inLanguage":"fr-FR","@id":"https:\/\/www.topicfoot.fr\/index.php\/2025\/01\/14\/coupe-de-france-pourquoi-la-var-napparait-quen-quarts-de-finale\/#primaryimage","url":"https:\/\/www.topicfoot.fr\/wp-content\/uploads\/2025\/01\/var-tf11.webp","contentUrl":"https:\/\/www.topicfoot.fr\/wp-content\/uploads\/2025\/01\/var-tf11.webp","width":1024,"height":576},{"@type":"BreadcrumbList","@id":"https:\/\/www.topicfoot.fr\/index.php\/2025\/01\/14\/coupe-de-france-pourquoi-la-var-napparait-quen-quarts-de-finale\/#breadcrumb","itemListElement":[{"@type":"ListItem","position":1,"name":"Accueil","item":"https:\/\/www.topicfoot.fr\/"},{"@type":"ListItem","position":2,"name":"Coupe de France, Pourquoi la VAR n\u2019apparait qu\u2019en quarts de finale?"}]},{"@type":"WebSite","@id":"https:\/\/www.topicfoot.fr\/#website","url":"https:\/\/www.topicfoot.fr\/","name":"Topic Foot","description":"Tous l&#039;univers du Foot !","publisher":{"@id":"https:\/\/www.topicfoot.fr\/#organization"},"potentialAction":[{"@type":"SearchAction","target":{"@type":"EntryPoint","urlTemplate":"https:\/\/www.topicfoot.fr\/?s={search_term_string}"},"query-input":{"@type":"PropertyValueSpecification","valueRequired":true,"valueName":"search_term_string"}}],"inLanguage":"fr-FR"},{"@type":"Organization","@id":"https:\/\/www.topicfoot.fr\/#organization","name":"Topic Foot","url":"https:\/\/www.topicfoot.fr\/","logo":{"@type":"ImageObject","inLanguage":"fr-FR","@id":"https:\/\/www.topicfoot.fr\/#\/schema\/logo\/image\/","url":"https:\/\/www.topicfoot.fr\/wp-content\/uploads\/2024\/04\/cropped-logo-topicfoot-new.jpg","contentUrl":"https:\/\/www.topicfoot.fr\/wp-content\/uploads\/2024\/04\/cropped-logo-topicfoot-new.jpg","width":512,"height":512,"caption":"Topic Foot"},"image":{"@id":"https:\/\/www.topicfoot.fr\/#\/schema\/logo\/image\/"},"sameAs":["https:\/\/www.facebook.com\/topicfoot.fr"]},{"@type":"Person","@id":"https:\/\/www.topicfoot.fr\/#\/schema\/person\/c3cc72d0475041f6006c3b9ac2fdd651","name":"Laurent M","pronouns":"il","image":{"@type":"ImageObject","inLanguage":"fr-FR","@id":"https:\/\/secure.gravatar.com\/avatar\/1556f82bcb30ea7f53ada028296fbd5dbf338b8cb58c931c36f8ff69ea259d82?s=96&d=mm&r=g","url":"https:\/\/secure.gravatar.com\/avatar\/1556f82bcb30ea7f53ada028296fbd5dbf338b8cb58c931c36f8ff69ea259d82?s=96&d=mm&r=g","contentUrl":"https:\/\/secure.gravatar.com\/avatar\/1556f82bcb30ea7f53ada028296fbd5dbf338b8cb58c931c36f8ff69ea259d82?s=96&d=mm&r=g","caption":"Laurent M"},"description":"Je m\u2019appelle Laurent et je suis passionn\u00e9 de football depuis mon plus jeune \u00e2ge. Ancien joueur en cat\u00e9gories de jeunes, j\u2019ai rapidement compris qu\u2019au\u2011del\u00e0 du terrain, ce sont aussi les histoires, les tactiques et les trajectoires de carri\u00e8re qui font la richesse de ce sport. Avec le temps, j\u2019ai eu envie de passer de l\u2019autre c\u00f4t\u00e9 du jeu : celui de l\u2019analyse, de l\u2019\u00e9criture et de la transmission. Depuis septembre 2024, je suis r\u00e9dacteur chez Topicfoot, o\u00f9 je m\u2019attache \u00e0 expliquer le football sous toutes ses dimensions. J\u2019aime d\u00e9crypter les matchs, analyser les choix tactiques des entra\u00eeneurs et proposer des dossiers de fond sur l\u2019\u00e9conomie du football : transferts, salaires, strat\u00e9gies de recrutement ou \u00e9volution des championnats. Mon objectif est de rendre accessibles des sujets parfois techniques, sans jamais sacrifier la pr\u00e9cision. Dans mes articles, je m\u2019efforce de croiser statistiques, ressentis du terrain et contexte historique pour offrir au lecteur une vision compl\u00e8te et nuanc\u00e9e du jeu. Je suis de pr\u00e8s la Ligue 1, les grands championnats europ\u00e9ens et l\u2019essor de nouveaux projets footballistiques \u00e0 l\u2019international, avec une attention particuli\u00e8re pour les dynamiques de clubs sur le long terme. En dehors de la r\u00e9daction, je continue de jouer en amateur et je passe beaucoup de temps \u00e0 regarder des matchs et analyser des s\u00e9quences vid\u00e9o. Cette habitude nourrit directement mon travail d\u2019\u00e9criture : chaque rencontre est une occasion de mieux comprendre le jeu\u2026 et de mieux le raconter aux lecteurs de Topicfoot.","url":"https:\/\/www.topicfoot.fr\/index.php\/author\/laurent-muscarnera\/"}]}},"_links":{"self":[{"href":"https:\/\/www.topicfoot.fr\/index.php\/wp-json\/wp\/v2\/posts\/12064","targetHints":{"allow":["GET"]}}],"collection":[{"href":"https:\/\/www.topicfoot.fr\/index.php\/wp-json\/wp\/v2\/posts"}],"about":[{"href":"https:\/\/www.topicfoot.fr\/index.php\/wp-json\/wp\/v2\/types\/post"}],"author":[{"embeddable":true,"href":"https:\/\/www.topicfoot.fr\/index.php\/wp-json\/wp\/v2\/users\/5"}],"replies":[{"embeddable":true,"href":"https:\/\/www.topicfoot.fr\/index.php\/wp-json\/wp\/v2\/comments?post=12064"}],"version-history":[{"count":0,"href":"https:\/\/www.topicfoot.fr\/index.php\/wp-json\/wp\/v2\/posts\/12064\/revisions"}],"wp:featuredmedia":[{"embeddable":true,"href":"https:\/\/www.topicfoot.fr\/index.php\/wp-json\/wp\/v2\/media\/12065"}],"wp:attachment":[{"href":"https:\/\/www.topicfoot.fr\/index.php\/wp-json\/wp\/v2\/media?parent=12064"}],"wp:term":[{"taxonomy":"category","embeddable":true,"href":"https:\/\/www.topicfoot.fr\/index.php\/wp-json\/wp\/v2\/categories?post=12064"},{"taxonomy":"post_tag","embeddable":true,"href":"https:\/\/www.topicfoot.fr\/index.php\/wp-json\/wp\/v2\/tags?post=12064"},{"taxonomy":"post_folder","embeddable":true,"href":"https:\/\/www.topicfoot.fr\/index.php\/wp-json\/wp\/v2\/post_folder?post=12064"}],"curies":[{"name":"wp","href":"https:\/\/api.w.org\/{rel}","templated":true}]}}