{"id":12490,"date":"2025-02-18T09:24:50","date_gmt":"2025-02-18T08:24:50","guid":{"rendered":"https:\/\/www.topicfoot.fr\/?p=12490"},"modified":"2025-02-18T17:07:43","modified_gmt":"2025-02-18T16:07:43","slug":"nabil-bentaleb-malaise-le-retour-apres-son-arret-cardiaque","status":"publish","type":"post","link":"https:\/\/www.topicfoot.fr\/index.php\/2025\/02\/18\/nabil-bentaleb-malaise-le-retour-apres-son-arret-cardiaque\/","title":{"rendered":"Le retour de Nabil Bentaleb apr\u00e8s son malaise cardiaque"},"content":{"rendered":"<span class=\"span-reading-time rt-reading-time\" style=\"display: block;\"><span class=\"rt-label rt-prefix\">Temps de lecture\u00a0:  <\/span> <span class=\"rt-time\"> 2<\/span> <span class=\"rt-label rt-postfix\">minutes.  <\/span><\/span>\n<p>Nabil Bentaleb malaise : Un an apr\u00e8s avoir fr\u00f4l\u00e9 la fin de carri\u00e8re, Nabil Bentaleb est revenu sur les terrains de Ligue 1. Plus fort que jamais, le milieu de terrain lillois a sign\u00e9 un retour triomphal en marquant face au Stade Rennais.<\/p>\n\n\n\n<figure class=\"wp-block-image size-full\"><img loading=\"lazy\" decoding=\"async\" width=\"1024\" height=\"576\" src=\"https:\/\/www.topicfoot.fr\/wp-content\/uploads\/2025\/02\/nabil-bentaleb-tf.webp\" alt=\"Nabil Bentaleb malaise : le retour apr\u00e8s son arr\u00eat cardiaque\" class=\"wp-image-12491\" srcset=\"https:\/\/www.topicfoot.fr\/wp-content\/uploads\/2025\/02\/nabil-bentaleb-tf.webp 1024w, https:\/\/www.topicfoot.fr\/wp-content\/uploads\/2025\/02\/nabil-bentaleb-tf-300x169.webp 300w, https:\/\/www.topicfoot.fr\/wp-content\/uploads\/2025\/02\/nabil-bentaleb-tf-768x432.webp 768w, https:\/\/www.topicfoot.fr\/wp-content\/uploads\/2025\/02\/nabil-bentaleb-tf-678x381.webp 678w\" sizes=\"auto, (max-width: 1024px) 100vw, 1024px\" \/><\/figure>\n\n\n\n<p class=\"has-text-align-center\">Nabil Bentaleb Cr\u00e9dits : \u0415\u043b\u0435\u043d\u0430 \u0420\u044b\u0431\u0430\u043a\u043e\u0432\u0430<\/p>\n\n\n\n<h2 class=\"wp-block-heading\"><strong>Un arr\u00eat cardiaque qui a failli tout changer<\/strong><\/h2>\n\n\n\n<p>Le 18 juin 2024, alors qu\u2019il dispute un match amical avec des amis, Nabil Bentaleb s\u2019effondre soudainement. Victime d\u2019un arr\u00eat cardiaque, il est plong\u00e9 dans un coma artificiel. L\u2019inqui\u00e9tude grandit dans le monde du football. Sa carri\u00e8re semble termin\u00e9e. Mais contre toute attente, l\u2019international alg\u00e9rien refuse de baisser les bras. Soutenu par sa famille, les experts m\u00e9dicaux et le LOSC, il entame un long combat pour revenir sur les terrains.<\/p>\n\n\n\n<p>Durant plusieurs mois, le joueur de 30 ans suit un protocole m\u00e9dical strict. Sa condition physique est scrut\u00e9e \u00e0 la loupe. Le d\u00e9fi est immense : aucun joueur en France n\u2019a encore repris la comp\u00e9tition apr\u00e8s un tel incident. Inspir\u00e9 par Christian Eriksen, qui avait fait son retour apr\u00e8s un malaise similaire lors de l\u2019Euro 2021, Bentaleb garde espoir.<\/p>\n\n\n\n<h2 class=\"wp-block-heading\"><strong>Un retour in\u00e9dit en Ligue 1 gr\u00e2ce \u00e0 un d\u00e9fibrillateur<\/strong><\/h2>\n\n\n\n<p>Huit mois apr\u00e8s son malaise cardiaque, un tournant se produit. Le 12 f\u00e9vrier 2025, la F\u00e9d\u00e9ration Fran\u00e7aise de Football (FFF) donne son feu vert : Bentaleb peut rejouer, \u00e0 condition de porter un d\u00e9fibrillateur sous-cutan\u00e9. C\u2019est une premi\u00e8re en France.<\/p>\n\n\n\n<p>L\u2019annonce est accueillie avec joie par le LOSC. Olivier L\u00e9tang, pr\u00e9sident du club, ne cache pas son \u00e9motion :&nbsp;<strong>\u00ab\u00a0C\u2019\u00e9tait un r\u00eave fou, et nous l\u2019avons r\u00e9alis\u00e9.\u00a0\u00bb<\/strong>&nbsp;D\u00e8s son retour \u00e0 l\u2019entra\u00eenement, une haie d\u2019honneur l\u2019attend. Ses co\u00e9quipiers l\u2019acclament. L\u2019histoire est d\u00e9j\u00e0 belle, mais elle ne fait que commencer.<\/p>\n\n\n\n<h2 class=\"wp-block-heading\"><strong>Un sc\u00e9nario incroyable contre Rennes<\/strong><\/h2>\n\n\n\n<p>Dimanche 16 f\u00e9vrier 2025, Lille se d\u00e9place \u00e0 Rennes pour un choc de Ligue 1. \u00c0 la 76e minute, Bentaleb entre en jeu sous les ovations du public. Quatre minutes plus tard, le miracle se produit.<\/p>\n\n\n\n<p>Sur un corner, une t\u00eate de Chuba Akpom est repouss\u00e9e par Steve Mandanda. Bentaleb surgit et propulse le ballon au fond des filets. Le banc lillois explose. Il s\u2019\u00e9lance vers ses co\u00e9quipiers et enlace son entra\u00eeneur Bruno Genesio.&nbsp;<strong>Un moment de pure \u00e9motion.<\/strong><\/p>\n\n\n\n<p>Ce but lib\u00e9rateur permet au LOSC d\u2019ouvrir le score et de s\u2019imposer 2-0. Plus qu\u2019un simple but, c\u2019est un symbole de r\u00e9silience et de d\u00e9termination.<\/p>\n\n\n\n<h2 class=\"wp-block-heading\"><strong>Un exploit salu\u00e9 par le monde du football<\/strong><\/h2>\n\n\n\n<p>Les r\u00e9actions ne tardent pas.&nbsp;<strong>Bruno Genesio<\/strong>&nbsp;est admiratif :&nbsp;<strong>\u00ab\u00a0C\u2019est une histoire incroyable, il a travaill\u00e9 dur pour en arriver l\u00e0.\u00a0\u00bb<\/strong>&nbsp;Sur les r\u00e9seaux sociaux, les supporters lillois sont en \u00e9bullition.&nbsp;<strong>\u00ab\u00a0Le retour du guerrier\u00a0\u00bb<\/strong>,&nbsp;<strong>\u00ab\u00a0Un mod\u00e8le de pers\u00e9v\u00e9rance\u00a0\u00bb<\/strong>, peut-on lire sur X (ex-Twitter).<\/p>\n\n\n\n<p>M\u00eame des joueurs d\u2019autres clubs saluent l\u2019exploit. Christian Eriksen lui adresse un message de f\u00e9licitations. La presse europ\u00e9enne met en avant cette performance hors normes.<\/p>\n\n\n\n<h2 class=\"wp-block-heading\"><strong>Quelles perspectives pour la suite ?<\/strong><\/h2>\n\n\n\n<p>Ce retour exceptionnel pose plusieurs questions. Bentaleb pourra-t-il encha\u00eener les matchs ? Son d\u00e9fibrillateur affectera-t-il son rendement ? Pour l\u2019instant, le joueur se dit&nbsp;<strong>\u00ab\u00a0totalement pr\u00eat \u00e0 continuer\u00a0\u00bb<\/strong>.<\/p>\n\n\n\n<p>Lille, qui lutte pour une place en Ligue des Champions, pourrait profiter de son exp\u00e9rience et de son leadership. Mais la prudence reste de mise. Son cas pourrait faire jurisprudence en France. D\u2019autres joueurs victimes de probl\u00e8mes cardiaques pourraient s\u2019inspirer de son parcours.<\/p>\n\n\n\n<p>Un an apr\u00e8s son&nbsp;<strong>malaise<\/strong>, Nabil Bentaleb a prouv\u00e9 qu\u2019il \u00e9tait toujours un joueur de tr\u00e8s haut niveau. Son prochain d\u00e9fi ? Confirmer cette renaissance face aux cadors du championnat.<\/p>\n\n\n\n<p><strong>Et si cette incroyable histoire ne faisait que commencer ?<\/strong><\/p>\n\n\n\n<!-- Noptin Newsletter Plugin v4.2.2 - https:\/\/wordpress.org\/plugins\/newsletter-optin-box\/ --><div id=\"noptin-form-2__wrapper\" class=\"noptin-optin-main-wrapper noptin-form-id-9842 noptin-inpost-main-wrapper\" aria-labelledby=\"noptin-form-2__title\" ><style>\/*Custom css*\/\n\n.noptin-form-id-9842 .noptin-optin-form-wrapper .noptin-optin-form.noptin-form-single-line .noptin-form-submit{\n\tborder-radius: 30px;\n}\n\n@media only screen and (min-width: 768px) {\n\n\t.noptin-form-id-9842 .noptin-optin-form-wrapper .noptin-optin-form.noptin-form-single-line .noptin-form-submit{\n\t\tposition: absolute;\n\t\tbottom: -1px;\n\t\ttop: 0;\n\t\tright: 0px;\n\t}\n\n}\n\n.noptin-form-id-9842 .noptin-optin-form-wrapper .noptin-form-single-line .noptin-form-field{\n \tborder-radius: 30px !important;\n\tborder: none !important;\n} #noptin-form-2__wrapper {--noptin-background-color: #424242; --noptin-border-color: #424242; --noptin-button-color: #607D8B; --noptin-button-text-color: #fafafa; --noptin-title-color: #fafafa; --noptin-description-color: #fafafa; --noptin-prefix-color: #607d8b; --noptin-note-color: #fafafa;}<\/style><div style=\"max-width:620px; min-height:280px;border-color: #424242;\" class=\"noptin-optin-form-wrapper no-image\" ><!-- Form ID: 9842 --><form id=\"noptin-form-2\" class=\"noptin-optin-form noptin-form-single-line noptin-label-hide noptin-form-2\" method=\"post\" novalidate >\t\t\t\t\t<div class=\"noptin-form-header noptin-img-left\">\n\t\t\t\t\t\t\t\t\t\t\t\t<div class=\"noptin-form-header-text\">\n\n\t\t\t\t\t\t\t\t\t\t\t\t\t\t\t<div style=\"color: #607d8b;font-size: 20px; font-weight: 500; line-height: 1.3;\" class=\"noptin-form-prefix\">\n\t\t\t\t\t\t\t\t\t\t\t\t\t\t\t\t\t<\/div>\n\t\t\t\t\t\t\t\n\t\t\t\t\t\t\t\t\t\t\t\t\t\t\t<div style=\"color: #fafafa;font-size: 20px; font-weight: 700; line-height: 1.5;\" class=\"noptin-form-heading\">\n\t\t\t\t\t\t\t\t\tAbonnez-vous \u00e0 TopicFoot\t\t\t\t\t\t\t\t<\/div>\n\t\t\t\t\t\t\t\n\t\t\t\t\t\t\t\t\t\t\t\t\t\t\t<div style=\"color: #fafafa;font-size: 16px; font-weight: 500; line-height: 1.5;\" class=\"noptin-form-description\">\n\t\t\t\t\t\t\t\t\tEntrez votre Mail pour recevoir nos derniers articles.\t\t\t\t\t\t\t\t<\/div>\n\t\t\t\t\t\t\t\n\t\t\t\t\t\t<\/div>\n\t\t\t\t\t\t\n\t\t\t\t\t\t\t\t\t\t\t\t\t<div class=\"noptin-form-header-image\">\n\t\t\t\t\t\t\t\t<img decoding=\"async\" alt=\"icon\" src=\"https:\/\/www.topicfoot.fr\/wp-content\/plugins\/newsletter-optin-box\/includes\/assets\/images\/email-icon.png\" \/>\n\t\t\t\t\t\t\t<\/div>\n\t\t\t\t\t\t\n\t\t\t\t\t<\/div>\n\t\t\t\t<div class=\"noptin-form-footer\"><div class=\"noptin-form-fields\">\t\t\t<div class=\"noptin-form-field-wrapper noptin-form-field-email noptin-optin-field-wrapper noptin-optin-field-email\" id=\"noptin-form-2__field-email--wrapper\" >\n\t\t<div class=\"noptin-field-email\">\n\t\t\t<label class=\"noptin-label\" for=\"noptin-form-2__field-email\">Adresse Mail<\/label>\n\t\t\t<input name=\"noptin_fields[email]\" id=\"noptin-form-2__field-email\" type=\"email\" class=\"noptin-text noptin-form-field noptin-form-field__email noptin-form-field__has-no-placeholder\" placeholder=\"Adresse Mail\" required \/>\n\n\t\t<\/div><\/div>\t\t\t<div class=\"noptin-form-field-wrapper noptin-form-field- noptin-optin-field-wrapper noptin-optin-field-\" id=\"noptin-form-2__field---wrapper\" >\n\t\t<\/div>\t\t\t<div class=\"noptin-form-field-wrapper noptin-form-field-submit noptin-optin-field-wrapper noptin-optin-field-submit\" >\n\t\t\n\t\t\t<input type=\"submit\" id=\"noptin-form-2__submit\" class=\"noptin-form-submit btn button btn-primary button-primary wp-element-button\" name=\"noptin-submit\" value=\"Abonnez-vous\" style=\"background-color: #607D8B;color: #fafafa;\"  \/>\n\n\t\t<\/div><\/div>\t\t\t\t\t\t<div class=\"noptin-form-notice noptin-response\" role=\"alert\"><\/div>\n\t\t\t<\/div>\n\t\t\t<input type=\"hidden\" name=\"noptin_element_id\" value=\"2\" \/><input type=\"hidden\" name=\"source\" value=\"9842\" \/><input type=\"hidden\" name=\"form_action\" value=\"subscribe\" \/><input type=\"hidden\" name=\"noptin-config\" value=\"geVp3bmVsS.Bejx5F7hyheCZeasGrk6UoV7mPwUKzeAj_J_jRQjYkLtSn67MwIeo\" \/><input type=\"hidden\" name=\"noptin_form_id\" value=\"9842\" \/><\/form><\/div><!-- \/Form ID: 9842 --><\/div><!-- \/ Noptin Newsletter Plugin -->\n\n\n\n<p>Voir aussi notre article sur :&nbsp;<a href=\"https:\/\/www.topicfoot.fr\/index.php\/2025\/02\/12\/statistiques-de-lamine-yamal-un-prodige-aux-chiffres-demesures\/\">Statistiques de Lamine Yamal : un prodige aux chiffres d\u00e9mesur\u00e9s<\/a><\/p>\n\n\n\n<figure class=\"wp-block-embed is-type-wp-embed is-provider-topic-foot wp-block-embed-topic-foot\"><div class=\"wp-block-embed__wrapper\">\n<blockquote class=\"wp-embedded-content\" data-secret=\"e5eTWpxg7f\"><a href=\"https:\/\/www.topicfoot.fr\/index.php\/2025\/02\/12\/statistiques-de-lamine-yamal-un-prodige-aux-chiffres-demesures\/\">Statistiques de Lamine Yamal : un prodige aux chiffres d\u00e9mesur\u00e9s<\/a><\/blockquote><iframe loading=\"lazy\" class=\"wp-embedded-content\" sandbox=\"allow-scripts\" security=\"restricted\" style=\"position: absolute; visibility: hidden;\" title=\"\u00ab\u00a0Statistiques de Lamine Yamal : un prodige aux chiffres d\u00e9mesur\u00e9s\u00a0\u00bb &#8212; Topic Foot\" src=\"https:\/\/www.topicfoot.fr\/index.php\/2025\/02\/12\/statistiques-de-lamine-yamal-un-prodige-aux-chiffres-demesures\/embed\/#?secret=DhhNOZoh8l#?secret=e5eTWpxg7f\" data-secret=\"e5eTWpxg7f\" width=\"500\" height=\"282\" frameborder=\"0\" marginwidth=\"0\" marginheight=\"0\" scrolling=\"no\"><\/iframe>\n<\/div><\/figure>\n","protected":false},"excerpt":{"rendered":"<div class=\"mh-excerpt\">Nabil Bentaleb malaise : Un an apr\u00e8s avoir fr\u00f4l\u00e9 la fin de carri\u00e8re, Nabil Bentaleb est revenu sur les terrains de Ligue 1. <\/div>\n<p> <a class=\"mh-excerpt-more\" href=\"https:\/\/www.topicfoot.fr\/index.php\/2025\/02\/18\/nabil-bentaleb-malaise-le-retour-apres-son-arret-cardiaque\/\" title=\"Le retour de Nabil Bentaleb apr\u00e8s son malaise cardiaque\">[&#8230;]<\/a><\/p>\n","protected":false},"author":1,"featured_media":12491,"comment_status":"closed","ping_status":"open","sticky":false,"template":"","format":"standard","meta":{"footnotes":""},"categories":[120,31],"tags":[],"post_folder":[],"class_list":{"0":"post-12490","1":"post","2":"type-post","3":"status-publish","4":"format-standard","5":"has-post-thumbnail","7":"category-joueurs","8":"category-toutes-les-categories"},"yoast_head":"<!-- This site is optimized with the Yoast SEO plugin v27.4 - https:\/\/yoast.com\/product\/yoast-seo-wordpress\/ -->\n<title>Le retour de Nabil Bentaleb apr\u00e8s son malaise cardiaque<\/title>\n<meta name=\"description\" content=\"Nabil Bentaleb malaise : Un an apr\u00e8s avoir fr\u00f4l\u00e9 la fin de carri\u00e8re, Nabil Bentaleb est revenu sur les terrains de Ligue 1.\" \/>\n<meta name=\"robots\" content=\"index, follow, max-snippet:-1, max-image-preview:large, max-video-preview:-1\" \/>\n<link rel=\"canonical\" href=\"https:\/\/www.topicfoot.fr\/index.php\/2025\/02\/18\/nabil-bentaleb-malaise-le-retour-apres-son-arret-cardiaque\/\" \/>\n<meta property=\"og:locale\" content=\"fr_FR\" \/>\n<meta property=\"og:type\" content=\"article\" \/>\n<meta property=\"og:title\" content=\"Le retour de Nabil Bentaleb apr\u00e8s son malaise cardiaque\" \/>\n<meta property=\"og:description\" content=\"Nabil Bentaleb malaise : Un an apr\u00e8s avoir fr\u00f4l\u00e9 la fin de carri\u00e8re, Nabil Bentaleb est revenu sur les terrains de Ligue 1.\" \/>\n<meta property=\"og:url\" content=\"https:\/\/www.topicfoot.fr\/index.php\/2025\/02\/18\/nabil-bentaleb-malaise-le-retour-apres-son-arret-cardiaque\/\" \/>\n<meta property=\"og:site_name\" content=\"Topic Foot\" \/>\n<meta property=\"article:publisher\" content=\"https:\/\/www.facebook.com\/topicfoot.fr\" \/>\n<meta property=\"article:published_time\" content=\"2025-02-18T08:24:50+00:00\" \/>\n<meta property=\"article:modified_time\" content=\"2025-02-18T16:07:43+00:00\" \/>\n<meta property=\"og:image\" content=\"https:\/\/www.topicfoot.fr\/wp-content\/uploads\/2025\/02\/nabil-bentaleb-tf.webp\" \/>\n\t<meta property=\"og:image:width\" content=\"1024\" \/>\n\t<meta property=\"og:image:height\" content=\"576\" \/>\n\t<meta property=\"og:image:type\" content=\"image\/jpeg\" \/>\n<meta name=\"author\" content=\"Florent G\" \/>\n<meta name=\"twitter:card\" content=\"summary_large_image\" \/>\n<meta name=\"twitter:label1\" content=\"\u00c9crit par\" \/>\n\t<meta name=\"twitter:data1\" content=\"Florent G\" \/>\n\t<meta name=\"twitter:label2\" content=\"Dur\u00e9e de lecture estim\u00e9e\" \/>\n\t<meta name=\"twitter:data2\" content=\"4 minutes\" \/>\n<script type=\"application\/ld+json\" class=\"yoast-schema-graph\">{\"@context\":\"https:\\\/\\\/schema.org\",\"@graph\":[{\"@type\":\"Article\",\"@id\":\"https:\\\/\\\/www.topicfoot.fr\\\/index.php\\\/2025\\\/02\\\/18\\\/nabil-bentaleb-malaise-le-retour-apres-son-arret-cardiaque\\\/#article\",\"isPartOf\":{\"@id\":\"https:\\\/\\\/www.topicfoot.fr\\\/index.php\\\/2025\\\/02\\\/18\\\/nabil-bentaleb-malaise-le-retour-apres-son-arret-cardiaque\\\/\"},\"author\":{\"name\":\"Florent G\",\"@id\":\"https:\\\/\\\/www.topicfoot.fr\\\/#\\\/schema\\\/person\\\/e11785565f6247f9acd9d5b796ec4d62\"},\"headline\":\"Le retour de Nabil Bentaleb apr\u00e8s son malaise cardiaque\",\"datePublished\":\"2025-02-18T08:24:50+00:00\",\"dateModified\":\"2025-02-18T16:07:43+00:00\",\"mainEntityOfPage\":{\"@id\":\"https:\\\/\\\/www.topicfoot.fr\\\/index.php\\\/2025\\\/02\\\/18\\\/nabil-bentaleb-malaise-le-retour-apres-son-arret-cardiaque\\\/\"},\"wordCount\":696,\"publisher\":{\"@id\":\"https:\\\/\\\/www.topicfoot.fr\\\/#organization\"},\"image\":{\"@id\":\"https:\\\/\\\/www.topicfoot.fr\\\/index.php\\\/2025\\\/02\\\/18\\\/nabil-bentaleb-malaise-le-retour-apres-son-arret-cardiaque\\\/#primaryimage\"},\"thumbnailUrl\":\"https:\\\/\\\/www.topicfoot.fr\\\/wp-content\\\/uploads\\\/2025\\\/02\\\/nabil-bentaleb-tf.webp\",\"articleSection\":[\"Joueurs : salaires, valeur marchande et contrats\",\"Toutes les cat\u00e9gories\"],\"inLanguage\":\"fr-FR\"},{\"@type\":\"WebPage\",\"@id\":\"https:\\\/\\\/www.topicfoot.fr\\\/index.php\\\/2025\\\/02\\\/18\\\/nabil-bentaleb-malaise-le-retour-apres-son-arret-cardiaque\\\/\",\"url\":\"https:\\\/\\\/www.topicfoot.fr\\\/index.php\\\/2025\\\/02\\\/18\\\/nabil-bentaleb-malaise-le-retour-apres-son-arret-cardiaque\\\/\",\"name\":\"Le retour de Nabil Bentaleb apr\u00e8s son malaise cardiaque\",\"isPartOf\":{\"@id\":\"https:\\\/\\\/www.topicfoot.fr\\\/#website\"},\"primaryImageOfPage\":{\"@id\":\"https:\\\/\\\/www.topicfoot.fr\\\/index.php\\\/2025\\\/02\\\/18\\\/nabil-bentaleb-malaise-le-retour-apres-son-arret-cardiaque\\\/#primaryimage\"},\"image\":{\"@id\":\"https:\\\/\\\/www.topicfoot.fr\\\/index.php\\\/2025\\\/02\\\/18\\\/nabil-bentaleb-malaise-le-retour-apres-son-arret-cardiaque\\\/#primaryimage\"},\"thumbnailUrl\":\"https:\\\/\\\/www.topicfoot.fr\\\/wp-content\\\/uploads\\\/2025\\\/02\\\/nabil-bentaleb-tf.webp\",\"datePublished\":\"2025-02-18T08:24:50+00:00\",\"dateModified\":\"2025-02-18T16:07:43+00:00\",\"description\":\"Nabil Bentaleb malaise : Un an apr\u00e8s avoir fr\u00f4l\u00e9 la fin de carri\u00e8re, Nabil Bentaleb est revenu sur les terrains de Ligue 1.\",\"breadcrumb\":{\"@id\":\"https:\\\/\\\/www.topicfoot.fr\\\/index.php\\\/2025\\\/02\\\/18\\\/nabil-bentaleb-malaise-le-retour-apres-son-arret-cardiaque\\\/#breadcrumb\"},\"inLanguage\":\"fr-FR\",\"potentialAction\":[{\"@type\":\"ReadAction\",\"target\":[\"https:\\\/\\\/www.topicfoot.fr\\\/index.php\\\/2025\\\/02\\\/18\\\/nabil-bentaleb-malaise-le-retour-apres-son-arret-cardiaque\\\/\"]}]},{\"@type\":\"ImageObject\",\"inLanguage\":\"fr-FR\",\"@id\":\"https:\\\/\\\/www.topicfoot.fr\\\/index.php\\\/2025\\\/02\\\/18\\\/nabil-bentaleb-malaise-le-retour-apres-son-arret-cardiaque\\\/#primaryimage\",\"url\":\"https:\\\/\\\/www.topicfoot.fr\\\/wp-content\\\/uploads\\\/2025\\\/02\\\/nabil-bentaleb-tf.webp\",\"contentUrl\":\"https:\\\/\\\/www.topicfoot.fr\\\/wp-content\\\/uploads\\\/2025\\\/02\\\/nabil-bentaleb-tf.webp\",\"width\":1024,\"height\":576},{\"@type\":\"BreadcrumbList\",\"@id\":\"https:\\\/\\\/www.topicfoot.fr\\\/index.php\\\/2025\\\/02\\\/18\\\/nabil-bentaleb-malaise-le-retour-apres-son-arret-cardiaque\\\/#breadcrumb\",\"itemListElement\":[{\"@type\":\"ListItem\",\"position\":1,\"name\":\"Accueil\",\"item\":\"https:\\\/\\\/www.topicfoot.fr\\\/\"},{\"@type\":\"ListItem\",\"position\":2,\"name\":\"Le retour de Nabil Bentaleb apr\u00e8s son malaise cardiaque\"}]},{\"@type\":\"WebSite\",\"@id\":\"https:\\\/\\\/www.topicfoot.fr\\\/#website\",\"url\":\"https:\\\/\\\/www.topicfoot.fr\\\/\",\"name\":\"Topic Foot\",\"description\":\"Tous l&#039;univers du Foot !\",\"publisher\":{\"@id\":\"https:\\\/\\\/www.topicfoot.fr\\\/#organization\"},\"potentialAction\":[{\"@type\":\"SearchAction\",\"target\":{\"@type\":\"EntryPoint\",\"urlTemplate\":\"https:\\\/\\\/www.topicfoot.fr\\\/?s={search_term_string}\"},\"query-input\":{\"@type\":\"PropertyValueSpecification\",\"valueRequired\":true,\"valueName\":\"search_term_string\"}}],\"inLanguage\":\"fr-FR\"},{\"@type\":\"Organization\",\"@id\":\"https:\\\/\\\/www.topicfoot.fr\\\/#organization\",\"name\":\"Topic Foot\",\"url\":\"https:\\\/\\\/www.topicfoot.fr\\\/\",\"logo\":{\"@type\":\"ImageObject\",\"inLanguage\":\"fr-FR\",\"@id\":\"https:\\\/\\\/www.topicfoot.fr\\\/#\\\/schema\\\/logo\\\/image\\\/\",\"url\":\"https:\\\/\\\/www.topicfoot.fr\\\/wp-content\\\/uploads\\\/2024\\\/04\\\/cropped-logo-topicfoot-new.jpg\",\"contentUrl\":\"https:\\\/\\\/www.topicfoot.fr\\\/wp-content\\\/uploads\\\/2024\\\/04\\\/cropped-logo-topicfoot-new.jpg\",\"width\":512,\"height\":512,\"caption\":\"Topic Foot\"},\"image\":{\"@id\":\"https:\\\/\\\/www.topicfoot.fr\\\/#\\\/schema\\\/logo\\\/image\\\/\"},\"sameAs\":[\"https:\\\/\\\/www.facebook.com\\\/topicfoot.fr\"]},{\"@type\":\"Person\",\"@id\":\"https:\\\/\\\/www.topicfoot.fr\\\/#\\\/schema\\\/person\\\/e11785565f6247f9acd9d5b796ec4d62\",\"name\":\"Florent G\",\"image\":{\"@type\":\"ImageObject\",\"inLanguage\":\"fr-FR\",\"@id\":\"https:\\\/\\\/secure.gravatar.com\\\/avatar\\\/1bb7e359942e0285fca3d40822ea6bdc74a98b7975407bfdf34b5a511f2155da?s=96&d=mm&r=g\",\"url\":\"https:\\\/\\\/secure.gravatar.com\\\/avatar\\\/1bb7e359942e0285fca3d40822ea6bdc74a98b7975407bfdf34b5a511f2155da?s=96&d=mm&r=g\",\"contentUrl\":\"https:\\\/\\\/secure.gravatar.com\\\/avatar\\\/1bb7e359942e0285fca3d40822ea6bdc74a98b7975407bfdf34b5a511f2155da?s=96&d=mm&r=g\",\"caption\":\"Florent G\"},\"description\":\"Je m'appelle Florent et je suis le cr\u00e9ateur de Topicfoot, un projet n\u00e9 de ma conviction que le football m\u00e9rite une couverture m\u00e9diatique de qualit\u00e9, ancr\u00e9e dans les faits et enrichie par l'analyse. Passionn\u00e9 de journalisme, j'ai toujours \u00e9t\u00e9 fascin\u00e9 par le sport comme r\u00e9v\u00e9lateur de soci\u00e9t\u00e9s. Mais c'est surtout l'explosion des donn\u00e9es et des nouvelles technologies dans le football qui m'a pouss\u00e9 \u00e0 lancer Topicfoot : statistiques avanc\u00e9es, mod\u00e8les pr\u00e9dictifs, analyse vid\u00e9o intelligente, impact des r\u00e9seaux sociaux sur les carri\u00e8res des joueurs. J'adore creuser ces th\u00e9matiques o\u00f9 les chiffres racontent une histoire que les yeux seuls ne voient pas. Au-del\u00e0 de la r\u00e9daction, je suis responsable de la ligne \u00e9ditoriale de Topicfoot et de sa strat\u00e9gie num\u00e9rique. Je crois que le journalisme sportif doit allier rigueur journalistique et innovation technologique pour offrir aux lecteurs une exp\u00e9rience moderne et approfondie. Nous couvrons les grands \u00e9v\u00e9nements du football europ\u00e9en et nous explorons comment les clubs utilisent les donn\u00e9es pour transformer leur organisation. Pour moi, Topicfoot, c'est la promesse d'un football mieux compris.\",\"sameAs\":[\"https:\\\/\\\/www.topicfoot.fr\"],\"url\":\"https:\\\/\\\/www.topicfoot.fr\\\/index.php\\\/author\\\/vitrindunet\\\/\"}]}<\/script>\n<!-- \/ Yoast SEO plugin. -->","yoast_head_json":{"title":"Le retour de Nabil Bentaleb apr\u00e8s son malaise cardiaque","description":"Nabil Bentaleb malaise : Un an apr\u00e8s avoir fr\u00f4l\u00e9 la fin de carri\u00e8re, Nabil Bentaleb est revenu sur les terrains de Ligue 1.","robots":{"index":"index","follow":"follow","max-snippet":"max-snippet:-1","max-image-preview":"max-image-preview:large","max-video-preview":"max-video-preview:-1"},"canonical":"https:\/\/www.topicfoot.fr\/index.php\/2025\/02\/18\/nabil-bentaleb-malaise-le-retour-apres-son-arret-cardiaque\/","og_locale":"fr_FR","og_type":"article","og_title":"Le retour de Nabil Bentaleb apr\u00e8s son malaise cardiaque","og_description":"Nabil Bentaleb malaise : Un an apr\u00e8s avoir fr\u00f4l\u00e9 la fin de carri\u00e8re, Nabil Bentaleb est revenu sur les terrains de Ligue 1.","og_url":"https:\/\/www.topicfoot.fr\/index.php\/2025\/02\/18\/nabil-bentaleb-malaise-le-retour-apres-son-arret-cardiaque\/","og_site_name":"Topic Foot","article_publisher":"https:\/\/www.facebook.com\/topicfoot.fr","article_published_time":"2025-02-18T08:24:50+00:00","article_modified_time":"2025-02-18T16:07:43+00:00","og_image":[{"width":1024,"height":576,"url":"https:\/\/www.topicfoot.fr\/wp-content\/uploads\/2025\/02\/nabil-bentaleb-tf.webp","type":"image\/jpeg"}],"author":"Florent G","twitter_card":"summary_large_image","twitter_misc":{"\u00c9crit par":"Florent G","Dur\u00e9e de lecture estim\u00e9e":"4 minutes"},"schema":{"@context":"https:\/\/schema.org","@graph":[{"@type":"Article","@id":"https:\/\/www.topicfoot.fr\/index.php\/2025\/02\/18\/nabil-bentaleb-malaise-le-retour-apres-son-arret-cardiaque\/#article","isPartOf":{"@id":"https:\/\/www.topicfoot.fr\/index.php\/2025\/02\/18\/nabil-bentaleb-malaise-le-retour-apres-son-arret-cardiaque\/"},"author":{"name":"Florent G","@id":"https:\/\/www.topicfoot.fr\/#\/schema\/person\/e11785565f6247f9acd9d5b796ec4d62"},"headline":"Le retour de Nabil Bentaleb apr\u00e8s son malaise cardiaque","datePublished":"2025-02-18T08:24:50+00:00","dateModified":"2025-02-18T16:07:43+00:00","mainEntityOfPage":{"@id":"https:\/\/www.topicfoot.fr\/index.php\/2025\/02\/18\/nabil-bentaleb-malaise-le-retour-apres-son-arret-cardiaque\/"},"wordCount":696,"publisher":{"@id":"https:\/\/www.topicfoot.fr\/#organization"},"image":{"@id":"https:\/\/www.topicfoot.fr\/index.php\/2025\/02\/18\/nabil-bentaleb-malaise-le-retour-apres-son-arret-cardiaque\/#primaryimage"},"thumbnailUrl":"https:\/\/www.topicfoot.fr\/wp-content\/uploads\/2025\/02\/nabil-bentaleb-tf.webp","articleSection":["Joueurs : salaires, valeur marchande et contrats","Toutes les cat\u00e9gories"],"inLanguage":"fr-FR"},{"@type":"WebPage","@id":"https:\/\/www.topicfoot.fr\/index.php\/2025\/02\/18\/nabil-bentaleb-malaise-le-retour-apres-son-arret-cardiaque\/","url":"https:\/\/www.topicfoot.fr\/index.php\/2025\/02\/18\/nabil-bentaleb-malaise-le-retour-apres-son-arret-cardiaque\/","name":"Le retour de Nabil Bentaleb apr\u00e8s son malaise cardiaque","isPartOf":{"@id":"https:\/\/www.topicfoot.fr\/#website"},"primaryImageOfPage":{"@id":"https:\/\/www.topicfoot.fr\/index.php\/2025\/02\/18\/nabil-bentaleb-malaise-le-retour-apres-son-arret-cardiaque\/#primaryimage"},"image":{"@id":"https:\/\/www.topicfoot.fr\/index.php\/2025\/02\/18\/nabil-bentaleb-malaise-le-retour-apres-son-arret-cardiaque\/#primaryimage"},"thumbnailUrl":"https:\/\/www.topicfoot.fr\/wp-content\/uploads\/2025\/02\/nabil-bentaleb-tf.webp","datePublished":"2025-02-18T08:24:50+00:00","dateModified":"2025-02-18T16:07:43+00:00","description":"Nabil Bentaleb malaise : Un an apr\u00e8s avoir fr\u00f4l\u00e9 la fin de carri\u00e8re, Nabil Bentaleb est revenu sur les terrains de Ligue 1.","breadcrumb":{"@id":"https:\/\/www.topicfoot.fr\/index.php\/2025\/02\/18\/nabil-bentaleb-malaise-le-retour-apres-son-arret-cardiaque\/#breadcrumb"},"inLanguage":"fr-FR","potentialAction":[{"@type":"ReadAction","target":["https:\/\/www.topicfoot.fr\/index.php\/2025\/02\/18\/nabil-bentaleb-malaise-le-retour-apres-son-arret-cardiaque\/"]}]},{"@type":"ImageObject","inLanguage":"fr-FR","@id":"https:\/\/www.topicfoot.fr\/index.php\/2025\/02\/18\/nabil-bentaleb-malaise-le-retour-apres-son-arret-cardiaque\/#primaryimage","url":"https:\/\/www.topicfoot.fr\/wp-content\/uploads\/2025\/02\/nabil-bentaleb-tf.webp","contentUrl":"https:\/\/www.topicfoot.fr\/wp-content\/uploads\/2025\/02\/nabil-bentaleb-tf.webp","width":1024,"height":576},{"@type":"BreadcrumbList","@id":"https:\/\/www.topicfoot.fr\/index.php\/2025\/02\/18\/nabil-bentaleb-malaise-le-retour-apres-son-arret-cardiaque\/#breadcrumb","itemListElement":[{"@type":"ListItem","position":1,"name":"Accueil","item":"https:\/\/www.topicfoot.fr\/"},{"@type":"ListItem","position":2,"name":"Le retour de Nabil Bentaleb apr\u00e8s son malaise cardiaque"}]},{"@type":"WebSite","@id":"https:\/\/www.topicfoot.fr\/#website","url":"https:\/\/www.topicfoot.fr\/","name":"Topic Foot","description":"Tous l&#039;univers du Foot !","publisher":{"@id":"https:\/\/www.topicfoot.fr\/#organization"},"potentialAction":[{"@type":"SearchAction","target":{"@type":"EntryPoint","urlTemplate":"https:\/\/www.topicfoot.fr\/?s={search_term_string}"},"query-input":{"@type":"PropertyValueSpecification","valueRequired":true,"valueName":"search_term_string"}}],"inLanguage":"fr-FR"},{"@type":"Organization","@id":"https:\/\/www.topicfoot.fr\/#organization","name":"Topic Foot","url":"https:\/\/www.topicfoot.fr\/","logo":{"@type":"ImageObject","inLanguage":"fr-FR","@id":"https:\/\/www.topicfoot.fr\/#\/schema\/logo\/image\/","url":"https:\/\/www.topicfoot.fr\/wp-content\/uploads\/2024\/04\/cropped-logo-topicfoot-new.jpg","contentUrl":"https:\/\/www.topicfoot.fr\/wp-content\/uploads\/2024\/04\/cropped-logo-topicfoot-new.jpg","width":512,"height":512,"caption":"Topic Foot"},"image":{"@id":"https:\/\/www.topicfoot.fr\/#\/schema\/logo\/image\/"},"sameAs":["https:\/\/www.facebook.com\/topicfoot.fr"]},{"@type":"Person","@id":"https:\/\/www.topicfoot.fr\/#\/schema\/person\/e11785565f6247f9acd9d5b796ec4d62","name":"Florent G","image":{"@type":"ImageObject","inLanguage":"fr-FR","@id":"https:\/\/secure.gravatar.com\/avatar\/1bb7e359942e0285fca3d40822ea6bdc74a98b7975407bfdf34b5a511f2155da?s=96&d=mm&r=g","url":"https:\/\/secure.gravatar.com\/avatar\/1bb7e359942e0285fca3d40822ea6bdc74a98b7975407bfdf34b5a511f2155da?s=96&d=mm&r=g","contentUrl":"https:\/\/secure.gravatar.com\/avatar\/1bb7e359942e0285fca3d40822ea6bdc74a98b7975407bfdf34b5a511f2155da?s=96&d=mm&r=g","caption":"Florent G"},"description":"Je m'appelle Florent et je suis le cr\u00e9ateur de Topicfoot, un projet n\u00e9 de ma conviction que le football m\u00e9rite une couverture m\u00e9diatique de qualit\u00e9, ancr\u00e9e dans les faits et enrichie par l'analyse. Passionn\u00e9 de journalisme, j'ai toujours \u00e9t\u00e9 fascin\u00e9 par le sport comme r\u00e9v\u00e9lateur de soci\u00e9t\u00e9s. Mais c'est surtout l'explosion des donn\u00e9es et des nouvelles technologies dans le football qui m'a pouss\u00e9 \u00e0 lancer Topicfoot : statistiques avanc\u00e9es, mod\u00e8les pr\u00e9dictifs, analyse vid\u00e9o intelligente, impact des r\u00e9seaux sociaux sur les carri\u00e8res des joueurs. J'adore creuser ces th\u00e9matiques o\u00f9 les chiffres racontent une histoire que les yeux seuls ne voient pas. Au-del\u00e0 de la r\u00e9daction, je suis responsable de la ligne \u00e9ditoriale de Topicfoot et de sa strat\u00e9gie num\u00e9rique. Je crois que le journalisme sportif doit allier rigueur journalistique et innovation technologique pour offrir aux lecteurs une exp\u00e9rience moderne et approfondie. Nous couvrons les grands \u00e9v\u00e9nements du football europ\u00e9en et nous explorons comment les clubs utilisent les donn\u00e9es pour transformer leur organisation. Pour moi, Topicfoot, c'est la promesse d'un football mieux compris.","sameAs":["https:\/\/www.topicfoot.fr"],"url":"https:\/\/www.topicfoot.fr\/index.php\/author\/vitrindunet\/"}]}},"_links":{"self":[{"href":"https:\/\/www.topicfoot.fr\/index.php\/wp-json\/wp\/v2\/posts\/12490","targetHints":{"allow":["GET"]}}],"collection":[{"href":"https:\/\/www.topicfoot.fr\/index.php\/wp-json\/wp\/v2\/posts"}],"about":[{"href":"https:\/\/www.topicfoot.fr\/index.php\/wp-json\/wp\/v2\/types\/post"}],"author":[{"embeddable":true,"href":"https:\/\/www.topicfoot.fr\/index.php\/wp-json\/wp\/v2\/users\/1"}],"replies":[{"embeddable":true,"href":"https:\/\/www.topicfoot.fr\/index.php\/wp-json\/wp\/v2\/comments?post=12490"}],"version-history":[{"count":0,"href":"https:\/\/www.topicfoot.fr\/index.php\/wp-json\/wp\/v2\/posts\/12490\/revisions"}],"wp:featuredmedia":[{"embeddable":true,"href":"https:\/\/www.topicfoot.fr\/index.php\/wp-json\/wp\/v2\/media\/12491"}],"wp:attachment":[{"href":"https:\/\/www.topicfoot.fr\/index.php\/wp-json\/wp\/v2\/media?parent=12490"}],"wp:term":[{"taxonomy":"category","embeddable":true,"href":"https:\/\/www.topicfoot.fr\/index.php\/wp-json\/wp\/v2\/categories?post=12490"},{"taxonomy":"post_tag","embeddable":true,"href":"https:\/\/www.topicfoot.fr\/index.php\/wp-json\/wp\/v2\/tags?post=12490"},{"taxonomy":"post_folder","embeddable":true,"href":"https:\/\/www.topicfoot.fr\/index.php\/wp-json\/wp\/v2\/post_folder?post=12490"}],"curies":[{"name":"wp","href":"https:\/\/api.w.org\/{rel}","templated":true}]}}