{"id":12615,"date":"2025-02-28T11:59:00","date_gmt":"2025-02-28T10:59:00","guid":{"rendered":"https:\/\/www.topicfoot.fr\/?p=12615"},"modified":"2025-03-01T09:25:09","modified_gmt":"2025-03-01T08:25:09","slug":"statistiques-de-paolo-maldini-la-carriere-legendaire","status":"publish","type":"post","link":"https:\/\/www.topicfoot.fr\/index.php\/2025\/02\/28\/statistiques-de-paolo-maldini-la-carriere-legendaire\/","title":{"rendered":"Statistiques de Paolo Maldini\u200b : la carri\u00e8re l\u00e9gendaire"},"content":{"rendered":"<span class=\"span-reading-time rt-reading-time\" style=\"display: block;\"><span class=\"rt-label rt-prefix\">Temps de lecture\u00a0:  <\/span> <span class=\"rt-time\"> 3<\/span> <span class=\"rt-label rt-postfix\">minutes.  <\/span><\/span>\n<p>Statistiques de Paolo Maldini\u200b : Consid\u00e9r\u00e9 comme l\u2019un des plus grands d\u00e9fenseurs de l\u2019histoire, Paolo Maldini a marqu\u00e9 le football de son empreinte. Symbole de l\u2019AC Milan, il incarne l\u2019\u00e9l\u00e9gance, la long\u00e9vit\u00e9 et l\u2019excellence au plus haut niveau. Retour sur une carri\u00e8re hors du commun.<\/p>\n\n\n<div class=\"wp-block-image\">\n<figure class=\"aligncenter size-full\"><img loading=\"lazy\" decoding=\"async\" width=\"800\" height=\"450\" src=\"https:\/\/www.topicfoot.fr\/wp-content\/uploads\/2025\/03\/paolo-maldini-afppic.webp\" alt=\"Statistiques de Paolo Maldini\u200b\" class=\"wp-image-12616\" srcset=\"https:\/\/www.topicfoot.fr\/wp-content\/uploads\/2025\/03\/paolo-maldini-afppic.webp 800w, https:\/\/www.topicfoot.fr\/wp-content\/uploads\/2025\/03\/paolo-maldini-afppic-300x169.webp 300w, https:\/\/www.topicfoot.fr\/wp-content\/uploads\/2025\/03\/paolo-maldini-afppic-768x432.webp 768w, https:\/\/www.topicfoot.fr\/wp-content\/uploads\/2025\/03\/paolo-maldini-afppic-678x381.webp 678w\" sizes=\"auto, (max-width: 800px) 100vw, 800px\" \/><\/figure>\n<\/div>\n\n\n<p class=\"has-text-align-center\">Cr\u00e9dits AFP pic CC<\/p>\n\n\n\n<p>N\u00e9 le 26 juin 1968, Paolo Maldini a consacr\u00e9 sa vie au football et \u00e0 l\u2019AC Milan. Fils de Cesare Maldini, lui-m\u00eame l\u00e9gende du club, il a suivi les traces de son p\u00e8re avec brio. Pendant plus de 25 ans, il a impos\u00e9 son style unique, alliant technique irr\u00e9prochable, intelligence tactique et leadership. Sa long\u00e9vit\u00e9 au sommet et son palmar\u00e8s impressionnant en font une r\u00e9f\u00e9rence absolue.<\/p>\n\n\n\n<h2 class=\"wp-block-heading\">Les d\u00e9buts d\u2019une l\u00e9gende<\/h2>\n\n\n\n<p>Paolo Maldini rejoint le centre de formation de l\u2019AC Milan \u00e0 l\u2019adolescence. D\u00e8s l\u2019\u00e2ge de 16 ans, il fait ses premiers pas en Serie A. C\u2019est le 20 janvier 1985 qu\u2019il dispute son premier match avec l\u2019\u00e9quipe premi\u00e8re. Rapidement, il s\u2019impose comme un titulaire indiscutable gr\u00e2ce \u00e0 sa polyvalence et sa rigueur d\u00e9fensive. \u00c0 l\u2019origine lat\u00e9ral gauche, il s\u2019adapte au poste de d\u00e9fenseur central avec la m\u00eame aisance.<\/p>\n\n\n\n<p>Son ascension co\u00efncide avec l\u2019essor de l\u2019AC Milan sous l\u2019\u00e8re de Silvio Berlusconi et d\u2019Arrigo Sacchi. Aux c\u00f4t\u00e9s de Franco Baresi, Alessandro Costacurta et Mauro Tassotti, il forme l\u2019une des meilleures d\u00e9fenses de l\u2019histoire du football. Son jeu allie anticipation, placement impeccable et relance pr\u00e9cise. Sa vision du jeu et son calme en font un d\u00e9fenseur redout\u00e9.<\/p>\n\n\n\n<h2 class=\"wp-block-heading\">Un palmar\u00e8s exceptionnel<\/h2>\n\n\n\n<p>Paolo Maldini a tout gagn\u00e9 avec l\u2019AC Milan. Au fil des ann\u00e9es, il accumule les troph\u00e9es et devient une figure embl\u00e9matique du club. Il remporte cinq Ligues des champions, sept titres de Serie A, une Coupe d\u2019Italie et de nombreuses autres distinctions. Son palmar\u00e8s t\u00e9moigne de sa r\u00e9gularit\u00e9 et de son niveau d\u2019excellence.<\/p>\n\n\n\n<p>Les succ\u00e8s europ\u00e9ens de l\u2019AC Milan portent sa marque. <br>En 1989 et 1990, il remporte la Coupe des clubs champions. <br>En 1994, il \u00e9crase le FC Barcelone 4-0 en finale. <br>2003, il soul\u00e8ve la Ligue des champions face \u00e0 la Juventus apr\u00e8s une s\u00e9ance de tirs au but. <br>En 2007, il d\u00e9croche un dernier sacre contre Liverpool. \u00c0 38 ans, il devient le plus vieux capitaine vainqueur de la comp\u00e9tition.<\/p>\n\n\n\n<h2 class=\"wp-block-heading\">Un leadership exemplaire<\/h2>\n\n\n\n<p>Capitaine embl\u00e9matique de l\u2019AC Milan, Paolo Maldini incarne le professionnalisme et le respect. Sur le terrain, il impressionne par sa rigueur et son fair-play. Il ne se contente pas de d\u00e9fendre, il inspire ses co\u00e9quipiers. Son influence d\u00e9passe le vestiaire, il est une ic\u00f4ne pour les supporters et les jeunes joueurs.<\/p>\n\n\n\n<p>Sa long\u00e9vit\u00e9 est exceptionnelle. Il dispute 902 matchs avec l\u2019AC Milan, un record dans l\u2019histoire du club. Sa constance au plus haut niveau force l\u2019admiration. Peu de joueurs ont r\u00e9ussi \u00e0 maintenir une telle excellence pendant plus de deux d\u00e9cennies. Son secret ? Un mode de vie irr\u00e9prochable, une pr\u00e9paration physique exemplaire et une passion intacte.<\/p>\n\n\n\n<figure class=\"wp-block-embed is-type-video is-provider-youtube wp-block-embed-youtube wp-embed-aspect-16-9 wp-has-aspect-ratio\"><div class=\"wp-block-embed__wrapper\">\n<iframe loading=\"lazy\" title=\"No One Has Matched MALDINI&#039;s Defending Skills So Far\" width=\"500\" height=\"281\" src=\"https:\/\/www.youtube.com\/embed\/_vJb-ag2a6s?feature=oembed\" frameborder=\"0\" allow=\"accelerometer; autoplay; clipboard-write; encrypted-media; gyroscope; picture-in-picture; web-share\" referrerpolicy=\"strict-origin-when-cross-origin\" allowfullscreen><\/iframe>\n<\/div><\/figure>\n\n\n\n<h2 class=\"wp-block-heading\">Une carri\u00e8re internationale marquante<\/h2>\n\n\n\n<p>Avec l\u2019Italie, Paolo Maldini conna\u00eet des hauts et des bas. Il dispute 126 matchs sous le maillot de la Squadra Azzurra et participe \u00e0 quatre Coupes du monde. En 1994, il atteint la finale mais s\u2019incline aux tirs au but face au Br\u00e9sil. En 2000, il est finaliste de l\u2019Euro, battu par la France sur un but en or. Malgr\u00e9 l\u2019absence de troph\u00e9e majeur, son impact en s\u00e9lection reste immense.<\/p>\n\n\n\n<p>Il prend sa retraite internationale en 2002 apr\u00e8s la Coupe du monde en Cor\u00e9e et au Japon. Son d\u00e9part laisse un vide, tant son influence \u00e9tait grande. Son \u00e9l\u00e9gance et son efficacit\u00e9 en font un mod\u00e8le pour les g\u00e9n\u00e9rations suivantes.<\/p>\n\n\n\n<h2 class=\"wp-block-heading\">Statistiques de Paolo Maldini\u200b<\/h2>\n\n\n\n<p>Statistiques de Paolo Maldini\u200b : c\u2019est 1028 matchs officiels en club et en s\u00e9lection. Avec l\u2019AC Milan, il dispute 647 matchs de Serie A et inscrit 29 buts. En Ligue des champions, il joue 139 rencontres et marque trois fois. Il est aussi le d\u00e9tenteur du but le plus rapide en finale de Ligue des champions, inscrit apr\u00e8s 51 secondes contre Liverpool en 2005. Son incroyable r\u00e9gularit\u00e9 et sa long\u00e9vit\u00e9 en font l\u2019un des joueurs les plus cap\u00e9s du football mondial.<\/p>\n\n\n\n<h2 class=\"wp-block-heading\">Un h\u00e9ritage ind\u00e9l\u00e9bile<\/h2>\n\n\n\n<p>Paolo Maldini raccroche les crampons en 2009, apr\u00e8s 25 ans de carri\u00e8re. Son dernier match \u00e0 San Siro est marqu\u00e9 par un hommage poignant. L\u2019AC Milan retire son num\u00e9ro 3 en signe de reconnaissance. Son h\u00e9ritage perdure \u00e0 travers l\u2019histoire du club et du football.<\/p>\n\n\n\n<p>Apr\u00e8s sa retraite, il reste impliqu\u00e9 dans le football. Il occupe un r\u00f4le de dirigeant \u00e0 l\u2019<a href=\"https:\/\/www.acmilan.com\/en\" target=\"_blank\" rel=\"noreferrer noopener\">AC Milan<\/a> et continue d\u2019influencer le club. Son expertise et son amour du jeu en font une r\u00e9f\u00e9rence incontournable.<\/p>\n\n\n\n<p>Paolo Maldini incarne l\u2019excellence et la fid\u00e9lit\u00e9. Son parcours inspire encore aujourd\u2019hui les d\u00e9fenseurs du monde entier. Mais une question demeure : quel h\u00e9ritier pourra un jour \u00e9galer son immense carri\u00e8re ?<\/p>\n\n\n\n<!-- Noptin Newsletter Plugin v4.2.2 - https:\/\/wordpress.org\/plugins\/newsletter-optin-box\/ --><div id=\"noptin-form-2__wrapper\" class=\"noptin-optin-main-wrapper noptin-form-id-9842 noptin-inpost-main-wrapper\" aria-labelledby=\"noptin-form-2__title\" ><style>\/*Custom css*\/\n\n.noptin-form-id-9842 .noptin-optin-form-wrapper .noptin-optin-form.noptin-form-single-line .noptin-form-submit{\n\tborder-radius: 30px;\n}\n\n@media only screen and (min-width: 768px) {\n\n\t.noptin-form-id-9842 .noptin-optin-form-wrapper .noptin-optin-form.noptin-form-single-line .noptin-form-submit{\n\t\tposition: absolute;\n\t\tbottom: -1px;\n\t\ttop: 0;\n\t\tright: 0px;\n\t}\n\n}\n\n.noptin-form-id-9842 .noptin-optin-form-wrapper .noptin-form-single-line .noptin-form-field{\n \tborder-radius: 30px !important;\n\tborder: none !important;\n} #noptin-form-2__wrapper {--noptin-background-color: #424242; --noptin-border-color: #424242; --noptin-button-color: #607D8B; --noptin-button-text-color: #fafafa; --noptin-title-color: #fafafa; --noptin-description-color: #fafafa; --noptin-prefix-color: #607d8b; --noptin-note-color: #fafafa;}<\/style><div style=\"max-width:620px; min-height:280px;border-color: #424242;\" class=\"noptin-optin-form-wrapper no-image\" ><!-- Form ID: 9842 --><form id=\"noptin-form-2\" class=\"noptin-optin-form noptin-form-single-line noptin-label-hide noptin-form-2\" method=\"post\" novalidate >\t\t\t\t\t<div class=\"noptin-form-header noptin-img-left\">\n\t\t\t\t\t\t\t\t\t\t\t\t<div class=\"noptin-form-header-text\">\n\n\t\t\t\t\t\t\t\t\t\t\t\t\t\t\t<div style=\"color: #607d8b;font-size: 20px; font-weight: 500; line-height: 1.3;\" class=\"noptin-form-prefix\">\n\t\t\t\t\t\t\t\t\t\t\t\t\t\t\t\t\t<\/div>\n\t\t\t\t\t\t\t\n\t\t\t\t\t\t\t\t\t\t\t\t\t\t\t<div style=\"color: #fafafa;font-size: 20px; font-weight: 700; line-height: 1.5;\" class=\"noptin-form-heading\">\n\t\t\t\t\t\t\t\t\tAbonnez-vous \u00e0 TopicFoot\t\t\t\t\t\t\t\t<\/div>\n\t\t\t\t\t\t\t\n\t\t\t\t\t\t\t\t\t\t\t\t\t\t\t<div style=\"color: #fafafa;font-size: 16px; font-weight: 500; line-height: 1.5;\" class=\"noptin-form-description\">\n\t\t\t\t\t\t\t\t\tEntrez votre Mail pour recevoir nos derniers articles.\t\t\t\t\t\t\t\t<\/div>\n\t\t\t\t\t\t\t\n\t\t\t\t\t\t<\/div>\n\t\t\t\t\t\t\n\t\t\t\t\t\t\t\t\t\t\t\t\t<div class=\"noptin-form-header-image\">\n\t\t\t\t\t\t\t\t<img decoding=\"async\" alt=\"icon\" src=\"https:\/\/www.topicfoot.fr\/wp-content\/plugins\/newsletter-optin-box\/includes\/assets\/images\/email-icon.png\" \/>\n\t\t\t\t\t\t\t<\/div>\n\t\t\t\t\t\t\n\t\t\t\t\t<\/div>\n\t\t\t\t<div class=\"noptin-form-footer\"><div class=\"noptin-form-fields\">\t\t\t<div class=\"noptin-form-field-wrapper noptin-form-field-email noptin-optin-field-wrapper noptin-optin-field-email\" id=\"noptin-form-2__field-email--wrapper\" >\n\t\t<div class=\"noptin-field-email\">\n\t\t\t<label class=\"noptin-label\" for=\"noptin-form-2__field-email\">Adresse Mail<\/label>\n\t\t\t<input name=\"noptin_fields[email]\" id=\"noptin-form-2__field-email\" type=\"email\" class=\"noptin-text noptin-form-field noptin-form-field__email noptin-form-field__has-no-placeholder\" placeholder=\"Adresse Mail\" required \/>\n\n\t\t<\/div><\/div>\t\t\t<div class=\"noptin-form-field-wrapper noptin-form-field- noptin-optin-field-wrapper noptin-optin-field-\" id=\"noptin-form-2__field---wrapper\" >\n\t\t<\/div>\t\t\t<div class=\"noptin-form-field-wrapper noptin-form-field-submit noptin-optin-field-wrapper noptin-optin-field-submit\" >\n\t\t\n\t\t\t<input type=\"submit\" id=\"noptin-form-2__submit\" class=\"noptin-form-submit btn button btn-primary button-primary wp-element-button\" name=\"noptin-submit\" value=\"Abonnez-vous\" style=\"background-color: #607D8B;color: #fafafa;\"  \/>\n\n\t\t<\/div><\/div>\t\t\t\t\t\t<div class=\"noptin-form-notice noptin-response\" role=\"alert\"><\/div>\n\t\t\t<\/div>\n\t\t\t<input type=\"hidden\" name=\"noptin_element_id\" value=\"2\" \/><input type=\"hidden\" name=\"source\" value=\"9842\" \/><input type=\"hidden\" name=\"form_action\" value=\"subscribe\" \/><input type=\"hidden\" name=\"noptin-config\" value=\"geVp3bmVsS.Bejx5F7hyheCZeasGrk6UoV7mPwUKzeAj_J_jRQjYkLtSn67MwIeo\" \/><input type=\"hidden\" name=\"noptin_form_id\" value=\"9842\" \/><\/form><\/div><!-- \/Form ID: 9842 --><\/div><!-- \/ Noptin Newsletter Plugin -->\n\n\n\n<p>Voir aussi notre article sur :\u00a0<a href=\"https:\/\/www.topicfoot.fr\/index.php\/2025\/02\/19\/lothar-matthaus-une-legende-du-football-allemand\/\">Lothar Matth\u00e4us : une l\u00e9gende du football allemand<\/a><\/p>\n\n\n\n<figure class=\"wp-block-embed is-type-wp-embed is-provider-topic-foot wp-block-embed-topic-foot\"><div class=\"wp-block-embed__wrapper\">\n<blockquote class=\"wp-embedded-content\" data-secret=\"Po90LKvCIa\"><a href=\"https:\/\/www.topicfoot.fr\/index.php\/2025\/02\/19\/lothar-matthaus-une-legende-du-football-allemand\/\">Lothar Matth\u00e4us : une l\u00e9gende du football allemand<\/a><\/blockquote><iframe loading=\"lazy\" class=\"wp-embedded-content\" sandbox=\"allow-scripts\" security=\"restricted\" style=\"position: absolute; visibility: hidden;\" title=\"\u00ab\u00a0Lothar Matth\u00e4us : une l\u00e9gende du football allemand\u00a0\u00bb &#8212; Topic Foot\" src=\"https:\/\/www.topicfoot.fr\/index.php\/2025\/02\/19\/lothar-matthaus-une-legende-du-football-allemand\/embed\/#?secret=jpdNO4VE4z#?secret=Po90LKvCIa\" data-secret=\"Po90LKvCIa\" width=\"500\" height=\"282\" frameborder=\"0\" marginwidth=\"0\" marginheight=\"0\" scrolling=\"no\"><\/iframe>\n<\/div><\/figure>\n","protected":false},"excerpt":{"rendered":"<div class=\"mh-excerpt\">Statistiques de Paolo Maldini\u200b : Consid\u00e9r\u00e9 comme l\u2019un des plus grands d\u00e9fenseurs de l\u2019histoire, Paolo Maldini a marqu\u00e9 le football.<\/div>\n<p> <a class=\"mh-excerpt-more\" href=\"https:\/\/www.topicfoot.fr\/index.php\/2025\/02\/28\/statistiques-de-paolo-maldini-la-carriere-legendaire\/\" title=\"Statistiques de Paolo Maldini\u200b : la carri\u00e8re l\u00e9gendaire\">[&#8230;]<\/a><\/p>\n","protected":false},"author":1,"featured_media":12616,"comment_status":"closed","ping_status":"open","sticky":false,"template":"","format":"standard","meta":{"footnotes":""},"categories":[120,131,31],"tags":[],"post_folder":[],"class_list":{"0":"post-12615","1":"post","2":"type-post","3":"status-publish","4":"format-standard","5":"has-post-thumbnail","7":"category-joueurs","8":"category-legende","9":"category-toutes-les-categories"},"yoast_head":"<!-- This site is optimized with the Yoast SEO plugin v27.4 - https:\/\/yoast.com\/product\/yoast-seo-wordpress\/ -->\n<title>Statistiques de Paolo Maldini\u200b : la carri\u00e8re l\u00e9gendaire<\/title>\n<meta name=\"description\" content=\"Statistiques de Paolo Maldini\u200b : Consid\u00e9r\u00e9 comme l\u2019un des plus grands d\u00e9fenseurs de l\u2019histoire, Paolo Maldini a marqu\u00e9 le football.\" \/>\n<meta name=\"robots\" content=\"index, follow, max-snippet:-1, max-image-preview:large, max-video-preview:-1\" \/>\n<link rel=\"canonical\" href=\"https:\/\/www.topicfoot.fr\/index.php\/2025\/02\/28\/statistiques-de-paolo-maldini-la-carriere-legendaire\/\" \/>\n<meta property=\"og:locale\" content=\"fr_FR\" \/>\n<meta property=\"og:type\" content=\"article\" \/>\n<meta property=\"og:title\" content=\"Statistiques de Paolo Maldini\u200b : la carri\u00e8re l\u00e9gendaire\" \/>\n<meta property=\"og:description\" content=\"Statistiques de Paolo Maldini\u200b : Consid\u00e9r\u00e9 comme l\u2019un des plus grands d\u00e9fenseurs de l\u2019histoire, Paolo Maldini a marqu\u00e9 le football.\" \/>\n<meta property=\"og:url\" content=\"https:\/\/www.topicfoot.fr\/index.php\/2025\/02\/28\/statistiques-de-paolo-maldini-la-carriere-legendaire\/\" \/>\n<meta property=\"og:site_name\" content=\"Topic Foot\" \/>\n<meta property=\"article:publisher\" content=\"https:\/\/www.facebook.com\/topicfoot.fr\" \/>\n<meta property=\"article:published_time\" content=\"2025-02-28T10:59:00+00:00\" \/>\n<meta property=\"article:modified_time\" content=\"2025-03-01T08:25:09+00:00\" \/>\n<meta property=\"og:image\" content=\"https:\/\/www.topicfoot.fr\/wp-content\/uploads\/2025\/03\/paolo-maldini-afppic.webp\" \/>\n\t<meta property=\"og:image:width\" content=\"800\" \/>\n\t<meta property=\"og:image:height\" content=\"450\" \/>\n\t<meta property=\"og:image:type\" content=\"image\/webp\" \/>\n<meta name=\"author\" content=\"Florent G\" \/>\n<meta name=\"twitter:card\" content=\"summary_large_image\" \/>\n<meta name=\"twitter:label1\" content=\"\u00c9crit par\" \/>\n\t<meta name=\"twitter:data1\" content=\"Florent G\" \/>\n\t<meta name=\"twitter:label2\" content=\"Dur\u00e9e de lecture estim\u00e9e\" \/>\n\t<meta name=\"twitter:data2\" content=\"5 minutes\" \/>\n<script type=\"application\/ld+json\" class=\"yoast-schema-graph\">{\"@context\":\"https:\\\/\\\/schema.org\",\"@graph\":[{\"@type\":\"Article\",\"@id\":\"https:\\\/\\\/www.topicfoot.fr\\\/index.php\\\/2025\\\/02\\\/28\\\/statistiques-de-paolo-maldini-la-carriere-legendaire\\\/#article\",\"isPartOf\":{\"@id\":\"https:\\\/\\\/www.topicfoot.fr\\\/index.php\\\/2025\\\/02\\\/28\\\/statistiques-de-paolo-maldini-la-carriere-legendaire\\\/\"},\"author\":{\"name\":\"Florent G\",\"@id\":\"https:\\\/\\\/www.topicfoot.fr\\\/#\\\/schema\\\/person\\\/e11785565f6247f9acd9d5b796ec4d62\"},\"headline\":\"Statistiques de Paolo Maldini\u200b : la carri\u00e8re l\u00e9gendaire\",\"datePublished\":\"2025-02-28T10:59:00+00:00\",\"dateModified\":\"2025-03-01T08:25:09+00:00\",\"mainEntityOfPage\":{\"@id\":\"https:\\\/\\\/www.topicfoot.fr\\\/index.php\\\/2025\\\/02\\\/28\\\/statistiques-de-paolo-maldini-la-carriere-legendaire\\\/\"},\"wordCount\":922,\"publisher\":{\"@id\":\"https:\\\/\\\/www.topicfoot.fr\\\/#organization\"},\"image\":{\"@id\":\"https:\\\/\\\/www.topicfoot.fr\\\/index.php\\\/2025\\\/02\\\/28\\\/statistiques-de-paolo-maldini-la-carriere-legendaire\\\/#primaryimage\"},\"thumbnailUrl\":\"https:\\\/\\\/www.topicfoot.fr\\\/wp-content\\\/uploads\\\/2025\\\/03\\\/paolo-maldini-afppic.webp\",\"articleSection\":[\"Joueurs : salaires, valeur marchande et contrats\",\"L\u00e9gende\",\"Toutes les cat\u00e9gories\"],\"inLanguage\":\"fr-FR\"},{\"@type\":\"WebPage\",\"@id\":\"https:\\\/\\\/www.topicfoot.fr\\\/index.php\\\/2025\\\/02\\\/28\\\/statistiques-de-paolo-maldini-la-carriere-legendaire\\\/\",\"url\":\"https:\\\/\\\/www.topicfoot.fr\\\/index.php\\\/2025\\\/02\\\/28\\\/statistiques-de-paolo-maldini-la-carriere-legendaire\\\/\",\"name\":\"Statistiques de Paolo Maldini\u200b : la carri\u00e8re l\u00e9gendaire\",\"isPartOf\":{\"@id\":\"https:\\\/\\\/www.topicfoot.fr\\\/#website\"},\"primaryImageOfPage\":{\"@id\":\"https:\\\/\\\/www.topicfoot.fr\\\/index.php\\\/2025\\\/02\\\/28\\\/statistiques-de-paolo-maldini-la-carriere-legendaire\\\/#primaryimage\"},\"image\":{\"@id\":\"https:\\\/\\\/www.topicfoot.fr\\\/index.php\\\/2025\\\/02\\\/28\\\/statistiques-de-paolo-maldini-la-carriere-legendaire\\\/#primaryimage\"},\"thumbnailUrl\":\"https:\\\/\\\/www.topicfoot.fr\\\/wp-content\\\/uploads\\\/2025\\\/03\\\/paolo-maldini-afppic.webp\",\"datePublished\":\"2025-02-28T10:59:00+00:00\",\"dateModified\":\"2025-03-01T08:25:09+00:00\",\"description\":\"Statistiques de Paolo Maldini\u200b : Consid\u00e9r\u00e9 comme l\u2019un des plus grands d\u00e9fenseurs de l\u2019histoire, Paolo Maldini a marqu\u00e9 le football.\",\"breadcrumb\":{\"@id\":\"https:\\\/\\\/www.topicfoot.fr\\\/index.php\\\/2025\\\/02\\\/28\\\/statistiques-de-paolo-maldini-la-carriere-legendaire\\\/#breadcrumb\"},\"inLanguage\":\"fr-FR\",\"potentialAction\":[{\"@type\":\"ReadAction\",\"target\":[\"https:\\\/\\\/www.topicfoot.fr\\\/index.php\\\/2025\\\/02\\\/28\\\/statistiques-de-paolo-maldini-la-carriere-legendaire\\\/\"]}]},{\"@type\":\"ImageObject\",\"inLanguage\":\"fr-FR\",\"@id\":\"https:\\\/\\\/www.topicfoot.fr\\\/index.php\\\/2025\\\/02\\\/28\\\/statistiques-de-paolo-maldini-la-carriere-legendaire\\\/#primaryimage\",\"url\":\"https:\\\/\\\/www.topicfoot.fr\\\/wp-content\\\/uploads\\\/2025\\\/03\\\/paolo-maldini-afppic.webp\",\"contentUrl\":\"https:\\\/\\\/www.topicfoot.fr\\\/wp-content\\\/uploads\\\/2025\\\/03\\\/paolo-maldini-afppic.webp\",\"width\":800,\"height\":450},{\"@type\":\"BreadcrumbList\",\"@id\":\"https:\\\/\\\/www.topicfoot.fr\\\/index.php\\\/2025\\\/02\\\/28\\\/statistiques-de-paolo-maldini-la-carriere-legendaire\\\/#breadcrumb\",\"itemListElement\":[{\"@type\":\"ListItem\",\"position\":1,\"name\":\"Accueil\",\"item\":\"https:\\\/\\\/www.topicfoot.fr\\\/\"},{\"@type\":\"ListItem\",\"position\":2,\"name\":\"Statistiques de Paolo Maldini\u200b : la carri\u00e8re l\u00e9gendaire\"}]},{\"@type\":\"WebSite\",\"@id\":\"https:\\\/\\\/www.topicfoot.fr\\\/#website\",\"url\":\"https:\\\/\\\/www.topicfoot.fr\\\/\",\"name\":\"Topic Foot\",\"description\":\"Tous l&#039;univers du Foot !\",\"publisher\":{\"@id\":\"https:\\\/\\\/www.topicfoot.fr\\\/#organization\"},\"potentialAction\":[{\"@type\":\"SearchAction\",\"target\":{\"@type\":\"EntryPoint\",\"urlTemplate\":\"https:\\\/\\\/www.topicfoot.fr\\\/?s={search_term_string}\"},\"query-input\":{\"@type\":\"PropertyValueSpecification\",\"valueRequired\":true,\"valueName\":\"search_term_string\"}}],\"inLanguage\":\"fr-FR\"},{\"@type\":\"Organization\",\"@id\":\"https:\\\/\\\/www.topicfoot.fr\\\/#organization\",\"name\":\"Topic Foot\",\"url\":\"https:\\\/\\\/www.topicfoot.fr\\\/\",\"logo\":{\"@type\":\"ImageObject\",\"inLanguage\":\"fr-FR\",\"@id\":\"https:\\\/\\\/www.topicfoot.fr\\\/#\\\/schema\\\/logo\\\/image\\\/\",\"url\":\"https:\\\/\\\/www.topicfoot.fr\\\/wp-content\\\/uploads\\\/2024\\\/04\\\/cropped-logo-topicfoot-new.jpg\",\"contentUrl\":\"https:\\\/\\\/www.topicfoot.fr\\\/wp-content\\\/uploads\\\/2024\\\/04\\\/cropped-logo-topicfoot-new.jpg\",\"width\":512,\"height\":512,\"caption\":\"Topic Foot\"},\"image\":{\"@id\":\"https:\\\/\\\/www.topicfoot.fr\\\/#\\\/schema\\\/logo\\\/image\\\/\"},\"sameAs\":[\"https:\\\/\\\/www.facebook.com\\\/topicfoot.fr\"]},{\"@type\":\"Person\",\"@id\":\"https:\\\/\\\/www.topicfoot.fr\\\/#\\\/schema\\\/person\\\/e11785565f6247f9acd9d5b796ec4d62\",\"name\":\"Florent G\",\"image\":{\"@type\":\"ImageObject\",\"inLanguage\":\"fr-FR\",\"@id\":\"https:\\\/\\\/secure.gravatar.com\\\/avatar\\\/1bb7e359942e0285fca3d40822ea6bdc74a98b7975407bfdf34b5a511f2155da?s=96&d=mm&r=g\",\"url\":\"https:\\\/\\\/secure.gravatar.com\\\/avatar\\\/1bb7e359942e0285fca3d40822ea6bdc74a98b7975407bfdf34b5a511f2155da?s=96&d=mm&r=g\",\"contentUrl\":\"https:\\\/\\\/secure.gravatar.com\\\/avatar\\\/1bb7e359942e0285fca3d40822ea6bdc74a98b7975407bfdf34b5a511f2155da?s=96&d=mm&r=g\",\"caption\":\"Florent G\"},\"description\":\"Je m'appelle Florent et je suis le cr\u00e9ateur de Topicfoot, un projet n\u00e9 de ma conviction que le football m\u00e9rite une couverture m\u00e9diatique de qualit\u00e9, ancr\u00e9e dans les faits et enrichie par l'analyse. Passionn\u00e9 de journalisme, j'ai toujours \u00e9t\u00e9 fascin\u00e9 par le sport comme r\u00e9v\u00e9lateur de soci\u00e9t\u00e9s. Mais c'est surtout l'explosion des donn\u00e9es et des nouvelles technologies dans le football qui m'a pouss\u00e9 \u00e0 lancer Topicfoot : statistiques avanc\u00e9es, mod\u00e8les pr\u00e9dictifs, analyse vid\u00e9o intelligente, impact des r\u00e9seaux sociaux sur les carri\u00e8res des joueurs. J'adore creuser ces th\u00e9matiques o\u00f9 les chiffres racontent une histoire que les yeux seuls ne voient pas. Au-del\u00e0 de la r\u00e9daction, je suis responsable de la ligne \u00e9ditoriale de Topicfoot et de sa strat\u00e9gie num\u00e9rique. Je crois que le journalisme sportif doit allier rigueur journalistique et innovation technologique pour offrir aux lecteurs une exp\u00e9rience moderne et approfondie. Nous couvrons les grands \u00e9v\u00e9nements du football europ\u00e9en et nous explorons comment les clubs utilisent les donn\u00e9es pour transformer leur organisation. Pour moi, Topicfoot, c'est la promesse d'un football mieux compris.\",\"sameAs\":[\"https:\\\/\\\/www.topicfoot.fr\"],\"url\":\"https:\\\/\\\/www.topicfoot.fr\\\/index.php\\\/author\\\/vitrindunet\\\/\"}]}<\/script>\n<!-- \/ Yoast SEO plugin. -->","yoast_head_json":{"title":"Statistiques de Paolo Maldini\u200b : la carri\u00e8re l\u00e9gendaire","description":"Statistiques de Paolo Maldini\u200b : Consid\u00e9r\u00e9 comme l\u2019un des plus grands d\u00e9fenseurs de l\u2019histoire, Paolo Maldini a marqu\u00e9 le football.","robots":{"index":"index","follow":"follow","max-snippet":"max-snippet:-1","max-image-preview":"max-image-preview:large","max-video-preview":"max-video-preview:-1"},"canonical":"https:\/\/www.topicfoot.fr\/index.php\/2025\/02\/28\/statistiques-de-paolo-maldini-la-carriere-legendaire\/","og_locale":"fr_FR","og_type":"article","og_title":"Statistiques de Paolo Maldini\u200b : la carri\u00e8re l\u00e9gendaire","og_description":"Statistiques de Paolo Maldini\u200b : Consid\u00e9r\u00e9 comme l\u2019un des plus grands d\u00e9fenseurs de l\u2019histoire, Paolo Maldini a marqu\u00e9 le football.","og_url":"https:\/\/www.topicfoot.fr\/index.php\/2025\/02\/28\/statistiques-de-paolo-maldini-la-carriere-legendaire\/","og_site_name":"Topic Foot","article_publisher":"https:\/\/www.facebook.com\/topicfoot.fr","article_published_time":"2025-02-28T10:59:00+00:00","article_modified_time":"2025-03-01T08:25:09+00:00","og_image":[{"width":800,"height":450,"url":"https:\/\/www.topicfoot.fr\/wp-content\/uploads\/2025\/03\/paolo-maldini-afppic.webp","type":"image\/webp"}],"author":"Florent G","twitter_card":"summary_large_image","twitter_misc":{"\u00c9crit par":"Florent G","Dur\u00e9e de lecture estim\u00e9e":"5 minutes"},"schema":{"@context":"https:\/\/schema.org","@graph":[{"@type":"Article","@id":"https:\/\/www.topicfoot.fr\/index.php\/2025\/02\/28\/statistiques-de-paolo-maldini-la-carriere-legendaire\/#article","isPartOf":{"@id":"https:\/\/www.topicfoot.fr\/index.php\/2025\/02\/28\/statistiques-de-paolo-maldini-la-carriere-legendaire\/"},"author":{"name":"Florent G","@id":"https:\/\/www.topicfoot.fr\/#\/schema\/person\/e11785565f6247f9acd9d5b796ec4d62"},"headline":"Statistiques de Paolo Maldini\u200b : la carri\u00e8re l\u00e9gendaire","datePublished":"2025-02-28T10:59:00+00:00","dateModified":"2025-03-01T08:25:09+00:00","mainEntityOfPage":{"@id":"https:\/\/www.topicfoot.fr\/index.php\/2025\/02\/28\/statistiques-de-paolo-maldini-la-carriere-legendaire\/"},"wordCount":922,"publisher":{"@id":"https:\/\/www.topicfoot.fr\/#organization"},"image":{"@id":"https:\/\/www.topicfoot.fr\/index.php\/2025\/02\/28\/statistiques-de-paolo-maldini-la-carriere-legendaire\/#primaryimage"},"thumbnailUrl":"https:\/\/www.topicfoot.fr\/wp-content\/uploads\/2025\/03\/paolo-maldini-afppic.webp","articleSection":["Joueurs : salaires, valeur marchande et contrats","L\u00e9gende","Toutes les cat\u00e9gories"],"inLanguage":"fr-FR"},{"@type":"WebPage","@id":"https:\/\/www.topicfoot.fr\/index.php\/2025\/02\/28\/statistiques-de-paolo-maldini-la-carriere-legendaire\/","url":"https:\/\/www.topicfoot.fr\/index.php\/2025\/02\/28\/statistiques-de-paolo-maldini-la-carriere-legendaire\/","name":"Statistiques de Paolo Maldini\u200b : la carri\u00e8re l\u00e9gendaire","isPartOf":{"@id":"https:\/\/www.topicfoot.fr\/#website"},"primaryImageOfPage":{"@id":"https:\/\/www.topicfoot.fr\/index.php\/2025\/02\/28\/statistiques-de-paolo-maldini-la-carriere-legendaire\/#primaryimage"},"image":{"@id":"https:\/\/www.topicfoot.fr\/index.php\/2025\/02\/28\/statistiques-de-paolo-maldini-la-carriere-legendaire\/#primaryimage"},"thumbnailUrl":"https:\/\/www.topicfoot.fr\/wp-content\/uploads\/2025\/03\/paolo-maldini-afppic.webp","datePublished":"2025-02-28T10:59:00+00:00","dateModified":"2025-03-01T08:25:09+00:00","description":"Statistiques de Paolo Maldini\u200b : Consid\u00e9r\u00e9 comme l\u2019un des plus grands d\u00e9fenseurs de l\u2019histoire, Paolo Maldini a marqu\u00e9 le football.","breadcrumb":{"@id":"https:\/\/www.topicfoot.fr\/index.php\/2025\/02\/28\/statistiques-de-paolo-maldini-la-carriere-legendaire\/#breadcrumb"},"inLanguage":"fr-FR","potentialAction":[{"@type":"ReadAction","target":["https:\/\/www.topicfoot.fr\/index.php\/2025\/02\/28\/statistiques-de-paolo-maldini-la-carriere-legendaire\/"]}]},{"@type":"ImageObject","inLanguage":"fr-FR","@id":"https:\/\/www.topicfoot.fr\/index.php\/2025\/02\/28\/statistiques-de-paolo-maldini-la-carriere-legendaire\/#primaryimage","url":"https:\/\/www.topicfoot.fr\/wp-content\/uploads\/2025\/03\/paolo-maldini-afppic.webp","contentUrl":"https:\/\/www.topicfoot.fr\/wp-content\/uploads\/2025\/03\/paolo-maldini-afppic.webp","width":800,"height":450},{"@type":"BreadcrumbList","@id":"https:\/\/www.topicfoot.fr\/index.php\/2025\/02\/28\/statistiques-de-paolo-maldini-la-carriere-legendaire\/#breadcrumb","itemListElement":[{"@type":"ListItem","position":1,"name":"Accueil","item":"https:\/\/www.topicfoot.fr\/"},{"@type":"ListItem","position":2,"name":"Statistiques de Paolo Maldini\u200b : la carri\u00e8re l\u00e9gendaire"}]},{"@type":"WebSite","@id":"https:\/\/www.topicfoot.fr\/#website","url":"https:\/\/www.topicfoot.fr\/","name":"Topic Foot","description":"Tous l&#039;univers du Foot !","publisher":{"@id":"https:\/\/www.topicfoot.fr\/#organization"},"potentialAction":[{"@type":"SearchAction","target":{"@type":"EntryPoint","urlTemplate":"https:\/\/www.topicfoot.fr\/?s={search_term_string}"},"query-input":{"@type":"PropertyValueSpecification","valueRequired":true,"valueName":"search_term_string"}}],"inLanguage":"fr-FR"},{"@type":"Organization","@id":"https:\/\/www.topicfoot.fr\/#organization","name":"Topic Foot","url":"https:\/\/www.topicfoot.fr\/","logo":{"@type":"ImageObject","inLanguage":"fr-FR","@id":"https:\/\/www.topicfoot.fr\/#\/schema\/logo\/image\/","url":"https:\/\/www.topicfoot.fr\/wp-content\/uploads\/2024\/04\/cropped-logo-topicfoot-new.jpg","contentUrl":"https:\/\/www.topicfoot.fr\/wp-content\/uploads\/2024\/04\/cropped-logo-topicfoot-new.jpg","width":512,"height":512,"caption":"Topic Foot"},"image":{"@id":"https:\/\/www.topicfoot.fr\/#\/schema\/logo\/image\/"},"sameAs":["https:\/\/www.facebook.com\/topicfoot.fr"]},{"@type":"Person","@id":"https:\/\/www.topicfoot.fr\/#\/schema\/person\/e11785565f6247f9acd9d5b796ec4d62","name":"Florent G","image":{"@type":"ImageObject","inLanguage":"fr-FR","@id":"https:\/\/secure.gravatar.com\/avatar\/1bb7e359942e0285fca3d40822ea6bdc74a98b7975407bfdf34b5a511f2155da?s=96&d=mm&r=g","url":"https:\/\/secure.gravatar.com\/avatar\/1bb7e359942e0285fca3d40822ea6bdc74a98b7975407bfdf34b5a511f2155da?s=96&d=mm&r=g","contentUrl":"https:\/\/secure.gravatar.com\/avatar\/1bb7e359942e0285fca3d40822ea6bdc74a98b7975407bfdf34b5a511f2155da?s=96&d=mm&r=g","caption":"Florent G"},"description":"Je m'appelle Florent et je suis le cr\u00e9ateur de Topicfoot, un projet n\u00e9 de ma conviction que le football m\u00e9rite une couverture m\u00e9diatique de qualit\u00e9, ancr\u00e9e dans les faits et enrichie par l'analyse. Passionn\u00e9 de journalisme, j'ai toujours \u00e9t\u00e9 fascin\u00e9 par le sport comme r\u00e9v\u00e9lateur de soci\u00e9t\u00e9s. Mais c'est surtout l'explosion des donn\u00e9es et des nouvelles technologies dans le football qui m'a pouss\u00e9 \u00e0 lancer Topicfoot : statistiques avanc\u00e9es, mod\u00e8les pr\u00e9dictifs, analyse vid\u00e9o intelligente, impact des r\u00e9seaux sociaux sur les carri\u00e8res des joueurs. J'adore creuser ces th\u00e9matiques o\u00f9 les chiffres racontent une histoire que les yeux seuls ne voient pas. Au-del\u00e0 de la r\u00e9daction, je suis responsable de la ligne \u00e9ditoriale de Topicfoot et de sa strat\u00e9gie num\u00e9rique. Je crois que le journalisme sportif doit allier rigueur journalistique et innovation technologique pour offrir aux lecteurs une exp\u00e9rience moderne et approfondie. Nous couvrons les grands \u00e9v\u00e9nements du football europ\u00e9en et nous explorons comment les clubs utilisent les donn\u00e9es pour transformer leur organisation. Pour moi, Topicfoot, c'est la promesse d'un football mieux compris.","sameAs":["https:\/\/www.topicfoot.fr"],"url":"https:\/\/www.topicfoot.fr\/index.php\/author\/vitrindunet\/"}]}},"_links":{"self":[{"href":"https:\/\/www.topicfoot.fr\/index.php\/wp-json\/wp\/v2\/posts\/12615","targetHints":{"allow":["GET"]}}],"collection":[{"href":"https:\/\/www.topicfoot.fr\/index.php\/wp-json\/wp\/v2\/posts"}],"about":[{"href":"https:\/\/www.topicfoot.fr\/index.php\/wp-json\/wp\/v2\/types\/post"}],"author":[{"embeddable":true,"href":"https:\/\/www.topicfoot.fr\/index.php\/wp-json\/wp\/v2\/users\/1"}],"replies":[{"embeddable":true,"href":"https:\/\/www.topicfoot.fr\/index.php\/wp-json\/wp\/v2\/comments?post=12615"}],"version-history":[{"count":0,"href":"https:\/\/www.topicfoot.fr\/index.php\/wp-json\/wp\/v2\/posts\/12615\/revisions"}],"wp:featuredmedia":[{"embeddable":true,"href":"https:\/\/www.topicfoot.fr\/index.php\/wp-json\/wp\/v2\/media\/12616"}],"wp:attachment":[{"href":"https:\/\/www.topicfoot.fr\/index.php\/wp-json\/wp\/v2\/media?parent=12615"}],"wp:term":[{"taxonomy":"category","embeddable":true,"href":"https:\/\/www.topicfoot.fr\/index.php\/wp-json\/wp\/v2\/categories?post=12615"},{"taxonomy":"post_tag","embeddable":true,"href":"https:\/\/www.topicfoot.fr\/index.php\/wp-json\/wp\/v2\/tags?post=12615"},{"taxonomy":"post_folder","embeddable":true,"href":"https:\/\/www.topicfoot.fr\/index.php\/wp-json\/wp\/v2\/post_folder?post=12615"}],"curies":[{"name":"wp","href":"https:\/\/api.w.org\/{rel}","templated":true}]}}