{"id":12650,"date":"2025-03-03T23:06:34","date_gmt":"2025-03-03T22:06:34","guid":{"rendered":"https:\/\/www.topicfoot.fr\/?p=12650"},"modified":"2025-03-04T08:53:09","modified_gmt":"2025-03-04T07:53:09","slug":"les-minots-de-lom-quand-la-jeunesse-marseillaise-a-defie-paris","status":"publish","type":"post","link":"https:\/\/www.topicfoot.fr\/index.php\/2025\/03\/03\/les-minots-de-lom-quand-la-jeunesse-marseillaise-a-defie-paris\/","title":{"rendered":"Les Minots de l\u2019OM : Quand la jeunesse marseillaise a d\u00e9fi\u00e9 Paris"},"content":{"rendered":"<span class=\"span-reading-time rt-reading-time\" style=\"display: block;\"><span class=\"rt-label rt-prefix\">Temps de lecture\u00a0:  <\/span> <span class=\"rt-time\"> 3<\/span> <span class=\"rt-label rt-postfix\">minutes.  <\/span><\/span>\n<p>5 mars 2006. Une date grav\u00e9e dans l\u2019histoire de l\u2019Olympique de Marseille. Ce jour-l\u00e0, une \u00e9quipe compos\u00e9e de jeunes joueurs du club, surnomm\u00e9s \u00ab les minots de l\u2019OM \u00bb, tient t\u00eate au Paris Saint-Germain sur la pelouse du Parc des Princes. <\/p>\n\n\n\n<figure class=\"wp-block-image size-large\"><img loading=\"lazy\" decoding=\"async\" width=\"1024\" height=\"589\" src=\"https:\/\/www.topicfoot.fr\/wp-content\/uploads\/2025\/03\/les-minots-de-l-om-tf04-1024x589.webp\" alt=\"Les Minots de l\u2019OM : Quand la jeunesse marseillaise a d\u00e9fi\u00e9 Paris\" class=\"wp-image-12651\" srcset=\"https:\/\/www.topicfoot.fr\/wp-content\/uploads\/2025\/03\/les-minots-de-l-om-tf04-1024x589.webp 1024w, https:\/\/www.topicfoot.fr\/wp-content\/uploads\/2025\/03\/les-minots-de-l-om-tf04-300x173.webp 300w, https:\/\/www.topicfoot.fr\/wp-content\/uploads\/2025\/03\/les-minots-de-l-om-tf04-768x442.webp 768w, https:\/\/www.topicfoot.fr\/wp-content\/uploads\/2025\/03\/les-minots-de-l-om-tf04-1536x884.webp 1536w, https:\/\/www.topicfoot.fr\/wp-content\/uploads\/2025\/03\/les-minots-de-l-om-tf04-2048x1179.webp 2048w\" sizes=\"auto, (max-width: 1024px) 100vw, 1024px\" \/><\/figure>\n\n\n\n<p>Ce match nul h\u00e9ro\u00efque (0-0) est bien plus qu\u2019un simple r\u00e9sultat : c\u2019est un symbole, une le\u00e7on de courage et de solidarit\u00e9 qui restera \u00e0 jamais grav\u00e9e dans la m\u00e9moire des supporters marseillais.<\/p>\n\n\n\n<h2 class=\"wp-block-heading\">Un contexte explosif avant le Classico<\/h2>\n\n\n\n<p>Quelques jours avant le Classico, une d\u00e9cision du PSG met le feu aux poudres. Le club parisien r\u00e9duit de moiti\u00e9 le quota de places accord\u00e9es aux supporters marseillais et pr\u00e9voit de commercialiser les si\u00e8ges restants pour son propre public. Un choix jug\u00e9 irresponsable par Pape Diouf, alors pr\u00e9sident de l\u2019OM. Inquiet pour la s\u00e9curit\u00e9 des fans olympiens, il menace de boycotter le match. Mais refuser de jouer aurait expos\u00e9 l\u2019OM \u00e0 de lourdes sanctions. Jos\u00e9 Anigo, directeur sportif du club, propose alors une solution radicale : aligner l\u2019\u00e9quipe r\u00e9serve, compos\u00e9e de jeunes joueurs du centre de formation.<\/p>\n\n\n\n<p>Deux jours avant le match, Albert Emon, adjoint de Jean Fernandez, rassemble ces jeunes talents. Ces minots, habitu\u00e9s aux terrains du CFA2, vont bient\u00f4t fouler la pelouse du Parc des Princes pour un Classico qui s\u2019annonce d\u00e9s\u00e9quilibr\u00e9.<\/p>\n\n\n<div class=\"wp-block-image\">\n<figure class=\"aligncenter size-large is-resized\"><img loading=\"lazy\" decoding=\"async\" width=\"1024\" height=\"681\" src=\"https:\/\/www.topicfoot.fr\/wp-content\/uploads\/2025\/03\/les-minots-de-l-om-tf01-1024x681.webp\" alt=\"Un contexte explosif avant le Classico\" class=\"wp-image-12652\" style=\"width:441px;height:auto\" srcset=\"https:\/\/www.topicfoot.fr\/wp-content\/uploads\/2025\/03\/les-minots-de-l-om-tf01-1024x681.webp 1024w, https:\/\/www.topicfoot.fr\/wp-content\/uploads\/2025\/03\/les-minots-de-l-om-tf01-300x199.webp 300w, https:\/\/www.topicfoot.fr\/wp-content\/uploads\/2025\/03\/les-minots-de-l-om-tf01-768x511.webp 768w, https:\/\/www.topicfoot.fr\/wp-content\/uploads\/2025\/03\/les-minots-de-l-om-tf01-1536x1021.webp 1536w, https:\/\/www.topicfoot.fr\/wp-content\/uploads\/2025\/03\/les-minots-de-l-om-tf01-png.webp 1964w\" sizes=\"auto, (max-width: 1024px) 100vw, 1024px\" \/><\/figure>\n<\/div>\n\n\n<h2 class=\"wp-block-heading\">Un d\u00e9fi immense pour les jeunes marseillais<\/h2>\n\n\n\n<p>Le 5 mars, la d\u00e9l\u00e9gation olympienne embarque dans le TGV pour Paris. \u00c0 leur arriv\u00e9e, la tension est palpable. Face \u00e0 eux, une \u00e9quipe parisienne compos\u00e9e de cadres comme Pauleta, Kalou, Yepes ou encore M\u2019Bami. Sur le papier, la diff\u00e9rence de niveau est immense. La presse et les supporters s\u2019attendent \u00e0 une humiliation pour l\u2019OM.<\/p>\n\n\n\n<p>C\u00e9dric Carrasso, capitaine improvis\u00e9, m\u00e8ne une \u00e9quipe compos\u00e9e de Bocaly, Civelli, Andr\u00e9 Luis, Pradi\u00e9, Cantareil, Dennoun, Gastine, Delfim, N&rsquo;Diaye et Gimenez. Ces jeunes joueurs doivent affronter un PSG qui ne peut pas se permettre un faux pas face \u00e0 une \u00e9quipe bis.<\/p>\n\n\n<div class=\"wp-block-image\">\n<figure class=\"aligncenter size-large is-resized\"><img loading=\"lazy\" decoding=\"async\" width=\"1024\" height=\"632\" src=\"https:\/\/www.topicfoot.fr\/wp-content\/uploads\/2025\/03\/les-minots-de-l-om-tf03-1024x632.webp\" alt=\"les pinots de l om\" class=\"wp-image-12654\" style=\"width:460px;height:auto\" srcset=\"https:\/\/www.topicfoot.fr\/wp-content\/uploads\/2025\/03\/les-minots-de-l-om-tf03-1024x632.webp 1024w, https:\/\/www.topicfoot.fr\/wp-content\/uploads\/2025\/03\/les-minots-de-l-om-tf03-300x185.webp 300w, https:\/\/www.topicfoot.fr\/wp-content\/uploads\/2025\/03\/les-minots-de-l-om-tf03-768x474.webp 768w, https:\/\/www.topicfoot.fr\/wp-content\/uploads\/2025\/03\/les-minots-de-l-om-tf03-1536x949.webp 1536w, https:\/\/www.topicfoot.fr\/wp-content\/uploads\/2025\/03\/les-minots-de-l-om-tf03-png.webp 1846w\" sizes=\"auto, (max-width: 1024px) 100vw, 1024px\" \/><\/figure>\n<\/div>\n\n\n<h2 class=\"wp-block-heading\">Une prestation h\u00e9ro\u00efque au Parc des Princes<\/h2>\n\n\n\n<p>D\u00e8s le coup d\u2019envoi, les Parisiens prennent le contr\u00f4le du ballon. Mais les minots de l\u2019OM d\u00e9fendent avec une solidarit\u00e9 impressionnante. Carrasso multiplie les arr\u00eats. Bocaly et Civelli tiennent bon face aux assauts de Pauleta et Kalou. Peu \u00e0 peu, le PSG doute. Les Marseillais ne l\u00e2chent rien et se battent sur chaque ballon.<\/p>\n\n\n\n<p>Le Parc des Princes, d\u2019abord confiant, se met \u00e0 gronder. Les supporters parisiens s\u2019impatientent. Les joueurs de Guy Lacombe, incapables de trouver la faille, se heurtent \u00e0 un bloc marseillais in\u00e9branlable. Le temps passe et l\u2019exploit devient possible. \u00c0 chaque tacle, chaque interception, chaque d\u00e9gagement, les minots de l\u2019OM gagnent un peu plus le respect du public.<\/p>\n\n\n\n<p>Lorsque l\u2019arbitre siffle la fin du match, c\u2019est une explosion de joie du c\u00f4t\u00e9 marseillais. Les jeunes joueurs exultent, envahissent la pelouse, s\u2019embrassent. Dans les vestiaires, c\u2019est une f\u00eate digne d\u2019une victoire. Ce nul 0-0 a des allures de triomphe.<\/p>\n\n\n\n<figure class=\"wp-block-embed is-type-video is-provider-youtube wp-block-embed-youtube wp-embed-aspect-16-9 wp-has-aspect-ratio\"><div class=\"wp-block-embed__wrapper\">\n<iframe loading=\"lazy\" title=\"PSG-OM 2006 : Les minots h\u00e9ro\u00efques\" width=\"500\" height=\"281\" src=\"https:\/\/www.youtube.com\/embed\/eZHyocCymgg?feature=oembed\" frameborder=\"0\" allow=\"accelerometer; autoplay; clipboard-write; encrypted-media; gyroscope; picture-in-picture; web-share\" referrerpolicy=\"strict-origin-when-cross-origin\" allowfullscreen><\/iframe>\n<\/div><\/figure>\n\n\n\n<h2 class=\"wp-block-heading\">Un accueil triomphal pour les minots de l om<\/h2>\n\n\n\n<p>De retour \u00e0 Marseille, les minots sont accueillis en h\u00e9ros. \u00c0 la gare Saint-Charles, des centaines de supporters les attendent, scandant leur nom, saluant leur courage et leur engagement. Pour ces jeunes joueurs, ce match repr\u00e9sente bien plus qu\u2019un simple point au classement. Il est la preuve que le football est avant tout une question de c\u0153ur et de volont\u00e9.<\/p>\n\n\n\n<p>Certains de ces minots, comme Garry Bocaly, poursuivront leur carri\u00e8re au plus haut niveau. Mais tous garderont \u00e0 jamais ce souvenir grav\u00e9 dans leur m\u00e9moire. Ce jour-l\u00e0, ils ont \u00e9crit une page l\u00e9gendaire de l\u2019histoire de l\u2019OM.<\/p>\n\n\n\n<h2 class=\"wp-block-heading\">H\u00e9ritage et enseignements<\/h2>\n\n\n\n<p>Le Classico du 5 mars 2006 restera comme un exemple de combativit\u00e9 et d\u2019unit\u00e9. Ce match a prouv\u00e9 qu\u2019avec de la d\u00e9termination et du courage, les \u00e9carts sur le papier peuvent \u00eatre r\u00e9duits sur le terrain.<\/p>\n\n\n\n<p>Aujourd\u2019hui encore, les supporters marseillais se souviennent de cette rencontre. Une question se pose alors : l\u2019OM conna\u00eetra-t-il un jour une nouvelle \u00e9pop\u00e9e aussi marquante ?<\/p>\n\n\n\n<!-- Noptin Newsletter Plugin v4.2.2 - https:\/\/wordpress.org\/plugins\/newsletter-optin-box\/ --><div id=\"noptin-form-2__wrapper\" class=\"noptin-optin-main-wrapper noptin-form-id-9842 noptin-inpost-main-wrapper\" aria-labelledby=\"noptin-form-2__title\" ><style>\/*Custom css*\/\n\n.noptin-form-id-9842 .noptin-optin-form-wrapper .noptin-optin-form.noptin-form-single-line .noptin-form-submit{\n\tborder-radius: 30px;\n}\n\n@media only screen and (min-width: 768px) {\n\n\t.noptin-form-id-9842 .noptin-optin-form-wrapper .noptin-optin-form.noptin-form-single-line .noptin-form-submit{\n\t\tposition: absolute;\n\t\tbottom: -1px;\n\t\ttop: 0;\n\t\tright: 0px;\n\t}\n\n}\n\n.noptin-form-id-9842 .noptin-optin-form-wrapper .noptin-form-single-line .noptin-form-field{\n \tborder-radius: 30px !important;\n\tborder: none !important;\n} #noptin-form-2__wrapper {--noptin-background-color: #424242; --noptin-border-color: #424242; --noptin-button-color: #607D8B; --noptin-button-text-color: #fafafa; --noptin-title-color: #fafafa; --noptin-description-color: #fafafa; --noptin-prefix-color: #607d8b; --noptin-note-color: #fafafa;}<\/style><div style=\"max-width:620px; min-height:280px;border-color: #424242;\" class=\"noptin-optin-form-wrapper no-image\" ><!-- Form ID: 9842 --><form id=\"noptin-form-2\" class=\"noptin-optin-form noptin-form-single-line noptin-label-hide noptin-form-2\" method=\"post\" novalidate >\t\t\t\t\t<div class=\"noptin-form-header noptin-img-left\">\n\t\t\t\t\t\t\t\t\t\t\t\t<div class=\"noptin-form-header-text\">\n\n\t\t\t\t\t\t\t\t\t\t\t\t\t\t\t<div style=\"color: #607d8b;font-size: 20px; font-weight: 500; line-height: 1.3;\" class=\"noptin-form-prefix\">\n\t\t\t\t\t\t\t\t\t\t\t\t\t\t\t\t\t<\/div>\n\t\t\t\t\t\t\t\n\t\t\t\t\t\t\t\t\t\t\t\t\t\t\t<div style=\"color: #fafafa;font-size: 20px; font-weight: 700; line-height: 1.5;\" class=\"noptin-form-heading\">\n\t\t\t\t\t\t\t\t\tAbonnez-vous \u00e0 TopicFoot\t\t\t\t\t\t\t\t<\/div>\n\t\t\t\t\t\t\t\n\t\t\t\t\t\t\t\t\t\t\t\t\t\t\t<div style=\"color: #fafafa;font-size: 16px; font-weight: 500; line-height: 1.5;\" class=\"noptin-form-description\">\n\t\t\t\t\t\t\t\t\tEntrez votre Mail pour recevoir nos derniers articles.\t\t\t\t\t\t\t\t<\/div>\n\t\t\t\t\t\t\t\n\t\t\t\t\t\t<\/div>\n\t\t\t\t\t\t\n\t\t\t\t\t\t\t\t\t\t\t\t\t<div class=\"noptin-form-header-image\">\n\t\t\t\t\t\t\t\t<img decoding=\"async\" alt=\"icon\" src=\"https:\/\/www.topicfoot.fr\/wp-content\/plugins\/newsletter-optin-box\/includes\/assets\/images\/email-icon.png\" \/>\n\t\t\t\t\t\t\t<\/div>\n\t\t\t\t\t\t\n\t\t\t\t\t<\/div>\n\t\t\t\t<div class=\"noptin-form-footer\"><div class=\"noptin-form-fields\">\t\t\t<div class=\"noptin-form-field-wrapper noptin-form-field-email noptin-optin-field-wrapper noptin-optin-field-email\" id=\"noptin-form-2__field-email--wrapper\" >\n\t\t<div class=\"noptin-field-email\">\n\t\t\t<label class=\"noptin-label\" for=\"noptin-form-2__field-email\">Adresse Mail<\/label>\n\t\t\t<input name=\"noptin_fields[email]\" id=\"noptin-form-2__field-email\" type=\"email\" class=\"noptin-text noptin-form-field noptin-form-field__email noptin-form-field__has-no-placeholder\" placeholder=\"Adresse Mail\" required \/>\n\n\t\t<\/div><\/div>\t\t\t<div class=\"noptin-form-field-wrapper noptin-form-field- noptin-optin-field-wrapper noptin-optin-field-\" id=\"noptin-form-2__field---wrapper\" >\n\t\t<\/div>\t\t\t<div class=\"noptin-form-field-wrapper noptin-form-field-submit noptin-optin-field-wrapper noptin-optin-field-submit\" >\n\t\t\n\t\t\t<input type=\"submit\" id=\"noptin-form-2__submit\" class=\"noptin-form-submit btn button btn-primary button-primary wp-element-button\" name=\"noptin-submit\" value=\"Abonnez-vous\" style=\"background-color: #607D8B;color: #fafafa;\"  \/>\n\n\t\t<\/div><\/div>\t\t\t\t\t\t<div class=\"noptin-form-notice noptin-response\" role=\"alert\"><\/div>\n\t\t\t<\/div>\n\t\t\t<input type=\"hidden\" name=\"noptin_element_id\" value=\"2\" \/><input type=\"hidden\" name=\"source\" value=\"9842\" \/><input type=\"hidden\" name=\"form_action\" value=\"subscribe\" \/><input type=\"hidden\" name=\"noptin-config\" value=\"geVp3bmVsS.Bejx5F7hyheCZeasGrk6UoV7mPwUKzeAj_J_jRQjYkLtSn67MwIeo\" \/><input type=\"hidden\" name=\"noptin_form_id\" value=\"9842\" \/><\/form><\/div><!-- \/Form ID: 9842 --><\/div><!-- \/ Noptin Newsletter Plugin -->\n\n\n\n<p>Voir aussi notre article sur :\u00a0<a href=\"https:\/\/www.topicfoot.fr\/index.php\/2024\/11\/11\/laurent-paganelli-le-plus-jeune-joueur-du-football-francais\/\">Laurent Paganelli : Le Plus Jeune Joueur du Football Fran\u00e7ais<\/a><\/p>\n\n\n\n<figure class=\"wp-block-embed is-type-wp-embed is-provider-topic-foot wp-block-embed-topic-foot\"><div class=\"wp-block-embed__wrapper\">\n<blockquote class=\"wp-embedded-content\" data-secret=\"TyZSgifipy\"><a href=\"https:\/\/www.topicfoot.fr\/index.php\/2024\/11\/11\/laurent-paganelli-le-plus-jeune-joueur-du-football-francais\/\">Laurent Paganelli : Le Plus Jeune Joueur du Football Fran\u00e7ais<\/a><\/blockquote><iframe loading=\"lazy\" class=\"wp-embedded-content\" sandbox=\"allow-scripts\" security=\"restricted\" style=\"position: absolute; visibility: hidden;\" title=\"\u00ab\u00a0Laurent Paganelli : Le Plus Jeune Joueur du Football Fran\u00e7ais\u00a0\u00bb &#8212; Topic Foot\" src=\"https:\/\/www.topicfoot.fr\/index.php\/2024\/11\/11\/laurent-paganelli-le-plus-jeune-joueur-du-football-francais\/embed\/#?secret=MeRx3ijaoc#?secret=TyZSgifipy\" data-secret=\"TyZSgifipy\" width=\"500\" height=\"282\" frameborder=\"0\" marginwidth=\"0\" marginheight=\"0\" scrolling=\"no\"><\/iframe>\n<\/div><\/figure>\n","protected":false},"excerpt":{"rendered":"<div class=\"mh-excerpt\">Une \u00e9quipe compos\u00e9e de jeunes joueurs du club, surnomm\u00e9s \u00ab les minots de l\u2019OM \u00bb, tient t\u00eate au Paris Saint-Germain.<\/div>\n<p> <a class=\"mh-excerpt-more\" href=\"https:\/\/www.topicfoot.fr\/index.php\/2025\/03\/03\/les-minots-de-lom-quand-la-jeunesse-marseillaise-a-defie-paris\/\" title=\"Les Minots de l\u2019OM : Quand la jeunesse marseillaise a d\u00e9fi\u00e9 Paris\">[&#8230;]<\/a><\/p>\n","protected":false},"author":2,"featured_media":12651,"comment_status":"closed","ping_status":"open","sticky":false,"template":"","format":"standard","meta":{"footnotes":""},"categories":[97,126,31],"tags":[],"post_folder":[],"class_list":{"0":"post-12650","1":"post","2":"type-post","3":"status-publish","4":"format-standard","5":"has-post-thumbnail","7":"category-histoire","8":"category-om","9":"category-toutes-les-categories"},"yoast_head":"<!-- This site is optimized with the Yoast SEO plugin v27.4 - https:\/\/yoast.com\/product\/yoast-seo-wordpress\/ -->\n<title>Les Minots de l\u2019OM : Quand la jeunesse marseillaise a d\u00e9fi\u00e9 Paris<\/title>\n<meta name=\"description\" content=\"Une \u00e9quipe compos\u00e9e de jeunes joueurs du club, surnomm\u00e9s \u00ab les minots de l\u2019OM \u00bb, tient t\u00eate au Paris Saint-Germain.\" \/>\n<meta name=\"robots\" content=\"index, follow, max-snippet:-1, max-image-preview:large, max-video-preview:-1\" \/>\n<link rel=\"canonical\" href=\"https:\/\/www.topicfoot.fr\/index.php\/2025\/03\/03\/les-minots-de-lom-quand-la-jeunesse-marseillaise-a-defie-paris\/\" \/>\n<meta property=\"og:locale\" content=\"fr_FR\" \/>\n<meta property=\"og:type\" content=\"article\" \/>\n<meta property=\"og:title\" content=\"Les Minots de l\u2019OM : Quand la jeunesse marseillaise a d\u00e9fi\u00e9 Paris\" \/>\n<meta property=\"og:description\" content=\"Une \u00e9quipe compos\u00e9e de jeunes joueurs du club, surnomm\u00e9s \u00ab les minots de l\u2019OM \u00bb, tient t\u00eate au Paris Saint-Germain.\" \/>\n<meta property=\"og:url\" content=\"https:\/\/www.topicfoot.fr\/index.php\/2025\/03\/03\/les-minots-de-lom-quand-la-jeunesse-marseillaise-a-defie-paris\/\" \/>\n<meta property=\"og:site_name\" content=\"Topic Foot\" \/>\n<meta property=\"article:publisher\" content=\"https:\/\/www.facebook.com\/topicfoot.fr\" \/>\n<meta property=\"article:published_time\" content=\"2025-03-03T22:06:34+00:00\" \/>\n<meta property=\"article:modified_time\" content=\"2025-03-04T07:53:09+00:00\" \/>\n<meta property=\"og:image\" content=\"https:\/\/www.topicfoot.fr\/wp-content\/uploads\/2025\/03\/les-minots-de-l-om-tf04-png.webp\" \/>\n\t<meta property=\"og:image:width\" content=\"2186\" \/>\n\t<meta property=\"og:image:height\" content=\"1258\" \/>\n\t<meta property=\"og:image:type\" content=\"image\/png\" \/>\n<meta name=\"author\" content=\"Noa G\" \/>\n<meta name=\"twitter:card\" content=\"summary_large_image\" \/>\n<meta name=\"twitter:label1\" content=\"\u00c9crit par\" \/>\n\t<meta name=\"twitter:data1\" content=\"Noa G\" \/>\n\t<meta name=\"twitter:label2\" content=\"Dur\u00e9e de lecture estim\u00e9e\" \/>\n\t<meta name=\"twitter:data2\" content=\"5 minutes\" \/>\n<script type=\"application\/ld+json\" class=\"yoast-schema-graph\">{\"@context\":\"https:\\\/\\\/schema.org\",\"@graph\":[{\"@type\":\"Article\",\"@id\":\"https:\\\/\\\/www.topicfoot.fr\\\/index.php\\\/2025\\\/03\\\/03\\\/les-minots-de-lom-quand-la-jeunesse-marseillaise-a-defie-paris\\\/#article\",\"isPartOf\":{\"@id\":\"https:\\\/\\\/www.topicfoot.fr\\\/index.php\\\/2025\\\/03\\\/03\\\/les-minots-de-lom-quand-la-jeunesse-marseillaise-a-defie-paris\\\/\"},\"author\":{\"name\":\"Noa G\",\"@id\":\"https:\\\/\\\/www.topicfoot.fr\\\/#\\\/schema\\\/person\\\/1eec7931a039bea2841d9a1b909338a7\"},\"headline\":\"Les Minots de l\u2019OM : Quand la jeunesse marseillaise a d\u00e9fi\u00e9 Paris\",\"datePublished\":\"2025-03-03T22:06:34+00:00\",\"dateModified\":\"2025-03-04T07:53:09+00:00\",\"mainEntityOfPage\":{\"@id\":\"https:\\\/\\\/www.topicfoot.fr\\\/index.php\\\/2025\\\/03\\\/03\\\/les-minots-de-lom-quand-la-jeunesse-marseillaise-a-defie-paris\\\/\"},\"wordCount\":752,\"publisher\":{\"@id\":\"https:\\\/\\\/www.topicfoot.fr\\\/#organization\"},\"image\":{\"@id\":\"https:\\\/\\\/www.topicfoot.fr\\\/index.php\\\/2025\\\/03\\\/03\\\/les-minots-de-lom-quand-la-jeunesse-marseillaise-a-defie-paris\\\/#primaryimage\"},\"thumbnailUrl\":\"https:\\\/\\\/www.topicfoot.fr\\\/wp-content\\\/uploads\\\/2025\\\/03\\\/les-minots-de-l-om-tf04-png.webp\",\"articleSection\":[\"Histoire du football\",\"OM\",\"Toutes les cat\u00e9gories\"],\"inLanguage\":\"fr-FR\"},{\"@type\":\"WebPage\",\"@id\":\"https:\\\/\\\/www.topicfoot.fr\\\/index.php\\\/2025\\\/03\\\/03\\\/les-minots-de-lom-quand-la-jeunesse-marseillaise-a-defie-paris\\\/\",\"url\":\"https:\\\/\\\/www.topicfoot.fr\\\/index.php\\\/2025\\\/03\\\/03\\\/les-minots-de-lom-quand-la-jeunesse-marseillaise-a-defie-paris\\\/\",\"name\":\"Les Minots de l\u2019OM : Quand la jeunesse marseillaise a d\u00e9fi\u00e9 Paris\",\"isPartOf\":{\"@id\":\"https:\\\/\\\/www.topicfoot.fr\\\/#website\"},\"primaryImageOfPage\":{\"@id\":\"https:\\\/\\\/www.topicfoot.fr\\\/index.php\\\/2025\\\/03\\\/03\\\/les-minots-de-lom-quand-la-jeunesse-marseillaise-a-defie-paris\\\/#primaryimage\"},\"image\":{\"@id\":\"https:\\\/\\\/www.topicfoot.fr\\\/index.php\\\/2025\\\/03\\\/03\\\/les-minots-de-lom-quand-la-jeunesse-marseillaise-a-defie-paris\\\/#primaryimage\"},\"thumbnailUrl\":\"https:\\\/\\\/www.topicfoot.fr\\\/wp-content\\\/uploads\\\/2025\\\/03\\\/les-minots-de-l-om-tf04-png.webp\",\"datePublished\":\"2025-03-03T22:06:34+00:00\",\"dateModified\":\"2025-03-04T07:53:09+00:00\",\"description\":\"Une \u00e9quipe compos\u00e9e de jeunes joueurs du club, surnomm\u00e9s \u00ab les minots de l\u2019OM \u00bb, tient t\u00eate au Paris Saint-Germain.\",\"breadcrumb\":{\"@id\":\"https:\\\/\\\/www.topicfoot.fr\\\/index.php\\\/2025\\\/03\\\/03\\\/les-minots-de-lom-quand-la-jeunesse-marseillaise-a-defie-paris\\\/#breadcrumb\"},\"inLanguage\":\"fr-FR\",\"potentialAction\":[{\"@type\":\"ReadAction\",\"target\":[\"https:\\\/\\\/www.topicfoot.fr\\\/index.php\\\/2025\\\/03\\\/03\\\/les-minots-de-lom-quand-la-jeunesse-marseillaise-a-defie-paris\\\/\"]}]},{\"@type\":\"ImageObject\",\"inLanguage\":\"fr-FR\",\"@id\":\"https:\\\/\\\/www.topicfoot.fr\\\/index.php\\\/2025\\\/03\\\/03\\\/les-minots-de-lom-quand-la-jeunesse-marseillaise-a-defie-paris\\\/#primaryimage\",\"url\":\"https:\\\/\\\/www.topicfoot.fr\\\/wp-content\\\/uploads\\\/2025\\\/03\\\/les-minots-de-l-om-tf04-png.webp\",\"contentUrl\":\"https:\\\/\\\/www.topicfoot.fr\\\/wp-content\\\/uploads\\\/2025\\\/03\\\/les-minots-de-l-om-tf04-png.webp\",\"width\":2186,\"height\":1258},{\"@type\":\"BreadcrumbList\",\"@id\":\"https:\\\/\\\/www.topicfoot.fr\\\/index.php\\\/2025\\\/03\\\/03\\\/les-minots-de-lom-quand-la-jeunesse-marseillaise-a-defie-paris\\\/#breadcrumb\",\"itemListElement\":[{\"@type\":\"ListItem\",\"position\":1,\"name\":\"Accueil\",\"item\":\"https:\\\/\\\/www.topicfoot.fr\\\/\"},{\"@type\":\"ListItem\",\"position\":2,\"name\":\"Les Minots de l\u2019OM : Quand la jeunesse marseillaise a d\u00e9fi\u00e9 Paris\"}]},{\"@type\":\"WebSite\",\"@id\":\"https:\\\/\\\/www.topicfoot.fr\\\/#website\",\"url\":\"https:\\\/\\\/www.topicfoot.fr\\\/\",\"name\":\"Topic Foot\",\"description\":\"Tous l&#039;univers du Foot !\",\"publisher\":{\"@id\":\"https:\\\/\\\/www.topicfoot.fr\\\/#organization\"},\"potentialAction\":[{\"@type\":\"SearchAction\",\"target\":{\"@type\":\"EntryPoint\",\"urlTemplate\":\"https:\\\/\\\/www.topicfoot.fr\\\/?s={search_term_string}\"},\"query-input\":{\"@type\":\"PropertyValueSpecification\",\"valueRequired\":true,\"valueName\":\"search_term_string\"}}],\"inLanguage\":\"fr-FR\"},{\"@type\":\"Organization\",\"@id\":\"https:\\\/\\\/www.topicfoot.fr\\\/#organization\",\"name\":\"Topic Foot\",\"url\":\"https:\\\/\\\/www.topicfoot.fr\\\/\",\"logo\":{\"@type\":\"ImageObject\",\"inLanguage\":\"fr-FR\",\"@id\":\"https:\\\/\\\/www.topicfoot.fr\\\/#\\\/schema\\\/logo\\\/image\\\/\",\"url\":\"https:\\\/\\\/www.topicfoot.fr\\\/wp-content\\\/uploads\\\/2024\\\/04\\\/cropped-logo-topicfoot-new.jpg\",\"contentUrl\":\"https:\\\/\\\/www.topicfoot.fr\\\/wp-content\\\/uploads\\\/2024\\\/04\\\/cropped-logo-topicfoot-new.jpg\",\"width\":512,\"height\":512,\"caption\":\"Topic Foot\"},\"image\":{\"@id\":\"https:\\\/\\\/www.topicfoot.fr\\\/#\\\/schema\\\/logo\\\/image\\\/\"},\"sameAs\":[\"https:\\\/\\\/www.facebook.com\\\/topicfoot.fr\"]},{\"@type\":\"Person\",\"@id\":\"https:\\\/\\\/www.topicfoot.fr\\\/#\\\/schema\\\/person\\\/1eec7931a039bea2841d9a1b909338a7\",\"name\":\"Noa G\",\"image\":{\"@type\":\"ImageObject\",\"inLanguage\":\"fr-FR\",\"@id\":\"https:\\\/\\\/secure.gravatar.com\\\/avatar\\\/35544da2504abbd834faa666f50eb919c4fbcb3bd5c1c5f3fcf50113e404bc1c?s=96&d=mm&r=g\",\"url\":\"https:\\\/\\\/secure.gravatar.com\\\/avatar\\\/35544da2504abbd834faa666f50eb919c4fbcb3bd5c1c5f3fcf50113e404bc1c?s=96&d=mm&r=g\",\"contentUrl\":\"https:\\\/\\\/secure.gravatar.com\\\/avatar\\\/35544da2504abbd834faa666f50eb919c4fbcb3bd5c1c5f3fcf50113e404bc1c?s=96&d=mm&r=g\",\"caption\":\"Noa G\"},\"url\":\"https:\\\/\\\/www.topicfoot.fr\\\/index.php\\\/author\\\/florentg\\\/\"}]}<\/script>\n<!-- \/ Yoast SEO plugin. -->","yoast_head_json":{"title":"Les Minots de l\u2019OM : Quand la jeunesse marseillaise a d\u00e9fi\u00e9 Paris","description":"Une \u00e9quipe compos\u00e9e de jeunes joueurs du club, surnomm\u00e9s \u00ab les minots de l\u2019OM \u00bb, tient t\u00eate au Paris Saint-Germain.","robots":{"index":"index","follow":"follow","max-snippet":"max-snippet:-1","max-image-preview":"max-image-preview:large","max-video-preview":"max-video-preview:-1"},"canonical":"https:\/\/www.topicfoot.fr\/index.php\/2025\/03\/03\/les-minots-de-lom-quand-la-jeunesse-marseillaise-a-defie-paris\/","og_locale":"fr_FR","og_type":"article","og_title":"Les Minots de l\u2019OM : Quand la jeunesse marseillaise a d\u00e9fi\u00e9 Paris","og_description":"Une \u00e9quipe compos\u00e9e de jeunes joueurs du club, surnomm\u00e9s \u00ab les minots de l\u2019OM \u00bb, tient t\u00eate au Paris Saint-Germain.","og_url":"https:\/\/www.topicfoot.fr\/index.php\/2025\/03\/03\/les-minots-de-lom-quand-la-jeunesse-marseillaise-a-defie-paris\/","og_site_name":"Topic Foot","article_publisher":"https:\/\/www.facebook.com\/topicfoot.fr","article_published_time":"2025-03-03T22:06:34+00:00","article_modified_time":"2025-03-04T07:53:09+00:00","og_image":[{"width":2186,"height":1258,"url":"https:\/\/www.topicfoot.fr\/wp-content\/uploads\/2025\/03\/les-minots-de-l-om-tf04-png.webp","type":"image\/png"}],"author":"Noa G","twitter_card":"summary_large_image","twitter_misc":{"\u00c9crit par":"Noa G","Dur\u00e9e de lecture estim\u00e9e":"5 minutes"},"schema":{"@context":"https:\/\/schema.org","@graph":[{"@type":"Article","@id":"https:\/\/www.topicfoot.fr\/index.php\/2025\/03\/03\/les-minots-de-lom-quand-la-jeunesse-marseillaise-a-defie-paris\/#article","isPartOf":{"@id":"https:\/\/www.topicfoot.fr\/index.php\/2025\/03\/03\/les-minots-de-lom-quand-la-jeunesse-marseillaise-a-defie-paris\/"},"author":{"name":"Noa G","@id":"https:\/\/www.topicfoot.fr\/#\/schema\/person\/1eec7931a039bea2841d9a1b909338a7"},"headline":"Les Minots de l\u2019OM : Quand la jeunesse marseillaise a d\u00e9fi\u00e9 Paris","datePublished":"2025-03-03T22:06:34+00:00","dateModified":"2025-03-04T07:53:09+00:00","mainEntityOfPage":{"@id":"https:\/\/www.topicfoot.fr\/index.php\/2025\/03\/03\/les-minots-de-lom-quand-la-jeunesse-marseillaise-a-defie-paris\/"},"wordCount":752,"publisher":{"@id":"https:\/\/www.topicfoot.fr\/#organization"},"image":{"@id":"https:\/\/www.topicfoot.fr\/index.php\/2025\/03\/03\/les-minots-de-lom-quand-la-jeunesse-marseillaise-a-defie-paris\/#primaryimage"},"thumbnailUrl":"https:\/\/www.topicfoot.fr\/wp-content\/uploads\/2025\/03\/les-minots-de-l-om-tf04-png.webp","articleSection":["Histoire du football","OM","Toutes les cat\u00e9gories"],"inLanguage":"fr-FR"},{"@type":"WebPage","@id":"https:\/\/www.topicfoot.fr\/index.php\/2025\/03\/03\/les-minots-de-lom-quand-la-jeunesse-marseillaise-a-defie-paris\/","url":"https:\/\/www.topicfoot.fr\/index.php\/2025\/03\/03\/les-minots-de-lom-quand-la-jeunesse-marseillaise-a-defie-paris\/","name":"Les Minots de l\u2019OM : Quand la jeunesse marseillaise a d\u00e9fi\u00e9 Paris","isPartOf":{"@id":"https:\/\/www.topicfoot.fr\/#website"},"primaryImageOfPage":{"@id":"https:\/\/www.topicfoot.fr\/index.php\/2025\/03\/03\/les-minots-de-lom-quand-la-jeunesse-marseillaise-a-defie-paris\/#primaryimage"},"image":{"@id":"https:\/\/www.topicfoot.fr\/index.php\/2025\/03\/03\/les-minots-de-lom-quand-la-jeunesse-marseillaise-a-defie-paris\/#primaryimage"},"thumbnailUrl":"https:\/\/www.topicfoot.fr\/wp-content\/uploads\/2025\/03\/les-minots-de-l-om-tf04-png.webp","datePublished":"2025-03-03T22:06:34+00:00","dateModified":"2025-03-04T07:53:09+00:00","description":"Une \u00e9quipe compos\u00e9e de jeunes joueurs du club, surnomm\u00e9s \u00ab les minots de l\u2019OM \u00bb, tient t\u00eate au Paris Saint-Germain.","breadcrumb":{"@id":"https:\/\/www.topicfoot.fr\/index.php\/2025\/03\/03\/les-minots-de-lom-quand-la-jeunesse-marseillaise-a-defie-paris\/#breadcrumb"},"inLanguage":"fr-FR","potentialAction":[{"@type":"ReadAction","target":["https:\/\/www.topicfoot.fr\/index.php\/2025\/03\/03\/les-minots-de-lom-quand-la-jeunesse-marseillaise-a-defie-paris\/"]}]},{"@type":"ImageObject","inLanguage":"fr-FR","@id":"https:\/\/www.topicfoot.fr\/index.php\/2025\/03\/03\/les-minots-de-lom-quand-la-jeunesse-marseillaise-a-defie-paris\/#primaryimage","url":"https:\/\/www.topicfoot.fr\/wp-content\/uploads\/2025\/03\/les-minots-de-l-om-tf04-png.webp","contentUrl":"https:\/\/www.topicfoot.fr\/wp-content\/uploads\/2025\/03\/les-minots-de-l-om-tf04-png.webp","width":2186,"height":1258},{"@type":"BreadcrumbList","@id":"https:\/\/www.topicfoot.fr\/index.php\/2025\/03\/03\/les-minots-de-lom-quand-la-jeunesse-marseillaise-a-defie-paris\/#breadcrumb","itemListElement":[{"@type":"ListItem","position":1,"name":"Accueil","item":"https:\/\/www.topicfoot.fr\/"},{"@type":"ListItem","position":2,"name":"Les Minots de l\u2019OM : Quand la jeunesse marseillaise a d\u00e9fi\u00e9 Paris"}]},{"@type":"WebSite","@id":"https:\/\/www.topicfoot.fr\/#website","url":"https:\/\/www.topicfoot.fr\/","name":"Topic Foot","description":"Tous l&#039;univers du Foot !","publisher":{"@id":"https:\/\/www.topicfoot.fr\/#organization"},"potentialAction":[{"@type":"SearchAction","target":{"@type":"EntryPoint","urlTemplate":"https:\/\/www.topicfoot.fr\/?s={search_term_string}"},"query-input":{"@type":"PropertyValueSpecification","valueRequired":true,"valueName":"search_term_string"}}],"inLanguage":"fr-FR"},{"@type":"Organization","@id":"https:\/\/www.topicfoot.fr\/#organization","name":"Topic Foot","url":"https:\/\/www.topicfoot.fr\/","logo":{"@type":"ImageObject","inLanguage":"fr-FR","@id":"https:\/\/www.topicfoot.fr\/#\/schema\/logo\/image\/","url":"https:\/\/www.topicfoot.fr\/wp-content\/uploads\/2024\/04\/cropped-logo-topicfoot-new.jpg","contentUrl":"https:\/\/www.topicfoot.fr\/wp-content\/uploads\/2024\/04\/cropped-logo-topicfoot-new.jpg","width":512,"height":512,"caption":"Topic Foot"},"image":{"@id":"https:\/\/www.topicfoot.fr\/#\/schema\/logo\/image\/"},"sameAs":["https:\/\/www.facebook.com\/topicfoot.fr"]},{"@type":"Person","@id":"https:\/\/www.topicfoot.fr\/#\/schema\/person\/1eec7931a039bea2841d9a1b909338a7","name":"Noa G","image":{"@type":"ImageObject","inLanguage":"fr-FR","@id":"https:\/\/secure.gravatar.com\/avatar\/35544da2504abbd834faa666f50eb919c4fbcb3bd5c1c5f3fcf50113e404bc1c?s=96&d=mm&r=g","url":"https:\/\/secure.gravatar.com\/avatar\/35544da2504abbd834faa666f50eb919c4fbcb3bd5c1c5f3fcf50113e404bc1c?s=96&d=mm&r=g","contentUrl":"https:\/\/secure.gravatar.com\/avatar\/35544da2504abbd834faa666f50eb919c4fbcb3bd5c1c5f3fcf50113e404bc1c?s=96&d=mm&r=g","caption":"Noa G"},"url":"https:\/\/www.topicfoot.fr\/index.php\/author\/florentg\/"}]}},"_links":{"self":[{"href":"https:\/\/www.topicfoot.fr\/index.php\/wp-json\/wp\/v2\/posts\/12650","targetHints":{"allow":["GET"]}}],"collection":[{"href":"https:\/\/www.topicfoot.fr\/index.php\/wp-json\/wp\/v2\/posts"}],"about":[{"href":"https:\/\/www.topicfoot.fr\/index.php\/wp-json\/wp\/v2\/types\/post"}],"author":[{"embeddable":true,"href":"https:\/\/www.topicfoot.fr\/index.php\/wp-json\/wp\/v2\/users\/2"}],"replies":[{"embeddable":true,"href":"https:\/\/www.topicfoot.fr\/index.php\/wp-json\/wp\/v2\/comments?post=12650"}],"version-history":[{"count":0,"href":"https:\/\/www.topicfoot.fr\/index.php\/wp-json\/wp\/v2\/posts\/12650\/revisions"}],"wp:featuredmedia":[{"embeddable":true,"href":"https:\/\/www.topicfoot.fr\/index.php\/wp-json\/wp\/v2\/media\/12651"}],"wp:attachment":[{"href":"https:\/\/www.topicfoot.fr\/index.php\/wp-json\/wp\/v2\/media?parent=12650"}],"wp:term":[{"taxonomy":"category","embeddable":true,"href":"https:\/\/www.topicfoot.fr\/index.php\/wp-json\/wp\/v2\/categories?post=12650"},{"taxonomy":"post_tag","embeddable":true,"href":"https:\/\/www.topicfoot.fr\/index.php\/wp-json\/wp\/v2\/tags?post=12650"},{"taxonomy":"post_folder","embeddable":true,"href":"https:\/\/www.topicfoot.fr\/index.php\/wp-json\/wp\/v2\/post_folder?post=12650"}],"curies":[{"name":"wp","href":"https:\/\/api.w.org\/{rel}","templated":true}]}}