{"id":12660,"date":"2025-03-04T21:47:05","date_gmt":"2025-03-04T20:47:05","guid":{"rendered":"https:\/\/www.topicfoot.fr\/?p=12660"},"modified":"2025-03-04T21:47:13","modified_gmt":"2025-03-04T20:47:13","slug":"football-francais-philippe-diallo-convoque-une-reunion-cruciale","status":"publish","type":"post","link":"https:\/\/www.topicfoot.fr\/index.php\/2025\/03\/04\/football-francais-philippe-diallo-convoque-une-reunion-cruciale\/","title":{"rendered":"Football fran\u00e7ais Philippe Diallo convoque une r\u00e9union cruciale"},"content":{"rendered":"<span class=\"span-reading-time rt-reading-time\" style=\"display: block;\"><span class=\"rt-label rt-prefix\">Temps de lecture\u00a0:  <\/span> <span class=\"rt-time\"> 3<\/span> <span class=\"rt-label rt-postfix\">minutes.  <\/span><\/span>\n<p>Le 3 mars, Philippe Diallo avec la F\u00e9d\u00e9ration Fran\u00e7aise de Football a r\u00e9uni les dirigeants du football professionnel pour r\u00e9pondre aux crises actuelles. Droits TV, finances et gouvernance \u00e9taient au centre des d\u00e9bats. Trois groupes de travail ont \u00e9t\u00e9 cr\u00e9\u00e9s pour proposer des solutions avant la mi-avril.<\/p>\n\n\n<div class=\"wp-block-image\">\n<figure class=\"aligncenter size-large is-resized\"><img loading=\"lazy\" decoding=\"async\" width=\"1024\" height=\"644\" src=\"https:\/\/www.topicfoot.fr\/wp-content\/uploads\/2025\/03\/philippe-diallo-epa-Images-tf-1024x644.webp\" alt=\"Football fran\u00e7ais Philippe Diallo convoque une r\u00e9union cruciale\" class=\"wp-image-12661\" style=\"width:644px;height:auto\" srcset=\"https:\/\/www.topicfoot.fr\/wp-content\/uploads\/2025\/03\/philippe-diallo-epa-Images-tf-1024x644.webp 1024w, https:\/\/www.topicfoot.fr\/wp-content\/uploads\/2025\/03\/philippe-diallo-epa-Images-tf-300x189.webp 300w, https:\/\/www.topicfoot.fr\/wp-content\/uploads\/2025\/03\/philippe-diallo-epa-Images-tf-768x483.webp 768w, https:\/\/www.topicfoot.fr\/wp-content\/uploads\/2025\/03\/philippe-diallo-epa-Images-tf-1536x966.webp 1536w, https:\/\/www.topicfoot.fr\/wp-content\/uploads\/2025\/03\/philippe-diallo-epa-Images-tf.webp 1590w\" sizes=\"auto, (max-width: 1024px) 100vw, 1024px\" \/><\/figure>\n<\/div>\n\n\n<p class=\"has-text-align-center\">Philippe Diallo Cr\u00e9dits : <em>EPA Images<\/em> CC<\/p>\n\n\n\n<h2 class=\"wp-block-heading\">Le football fran\u00e7ais \u00e0 la crois\u00e9e des chemins<\/h2>\n\n\n\n<p>Le football fran\u00e7ais est en difficult\u00e9. Entre une crise des droits TV qui fragilise les clubs et une gouvernance contest\u00e9e, l\u2019heure est aux d\u00e9cisions. Philippe Diallo, pr\u00e9sident de la FFF, a r\u00e9uni l\u2019ensemble des acteurs du football professionnel pour poser les bases d\u2019une refonte. Face \u00e0 l\u2019urgence, la F\u00e9d\u00e9ration veut aller vite. Trois groupes de travail ont \u00e9t\u00e9 constitu\u00e9s pour trouver des solutions en un mois. Mais les tensions sont vives, et le consensus loin d\u2019\u00eatre acquis.<\/p>\n\n\n\n<h2 class=\"wp-block-heading\">Un mod\u00e8le \u00e9conomique \u00e0 bout de souffle<\/h2>\n\n\n\n<p>Les finances des clubs inqui\u00e8tent. Jean-Marc Mickeler, pr\u00e9sident de la DNCG, a averti que si aucune faillite imm\u00e9diate n\u2019\u00e9tait \u00e0 signaler, l\u2019avenir restait incertain. L\u2019OL, en grande difficult\u00e9, risque une rel\u00e9gation administrative s\u2019il ne stabilise pas ses comptes. La crise des droits TV aggrave la situation. Mediapro a laiss\u00e9 un gouffre financier que DAZN et Amazon peinent \u00e0 combler. La LFP a d\u00fb puiser dans ses r\u00e9serves apr\u00e8s un retard de paiement de DAZN en f\u00e9vrier. Vincent Labrune, pr\u00e9sident de la Ligue, a d\u00e9nonc\u00e9 les erreurs pass\u00e9es, pointant du doigt la d\u00e9cision d\u2019\u00e9carter Canal+ au profit de Mediapro en 2020.<\/p>\n\n\n\n<p>Marie Barsacq, ministre des Sports, a insist\u00e9 sur la n\u00e9cessit\u00e9 de diversifier les sources de revenus. Le mod\u00e8le \u00e9conomique bas\u00e9 sur les droits TV et les transferts ne suffit plus. Les clubs doivent explorer d\u2019autres pistes, comme le d\u00e9veloppement du sponsoring, des revenus digitaux et du merchandising.<\/p>\n\n\n\n<h2 class=\"wp-block-heading\">Le fl\u00e9au du piratage<\/h2>\n\n\n\n<p>Le piratage prive les clubs de revenus essentiels. La LFP estime que le streaming ill\u00e9gal fait perdre 130 millions d\u2019euros par an au football fran\u00e7ais. Labrune a appel\u00e9 \u00e0 un durcissement de la l\u00e9gislation, s\u2019inspirant des mesures en Italie et au Royaume-Uni, o\u00f9 des blocages en temps r\u00e9el sont appliqu\u00e9s.<\/p>\n\n\n\n<p>La ministre des Sports s\u2019est engag\u00e9e \u00e0 \u00e9tudier ces solutions, mais le temps presse. Les diffuseurs veulent des garanties avant de s\u2019engager sur de nouveaux contrats. Si la situation ne s\u2019am\u00e9liore pas, la valeur des droits TV pourrait encore chuter lors des prochaines n\u00e9gociations.<\/p>\n\n\n\n<h2 class=\"wp-block-heading\">Une gouvernance sous le feu des critiques<\/h2>\n\n\n\n<p>CVC, le fonds d\u2019investissement qui a inject\u00e9 1,5 milliard d\u2019euros dans la Ligue, a critiqu\u00e9 la gestion du football fran\u00e7ais. Certains pr\u00e9sidents de club ont soutenu cette prise de parole, estimant qu\u2019une refonte \u00e9tait n\u00e9cessaire. D\u2019autres, proches de Vincent Labrune, ont d\u00e9nonc\u00e9 une ing\u00e9rence. CVC plaide pour un meilleur \u00e9quilibre des pouvoirs entre la LFP, la FFF et les clubs.<\/p>\n\n\n\n<p>Cette fracture entre la Ligue et son principal investisseur pourrait compliquer les r\u00e9formes \u00e0 venir. La question d\u2019une gouvernance plus inspir\u00e9e du mod\u00e8le anglais, o\u00f9 les clubs ont un r\u00f4le central, revient sur la table. Mais en France, la FFF joue un r\u00f4le cl\u00e9 dans la r\u00e9gulation du football professionnel, ce qui rend l\u2019\u00e9volution du syst\u00e8me plus complexe.<\/p>\n\n\n\n<h2 class=\"wp-block-heading\">Trois groupes de travail pour trouver des solutions<\/h2>\n\n\n\n<p>Philippe Diallo a annonc\u00e9 la cr\u00e9ation de trois groupes de travail charg\u00e9s de formuler des propositions d\u2019ici avril. Marc Keller (Strasbourg) dirigera celui sur la gouvernance, Baptiste Malherbe (Auxerre) s\u2019occupera de la strat\u00e9gie \u00e9conomique, tandis qu\u2019Ivan Gazidis (Saint-\u00c9tienne) et Damien Comolli (Toulouse) piloteront les r\u00e9flexions sur le contr\u00f4le financier.<\/p>\n\n\n\n<p>Ces groupes devront trancher sur des sujets sensibles : comment r\u00e9former la gestion des droits TV ? Quel r\u00f4le pour la LFP dans la gouvernance du football professionnel ? Faut-il imposer des r\u00e8gles financi\u00e8res plus strictes pour \u00e9viter de nouvelles crises ?<\/p>\n\n\n\n<h2 class=\"wp-block-heading\">Un mois pour convaincre<\/h2>\n\n\n\n<p>Le football fran\u00e7ais n\u2019a plus le luxe d\u2019attendre. Les clubs doivent s\u2019adapter rapidement \u00e0 un environnement \u00e9conomique en mutation. La pression est forte sur la FFF et la LFP pour proposer des solutions viables. Mais ces r\u00e9formes suffiront-elles \u00e0 redonner au championnat de France la stabilit\u00e9 et l\u2019attractivit\u00e9 dont il a tant besoin ?<\/p>\n\n\n\n<!-- Noptin Newsletter Plugin v4.2.2 - https:\/\/wordpress.org\/plugins\/newsletter-optin-box\/ --><div id=\"noptin-form-2__wrapper\" class=\"noptin-optin-main-wrapper noptin-form-id-9842 noptin-inpost-main-wrapper\" aria-labelledby=\"noptin-form-2__title\" ><style>\/*Custom css*\/\n\n.noptin-form-id-9842 .noptin-optin-form-wrapper .noptin-optin-form.noptin-form-single-line .noptin-form-submit{\n\tborder-radius: 30px;\n}\n\n@media only screen and (min-width: 768px) {\n\n\t.noptin-form-id-9842 .noptin-optin-form-wrapper .noptin-optin-form.noptin-form-single-line .noptin-form-submit{\n\t\tposition: absolute;\n\t\tbottom: -1px;\n\t\ttop: 0;\n\t\tright: 0px;\n\t}\n\n}\n\n.noptin-form-id-9842 .noptin-optin-form-wrapper .noptin-form-single-line .noptin-form-field{\n \tborder-radius: 30px !important;\n\tborder: none !important;\n} #noptin-form-2__wrapper {--noptin-background-color: #424242; --noptin-border-color: #424242; --noptin-button-color: #607D8B; --noptin-button-text-color: #fafafa; --noptin-title-color: #fafafa; --noptin-description-color: #fafafa; --noptin-prefix-color: #607d8b; --noptin-note-color: #fafafa;}<\/style><div style=\"max-width:620px; min-height:280px;border-color: #424242;\" class=\"noptin-optin-form-wrapper no-image\" ><!-- Form ID: 9842 --><form id=\"noptin-form-2\" class=\"noptin-optin-form noptin-form-single-line noptin-label-hide noptin-form-2\" method=\"post\" novalidate >\t\t\t\t\t<div class=\"noptin-form-header noptin-img-left\">\n\t\t\t\t\t\t\t\t\t\t\t\t<div class=\"noptin-form-header-text\">\n\n\t\t\t\t\t\t\t\t\t\t\t\t\t\t\t<div style=\"color: #607d8b;font-size: 20px; font-weight: 500; line-height: 1.3;\" class=\"noptin-form-prefix\">\n\t\t\t\t\t\t\t\t\t\t\t\t\t\t\t\t\t<\/div>\n\t\t\t\t\t\t\t\n\t\t\t\t\t\t\t\t\t\t\t\t\t\t\t<div style=\"color: #fafafa;font-size: 20px; font-weight: 700; line-height: 1.5;\" class=\"noptin-form-heading\">\n\t\t\t\t\t\t\t\t\tAbonnez-vous \u00e0 TopicFoot\t\t\t\t\t\t\t\t<\/div>\n\t\t\t\t\t\t\t\n\t\t\t\t\t\t\t\t\t\t\t\t\t\t\t<div style=\"color: #fafafa;font-size: 16px; font-weight: 500; line-height: 1.5;\" class=\"noptin-form-description\">\n\t\t\t\t\t\t\t\t\tEntrez votre Mail pour recevoir nos derniers articles.\t\t\t\t\t\t\t\t<\/div>\n\t\t\t\t\t\t\t\n\t\t\t\t\t\t<\/div>\n\t\t\t\t\t\t\n\t\t\t\t\t\t\t\t\t\t\t\t\t<div class=\"noptin-form-header-image\">\n\t\t\t\t\t\t\t\t<img decoding=\"async\" alt=\"icon\" src=\"https:\/\/www.topicfoot.fr\/wp-content\/plugins\/newsletter-optin-box\/includes\/assets\/images\/email-icon.png\" \/>\n\t\t\t\t\t\t\t<\/div>\n\t\t\t\t\t\t\n\t\t\t\t\t<\/div>\n\t\t\t\t<div class=\"noptin-form-footer\"><div class=\"noptin-form-fields\">\t\t\t<div class=\"noptin-form-field-wrapper noptin-form-field-email noptin-optin-field-wrapper noptin-optin-field-email\" id=\"noptin-form-2__field-email--wrapper\" >\n\t\t<div class=\"noptin-field-email\">\n\t\t\t<label class=\"noptin-label\" for=\"noptin-form-2__field-email\">Adresse Mail<\/label>\n\t\t\t<input name=\"noptin_fields[email]\" id=\"noptin-form-2__field-email\" type=\"email\" class=\"noptin-text noptin-form-field noptin-form-field__email noptin-form-field__has-no-placeholder\" placeholder=\"Adresse Mail\" required \/>\n\n\t\t<\/div><\/div>\t\t\t<div class=\"noptin-form-field-wrapper noptin-form-field- noptin-optin-field-wrapper noptin-optin-field-\" id=\"noptin-form-2__field---wrapper\" >\n\t\t<\/div>\t\t\t<div class=\"noptin-form-field-wrapper noptin-form-field-submit noptin-optin-field-wrapper noptin-optin-field-submit\" >\n\t\t\n\t\t\t<input type=\"submit\" id=\"noptin-form-2__submit\" class=\"noptin-form-submit btn button btn-primary button-primary wp-element-button\" name=\"noptin-submit\" value=\"Abonnez-vous\" style=\"background-color: #607D8B;color: #fafafa;\"  \/>\n\n\t\t<\/div><\/div>\t\t\t\t\t\t<div class=\"noptin-form-notice noptin-response\" role=\"alert\"><\/div>\n\t\t\t<\/div>\n\t\t\t<input type=\"hidden\" name=\"noptin_element_id\" value=\"2\" \/><input type=\"hidden\" name=\"source\" value=\"9842\" \/><input type=\"hidden\" name=\"form_action\" value=\"subscribe\" \/><input type=\"hidden\" name=\"noptin-config\" value=\"geVp3bmVsS.Bejx5F7hyheCZeasGrk6UoV7mPwUKzeAj_J_jRQjYkLtSn67MwIeo\" \/><input type=\"hidden\" name=\"noptin_form_id\" value=\"9842\" \/><\/form><\/div><!-- \/Form ID: 9842 --><\/div><!-- \/ Noptin Newsletter Plugin -->\n\n\n\n<p>Voir aussi notre article sur :\u00a0<a href=\"https:\/\/www.topicfoot.fr\/index.php\/2025\/02\/23\/guerre-des-droits-tv-en-ligue-1-la-reunion-explosive-de-juillet\/\">Guerre des Droits TV en Ligue 1 : La R\u00e9union Explosive de juillet<\/a><\/p>\n\n\n\n<figure class=\"wp-block-embed is-type-wp-embed is-provider-topic-foot wp-block-embed-topic-foot\"><div class=\"wp-block-embed__wrapper\">\n<blockquote class=\"wp-embedded-content\" data-secret=\"L8HQJYr229\"><a href=\"https:\/\/www.topicfoot.fr\/index.php\/2025\/02\/23\/guerre-des-droits-tv-en-ligue-1-la-reunion-explosive-de-juillet\/\">Guerre des Droits TV en Ligue 1 : La R\u00e9union Explosive de juillet<\/a><\/blockquote><iframe loading=\"lazy\" class=\"wp-embedded-content\" sandbox=\"allow-scripts\" security=\"restricted\" style=\"position: absolute; visibility: hidden;\" title=\"\u00ab\u00a0Guerre des Droits TV en Ligue 1 : La R\u00e9union Explosive de juillet\u00a0\u00bb &#8212; Topic Foot\" src=\"https:\/\/www.topicfoot.fr\/index.php\/2025\/02\/23\/guerre-des-droits-tv-en-ligue-1-la-reunion-explosive-de-juillet\/embed\/#?secret=mws5qRbhOF#?secret=L8HQJYr229\" data-secret=\"L8HQJYr229\" width=\"500\" height=\"282\" frameborder=\"0\" marginwidth=\"0\" marginheight=\"0\" scrolling=\"no\"><\/iframe>\n<\/div><\/figure>\n","protected":false},"excerpt":{"rendered":"<div class=\"mh-excerpt\">Le 3 mars, Philippe Diallo avec la F\u00e9d\u00e9ration Fran\u00e7aise de Football a r\u00e9uni les dirigeants du football professionnel pour r\u00e9pondre aux crises actuelles.<\/div>\n<p> <a class=\"mh-excerpt-more\" href=\"https:\/\/www.topicfoot.fr\/index.php\/2025\/03\/04\/football-francais-philippe-diallo-convoque-une-reunion-cruciale\/\" title=\"Football fran\u00e7ais Philippe Diallo convoque une r\u00e9union cruciale\">[&#8230;]<\/a><\/p>\n","protected":false},"author":1,"featured_media":12661,"comment_status":"closed","ping_status":"open","sticky":false,"template":"","format":"standard","meta":{"footnotes":""},"categories":[32,138,31],"tags":[],"post_folder":[],"class_list":{"0":"post-12660","1":"post","2":"type-post","3":"status-publish","4":"format-standard","5":"has-post-thumbnail","7":"category-droits-tv","8":"category-lfp","9":"category-toutes-les-categories"},"yoast_head":"<!-- This site is optimized with the Yoast SEO plugin v27.4 - https:\/\/yoast.com\/product\/yoast-seo-wordpress\/ -->\n<title>Football fran\u00e7ais Philippe Diallo convoque une r\u00e9union cruciale<\/title>\n<meta name=\"description\" content=\"Le 3 mars, Philippe Diallo avec la F\u00e9d\u00e9ration Fran\u00e7aise de Football a r\u00e9uni les dirigeants du football professionnel pour r\u00e9pondre\" \/>\n<meta name=\"robots\" content=\"index, follow, max-snippet:-1, max-image-preview:large, max-video-preview:-1\" \/>\n<link rel=\"canonical\" href=\"https:\/\/www.topicfoot.fr\/index.php\/2025\/03\/04\/football-francais-philippe-diallo-convoque-une-reunion-cruciale\/\" \/>\n<meta property=\"og:locale\" content=\"fr_FR\" \/>\n<meta property=\"og:type\" content=\"article\" \/>\n<meta property=\"og:title\" content=\"Football fran\u00e7ais Philippe Diallo convoque une r\u00e9union cruciale\" \/>\n<meta property=\"og:description\" content=\"Le 3 mars, Philippe Diallo avec la F\u00e9d\u00e9ration Fran\u00e7aise de Football a r\u00e9uni les dirigeants du football professionnel pour r\u00e9pondre\" \/>\n<meta property=\"og:url\" content=\"https:\/\/www.topicfoot.fr\/index.php\/2025\/03\/04\/football-francais-philippe-diallo-convoque-une-reunion-cruciale\/\" \/>\n<meta property=\"og:site_name\" content=\"Topic Foot\" \/>\n<meta property=\"article:publisher\" content=\"https:\/\/www.facebook.com\/topicfoot.fr\" \/>\n<meta property=\"article:published_time\" content=\"2025-03-04T20:47:05+00:00\" \/>\n<meta property=\"article:modified_time\" content=\"2025-03-04T20:47:13+00:00\" \/>\n<meta property=\"og:image\" content=\"https:\/\/www.topicfoot.fr\/wp-content\/uploads\/2025\/03\/philippe-diallo-epa-Images-tf.webp\" \/>\n\t<meta property=\"og:image:width\" content=\"1590\" \/>\n\t<meta property=\"og:image:height\" content=\"1000\" \/>\n\t<meta property=\"og:image:type\" content=\"image\/webp\" \/>\n<meta name=\"author\" content=\"Florent G\" \/>\n<meta name=\"twitter:card\" content=\"summary_large_image\" \/>\n<meta name=\"twitter:label1\" content=\"\u00c9crit par\" \/>\n\t<meta name=\"twitter:data1\" content=\"Florent G\" \/>\n\t<meta name=\"twitter:label2\" content=\"Dur\u00e9e de lecture estim\u00e9e\" \/>\n\t<meta name=\"twitter:data2\" content=\"4 minutes\" \/>\n<script type=\"application\/ld+json\" class=\"yoast-schema-graph\">{\"@context\":\"https:\\\/\\\/schema.org\",\"@graph\":[{\"@type\":\"Article\",\"@id\":\"https:\\\/\\\/www.topicfoot.fr\\\/index.php\\\/2025\\\/03\\\/04\\\/football-francais-philippe-diallo-convoque-une-reunion-cruciale\\\/#article\",\"isPartOf\":{\"@id\":\"https:\\\/\\\/www.topicfoot.fr\\\/index.php\\\/2025\\\/03\\\/04\\\/football-francais-philippe-diallo-convoque-une-reunion-cruciale\\\/\"},\"author\":{\"name\":\"Florent G\",\"@id\":\"https:\\\/\\\/www.topicfoot.fr\\\/#\\\/schema\\\/person\\\/e11785565f6247f9acd9d5b796ec4d62\"},\"headline\":\"Football fran\u00e7ais Philippe Diallo convoque une r\u00e9union cruciale\",\"datePublished\":\"2025-03-04T20:47:05+00:00\",\"dateModified\":\"2025-03-04T20:47:13+00:00\",\"mainEntityOfPage\":{\"@id\":\"https:\\\/\\\/www.topicfoot.fr\\\/index.php\\\/2025\\\/03\\\/04\\\/football-francais-philippe-diallo-convoque-une-reunion-cruciale\\\/\"},\"wordCount\":785,\"publisher\":{\"@id\":\"https:\\\/\\\/www.topicfoot.fr\\\/#organization\"},\"image\":{\"@id\":\"https:\\\/\\\/www.topicfoot.fr\\\/index.php\\\/2025\\\/03\\\/04\\\/football-francais-philippe-diallo-convoque-une-reunion-cruciale\\\/#primaryimage\"},\"thumbnailUrl\":\"https:\\\/\\\/www.topicfoot.fr\\\/wp-content\\\/uploads\\\/2025\\\/03\\\/philippe-diallo-epa-Images-tf.webp\",\"articleSection\":[\"Droits TV du football : revenus et redistribution\",\"LFP : droits TV, redistribution et finances des clubs\",\"Toutes les cat\u00e9gories\"],\"inLanguage\":\"fr-FR\"},{\"@type\":\"WebPage\",\"@id\":\"https:\\\/\\\/www.topicfoot.fr\\\/index.php\\\/2025\\\/03\\\/04\\\/football-francais-philippe-diallo-convoque-une-reunion-cruciale\\\/\",\"url\":\"https:\\\/\\\/www.topicfoot.fr\\\/index.php\\\/2025\\\/03\\\/04\\\/football-francais-philippe-diallo-convoque-une-reunion-cruciale\\\/\",\"name\":\"Football fran\u00e7ais Philippe Diallo convoque une r\u00e9union cruciale\",\"isPartOf\":{\"@id\":\"https:\\\/\\\/www.topicfoot.fr\\\/#website\"},\"primaryImageOfPage\":{\"@id\":\"https:\\\/\\\/www.topicfoot.fr\\\/index.php\\\/2025\\\/03\\\/04\\\/football-francais-philippe-diallo-convoque-une-reunion-cruciale\\\/#primaryimage\"},\"image\":{\"@id\":\"https:\\\/\\\/www.topicfoot.fr\\\/index.php\\\/2025\\\/03\\\/04\\\/football-francais-philippe-diallo-convoque-une-reunion-cruciale\\\/#primaryimage\"},\"thumbnailUrl\":\"https:\\\/\\\/www.topicfoot.fr\\\/wp-content\\\/uploads\\\/2025\\\/03\\\/philippe-diallo-epa-Images-tf.webp\",\"datePublished\":\"2025-03-04T20:47:05+00:00\",\"dateModified\":\"2025-03-04T20:47:13+00:00\",\"description\":\"Le 3 mars, Philippe Diallo avec la F\u00e9d\u00e9ration Fran\u00e7aise de Football a r\u00e9uni les dirigeants du football professionnel pour r\u00e9pondre\",\"breadcrumb\":{\"@id\":\"https:\\\/\\\/www.topicfoot.fr\\\/index.php\\\/2025\\\/03\\\/04\\\/football-francais-philippe-diallo-convoque-une-reunion-cruciale\\\/#breadcrumb\"},\"inLanguage\":\"fr-FR\",\"potentialAction\":[{\"@type\":\"ReadAction\",\"target\":[\"https:\\\/\\\/www.topicfoot.fr\\\/index.php\\\/2025\\\/03\\\/04\\\/football-francais-philippe-diallo-convoque-une-reunion-cruciale\\\/\"]}]},{\"@type\":\"ImageObject\",\"inLanguage\":\"fr-FR\",\"@id\":\"https:\\\/\\\/www.topicfoot.fr\\\/index.php\\\/2025\\\/03\\\/04\\\/football-francais-philippe-diallo-convoque-une-reunion-cruciale\\\/#primaryimage\",\"url\":\"https:\\\/\\\/www.topicfoot.fr\\\/wp-content\\\/uploads\\\/2025\\\/03\\\/philippe-diallo-epa-Images-tf.webp\",\"contentUrl\":\"https:\\\/\\\/www.topicfoot.fr\\\/wp-content\\\/uploads\\\/2025\\\/03\\\/philippe-diallo-epa-Images-tf.webp\",\"width\":1590,\"height\":1000},{\"@type\":\"BreadcrumbList\",\"@id\":\"https:\\\/\\\/www.topicfoot.fr\\\/index.php\\\/2025\\\/03\\\/04\\\/football-francais-philippe-diallo-convoque-une-reunion-cruciale\\\/#breadcrumb\",\"itemListElement\":[{\"@type\":\"ListItem\",\"position\":1,\"name\":\"Accueil\",\"item\":\"https:\\\/\\\/www.topicfoot.fr\\\/\"},{\"@type\":\"ListItem\",\"position\":2,\"name\":\"Football fran\u00e7ais Philippe Diallo convoque une r\u00e9union cruciale\"}]},{\"@type\":\"WebSite\",\"@id\":\"https:\\\/\\\/www.topicfoot.fr\\\/#website\",\"url\":\"https:\\\/\\\/www.topicfoot.fr\\\/\",\"name\":\"Topic Foot\",\"description\":\"Tous l&#039;univers du Foot !\",\"publisher\":{\"@id\":\"https:\\\/\\\/www.topicfoot.fr\\\/#organization\"},\"potentialAction\":[{\"@type\":\"SearchAction\",\"target\":{\"@type\":\"EntryPoint\",\"urlTemplate\":\"https:\\\/\\\/www.topicfoot.fr\\\/?s={search_term_string}\"},\"query-input\":{\"@type\":\"PropertyValueSpecification\",\"valueRequired\":true,\"valueName\":\"search_term_string\"}}],\"inLanguage\":\"fr-FR\"},{\"@type\":\"Organization\",\"@id\":\"https:\\\/\\\/www.topicfoot.fr\\\/#organization\",\"name\":\"Topic Foot\",\"url\":\"https:\\\/\\\/www.topicfoot.fr\\\/\",\"logo\":{\"@type\":\"ImageObject\",\"inLanguage\":\"fr-FR\",\"@id\":\"https:\\\/\\\/www.topicfoot.fr\\\/#\\\/schema\\\/logo\\\/image\\\/\",\"url\":\"https:\\\/\\\/www.topicfoot.fr\\\/wp-content\\\/uploads\\\/2024\\\/04\\\/cropped-logo-topicfoot-new.jpg\",\"contentUrl\":\"https:\\\/\\\/www.topicfoot.fr\\\/wp-content\\\/uploads\\\/2024\\\/04\\\/cropped-logo-topicfoot-new.jpg\",\"width\":512,\"height\":512,\"caption\":\"Topic Foot\"},\"image\":{\"@id\":\"https:\\\/\\\/www.topicfoot.fr\\\/#\\\/schema\\\/logo\\\/image\\\/\"},\"sameAs\":[\"https:\\\/\\\/www.facebook.com\\\/topicfoot.fr\"]},{\"@type\":\"Person\",\"@id\":\"https:\\\/\\\/www.topicfoot.fr\\\/#\\\/schema\\\/person\\\/e11785565f6247f9acd9d5b796ec4d62\",\"name\":\"Florent G\",\"image\":{\"@type\":\"ImageObject\",\"inLanguage\":\"fr-FR\",\"@id\":\"https:\\\/\\\/secure.gravatar.com\\\/avatar\\\/1bb7e359942e0285fca3d40822ea6bdc74a98b7975407bfdf34b5a511f2155da?s=96&d=mm&r=g\",\"url\":\"https:\\\/\\\/secure.gravatar.com\\\/avatar\\\/1bb7e359942e0285fca3d40822ea6bdc74a98b7975407bfdf34b5a511f2155da?s=96&d=mm&r=g\",\"contentUrl\":\"https:\\\/\\\/secure.gravatar.com\\\/avatar\\\/1bb7e359942e0285fca3d40822ea6bdc74a98b7975407bfdf34b5a511f2155da?s=96&d=mm&r=g\",\"caption\":\"Florent G\"},\"description\":\"Je m'appelle Florent et je suis le cr\u00e9ateur de Topicfoot, un projet n\u00e9 de ma conviction que le football m\u00e9rite une couverture m\u00e9diatique de qualit\u00e9, ancr\u00e9e dans les faits et enrichie par l'analyse. Passionn\u00e9 de journalisme, j'ai toujours \u00e9t\u00e9 fascin\u00e9 par le sport comme r\u00e9v\u00e9lateur de soci\u00e9t\u00e9s. Mais c'est surtout l'explosion des donn\u00e9es et des nouvelles technologies dans le football qui m'a pouss\u00e9 \u00e0 lancer Topicfoot : statistiques avanc\u00e9es, mod\u00e8les pr\u00e9dictifs, analyse vid\u00e9o intelligente, impact des r\u00e9seaux sociaux sur les carri\u00e8res des joueurs. J'adore creuser ces th\u00e9matiques o\u00f9 les chiffres racontent une histoire que les yeux seuls ne voient pas. Au-del\u00e0 de la r\u00e9daction, je suis responsable de la ligne \u00e9ditoriale de Topicfoot et de sa strat\u00e9gie num\u00e9rique. Je crois que le journalisme sportif doit allier rigueur journalistique et innovation technologique pour offrir aux lecteurs une exp\u00e9rience moderne et approfondie. Nous couvrons les grands \u00e9v\u00e9nements du football europ\u00e9en et nous explorons comment les clubs utilisent les donn\u00e9es pour transformer leur organisation. Pour moi, Topicfoot, c'est la promesse d'un football mieux compris.\",\"sameAs\":[\"https:\\\/\\\/www.topicfoot.fr\"],\"url\":\"https:\\\/\\\/www.topicfoot.fr\\\/index.php\\\/author\\\/vitrindunet\\\/\"}]}<\/script>\n<!-- \/ Yoast SEO plugin. -->","yoast_head_json":{"title":"Football fran\u00e7ais Philippe Diallo convoque une r\u00e9union cruciale","description":"Le 3 mars, Philippe Diallo avec la F\u00e9d\u00e9ration Fran\u00e7aise de Football a r\u00e9uni les dirigeants du football professionnel pour r\u00e9pondre","robots":{"index":"index","follow":"follow","max-snippet":"max-snippet:-1","max-image-preview":"max-image-preview:large","max-video-preview":"max-video-preview:-1"},"canonical":"https:\/\/www.topicfoot.fr\/index.php\/2025\/03\/04\/football-francais-philippe-diallo-convoque-une-reunion-cruciale\/","og_locale":"fr_FR","og_type":"article","og_title":"Football fran\u00e7ais Philippe Diallo convoque une r\u00e9union cruciale","og_description":"Le 3 mars, Philippe Diallo avec la F\u00e9d\u00e9ration Fran\u00e7aise de Football a r\u00e9uni les dirigeants du football professionnel pour r\u00e9pondre","og_url":"https:\/\/www.topicfoot.fr\/index.php\/2025\/03\/04\/football-francais-philippe-diallo-convoque-une-reunion-cruciale\/","og_site_name":"Topic Foot","article_publisher":"https:\/\/www.facebook.com\/topicfoot.fr","article_published_time":"2025-03-04T20:47:05+00:00","article_modified_time":"2025-03-04T20:47:13+00:00","og_image":[{"width":1590,"height":1000,"url":"https:\/\/www.topicfoot.fr\/wp-content\/uploads\/2025\/03\/philippe-diallo-epa-Images-tf.webp","type":"image\/webp"}],"author":"Florent G","twitter_card":"summary_large_image","twitter_misc":{"\u00c9crit par":"Florent G","Dur\u00e9e de lecture estim\u00e9e":"4 minutes"},"schema":{"@context":"https:\/\/schema.org","@graph":[{"@type":"Article","@id":"https:\/\/www.topicfoot.fr\/index.php\/2025\/03\/04\/football-francais-philippe-diallo-convoque-une-reunion-cruciale\/#article","isPartOf":{"@id":"https:\/\/www.topicfoot.fr\/index.php\/2025\/03\/04\/football-francais-philippe-diallo-convoque-une-reunion-cruciale\/"},"author":{"name":"Florent G","@id":"https:\/\/www.topicfoot.fr\/#\/schema\/person\/e11785565f6247f9acd9d5b796ec4d62"},"headline":"Football fran\u00e7ais Philippe Diallo convoque une r\u00e9union cruciale","datePublished":"2025-03-04T20:47:05+00:00","dateModified":"2025-03-04T20:47:13+00:00","mainEntityOfPage":{"@id":"https:\/\/www.topicfoot.fr\/index.php\/2025\/03\/04\/football-francais-philippe-diallo-convoque-une-reunion-cruciale\/"},"wordCount":785,"publisher":{"@id":"https:\/\/www.topicfoot.fr\/#organization"},"image":{"@id":"https:\/\/www.topicfoot.fr\/index.php\/2025\/03\/04\/football-francais-philippe-diallo-convoque-une-reunion-cruciale\/#primaryimage"},"thumbnailUrl":"https:\/\/www.topicfoot.fr\/wp-content\/uploads\/2025\/03\/philippe-diallo-epa-Images-tf.webp","articleSection":["Droits TV du football : revenus et redistribution","LFP : droits TV, redistribution et finances des clubs","Toutes les cat\u00e9gories"],"inLanguage":"fr-FR"},{"@type":"WebPage","@id":"https:\/\/www.topicfoot.fr\/index.php\/2025\/03\/04\/football-francais-philippe-diallo-convoque-une-reunion-cruciale\/","url":"https:\/\/www.topicfoot.fr\/index.php\/2025\/03\/04\/football-francais-philippe-diallo-convoque-une-reunion-cruciale\/","name":"Football fran\u00e7ais Philippe Diallo convoque une r\u00e9union cruciale","isPartOf":{"@id":"https:\/\/www.topicfoot.fr\/#website"},"primaryImageOfPage":{"@id":"https:\/\/www.topicfoot.fr\/index.php\/2025\/03\/04\/football-francais-philippe-diallo-convoque-une-reunion-cruciale\/#primaryimage"},"image":{"@id":"https:\/\/www.topicfoot.fr\/index.php\/2025\/03\/04\/football-francais-philippe-diallo-convoque-une-reunion-cruciale\/#primaryimage"},"thumbnailUrl":"https:\/\/www.topicfoot.fr\/wp-content\/uploads\/2025\/03\/philippe-diallo-epa-Images-tf.webp","datePublished":"2025-03-04T20:47:05+00:00","dateModified":"2025-03-04T20:47:13+00:00","description":"Le 3 mars, Philippe Diallo avec la F\u00e9d\u00e9ration Fran\u00e7aise de Football a r\u00e9uni les dirigeants du football professionnel pour r\u00e9pondre","breadcrumb":{"@id":"https:\/\/www.topicfoot.fr\/index.php\/2025\/03\/04\/football-francais-philippe-diallo-convoque-une-reunion-cruciale\/#breadcrumb"},"inLanguage":"fr-FR","potentialAction":[{"@type":"ReadAction","target":["https:\/\/www.topicfoot.fr\/index.php\/2025\/03\/04\/football-francais-philippe-diallo-convoque-une-reunion-cruciale\/"]}]},{"@type":"ImageObject","inLanguage":"fr-FR","@id":"https:\/\/www.topicfoot.fr\/index.php\/2025\/03\/04\/football-francais-philippe-diallo-convoque-une-reunion-cruciale\/#primaryimage","url":"https:\/\/www.topicfoot.fr\/wp-content\/uploads\/2025\/03\/philippe-diallo-epa-Images-tf.webp","contentUrl":"https:\/\/www.topicfoot.fr\/wp-content\/uploads\/2025\/03\/philippe-diallo-epa-Images-tf.webp","width":1590,"height":1000},{"@type":"BreadcrumbList","@id":"https:\/\/www.topicfoot.fr\/index.php\/2025\/03\/04\/football-francais-philippe-diallo-convoque-une-reunion-cruciale\/#breadcrumb","itemListElement":[{"@type":"ListItem","position":1,"name":"Accueil","item":"https:\/\/www.topicfoot.fr\/"},{"@type":"ListItem","position":2,"name":"Football fran\u00e7ais Philippe Diallo convoque une r\u00e9union cruciale"}]},{"@type":"WebSite","@id":"https:\/\/www.topicfoot.fr\/#website","url":"https:\/\/www.topicfoot.fr\/","name":"Topic Foot","description":"Tous l&#039;univers du Foot !","publisher":{"@id":"https:\/\/www.topicfoot.fr\/#organization"},"potentialAction":[{"@type":"SearchAction","target":{"@type":"EntryPoint","urlTemplate":"https:\/\/www.topicfoot.fr\/?s={search_term_string}"},"query-input":{"@type":"PropertyValueSpecification","valueRequired":true,"valueName":"search_term_string"}}],"inLanguage":"fr-FR"},{"@type":"Organization","@id":"https:\/\/www.topicfoot.fr\/#organization","name":"Topic Foot","url":"https:\/\/www.topicfoot.fr\/","logo":{"@type":"ImageObject","inLanguage":"fr-FR","@id":"https:\/\/www.topicfoot.fr\/#\/schema\/logo\/image\/","url":"https:\/\/www.topicfoot.fr\/wp-content\/uploads\/2024\/04\/cropped-logo-topicfoot-new.jpg","contentUrl":"https:\/\/www.topicfoot.fr\/wp-content\/uploads\/2024\/04\/cropped-logo-topicfoot-new.jpg","width":512,"height":512,"caption":"Topic Foot"},"image":{"@id":"https:\/\/www.topicfoot.fr\/#\/schema\/logo\/image\/"},"sameAs":["https:\/\/www.facebook.com\/topicfoot.fr"]},{"@type":"Person","@id":"https:\/\/www.topicfoot.fr\/#\/schema\/person\/e11785565f6247f9acd9d5b796ec4d62","name":"Florent G","image":{"@type":"ImageObject","inLanguage":"fr-FR","@id":"https:\/\/secure.gravatar.com\/avatar\/1bb7e359942e0285fca3d40822ea6bdc74a98b7975407bfdf34b5a511f2155da?s=96&d=mm&r=g","url":"https:\/\/secure.gravatar.com\/avatar\/1bb7e359942e0285fca3d40822ea6bdc74a98b7975407bfdf34b5a511f2155da?s=96&d=mm&r=g","contentUrl":"https:\/\/secure.gravatar.com\/avatar\/1bb7e359942e0285fca3d40822ea6bdc74a98b7975407bfdf34b5a511f2155da?s=96&d=mm&r=g","caption":"Florent G"},"description":"Je m'appelle Florent et je suis le cr\u00e9ateur de Topicfoot, un projet n\u00e9 de ma conviction que le football m\u00e9rite une couverture m\u00e9diatique de qualit\u00e9, ancr\u00e9e dans les faits et enrichie par l'analyse. Passionn\u00e9 de journalisme, j'ai toujours \u00e9t\u00e9 fascin\u00e9 par le sport comme r\u00e9v\u00e9lateur de soci\u00e9t\u00e9s. Mais c'est surtout l'explosion des donn\u00e9es et des nouvelles technologies dans le football qui m'a pouss\u00e9 \u00e0 lancer Topicfoot : statistiques avanc\u00e9es, mod\u00e8les pr\u00e9dictifs, analyse vid\u00e9o intelligente, impact des r\u00e9seaux sociaux sur les carri\u00e8res des joueurs. J'adore creuser ces th\u00e9matiques o\u00f9 les chiffres racontent une histoire que les yeux seuls ne voient pas. Au-del\u00e0 de la r\u00e9daction, je suis responsable de la ligne \u00e9ditoriale de Topicfoot et de sa strat\u00e9gie num\u00e9rique. Je crois que le journalisme sportif doit allier rigueur journalistique et innovation technologique pour offrir aux lecteurs une exp\u00e9rience moderne et approfondie. Nous couvrons les grands \u00e9v\u00e9nements du football europ\u00e9en et nous explorons comment les clubs utilisent les donn\u00e9es pour transformer leur organisation. Pour moi, Topicfoot, c'est la promesse d'un football mieux compris.","sameAs":["https:\/\/www.topicfoot.fr"],"url":"https:\/\/www.topicfoot.fr\/index.php\/author\/vitrindunet\/"}]}},"_links":{"self":[{"href":"https:\/\/www.topicfoot.fr\/index.php\/wp-json\/wp\/v2\/posts\/12660","targetHints":{"allow":["GET"]}}],"collection":[{"href":"https:\/\/www.topicfoot.fr\/index.php\/wp-json\/wp\/v2\/posts"}],"about":[{"href":"https:\/\/www.topicfoot.fr\/index.php\/wp-json\/wp\/v2\/types\/post"}],"author":[{"embeddable":true,"href":"https:\/\/www.topicfoot.fr\/index.php\/wp-json\/wp\/v2\/users\/1"}],"replies":[{"embeddable":true,"href":"https:\/\/www.topicfoot.fr\/index.php\/wp-json\/wp\/v2\/comments?post=12660"}],"version-history":[{"count":0,"href":"https:\/\/www.topicfoot.fr\/index.php\/wp-json\/wp\/v2\/posts\/12660\/revisions"}],"wp:featuredmedia":[{"embeddable":true,"href":"https:\/\/www.topicfoot.fr\/index.php\/wp-json\/wp\/v2\/media\/12661"}],"wp:attachment":[{"href":"https:\/\/www.topicfoot.fr\/index.php\/wp-json\/wp\/v2\/media?parent=12660"}],"wp:term":[{"taxonomy":"category","embeddable":true,"href":"https:\/\/www.topicfoot.fr\/index.php\/wp-json\/wp\/v2\/categories?post=12660"},{"taxonomy":"post_tag","embeddable":true,"href":"https:\/\/www.topicfoot.fr\/index.php\/wp-json\/wp\/v2\/tags?post=12660"},{"taxonomy":"post_folder","embeddable":true,"href":"https:\/\/www.topicfoot.fr\/index.php\/wp-json\/wp\/v2\/post_folder?post=12660"}],"curies":[{"name":"wp","href":"https:\/\/api.w.org\/{rel}","templated":true}]}}