{"id":13057,"date":"2025-03-20T17:26:04","date_gmt":"2025-03-20T16:26:04","guid":{"rendered":"https:\/\/www.topicfoot.fr\/?p=13057"},"modified":"2025-03-20T17:26:13","modified_gmt":"2025-03-20T16:26:13","slug":"proposition-de-loi-de-laurent-lafon-et-michel-savin-pour-le-foot-professionnel","status":"publish","type":"post","link":"https:\/\/www.topicfoot.fr\/index.php\/2025\/03\/20\/proposition-de-loi-de-laurent-lafon-et-michel-savin-pour-le-foot-professionnel\/","title":{"rendered":"Proposition de loi de Laurent Lafon et Michel Savin pour le foot professionnel"},"content":{"rendered":"<span class=\"span-reading-time rt-reading-time\" style=\"display: block;\"><span class=\"rt-label rt-prefix\">Temps de lecture\u00a0:  <\/span> <span class=\"rt-time\"> 4<\/span> <span class=\"rt-label rt-postfix\">minutes.  <\/span><\/span>\n<p>Proposition de loi de Laurent Lafon et Michel Savin pour le football professionnel.  Une proposition de loi pour redresser un secteur en crise<\/p>\n\n\n<div class=\"wp-block-image\">\n<figure class=\"aligncenter size-full is-resized\"><img loading=\"lazy\" decoding=\"async\" width=\"1024\" height=\"576\" src=\"https:\/\/www.topicfoot.fr\/wp-content\/uploads\/2025\/03\/fff-lfp-tf.webp\" alt=\"Proposition de loi de Laurent Lafon et Michel Savin pour le foot professionnel\" class=\"wp-image-13060\" style=\"width:527px;height:auto\" srcset=\"https:\/\/www.topicfoot.fr\/wp-content\/uploads\/2025\/03\/fff-lfp-tf.webp 1024w, https:\/\/www.topicfoot.fr\/wp-content\/uploads\/2025\/03\/fff-lfp-tf-300x169.webp 300w, https:\/\/www.topicfoot.fr\/wp-content\/uploads\/2025\/03\/fff-lfp-tf-768x432.webp 768w, https:\/\/www.topicfoot.fr\/wp-content\/uploads\/2025\/03\/fff-lfp-tf-678x381.webp 678w\" sizes=\"auto, (max-width: 1024px) 100vw, 1024px\" \/><\/figure>\n<\/div>\n\n\n<p>Le football professionnel en France traverse une p\u00e9riode difficile. Entre d\u00e9rives financi\u00e8res, piratage des droits t\u00e9l\u00e9vis\u00e9s et conflits d\u2019int\u00e9r\u00eats, le syst\u00e8me montre de plus en plus ses limites. Les d\u00e9put\u00e9s Laurent Lafon et Michel Savin ont donc d\u00e9cid\u00e9 de proposer une r\u00e9forme ambitieuse. Leur proposition de loi vise \u00e0 redresser la gouvernance du football et \u00e0 garantir une plus grande transparence. Cette initiative intervient dans un contexte o\u00f9 la profession semble \u00e0 la crois\u00e9e des chemins. Elle est en proie \u00e0 des d\u00e9rives qui compromettent son avenir.<\/p>\n\n\n\n<h2 class=\"wp-block-heading\">Un secteur fragilis\u00e9 par les d\u00e9rives financi\u00e8res<\/h2>\n\n\n\n<p>Le football professionnel fran\u00e7ais est un secteur qui g\u00e9n\u00e8re des millions d\u2019euros chaque ann\u00e9e. Pourtant, de nombreux clubs vivent au-dessus de leurs moyens, accumulant dettes et d\u00e9ficits. Cette situation est devenue intenable pour plusieurs d\u2019entre eux. Les d\u00e9faillances financi\u00e8res sont de plus en plus fr\u00e9quentes. Ceci met en p\u00e9ril la comp\u00e9titivit\u00e9 des clubs et la stabilit\u00e9 de la Ligue 1. La proposition de loi de Laurent Lafon et Michel Savin met l\u2019accent sur la n\u00e9cessit\u00e9 de r\u00e9guler les finances des clubs.<\/p>\n\n\n\n<p>Les deux d\u00e9put\u00e9s souhaitent instaurer un cadre plus strict concernant les d\u00e9penses des clubs. Il s\u2019agit de limiter les d\u00e9ficits et de renforcer les contr\u00f4les sur les investissements. Leur objectif est de forcer les clubs \u00e0 adopter une gestion plus rigoureuse. En cas de non-respect de ces nouvelles r\u00e8gles, des sanctions pourraient \u00eatre impos\u00e9es, telles que des amendes ou des interdictions de recrutement. L\u2019objectif est de rendre les finances des clubs plus solides et de limiter les risques de d\u00e9faillance.<\/p>\n\n\n\n<h2 class=\"wp-block-heading\">Le piratage des droits t\u00e9l\u00e9vis\u00e9s : une plaie pour l\u2019\u00e9conomie du football<\/h2>\n\n\n\n<p>Le piratage des droits t\u00e9l\u00e9vis\u00e9s est un autre fl\u00e9au qui frappe le football professionnel. Les droits de diffusion des matchs repr\u00e9sentent une part importante des revenus des clubs. Or, le piratage ill\u00e9gal de ces matchs entra\u00eene une perte consid\u00e9rable pour les clubs. Ils voient alors leur audience et leurs revenus diminuer. Selon les chiffres de la Ligue de Football Professionnel (LFP), le piratage co\u00fbte chaque ann\u00e9e des millions d\u2019euros \u00e0 l\u2019industrie du football.<\/p>\n\n\n\n<p>Pour lutter contre ce ph\u00e9nom\u00e8ne, la proposition de loi vise \u00e0 renforcer les m\u00e9canismes de protection des droits de diffusion. Lafon et Savin souhaitent mettre en place des mesures plus s\u00e9v\u00e8res \u00e0 l\u2019encontre des plateformes ill\u00e9gales. Ces plateformes sont souvent bas\u00e9es \u00e0 l\u2019\u00e9tranger et \u00e9chappent \u00e0 la r\u00e9gulation des autorit\u00e9s fran\u00e7aises. Ainsi, la proposition pr\u00e9voit de durcir les sanctions \u00e0 leur \u00e9gard et de faciliter la coop\u00e9ration internationale pour traquer ces sites ill\u00e9gaux.<\/p>\n\n\n\n<p>Les d\u00e9put\u00e9s pr\u00e9voient \u00e9galement une meilleure transparence dans la gestion des droits t\u00e9l\u00e9vis\u00e9s. Cette transparence permettrait de mieux comprendre les flux financiers li\u00e9s aux contrats de diffusion et d&rsquo;\u00e9viter les d\u00e9rives dans la gestion de ces droits. Il s\u2019agit aussi d\u2019assurer que les recettes g\u00e9n\u00e9r\u00e9es par les droits t\u00e9l\u00e9vis\u00e9s b\u00e9n\u00e9ficient \u00e9quitablement \u00e0 tous les clubs. Elles ne doivent pas profiter uniquement aux plus grands.<\/p>\n\n\n\n<h2 class=\"wp-block-heading\">Les conflits d\u2019int\u00e9r\u00eats : une probl\u00e9matique \u00e0 r\u00e9gler d\u2019urgence<\/h2>\n\n\n\n<p>Un autre point majeur de la proposition de loi concerne les conflits d\u2019int\u00e9r\u00eats. Depuis plusieurs ann\u00e9es, le football professionnel fran\u00e7ais est secou\u00e9 par des scandales o\u00f9 des dirigeants ou des partenaires commerciaux profitent de leur position pour obtenir des avantages personnels. Ces conflits d\u2019int\u00e9r\u00eats nuisent \u00e0 la cr\u00e9dibilit\u00e9 du syst\u00e8me et \u00e9rodent la confiance du public et des investisseurs.<\/p>\n\n\n\n<p>Pour y rem\u00e9dier, la proposition de loi envisage de mettre en place des r\u00e8gles strictes de s\u00e9paration entre les r\u00f4les de dirigeants et les entreprises partenaires. Ainsi, un dirigeant de club ne pourrait plus \u00eatre li\u00e9 \u00e0 une soci\u00e9t\u00e9 qui d\u00e9tient des droits sur les matchs, par exemple. Cela permettrait d\u2019\u00e9viter les conflits d\u2019int\u00e9r\u00eats qui compromettent la bonne gestion du football professionnel.<\/p>\n\n\n\n<p>Les d\u00e9put\u00e9s Lafon et Savin veulent \u00e9galement renforcer la transparence des liens financiers entre les clubs et les entreprises partenaires. Chaque contrat, chaque transaction devra \u00eatre rendue publique pour garantir qu\u2019il n\u2019y a pas de collusion ou de favoritisme. Ce contr\u00f4le plus strict est per\u00e7u comme un moyen de restaurer l\u2019int\u00e9grit\u00e9 du syst\u00e8me et de restaurer la confiance des acteurs du football.<\/p>\n\n\n\n<blockquote class=\"twitter-tweet\" data-media-max-width=\"560\"><p lang=\"fr\" dir=\"ltr\">\ud83d\udd34 Organisation, gestion et financement du sport professionnel<br><br>Suivez la conf\u00e9rence de presse sur la proposition de loi relative \u00e0 l&#39;organisation, \u00e0 la gestion et au financement du sport professionnel, organis\u00e9e par la <a href=\"https:\/\/twitter.com\/hashtag\/ComCultS%C3%A9nat?src=hash&amp;ref_src=twsrc%5Etfw\">#ComCultS\u00e9nat<\/a> (<a href=\"https:\/\/twitter.com\/L_Lafon?ref_src=twsrc%5Etfw\">@L_Lafon<\/a>). <a href=\"https:\/\/t.co\/xKLe7aQpCY\">https:\/\/t.co\/xKLe7aQpCY<\/a><\/p>&mdash; S\u00e9nat (@Senat) <a href=\"https:\/\/twitter.com\/Senat\/status\/1902382713580978381?ref_src=twsrc%5Etfw\">March 19, 2025<\/a><\/blockquote> <script async src=\"https:\/\/platform.twitter.com\/widgets.js\" charset=\"utf-8\"><\/script> \n\n\n\n<h2 class=\"wp-block-heading\">La gouvernance du football professionnel : vers plus de d\u00e9mocratie et de transparence<\/h2>\n\n\n\n<p>La r\u00e9forme propos\u00e9e par les d\u00e9put\u00e9s n\u2019a pas pour seul objectif de r\u00e9gler les probl\u00e8mes financiers et les conflits d\u2019int\u00e9r\u00eats. Elle cherche \u00e9galement \u00e0 r\u00e9former la gouvernance du football professionnel. Aujourd\u2019hui, la gestion du football fran\u00e7ais est souvent per\u00e7ue comme opaque et centralis\u00e9e. Les d\u00e9cisions sont prises par un petit nombre de dirigeants, sans consultation suffisante des clubs ni des supporters.<\/p>\n\n\n\n<p>Dans leur proposition, Lafon et Savin envisagent de mettre en place une gouvernance plus d\u00e9mocratique, avec des repr\u00e9sentants des clubs, des joueurs et des supporters dans les instances d\u00e9cisionnelles. Il s\u2019agirait d\u2019un v\u00e9ritable changement de mod\u00e8le, plus transparent et participatif. L\u2019objectif est de garantir que les d\u00e9cisions prises ne favorisent pas seulement les grands clubs, mais qu\u2019elles prennent en compte les int\u00e9r\u00eats de l\u2019ensemble du football professionnel.<\/p>\n\n\n\n<p>Cette nouvelle gouvernance viserait aussi \u00e0 mieux g\u00e9rer les droits commerciaux et les accords de partenariat. Cela permettrait d\u2019assurer une meilleure r\u00e9partition des revenus, en particulier pour les clubs plus modestes, souvent d\u00e9laiss\u00e9s dans le syst\u00e8me actuel.<\/p>\n\n\n\n<h2 class=\"wp-block-heading\">Une r\u00e9forme du football professionnel n\u00e9cessaire pour redresser la barre<\/h2>\n\n\n\n<p>La proposition de loi des d\u00e9put\u00e9s Laurent Lafon et Michel Savin est une tentative de redresser un secteur en crise. En agissant sur les d\u00e9rives financi\u00e8res, le piratage des droits t\u00e9l\u00e9vis\u00e9s et les conflits d\u2019int\u00e9r\u00eats, ils esp\u00e8rent instaurer un mod\u00e8le plus durable et plus transparent pour le football professionnel fran\u00e7ais. Le projet de r\u00e9forme se veut ambitieux, mais il faudra une v\u00e9ritable volont\u00e9 politique pour le mettre en \u0153uvre. La mise en place d\u2019une gouvernance plus d\u00e9mocratique et plus transparente pourrait \u00eatre un tournant dans la gestion du football en France. Toutefois, le succ\u00e8s de cette r\u00e9forme d\u00e9pendra de l\u2019engagement des acteurs du secteur \u00e0 collaborer et \u00e0 faire \u00e9voluer leurs pratiques.<\/p>\n\n\n\n<!-- Noptin Newsletter Plugin v4.2.2 - https:\/\/wordpress.org\/plugins\/newsletter-optin-box\/ --><div id=\"noptin-form-2__wrapper\" class=\"noptin-optin-main-wrapper noptin-form-id-9842 noptin-inpost-main-wrapper\" aria-labelledby=\"noptin-form-2__title\" ><style>\/*Custom css*\/\n\n.noptin-form-id-9842 .noptin-optin-form-wrapper .noptin-optin-form.noptin-form-single-line .noptin-form-submit{\n\tborder-radius: 30px;\n}\n\n@media only screen and (min-width: 768px) {\n\n\t.noptin-form-id-9842 .noptin-optin-form-wrapper .noptin-optin-form.noptin-form-single-line .noptin-form-submit{\n\t\tposition: absolute;\n\t\tbottom: -1px;\n\t\ttop: 0;\n\t\tright: 0px;\n\t}\n\n}\n\n.noptin-form-id-9842 .noptin-optin-form-wrapper .noptin-form-single-line .noptin-form-field{\n \tborder-radius: 30px !important;\n\tborder: none !important;\n} #noptin-form-2__wrapper {--noptin-background-color: #424242; --noptin-border-color: #424242; --noptin-button-color: #607D8B; --noptin-button-text-color: #fafafa; --noptin-title-color: #fafafa; --noptin-description-color: #fafafa; --noptin-prefix-color: #607d8b; --noptin-note-color: #fafafa;}<\/style><div style=\"max-width:620px; min-height:280px;border-color: #424242;\" class=\"noptin-optin-form-wrapper no-image\" ><!-- Form ID: 9842 --><form id=\"noptin-form-2\" class=\"noptin-optin-form noptin-form-single-line noptin-label-hide noptin-form-2\" method=\"post\" novalidate >\t\t\t\t\t<div class=\"noptin-form-header noptin-img-left\">\n\t\t\t\t\t\t\t\t\t\t\t\t<div class=\"noptin-form-header-text\">\n\n\t\t\t\t\t\t\t\t\t\t\t\t\t\t\t<div style=\"color: #607d8b;font-size: 20px; font-weight: 500; line-height: 1.3;\" class=\"noptin-form-prefix\">\n\t\t\t\t\t\t\t\t\t\t\t\t\t\t\t\t\t<\/div>\n\t\t\t\t\t\t\t\n\t\t\t\t\t\t\t\t\t\t\t\t\t\t\t<div style=\"color: #fafafa;font-size: 20px; font-weight: 700; line-height: 1.5;\" class=\"noptin-form-heading\">\n\t\t\t\t\t\t\t\t\tAbonnez-vous \u00e0 TopicFoot\t\t\t\t\t\t\t\t<\/div>\n\t\t\t\t\t\t\t\n\t\t\t\t\t\t\t\t\t\t\t\t\t\t\t<div style=\"color: #fafafa;font-size: 16px; font-weight: 500; line-height: 1.5;\" class=\"noptin-form-description\">\n\t\t\t\t\t\t\t\t\tEntrez votre Mail pour recevoir nos derniers articles.\t\t\t\t\t\t\t\t<\/div>\n\t\t\t\t\t\t\t\n\t\t\t\t\t\t<\/div>\n\t\t\t\t\t\t\n\t\t\t\t\t\t\t\t\t\t\t\t\t<div class=\"noptin-form-header-image\">\n\t\t\t\t\t\t\t\t<img decoding=\"async\" alt=\"icon\" src=\"https:\/\/www.topicfoot.fr\/wp-content\/plugins\/newsletter-optin-box\/includes\/assets\/images\/email-icon.png\" \/>\n\t\t\t\t\t\t\t<\/div>\n\t\t\t\t\t\t\n\t\t\t\t\t<\/div>\n\t\t\t\t<div class=\"noptin-form-footer\"><div class=\"noptin-form-fields\">\t\t\t<div class=\"noptin-form-field-wrapper noptin-form-field-email noptin-optin-field-wrapper noptin-optin-field-email\" id=\"noptin-form-2__field-email--wrapper\" >\n\t\t<div class=\"noptin-field-email\">\n\t\t\t<label class=\"noptin-label\" for=\"noptin-form-2__field-email\">Adresse Mail<\/label>\n\t\t\t<input name=\"noptin_fields[email]\" id=\"noptin-form-2__field-email\" type=\"email\" class=\"noptin-text noptin-form-field noptin-form-field__email noptin-form-field__has-no-placeholder\" placeholder=\"Adresse Mail\" required \/>\n\n\t\t<\/div><\/div>\t\t\t<div class=\"noptin-form-field-wrapper noptin-form-field- noptin-optin-field-wrapper noptin-optin-field-\" id=\"noptin-form-2__field---wrapper\" >\n\t\t<\/div>\t\t\t<div class=\"noptin-form-field-wrapper noptin-form-field-submit noptin-optin-field-wrapper noptin-optin-field-submit\" >\n\t\t\n\t\t\t<input type=\"submit\" id=\"noptin-form-2__submit\" class=\"noptin-form-submit btn button btn-primary button-primary wp-element-button\" name=\"noptin-submit\" value=\"Abonnez-vous\" style=\"background-color: #607D8B;color: #fafafa;\"  \/>\n\n\t\t<\/div><\/div>\t\t\t\t\t\t<div class=\"noptin-form-notice noptin-response\" role=\"alert\"><\/div>\n\t\t\t<\/div>\n\t\t\t<input type=\"hidden\" name=\"noptin_element_id\" value=\"2\" \/><input type=\"hidden\" name=\"source\" value=\"9842\" \/><input type=\"hidden\" name=\"form_action\" value=\"subscribe\" \/><input type=\"hidden\" name=\"noptin-config\" value=\"geVp3bmVsS.Bejx5F7hyheCZeasGrk6UoV7mPwUKzeAj_J_jRQjYkLtSn67MwIeo\" \/><input type=\"hidden\" name=\"noptin_form_id\" value=\"9842\" \/><\/form><\/div><!-- \/Form ID: 9842 --><\/div><!-- \/ Noptin Newsletter Plugin -->\n\n\n\n<p>Voir aussi notre article sur :\u00a0<a href=\"https:\/\/www.topicfoot.fr\/index.php\/2024\/06\/24\/accord-entre-cvc-et-la-lfp-explications\/\">Accord entre CVC et la LFP, explications.<\/a><\/p>\n\n\n\n<figure class=\"wp-block-embed is-type-wp-embed is-provider-topic-foot wp-block-embed-topic-foot\"><div class=\"wp-block-embed__wrapper\">\n<blockquote class=\"wp-embedded-content\" data-secret=\"GqgoJdyNz8\"><a href=\"https:\/\/www.topicfoot.fr\/index.php\/2024\/06\/24\/accord-entre-cvc-et-la-lfp-explications\/\">Accord entre CVC et la LFP, explications.<\/a><\/blockquote><iframe loading=\"lazy\" class=\"wp-embedded-content\" sandbox=\"allow-scripts\" security=\"restricted\" style=\"position: absolute; visibility: hidden;\" title=\"\u00ab\u00a0Accord entre CVC et la LFP, explications.\u00a0\u00bb &#8212; Topic Foot\" src=\"https:\/\/www.topicfoot.fr\/index.php\/2024\/06\/24\/accord-entre-cvc-et-la-lfp-explications\/embed\/#?secret=MC4UPZ3UjA#?secret=GqgoJdyNz8\" data-secret=\"GqgoJdyNz8\" width=\"500\" height=\"282\" frameborder=\"0\" marginwidth=\"0\" marginheight=\"0\" scrolling=\"no\"><\/iframe>\n<\/div><\/figure>\n","protected":false},"excerpt":{"rendered":"<div class=\"mh-excerpt\">La r\u00e9forme du football professionnel : Une proposition de loi pour redresser un secteur en crise<\/div>\n<p> <a class=\"mh-excerpt-more\" href=\"https:\/\/www.topicfoot.fr\/index.php\/2025\/03\/20\/proposition-de-loi-de-laurent-lafon-et-michel-savin-pour-le-foot-professionnel\/\" title=\"Proposition de loi de Laurent Lafon et Michel Savin pour le foot professionnel\">[&#8230;]<\/a><\/p>\n","protected":false},"author":7,"featured_media":13060,"comment_status":"closed","ping_status":"open","sticky":false,"template":"","format":"standard","meta":{"footnotes":""},"categories":[141,129,31],"tags":[],"post_folder":[],"class_list":{"0":"post-13057","1":"post","2":"type-post","3":"status-publish","4":"format-standard","5":"has-post-thumbnail","7":"category-les-instances-du-football","8":"category-modernisation-du-football","9":"category-toutes-les-categories"},"yoast_head":"<!-- This site is optimized with the Yoast SEO plugin v27.4 - https:\/\/yoast.com\/product\/yoast-seo-wordpress\/ -->\n<title>Proposition de loi de Laurent Lafon et Michel Savin pour le foot pro<\/title>\n<meta name=\"description\" content=\"Les d\u00e9put\u00e9s Laurent Lafon et Michel Savin ont donc d\u00e9cid\u00e9 de proposer une r\u00e9forme ambitieuse. Leur proposition de loi vise\" \/>\n<meta name=\"robots\" content=\"index, follow, max-snippet:-1, max-image-preview:large, max-video-preview:-1\" \/>\n<link rel=\"canonical\" href=\"https:\/\/www.topicfoot.fr\/index.php\/2025\/03\/20\/proposition-de-loi-de-laurent-lafon-et-michel-savin-pour-le-foot-professionnel\/\" \/>\n<meta property=\"og:locale\" content=\"fr_FR\" \/>\n<meta property=\"og:type\" content=\"article\" \/>\n<meta property=\"og:title\" content=\"Proposition de loi de Laurent Lafon et Michel Savin pour le foot pro\" \/>\n<meta property=\"og:description\" content=\"Les d\u00e9put\u00e9s Laurent Lafon et Michel Savin ont donc d\u00e9cid\u00e9 de proposer une r\u00e9forme ambitieuse. Leur proposition de loi vise\" \/>\n<meta property=\"og:url\" content=\"https:\/\/www.topicfoot.fr\/index.php\/2025\/03\/20\/proposition-de-loi-de-laurent-lafon-et-michel-savin-pour-le-foot-professionnel\/\" \/>\n<meta property=\"og:site_name\" content=\"Topic Foot\" \/>\n<meta property=\"article:publisher\" content=\"https:\/\/www.facebook.com\/topicfoot.fr\" \/>\n<meta property=\"article:published_time\" content=\"2025-03-20T16:26:04+00:00\" \/>\n<meta property=\"article:modified_time\" content=\"2025-03-20T16:26:13+00:00\" \/>\n<meta property=\"og:image\" content=\"https:\/\/www.topicfoot.fr\/wp-content\/uploads\/2025\/03\/fff-lfp-tf.webp\" \/>\n\t<meta property=\"og:image:width\" content=\"1024\" \/>\n\t<meta property=\"og:image:height\" content=\"576\" \/>\n\t<meta property=\"og:image:type\" content=\"image\/jpeg\" \/>\n<meta name=\"author\" content=\"Lionel P\" \/>\n<meta name=\"twitter:card\" content=\"summary_large_image\" \/>\n<meta name=\"twitter:label1\" content=\"\u00c9crit par\" \/>\n\t<meta name=\"twitter:data1\" content=\"Lionel P\" \/>\n\t<meta name=\"twitter:label2\" content=\"Dur\u00e9e de lecture estim\u00e9e\" \/>\n\t<meta name=\"twitter:data2\" content=\"6 minutes\" \/>\n<script type=\"application\/ld+json\" class=\"yoast-schema-graph\">{\"@context\":\"https:\\\/\\\/schema.org\",\"@graph\":[{\"@type\":\"Article\",\"@id\":\"https:\\\/\\\/www.topicfoot.fr\\\/index.php\\\/2025\\\/03\\\/20\\\/proposition-de-loi-de-laurent-lafon-et-michel-savin-pour-le-foot-professionnel\\\/#article\",\"isPartOf\":{\"@id\":\"https:\\\/\\\/www.topicfoot.fr\\\/index.php\\\/2025\\\/03\\\/20\\\/proposition-de-loi-de-laurent-lafon-et-michel-savin-pour-le-foot-professionnel\\\/\"},\"author\":{\"name\":\"Lionel P\",\"@id\":\"https:\\\/\\\/www.topicfoot.fr\\\/#\\\/schema\\\/person\\\/b35c3ec36d84c56388799f164bbf1efc\"},\"headline\":\"Proposition de loi de Laurent Lafon et Michel Savin pour le foot professionnel\",\"datePublished\":\"2025-03-20T16:26:04+00:00\",\"dateModified\":\"2025-03-20T16:26:13+00:00\",\"mainEntityOfPage\":{\"@id\":\"https:\\\/\\\/www.topicfoot.fr\\\/index.php\\\/2025\\\/03\\\/20\\\/proposition-de-loi-de-laurent-lafon-et-michel-savin-pour-le-foot-professionnel\\\/\"},\"wordCount\":1237,\"publisher\":{\"@id\":\"https:\\\/\\\/www.topicfoot.fr\\\/#organization\"},\"image\":{\"@id\":\"https:\\\/\\\/www.topicfoot.fr\\\/index.php\\\/2025\\\/03\\\/20\\\/proposition-de-loi-de-laurent-lafon-et-michel-savin-pour-le-foot-professionnel\\\/#primaryimage\"},\"thumbnailUrl\":\"https:\\\/\\\/www.topicfoot.fr\\\/wp-content\\\/uploads\\\/2025\\\/03\\\/fff-lfp-tf.webp\",\"articleSection\":[\"Instances du football : gouvernance et flux financiers\",\"Modernisation du football\",\"Toutes les cat\u00e9gories\"],\"inLanguage\":\"fr-FR\"},{\"@type\":\"WebPage\",\"@id\":\"https:\\\/\\\/www.topicfoot.fr\\\/index.php\\\/2025\\\/03\\\/20\\\/proposition-de-loi-de-laurent-lafon-et-michel-savin-pour-le-foot-professionnel\\\/\",\"url\":\"https:\\\/\\\/www.topicfoot.fr\\\/index.php\\\/2025\\\/03\\\/20\\\/proposition-de-loi-de-laurent-lafon-et-michel-savin-pour-le-foot-professionnel\\\/\",\"name\":\"Proposition de loi de Laurent Lafon et Michel Savin pour le foot pro\",\"isPartOf\":{\"@id\":\"https:\\\/\\\/www.topicfoot.fr\\\/#website\"},\"primaryImageOfPage\":{\"@id\":\"https:\\\/\\\/www.topicfoot.fr\\\/index.php\\\/2025\\\/03\\\/20\\\/proposition-de-loi-de-laurent-lafon-et-michel-savin-pour-le-foot-professionnel\\\/#primaryimage\"},\"image\":{\"@id\":\"https:\\\/\\\/www.topicfoot.fr\\\/index.php\\\/2025\\\/03\\\/20\\\/proposition-de-loi-de-laurent-lafon-et-michel-savin-pour-le-foot-professionnel\\\/#primaryimage\"},\"thumbnailUrl\":\"https:\\\/\\\/www.topicfoot.fr\\\/wp-content\\\/uploads\\\/2025\\\/03\\\/fff-lfp-tf.webp\",\"datePublished\":\"2025-03-20T16:26:04+00:00\",\"dateModified\":\"2025-03-20T16:26:13+00:00\",\"description\":\"Les d\u00e9put\u00e9s Laurent Lafon et Michel Savin ont donc d\u00e9cid\u00e9 de proposer une r\u00e9forme ambitieuse. Leur proposition de loi vise\",\"breadcrumb\":{\"@id\":\"https:\\\/\\\/www.topicfoot.fr\\\/index.php\\\/2025\\\/03\\\/20\\\/proposition-de-loi-de-laurent-lafon-et-michel-savin-pour-le-foot-professionnel\\\/#breadcrumb\"},\"inLanguage\":\"fr-FR\",\"potentialAction\":[{\"@type\":\"ReadAction\",\"target\":[\"https:\\\/\\\/www.topicfoot.fr\\\/index.php\\\/2025\\\/03\\\/20\\\/proposition-de-loi-de-laurent-lafon-et-michel-savin-pour-le-foot-professionnel\\\/\"]}]},{\"@type\":\"ImageObject\",\"inLanguage\":\"fr-FR\",\"@id\":\"https:\\\/\\\/www.topicfoot.fr\\\/index.php\\\/2025\\\/03\\\/20\\\/proposition-de-loi-de-laurent-lafon-et-michel-savin-pour-le-foot-professionnel\\\/#primaryimage\",\"url\":\"https:\\\/\\\/www.topicfoot.fr\\\/wp-content\\\/uploads\\\/2025\\\/03\\\/fff-lfp-tf.webp\",\"contentUrl\":\"https:\\\/\\\/www.topicfoot.fr\\\/wp-content\\\/uploads\\\/2025\\\/03\\\/fff-lfp-tf.webp\",\"width\":1024,\"height\":576},{\"@type\":\"BreadcrumbList\",\"@id\":\"https:\\\/\\\/www.topicfoot.fr\\\/index.php\\\/2025\\\/03\\\/20\\\/proposition-de-loi-de-laurent-lafon-et-michel-savin-pour-le-foot-professionnel\\\/#breadcrumb\",\"itemListElement\":[{\"@type\":\"ListItem\",\"position\":1,\"name\":\"Accueil\",\"item\":\"https:\\\/\\\/www.topicfoot.fr\\\/\"},{\"@type\":\"ListItem\",\"position\":2,\"name\":\"Proposition de loi de Laurent Lafon et Michel Savin pour le foot professionnel\"}]},{\"@type\":\"WebSite\",\"@id\":\"https:\\\/\\\/www.topicfoot.fr\\\/#website\",\"url\":\"https:\\\/\\\/www.topicfoot.fr\\\/\",\"name\":\"Topic Foot\",\"description\":\"Tous l&#039;univers du Foot !\",\"publisher\":{\"@id\":\"https:\\\/\\\/www.topicfoot.fr\\\/#organization\"},\"potentialAction\":[{\"@type\":\"SearchAction\",\"target\":{\"@type\":\"EntryPoint\",\"urlTemplate\":\"https:\\\/\\\/www.topicfoot.fr\\\/?s={search_term_string}\"},\"query-input\":{\"@type\":\"PropertyValueSpecification\",\"valueRequired\":true,\"valueName\":\"search_term_string\"}}],\"inLanguage\":\"fr-FR\"},{\"@type\":\"Organization\",\"@id\":\"https:\\\/\\\/www.topicfoot.fr\\\/#organization\",\"name\":\"Topic Foot\",\"url\":\"https:\\\/\\\/www.topicfoot.fr\\\/\",\"logo\":{\"@type\":\"ImageObject\",\"inLanguage\":\"fr-FR\",\"@id\":\"https:\\\/\\\/www.topicfoot.fr\\\/#\\\/schema\\\/logo\\\/image\\\/\",\"url\":\"https:\\\/\\\/www.topicfoot.fr\\\/wp-content\\\/uploads\\\/2024\\\/04\\\/cropped-logo-topicfoot-new.jpg\",\"contentUrl\":\"https:\\\/\\\/www.topicfoot.fr\\\/wp-content\\\/uploads\\\/2024\\\/04\\\/cropped-logo-topicfoot-new.jpg\",\"width\":512,\"height\":512,\"caption\":\"Topic Foot\"},\"image\":{\"@id\":\"https:\\\/\\\/www.topicfoot.fr\\\/#\\\/schema\\\/logo\\\/image\\\/\"},\"sameAs\":[\"https:\\\/\\\/www.facebook.com\\\/topicfoot.fr\"]},{\"@type\":\"Person\",\"@id\":\"https:\\\/\\\/www.topicfoot.fr\\\/#\\\/schema\\\/person\\\/b35c3ec36d84c56388799f164bbf1efc\",\"name\":\"Lionel P\",\"image\":{\"@type\":\"ImageObject\",\"inLanguage\":\"fr-FR\",\"@id\":\"https:\\\/\\\/secure.gravatar.com\\\/avatar\\\/c256414aba9e9b487c0cbe18d112d28fe9e2db961e12dbfb48c1f48923540533?s=96&d=mm&r=g\",\"url\":\"https:\\\/\\\/secure.gravatar.com\\\/avatar\\\/c256414aba9e9b487c0cbe18d112d28fe9e2db961e12dbfb48c1f48923540533?s=96&d=mm&r=g\",\"contentUrl\":\"https:\\\/\\\/secure.gravatar.com\\\/avatar\\\/c256414aba9e9b487c0cbe18d112d28fe9e2db961e12dbfb48c1f48923540533?s=96&d=mm&r=g\",\"caption\":\"Lionel P\"},\"description\":\"Je m'appelle Lionel et depuis toujours, le sport occupe une place essentielle dans ma vie. Mais c\u2019est le football qui nourrit ma passion la plus profonde. Je n\u2019ai jamais consid\u00e9r\u00e9 ce sport comme un simple jeu, car il repr\u00e9sente pour moi une v\u00e9ritable \u00e9cole de vie, de collectif, de passion et de d\u00e9passement de soi. J\u2019aime suivre les grands championnats europ\u00e9ens et d\u00e9couvrir les nouveaux talents qui \u00e9mergent saison apr\u00e8s saison. Cette passion naturelle pour le ballon rond m\u2019a conduit \u00e0 rejoindre Florent et l\u2019\u00e9quipe \u00e9ditoriale de Topicfoot. J\u2019y partage mes recherches sur les grandes figures qui ont marqu\u00e9 l\u2019histoire du football et des \u00e9cris sur les moments fondateurs qui ont fa\u00e7onn\u00e9 ce sport le tout \u00e0 travers des articles r\u00e9guliers et vari\u00e9s. Je m\u2019int\u00e9resse aussi avec curiosit\u00e9 aux \u00e9volutions tactiques, technologiques ou culturelles qui transforment constamment le paysage du football moderne. \u00c9crire sur ce sport est pour moi une mani\u00e8re d\u2019allier plaisir, exigence et curiosit\u00e9. Le football poss\u00e8de une richesse qui d\u00e9passe largement le cadre du terrain, et j\u2019\u00e9prouve un r\u00e9el plaisir \u00e0 en explorer toutes les dimensions, des l\u00e9gendes d\u2019hier aux innovations d\u2019aujourd\u2019hui, afin d\u2019offrir aux lecteurs de Topicfoot un regard sinc\u00e8re, document\u00e9 et passionn\u00e9. Alors bonne lecture \u00e0 tous !!\",\"url\":\"https:\\\/\\\/www.topicfoot.fr\\\/index.php\\\/author\\\/lpascale9\\\/\"}]}<\/script>\n<!-- \/ Yoast SEO plugin. -->","yoast_head_json":{"title":"Proposition de loi de Laurent Lafon et Michel Savin pour le foot pro","description":"Les d\u00e9put\u00e9s Laurent Lafon et Michel Savin ont donc d\u00e9cid\u00e9 de proposer une r\u00e9forme ambitieuse. Leur proposition de loi vise","robots":{"index":"index","follow":"follow","max-snippet":"max-snippet:-1","max-image-preview":"max-image-preview:large","max-video-preview":"max-video-preview:-1"},"canonical":"https:\/\/www.topicfoot.fr\/index.php\/2025\/03\/20\/proposition-de-loi-de-laurent-lafon-et-michel-savin-pour-le-foot-professionnel\/","og_locale":"fr_FR","og_type":"article","og_title":"Proposition de loi de Laurent Lafon et Michel Savin pour le foot pro","og_description":"Les d\u00e9put\u00e9s Laurent Lafon et Michel Savin ont donc d\u00e9cid\u00e9 de proposer une r\u00e9forme ambitieuse. Leur proposition de loi vise","og_url":"https:\/\/www.topicfoot.fr\/index.php\/2025\/03\/20\/proposition-de-loi-de-laurent-lafon-et-michel-savin-pour-le-foot-professionnel\/","og_site_name":"Topic Foot","article_publisher":"https:\/\/www.facebook.com\/topicfoot.fr","article_published_time":"2025-03-20T16:26:04+00:00","article_modified_time":"2025-03-20T16:26:13+00:00","og_image":[{"width":1024,"height":576,"url":"https:\/\/www.topicfoot.fr\/wp-content\/uploads\/2025\/03\/fff-lfp-tf.webp","type":"image\/jpeg"}],"author":"Lionel P","twitter_card":"summary_large_image","twitter_misc":{"\u00c9crit par":"Lionel P","Dur\u00e9e de lecture estim\u00e9e":"6 minutes"},"schema":{"@context":"https:\/\/schema.org","@graph":[{"@type":"Article","@id":"https:\/\/www.topicfoot.fr\/index.php\/2025\/03\/20\/proposition-de-loi-de-laurent-lafon-et-michel-savin-pour-le-foot-professionnel\/#article","isPartOf":{"@id":"https:\/\/www.topicfoot.fr\/index.php\/2025\/03\/20\/proposition-de-loi-de-laurent-lafon-et-michel-savin-pour-le-foot-professionnel\/"},"author":{"name":"Lionel P","@id":"https:\/\/www.topicfoot.fr\/#\/schema\/person\/b35c3ec36d84c56388799f164bbf1efc"},"headline":"Proposition de loi de Laurent Lafon et Michel Savin pour le foot professionnel","datePublished":"2025-03-20T16:26:04+00:00","dateModified":"2025-03-20T16:26:13+00:00","mainEntityOfPage":{"@id":"https:\/\/www.topicfoot.fr\/index.php\/2025\/03\/20\/proposition-de-loi-de-laurent-lafon-et-michel-savin-pour-le-foot-professionnel\/"},"wordCount":1237,"publisher":{"@id":"https:\/\/www.topicfoot.fr\/#organization"},"image":{"@id":"https:\/\/www.topicfoot.fr\/index.php\/2025\/03\/20\/proposition-de-loi-de-laurent-lafon-et-michel-savin-pour-le-foot-professionnel\/#primaryimage"},"thumbnailUrl":"https:\/\/www.topicfoot.fr\/wp-content\/uploads\/2025\/03\/fff-lfp-tf.webp","articleSection":["Instances du football : gouvernance et flux financiers","Modernisation du football","Toutes les cat\u00e9gories"],"inLanguage":"fr-FR"},{"@type":"WebPage","@id":"https:\/\/www.topicfoot.fr\/index.php\/2025\/03\/20\/proposition-de-loi-de-laurent-lafon-et-michel-savin-pour-le-foot-professionnel\/","url":"https:\/\/www.topicfoot.fr\/index.php\/2025\/03\/20\/proposition-de-loi-de-laurent-lafon-et-michel-savin-pour-le-foot-professionnel\/","name":"Proposition de loi de Laurent Lafon et Michel Savin pour le foot pro","isPartOf":{"@id":"https:\/\/www.topicfoot.fr\/#website"},"primaryImageOfPage":{"@id":"https:\/\/www.topicfoot.fr\/index.php\/2025\/03\/20\/proposition-de-loi-de-laurent-lafon-et-michel-savin-pour-le-foot-professionnel\/#primaryimage"},"image":{"@id":"https:\/\/www.topicfoot.fr\/index.php\/2025\/03\/20\/proposition-de-loi-de-laurent-lafon-et-michel-savin-pour-le-foot-professionnel\/#primaryimage"},"thumbnailUrl":"https:\/\/www.topicfoot.fr\/wp-content\/uploads\/2025\/03\/fff-lfp-tf.webp","datePublished":"2025-03-20T16:26:04+00:00","dateModified":"2025-03-20T16:26:13+00:00","description":"Les d\u00e9put\u00e9s Laurent Lafon et Michel Savin ont donc d\u00e9cid\u00e9 de proposer une r\u00e9forme ambitieuse. Leur proposition de loi vise","breadcrumb":{"@id":"https:\/\/www.topicfoot.fr\/index.php\/2025\/03\/20\/proposition-de-loi-de-laurent-lafon-et-michel-savin-pour-le-foot-professionnel\/#breadcrumb"},"inLanguage":"fr-FR","potentialAction":[{"@type":"ReadAction","target":["https:\/\/www.topicfoot.fr\/index.php\/2025\/03\/20\/proposition-de-loi-de-laurent-lafon-et-michel-savin-pour-le-foot-professionnel\/"]}]},{"@type":"ImageObject","inLanguage":"fr-FR","@id":"https:\/\/www.topicfoot.fr\/index.php\/2025\/03\/20\/proposition-de-loi-de-laurent-lafon-et-michel-savin-pour-le-foot-professionnel\/#primaryimage","url":"https:\/\/www.topicfoot.fr\/wp-content\/uploads\/2025\/03\/fff-lfp-tf.webp","contentUrl":"https:\/\/www.topicfoot.fr\/wp-content\/uploads\/2025\/03\/fff-lfp-tf.webp","width":1024,"height":576},{"@type":"BreadcrumbList","@id":"https:\/\/www.topicfoot.fr\/index.php\/2025\/03\/20\/proposition-de-loi-de-laurent-lafon-et-michel-savin-pour-le-foot-professionnel\/#breadcrumb","itemListElement":[{"@type":"ListItem","position":1,"name":"Accueil","item":"https:\/\/www.topicfoot.fr\/"},{"@type":"ListItem","position":2,"name":"Proposition de loi de Laurent Lafon et Michel Savin pour le foot professionnel"}]},{"@type":"WebSite","@id":"https:\/\/www.topicfoot.fr\/#website","url":"https:\/\/www.topicfoot.fr\/","name":"Topic Foot","description":"Tous l&#039;univers du Foot !","publisher":{"@id":"https:\/\/www.topicfoot.fr\/#organization"},"potentialAction":[{"@type":"SearchAction","target":{"@type":"EntryPoint","urlTemplate":"https:\/\/www.topicfoot.fr\/?s={search_term_string}"},"query-input":{"@type":"PropertyValueSpecification","valueRequired":true,"valueName":"search_term_string"}}],"inLanguage":"fr-FR"},{"@type":"Organization","@id":"https:\/\/www.topicfoot.fr\/#organization","name":"Topic Foot","url":"https:\/\/www.topicfoot.fr\/","logo":{"@type":"ImageObject","inLanguage":"fr-FR","@id":"https:\/\/www.topicfoot.fr\/#\/schema\/logo\/image\/","url":"https:\/\/www.topicfoot.fr\/wp-content\/uploads\/2024\/04\/cropped-logo-topicfoot-new.jpg","contentUrl":"https:\/\/www.topicfoot.fr\/wp-content\/uploads\/2024\/04\/cropped-logo-topicfoot-new.jpg","width":512,"height":512,"caption":"Topic Foot"},"image":{"@id":"https:\/\/www.topicfoot.fr\/#\/schema\/logo\/image\/"},"sameAs":["https:\/\/www.facebook.com\/topicfoot.fr"]},{"@type":"Person","@id":"https:\/\/www.topicfoot.fr\/#\/schema\/person\/b35c3ec36d84c56388799f164bbf1efc","name":"Lionel P","image":{"@type":"ImageObject","inLanguage":"fr-FR","@id":"https:\/\/secure.gravatar.com\/avatar\/c256414aba9e9b487c0cbe18d112d28fe9e2db961e12dbfb48c1f48923540533?s=96&d=mm&r=g","url":"https:\/\/secure.gravatar.com\/avatar\/c256414aba9e9b487c0cbe18d112d28fe9e2db961e12dbfb48c1f48923540533?s=96&d=mm&r=g","contentUrl":"https:\/\/secure.gravatar.com\/avatar\/c256414aba9e9b487c0cbe18d112d28fe9e2db961e12dbfb48c1f48923540533?s=96&d=mm&r=g","caption":"Lionel P"},"description":"Je m'appelle Lionel et depuis toujours, le sport occupe une place essentielle dans ma vie. Mais c\u2019est le football qui nourrit ma passion la plus profonde. Je n\u2019ai jamais consid\u00e9r\u00e9 ce sport comme un simple jeu, car il repr\u00e9sente pour moi une v\u00e9ritable \u00e9cole de vie, de collectif, de passion et de d\u00e9passement de soi. J\u2019aime suivre les grands championnats europ\u00e9ens et d\u00e9couvrir les nouveaux talents qui \u00e9mergent saison apr\u00e8s saison. Cette passion naturelle pour le ballon rond m\u2019a conduit \u00e0 rejoindre Florent et l\u2019\u00e9quipe \u00e9ditoriale de Topicfoot. J\u2019y partage mes recherches sur les grandes figures qui ont marqu\u00e9 l\u2019histoire du football et des \u00e9cris sur les moments fondateurs qui ont fa\u00e7onn\u00e9 ce sport le tout \u00e0 travers des articles r\u00e9guliers et vari\u00e9s. Je m\u2019int\u00e9resse aussi avec curiosit\u00e9 aux \u00e9volutions tactiques, technologiques ou culturelles qui transforment constamment le paysage du football moderne. \u00c9crire sur ce sport est pour moi une mani\u00e8re d\u2019allier plaisir, exigence et curiosit\u00e9. Le football poss\u00e8de une richesse qui d\u00e9passe largement le cadre du terrain, et j\u2019\u00e9prouve un r\u00e9el plaisir \u00e0 en explorer toutes les dimensions, des l\u00e9gendes d\u2019hier aux innovations d\u2019aujourd\u2019hui, afin d\u2019offrir aux lecteurs de Topicfoot un regard sinc\u00e8re, document\u00e9 et passionn\u00e9. Alors bonne lecture \u00e0 tous !!","url":"https:\/\/www.topicfoot.fr\/index.php\/author\/lpascale9\/"}]}},"_links":{"self":[{"href":"https:\/\/www.topicfoot.fr\/index.php\/wp-json\/wp\/v2\/posts\/13057","targetHints":{"allow":["GET"]}}],"collection":[{"href":"https:\/\/www.topicfoot.fr\/index.php\/wp-json\/wp\/v2\/posts"}],"about":[{"href":"https:\/\/www.topicfoot.fr\/index.php\/wp-json\/wp\/v2\/types\/post"}],"author":[{"embeddable":true,"href":"https:\/\/www.topicfoot.fr\/index.php\/wp-json\/wp\/v2\/users\/7"}],"replies":[{"embeddable":true,"href":"https:\/\/www.topicfoot.fr\/index.php\/wp-json\/wp\/v2\/comments?post=13057"}],"version-history":[{"count":0,"href":"https:\/\/www.topicfoot.fr\/index.php\/wp-json\/wp\/v2\/posts\/13057\/revisions"}],"wp:featuredmedia":[{"embeddable":true,"href":"https:\/\/www.topicfoot.fr\/index.php\/wp-json\/wp\/v2\/media\/13060"}],"wp:attachment":[{"href":"https:\/\/www.topicfoot.fr\/index.php\/wp-json\/wp\/v2\/media?parent=13057"}],"wp:term":[{"taxonomy":"category","embeddable":true,"href":"https:\/\/www.topicfoot.fr\/index.php\/wp-json\/wp\/v2\/categories?post=13057"},{"taxonomy":"post_tag","embeddable":true,"href":"https:\/\/www.topicfoot.fr\/index.php\/wp-json\/wp\/v2\/tags?post=13057"},{"taxonomy":"post_folder","embeddable":true,"href":"https:\/\/www.topicfoot.fr\/index.php\/wp-json\/wp\/v2\/post_folder?post=13057"}],"curies":[{"name":"wp","href":"https:\/\/api.w.org\/{rel}","templated":true}]}}