{"id":13067,"date":"2025-03-21T10:05:56","date_gmt":"2025-03-21T09:05:56","guid":{"rendered":"https:\/\/www.topicfoot.fr\/?p=13067"},"modified":"2025-04-07T15:13:29","modified_gmt":"2025-04-07T13:13:29","slug":"pablo-correa-de-buteur-redoutable-a-stratege-du-banc-de-touche","status":"publish","type":"post","link":"https:\/\/www.topicfoot.fr\/index.php\/2025\/03\/21\/pablo-correa-de-buteur-redoutable-a-stratege-du-banc-de-touche\/","title":{"rendered":"Pablo Correa : De buteur redoutable \u00e0 strat\u00e8ge du banc de touche"},"content":{"rendered":"<span class=\"span-reading-time rt-reading-time\" style=\"display: block;\"><span class=\"rt-label rt-prefix\">Temps de lecture\u00a0:  <\/span> <span class=\"rt-time\"> 3<\/span> <span class=\"rt-label rt-postfix\">minutes.  <\/span><\/span>\n<p>Pablo Correa a marqu\u00e9 l\u2019histoire du football fran\u00e7ais. D\u2019abord comme attaquant efficace, puis comme entra\u00eeneur embl\u00e9matique de l\u2019AS Nancy-Lorraine. Retour sur un parcours atypique, de la pelouse aux bancs de Ligue 1.<\/p>\n\n\n\n<figure class=\"wp-block-image size-large\"><img loading=\"lazy\" decoding=\"async\" width=\"1024\" height=\"636\" src=\"https:\/\/www.topicfoot.fr\/wp-content\/uploads\/2025\/03\/pablo-correa-tf02-1024x636.webp\" alt=\"Pablo Correa : De buteur redoutable \u00e0 strat\u00e8ge du banc de touche\" class=\"wp-image-13070\" srcset=\"https:\/\/www.topicfoot.fr\/wp-content\/uploads\/2025\/03\/pablo-correa-tf02-1024x636.webp 1024w, https:\/\/www.topicfoot.fr\/wp-content\/uploads\/2025\/03\/pablo-correa-tf02-300x186.webp 300w, https:\/\/www.topicfoot.fr\/wp-content\/uploads\/2025\/03\/pablo-correa-tf02-768x477.webp 768w, https:\/\/www.topicfoot.fr\/wp-content\/uploads\/2025\/03\/pablo-correa-tf02-1536x953.webp 1536w, https:\/\/www.topicfoot.fr\/wp-content\/uploads\/2025\/03\/pablo-correa-tf02-2048x1271.webp 2048w\" sizes=\"auto, (max-width: 1024px) 100vw, 1024px\" \/><\/figure>\n\n\n\n<p>Pablo Correa, un nom bien connu des amateurs de football fran\u00e7ais. L\u2019Uruguayen a su se forger une place de choix en France, d\u2019abord en tant que buteur, puis comme entra\u00eeneur respect\u00e9. Sa carri\u00e8re illustre parfaitement cette capacit\u00e9 rare \u00e0 s\u2019imposer \u00e0 la fois sur le terrain et en dehors. Son passage \u00e0 Nancy restera dans les m\u00e9moires, autant pour ses performances de joueur que pour son talent de technicien.<\/p>\n\n\n\n<h2 class=\"wp-block-heading\">Un attaquant venu d\u2019Uruguay<\/h2>\n\n\n\n<p>Pablo Correa voit le jour en 1967 \u00e0 Montevideo. Passionn\u00e9 de football d\u00e8s son plus jeune \u00e2ge, il se fait remarquer en Uruguay dans des clubs comme Montevideo Wanderers ou CA San Lorenzo avant de traverser l\u2019Atlantique. En 1995, il rejoint l\u2019AS Nancy-Lorraine, alors en deuxi\u00e8me division. Il s\u2019impose rapidement comme un attaquant redoutable, gr\u00e2ce \u00e0 son sens du but et sa vision du jeu.<\/p>\n\n\n\n<p>Avec le maillot nanc\u00e9ien, Correa marque les esprits par sa r\u00e9gularit\u00e9. Sa capacit\u00e9 \u00e0 faire la diff\u00e9rence devant le but aide le club \u00e0 retrouver l\u2019\u00e9lite en 1996. Durant plusieurs saisons, il devient un \u00e9l\u00e9ment cl\u00e9 de l\u2019effectif lorrain, inscrivant des buts pr\u00e9cieux en Ligue 1 et en Ligue 2. Son jeu intelligent, sa capacit\u00e9 \u00e0 jouer en pivot et son efficacit\u00e9 font de lui un joueur respect\u00e9.<\/p>\n\n\n\n<p>Apr\u00e8s plus de 100 matchs sous les couleurs nanc\u00e9iennes, il raccroche les crampons en 2000. Mais l\u2019histoire entre Pablo Correa et Nancy est loin d\u2019\u00eatre termin\u00e9e.<\/p>\n\n\n\n<h2 class=\"wp-block-heading\">Un entra\u00eeneur embl\u00e9matique de l\u2019AS Nancy-Lorraine<\/h2>\n\n\n\n<p>\u00c0 peine retir\u00e9 des terrains, Pablo Correa entame une reconversion imm\u00e9diate. D\u2019abord adjoint, il devient entra\u00eeneur principal en 2002. Sous sa direction, Nancy retrouve rapidement la Ligue 1 et s\u2019installe durablement dans l\u2019\u00e9lite. Son approche pragmatique, son sens tactique et sa capacit\u00e9 \u00e0 r\u00e9v\u00e9ler des talents font de lui un technicien redout\u00e9.<\/p>\n\n\n<div class=\"wp-block-image\">\n<figure class=\"aligncenter size-large is-resized\"><img loading=\"lazy\" decoding=\"async\" width=\"1024\" height=\"761\" src=\"https:\/\/www.topicfoot.fr\/wp-content\/uploads\/2025\/03\/pablo-correa-tf01-1024x761.webp\" alt=\"Pablo Correa : \" class=\"wp-image-13069\" style=\"width:539px;height:auto\" srcset=\"https:\/\/www.topicfoot.fr\/wp-content\/uploads\/2025\/03\/pablo-correa-tf01-1024x761.webp 1024w, https:\/\/www.topicfoot.fr\/wp-content\/uploads\/2025\/03\/pablo-correa-tf01-300x223.webp 300w, https:\/\/www.topicfoot.fr\/wp-content\/uploads\/2025\/03\/pablo-correa-tf01-768x571.webp 768w, https:\/\/www.topicfoot.fr\/wp-content\/uploads\/2025\/03\/pablo-correa-tf01-1536x1141.webp 1536w, https:\/\/www.topicfoot.fr\/wp-content\/uploads\/2025\/03\/pablo-correa-tf01-80x60.webp 80w, https:\/\/www.topicfoot.fr\/wp-content\/uploads\/2025\/03\/pablo-correa-tf01-png.webp 1922w\" sizes=\"auto, (max-width: 1024px) 100vw, 1024px\" \/><\/figure>\n<\/div>\n\n\n<p>En 2006, il guide Nancy vers la Coupe de la Ligue, remport\u00e9e face \u00e0 Nice. Ce troph\u00e9e est une cons\u00e9cration pour un club souvent habitu\u00e9 \u00e0 jouer les seconds r\u00f4les. L\u2019\u00e9quipe pratique un jeu solide, \u00e9quilibr\u00e9, avec une discipline tactique impressionnante. Sous son \u00e8re, Nancy se qualifie m\u00eame pour la Coupe de l\u2019UEFA, un exploit pour un club au budget modeste.<\/p>\n\n\n\n<p>Son premier passage \u00e0 la t\u00eate du club dure neuf ans, jusqu\u2019en 2011. Il quitte Nancy apr\u00e8s avoir fa\u00e7onn\u00e9 une \u00e9quipe comp\u00e9titive et marqu\u00e9 son empreinte sur le championnat fran\u00e7ais. Apr\u00e8s une exp\u00e9rience mitig\u00e9e \u00e0 \u00c9vian Thonon Gaillard, il revient en Lorraine en 2016 pour tenter de sauver un club en difficult\u00e9. Malgr\u00e9 une mont\u00e9e en Ligue 1, l\u2019aventure tourne court et il quitte Nancy en 2017.<\/p>\n\n\n\n<h2 class=\"wp-block-heading\">Un palmar\u00e8s et une reconnaissance m\u00e9rit\u00e9e<\/h2>\n\n\n\n<p>Pablo Correa n\u2019a pas empil\u00e9 les troph\u00e9es, mais il a construit une image d\u2019entra\u00eeneur fiable et respect\u00e9. Sa victoire en Coupe de la Ligue 2006 reste le point d\u2019orgue de sa carri\u00e8re sur un banc. Il a su faire de Nancy une \u00e9quipe difficile \u00e0 man\u0153uvrer, capable de surprendre les cadors du championnat.<\/p>\n\n\n\n<p>En 2006 et 2007, Pablo Correa a \u00e9t\u00e9 \u00e9lu entra\u00eeneur fran\u00e7ais de l&rsquo;ann\u00e9e par le magazine&nbsp;France Football. Tr\u00e8s peu d&rsquo;entraineur l&rsquo;on \u00e9t\u00e9 2 ann\u00e9es cons\u00e9cutives. <\/p>\n\n\n\n<hr class=\"wp-block-separator has-alpha-channel-opacity\"\/>\n\n\n\n<p><strong>Extrait d&rsquo;une interview de Pierre Vespignani, kin\u00e9sith\u00e9rapeute \u00e0 Nancy, Marseille et la s\u00e9lection du S\u00e9n\u00e9gal : <\/strong><br>Quels sont les athl\u00e8tes qui vous ont marqu\u00e9 durant votre carri\u00e8re ? <\/p>\n\n\n\n<figure class=\"wp-block-pullquote\"><blockquote><p><em>C\u00f4t\u00e9 entra\u00eeneurs, celui qui m\u2019a le plus marqu\u00e9 est\u00a0<strong>Pablo Correa<\/strong>. Cela peut surprendre, car j\u2019ai travaill\u00e9 avec\u00a0<strong>de nombreux coachs ayant remport\u00e9 des comp\u00e9titions prestigieuses<\/strong>, mais\u00a0<strong>Correa avait cette capacit\u00e9 \u00e0 toujours trouver des solutions<\/strong>, quelle que soit la situation. Dans le football, les moyens financiers jouent un r\u00f4le essentiel. Pourtant, lorsqu\u2019on regarde ce que nous avons accompli \u00e0\u00a0<strong>Nancy<\/strong>\u00a0\u2013 qualification en Coupe de l\u2019UEFA, victoire en Coupe de la Ligue, on se rend compte que\u00a0<strong>le travail et la culture du collectif sont d\u00e9terminants<\/strong>&#8230;En c\u00f4toyant ces grands noms, on comprend pourquoi\u00a0<strong>certains gagnent syst\u00e9matiquement<\/strong>\u00a0: ils ont cette\u00a0<strong>culture du travail et du collectif<\/strong>\u00a0qui fait toute la diff\u00e9rence.<\/em><\/p><\/blockquote><\/figure>\n\n\n\n<figure class=\"wp-block-embed is-type-video is-provider-youtube wp-block-embed-youtube wp-embed-aspect-16-9 wp-has-aspect-ratio\"><div class=\"wp-block-embed__wrapper\">\n<iframe loading=\"lazy\" title=\"Interview Pierre Vespignani extrait : les athl\u00e8tes marquants\" width=\"500\" height=\"281\" src=\"https:\/\/www.youtube.com\/embed\/V8iuAZ3mIW4?start=90&#038;feature=oembed\" frameborder=\"0\" allow=\"accelerometer; autoplay; clipboard-write; encrypted-media; gyroscope; picture-in-picture; web-share\" referrerpolicy=\"strict-origin-when-cross-origin\" allowfullscreen><\/iframe>\n<\/div><\/figure>\n\n\n\n<p>Son travail avec les jeunes joueurs est aussi salu\u00e9. Sous ses ordres, plusieurs talents ont \u00e9merg\u00e9 avant de rejoindre des clubs plus hupp\u00e9s. Son influence d\u00e9passe les r\u00e9sultats bruts, car il a laiss\u00e9 une empreinte durable sur le football fran\u00e7ais.<\/p>\n\n\n\n<p>Aujourd\u2019hui, son nom reste associ\u00e9 \u00e0 l\u2019AS Nancy-Lorraine, o\u00f9 il est consid\u00e9r\u00e9 comme l\u2019un des artisans des plus belles ann\u00e9es du club. Sa vision du football, m\u00ealant rigueur et intelligence tactique, continue d\u2019inspirer de nombreux techniciens.<\/p>\n\n\n\n<p>Le parcours de Pablo Correa prouve qu\u2019un joueur peut r\u00e9ussir sa reconversion en restant fid\u00e8le \u00e0 ses valeurs. Son h\u00e9ritage perdure, et son histoire pose une question : <strong>quelles sont les cl\u00e9s d\u2019une transition r\u00e9ussie du terrain au banc de touche ?<\/strong><\/p>\n\n\n\n<!-- Noptin Newsletter Plugin v4.2.2 - https:\/\/wordpress.org\/plugins\/newsletter-optin-box\/ --><div id=\"noptin-form-2__wrapper\" class=\"noptin-optin-main-wrapper noptin-form-id-9842 noptin-inpost-main-wrapper\" aria-labelledby=\"noptin-form-2__title\" ><style>\/*Custom css*\/\n\n.noptin-form-id-9842 .noptin-optin-form-wrapper .noptin-optin-form.noptin-form-single-line .noptin-form-submit{\n\tborder-radius: 30px;\n}\n\n@media only screen and (min-width: 768px) {\n\n\t.noptin-form-id-9842 .noptin-optin-form-wrapper .noptin-optin-form.noptin-form-single-line .noptin-form-submit{\n\t\tposition: absolute;\n\t\tbottom: -1px;\n\t\ttop: 0;\n\t\tright: 0px;\n\t}\n\n}\n\n.noptin-form-id-9842 .noptin-optin-form-wrapper .noptin-form-single-line .noptin-form-field{\n \tborder-radius: 30px !important;\n\tborder: none !important;\n} #noptin-form-2__wrapper {--noptin-background-color: #424242; --noptin-border-color: #424242; --noptin-button-color: #607D8B; --noptin-button-text-color: #fafafa; --noptin-title-color: #fafafa; --noptin-description-color: #fafafa; --noptin-prefix-color: #607d8b; --noptin-note-color: #fafafa;}<\/style><div style=\"max-width:620px; min-height:280px;border-color: #424242;\" class=\"noptin-optin-form-wrapper no-image\" ><!-- Form ID: 9842 --><form id=\"noptin-form-2\" class=\"noptin-optin-form noptin-form-single-line noptin-label-hide noptin-form-2\" method=\"post\" novalidate >\t\t\t\t\t<div class=\"noptin-form-header noptin-img-left\">\n\t\t\t\t\t\t\t\t\t\t\t\t<div class=\"noptin-form-header-text\">\n\n\t\t\t\t\t\t\t\t\t\t\t\t\t\t\t<div style=\"color: #607d8b;font-size: 20px; font-weight: 500; line-height: 1.3;\" class=\"noptin-form-prefix\">\n\t\t\t\t\t\t\t\t\t\t\t\t\t\t\t\t\t<\/div>\n\t\t\t\t\t\t\t\n\t\t\t\t\t\t\t\t\t\t\t\t\t\t\t<div style=\"color: #fafafa;font-size: 20px; font-weight: 700; line-height: 1.5;\" class=\"noptin-form-heading\">\n\t\t\t\t\t\t\t\t\tAbonnez-vous \u00e0 TopicFoot\t\t\t\t\t\t\t\t<\/div>\n\t\t\t\t\t\t\t\n\t\t\t\t\t\t\t\t\t\t\t\t\t\t\t<div style=\"color: #fafafa;font-size: 16px; font-weight: 500; line-height: 1.5;\" class=\"noptin-form-description\">\n\t\t\t\t\t\t\t\t\tEntrez votre Mail pour recevoir nos derniers articles.\t\t\t\t\t\t\t\t<\/div>\n\t\t\t\t\t\t\t\n\t\t\t\t\t\t<\/div>\n\t\t\t\t\t\t\n\t\t\t\t\t\t\t\t\t\t\t\t\t<div class=\"noptin-form-header-image\">\n\t\t\t\t\t\t\t\t<img decoding=\"async\" alt=\"icon\" src=\"https:\/\/www.topicfoot.fr\/wp-content\/plugins\/newsletter-optin-box\/includes\/assets\/images\/email-icon.png\" \/>\n\t\t\t\t\t\t\t<\/div>\n\t\t\t\t\t\t\n\t\t\t\t\t<\/div>\n\t\t\t\t<div class=\"noptin-form-footer\"><div class=\"noptin-form-fields\">\t\t\t<div class=\"noptin-form-field-wrapper noptin-form-field-email noptin-optin-field-wrapper noptin-optin-field-email\" id=\"noptin-form-2__field-email--wrapper\" >\n\t\t<div class=\"noptin-field-email\">\n\t\t\t<label class=\"noptin-label\" for=\"noptin-form-2__field-email\">Adresse Mail<\/label>\n\t\t\t<input name=\"noptin_fields[email]\" id=\"noptin-form-2__field-email\" type=\"email\" class=\"noptin-text noptin-form-field noptin-form-field__email noptin-form-field__has-no-placeholder\" placeholder=\"Adresse Mail\" required \/>\n\n\t\t<\/div><\/div>\t\t\t<div class=\"noptin-form-field-wrapper noptin-form-field- noptin-optin-field-wrapper noptin-optin-field-\" id=\"noptin-form-2__field---wrapper\" >\n\t\t<\/div>\t\t\t<div class=\"noptin-form-field-wrapper noptin-form-field-submit noptin-optin-field-wrapper noptin-optin-field-submit\" >\n\t\t\n\t\t\t<input type=\"submit\" id=\"noptin-form-2__submit\" class=\"noptin-form-submit btn button btn-primary button-primary wp-element-button\" name=\"noptin-submit\" value=\"Abonnez-vous\" style=\"background-color: #607D8B;color: #fafafa;\"  \/>\n\n\t\t<\/div><\/div>\t\t\t\t\t\t<div class=\"noptin-form-notice noptin-response\" role=\"alert\"><\/div>\n\t\t\t<\/div>\n\t\t\t<input type=\"hidden\" name=\"noptin_element_id\" value=\"2\" \/><input type=\"hidden\" name=\"source\" value=\"9842\" \/><input type=\"hidden\" name=\"form_action\" value=\"subscribe\" \/><input type=\"hidden\" name=\"noptin-config\" value=\"geVp3bmVsS.Bejx5F7hyheCZeasGrk6UoV7mPwUKzeAj_J_jRQjYkLtSn67MwIeo\" \/><input type=\"hidden\" name=\"noptin_form_id\" value=\"9842\" \/><\/form><\/div><!-- \/Form ID: 9842 --><\/div><!-- \/ Noptin Newsletter Plugin -->\n\n\n\n<p>Voir aussi notre article sur :&nbsp;<a href=\"https:\/\/www.topicfoot.fr\/index.php\/2025\/03\/07\/arsene-wenger-footballeur-le-parcours-meconnu-dun-visionnaire\/\">Ars\u00e8ne Wenger footballeur : le parcours m\u00e9connu d\u2019un visionnaire<\/a><\/p>\n\n\n\n<figure class=\"wp-block-embed is-type-wp-embed is-provider-topic-foot wp-block-embed-topic-foot\"><div class=\"wp-block-embed__wrapper\">\n<blockquote class=\"wp-embedded-content\" data-secret=\"6OQB3XRJzP\"><a href=\"https:\/\/www.topicfoot.fr\/index.php\/2025\/03\/07\/arsene-wenger-footballeur-le-parcours-meconnu-dun-visionnaire\/\">Ars\u00e8ne Wenger footballeur : le parcours m\u00e9connu d\u2019un visionnaire<\/a><\/blockquote><iframe loading=\"lazy\" class=\"wp-embedded-content\" sandbox=\"allow-scripts\" security=\"restricted\" style=\"position: absolute; visibility: hidden;\" title=\"\u00ab\u00a0Ars\u00e8ne Wenger footballeur : le parcours m\u00e9connu d\u2019un visionnaire\u00a0\u00bb &#8212; Topic Foot\" src=\"https:\/\/www.topicfoot.fr\/index.php\/2025\/03\/07\/arsene-wenger-footballeur-le-parcours-meconnu-dun-visionnaire\/embed\/#?secret=qFyXqIYmKF#?secret=6OQB3XRJzP\" data-secret=\"6OQB3XRJzP\" width=\"500\" height=\"282\" frameborder=\"0\" marginwidth=\"0\" marginheight=\"0\" scrolling=\"no\"><\/iframe>\n<\/div><\/figure>\n","protected":false},"excerpt":{"rendered":"<div class=\"mh-excerpt\">Pablo Correa a marqu\u00e9 l\u2019histoire du football fran\u00e7ais. D\u2019abord comme attaquant, puis comme entra\u00eeneur embl\u00e9matique de l\u2019AS Nancy-Lorraine.<\/div>\n<p> <a class=\"mh-excerpt-more\" href=\"https:\/\/www.topicfoot.fr\/index.php\/2025\/03\/21\/pablo-correa-de-buteur-redoutable-a-stratege-du-banc-de-touche\/\" title=\"Pablo Correa : De buteur redoutable \u00e0 strat\u00e8ge du banc de touche\">[&#8230;]<\/a><\/p>\n","protected":false},"author":5,"featured_media":13070,"comment_status":"closed","ping_status":"open","sticky":false,"template":"","format":"standard","meta":{"footnotes":""},"categories":[114,120,31],"tags":[],"post_folder":[],"class_list":{"0":"post-13067","1":"post","2":"type-post","3":"status-publish","4":"format-standard","5":"has-post-thumbnail","7":"category-entraineur","8":"category-joueurs","9":"category-toutes-les-categories"},"yoast_head":"<!-- This site is optimized with the Yoast SEO plugin v27.4 - https:\/\/yoast.com\/product\/yoast-seo-wordpress\/ -->\n<title>Pablo Correa : De buteur redoutable \u00e0 strat\u00e8ge du banc de touche<\/title>\n<meta name=\"description\" content=\"Pablo Correa a marqu\u00e9 l\u2019histoire du football fran\u00e7ais. D\u2019abord comme attaquant, puis comme entra\u00eeneur embl\u00e9matique de l\u2019AS Nancy-Lorraine.\" \/>\n<meta name=\"robots\" content=\"index, follow, max-snippet:-1, max-image-preview:large, max-video-preview:-1\" \/>\n<link rel=\"canonical\" href=\"https:\/\/www.topicfoot.fr\/index.php\/2025\/03\/21\/pablo-correa-de-buteur-redoutable-a-stratege-du-banc-de-touche\/\" \/>\n<meta property=\"og:locale\" content=\"fr_FR\" \/>\n<meta property=\"og:type\" content=\"article\" \/>\n<meta property=\"og:title\" content=\"Pablo Correa : De buteur redoutable \u00e0 strat\u00e8ge du banc de touche\" \/>\n<meta property=\"og:description\" content=\"Pablo Correa a marqu\u00e9 l\u2019histoire du football fran\u00e7ais. D\u2019abord comme attaquant, puis comme entra\u00eeneur embl\u00e9matique de l\u2019AS Nancy-Lorraine.\" \/>\n<meta property=\"og:url\" content=\"https:\/\/www.topicfoot.fr\/index.php\/2025\/03\/21\/pablo-correa-de-buteur-redoutable-a-stratege-du-banc-de-touche\/\" \/>\n<meta property=\"og:site_name\" content=\"Topic Foot\" \/>\n<meta property=\"article:publisher\" content=\"https:\/\/www.facebook.com\/topicfoot.fr\" \/>\n<meta property=\"article:published_time\" content=\"2025-03-21T09:05:56+00:00\" \/>\n<meta property=\"article:modified_time\" content=\"2025-04-07T13:13:29+00:00\" \/>\n<meta property=\"og:image\" content=\"https:\/\/www.topicfoot.fr\/wp-content\/uploads\/2025\/03\/pablo-correa-tf02-png.webp\" \/>\n\t<meta property=\"og:image:width\" content=\"2404\" \/>\n\t<meta property=\"og:image:height\" content=\"1492\" \/>\n\t<meta property=\"og:image:type\" content=\"image\/png\" \/>\n<meta name=\"author\" content=\"Laurent M\" \/>\n<meta name=\"twitter:card\" content=\"summary_large_image\" \/>\n<meta name=\"twitter:label1\" content=\"\u00c9crit par\" \/>\n\t<meta name=\"twitter:data1\" content=\"Laurent M\" \/>\n\t<meta name=\"twitter:label2\" content=\"Dur\u00e9e de lecture estim\u00e9e\" \/>\n\t<meta name=\"twitter:data2\" content=\"5 minutes\" \/>\n<script type=\"application\/ld+json\" class=\"yoast-schema-graph\">{\"@context\":\"https:\\\/\\\/schema.org\",\"@graph\":[{\"@type\":\"Article\",\"@id\":\"https:\\\/\\\/www.topicfoot.fr\\\/index.php\\\/2025\\\/03\\\/21\\\/pablo-correa-de-buteur-redoutable-a-stratege-du-banc-de-touche\\\/#article\",\"isPartOf\":{\"@id\":\"https:\\\/\\\/www.topicfoot.fr\\\/index.php\\\/2025\\\/03\\\/21\\\/pablo-correa-de-buteur-redoutable-a-stratege-du-banc-de-touche\\\/\"},\"author\":{\"name\":\"Laurent M\",\"@id\":\"https:\\\/\\\/www.topicfoot.fr\\\/#\\\/schema\\\/person\\\/c3cc72d0475041f6006c3b9ac2fdd651\"},\"headline\":\"Pablo Correa : De buteur redoutable \u00e0 strat\u00e8ge du banc de touche\",\"datePublished\":\"2025-03-21T09:05:56+00:00\",\"dateModified\":\"2025-04-07T13:13:29+00:00\",\"mainEntityOfPage\":{\"@id\":\"https:\\\/\\\/www.topicfoot.fr\\\/index.php\\\/2025\\\/03\\\/21\\\/pablo-correa-de-buteur-redoutable-a-stratege-du-banc-de-touche\\\/\"},\"wordCount\":915,\"publisher\":{\"@id\":\"https:\\\/\\\/www.topicfoot.fr\\\/#organization\"},\"image\":{\"@id\":\"https:\\\/\\\/www.topicfoot.fr\\\/index.php\\\/2025\\\/03\\\/21\\\/pablo-correa-de-buteur-redoutable-a-stratege-du-banc-de-touche\\\/#primaryimage\"},\"thumbnailUrl\":\"https:\\\/\\\/www.topicfoot.fr\\\/wp-content\\\/uploads\\\/2025\\\/03\\\/pablo-correa-tf02-png.webp\",\"articleSection\":[\"Entra\u00eeneurs : salaires, indemnit\u00e9s et co\u00fbts de licenciement\",\"Joueurs : salaires, valeur marchande et contrats\",\"Toutes les cat\u00e9gories\"],\"inLanguage\":\"fr-FR\"},{\"@type\":\"WebPage\",\"@id\":\"https:\\\/\\\/www.topicfoot.fr\\\/index.php\\\/2025\\\/03\\\/21\\\/pablo-correa-de-buteur-redoutable-a-stratege-du-banc-de-touche\\\/\",\"url\":\"https:\\\/\\\/www.topicfoot.fr\\\/index.php\\\/2025\\\/03\\\/21\\\/pablo-correa-de-buteur-redoutable-a-stratege-du-banc-de-touche\\\/\",\"name\":\"Pablo Correa : De buteur redoutable \u00e0 strat\u00e8ge du banc de touche\",\"isPartOf\":{\"@id\":\"https:\\\/\\\/www.topicfoot.fr\\\/#website\"},\"primaryImageOfPage\":{\"@id\":\"https:\\\/\\\/www.topicfoot.fr\\\/index.php\\\/2025\\\/03\\\/21\\\/pablo-correa-de-buteur-redoutable-a-stratege-du-banc-de-touche\\\/#primaryimage\"},\"image\":{\"@id\":\"https:\\\/\\\/www.topicfoot.fr\\\/index.php\\\/2025\\\/03\\\/21\\\/pablo-correa-de-buteur-redoutable-a-stratege-du-banc-de-touche\\\/#primaryimage\"},\"thumbnailUrl\":\"https:\\\/\\\/www.topicfoot.fr\\\/wp-content\\\/uploads\\\/2025\\\/03\\\/pablo-correa-tf02-png.webp\",\"datePublished\":\"2025-03-21T09:05:56+00:00\",\"dateModified\":\"2025-04-07T13:13:29+00:00\",\"description\":\"Pablo Correa a marqu\u00e9 l\u2019histoire du football fran\u00e7ais. D\u2019abord comme attaquant, puis comme entra\u00eeneur embl\u00e9matique de l\u2019AS Nancy-Lorraine.\",\"breadcrumb\":{\"@id\":\"https:\\\/\\\/www.topicfoot.fr\\\/index.php\\\/2025\\\/03\\\/21\\\/pablo-correa-de-buteur-redoutable-a-stratege-du-banc-de-touche\\\/#breadcrumb\"},\"inLanguage\":\"fr-FR\",\"potentialAction\":[{\"@type\":\"ReadAction\",\"target\":[\"https:\\\/\\\/www.topicfoot.fr\\\/index.php\\\/2025\\\/03\\\/21\\\/pablo-correa-de-buteur-redoutable-a-stratege-du-banc-de-touche\\\/\"]}]},{\"@type\":\"ImageObject\",\"inLanguage\":\"fr-FR\",\"@id\":\"https:\\\/\\\/www.topicfoot.fr\\\/index.php\\\/2025\\\/03\\\/21\\\/pablo-correa-de-buteur-redoutable-a-stratege-du-banc-de-touche\\\/#primaryimage\",\"url\":\"https:\\\/\\\/www.topicfoot.fr\\\/wp-content\\\/uploads\\\/2025\\\/03\\\/pablo-correa-tf02-png.webp\",\"contentUrl\":\"https:\\\/\\\/www.topicfoot.fr\\\/wp-content\\\/uploads\\\/2025\\\/03\\\/pablo-correa-tf02-png.webp\",\"width\":2404,\"height\":1492},{\"@type\":\"BreadcrumbList\",\"@id\":\"https:\\\/\\\/www.topicfoot.fr\\\/index.php\\\/2025\\\/03\\\/21\\\/pablo-correa-de-buteur-redoutable-a-stratege-du-banc-de-touche\\\/#breadcrumb\",\"itemListElement\":[{\"@type\":\"ListItem\",\"position\":1,\"name\":\"Accueil\",\"item\":\"https:\\\/\\\/www.topicfoot.fr\\\/\"},{\"@type\":\"ListItem\",\"position\":2,\"name\":\"Pablo Correa : De buteur redoutable \u00e0 strat\u00e8ge du banc de touche\"}]},{\"@type\":\"WebSite\",\"@id\":\"https:\\\/\\\/www.topicfoot.fr\\\/#website\",\"url\":\"https:\\\/\\\/www.topicfoot.fr\\\/\",\"name\":\"Topic Foot\",\"description\":\"Tous l&#039;univers du Foot !\",\"publisher\":{\"@id\":\"https:\\\/\\\/www.topicfoot.fr\\\/#organization\"},\"potentialAction\":[{\"@type\":\"SearchAction\",\"target\":{\"@type\":\"EntryPoint\",\"urlTemplate\":\"https:\\\/\\\/www.topicfoot.fr\\\/?s={search_term_string}\"},\"query-input\":{\"@type\":\"PropertyValueSpecification\",\"valueRequired\":true,\"valueName\":\"search_term_string\"}}],\"inLanguage\":\"fr-FR\"},{\"@type\":\"Organization\",\"@id\":\"https:\\\/\\\/www.topicfoot.fr\\\/#organization\",\"name\":\"Topic Foot\",\"url\":\"https:\\\/\\\/www.topicfoot.fr\\\/\",\"logo\":{\"@type\":\"ImageObject\",\"inLanguage\":\"fr-FR\",\"@id\":\"https:\\\/\\\/www.topicfoot.fr\\\/#\\\/schema\\\/logo\\\/image\\\/\",\"url\":\"https:\\\/\\\/www.topicfoot.fr\\\/wp-content\\\/uploads\\\/2024\\\/04\\\/cropped-logo-topicfoot-new.jpg\",\"contentUrl\":\"https:\\\/\\\/www.topicfoot.fr\\\/wp-content\\\/uploads\\\/2024\\\/04\\\/cropped-logo-topicfoot-new.jpg\",\"width\":512,\"height\":512,\"caption\":\"Topic Foot\"},\"image\":{\"@id\":\"https:\\\/\\\/www.topicfoot.fr\\\/#\\\/schema\\\/logo\\\/image\\\/\"},\"sameAs\":[\"https:\\\/\\\/www.facebook.com\\\/topicfoot.fr\"]},{\"@type\":\"Person\",\"@id\":\"https:\\\/\\\/www.topicfoot.fr\\\/#\\\/schema\\\/person\\\/c3cc72d0475041f6006c3b9ac2fdd651\",\"name\":\"Laurent M\",\"pronouns\":\"il\",\"image\":{\"@type\":\"ImageObject\",\"inLanguage\":\"fr-FR\",\"@id\":\"https:\\\/\\\/secure.gravatar.com\\\/avatar\\\/1556f82bcb30ea7f53ada028296fbd5dbf338b8cb58c931c36f8ff69ea259d82?s=96&d=mm&r=g\",\"url\":\"https:\\\/\\\/secure.gravatar.com\\\/avatar\\\/1556f82bcb30ea7f53ada028296fbd5dbf338b8cb58c931c36f8ff69ea259d82?s=96&d=mm&r=g\",\"contentUrl\":\"https:\\\/\\\/secure.gravatar.com\\\/avatar\\\/1556f82bcb30ea7f53ada028296fbd5dbf338b8cb58c931c36f8ff69ea259d82?s=96&d=mm&r=g\",\"caption\":\"Laurent M\"},\"description\":\"Je m\u2019appelle Laurent et je suis passionn\u00e9 de football depuis mon plus jeune \u00e2ge. Ancien joueur en cat\u00e9gories de jeunes, j\u2019ai rapidement compris qu\u2019au\u2011del\u00e0 du terrain, ce sont aussi les histoires, les tactiques et les trajectoires de carri\u00e8re qui font la richesse de ce sport. Avec le temps, j\u2019ai eu envie de passer de l\u2019autre c\u00f4t\u00e9 du jeu : celui de l\u2019analyse, de l\u2019\u00e9criture et de la transmission. Depuis septembre 2024, je suis r\u00e9dacteur chez Topicfoot, o\u00f9 je m\u2019attache \u00e0 expliquer le football sous toutes ses dimensions. J\u2019aime d\u00e9crypter les matchs, analyser les choix tactiques des entra\u00eeneurs et proposer des dossiers de fond sur l\u2019\u00e9conomie du football : transferts, salaires, strat\u00e9gies de recrutement ou \u00e9volution des championnats. Mon objectif est de rendre accessibles des sujets parfois techniques, sans jamais sacrifier la pr\u00e9cision. Dans mes articles, je m\u2019efforce de croiser statistiques, ressentis du terrain et contexte historique pour offrir au lecteur une vision compl\u00e8te et nuanc\u00e9e du jeu. Je suis de pr\u00e8s la Ligue 1, les grands championnats europ\u00e9ens et l\u2019essor de nouveaux projets footballistiques \u00e0 l\u2019international, avec une attention particuli\u00e8re pour les dynamiques de clubs sur le long terme. En dehors de la r\u00e9daction, je continue de jouer en amateur et je passe beaucoup de temps \u00e0 regarder des matchs et analyser des s\u00e9quences vid\u00e9o. Cette habitude nourrit directement mon travail d\u2019\u00e9criture : chaque rencontre est une occasion de mieux comprendre le jeu\u2026 et de mieux le raconter aux lecteurs de Topicfoot.\",\"url\":\"https:\\\/\\\/www.topicfoot.fr\\\/index.php\\\/author\\\/laurent-muscarnera\\\/\"}]}<\/script>\n<!-- \/ Yoast SEO plugin. -->","yoast_head_json":{"title":"Pablo Correa : De buteur redoutable \u00e0 strat\u00e8ge du banc de touche","description":"Pablo Correa a marqu\u00e9 l\u2019histoire du football fran\u00e7ais. D\u2019abord comme attaquant, puis comme entra\u00eeneur embl\u00e9matique de l\u2019AS Nancy-Lorraine.","robots":{"index":"index","follow":"follow","max-snippet":"max-snippet:-1","max-image-preview":"max-image-preview:large","max-video-preview":"max-video-preview:-1"},"canonical":"https:\/\/www.topicfoot.fr\/index.php\/2025\/03\/21\/pablo-correa-de-buteur-redoutable-a-stratege-du-banc-de-touche\/","og_locale":"fr_FR","og_type":"article","og_title":"Pablo Correa : De buteur redoutable \u00e0 strat\u00e8ge du banc de touche","og_description":"Pablo Correa a marqu\u00e9 l\u2019histoire du football fran\u00e7ais. D\u2019abord comme attaquant, puis comme entra\u00eeneur embl\u00e9matique de l\u2019AS Nancy-Lorraine.","og_url":"https:\/\/www.topicfoot.fr\/index.php\/2025\/03\/21\/pablo-correa-de-buteur-redoutable-a-stratege-du-banc-de-touche\/","og_site_name":"Topic Foot","article_publisher":"https:\/\/www.facebook.com\/topicfoot.fr","article_published_time":"2025-03-21T09:05:56+00:00","article_modified_time":"2025-04-07T13:13:29+00:00","og_image":[{"width":2404,"height":1492,"url":"https:\/\/www.topicfoot.fr\/wp-content\/uploads\/2025\/03\/pablo-correa-tf02-png.webp","type":"image\/png"}],"author":"Laurent M","twitter_card":"summary_large_image","twitter_misc":{"\u00c9crit par":"Laurent M","Dur\u00e9e de lecture estim\u00e9e":"5 minutes"},"schema":{"@context":"https:\/\/schema.org","@graph":[{"@type":"Article","@id":"https:\/\/www.topicfoot.fr\/index.php\/2025\/03\/21\/pablo-correa-de-buteur-redoutable-a-stratege-du-banc-de-touche\/#article","isPartOf":{"@id":"https:\/\/www.topicfoot.fr\/index.php\/2025\/03\/21\/pablo-correa-de-buteur-redoutable-a-stratege-du-banc-de-touche\/"},"author":{"name":"Laurent M","@id":"https:\/\/www.topicfoot.fr\/#\/schema\/person\/c3cc72d0475041f6006c3b9ac2fdd651"},"headline":"Pablo Correa : De buteur redoutable \u00e0 strat\u00e8ge du banc de touche","datePublished":"2025-03-21T09:05:56+00:00","dateModified":"2025-04-07T13:13:29+00:00","mainEntityOfPage":{"@id":"https:\/\/www.topicfoot.fr\/index.php\/2025\/03\/21\/pablo-correa-de-buteur-redoutable-a-stratege-du-banc-de-touche\/"},"wordCount":915,"publisher":{"@id":"https:\/\/www.topicfoot.fr\/#organization"},"image":{"@id":"https:\/\/www.topicfoot.fr\/index.php\/2025\/03\/21\/pablo-correa-de-buteur-redoutable-a-stratege-du-banc-de-touche\/#primaryimage"},"thumbnailUrl":"https:\/\/www.topicfoot.fr\/wp-content\/uploads\/2025\/03\/pablo-correa-tf02-png.webp","articleSection":["Entra\u00eeneurs : salaires, indemnit\u00e9s et co\u00fbts de licenciement","Joueurs : salaires, valeur marchande et contrats","Toutes les cat\u00e9gories"],"inLanguage":"fr-FR"},{"@type":"WebPage","@id":"https:\/\/www.topicfoot.fr\/index.php\/2025\/03\/21\/pablo-correa-de-buteur-redoutable-a-stratege-du-banc-de-touche\/","url":"https:\/\/www.topicfoot.fr\/index.php\/2025\/03\/21\/pablo-correa-de-buteur-redoutable-a-stratege-du-banc-de-touche\/","name":"Pablo Correa : De buteur redoutable \u00e0 strat\u00e8ge du banc de touche","isPartOf":{"@id":"https:\/\/www.topicfoot.fr\/#website"},"primaryImageOfPage":{"@id":"https:\/\/www.topicfoot.fr\/index.php\/2025\/03\/21\/pablo-correa-de-buteur-redoutable-a-stratege-du-banc-de-touche\/#primaryimage"},"image":{"@id":"https:\/\/www.topicfoot.fr\/index.php\/2025\/03\/21\/pablo-correa-de-buteur-redoutable-a-stratege-du-banc-de-touche\/#primaryimage"},"thumbnailUrl":"https:\/\/www.topicfoot.fr\/wp-content\/uploads\/2025\/03\/pablo-correa-tf02-png.webp","datePublished":"2025-03-21T09:05:56+00:00","dateModified":"2025-04-07T13:13:29+00:00","description":"Pablo Correa a marqu\u00e9 l\u2019histoire du football fran\u00e7ais. D\u2019abord comme attaquant, puis comme entra\u00eeneur embl\u00e9matique de l\u2019AS Nancy-Lorraine.","breadcrumb":{"@id":"https:\/\/www.topicfoot.fr\/index.php\/2025\/03\/21\/pablo-correa-de-buteur-redoutable-a-stratege-du-banc-de-touche\/#breadcrumb"},"inLanguage":"fr-FR","potentialAction":[{"@type":"ReadAction","target":["https:\/\/www.topicfoot.fr\/index.php\/2025\/03\/21\/pablo-correa-de-buteur-redoutable-a-stratege-du-banc-de-touche\/"]}]},{"@type":"ImageObject","inLanguage":"fr-FR","@id":"https:\/\/www.topicfoot.fr\/index.php\/2025\/03\/21\/pablo-correa-de-buteur-redoutable-a-stratege-du-banc-de-touche\/#primaryimage","url":"https:\/\/www.topicfoot.fr\/wp-content\/uploads\/2025\/03\/pablo-correa-tf02-png.webp","contentUrl":"https:\/\/www.topicfoot.fr\/wp-content\/uploads\/2025\/03\/pablo-correa-tf02-png.webp","width":2404,"height":1492},{"@type":"BreadcrumbList","@id":"https:\/\/www.topicfoot.fr\/index.php\/2025\/03\/21\/pablo-correa-de-buteur-redoutable-a-stratege-du-banc-de-touche\/#breadcrumb","itemListElement":[{"@type":"ListItem","position":1,"name":"Accueil","item":"https:\/\/www.topicfoot.fr\/"},{"@type":"ListItem","position":2,"name":"Pablo Correa : De buteur redoutable \u00e0 strat\u00e8ge du banc de touche"}]},{"@type":"WebSite","@id":"https:\/\/www.topicfoot.fr\/#website","url":"https:\/\/www.topicfoot.fr\/","name":"Topic Foot","description":"Tous l&#039;univers du Foot !","publisher":{"@id":"https:\/\/www.topicfoot.fr\/#organization"},"potentialAction":[{"@type":"SearchAction","target":{"@type":"EntryPoint","urlTemplate":"https:\/\/www.topicfoot.fr\/?s={search_term_string}"},"query-input":{"@type":"PropertyValueSpecification","valueRequired":true,"valueName":"search_term_string"}}],"inLanguage":"fr-FR"},{"@type":"Organization","@id":"https:\/\/www.topicfoot.fr\/#organization","name":"Topic Foot","url":"https:\/\/www.topicfoot.fr\/","logo":{"@type":"ImageObject","inLanguage":"fr-FR","@id":"https:\/\/www.topicfoot.fr\/#\/schema\/logo\/image\/","url":"https:\/\/www.topicfoot.fr\/wp-content\/uploads\/2024\/04\/cropped-logo-topicfoot-new.jpg","contentUrl":"https:\/\/www.topicfoot.fr\/wp-content\/uploads\/2024\/04\/cropped-logo-topicfoot-new.jpg","width":512,"height":512,"caption":"Topic Foot"},"image":{"@id":"https:\/\/www.topicfoot.fr\/#\/schema\/logo\/image\/"},"sameAs":["https:\/\/www.facebook.com\/topicfoot.fr"]},{"@type":"Person","@id":"https:\/\/www.topicfoot.fr\/#\/schema\/person\/c3cc72d0475041f6006c3b9ac2fdd651","name":"Laurent M","pronouns":"il","image":{"@type":"ImageObject","inLanguage":"fr-FR","@id":"https:\/\/secure.gravatar.com\/avatar\/1556f82bcb30ea7f53ada028296fbd5dbf338b8cb58c931c36f8ff69ea259d82?s=96&d=mm&r=g","url":"https:\/\/secure.gravatar.com\/avatar\/1556f82bcb30ea7f53ada028296fbd5dbf338b8cb58c931c36f8ff69ea259d82?s=96&d=mm&r=g","contentUrl":"https:\/\/secure.gravatar.com\/avatar\/1556f82bcb30ea7f53ada028296fbd5dbf338b8cb58c931c36f8ff69ea259d82?s=96&d=mm&r=g","caption":"Laurent M"},"description":"Je m\u2019appelle Laurent et je suis passionn\u00e9 de football depuis mon plus jeune \u00e2ge. Ancien joueur en cat\u00e9gories de jeunes, j\u2019ai rapidement compris qu\u2019au\u2011del\u00e0 du terrain, ce sont aussi les histoires, les tactiques et les trajectoires de carri\u00e8re qui font la richesse de ce sport. Avec le temps, j\u2019ai eu envie de passer de l\u2019autre c\u00f4t\u00e9 du jeu : celui de l\u2019analyse, de l\u2019\u00e9criture et de la transmission. Depuis septembre 2024, je suis r\u00e9dacteur chez Topicfoot, o\u00f9 je m\u2019attache \u00e0 expliquer le football sous toutes ses dimensions. J\u2019aime d\u00e9crypter les matchs, analyser les choix tactiques des entra\u00eeneurs et proposer des dossiers de fond sur l\u2019\u00e9conomie du football : transferts, salaires, strat\u00e9gies de recrutement ou \u00e9volution des championnats. Mon objectif est de rendre accessibles des sujets parfois techniques, sans jamais sacrifier la pr\u00e9cision. Dans mes articles, je m\u2019efforce de croiser statistiques, ressentis du terrain et contexte historique pour offrir au lecteur une vision compl\u00e8te et nuanc\u00e9e du jeu. Je suis de pr\u00e8s la Ligue 1, les grands championnats europ\u00e9ens et l\u2019essor de nouveaux projets footballistiques \u00e0 l\u2019international, avec une attention particuli\u00e8re pour les dynamiques de clubs sur le long terme. En dehors de la r\u00e9daction, je continue de jouer en amateur et je passe beaucoup de temps \u00e0 regarder des matchs et analyser des s\u00e9quences vid\u00e9o. Cette habitude nourrit directement mon travail d\u2019\u00e9criture : chaque rencontre est une occasion de mieux comprendre le jeu\u2026 et de mieux le raconter aux lecteurs de Topicfoot.","url":"https:\/\/www.topicfoot.fr\/index.php\/author\/laurent-muscarnera\/"}]}},"_links":{"self":[{"href":"https:\/\/www.topicfoot.fr\/index.php\/wp-json\/wp\/v2\/posts\/13067","targetHints":{"allow":["GET"]}}],"collection":[{"href":"https:\/\/www.topicfoot.fr\/index.php\/wp-json\/wp\/v2\/posts"}],"about":[{"href":"https:\/\/www.topicfoot.fr\/index.php\/wp-json\/wp\/v2\/types\/post"}],"author":[{"embeddable":true,"href":"https:\/\/www.topicfoot.fr\/index.php\/wp-json\/wp\/v2\/users\/5"}],"replies":[{"embeddable":true,"href":"https:\/\/www.topicfoot.fr\/index.php\/wp-json\/wp\/v2\/comments?post=13067"}],"version-history":[{"count":0,"href":"https:\/\/www.topicfoot.fr\/index.php\/wp-json\/wp\/v2\/posts\/13067\/revisions"}],"wp:featuredmedia":[{"embeddable":true,"href":"https:\/\/www.topicfoot.fr\/index.php\/wp-json\/wp\/v2\/media\/13070"}],"wp:attachment":[{"href":"https:\/\/www.topicfoot.fr\/index.php\/wp-json\/wp\/v2\/media?parent=13067"}],"wp:term":[{"taxonomy":"category","embeddable":true,"href":"https:\/\/www.topicfoot.fr\/index.php\/wp-json\/wp\/v2\/categories?post=13067"},{"taxonomy":"post_tag","embeddable":true,"href":"https:\/\/www.topicfoot.fr\/index.php\/wp-json\/wp\/v2\/tags?post=13067"},{"taxonomy":"post_folder","embeddable":true,"href":"https:\/\/www.topicfoot.fr\/index.php\/wp-json\/wp\/v2\/post_folder?post=13067"}],"curies":[{"name":"wp","href":"https:\/\/api.w.org\/{rel}","templated":true}]}}