{"id":13127,"date":"2025-03-26T15:02:03","date_gmt":"2025-03-26T14:02:03","guid":{"rendered":"https:\/\/www.topicfoot.fr\/?p=13127"},"modified":"2025-03-26T15:02:12","modified_gmt":"2025-03-26T14:02:12","slug":"jules-rimet-lhomme-qui-a-bati-le-football-mondial","status":"publish","type":"post","link":"https:\/\/www.topicfoot.fr\/index.php\/2025\/03\/26\/jules-rimet-lhomme-qui-a-bati-le-football-mondial\/","title":{"rendered":"Jules Rimet : L\u2019homme qui a b\u00e2ti le football mondial"},"content":{"rendered":"<span class=\"span-reading-time rt-reading-time\" style=\"display: block;\"><span class=\"rt-label rt-prefix\">Temps de lecture\u00a0:  <\/span> <span class=\"rt-time\"> 3<\/span> <span class=\"rt-label rt-postfix\">minutes.  <\/span><\/span>\n<p>Jules Rimet a chang\u00e9 \u00e0 jamais l\u2019histoire du football. Cr\u00e9ateur de la Coupe du Monde, il a b\u00e2ti les fondations du football moderne et structur\u00e9 son d\u00e9veloppement \u00e0 l\u2019\u00e9chelle internationale. De la pr\u00e9sidence de la FIFA \u00e0 son engagement pour un sport accessible \u00e0 tous, il a impos\u00e9 une vision forte, malgr\u00e9 les d\u00e9fis politiques et historiques. Plong\u00e9e dans le parcours d\u2019un homme dont l\u2019h\u00e9ritage continue d\u2019influencer le football aujourd\u2019hui.<\/p>\n\n\n<div class=\"wp-block-image\">\n<figure class=\"aligncenter size-full\"><img loading=\"lazy\" decoding=\"async\" width=\"640\" height=\"454\" src=\"https:\/\/www.topicfoot.fr\/wp-content\/uploads\/2025\/03\/jules-rimet-a-son-bureau-en-1933-tf.webp\" alt=\"jules rimet 1933\" class=\"wp-image-13128\" srcset=\"https:\/\/www.topicfoot.fr\/wp-content\/uploads\/2025\/03\/jules-rimet-a-son-bureau-en-1933-tf.webp 640w, https:\/\/www.topicfoot.fr\/wp-content\/uploads\/2025\/03\/jules-rimet-a-son-bureau-en-1933-tf-300x213.webp 300w\" sizes=\"auto, (max-width: 640px) 100vw, 640px\" \/><\/figure>\n<\/div>\n\n\n<p>Jules Rimet a fa\u00e7onn\u00e9 l\u2019histoire du football. Fondateur de la Coupe du Monde, il a transform\u00e9 ce sport en un ph\u00e9nom\u00e8ne mondial. Derri\u00e8re cette r\u00e9ussite, un homme aux id\u00e9es fortes, un dirigeant engag\u00e9 et un b\u00e2tisseur infatigable. De la pr\u00e9sidence de la FIFA \u00e0 la structuration du football fran\u00e7ais, il a impos\u00e9 sa vision. Comment un simple passionn\u00e9 a-t-il r\u00e9ussi \u00e0 donner au football l\u2019\u00e9v\u00e9nement le plus suivi de la plan\u00e8te ?<\/p>\n\n\n\n<h2 class=\"wp-block-heading\"><strong>Un pr\u00e9curseur au service du sport<\/strong><\/h2>\n\n\n\n<p>Jules Rimet na\u00eet en 1873 \u00e0 Theuley, un village de Haute-Sa\u00f4ne. Issu d\u2019une famille modeste, il grandit dans un contexte o\u00f9 le football est encore m\u00e9connu en France. Tr\u00e8s jeune, il s\u2019int\u00e9resse au sport et \u00e0 son r\u00f4le dans la soci\u00e9t\u00e9. Il voit en lui un outil d\u2019\u00e9mancipation et de rassemblement.<\/p>\n\n\n\n<p>En 1897, il fonde le Red Star Club, un club qui d\u00e9fend des valeurs sociales. Contrairement aux cercles \u00e9litistes de l\u2019\u00e9poque, son club est ouvert aux jeunes de tous horizons. Il veut un football accessible, loin des privil\u00e8ges. Cette vision ne le quittera jamais.<\/p>\n\n\n\n<p>Son engagement grandit. En 1919, il joue un r\u00f4le cl\u00e9 dans la cr\u00e9ation de la F\u00e9d\u00e9ration Fran\u00e7aise de Football (FFF). Pr\u00e9sident de cette nouvelle institution, il met en place une organisation structur\u00e9e et contribue \u00e0 l\u2019essor du football en France. Mais son ambition d\u00e9passe les fronti\u00e8res nationales.<\/p>\n\n\n\n<h2 class=\"wp-block-heading\"><strong>L\u2019ascension au sommet de la FIFA<\/strong><\/h2>\n\n\n\n<p>En 1921, Jules Rimet devient pr\u00e9sident de la FIFA. \u00c0 cette \u00e9poque, l\u2019organisation est encore balbutiante et le football international manque de cadre. Son objectif est clair : donner une v\u00e9ritable envergure mondiale au football. Il veut cr\u00e9er une comp\u00e9tition o\u00f9 les nations s\u2019affronteraient dans un cadre professionnel.<\/p>\n\n\n\n<p>L\u2019id\u00e9e est audacieuse. Jusqu\u2019ici, le football international est domin\u00e9 par les Jeux Olympiques, o\u00f9 seules les \u00e9quipes amateurs peuvent participer. Jules Rimet veut une comp\u00e9tition ind\u00e9pendante, o\u00f9 les meilleurs joueurs du monde auraient leur place.<\/p>\n\n\n\n<figure class=\"wp-block-image size-full\"><img loading=\"lazy\" decoding=\"async\" width=\"1024\" height=\"478\" src=\"https:\/\/www.topicfoot.fr\/wp-content\/uploads\/2025\/03\/jules-rimet-et-lequipe-de-france-de-football-coupe-du-monde-1930-tf.webp\" alt=\"Jules Rimet a chang\u00e9 \u00e0 jamais l\u2019histoire du football. Cr\u00e9ateur de la Coupe du Monde, il a b\u00e2ti les fondations du football moderne\" class=\"wp-image-13129\" srcset=\"https:\/\/www.topicfoot.fr\/wp-content\/uploads\/2025\/03\/jules-rimet-et-lequipe-de-france-de-football-coupe-du-monde-1930-tf.webp 1024w, https:\/\/www.topicfoot.fr\/wp-content\/uploads\/2025\/03\/jules-rimet-et-lequipe-de-france-de-football-coupe-du-monde-1930-tf-300x140.webp 300w, https:\/\/www.topicfoot.fr\/wp-content\/uploads\/2025\/03\/jules-rimet-et-lequipe-de-france-de-football-coupe-du-monde-1930-tf-768x359.webp 768w\" sizes=\"auto, (max-width: 1024px) 100vw, 1024px\" \/><\/figure>\n\n\n\n<p class=\"has-text-align-center\"><em>Jules Rimet et l&rsquo;\u00e9quipe de France au d\u00e9part de la coupe du monde 1930<\/em><\/p>\n\n\n\n<p>En 1928, apr\u00e8s des ann\u00e9es de n\u00e9gociations, la FIFA valide enfin son projet. La premi\u00e8re Coupe du Monde verra le jour en 1930. L\u2019Uruguay est choisi pour accueillir le tournoi. Treize nations y participent malgr\u00e9 les difficult\u00e9s de transport. Le succ\u00e8s est imm\u00e9diat. Jules Rimet assiste \u00e0 la finale et remet lui-m\u00eame le troph\u00e9e, qui porte son nom.<\/p>\n\n\n\n<h2 class=\"wp-block-heading\"><strong>Un dirigeant face aux tensions politiques<\/strong><\/h2>\n\n\n\n<p>Jules Rimet ne se contente pas d\u2019organiser des comp\u00e9titions. Il porte une vision humaniste du football. Pour lui, ce sport doit \u00eatre un vecteur de paix et de rapprochement entre les peuples.<\/p>\n\n\n\n<p>Mais le contexte politique des ann\u00e9es 1930 complique sa mission. La Coupe du Monde 1934 se d\u00e9roule en Italie, sous le r\u00e9gime fasciste de Mussolini. Rimet est conscient des enjeux. Il refuse d\u2019associer la FIFA \u00e0 toute propagande politique et insiste sur la neutralit\u00e9 du tournoi.<\/p>\n\n\n\n<p>En 1938, la comp\u00e9tition se tient en France. L\u2019Europe est au bord du chaos, et certaines nations refusent de participer. Jules Rimet tente de maintenir l\u2019esprit du football, mais la Seconde Guerre mondiale met un coup d\u2019arr\u00eat brutal aux comp\u00e9titions internationales.<\/p>\n\n\n\n<h2 class=\"wp-block-heading\"><strong>La reconstruction du football mondial<\/strong><\/h2>\n\n\n\n<p>Apr\u00e8s la guerre, Jules Rimet se bat pour relancer le football. Il \u0153uvre pour le retour de l\u2019Allemagne et du Japon au sein de la FIFA, malgr\u00e9 les tensions diplomatiques. Il veut un football sans exclusions, o\u00f9 chaque nation a sa place.<\/p>\n\n\n\n<p>En 1950, la Coupe du Monde fait son grand retour au Br\u00e9sil. Cette \u00e9dition est marqu\u00e9e par l\u2019engouement populaire et la ferveur des supporters. Rimet y voit la confirmation que son r\u00eave est devenu une r\u00e9alit\u00e9.<\/p>\n\n\n\n<p>Il reste pr\u00e9sident de la FIFA jusqu\u2019en 1954. Apr\u00e8s 33 ans \u00e0 sa t\u00eate, il laisse derri\u00e8re lui une organisation structur\u00e9e et un tournoi devenu incontournable.<\/p>\n\n\n\n<h2 class=\"wp-block-heading\"><strong>Un h\u00e9ritage toujours vivant<\/strong><\/h2>\n\n\n\n<p>Jules Rimet s\u2019\u00e9teint en 1956, mais son \u0153uvre lui survit. La Coupe du Monde devient le plus grand \u00e9v\u00e9nement sportif de la plan\u00e8te. En hommage \u00e0 son travail, la FIFA donne son nom au troph\u00e9e de la comp\u00e9tition jusqu\u2019en 1970.<\/p>\n\n\n\n<p>Son engagement a pos\u00e9 les bases du football moderne. Aujourd\u2019hui encore, son id\u00e9al d\u2019un sport universel et f\u00e9d\u00e9rateur continue d\u2019influencer les instances dirigeantes.<\/p>\n\n\n\n<p>Mais alors que le football est devenu une industrie, comment pr\u00e9server les valeurs qu\u2019il a toujours d\u00e9fendues ?<\/p>\n\n\n\n<p><!-- Noptin Newsletter Plugin v4.2.2 - https:\/\/wordpress.org\/plugins\/newsletter-optin-box\/ --><div id=\"noptin-form-2__wrapper\" class=\"noptin-optin-main-wrapper noptin-form-id-9842 noptin-inpost-main-wrapper\" aria-labelledby=\"noptin-form-2__title\" ><style>\/*Custom css*\/\n\n.noptin-form-id-9842 .noptin-optin-form-wrapper .noptin-optin-form.noptin-form-single-line .noptin-form-submit{\n\tborder-radius: 30px;\n}\n\n@media only screen and (min-width: 768px) {\n\n\t.noptin-form-id-9842 .noptin-optin-form-wrapper .noptin-optin-form.noptin-form-single-line .noptin-form-submit{\n\t\tposition: absolute;\n\t\tbottom: -1px;\n\t\ttop: 0;\n\t\tright: 0px;\n\t}\n\n}\n\n.noptin-form-id-9842 .noptin-optin-form-wrapper .noptin-form-single-line .noptin-form-field{\n \tborder-radius: 30px !important;\n\tborder: none !important;\n} #noptin-form-2__wrapper {--noptin-background-color: #424242; --noptin-border-color: #424242; --noptin-button-color: #607D8B; --noptin-button-text-color: #fafafa; --noptin-title-color: #fafafa; --noptin-description-color: #fafafa; --noptin-prefix-color: #607d8b; --noptin-note-color: #fafafa;}<\/style><div style=\"max-width:620px; min-height:280px;border-color: #424242;\" class=\"noptin-optin-form-wrapper no-image\" ><!-- Form ID: 9842 --><form id=\"noptin-form-2\" class=\"noptin-optin-form noptin-form-single-line noptin-label-hide noptin-form-2\" method=\"post\" novalidate >\t\t\t\t\t<div class=\"noptin-form-header noptin-img-left\">\n\t\t\t\t\t\t\t\t\t\t\t\t<div class=\"noptin-form-header-text\">\n\n\t\t\t\t\t\t\t\t\t\t\t\t\t\t\t<div style=\"color: #607d8b;font-size: 20px; font-weight: 500; line-height: 1.3;\" class=\"noptin-form-prefix\">\n\t\t\t\t\t\t\t\t\t\t\t\t\t\t\t\t\t<\/div>\n\t\t\t\t\t\t\t\n\t\t\t\t\t\t\t\t\t\t\t\t\t\t\t<div style=\"color: #fafafa;font-size: 20px; font-weight: 700; line-height: 1.5;\" class=\"noptin-form-heading\">\n\t\t\t\t\t\t\t\t\tAbonnez-vous \u00e0 TopicFoot\t\t\t\t\t\t\t\t<\/div>\n\t\t\t\t\t\t\t\n\t\t\t\t\t\t\t\t\t\t\t\t\t\t\t<div style=\"color: #fafafa;font-size: 16px; font-weight: 500; line-height: 1.5;\" class=\"noptin-form-description\">\n\t\t\t\t\t\t\t\t\tEntrez votre Mail pour recevoir nos derniers articles.\t\t\t\t\t\t\t\t<\/div>\n\t\t\t\t\t\t\t\n\t\t\t\t\t\t<\/div>\n\t\t\t\t\t\t\n\t\t\t\t\t\t\t\t\t\t\t\t\t<div class=\"noptin-form-header-image\">\n\t\t\t\t\t\t\t\t<img decoding=\"async\" alt=\"icon\" src=\"https:\/\/www.topicfoot.fr\/wp-content\/plugins\/newsletter-optin-box\/includes\/assets\/images\/email-icon.png\" \/>\n\t\t\t\t\t\t\t<\/div>\n\t\t\t\t\t\t\n\t\t\t\t\t<\/div>\n\t\t\t\t<div class=\"noptin-form-footer\"><div class=\"noptin-form-fields\">\t\t\t<div class=\"noptin-form-field-wrapper noptin-form-field-email noptin-optin-field-wrapper noptin-optin-field-email\" id=\"noptin-form-2__field-email--wrapper\" >\n\t\t<div class=\"noptin-field-email\">\n\t\t\t<label class=\"noptin-label\" for=\"noptin-form-2__field-email\">Adresse Mail<\/label>\n\t\t\t<input name=\"noptin_fields[email]\" id=\"noptin-form-2__field-email\" type=\"email\" class=\"noptin-text noptin-form-field noptin-form-field__email noptin-form-field__has-no-placeholder\" placeholder=\"Adresse Mail\" required \/>\n\n\t\t<\/div><\/div>\t\t\t<div class=\"noptin-form-field-wrapper noptin-form-field- noptin-optin-field-wrapper noptin-optin-field-\" id=\"noptin-form-2__field---wrapper\" >\n\t\t<\/div>\t\t\t<div class=\"noptin-form-field-wrapper noptin-form-field-submit noptin-optin-field-wrapper noptin-optin-field-submit\" >\n\t\t\n\t\t\t<input type=\"submit\" id=\"noptin-form-2__submit\" class=\"noptin-form-submit btn button btn-primary button-primary wp-element-button\" name=\"noptin-submit\" value=\"Abonnez-vous\" style=\"background-color: #607D8B;color: #fafafa;\"  \/>\n\n\t\t<\/div><\/div>\t\t\t\t\t\t<div class=\"noptin-form-notice noptin-response\" role=\"alert\"><\/div>\n\t\t\t<\/div>\n\t\t\t<input type=\"hidden\" name=\"noptin_element_id\" value=\"2\" \/><input type=\"hidden\" name=\"source\" value=\"9842\" \/><input type=\"hidden\" name=\"form_action\" value=\"subscribe\" \/><input type=\"hidden\" name=\"noptin-config\" value=\"geVp3bmVsS.Bejx5F7hyheCZeasGrk6UoV7mPwUKzeAj_J_jRQjYkLtSn67MwIeo\" \/><input type=\"hidden\" name=\"noptin_form_id\" value=\"9842\" \/><\/form><\/div><!-- \/Form ID: 9842 --><\/div><!-- \/ Noptin Newsletter Plugin --><br>Voir aussi notre article sur :\u00a0<a href=\"https:\/\/www.topicfoot.fr\/index.php\/2025\/03\/12\/henri-delaunay-lhomme-qui-a-faconne-le-football-europeen\/\">Henri Delaunay : L\u2019homme qui a fa\u00e7onn\u00e9 le football europ\u00e9en<\/a><\/p>\n\n\n\n<figure class=\"wp-block-embed is-type-wp-embed is-provider-topic-foot wp-block-embed-topic-foot\"><div class=\"wp-block-embed__wrapper\">\n<blockquote class=\"wp-embedded-content\" data-secret=\"ovKjik0xdn\"><a href=\"https:\/\/www.topicfoot.fr\/index.php\/2025\/03\/12\/henri-delaunay-lhomme-qui-a-faconne-le-football-europeen\/\">Henri Delaunay : L\u2019homme qui a fa\u00e7onn\u00e9 le football europ\u00e9en<\/a><\/blockquote><iframe loading=\"lazy\" class=\"wp-embedded-content\" sandbox=\"allow-scripts\" security=\"restricted\" style=\"position: absolute; visibility: hidden;\" title=\"\u00ab\u00a0Henri Delaunay : L\u2019homme qui a fa\u00e7onn\u00e9 le football europ\u00e9en\u00a0\u00bb &#8212; Topic Foot\" src=\"https:\/\/www.topicfoot.fr\/index.php\/2025\/03\/12\/henri-delaunay-lhomme-qui-a-faconne-le-football-europeen\/embed\/#?secret=OptIqAqYn1#?secret=ovKjik0xdn\" data-secret=\"ovKjik0xdn\" width=\"500\" height=\"282\" frameborder=\"0\" marginwidth=\"0\" marginheight=\"0\" scrolling=\"no\"><\/iframe>\n<\/div><\/figure>\n","protected":false},"excerpt":{"rendered":"<div class=\"mh-excerpt\">Jules Rimet a chang\u00e9 \u00e0 jamais l\u2019histoire du football. Cr\u00e9ateur de la Coupe du Monde, il a b\u00e2ti les fondations du football moderne<\/div>\n<p> <a class=\"mh-excerpt-more\" href=\"https:\/\/www.topicfoot.fr\/index.php\/2025\/03\/26\/jules-rimet-lhomme-qui-a-bati-le-football-mondial\/\" title=\"Jules Rimet : L\u2019homme qui a b\u00e2ti le football mondial\">[&#8230;]<\/a><\/p>\n","protected":false},"author":5,"featured_media":13128,"comment_status":"closed","ping_status":"open","sticky":false,"template":"","format":"standard","meta":{"footnotes":""},"categories":[107,158,106,97,31],"tags":[],"post_folder":[],"class_list":{"0":"post-13127","1":"post","2":"type-post","3":"status-publish","4":"format-standard","5":"has-post-thumbnail","7":"category-coupe-du-monde","8":"category-fff","9":"category-fifa","10":"category-histoire","11":"category-toutes-les-categories"},"yoast_head":"<!-- This site is optimized with the Yoast SEO plugin v27.4 - https:\/\/yoast.com\/product\/yoast-seo-wordpress\/ -->\n<title>Jules Rimet : L\u2019homme qui a b\u00e2ti le football mondial<\/title>\n<meta name=\"description\" content=\"Jules Rimet a chang\u00e9 \u00e0 jamais l\u2019histoire du football. Cr\u00e9ateur de la Coupe du Monde, il a b\u00e2ti les fondations du football moderne\" \/>\n<meta name=\"robots\" content=\"index, follow, max-snippet:-1, max-image-preview:large, max-video-preview:-1\" \/>\n<link rel=\"canonical\" href=\"https:\/\/www.topicfoot.fr\/index.php\/2025\/03\/26\/jules-rimet-lhomme-qui-a-bati-le-football-mondial\/\" \/>\n<meta property=\"og:locale\" content=\"fr_FR\" \/>\n<meta property=\"og:type\" content=\"article\" \/>\n<meta property=\"og:title\" content=\"Jules Rimet : L\u2019homme qui a b\u00e2ti le football mondial\" \/>\n<meta property=\"og:description\" content=\"Jules Rimet a chang\u00e9 \u00e0 jamais l\u2019histoire du football. Cr\u00e9ateur de la Coupe du Monde, il a b\u00e2ti les fondations du football moderne\" \/>\n<meta property=\"og:url\" content=\"https:\/\/www.topicfoot.fr\/index.php\/2025\/03\/26\/jules-rimet-lhomme-qui-a-bati-le-football-mondial\/\" \/>\n<meta property=\"og:site_name\" content=\"Topic Foot\" \/>\n<meta property=\"article:publisher\" content=\"https:\/\/www.facebook.com\/topicfoot.fr\" \/>\n<meta property=\"article:published_time\" content=\"2025-03-26T14:02:03+00:00\" \/>\n<meta property=\"article:modified_time\" content=\"2025-03-26T14:02:12+00:00\" \/>\n<meta property=\"og:image\" content=\"https:\/\/www.topicfoot.fr\/wp-content\/uploads\/2025\/03\/jules-rimet-a-son-bureau-en-1933-tf.webp\" \/>\n\t<meta property=\"og:image:width\" content=\"640\" \/>\n\t<meta property=\"og:image:height\" content=\"454\" \/>\n\t<meta property=\"og:image:type\" content=\"image\/jpeg\" \/>\n<meta name=\"author\" content=\"Laurent M\" \/>\n<meta name=\"twitter:card\" content=\"summary_large_image\" \/>\n<meta name=\"twitter:label1\" content=\"\u00c9crit par\" \/>\n\t<meta name=\"twitter:data1\" content=\"Laurent M\" \/>\n\t<meta name=\"twitter:label2\" content=\"Dur\u00e9e de lecture estim\u00e9e\" \/>\n\t<meta name=\"twitter:data2\" content=\"5 minutes\" \/>\n<script type=\"application\/ld+json\" class=\"yoast-schema-graph\">{\"@context\":\"https:\\\/\\\/schema.org\",\"@graph\":[{\"@type\":\"Article\",\"@id\":\"https:\\\/\\\/www.topicfoot.fr\\\/index.php\\\/2025\\\/03\\\/26\\\/jules-rimet-lhomme-qui-a-bati-le-football-mondial\\\/#article\",\"isPartOf\":{\"@id\":\"https:\\\/\\\/www.topicfoot.fr\\\/index.php\\\/2025\\\/03\\\/26\\\/jules-rimet-lhomme-qui-a-bati-le-football-mondial\\\/\"},\"author\":{\"name\":\"Laurent M\",\"@id\":\"https:\\\/\\\/www.topicfoot.fr\\\/#\\\/schema\\\/person\\\/c3cc72d0475041f6006c3b9ac2fdd651\"},\"headline\":\"Jules Rimet : L\u2019homme qui a b\u00e2ti le football mondial\",\"datePublished\":\"2025-03-26T14:02:03+00:00\",\"dateModified\":\"2025-03-26T14:02:12+00:00\",\"mainEntityOfPage\":{\"@id\":\"https:\\\/\\\/www.topicfoot.fr\\\/index.php\\\/2025\\\/03\\\/26\\\/jules-rimet-lhomme-qui-a-bati-le-football-mondial\\\/\"},\"wordCount\":891,\"publisher\":{\"@id\":\"https:\\\/\\\/www.topicfoot.fr\\\/#organization\"},\"image\":{\"@id\":\"https:\\\/\\\/www.topicfoot.fr\\\/index.php\\\/2025\\\/03\\\/26\\\/jules-rimet-lhomme-qui-a-bati-le-football-mondial\\\/#primaryimage\"},\"thumbnailUrl\":\"https:\\\/\\\/www.topicfoot.fr\\\/wp-content\\\/uploads\\\/2025\\\/03\\\/jules-rimet-a-son-bureau-en-1933-tf.webp\",\"articleSection\":[\"Coupe du Monde : l\u2019\u00e9v\u00e9nement le plus lucratif du football\",\"FFF : finances et gouvernance du football fran\u00e7ais\",\"FIFA : pouvoir financier et \u00e9conomie du football mondial\",\"Histoire du football\",\"Toutes les cat\u00e9gories\"],\"inLanguage\":\"fr-FR\"},{\"@type\":\"WebPage\",\"@id\":\"https:\\\/\\\/www.topicfoot.fr\\\/index.php\\\/2025\\\/03\\\/26\\\/jules-rimet-lhomme-qui-a-bati-le-football-mondial\\\/\",\"url\":\"https:\\\/\\\/www.topicfoot.fr\\\/index.php\\\/2025\\\/03\\\/26\\\/jules-rimet-lhomme-qui-a-bati-le-football-mondial\\\/\",\"name\":\"Jules Rimet : L\u2019homme qui a b\u00e2ti le football mondial\",\"isPartOf\":{\"@id\":\"https:\\\/\\\/www.topicfoot.fr\\\/#website\"},\"primaryImageOfPage\":{\"@id\":\"https:\\\/\\\/www.topicfoot.fr\\\/index.php\\\/2025\\\/03\\\/26\\\/jules-rimet-lhomme-qui-a-bati-le-football-mondial\\\/#primaryimage\"},\"image\":{\"@id\":\"https:\\\/\\\/www.topicfoot.fr\\\/index.php\\\/2025\\\/03\\\/26\\\/jules-rimet-lhomme-qui-a-bati-le-football-mondial\\\/#primaryimage\"},\"thumbnailUrl\":\"https:\\\/\\\/www.topicfoot.fr\\\/wp-content\\\/uploads\\\/2025\\\/03\\\/jules-rimet-a-son-bureau-en-1933-tf.webp\",\"datePublished\":\"2025-03-26T14:02:03+00:00\",\"dateModified\":\"2025-03-26T14:02:12+00:00\",\"description\":\"Jules Rimet a chang\u00e9 \u00e0 jamais l\u2019histoire du football. Cr\u00e9ateur de la Coupe du Monde, il a b\u00e2ti les fondations du football moderne\",\"breadcrumb\":{\"@id\":\"https:\\\/\\\/www.topicfoot.fr\\\/index.php\\\/2025\\\/03\\\/26\\\/jules-rimet-lhomme-qui-a-bati-le-football-mondial\\\/#breadcrumb\"},\"inLanguage\":\"fr-FR\",\"potentialAction\":[{\"@type\":\"ReadAction\",\"target\":[\"https:\\\/\\\/www.topicfoot.fr\\\/index.php\\\/2025\\\/03\\\/26\\\/jules-rimet-lhomme-qui-a-bati-le-football-mondial\\\/\"]}]},{\"@type\":\"ImageObject\",\"inLanguage\":\"fr-FR\",\"@id\":\"https:\\\/\\\/www.topicfoot.fr\\\/index.php\\\/2025\\\/03\\\/26\\\/jules-rimet-lhomme-qui-a-bati-le-football-mondial\\\/#primaryimage\",\"url\":\"https:\\\/\\\/www.topicfoot.fr\\\/wp-content\\\/uploads\\\/2025\\\/03\\\/jules-rimet-a-son-bureau-en-1933-tf.webp\",\"contentUrl\":\"https:\\\/\\\/www.topicfoot.fr\\\/wp-content\\\/uploads\\\/2025\\\/03\\\/jules-rimet-a-son-bureau-en-1933-tf.webp\",\"width\":640,\"height\":454},{\"@type\":\"BreadcrumbList\",\"@id\":\"https:\\\/\\\/www.topicfoot.fr\\\/index.php\\\/2025\\\/03\\\/26\\\/jules-rimet-lhomme-qui-a-bati-le-football-mondial\\\/#breadcrumb\",\"itemListElement\":[{\"@type\":\"ListItem\",\"position\":1,\"name\":\"Accueil\",\"item\":\"https:\\\/\\\/www.topicfoot.fr\\\/\"},{\"@type\":\"ListItem\",\"position\":2,\"name\":\"Jules Rimet : L\u2019homme qui a b\u00e2ti le football mondial\"}]},{\"@type\":\"WebSite\",\"@id\":\"https:\\\/\\\/www.topicfoot.fr\\\/#website\",\"url\":\"https:\\\/\\\/www.topicfoot.fr\\\/\",\"name\":\"Topic Foot\",\"description\":\"Tous l&#039;univers du Foot !\",\"publisher\":{\"@id\":\"https:\\\/\\\/www.topicfoot.fr\\\/#organization\"},\"potentialAction\":[{\"@type\":\"SearchAction\",\"target\":{\"@type\":\"EntryPoint\",\"urlTemplate\":\"https:\\\/\\\/www.topicfoot.fr\\\/?s={search_term_string}\"},\"query-input\":{\"@type\":\"PropertyValueSpecification\",\"valueRequired\":true,\"valueName\":\"search_term_string\"}}],\"inLanguage\":\"fr-FR\"},{\"@type\":\"Organization\",\"@id\":\"https:\\\/\\\/www.topicfoot.fr\\\/#organization\",\"name\":\"Topic Foot\",\"url\":\"https:\\\/\\\/www.topicfoot.fr\\\/\",\"logo\":{\"@type\":\"ImageObject\",\"inLanguage\":\"fr-FR\",\"@id\":\"https:\\\/\\\/www.topicfoot.fr\\\/#\\\/schema\\\/logo\\\/image\\\/\",\"url\":\"https:\\\/\\\/www.topicfoot.fr\\\/wp-content\\\/uploads\\\/2024\\\/04\\\/cropped-logo-topicfoot-new.jpg\",\"contentUrl\":\"https:\\\/\\\/www.topicfoot.fr\\\/wp-content\\\/uploads\\\/2024\\\/04\\\/cropped-logo-topicfoot-new.jpg\",\"width\":512,\"height\":512,\"caption\":\"Topic Foot\"},\"image\":{\"@id\":\"https:\\\/\\\/www.topicfoot.fr\\\/#\\\/schema\\\/logo\\\/image\\\/\"},\"sameAs\":[\"https:\\\/\\\/www.facebook.com\\\/topicfoot.fr\"]},{\"@type\":\"Person\",\"@id\":\"https:\\\/\\\/www.topicfoot.fr\\\/#\\\/schema\\\/person\\\/c3cc72d0475041f6006c3b9ac2fdd651\",\"name\":\"Laurent M\",\"pronouns\":\"il\",\"image\":{\"@type\":\"ImageObject\",\"inLanguage\":\"fr-FR\",\"@id\":\"https:\\\/\\\/secure.gravatar.com\\\/avatar\\\/1556f82bcb30ea7f53ada028296fbd5dbf338b8cb58c931c36f8ff69ea259d82?s=96&d=mm&r=g\",\"url\":\"https:\\\/\\\/secure.gravatar.com\\\/avatar\\\/1556f82bcb30ea7f53ada028296fbd5dbf338b8cb58c931c36f8ff69ea259d82?s=96&d=mm&r=g\",\"contentUrl\":\"https:\\\/\\\/secure.gravatar.com\\\/avatar\\\/1556f82bcb30ea7f53ada028296fbd5dbf338b8cb58c931c36f8ff69ea259d82?s=96&d=mm&r=g\",\"caption\":\"Laurent M\"},\"description\":\"Je m\u2019appelle Laurent et je suis passionn\u00e9 de football depuis mon plus jeune \u00e2ge. Ancien joueur en cat\u00e9gories de jeunes, j\u2019ai rapidement compris qu\u2019au\u2011del\u00e0 du terrain, ce sont aussi les histoires, les tactiques et les trajectoires de carri\u00e8re qui font la richesse de ce sport. Avec le temps, j\u2019ai eu envie de passer de l\u2019autre c\u00f4t\u00e9 du jeu : celui de l\u2019analyse, de l\u2019\u00e9criture et de la transmission. Depuis septembre 2024, je suis r\u00e9dacteur chez Topicfoot, o\u00f9 je m\u2019attache \u00e0 expliquer le football sous toutes ses dimensions. J\u2019aime d\u00e9crypter les matchs, analyser les choix tactiques des entra\u00eeneurs et proposer des dossiers de fond sur l\u2019\u00e9conomie du football : transferts, salaires, strat\u00e9gies de recrutement ou \u00e9volution des championnats. Mon objectif est de rendre accessibles des sujets parfois techniques, sans jamais sacrifier la pr\u00e9cision. Dans mes articles, je m\u2019efforce de croiser statistiques, ressentis du terrain et contexte historique pour offrir au lecteur une vision compl\u00e8te et nuanc\u00e9e du jeu. Je suis de pr\u00e8s la Ligue 1, les grands championnats europ\u00e9ens et l\u2019essor de nouveaux projets footballistiques \u00e0 l\u2019international, avec une attention particuli\u00e8re pour les dynamiques de clubs sur le long terme. En dehors de la r\u00e9daction, je continue de jouer en amateur et je passe beaucoup de temps \u00e0 regarder des matchs et analyser des s\u00e9quences vid\u00e9o. Cette habitude nourrit directement mon travail d\u2019\u00e9criture : chaque rencontre est une occasion de mieux comprendre le jeu\u2026 et de mieux le raconter aux lecteurs de Topicfoot.\",\"url\":\"https:\\\/\\\/www.topicfoot.fr\\\/index.php\\\/author\\\/laurent-muscarnera\\\/\"}]}<\/script>\n<!-- \/ Yoast SEO plugin. -->","yoast_head_json":{"title":"Jules Rimet : L\u2019homme qui a b\u00e2ti le football mondial","description":"Jules Rimet a chang\u00e9 \u00e0 jamais l\u2019histoire du football. Cr\u00e9ateur de la Coupe du Monde, il a b\u00e2ti les fondations du football moderne","robots":{"index":"index","follow":"follow","max-snippet":"max-snippet:-1","max-image-preview":"max-image-preview:large","max-video-preview":"max-video-preview:-1"},"canonical":"https:\/\/www.topicfoot.fr\/index.php\/2025\/03\/26\/jules-rimet-lhomme-qui-a-bati-le-football-mondial\/","og_locale":"fr_FR","og_type":"article","og_title":"Jules Rimet : L\u2019homme qui a b\u00e2ti le football mondial","og_description":"Jules Rimet a chang\u00e9 \u00e0 jamais l\u2019histoire du football. Cr\u00e9ateur de la Coupe du Monde, il a b\u00e2ti les fondations du football moderne","og_url":"https:\/\/www.topicfoot.fr\/index.php\/2025\/03\/26\/jules-rimet-lhomme-qui-a-bati-le-football-mondial\/","og_site_name":"Topic Foot","article_publisher":"https:\/\/www.facebook.com\/topicfoot.fr","article_published_time":"2025-03-26T14:02:03+00:00","article_modified_time":"2025-03-26T14:02:12+00:00","og_image":[{"width":640,"height":454,"url":"https:\/\/www.topicfoot.fr\/wp-content\/uploads\/2025\/03\/jules-rimet-a-son-bureau-en-1933-tf.webp","type":"image\/jpeg"}],"author":"Laurent M","twitter_card":"summary_large_image","twitter_misc":{"\u00c9crit par":"Laurent M","Dur\u00e9e de lecture estim\u00e9e":"5 minutes"},"schema":{"@context":"https:\/\/schema.org","@graph":[{"@type":"Article","@id":"https:\/\/www.topicfoot.fr\/index.php\/2025\/03\/26\/jules-rimet-lhomme-qui-a-bati-le-football-mondial\/#article","isPartOf":{"@id":"https:\/\/www.topicfoot.fr\/index.php\/2025\/03\/26\/jules-rimet-lhomme-qui-a-bati-le-football-mondial\/"},"author":{"name":"Laurent M","@id":"https:\/\/www.topicfoot.fr\/#\/schema\/person\/c3cc72d0475041f6006c3b9ac2fdd651"},"headline":"Jules Rimet : L\u2019homme qui a b\u00e2ti le football mondial","datePublished":"2025-03-26T14:02:03+00:00","dateModified":"2025-03-26T14:02:12+00:00","mainEntityOfPage":{"@id":"https:\/\/www.topicfoot.fr\/index.php\/2025\/03\/26\/jules-rimet-lhomme-qui-a-bati-le-football-mondial\/"},"wordCount":891,"publisher":{"@id":"https:\/\/www.topicfoot.fr\/#organization"},"image":{"@id":"https:\/\/www.topicfoot.fr\/index.php\/2025\/03\/26\/jules-rimet-lhomme-qui-a-bati-le-football-mondial\/#primaryimage"},"thumbnailUrl":"https:\/\/www.topicfoot.fr\/wp-content\/uploads\/2025\/03\/jules-rimet-a-son-bureau-en-1933-tf.webp","articleSection":["Coupe du Monde : l\u2019\u00e9v\u00e9nement le plus lucratif du football","FFF : finances et gouvernance du football fran\u00e7ais","FIFA : pouvoir financier et \u00e9conomie du football mondial","Histoire du football","Toutes les cat\u00e9gories"],"inLanguage":"fr-FR"},{"@type":"WebPage","@id":"https:\/\/www.topicfoot.fr\/index.php\/2025\/03\/26\/jules-rimet-lhomme-qui-a-bati-le-football-mondial\/","url":"https:\/\/www.topicfoot.fr\/index.php\/2025\/03\/26\/jules-rimet-lhomme-qui-a-bati-le-football-mondial\/","name":"Jules Rimet : L\u2019homme qui a b\u00e2ti le football mondial","isPartOf":{"@id":"https:\/\/www.topicfoot.fr\/#website"},"primaryImageOfPage":{"@id":"https:\/\/www.topicfoot.fr\/index.php\/2025\/03\/26\/jules-rimet-lhomme-qui-a-bati-le-football-mondial\/#primaryimage"},"image":{"@id":"https:\/\/www.topicfoot.fr\/index.php\/2025\/03\/26\/jules-rimet-lhomme-qui-a-bati-le-football-mondial\/#primaryimage"},"thumbnailUrl":"https:\/\/www.topicfoot.fr\/wp-content\/uploads\/2025\/03\/jules-rimet-a-son-bureau-en-1933-tf.webp","datePublished":"2025-03-26T14:02:03+00:00","dateModified":"2025-03-26T14:02:12+00:00","description":"Jules Rimet a chang\u00e9 \u00e0 jamais l\u2019histoire du football. Cr\u00e9ateur de la Coupe du Monde, il a b\u00e2ti les fondations du football moderne","breadcrumb":{"@id":"https:\/\/www.topicfoot.fr\/index.php\/2025\/03\/26\/jules-rimet-lhomme-qui-a-bati-le-football-mondial\/#breadcrumb"},"inLanguage":"fr-FR","potentialAction":[{"@type":"ReadAction","target":["https:\/\/www.topicfoot.fr\/index.php\/2025\/03\/26\/jules-rimet-lhomme-qui-a-bati-le-football-mondial\/"]}]},{"@type":"ImageObject","inLanguage":"fr-FR","@id":"https:\/\/www.topicfoot.fr\/index.php\/2025\/03\/26\/jules-rimet-lhomme-qui-a-bati-le-football-mondial\/#primaryimage","url":"https:\/\/www.topicfoot.fr\/wp-content\/uploads\/2025\/03\/jules-rimet-a-son-bureau-en-1933-tf.webp","contentUrl":"https:\/\/www.topicfoot.fr\/wp-content\/uploads\/2025\/03\/jules-rimet-a-son-bureau-en-1933-tf.webp","width":640,"height":454},{"@type":"BreadcrumbList","@id":"https:\/\/www.topicfoot.fr\/index.php\/2025\/03\/26\/jules-rimet-lhomme-qui-a-bati-le-football-mondial\/#breadcrumb","itemListElement":[{"@type":"ListItem","position":1,"name":"Accueil","item":"https:\/\/www.topicfoot.fr\/"},{"@type":"ListItem","position":2,"name":"Jules Rimet : L\u2019homme qui a b\u00e2ti le football mondial"}]},{"@type":"WebSite","@id":"https:\/\/www.topicfoot.fr\/#website","url":"https:\/\/www.topicfoot.fr\/","name":"Topic Foot","description":"Tous l&#039;univers du Foot !","publisher":{"@id":"https:\/\/www.topicfoot.fr\/#organization"},"potentialAction":[{"@type":"SearchAction","target":{"@type":"EntryPoint","urlTemplate":"https:\/\/www.topicfoot.fr\/?s={search_term_string}"},"query-input":{"@type":"PropertyValueSpecification","valueRequired":true,"valueName":"search_term_string"}}],"inLanguage":"fr-FR"},{"@type":"Organization","@id":"https:\/\/www.topicfoot.fr\/#organization","name":"Topic Foot","url":"https:\/\/www.topicfoot.fr\/","logo":{"@type":"ImageObject","inLanguage":"fr-FR","@id":"https:\/\/www.topicfoot.fr\/#\/schema\/logo\/image\/","url":"https:\/\/www.topicfoot.fr\/wp-content\/uploads\/2024\/04\/cropped-logo-topicfoot-new.jpg","contentUrl":"https:\/\/www.topicfoot.fr\/wp-content\/uploads\/2024\/04\/cropped-logo-topicfoot-new.jpg","width":512,"height":512,"caption":"Topic Foot"},"image":{"@id":"https:\/\/www.topicfoot.fr\/#\/schema\/logo\/image\/"},"sameAs":["https:\/\/www.facebook.com\/topicfoot.fr"]},{"@type":"Person","@id":"https:\/\/www.topicfoot.fr\/#\/schema\/person\/c3cc72d0475041f6006c3b9ac2fdd651","name":"Laurent M","pronouns":"il","image":{"@type":"ImageObject","inLanguage":"fr-FR","@id":"https:\/\/secure.gravatar.com\/avatar\/1556f82bcb30ea7f53ada028296fbd5dbf338b8cb58c931c36f8ff69ea259d82?s=96&d=mm&r=g","url":"https:\/\/secure.gravatar.com\/avatar\/1556f82bcb30ea7f53ada028296fbd5dbf338b8cb58c931c36f8ff69ea259d82?s=96&d=mm&r=g","contentUrl":"https:\/\/secure.gravatar.com\/avatar\/1556f82bcb30ea7f53ada028296fbd5dbf338b8cb58c931c36f8ff69ea259d82?s=96&d=mm&r=g","caption":"Laurent M"},"description":"Je m\u2019appelle Laurent et je suis passionn\u00e9 de football depuis mon plus jeune \u00e2ge. Ancien joueur en cat\u00e9gories de jeunes, j\u2019ai rapidement compris qu\u2019au\u2011del\u00e0 du terrain, ce sont aussi les histoires, les tactiques et les trajectoires de carri\u00e8re qui font la richesse de ce sport. Avec le temps, j\u2019ai eu envie de passer de l\u2019autre c\u00f4t\u00e9 du jeu : celui de l\u2019analyse, de l\u2019\u00e9criture et de la transmission. Depuis septembre 2024, je suis r\u00e9dacteur chez Topicfoot, o\u00f9 je m\u2019attache \u00e0 expliquer le football sous toutes ses dimensions. J\u2019aime d\u00e9crypter les matchs, analyser les choix tactiques des entra\u00eeneurs et proposer des dossiers de fond sur l\u2019\u00e9conomie du football : transferts, salaires, strat\u00e9gies de recrutement ou \u00e9volution des championnats. Mon objectif est de rendre accessibles des sujets parfois techniques, sans jamais sacrifier la pr\u00e9cision. Dans mes articles, je m\u2019efforce de croiser statistiques, ressentis du terrain et contexte historique pour offrir au lecteur une vision compl\u00e8te et nuanc\u00e9e du jeu. Je suis de pr\u00e8s la Ligue 1, les grands championnats europ\u00e9ens et l\u2019essor de nouveaux projets footballistiques \u00e0 l\u2019international, avec une attention particuli\u00e8re pour les dynamiques de clubs sur le long terme. En dehors de la r\u00e9daction, je continue de jouer en amateur et je passe beaucoup de temps \u00e0 regarder des matchs et analyser des s\u00e9quences vid\u00e9o. Cette habitude nourrit directement mon travail d\u2019\u00e9criture : chaque rencontre est une occasion de mieux comprendre le jeu\u2026 et de mieux le raconter aux lecteurs de Topicfoot.","url":"https:\/\/www.topicfoot.fr\/index.php\/author\/laurent-muscarnera\/"}]}},"_links":{"self":[{"href":"https:\/\/www.topicfoot.fr\/index.php\/wp-json\/wp\/v2\/posts\/13127","targetHints":{"allow":["GET"]}}],"collection":[{"href":"https:\/\/www.topicfoot.fr\/index.php\/wp-json\/wp\/v2\/posts"}],"about":[{"href":"https:\/\/www.topicfoot.fr\/index.php\/wp-json\/wp\/v2\/types\/post"}],"author":[{"embeddable":true,"href":"https:\/\/www.topicfoot.fr\/index.php\/wp-json\/wp\/v2\/users\/5"}],"replies":[{"embeddable":true,"href":"https:\/\/www.topicfoot.fr\/index.php\/wp-json\/wp\/v2\/comments?post=13127"}],"version-history":[{"count":0,"href":"https:\/\/www.topicfoot.fr\/index.php\/wp-json\/wp\/v2\/posts\/13127\/revisions"}],"wp:featuredmedia":[{"embeddable":true,"href":"https:\/\/www.topicfoot.fr\/index.php\/wp-json\/wp\/v2\/media\/13128"}],"wp:attachment":[{"href":"https:\/\/www.topicfoot.fr\/index.php\/wp-json\/wp\/v2\/media?parent=13127"}],"wp:term":[{"taxonomy":"category","embeddable":true,"href":"https:\/\/www.topicfoot.fr\/index.php\/wp-json\/wp\/v2\/categories?post=13127"},{"taxonomy":"post_tag","embeddable":true,"href":"https:\/\/www.topicfoot.fr\/index.php\/wp-json\/wp\/v2\/tags?post=13127"},{"taxonomy":"post_folder","embeddable":true,"href":"https:\/\/www.topicfoot.fr\/index.php\/wp-json\/wp\/v2\/post_folder?post=13127"}],"curies":[{"name":"wp","href":"https:\/\/api.w.org\/{rel}","templated":true}]}}