{"id":13168,"date":"2025-03-28T21:42:42","date_gmt":"2025-03-28T20:42:42","guid":{"rendered":"https:\/\/www.topicfoot.fr\/?p=13168"},"modified":"2025-03-28T21:42:49","modified_gmt":"2025-03-28T20:42:49","slug":"nasser-al-khelaifi-le-conflit-dinteret-entre-bein-et-le-psg","status":"publish","type":"post","link":"https:\/\/www.topicfoot.fr\/index.php\/2025\/03\/28\/nasser-al-khelaifi-le-conflit-dinteret-entre-bein-et-le-psg\/","title":{"rendered":"Nasser Al-Khela\u00effi : Le Conflit d\u2019Int\u00e9r\u00eat entre BeIn et le PSG"},"content":{"rendered":"<span class=\"span-reading-time rt-reading-time\" style=\"display: block;\"><span class=\"rt-label rt-prefix\">Temps de lecture\u00a0:  <\/span> <span class=\"rt-time\"> 3<\/span> <span class=\"rt-label rt-postfix\">minutes.  <\/span><\/span>\n<p>Nasser Al-Khela\u00effi est une figure centrale du football moderne. \u00c0 la t\u00eate du Paris Saint-Germain et du groupe BeIn Media Group, il se trouve au c\u0153ur d\u2019un possible conflit d\u2019int\u00e9r\u00eat. Son influence sur les droits t\u00e9l\u00e9vis\u00e9s et les d\u00e9cisions strat\u00e9giques du PSG soul\u00e8ve des questions sur l\u2019\u00e9quit\u00e9 et la transparence dans le football fran\u00e7ais.<\/p>\n\n\n\n<figure class=\"wp-block-image size-full\"><img loading=\"lazy\" decoding=\"async\" width=\"1024\" height=\"684\" src=\"https:\/\/www.topicfoot.fr\/wp-content\/uploads\/2025\/03\/Al-Khelaifi-Dave-Thompson.webp\" alt=\"Nasser Al-Khela\u00effi : Le Conflit d\u2019Int\u00e9r\u00eat entre BeIn et le PSG\" class=\"wp-image-13169\" srcset=\"https:\/\/www.topicfoot.fr\/wp-content\/uploads\/2025\/03\/Al-Khelaifi-Dave-Thompson.webp 1024w, https:\/\/www.topicfoot.fr\/wp-content\/uploads\/2025\/03\/Al-Khelaifi-Dave-Thompson-300x200.webp 300w, https:\/\/www.topicfoot.fr\/wp-content\/uploads\/2025\/03\/Al-Khelaifi-Dave-Thompson-768x513.webp 768w\" sizes=\"auto, (max-width: 1024px) 100vw, 1024px\" \/><\/figure>\n\n\n\n<p class=\"has-text-align-center\"><em>Cr\u00e9dits AP Dave Thompson<\/em><\/p>\n\n\n\n<p>Nasser Al-Khela\u00effi, n\u00e9 le 12 novembre 1973 \u00e0 Doha, est un homme d\u2019affaires et dirigeant sportif influent. Il est pr\u00e9sident de BeIn Media Group, un acteur cl\u00e9 de la diffusion sportive, et de Qatar Sports Investments (QSI), propri\u00e9taire du Paris Saint-Germain. Depuis son arriv\u00e9e \u00e0 la t\u00eate du club parisien en 2011, il a transform\u00e9 le PSG en une puissance europ\u00e9enne. Son r\u00f4le d\u00e9passe le cadre du club : il est aussi pr\u00e9sident de l\u2019Association Europ\u00e9enne des Clubs (ECA) et membre du comit\u00e9 ex\u00e9cutif de l\u2019UEFA. Cette accumulation de fonctions pose la question d\u2019un possible conflit d\u2019int\u00e9r\u00eat.<\/p>\n\n\n\n<h2 class=\"wp-block-heading\"><strong>Comprendre le Conflit d\u2019Int\u00e9r\u00eat dans le Sport<\/strong><\/h2>\n\n\n\n<p>Un conflit d\u2019int\u00e9r\u00eat survient lorsqu\u2019une personne exerce des responsabilit\u00e9s pouvant favoriser des int\u00e9r\u00eats personnels ou professionnels. Dans le sport, il est crucial de garantir une concurrence loyale et une gestion transparente. Lorsqu\u2019un dirigeant cumule des postes \u00e0 forte influence, il peut orienter des d\u00e9cisions strat\u00e9giques \u00e0 son avantage.<\/p>\n\n\n\n<p>Les conflits d\u2019int\u00e9r\u00eat dans le football concernent souvent les droits t\u00e9l\u00e9vis\u00e9s, les transferts et les d\u00e9cisions de gouvernance. Un acteur ayant un r\u00f4le cl\u00e9 dans plusieurs entit\u00e9s du football peut peser sur des choix en faveur de ses propres structures. L\u2019enjeu est d\u2019\u00e9viter que des d\u00e9cisions influencent injustement la comp\u00e9tition et les int\u00e9r\u00eats des autres clubs.<\/p>\n\n\n\n<h2 class=\"wp-block-heading\"><strong>Nasser Al-Khela\u00effi au C\u0153ur d\u2019un Double Pouvoir<\/strong><\/h2>\n\n\n\n<p>La position de Nasser Al-Khela\u00effi soul\u00e8ve des interrogations. En tant que patron de BeIn Media Group, il d\u00e9tient un diffuseur influent du football fran\u00e7ais et international. BeIn Sports poss\u00e8de une partie des droits de la Coupe de France ainsi qu\u2019un match en direct par journ\u00e9e de Ligue 1. Si son influence n\u2019est plus aussi dominante qu\u2019auparavant, il reste un acteur cl\u00e9 du march\u00e9 des droits TV.<\/p>\n\n\n\n<p>Dans le m\u00eame temps, en tant que pr\u00e9sident du PSG, il d\u00e9fend les int\u00e9r\u00eats du club dans ces m\u00eames comp\u00e9titions. Cette double casquette pose la question de la neutralit\u00e9 des d\u00e9cisions prises autour des droits t\u00e9l\u00e9vis\u00e9s et de la r\u00e9partition des revenus.<\/p>\n\n\n\n<p>Son r\u00f4le au sein de l\u2019UEFA ajoute une complexit\u00e9 suppl\u00e9mentaire. En tant que membre du comit\u00e9 ex\u00e9cutif de l\u2019instance europ\u00e9enne, il participe aux discussions strat\u00e9giques sur l\u2019organisation du football. Cette position lui permet d\u2019influencer certaines orientations r\u00e9glementaires alors m\u00eame que le PSG est concern\u00e9 par ces d\u00e9cisions.<\/p>\n\n\n\n<h2 class=\"wp-block-heading\"><strong>Impact sur l\u2019\u00c9quilibre du Football Fran\u00e7ais<\/strong><\/h2>\n\n\n\n<p>Le conflit d\u2019int\u00e9r\u00eat pr\u00e9sum\u00e9 de Nasser Al-Khela\u00effi pourrait avoir des cons\u00e9quences sur la gouvernance du football fran\u00e7ais. L\u2019un des enjeux majeurs concerne la r\u00e9partition des droits TV en Ligue 1. BeIn \u00e9tant un des diffuseurs, certains observateurs s\u2019interrogent sur une possible influence dans les d\u00e9cisions autour de l\u2019attribution des droits et des n\u00e9gociations avec la LFP.<\/p>\n\n\n\n<p>Cette situation alimente les critiques sur l\u2019\u00e9quit\u00e9 des comp\u00e9titions. Certains estiment que la place de Nasser Al-Khela\u00effi au sein de l\u2019UEFA et de l\u2019ECA lui permet de peser sur des d\u00e9cisions favorisant indirectement le PSG. D\u2019autres consid\u00e8rent que son r\u00f4le dans les droits TV peut influencer la visibilit\u00e9 du club et sa valorisation \u00e9conomique.<\/p>\n\n\n\n<figure class=\"wp-block-image size-large\"><img loading=\"lazy\" decoding=\"async\" width=\"1024\" height=\"1024\" src=\"https:\/\/www.topicfoot.fr\/wp-content\/uploads\/2025\/03\/Nasser_Al-KhelaifiChristophe-Pelletier-1024x1024.webp\" alt=\"\" class=\"wp-image-13170\" srcset=\"https:\/\/www.topicfoot.fr\/wp-content\/uploads\/2025\/03\/Nasser_Al-KhelaifiChristophe-Pelletier-1024x1024.webp 1024w, https:\/\/www.topicfoot.fr\/wp-content\/uploads\/2025\/03\/Nasser_Al-KhelaifiChristophe-Pelletier-300x300.webp 300w, https:\/\/www.topicfoot.fr\/wp-content\/uploads\/2025\/03\/Nasser_Al-KhelaifiChristophe-Pelletier-150x150.webp 150w, https:\/\/www.topicfoot.fr\/wp-content\/uploads\/2025\/03\/Nasser_Al-KhelaifiChristophe-Pelletier-768x768.webp 768w, https:\/\/www.topicfoot.fr\/wp-content\/uploads\/2025\/03\/Nasser_Al-KhelaifiChristophe-Pelletier-1536x1536.webp 1536w, https:\/\/www.topicfoot.fr\/wp-content\/uploads\/2025\/03\/Nasser_Al-KhelaifiChristophe-Pelletier-2048x2048.webp 2048w\" sizes=\"auto, (max-width: 1024px) 100vw, 1024px\" \/><\/figure>\n\n\n\n<p class=\"has-text-align-center\"><em>Cr\u00e9dits <a href=\"https:\/\/www.flickr.com\/people\/8049225@N08\">Christophe Pelletier<\/a><\/em><\/p>\n\n\n\n<h2 class=\"wp-block-heading\"><strong>Quelle R\u00e9gulation pour \u00c9viter de Tels Conflits ?<\/strong><\/h2>\n\n\n\n<p>Les instances du football ont mis en place des r\u00e8glements pour limiter les conflits d\u2019int\u00e9r\u00eat. L\u2019UEFA et la FIFA disposent de comit\u00e9s d\u2019\u00e9thique charg\u00e9s de veiller \u00e0 l\u2019impartialit\u00e9 des d\u00e9cisions. Cependant, dans le cas de Nasser Al-Khela\u00effi, aucune sanction ou restriction n\u2019a \u00e9t\u00e9 impos\u00e9e jusqu\u2019\u00e0 pr\u00e9sent.<\/p>\n\n\n\n<p>Certains experts appellent \u00e0 une clarification des r\u00e8gles. Une s\u00e9paration plus stricte entre les fonctions de dirigeant de club et de responsable d\u2019un diffuseur sportif pourrait \u00eatre envisag\u00e9e. Une plus grande transparence dans les d\u00e9cisions de l\u2019UEFA et de la LFP permettrait \u00e9galement de rassurer les clubs concurrents.<\/p>\n\n\n\n<p>L\u2019influence de Nasser Al-Khela\u00effi sur le football fran\u00e7ais est incontestable. Son r\u00f4le \u00e0 la crois\u00e9e des m\u00e9dias et du sport pose des questions sur l\u2019\u00e9quilibre des comp\u00e9titions. Reste \u00e0 savoir si les instances footballistiques prendront des mesures pour encadrer plus strictement ces situations.<\/p>\n\n\n\n<!-- Noptin Newsletter Plugin v4.2.2 - https:\/\/wordpress.org\/plugins\/newsletter-optin-box\/ --><div id=\"noptin-form-2__wrapper\" class=\"noptin-optin-main-wrapper noptin-form-id-9842 noptin-inpost-main-wrapper\" aria-labelledby=\"noptin-form-2__title\" ><style>\/*Custom css*\/\n\n.noptin-form-id-9842 .noptin-optin-form-wrapper .noptin-optin-form.noptin-form-single-line .noptin-form-submit{\n\tborder-radius: 30px;\n}\n\n@media only screen and (min-width: 768px) {\n\n\t.noptin-form-id-9842 .noptin-optin-form-wrapper .noptin-optin-form.noptin-form-single-line .noptin-form-submit{\n\t\tposition: absolute;\n\t\tbottom: -1px;\n\t\ttop: 0;\n\t\tright: 0px;\n\t}\n\n}\n\n.noptin-form-id-9842 .noptin-optin-form-wrapper .noptin-form-single-line .noptin-form-field{\n \tborder-radius: 30px !important;\n\tborder: none !important;\n} #noptin-form-2__wrapper {--noptin-background-color: #424242; --noptin-border-color: #424242; --noptin-button-color: #607D8B; --noptin-button-text-color: #fafafa; --noptin-title-color: #fafafa; --noptin-description-color: #fafafa; --noptin-prefix-color: #607d8b; --noptin-note-color: #fafafa;}<\/style><div style=\"max-width:620px; min-height:280px;border-color: #424242;\" class=\"noptin-optin-form-wrapper no-image\" ><!-- Form ID: 9842 --><form id=\"noptin-form-2\" class=\"noptin-optin-form noptin-form-single-line noptin-label-hide noptin-form-2\" method=\"post\" novalidate >\t\t\t\t\t<div class=\"noptin-form-header noptin-img-left\">\n\t\t\t\t\t\t\t\t\t\t\t\t<div class=\"noptin-form-header-text\">\n\n\t\t\t\t\t\t\t\t\t\t\t\t\t\t\t<div style=\"color: #607d8b;font-size: 20px; font-weight: 500; line-height: 1.3;\" class=\"noptin-form-prefix\">\n\t\t\t\t\t\t\t\t\t\t\t\t\t\t\t\t\t<\/div>\n\t\t\t\t\t\t\t\n\t\t\t\t\t\t\t\t\t\t\t\t\t\t\t<div style=\"color: #fafafa;font-size: 20px; font-weight: 700; line-height: 1.5;\" class=\"noptin-form-heading\">\n\t\t\t\t\t\t\t\t\tAbonnez-vous \u00e0 TopicFoot\t\t\t\t\t\t\t\t<\/div>\n\t\t\t\t\t\t\t\n\t\t\t\t\t\t\t\t\t\t\t\t\t\t\t<div style=\"color: #fafafa;font-size: 16px; font-weight: 500; line-height: 1.5;\" class=\"noptin-form-description\">\n\t\t\t\t\t\t\t\t\tEntrez votre Mail pour recevoir nos derniers articles.\t\t\t\t\t\t\t\t<\/div>\n\t\t\t\t\t\t\t\n\t\t\t\t\t\t<\/div>\n\t\t\t\t\t\t\n\t\t\t\t\t\t\t\t\t\t\t\t\t<div class=\"noptin-form-header-image\">\n\t\t\t\t\t\t\t\t<img decoding=\"async\" alt=\"icon\" src=\"https:\/\/www.topicfoot.fr\/wp-content\/plugins\/newsletter-optin-box\/includes\/assets\/images\/email-icon.png\" \/>\n\t\t\t\t\t\t\t<\/div>\n\t\t\t\t\t\t\n\t\t\t\t\t<\/div>\n\t\t\t\t<div class=\"noptin-form-footer\"><div class=\"noptin-form-fields\">\t\t\t<div class=\"noptin-form-field-wrapper noptin-form-field-email noptin-optin-field-wrapper noptin-optin-field-email\" id=\"noptin-form-2__field-email--wrapper\" >\n\t\t<div class=\"noptin-field-email\">\n\t\t\t<label class=\"noptin-label\" for=\"noptin-form-2__field-email\">Adresse Mail<\/label>\n\t\t\t<input name=\"noptin_fields[email]\" id=\"noptin-form-2__field-email\" type=\"email\" class=\"noptin-text noptin-form-field noptin-form-field__email noptin-form-field__has-no-placeholder\" placeholder=\"Adresse Mail\" required \/>\n\n\t\t<\/div><\/div>\t\t\t<div class=\"noptin-form-field-wrapper noptin-form-field- noptin-optin-field-wrapper noptin-optin-field-\" id=\"noptin-form-2__field---wrapper\" >\n\t\t<\/div>\t\t\t<div class=\"noptin-form-field-wrapper noptin-form-field-submit noptin-optin-field-wrapper noptin-optin-field-submit\" >\n\t\t\n\t\t\t<input type=\"submit\" id=\"noptin-form-2__submit\" class=\"noptin-form-submit btn button btn-primary button-primary wp-element-button\" name=\"noptin-submit\" value=\"Abonnez-vous\" style=\"background-color: #607D8B;color: #fafafa;\"  \/>\n\n\t\t<\/div><\/div>\t\t\t\t\t\t<div class=\"noptin-form-notice noptin-response\" role=\"alert\"><\/div>\n\t\t\t<\/div>\n\t\t\t<input type=\"hidden\" name=\"noptin_element_id\" value=\"2\" \/><input type=\"hidden\" name=\"source\" value=\"9842\" \/><input type=\"hidden\" name=\"form_action\" value=\"subscribe\" \/><input type=\"hidden\" name=\"noptin-config\" value=\"geVp3bmVsS.Bejx5F7hyheCZeasGrk6UoV7mPwUKzeAj_J_jRQjYkLtSn67MwIeo\" \/><input type=\"hidden\" name=\"noptin_form_id\" value=\"9842\" \/><\/form><\/div><!-- \/Form ID: 9842 --><\/div><!-- \/ Noptin Newsletter Plugin -->\n\n\n\n<p>Voir aussi notre article sur :\u00a0<a href=\"https:\/\/www.topicfoot.fr\/index.php\/2025\/03\/15\/le-budget-du-psg-entre-ambitions-xxl-et-gestion-strategique\/\">Le budget du PSG : entre ambitions XXL et gestion strat\u00e9gique<\/a><\/p>\n\n\n\n<figure class=\"wp-block-embed is-type-wp-embed is-provider-topic-foot wp-block-embed-topic-foot\"><div class=\"wp-block-embed__wrapper\">\n<blockquote class=\"wp-embedded-content\" data-secret=\"uA6qUKALYH\"><a href=\"https:\/\/www.topicfoot.fr\/index.php\/2025\/03\/15\/le-budget-du-psg-entre-ambitions-xxl-et-gestion-strategique\/\">Le budget du PSG : entre ambitions XXL et gestion strat\u00e9gique<\/a><\/blockquote><iframe loading=\"lazy\" class=\"wp-embedded-content\" sandbox=\"allow-scripts\" security=\"restricted\" style=\"position: absolute; visibility: hidden;\" title=\"\u00ab\u00a0Le budget du PSG : entre ambitions XXL et gestion strat\u00e9gique\u00a0\u00bb &#8212; Topic Foot\" src=\"https:\/\/www.topicfoot.fr\/index.php\/2025\/03\/15\/le-budget-du-psg-entre-ambitions-xxl-et-gestion-strategique\/embed\/#?secret=DrQhU3Fae6#?secret=uA6qUKALYH\" data-secret=\"uA6qUKALYH\" width=\"500\" height=\"282\" frameborder=\"0\" marginwidth=\"0\" marginheight=\"0\" scrolling=\"no\"><\/iframe>\n<\/div><\/figure>\n","protected":false},"excerpt":{"rendered":"<div class=\"mh-excerpt\">Nasser Al-Khela\u00effi est une figure centrale du football moderne. \u00c0 la t\u00eate du Paris Saint-Germain et du groupe BeIn Media Group, <\/div>\n<p> <a class=\"mh-excerpt-more\" href=\"https:\/\/www.topicfoot.fr\/index.php\/2025\/03\/28\/nasser-al-khelaifi-le-conflit-dinteret-entre-bein-et-le-psg\/\" title=\"Nasser Al-Khela\u00effi : Le Conflit d\u2019Int\u00e9r\u00eat entre BeIn et le PSG\">[&#8230;]<\/a><\/p>\n","protected":false},"author":1,"featured_media":13169,"comment_status":"closed","ping_status":"open","sticky":false,"template":"","format":"standard","meta":{"footnotes":""},"categories":[32,28,144,31],"tags":[],"post_folder":[],"class_list":{"0":"post-13168","1":"post","2":"type-post","3":"status-publish","4":"format-standard","5":"has-post-thumbnail","7":"category-droits-tv","8":"category-foot-business","9":"category-psg","10":"category-toutes-les-categories"},"yoast_head":"<!-- This site is optimized with the Yoast SEO plugin v27.4 - https:\/\/yoast.com\/product\/yoast-seo-wordpress\/ -->\n<title>Nasser Al-Khela\u00effi : Le Conflit d\u2019Int\u00e9r\u00eat entre BeIn et le PSG<\/title>\n<meta name=\"description\" content=\"Nasser Al-Khela\u00effi est une figure centrale du football moderne. \u00c0 la t\u00eate du Paris Saint-Germain et du groupe BeIn Media Group,\" \/>\n<meta name=\"robots\" content=\"index, follow, max-snippet:-1, max-image-preview:large, max-video-preview:-1\" \/>\n<link rel=\"canonical\" href=\"https:\/\/www.topicfoot.fr\/index.php\/2025\/03\/28\/nasser-al-khelaifi-le-conflit-dinteret-entre-bein-et-le-psg\/\" \/>\n<meta property=\"og:locale\" content=\"fr_FR\" \/>\n<meta property=\"og:type\" content=\"article\" \/>\n<meta property=\"og:title\" content=\"Nasser Al-Khela\u00effi : Le Conflit d\u2019Int\u00e9r\u00eat entre BeIn et le PSG\" \/>\n<meta property=\"og:description\" content=\"Nasser Al-Khela\u00effi est une figure centrale du football moderne. \u00c0 la t\u00eate du Paris Saint-Germain et du groupe BeIn Media Group,\" \/>\n<meta property=\"og:url\" content=\"https:\/\/www.topicfoot.fr\/index.php\/2025\/03\/28\/nasser-al-khelaifi-le-conflit-dinteret-entre-bein-et-le-psg\/\" \/>\n<meta property=\"og:site_name\" content=\"Topic Foot\" \/>\n<meta property=\"article:publisher\" content=\"https:\/\/www.facebook.com\/topicfoot.fr\" \/>\n<meta property=\"article:published_time\" content=\"2025-03-28T20:42:42+00:00\" \/>\n<meta property=\"article:modified_time\" content=\"2025-03-28T20:42:49+00:00\" \/>\n<meta property=\"og:image\" content=\"https:\/\/www.topicfoot.fr\/wp-content\/uploads\/2025\/03\/Al-Khelaifi-Dave-Thompson.webp\" \/>\n\t<meta property=\"og:image:width\" content=\"1024\" \/>\n\t<meta property=\"og:image:height\" content=\"684\" \/>\n\t<meta property=\"og:image:type\" content=\"image\/webp\" \/>\n<meta name=\"author\" content=\"Florent G\" \/>\n<meta name=\"twitter:card\" content=\"summary_large_image\" \/>\n<meta name=\"twitter:label1\" content=\"\u00c9crit par\" \/>\n\t<meta name=\"twitter:data1\" content=\"Florent G\" \/>\n\t<meta name=\"twitter:label2\" content=\"Dur\u00e9e de lecture estim\u00e9e\" \/>\n\t<meta name=\"twitter:data2\" content=\"5 minutes\" \/>\n<script type=\"application\/ld+json\" class=\"yoast-schema-graph\">{\"@context\":\"https:\\\/\\\/schema.org\",\"@graph\":[{\"@type\":\"Article\",\"@id\":\"https:\\\/\\\/www.topicfoot.fr\\\/index.php\\\/2025\\\/03\\\/28\\\/nasser-al-khelaifi-le-conflit-dinteret-entre-bein-et-le-psg\\\/#article\",\"isPartOf\":{\"@id\":\"https:\\\/\\\/www.topicfoot.fr\\\/index.php\\\/2025\\\/03\\\/28\\\/nasser-al-khelaifi-le-conflit-dinteret-entre-bein-et-le-psg\\\/\"},\"author\":{\"name\":\"Florent G\",\"@id\":\"https:\\\/\\\/www.topicfoot.fr\\\/#\\\/schema\\\/person\\\/e11785565f6247f9acd9d5b796ec4d62\"},\"headline\":\"Nasser Al-Khela\u00effi : Le Conflit d\u2019Int\u00e9r\u00eat entre BeIn et le PSG\",\"datePublished\":\"2025-03-28T20:42:42+00:00\",\"dateModified\":\"2025-03-28T20:42:49+00:00\",\"mainEntityOfPage\":{\"@id\":\"https:\\\/\\\/www.topicfoot.fr\\\/index.php\\\/2025\\\/03\\\/28\\\/nasser-al-khelaifi-le-conflit-dinteret-entre-bein-et-le-psg\\\/\"},\"wordCount\":867,\"publisher\":{\"@id\":\"https:\\\/\\\/www.topicfoot.fr\\\/#organization\"},\"image\":{\"@id\":\"https:\\\/\\\/www.topicfoot.fr\\\/index.php\\\/2025\\\/03\\\/28\\\/nasser-al-khelaifi-le-conflit-dinteret-entre-bein-et-le-psg\\\/#primaryimage\"},\"thumbnailUrl\":\"https:\\\/\\\/www.topicfoot.fr\\\/wp-content\\\/uploads\\\/2025\\\/03\\\/Al-Khelaifi-Dave-Thompson.webp\",\"articleSection\":[\"Droits TV du football : revenus et redistribution\",\"Foot Business\",\"PSG\",\"Toutes les cat\u00e9gories\"],\"inLanguage\":\"fr-FR\"},{\"@type\":\"WebPage\",\"@id\":\"https:\\\/\\\/www.topicfoot.fr\\\/index.php\\\/2025\\\/03\\\/28\\\/nasser-al-khelaifi-le-conflit-dinteret-entre-bein-et-le-psg\\\/\",\"url\":\"https:\\\/\\\/www.topicfoot.fr\\\/index.php\\\/2025\\\/03\\\/28\\\/nasser-al-khelaifi-le-conflit-dinteret-entre-bein-et-le-psg\\\/\",\"name\":\"Nasser Al-Khela\u00effi : Le Conflit d\u2019Int\u00e9r\u00eat entre BeIn et le PSG\",\"isPartOf\":{\"@id\":\"https:\\\/\\\/www.topicfoot.fr\\\/#website\"},\"primaryImageOfPage\":{\"@id\":\"https:\\\/\\\/www.topicfoot.fr\\\/index.php\\\/2025\\\/03\\\/28\\\/nasser-al-khelaifi-le-conflit-dinteret-entre-bein-et-le-psg\\\/#primaryimage\"},\"image\":{\"@id\":\"https:\\\/\\\/www.topicfoot.fr\\\/index.php\\\/2025\\\/03\\\/28\\\/nasser-al-khelaifi-le-conflit-dinteret-entre-bein-et-le-psg\\\/#primaryimage\"},\"thumbnailUrl\":\"https:\\\/\\\/www.topicfoot.fr\\\/wp-content\\\/uploads\\\/2025\\\/03\\\/Al-Khelaifi-Dave-Thompson.webp\",\"datePublished\":\"2025-03-28T20:42:42+00:00\",\"dateModified\":\"2025-03-28T20:42:49+00:00\",\"description\":\"Nasser Al-Khela\u00effi est une figure centrale du football moderne. \u00c0 la t\u00eate du Paris Saint-Germain et du groupe BeIn Media Group,\",\"breadcrumb\":{\"@id\":\"https:\\\/\\\/www.topicfoot.fr\\\/index.php\\\/2025\\\/03\\\/28\\\/nasser-al-khelaifi-le-conflit-dinteret-entre-bein-et-le-psg\\\/#breadcrumb\"},\"inLanguage\":\"fr-FR\",\"potentialAction\":[{\"@type\":\"ReadAction\",\"target\":[\"https:\\\/\\\/www.topicfoot.fr\\\/index.php\\\/2025\\\/03\\\/28\\\/nasser-al-khelaifi-le-conflit-dinteret-entre-bein-et-le-psg\\\/\"]}]},{\"@type\":\"ImageObject\",\"inLanguage\":\"fr-FR\",\"@id\":\"https:\\\/\\\/www.topicfoot.fr\\\/index.php\\\/2025\\\/03\\\/28\\\/nasser-al-khelaifi-le-conflit-dinteret-entre-bein-et-le-psg\\\/#primaryimage\",\"url\":\"https:\\\/\\\/www.topicfoot.fr\\\/wp-content\\\/uploads\\\/2025\\\/03\\\/Al-Khelaifi-Dave-Thompson.webp\",\"contentUrl\":\"https:\\\/\\\/www.topicfoot.fr\\\/wp-content\\\/uploads\\\/2025\\\/03\\\/Al-Khelaifi-Dave-Thompson.webp\",\"width\":1024,\"height\":684},{\"@type\":\"BreadcrumbList\",\"@id\":\"https:\\\/\\\/www.topicfoot.fr\\\/index.php\\\/2025\\\/03\\\/28\\\/nasser-al-khelaifi-le-conflit-dinteret-entre-bein-et-le-psg\\\/#breadcrumb\",\"itemListElement\":[{\"@type\":\"ListItem\",\"position\":1,\"name\":\"Accueil\",\"item\":\"https:\\\/\\\/www.topicfoot.fr\\\/\"},{\"@type\":\"ListItem\",\"position\":2,\"name\":\"Nasser Al-Khela\u00effi : Le Conflit d\u2019Int\u00e9r\u00eat entre BeIn et le PSG\"}]},{\"@type\":\"WebSite\",\"@id\":\"https:\\\/\\\/www.topicfoot.fr\\\/#website\",\"url\":\"https:\\\/\\\/www.topicfoot.fr\\\/\",\"name\":\"Topic Foot\",\"description\":\"Tous l&#039;univers du Foot !\",\"publisher\":{\"@id\":\"https:\\\/\\\/www.topicfoot.fr\\\/#organization\"},\"potentialAction\":[{\"@type\":\"SearchAction\",\"target\":{\"@type\":\"EntryPoint\",\"urlTemplate\":\"https:\\\/\\\/www.topicfoot.fr\\\/?s={search_term_string}\"},\"query-input\":{\"@type\":\"PropertyValueSpecification\",\"valueRequired\":true,\"valueName\":\"search_term_string\"}}],\"inLanguage\":\"fr-FR\"},{\"@type\":\"Organization\",\"@id\":\"https:\\\/\\\/www.topicfoot.fr\\\/#organization\",\"name\":\"Topic Foot\",\"url\":\"https:\\\/\\\/www.topicfoot.fr\\\/\",\"logo\":{\"@type\":\"ImageObject\",\"inLanguage\":\"fr-FR\",\"@id\":\"https:\\\/\\\/www.topicfoot.fr\\\/#\\\/schema\\\/logo\\\/image\\\/\",\"url\":\"https:\\\/\\\/www.topicfoot.fr\\\/wp-content\\\/uploads\\\/2024\\\/04\\\/cropped-logo-topicfoot-new.jpg\",\"contentUrl\":\"https:\\\/\\\/www.topicfoot.fr\\\/wp-content\\\/uploads\\\/2024\\\/04\\\/cropped-logo-topicfoot-new.jpg\",\"width\":512,\"height\":512,\"caption\":\"Topic Foot\"},\"image\":{\"@id\":\"https:\\\/\\\/www.topicfoot.fr\\\/#\\\/schema\\\/logo\\\/image\\\/\"},\"sameAs\":[\"https:\\\/\\\/www.facebook.com\\\/topicfoot.fr\"]},{\"@type\":\"Person\",\"@id\":\"https:\\\/\\\/www.topicfoot.fr\\\/#\\\/schema\\\/person\\\/e11785565f6247f9acd9d5b796ec4d62\",\"name\":\"Florent G\",\"image\":{\"@type\":\"ImageObject\",\"inLanguage\":\"fr-FR\",\"@id\":\"https:\\\/\\\/secure.gravatar.com\\\/avatar\\\/1bb7e359942e0285fca3d40822ea6bdc74a98b7975407bfdf34b5a511f2155da?s=96&d=mm&r=g\",\"url\":\"https:\\\/\\\/secure.gravatar.com\\\/avatar\\\/1bb7e359942e0285fca3d40822ea6bdc74a98b7975407bfdf34b5a511f2155da?s=96&d=mm&r=g\",\"contentUrl\":\"https:\\\/\\\/secure.gravatar.com\\\/avatar\\\/1bb7e359942e0285fca3d40822ea6bdc74a98b7975407bfdf34b5a511f2155da?s=96&d=mm&r=g\",\"caption\":\"Florent G\"},\"description\":\"Je m'appelle Florent et je suis le cr\u00e9ateur de Topicfoot, un projet n\u00e9 de ma conviction que le football m\u00e9rite une couverture m\u00e9diatique de qualit\u00e9, ancr\u00e9e dans les faits et enrichie par l'analyse. Passionn\u00e9 de journalisme, j'ai toujours \u00e9t\u00e9 fascin\u00e9 par le sport comme r\u00e9v\u00e9lateur de soci\u00e9t\u00e9s. Mais c'est surtout l'explosion des donn\u00e9es et des nouvelles technologies dans le football qui m'a pouss\u00e9 \u00e0 lancer Topicfoot : statistiques avanc\u00e9es, mod\u00e8les pr\u00e9dictifs, analyse vid\u00e9o intelligente, impact des r\u00e9seaux sociaux sur les carri\u00e8res des joueurs. J'adore creuser ces th\u00e9matiques o\u00f9 les chiffres racontent une histoire que les yeux seuls ne voient pas. Au-del\u00e0 de la r\u00e9daction, je suis responsable de la ligne \u00e9ditoriale de Topicfoot et de sa strat\u00e9gie num\u00e9rique. Je crois que le journalisme sportif doit allier rigueur journalistique et innovation technologique pour offrir aux lecteurs une exp\u00e9rience moderne et approfondie. Nous couvrons les grands \u00e9v\u00e9nements du football europ\u00e9en et nous explorons comment les clubs utilisent les donn\u00e9es pour transformer leur organisation. Pour moi, Topicfoot, c'est la promesse d'un football mieux compris.\",\"sameAs\":[\"https:\\\/\\\/www.topicfoot.fr\"],\"url\":\"https:\\\/\\\/www.topicfoot.fr\\\/index.php\\\/author\\\/vitrindunet\\\/\"}]}<\/script>\n<!-- \/ Yoast SEO plugin. -->","yoast_head_json":{"title":"Nasser Al-Khela\u00effi : Le Conflit d\u2019Int\u00e9r\u00eat entre BeIn et le PSG","description":"Nasser Al-Khela\u00effi est une figure centrale du football moderne. \u00c0 la t\u00eate du Paris Saint-Germain et du groupe BeIn Media Group,","robots":{"index":"index","follow":"follow","max-snippet":"max-snippet:-1","max-image-preview":"max-image-preview:large","max-video-preview":"max-video-preview:-1"},"canonical":"https:\/\/www.topicfoot.fr\/index.php\/2025\/03\/28\/nasser-al-khelaifi-le-conflit-dinteret-entre-bein-et-le-psg\/","og_locale":"fr_FR","og_type":"article","og_title":"Nasser Al-Khela\u00effi : Le Conflit d\u2019Int\u00e9r\u00eat entre BeIn et le PSG","og_description":"Nasser Al-Khela\u00effi est une figure centrale du football moderne. \u00c0 la t\u00eate du Paris Saint-Germain et du groupe BeIn Media Group,","og_url":"https:\/\/www.topicfoot.fr\/index.php\/2025\/03\/28\/nasser-al-khelaifi-le-conflit-dinteret-entre-bein-et-le-psg\/","og_site_name":"Topic Foot","article_publisher":"https:\/\/www.facebook.com\/topicfoot.fr","article_published_time":"2025-03-28T20:42:42+00:00","article_modified_time":"2025-03-28T20:42:49+00:00","og_image":[{"width":1024,"height":684,"url":"https:\/\/www.topicfoot.fr\/wp-content\/uploads\/2025\/03\/Al-Khelaifi-Dave-Thompson.webp","type":"image\/webp"}],"author":"Florent G","twitter_card":"summary_large_image","twitter_misc":{"\u00c9crit par":"Florent G","Dur\u00e9e de lecture estim\u00e9e":"5 minutes"},"schema":{"@context":"https:\/\/schema.org","@graph":[{"@type":"Article","@id":"https:\/\/www.topicfoot.fr\/index.php\/2025\/03\/28\/nasser-al-khelaifi-le-conflit-dinteret-entre-bein-et-le-psg\/#article","isPartOf":{"@id":"https:\/\/www.topicfoot.fr\/index.php\/2025\/03\/28\/nasser-al-khelaifi-le-conflit-dinteret-entre-bein-et-le-psg\/"},"author":{"name":"Florent G","@id":"https:\/\/www.topicfoot.fr\/#\/schema\/person\/e11785565f6247f9acd9d5b796ec4d62"},"headline":"Nasser Al-Khela\u00effi : Le Conflit d\u2019Int\u00e9r\u00eat entre BeIn et le PSG","datePublished":"2025-03-28T20:42:42+00:00","dateModified":"2025-03-28T20:42:49+00:00","mainEntityOfPage":{"@id":"https:\/\/www.topicfoot.fr\/index.php\/2025\/03\/28\/nasser-al-khelaifi-le-conflit-dinteret-entre-bein-et-le-psg\/"},"wordCount":867,"publisher":{"@id":"https:\/\/www.topicfoot.fr\/#organization"},"image":{"@id":"https:\/\/www.topicfoot.fr\/index.php\/2025\/03\/28\/nasser-al-khelaifi-le-conflit-dinteret-entre-bein-et-le-psg\/#primaryimage"},"thumbnailUrl":"https:\/\/www.topicfoot.fr\/wp-content\/uploads\/2025\/03\/Al-Khelaifi-Dave-Thompson.webp","articleSection":["Droits TV du football : revenus et redistribution","Foot Business","PSG","Toutes les cat\u00e9gories"],"inLanguage":"fr-FR"},{"@type":"WebPage","@id":"https:\/\/www.topicfoot.fr\/index.php\/2025\/03\/28\/nasser-al-khelaifi-le-conflit-dinteret-entre-bein-et-le-psg\/","url":"https:\/\/www.topicfoot.fr\/index.php\/2025\/03\/28\/nasser-al-khelaifi-le-conflit-dinteret-entre-bein-et-le-psg\/","name":"Nasser Al-Khela\u00effi : Le Conflit d\u2019Int\u00e9r\u00eat entre BeIn et le PSG","isPartOf":{"@id":"https:\/\/www.topicfoot.fr\/#website"},"primaryImageOfPage":{"@id":"https:\/\/www.topicfoot.fr\/index.php\/2025\/03\/28\/nasser-al-khelaifi-le-conflit-dinteret-entre-bein-et-le-psg\/#primaryimage"},"image":{"@id":"https:\/\/www.topicfoot.fr\/index.php\/2025\/03\/28\/nasser-al-khelaifi-le-conflit-dinteret-entre-bein-et-le-psg\/#primaryimage"},"thumbnailUrl":"https:\/\/www.topicfoot.fr\/wp-content\/uploads\/2025\/03\/Al-Khelaifi-Dave-Thompson.webp","datePublished":"2025-03-28T20:42:42+00:00","dateModified":"2025-03-28T20:42:49+00:00","description":"Nasser Al-Khela\u00effi est une figure centrale du football moderne. \u00c0 la t\u00eate du Paris Saint-Germain et du groupe BeIn Media Group,","breadcrumb":{"@id":"https:\/\/www.topicfoot.fr\/index.php\/2025\/03\/28\/nasser-al-khelaifi-le-conflit-dinteret-entre-bein-et-le-psg\/#breadcrumb"},"inLanguage":"fr-FR","potentialAction":[{"@type":"ReadAction","target":["https:\/\/www.topicfoot.fr\/index.php\/2025\/03\/28\/nasser-al-khelaifi-le-conflit-dinteret-entre-bein-et-le-psg\/"]}]},{"@type":"ImageObject","inLanguage":"fr-FR","@id":"https:\/\/www.topicfoot.fr\/index.php\/2025\/03\/28\/nasser-al-khelaifi-le-conflit-dinteret-entre-bein-et-le-psg\/#primaryimage","url":"https:\/\/www.topicfoot.fr\/wp-content\/uploads\/2025\/03\/Al-Khelaifi-Dave-Thompson.webp","contentUrl":"https:\/\/www.topicfoot.fr\/wp-content\/uploads\/2025\/03\/Al-Khelaifi-Dave-Thompson.webp","width":1024,"height":684},{"@type":"BreadcrumbList","@id":"https:\/\/www.topicfoot.fr\/index.php\/2025\/03\/28\/nasser-al-khelaifi-le-conflit-dinteret-entre-bein-et-le-psg\/#breadcrumb","itemListElement":[{"@type":"ListItem","position":1,"name":"Accueil","item":"https:\/\/www.topicfoot.fr\/"},{"@type":"ListItem","position":2,"name":"Nasser Al-Khela\u00effi : Le Conflit d\u2019Int\u00e9r\u00eat entre BeIn et le PSG"}]},{"@type":"WebSite","@id":"https:\/\/www.topicfoot.fr\/#website","url":"https:\/\/www.topicfoot.fr\/","name":"Topic Foot","description":"Tous l&#039;univers du Foot !","publisher":{"@id":"https:\/\/www.topicfoot.fr\/#organization"},"potentialAction":[{"@type":"SearchAction","target":{"@type":"EntryPoint","urlTemplate":"https:\/\/www.topicfoot.fr\/?s={search_term_string}"},"query-input":{"@type":"PropertyValueSpecification","valueRequired":true,"valueName":"search_term_string"}}],"inLanguage":"fr-FR"},{"@type":"Organization","@id":"https:\/\/www.topicfoot.fr\/#organization","name":"Topic Foot","url":"https:\/\/www.topicfoot.fr\/","logo":{"@type":"ImageObject","inLanguage":"fr-FR","@id":"https:\/\/www.topicfoot.fr\/#\/schema\/logo\/image\/","url":"https:\/\/www.topicfoot.fr\/wp-content\/uploads\/2024\/04\/cropped-logo-topicfoot-new.jpg","contentUrl":"https:\/\/www.topicfoot.fr\/wp-content\/uploads\/2024\/04\/cropped-logo-topicfoot-new.jpg","width":512,"height":512,"caption":"Topic Foot"},"image":{"@id":"https:\/\/www.topicfoot.fr\/#\/schema\/logo\/image\/"},"sameAs":["https:\/\/www.facebook.com\/topicfoot.fr"]},{"@type":"Person","@id":"https:\/\/www.topicfoot.fr\/#\/schema\/person\/e11785565f6247f9acd9d5b796ec4d62","name":"Florent G","image":{"@type":"ImageObject","inLanguage":"fr-FR","@id":"https:\/\/secure.gravatar.com\/avatar\/1bb7e359942e0285fca3d40822ea6bdc74a98b7975407bfdf34b5a511f2155da?s=96&d=mm&r=g","url":"https:\/\/secure.gravatar.com\/avatar\/1bb7e359942e0285fca3d40822ea6bdc74a98b7975407bfdf34b5a511f2155da?s=96&d=mm&r=g","contentUrl":"https:\/\/secure.gravatar.com\/avatar\/1bb7e359942e0285fca3d40822ea6bdc74a98b7975407bfdf34b5a511f2155da?s=96&d=mm&r=g","caption":"Florent G"},"description":"Je m'appelle Florent et je suis le cr\u00e9ateur de Topicfoot, un projet n\u00e9 de ma conviction que le football m\u00e9rite une couverture m\u00e9diatique de qualit\u00e9, ancr\u00e9e dans les faits et enrichie par l'analyse. Passionn\u00e9 de journalisme, j'ai toujours \u00e9t\u00e9 fascin\u00e9 par le sport comme r\u00e9v\u00e9lateur de soci\u00e9t\u00e9s. Mais c'est surtout l'explosion des donn\u00e9es et des nouvelles technologies dans le football qui m'a pouss\u00e9 \u00e0 lancer Topicfoot : statistiques avanc\u00e9es, mod\u00e8les pr\u00e9dictifs, analyse vid\u00e9o intelligente, impact des r\u00e9seaux sociaux sur les carri\u00e8res des joueurs. J'adore creuser ces th\u00e9matiques o\u00f9 les chiffres racontent une histoire que les yeux seuls ne voient pas. Au-del\u00e0 de la r\u00e9daction, je suis responsable de la ligne \u00e9ditoriale de Topicfoot et de sa strat\u00e9gie num\u00e9rique. Je crois que le journalisme sportif doit allier rigueur journalistique et innovation technologique pour offrir aux lecteurs une exp\u00e9rience moderne et approfondie. Nous couvrons les grands \u00e9v\u00e9nements du football europ\u00e9en et nous explorons comment les clubs utilisent les donn\u00e9es pour transformer leur organisation. Pour moi, Topicfoot, c'est la promesse d'un football mieux compris.","sameAs":["https:\/\/www.topicfoot.fr"],"url":"https:\/\/www.topicfoot.fr\/index.php\/author\/vitrindunet\/"}]}},"_links":{"self":[{"href":"https:\/\/www.topicfoot.fr\/index.php\/wp-json\/wp\/v2\/posts\/13168","targetHints":{"allow":["GET"]}}],"collection":[{"href":"https:\/\/www.topicfoot.fr\/index.php\/wp-json\/wp\/v2\/posts"}],"about":[{"href":"https:\/\/www.topicfoot.fr\/index.php\/wp-json\/wp\/v2\/types\/post"}],"author":[{"embeddable":true,"href":"https:\/\/www.topicfoot.fr\/index.php\/wp-json\/wp\/v2\/users\/1"}],"replies":[{"embeddable":true,"href":"https:\/\/www.topicfoot.fr\/index.php\/wp-json\/wp\/v2\/comments?post=13168"}],"version-history":[{"count":0,"href":"https:\/\/www.topicfoot.fr\/index.php\/wp-json\/wp\/v2\/posts\/13168\/revisions"}],"wp:featuredmedia":[{"embeddable":true,"href":"https:\/\/www.topicfoot.fr\/index.php\/wp-json\/wp\/v2\/media\/13169"}],"wp:attachment":[{"href":"https:\/\/www.topicfoot.fr\/index.php\/wp-json\/wp\/v2\/media?parent=13168"}],"wp:term":[{"taxonomy":"category","embeddable":true,"href":"https:\/\/www.topicfoot.fr\/index.php\/wp-json\/wp\/v2\/categories?post=13168"},{"taxonomy":"post_tag","embeddable":true,"href":"https:\/\/www.topicfoot.fr\/index.php\/wp-json\/wp\/v2\/tags?post=13168"},{"taxonomy":"post_folder","embeddable":true,"href":"https:\/\/www.topicfoot.fr\/index.php\/wp-json\/wp\/v2\/post_folder?post=13168"}],"curies":[{"name":"wp","href":"https:\/\/api.w.org\/{rel}","templated":true}]}}