{"id":13220,"date":"2025-04-02T16:19:44","date_gmt":"2025-04-02T14:19:44","guid":{"rendered":"https:\/\/www.topicfoot.fr\/?p=13220"},"modified":"2025-04-02T16:19:51","modified_gmt":"2025-04-02T14:19:51","slug":"prix-marc-vivien-foe-quel-joueur-africain-sera-sacre-en-2025","status":"publish","type":"post","link":"https:\/\/www.topicfoot.fr\/index.php\/2025\/04\/02\/prix-marc-vivien-foe-quel-joueur-africain-sera-sacre-en-2025\/","title":{"rendered":"Prix Marc-Vivien Fo\u00e9 : Quel joueur africain sera sacr\u00e9 en 2025 ?"},"content":{"rendered":"<span class=\"span-reading-time rt-reading-time\" style=\"display: block;\"><span class=\"rt-label rt-prefix\">Temps de lecture\u00a0:  <\/span> <span class=\"rt-time\"> 3<\/span> <span class=\"rt-label rt-postfix\">minutes.  <\/span><\/span>\n<p>Chaque ann\u00e9e, RFI et France 24 r\u00e9compensent le meilleur joueur africain \u00e9voluant en Ligue 1. Ce troph\u00e9e prestigieux, baptis\u00e9 Prix Marc-Vivien Fo\u00e9, met en lumi\u00e8re le talent et l\u2019impact des footballeurs du continent sur le championnat fran\u00e7ais. En 2025, douze joueurs sont en lice pour succ\u00e9der \u00e0 Pierre-Emerick Aubameyang. Qui sera couronn\u00e9 le 12 mai prochain ?<\/p>\n\n\n\n<figure class=\"wp-block-image size-large\"><img loading=\"lazy\" decoding=\"async\" width=\"1024\" height=\"576\" src=\"https:\/\/www.topicfoot.fr\/wp-content\/uploads\/2025\/04\/prix-vivien-foe-rfi-1024x576.webp\" alt=\"Prix Marc-Vivien Fo\u00e9 : Quel joueur africain sera sacr\u00e9 en 2025 ?\" class=\"wp-image-13221\" srcset=\"https:\/\/www.topicfoot.fr\/wp-content\/uploads\/2025\/04\/prix-vivien-foe-rfi-1024x576.webp 1024w, https:\/\/www.topicfoot.fr\/wp-content\/uploads\/2025\/04\/prix-vivien-foe-rfi-300x169.webp 300w, https:\/\/www.topicfoot.fr\/wp-content\/uploads\/2025\/04\/prix-vivien-foe-rfi-768x432.webp 768w, https:\/\/www.topicfoot.fr\/wp-content\/uploads\/2025\/04\/prix-vivien-foe-rfi-678x381.webp 678w, https:\/\/www.topicfoot.fr\/wp-content\/uploads\/2025\/04\/prix-vivien-foe-rfi.webp 1280w\" sizes=\"auto, (max-width: 1024px) 100vw, 1024px\" \/><\/figure>\n\n\n\n<h2 class=\"wp-block-heading\">Un prix en hommage \u00e0 Marc-Vivien Fo\u00e9<\/h2>\n\n\n\n<p>Le Prix Marc-Vivien Fo\u00e9 honore la m\u00e9moire d\u2019un grand milieu de terrain camerounais, disparu tragiquement en 2003 lors d\u2019un match international. Depuis 2009, cette distinction c\u00e9l\u00e8bre les joueurs africains qui brillent par leur talent et leur r\u00e9gularit\u00e9 en Ligue 1. Elle met en avant des footballeurs qui influencent le jeu de leur \u00e9quipe et qui incarnent les valeurs de courage et d\u2019exemplarit\u00e9.<\/p>\n\n\n\n<h2 class=\"wp-block-heading\">Un palmar\u00e8s marqu\u00e9 par des stars du football africain<\/h2>\n\n\n\n<p>Depuis sa cr\u00e9ation, le Prix Marc-Vivien Fo\u00e9 a sacr\u00e9 des joueurs embl\u00e9matiques. Des talents comme Gervinho, Andr\u00e9 Ayew, Sofiane Boufal, ou encore Victor Osimhen ont inscrit leur nom au palmar\u00e8s. En 2023, le Congolais Chancel Mbemba a \u00e9t\u00e9 r\u00e9compens\u00e9, avant que le Gabonais Pierre-Emerick Aubameyang ne remporte l\u2019\u00e9dition 2024. Chaque ann\u00e9e, la distinction met en avant des joueurs cl\u00e9s du championnat, souvent convoit\u00e9s par de grands clubs europ\u00e9ens.<\/p>\n\n\n\n<h2 class=\"wp-block-heading\">Les crit\u00e8res de s\u00e9lection du Prix Marc-Vivien Fo\u00e9<\/h2>\n\n\n\n<p>Les laur\u00e9ats sont d\u00e9sign\u00e9s par un jury compos\u00e9 de journalistes sp\u00e9cialis\u00e9s du football africain et fran\u00e7ais. Plusieurs crit\u00e8res entrent en jeu : la r\u00e9gularit\u00e9, l\u2019impact sur les performances de leur club, leur influence dans le vestiaire, et leur potentiel de progression. Un joueur ne peut \u00eatre \u00e9ligible que s\u2019il repr\u00e9sente une nation africaine et \u00e9volue en Ligue 1.<\/p>\n\n\n\n<h2 class=\"wp-block-heading\">Les 12 pr\u00e9tendants au sacre en 2025<\/h2>\n\n\n\n<p>L\u2019\u00e9dition 2025 du Prix Marc-Vivien Fo\u00e9 promet une lutte serr\u00e9e entre des joueurs de talent. Voici les douze nomin\u00e9s :<\/p>\n\n\n\n<ul class=\"wp-block-list\">\n<li><strong>Himad Abdelli (Alg\u00e9rie, Angers)<\/strong>\u00a0: Ma\u00eetre \u00e0 jouer du SCO, il brille par sa vision et son abattage au milieu de terrain.<\/li>\n\n\n\n<li><strong>Eliesse Ben Seghir (Maroc, Monaco)<\/strong>\u00a0: Jeune attaquant prometteur, il est un des fers de lance de l\u2019attaque mon\u00e9gasque.<\/li>\n\n\n\n<li><strong>Lamine Camara (S\u00e9n\u00e9gal, Monaco)<\/strong>\u00a0: Organisateur du jeu, il a rapidement trouv\u00e9 sa place dans l\u2019entrejeu de l\u2019ASM.<\/li>\n\n\n\n<li><strong>Habib Diarra (S\u00e9n\u00e9gal, RC Strasbourg)<\/strong>\u00a0: Capitaine de Strasbourg, il incarne le renouveau alsacien.<\/li>\n\n\n\n<li><strong>Yahia Fofana (C\u00f4te d\u2019Ivoire, Angers)<\/strong>\u00a0: Gardien de talent, il a permis \u00e0 Angers de retrouver l\u2019\u00e9lite.<\/li>\n\n\n\n<li><strong>Amine Gouiri (Alg\u00e9rie, Marseille)<\/strong>\u00a0: Attaquant polyvalent, il s\u2019est impos\u00e9 comme un \u00e9l\u00e9ment cl\u00e9 de l\u2019OM.<\/li>\n\n\n\n<li><strong>Evann Guessand (C\u00f4te d\u2019Ivoire, Nice)<\/strong>\u00a0: Auteur d\u2019une saison remarquable, il est devenu incontournable chez les Aiglons.<\/li>\n\n\n\n<li><strong>Achraf Hakimi (Maroc, PSG)<\/strong>\u00a0: Vice-capitaine parisien, il reste un joueur majeur du club de la capitale.<\/li>\n\n\n\n<li><strong>Moussa Niakhat\u00e9 (S\u00e9n\u00e9gal, Lyon)<\/strong>\u00a0: Pilier de la d\u00e9fense lyonnaise, il a su s\u2019imposer apr\u00e8s un d\u00e9but d\u00e9licat.<\/li>\n\n\n\n<li><strong>Moses Simon (Nigeria, Nantes)<\/strong>\u00a0: Dynamiteur de l\u2019attaque nantaise, il excelle par sa vitesse et sa technique.<\/li>\n\n\n\n<li><strong>Abdoulaye Tour\u00e9 (Guin\u00e9e, Le Havre)<\/strong>\u00a0: Exp\u00e9riment\u00e9, il guide le jeu du HAC avec s\u00e9r\u00e9nit\u00e9.<\/li>\n\n\n\n<li><strong>Hamed Junior Traor\u00e9 (C\u00f4te d\u2019Ivoire, Auxerre)<\/strong>\u00a0: R\u00e9v\u00e9lation de la saison, il a boost\u00e9 l\u2019attaque auxerroise.<\/li>\n<\/ul>\n\n\n\n<h2 class=\"wp-block-heading\">Qui succ\u00e9dera \u00e0 Pierre-Emerick Aubameyang ?<\/h2>\n\n\n\n<figure class=\"wp-block-image size-large\"><img loading=\"lazy\" decoding=\"async\" width=\"1024\" height=\"683\" src=\"https:\/\/www.topicfoot.fr\/wp-content\/uploads\/2025\/04\/pierre-emerick-aubameyang-afp-tf-1024x683.webp\" alt=\"Qui succ\u00e9dera \u00e0 Pierre-Emerick Aubameyang ?\" class=\"wp-image-13222\" srcset=\"https:\/\/www.topicfoot.fr\/wp-content\/uploads\/2025\/04\/pierre-emerick-aubameyang-afp-tf-1024x683.webp 1024w, https:\/\/www.topicfoot.fr\/wp-content\/uploads\/2025\/04\/pierre-emerick-aubameyang-afp-tf-300x200.webp 300w, https:\/\/www.topicfoot.fr\/wp-content\/uploads\/2025\/04\/pierre-emerick-aubameyang-afp-tf-768x512.webp 768w, https:\/\/www.topicfoot.fr\/wp-content\/uploads\/2025\/04\/pierre-emerick-aubameyang-afp-tf-1536x1024.webp 1536w, https:\/\/www.topicfoot.fr\/wp-content\/uploads\/2025\/04\/pierre-emerick-aubameyang-afp-tf.webp 1600w\" sizes=\"auto, (max-width: 1024px) 100vw, 1024px\" \/><\/figure>\n\n\n\n<p class=\"has-text-align-center\"><em>Pierre-Emerick Aubameyang Cr\u00e9dits : AFP CC<\/em><\/p>\n\n\n\n<p>Le verdict tombera le 12 mai. Certains joueurs partent avec une longueur d\u2019avance. Achraf Hakimi, finaliste malheureux en 2024, esp\u00e8re enfin remporter le troph\u00e9e. Amine Gouiri et Lamine Camara, en grande forme, sont aussi des pr\u00e9tendants s\u00e9rieux. Mais la surprise pourrait venir de Himad Abdelli ou de Evann Guessand, auteurs d\u2019une saison remarquable.<\/p>\n\n\n\n<p>Le Prix Marc-Vivien Fo\u00e9 2025 promet donc un suspense haletant. Rendez-vous le 12 mai pour conna\u00eetre le successeur d\u2019Aubameyang ! Et si nous nous int\u00e9ressions aux pr\u00e9c\u00e9dents laur\u00e9ats qui ont marqu\u00e9 l\u2019histoire de ce troph\u00e9e ?<\/p>\n\n\n\n<!-- Noptin Newsletter Plugin v4.2.2 - https:\/\/wordpress.org\/plugins\/newsletter-optin-box\/ --><div id=\"noptin-form-2__wrapper\" class=\"noptin-optin-main-wrapper noptin-form-id-9842 noptin-inpost-main-wrapper\" aria-labelledby=\"noptin-form-2__title\" ><style>\/*Custom css*\/\n\n.noptin-form-id-9842 .noptin-optin-form-wrapper .noptin-optin-form.noptin-form-single-line .noptin-form-submit{\n\tborder-radius: 30px;\n}\n\n@media only screen and (min-width: 768px) {\n\n\t.noptin-form-id-9842 .noptin-optin-form-wrapper .noptin-optin-form.noptin-form-single-line .noptin-form-submit{\n\t\tposition: absolute;\n\t\tbottom: -1px;\n\t\ttop: 0;\n\t\tright: 0px;\n\t}\n\n}\n\n.noptin-form-id-9842 .noptin-optin-form-wrapper .noptin-form-single-line .noptin-form-field{\n \tborder-radius: 30px !important;\n\tborder: none !important;\n} #noptin-form-2__wrapper {--noptin-background-color: #424242; --noptin-border-color: #424242; --noptin-button-color: #607D8B; --noptin-button-text-color: #fafafa; --noptin-title-color: #fafafa; --noptin-description-color: #fafafa; --noptin-prefix-color: #607d8b; --noptin-note-color: #fafafa;}<\/style><div style=\"max-width:620px; min-height:280px;border-color: #424242;\" class=\"noptin-optin-form-wrapper no-image\" ><!-- Form ID: 9842 --><form id=\"noptin-form-2\" class=\"noptin-optin-form noptin-form-single-line noptin-label-hide noptin-form-2\" method=\"post\" novalidate >\t\t\t\t\t<div class=\"noptin-form-header noptin-img-left\">\n\t\t\t\t\t\t\t\t\t\t\t\t<div class=\"noptin-form-header-text\">\n\n\t\t\t\t\t\t\t\t\t\t\t\t\t\t\t<div style=\"color: #607d8b;font-size: 20px; font-weight: 500; line-height: 1.3;\" class=\"noptin-form-prefix\">\n\t\t\t\t\t\t\t\t\t\t\t\t\t\t\t\t\t<\/div>\n\t\t\t\t\t\t\t\n\t\t\t\t\t\t\t\t\t\t\t\t\t\t\t<div style=\"color: #fafafa;font-size: 20px; font-weight: 700; line-height: 1.5;\" class=\"noptin-form-heading\">\n\t\t\t\t\t\t\t\t\tAbonnez-vous \u00e0 TopicFoot\t\t\t\t\t\t\t\t<\/div>\n\t\t\t\t\t\t\t\n\t\t\t\t\t\t\t\t\t\t\t\t\t\t\t<div style=\"color: #fafafa;font-size: 16px; font-weight: 500; line-height: 1.5;\" class=\"noptin-form-description\">\n\t\t\t\t\t\t\t\t\tEntrez votre Mail pour recevoir nos derniers articles.\t\t\t\t\t\t\t\t<\/div>\n\t\t\t\t\t\t\t\n\t\t\t\t\t\t<\/div>\n\t\t\t\t\t\t\n\t\t\t\t\t\t\t\t\t\t\t\t\t<div class=\"noptin-form-header-image\">\n\t\t\t\t\t\t\t\t<img decoding=\"async\" alt=\"icon\" src=\"https:\/\/www.topicfoot.fr\/wp-content\/plugins\/newsletter-optin-box\/includes\/assets\/images\/email-icon.png\" \/>\n\t\t\t\t\t\t\t<\/div>\n\t\t\t\t\t\t\n\t\t\t\t\t<\/div>\n\t\t\t\t<div class=\"noptin-form-footer\"><div class=\"noptin-form-fields\">\t\t\t<div class=\"noptin-form-field-wrapper noptin-form-field-email noptin-optin-field-wrapper noptin-optin-field-email\" id=\"noptin-form-2__field-email--wrapper\" >\n\t\t<div class=\"noptin-field-email\">\n\t\t\t<label class=\"noptin-label\" for=\"noptin-form-2__field-email\">Adresse Mail<\/label>\n\t\t\t<input name=\"noptin_fields[email]\" id=\"noptin-form-2__field-email\" type=\"email\" class=\"noptin-text noptin-form-field noptin-form-field__email noptin-form-field__has-no-placeholder\" placeholder=\"Adresse Mail\" required \/>\n\n\t\t<\/div><\/div>\t\t\t<div class=\"noptin-form-field-wrapper noptin-form-field- noptin-optin-field-wrapper noptin-optin-field-\" id=\"noptin-form-2__field---wrapper\" >\n\t\t<\/div>\t\t\t<div class=\"noptin-form-field-wrapper noptin-form-field-submit noptin-optin-field-wrapper noptin-optin-field-submit\" >\n\t\t\n\t\t\t<input type=\"submit\" id=\"noptin-form-2__submit\" class=\"noptin-form-submit btn button btn-primary button-primary wp-element-button\" name=\"noptin-submit\" value=\"Abonnez-vous\" style=\"background-color: #607D8B;color: #fafafa;\"  \/>\n\n\t\t<\/div><\/div>\t\t\t\t\t\t<div class=\"noptin-form-notice noptin-response\" role=\"alert\"><\/div>\n\t\t\t<\/div>\n\t\t\t<input type=\"hidden\" name=\"noptin_element_id\" value=\"2\" \/><input type=\"hidden\" name=\"source\" value=\"9842\" \/><input type=\"hidden\" name=\"form_action\" value=\"subscribe\" \/><input type=\"hidden\" name=\"noptin-config\" value=\"geVp3bmVsS.Bejx5F7hyheCZeasGrk6UoV7mPwUKzeAj_J_jRQjYkLtSn67MwIeo\" \/><input type=\"hidden\" name=\"noptin_form_id\" value=\"9842\" \/><\/form><\/div><!-- \/Form ID: 9842 --><\/div><!-- \/ Noptin Newsletter Plugin -->\n\n\n\n<p>Voir aussi notre article sur :\u00a0<a href=\"https:\/\/www.topicfoot.fr\/index.php\/2025\/03\/27\/le-prix-du-joueur-africain-de-lannee-une-distinction-de-prestige\/\">Le prix du Joueur africain de l\u2019ann\u00e9e : une distinction de prestige<\/a><\/p>\n\n\n\n<figure class=\"wp-block-embed is-type-wp-embed is-provider-topic-foot wp-block-embed-topic-foot\"><div class=\"wp-block-embed__wrapper\">\n<blockquote class=\"wp-embedded-content\" data-secret=\"3u9llf9so8\"><a href=\"https:\/\/www.topicfoot.fr\/index.php\/2025\/03\/27\/le-prix-du-joueur-africain-de-lannee-une-distinction-de-prestige\/\">Le prix du Joueur africain de l&rsquo;ann\u00e9e : une distinction de prestige<\/a><\/blockquote><iframe loading=\"lazy\" class=\"wp-embedded-content\" sandbox=\"allow-scripts\" security=\"restricted\" style=\"position: absolute; visibility: hidden;\" title=\"\u00ab\u00a0Le prix du Joueur africain de l&rsquo;ann\u00e9e : une distinction de prestige\u00a0\u00bb &#8212; Topic Foot\" src=\"https:\/\/www.topicfoot.fr\/index.php\/2025\/03\/27\/le-prix-du-joueur-africain-de-lannee-une-distinction-de-prestige\/embed\/#?secret=N5AG2YvPnh#?secret=3u9llf9so8\" data-secret=\"3u9llf9so8\" width=\"500\" height=\"282\" frameborder=\"0\" marginwidth=\"0\" marginheight=\"0\" scrolling=\"no\"><\/iframe>\n<\/div><\/figure>\n\n\n\n<p><\/p>\n","protected":false},"excerpt":{"rendered":"<div class=\"mh-excerpt\">Ce troph\u00e9e prestigieux, baptis\u00e9 Prix Marc-Vivien Fo\u00e9, met en lumi\u00e8re le talent et l\u2019impact des footballeurs<\/div>\n<p> <a class=\"mh-excerpt-more\" href=\"https:\/\/www.topicfoot.fr\/index.php\/2025\/04\/02\/prix-marc-vivien-foe-quel-joueur-africain-sera-sacre-en-2025\/\" title=\"Prix Marc-Vivien Fo\u00e9 : Quel joueur africain sera sacr\u00e9 en 2025 ?\">[&#8230;]<\/a><\/p>\n","protected":false},"author":1,"featured_media":13221,"comment_status":"closed","ping_status":"open","sticky":false,"template":"","format":"standard","meta":{"footnotes":""},"categories":[31,40],"tags":[],"post_folder":[],"class_list":{"0":"post-13220","1":"post","2":"type-post","3":"status-publish","4":"format-standard","5":"has-post-thumbnail","7":"category-toutes-les-categories","8":"category-trophee"},"yoast_head":"<!-- This site is optimized with the Yoast SEO plugin v27.4 - https:\/\/yoast.com\/product\/yoast-seo-wordpress\/ -->\n<title>Prix Marc-Vivien Fo\u00e9 : Quel joueur africain sera sacr\u00e9 en 2025 ?<\/title>\n<meta name=\"description\" content=\"Ce troph\u00e9e prestigieux, baptis\u00e9 Prix Marc-Vivien Fo\u00e9, met en lumi\u00e8re le talent et l\u2019impact des footballeurs\" \/>\n<meta name=\"robots\" content=\"index, follow, max-snippet:-1, max-image-preview:large, max-video-preview:-1\" \/>\n<link rel=\"canonical\" href=\"https:\/\/www.topicfoot.fr\/index.php\/2025\/04\/02\/prix-marc-vivien-foe-quel-joueur-africain-sera-sacre-en-2025\/\" \/>\n<meta property=\"og:locale\" content=\"fr_FR\" \/>\n<meta property=\"og:type\" content=\"article\" \/>\n<meta property=\"og:title\" content=\"Prix Marc-Vivien Fo\u00e9 : Quel joueur africain sera sacr\u00e9 en 2025 ?\" \/>\n<meta property=\"og:description\" content=\"Ce troph\u00e9e prestigieux, baptis\u00e9 Prix Marc-Vivien Fo\u00e9, met en lumi\u00e8re le talent et l\u2019impact des footballeurs\" \/>\n<meta property=\"og:url\" content=\"https:\/\/www.topicfoot.fr\/index.php\/2025\/04\/02\/prix-marc-vivien-foe-quel-joueur-africain-sera-sacre-en-2025\/\" \/>\n<meta property=\"og:site_name\" content=\"Topic Foot\" \/>\n<meta property=\"article:publisher\" content=\"https:\/\/www.facebook.com\/topicfoot.fr\" \/>\n<meta property=\"article:published_time\" content=\"2025-04-02T14:19:44+00:00\" \/>\n<meta property=\"article:modified_time\" content=\"2025-04-02T14:19:51+00:00\" \/>\n<meta property=\"og:image\" content=\"https:\/\/www.topicfoot.fr\/wp-content\/uploads\/2025\/04\/prix-vivien-foe-rfi.webp\" \/>\n\t<meta property=\"og:image:width\" content=\"1280\" \/>\n\t<meta property=\"og:image:height\" content=\"720\" \/>\n\t<meta property=\"og:image:type\" content=\"image\/jpeg\" \/>\n<meta name=\"author\" content=\"Florent G\" \/>\n<meta name=\"twitter:card\" content=\"summary_large_image\" \/>\n<meta name=\"twitter:label1\" content=\"\u00c9crit par\" \/>\n\t<meta name=\"twitter:data1\" content=\"Florent G\" \/>\n\t<meta name=\"twitter:label2\" content=\"Dur\u00e9e de lecture estim\u00e9e\" \/>\n\t<meta name=\"twitter:data2\" content=\"4 minutes\" \/>\n<script type=\"application\/ld+json\" class=\"yoast-schema-graph\">{\"@context\":\"https:\\\/\\\/schema.org\",\"@graph\":[{\"@type\":\"Article\",\"@id\":\"https:\\\/\\\/www.topicfoot.fr\\\/index.php\\\/2025\\\/04\\\/02\\\/prix-marc-vivien-foe-quel-joueur-africain-sera-sacre-en-2025\\\/#article\",\"isPartOf\":{\"@id\":\"https:\\\/\\\/www.topicfoot.fr\\\/index.php\\\/2025\\\/04\\\/02\\\/prix-marc-vivien-foe-quel-joueur-africain-sera-sacre-en-2025\\\/\"},\"author\":{\"name\":\"Florent G\",\"@id\":\"https:\\\/\\\/www.topicfoot.fr\\\/#\\\/schema\\\/person\\\/e11785565f6247f9acd9d5b796ec4d62\"},\"headline\":\"Prix Marc-Vivien Fo\u00e9 : Quel joueur africain sera sacr\u00e9 en 2025 ?\",\"datePublished\":\"2025-04-02T14:19:44+00:00\",\"dateModified\":\"2025-04-02T14:19:51+00:00\",\"mainEntityOfPage\":{\"@id\":\"https:\\\/\\\/www.topicfoot.fr\\\/index.php\\\/2025\\\/04\\\/02\\\/prix-marc-vivien-foe-quel-joueur-africain-sera-sacre-en-2025\\\/\"},\"wordCount\":692,\"publisher\":{\"@id\":\"https:\\\/\\\/www.topicfoot.fr\\\/#organization\"},\"image\":{\"@id\":\"https:\\\/\\\/www.topicfoot.fr\\\/index.php\\\/2025\\\/04\\\/02\\\/prix-marc-vivien-foe-quel-joueur-africain-sera-sacre-en-2025\\\/#primaryimage\"},\"thumbnailUrl\":\"https:\\\/\\\/www.topicfoot.fr\\\/wp-content\\\/uploads\\\/2025\\\/04\\\/prix-vivien-foe-rfi.webp\",\"articleSection\":[\"Toutes les cat\u00e9gories\",\"Troph\u00e9e\"],\"inLanguage\":\"fr-FR\"},{\"@type\":\"WebPage\",\"@id\":\"https:\\\/\\\/www.topicfoot.fr\\\/index.php\\\/2025\\\/04\\\/02\\\/prix-marc-vivien-foe-quel-joueur-africain-sera-sacre-en-2025\\\/\",\"url\":\"https:\\\/\\\/www.topicfoot.fr\\\/index.php\\\/2025\\\/04\\\/02\\\/prix-marc-vivien-foe-quel-joueur-africain-sera-sacre-en-2025\\\/\",\"name\":\"Prix Marc-Vivien Fo\u00e9 : Quel joueur africain sera sacr\u00e9 en 2025 ?\",\"isPartOf\":{\"@id\":\"https:\\\/\\\/www.topicfoot.fr\\\/#website\"},\"primaryImageOfPage\":{\"@id\":\"https:\\\/\\\/www.topicfoot.fr\\\/index.php\\\/2025\\\/04\\\/02\\\/prix-marc-vivien-foe-quel-joueur-africain-sera-sacre-en-2025\\\/#primaryimage\"},\"image\":{\"@id\":\"https:\\\/\\\/www.topicfoot.fr\\\/index.php\\\/2025\\\/04\\\/02\\\/prix-marc-vivien-foe-quel-joueur-africain-sera-sacre-en-2025\\\/#primaryimage\"},\"thumbnailUrl\":\"https:\\\/\\\/www.topicfoot.fr\\\/wp-content\\\/uploads\\\/2025\\\/04\\\/prix-vivien-foe-rfi.webp\",\"datePublished\":\"2025-04-02T14:19:44+00:00\",\"dateModified\":\"2025-04-02T14:19:51+00:00\",\"description\":\"Ce troph\u00e9e prestigieux, baptis\u00e9 Prix Marc-Vivien Fo\u00e9, met en lumi\u00e8re le talent et l\u2019impact des footballeurs\",\"breadcrumb\":{\"@id\":\"https:\\\/\\\/www.topicfoot.fr\\\/index.php\\\/2025\\\/04\\\/02\\\/prix-marc-vivien-foe-quel-joueur-africain-sera-sacre-en-2025\\\/#breadcrumb\"},\"inLanguage\":\"fr-FR\",\"potentialAction\":[{\"@type\":\"ReadAction\",\"target\":[\"https:\\\/\\\/www.topicfoot.fr\\\/index.php\\\/2025\\\/04\\\/02\\\/prix-marc-vivien-foe-quel-joueur-africain-sera-sacre-en-2025\\\/\"]}]},{\"@type\":\"ImageObject\",\"inLanguage\":\"fr-FR\",\"@id\":\"https:\\\/\\\/www.topicfoot.fr\\\/index.php\\\/2025\\\/04\\\/02\\\/prix-marc-vivien-foe-quel-joueur-africain-sera-sacre-en-2025\\\/#primaryimage\",\"url\":\"https:\\\/\\\/www.topicfoot.fr\\\/wp-content\\\/uploads\\\/2025\\\/04\\\/prix-vivien-foe-rfi.webp\",\"contentUrl\":\"https:\\\/\\\/www.topicfoot.fr\\\/wp-content\\\/uploads\\\/2025\\\/04\\\/prix-vivien-foe-rfi.webp\",\"width\":1280,\"height\":720},{\"@type\":\"BreadcrumbList\",\"@id\":\"https:\\\/\\\/www.topicfoot.fr\\\/index.php\\\/2025\\\/04\\\/02\\\/prix-marc-vivien-foe-quel-joueur-africain-sera-sacre-en-2025\\\/#breadcrumb\",\"itemListElement\":[{\"@type\":\"ListItem\",\"position\":1,\"name\":\"Accueil\",\"item\":\"https:\\\/\\\/www.topicfoot.fr\\\/\"},{\"@type\":\"ListItem\",\"position\":2,\"name\":\"Prix Marc-Vivien Fo\u00e9 : Quel joueur africain sera sacr\u00e9 en 2025 ?\"}]},{\"@type\":\"WebSite\",\"@id\":\"https:\\\/\\\/www.topicfoot.fr\\\/#website\",\"url\":\"https:\\\/\\\/www.topicfoot.fr\\\/\",\"name\":\"Topic Foot\",\"description\":\"Tous l&#039;univers du Foot !\",\"publisher\":{\"@id\":\"https:\\\/\\\/www.topicfoot.fr\\\/#organization\"},\"potentialAction\":[{\"@type\":\"SearchAction\",\"target\":{\"@type\":\"EntryPoint\",\"urlTemplate\":\"https:\\\/\\\/www.topicfoot.fr\\\/?s={search_term_string}\"},\"query-input\":{\"@type\":\"PropertyValueSpecification\",\"valueRequired\":true,\"valueName\":\"search_term_string\"}}],\"inLanguage\":\"fr-FR\"},{\"@type\":\"Organization\",\"@id\":\"https:\\\/\\\/www.topicfoot.fr\\\/#organization\",\"name\":\"Topic Foot\",\"url\":\"https:\\\/\\\/www.topicfoot.fr\\\/\",\"logo\":{\"@type\":\"ImageObject\",\"inLanguage\":\"fr-FR\",\"@id\":\"https:\\\/\\\/www.topicfoot.fr\\\/#\\\/schema\\\/logo\\\/image\\\/\",\"url\":\"https:\\\/\\\/www.topicfoot.fr\\\/wp-content\\\/uploads\\\/2024\\\/04\\\/cropped-logo-topicfoot-new.jpg\",\"contentUrl\":\"https:\\\/\\\/www.topicfoot.fr\\\/wp-content\\\/uploads\\\/2024\\\/04\\\/cropped-logo-topicfoot-new.jpg\",\"width\":512,\"height\":512,\"caption\":\"Topic Foot\"},\"image\":{\"@id\":\"https:\\\/\\\/www.topicfoot.fr\\\/#\\\/schema\\\/logo\\\/image\\\/\"},\"sameAs\":[\"https:\\\/\\\/www.facebook.com\\\/topicfoot.fr\"]},{\"@type\":\"Person\",\"@id\":\"https:\\\/\\\/www.topicfoot.fr\\\/#\\\/schema\\\/person\\\/e11785565f6247f9acd9d5b796ec4d62\",\"name\":\"Florent G\",\"image\":{\"@type\":\"ImageObject\",\"inLanguage\":\"fr-FR\",\"@id\":\"https:\\\/\\\/secure.gravatar.com\\\/avatar\\\/1bb7e359942e0285fca3d40822ea6bdc74a98b7975407bfdf34b5a511f2155da?s=96&d=mm&r=g\",\"url\":\"https:\\\/\\\/secure.gravatar.com\\\/avatar\\\/1bb7e359942e0285fca3d40822ea6bdc74a98b7975407bfdf34b5a511f2155da?s=96&d=mm&r=g\",\"contentUrl\":\"https:\\\/\\\/secure.gravatar.com\\\/avatar\\\/1bb7e359942e0285fca3d40822ea6bdc74a98b7975407bfdf34b5a511f2155da?s=96&d=mm&r=g\",\"caption\":\"Florent G\"},\"description\":\"Je m'appelle Florent et je suis le cr\u00e9ateur de Topicfoot, un projet n\u00e9 de ma conviction que le football m\u00e9rite une couverture m\u00e9diatique de qualit\u00e9, ancr\u00e9e dans les faits et enrichie par l'analyse. Passionn\u00e9 de journalisme, j'ai toujours \u00e9t\u00e9 fascin\u00e9 par le sport comme r\u00e9v\u00e9lateur de soci\u00e9t\u00e9s. Mais c'est surtout l'explosion des donn\u00e9es et des nouvelles technologies dans le football qui m'a pouss\u00e9 \u00e0 lancer Topicfoot : statistiques avanc\u00e9es, mod\u00e8les pr\u00e9dictifs, analyse vid\u00e9o intelligente, impact des r\u00e9seaux sociaux sur les carri\u00e8res des joueurs. J'adore creuser ces th\u00e9matiques o\u00f9 les chiffres racontent une histoire que les yeux seuls ne voient pas. Au-del\u00e0 de la r\u00e9daction, je suis responsable de la ligne \u00e9ditoriale de Topicfoot et de sa strat\u00e9gie num\u00e9rique. Je crois que le journalisme sportif doit allier rigueur journalistique et innovation technologique pour offrir aux lecteurs une exp\u00e9rience moderne et approfondie. Nous couvrons les grands \u00e9v\u00e9nements du football europ\u00e9en et nous explorons comment les clubs utilisent les donn\u00e9es pour transformer leur organisation. Pour moi, Topicfoot, c'est la promesse d'un football mieux compris.\",\"sameAs\":[\"https:\\\/\\\/www.topicfoot.fr\"],\"url\":\"https:\\\/\\\/www.topicfoot.fr\\\/index.php\\\/author\\\/vitrindunet\\\/\"}]}<\/script>\n<!-- \/ Yoast SEO plugin. -->","yoast_head_json":{"title":"Prix Marc-Vivien Fo\u00e9 : Quel joueur africain sera sacr\u00e9 en 2025 ?","description":"Ce troph\u00e9e prestigieux, baptis\u00e9 Prix Marc-Vivien Fo\u00e9, met en lumi\u00e8re le talent et l\u2019impact des footballeurs","robots":{"index":"index","follow":"follow","max-snippet":"max-snippet:-1","max-image-preview":"max-image-preview:large","max-video-preview":"max-video-preview:-1"},"canonical":"https:\/\/www.topicfoot.fr\/index.php\/2025\/04\/02\/prix-marc-vivien-foe-quel-joueur-africain-sera-sacre-en-2025\/","og_locale":"fr_FR","og_type":"article","og_title":"Prix Marc-Vivien Fo\u00e9 : Quel joueur africain sera sacr\u00e9 en 2025 ?","og_description":"Ce troph\u00e9e prestigieux, baptis\u00e9 Prix Marc-Vivien Fo\u00e9, met en lumi\u00e8re le talent et l\u2019impact des footballeurs","og_url":"https:\/\/www.topicfoot.fr\/index.php\/2025\/04\/02\/prix-marc-vivien-foe-quel-joueur-africain-sera-sacre-en-2025\/","og_site_name":"Topic Foot","article_publisher":"https:\/\/www.facebook.com\/topicfoot.fr","article_published_time":"2025-04-02T14:19:44+00:00","article_modified_time":"2025-04-02T14:19:51+00:00","og_image":[{"width":1280,"height":720,"url":"https:\/\/www.topicfoot.fr\/wp-content\/uploads\/2025\/04\/prix-vivien-foe-rfi.webp","type":"image\/jpeg"}],"author":"Florent G","twitter_card":"summary_large_image","twitter_misc":{"\u00c9crit par":"Florent G","Dur\u00e9e de lecture estim\u00e9e":"4 minutes"},"schema":{"@context":"https:\/\/schema.org","@graph":[{"@type":"Article","@id":"https:\/\/www.topicfoot.fr\/index.php\/2025\/04\/02\/prix-marc-vivien-foe-quel-joueur-africain-sera-sacre-en-2025\/#article","isPartOf":{"@id":"https:\/\/www.topicfoot.fr\/index.php\/2025\/04\/02\/prix-marc-vivien-foe-quel-joueur-africain-sera-sacre-en-2025\/"},"author":{"name":"Florent G","@id":"https:\/\/www.topicfoot.fr\/#\/schema\/person\/e11785565f6247f9acd9d5b796ec4d62"},"headline":"Prix Marc-Vivien Fo\u00e9 : Quel joueur africain sera sacr\u00e9 en 2025 ?","datePublished":"2025-04-02T14:19:44+00:00","dateModified":"2025-04-02T14:19:51+00:00","mainEntityOfPage":{"@id":"https:\/\/www.topicfoot.fr\/index.php\/2025\/04\/02\/prix-marc-vivien-foe-quel-joueur-africain-sera-sacre-en-2025\/"},"wordCount":692,"publisher":{"@id":"https:\/\/www.topicfoot.fr\/#organization"},"image":{"@id":"https:\/\/www.topicfoot.fr\/index.php\/2025\/04\/02\/prix-marc-vivien-foe-quel-joueur-africain-sera-sacre-en-2025\/#primaryimage"},"thumbnailUrl":"https:\/\/www.topicfoot.fr\/wp-content\/uploads\/2025\/04\/prix-vivien-foe-rfi.webp","articleSection":["Toutes les cat\u00e9gories","Troph\u00e9e"],"inLanguage":"fr-FR"},{"@type":"WebPage","@id":"https:\/\/www.topicfoot.fr\/index.php\/2025\/04\/02\/prix-marc-vivien-foe-quel-joueur-africain-sera-sacre-en-2025\/","url":"https:\/\/www.topicfoot.fr\/index.php\/2025\/04\/02\/prix-marc-vivien-foe-quel-joueur-africain-sera-sacre-en-2025\/","name":"Prix Marc-Vivien Fo\u00e9 : Quel joueur africain sera sacr\u00e9 en 2025 ?","isPartOf":{"@id":"https:\/\/www.topicfoot.fr\/#website"},"primaryImageOfPage":{"@id":"https:\/\/www.topicfoot.fr\/index.php\/2025\/04\/02\/prix-marc-vivien-foe-quel-joueur-africain-sera-sacre-en-2025\/#primaryimage"},"image":{"@id":"https:\/\/www.topicfoot.fr\/index.php\/2025\/04\/02\/prix-marc-vivien-foe-quel-joueur-africain-sera-sacre-en-2025\/#primaryimage"},"thumbnailUrl":"https:\/\/www.topicfoot.fr\/wp-content\/uploads\/2025\/04\/prix-vivien-foe-rfi.webp","datePublished":"2025-04-02T14:19:44+00:00","dateModified":"2025-04-02T14:19:51+00:00","description":"Ce troph\u00e9e prestigieux, baptis\u00e9 Prix Marc-Vivien Fo\u00e9, met en lumi\u00e8re le talent et l\u2019impact des footballeurs","breadcrumb":{"@id":"https:\/\/www.topicfoot.fr\/index.php\/2025\/04\/02\/prix-marc-vivien-foe-quel-joueur-africain-sera-sacre-en-2025\/#breadcrumb"},"inLanguage":"fr-FR","potentialAction":[{"@type":"ReadAction","target":["https:\/\/www.topicfoot.fr\/index.php\/2025\/04\/02\/prix-marc-vivien-foe-quel-joueur-africain-sera-sacre-en-2025\/"]}]},{"@type":"ImageObject","inLanguage":"fr-FR","@id":"https:\/\/www.topicfoot.fr\/index.php\/2025\/04\/02\/prix-marc-vivien-foe-quel-joueur-africain-sera-sacre-en-2025\/#primaryimage","url":"https:\/\/www.topicfoot.fr\/wp-content\/uploads\/2025\/04\/prix-vivien-foe-rfi.webp","contentUrl":"https:\/\/www.topicfoot.fr\/wp-content\/uploads\/2025\/04\/prix-vivien-foe-rfi.webp","width":1280,"height":720},{"@type":"BreadcrumbList","@id":"https:\/\/www.topicfoot.fr\/index.php\/2025\/04\/02\/prix-marc-vivien-foe-quel-joueur-africain-sera-sacre-en-2025\/#breadcrumb","itemListElement":[{"@type":"ListItem","position":1,"name":"Accueil","item":"https:\/\/www.topicfoot.fr\/"},{"@type":"ListItem","position":2,"name":"Prix Marc-Vivien Fo\u00e9 : Quel joueur africain sera sacr\u00e9 en 2025 ?"}]},{"@type":"WebSite","@id":"https:\/\/www.topicfoot.fr\/#website","url":"https:\/\/www.topicfoot.fr\/","name":"Topic Foot","description":"Tous l&#039;univers du Foot !","publisher":{"@id":"https:\/\/www.topicfoot.fr\/#organization"},"potentialAction":[{"@type":"SearchAction","target":{"@type":"EntryPoint","urlTemplate":"https:\/\/www.topicfoot.fr\/?s={search_term_string}"},"query-input":{"@type":"PropertyValueSpecification","valueRequired":true,"valueName":"search_term_string"}}],"inLanguage":"fr-FR"},{"@type":"Organization","@id":"https:\/\/www.topicfoot.fr\/#organization","name":"Topic Foot","url":"https:\/\/www.topicfoot.fr\/","logo":{"@type":"ImageObject","inLanguage":"fr-FR","@id":"https:\/\/www.topicfoot.fr\/#\/schema\/logo\/image\/","url":"https:\/\/www.topicfoot.fr\/wp-content\/uploads\/2024\/04\/cropped-logo-topicfoot-new.jpg","contentUrl":"https:\/\/www.topicfoot.fr\/wp-content\/uploads\/2024\/04\/cropped-logo-topicfoot-new.jpg","width":512,"height":512,"caption":"Topic Foot"},"image":{"@id":"https:\/\/www.topicfoot.fr\/#\/schema\/logo\/image\/"},"sameAs":["https:\/\/www.facebook.com\/topicfoot.fr"]},{"@type":"Person","@id":"https:\/\/www.topicfoot.fr\/#\/schema\/person\/e11785565f6247f9acd9d5b796ec4d62","name":"Florent G","image":{"@type":"ImageObject","inLanguage":"fr-FR","@id":"https:\/\/secure.gravatar.com\/avatar\/1bb7e359942e0285fca3d40822ea6bdc74a98b7975407bfdf34b5a511f2155da?s=96&d=mm&r=g","url":"https:\/\/secure.gravatar.com\/avatar\/1bb7e359942e0285fca3d40822ea6bdc74a98b7975407bfdf34b5a511f2155da?s=96&d=mm&r=g","contentUrl":"https:\/\/secure.gravatar.com\/avatar\/1bb7e359942e0285fca3d40822ea6bdc74a98b7975407bfdf34b5a511f2155da?s=96&d=mm&r=g","caption":"Florent G"},"description":"Je m'appelle Florent et je suis le cr\u00e9ateur de Topicfoot, un projet n\u00e9 de ma conviction que le football m\u00e9rite une couverture m\u00e9diatique de qualit\u00e9, ancr\u00e9e dans les faits et enrichie par l'analyse. Passionn\u00e9 de journalisme, j'ai toujours \u00e9t\u00e9 fascin\u00e9 par le sport comme r\u00e9v\u00e9lateur de soci\u00e9t\u00e9s. Mais c'est surtout l'explosion des donn\u00e9es et des nouvelles technologies dans le football qui m'a pouss\u00e9 \u00e0 lancer Topicfoot : statistiques avanc\u00e9es, mod\u00e8les pr\u00e9dictifs, analyse vid\u00e9o intelligente, impact des r\u00e9seaux sociaux sur les carri\u00e8res des joueurs. J'adore creuser ces th\u00e9matiques o\u00f9 les chiffres racontent une histoire que les yeux seuls ne voient pas. Au-del\u00e0 de la r\u00e9daction, je suis responsable de la ligne \u00e9ditoriale de Topicfoot et de sa strat\u00e9gie num\u00e9rique. Je crois que le journalisme sportif doit allier rigueur journalistique et innovation technologique pour offrir aux lecteurs une exp\u00e9rience moderne et approfondie. Nous couvrons les grands \u00e9v\u00e9nements du football europ\u00e9en et nous explorons comment les clubs utilisent les donn\u00e9es pour transformer leur organisation. Pour moi, Topicfoot, c'est la promesse d'un football mieux compris.","sameAs":["https:\/\/www.topicfoot.fr"],"url":"https:\/\/www.topicfoot.fr\/index.php\/author\/vitrindunet\/"}]}},"_links":{"self":[{"href":"https:\/\/www.topicfoot.fr\/index.php\/wp-json\/wp\/v2\/posts\/13220","targetHints":{"allow":["GET"]}}],"collection":[{"href":"https:\/\/www.topicfoot.fr\/index.php\/wp-json\/wp\/v2\/posts"}],"about":[{"href":"https:\/\/www.topicfoot.fr\/index.php\/wp-json\/wp\/v2\/types\/post"}],"author":[{"embeddable":true,"href":"https:\/\/www.topicfoot.fr\/index.php\/wp-json\/wp\/v2\/users\/1"}],"replies":[{"embeddable":true,"href":"https:\/\/www.topicfoot.fr\/index.php\/wp-json\/wp\/v2\/comments?post=13220"}],"version-history":[{"count":0,"href":"https:\/\/www.topicfoot.fr\/index.php\/wp-json\/wp\/v2\/posts\/13220\/revisions"}],"wp:featuredmedia":[{"embeddable":true,"href":"https:\/\/www.topicfoot.fr\/index.php\/wp-json\/wp\/v2\/media\/13221"}],"wp:attachment":[{"href":"https:\/\/www.topicfoot.fr\/index.php\/wp-json\/wp\/v2\/media?parent=13220"}],"wp:term":[{"taxonomy":"category","embeddable":true,"href":"https:\/\/www.topicfoot.fr\/index.php\/wp-json\/wp\/v2\/categories?post=13220"},{"taxonomy":"post_tag","embeddable":true,"href":"https:\/\/www.topicfoot.fr\/index.php\/wp-json\/wp\/v2\/tags?post=13220"},{"taxonomy":"post_folder","embeddable":true,"href":"https:\/\/www.topicfoot.fr\/index.php\/wp-json\/wp\/v2\/post_folder?post=13220"}],"curies":[{"name":"wp","href":"https:\/\/api.w.org\/{rel}","templated":true}]}}