{"id":13259,"date":"2025-04-05T09:41:48","date_gmt":"2025-04-05T07:41:48","guid":{"rendered":"https:\/\/www.topicfoot.fr\/?p=13259"},"modified":"2025-10-29T14:39:50","modified_gmt":"2025-10-29T13:39:50","slug":"jean-claude-darmon-largentier-du-football-francais","status":"publish","type":"post","link":"https:\/\/www.topicfoot.fr\/index.php\/2025\/04\/05\/jean-claude-darmon-largentier-du-football-francais\/","title":{"rendered":"Jean Claude Darmon, l&rsquo;argentier du football fran\u00e7ais"},"content":{"rendered":"<span class=\"span-reading-time rt-reading-time\" style=\"display: block;\"><span class=\"rt-label rt-prefix\">Temps de lecture\u00a0:  <\/span> <span class=\"rt-time\"> 9<\/span> <span class=\"rt-label rt-postfix\">minutes.  <\/span><\/span>\n<p>Jean Claude Darmon, n\u00e9 \u00e0 Oran dans une famille nombreuse, a transform\u00e9 les r\u00e8gles \u00e9conomiques du football fran\u00e7ais en b\u00e2tissant un empire m\u00e9connu mais d\u00e9cisif dans l\u2019ombre des terrains. Ses origines familiales modestes ont fortement influenc\u00e9 sa trajectoire et sa vision du monde des affaires. Figure centrale, il est consid\u00e9r\u00e9 comme l\u2019\u00ab argentier \u00bb du football fran\u00e7ais, c\u2019est-\u00e0-dire le principal financier et architecte du mod\u00e8le \u00e9conomique du sport, ayant n\u00e9goci\u00e9 des contrats d\u00e9terminants pour son d\u00e9veloppement. (\u00c0 noter : plusieurs articles sont consacr\u00e9s \u00e0 Jean Claude Darmon dans les encyclop\u00e9dies et bases de donn\u00e9es sp\u00e9cialis\u00e9es.)<\/p>\n\n\n<div class=\"wp-block-image\">\n<figure class=\"aligncenter size-large\"><img loading=\"lazy\" decoding=\"async\" width=\"1024\" height=\"694\" src=\"https:\/\/www.topicfoot.fr\/wp-content\/uploads\/2025\/04\/jean-claude-darmon-tf01-1024x694.webp\" alt=\"Jean Claude Darmon, l'argentier du football fran\u00e7ais\" class=\"wp-image-13260\" srcset=\"https:\/\/www.topicfoot.fr\/wp-content\/uploads\/2025\/04\/jean-claude-darmon-tf01-1024x694.webp 1024w, https:\/\/www.topicfoot.fr\/wp-content\/uploads\/2025\/04\/jean-claude-darmon-tf01-300x203.webp 300w, https:\/\/www.topicfoot.fr\/wp-content\/uploads\/2025\/04\/jean-claude-darmon-tf01-768x521.webp 768w, https:\/\/www.topicfoot.fr\/wp-content\/uploads\/2025\/04\/jean-claude-darmon-tf01-1536x1041.webp 1536w, https:\/\/www.topicfoot.fr\/wp-content\/uploads\/2025\/04\/jean-claude-darmon-tf01-png.webp 1944w\" sizes=\"auto, (max-width: 1024px) 100vw, 1024px\" \/><\/figure>\n<\/div>\n\n\n<p><em>Jean Claude Darmon<\/em><\/p>\n\n\n\n<p>Quand on parle de l\u2019histoire du football fran\u00e7ais, les noms de Platini, Zidane ou Deschamps reviennent en boucle. Mais dans les coulisses, un homme a tout chang\u00e9 : Jean Claude Darmon. Son histoire singuli\u00e8re et son parcours de vie ont profond\u00e9ment influenc\u00e9 sa vision du football et son engagement dans ce milieu. Son exp\u00e9rience exceptionnelle dans le marketing sportif et la gestion de clubs lui a permis de devenir un homme d\u2019affaires visionnaire, acteur cl\u00e9 et innovant, occupant une place centrale dans l\u2019histoire du football fran\u00e7ais. <\/p>\n\n\n\n<p>Il a fa\u00e7onn\u00e9 l\u2019\u00e9conomie du football hexagonal depuis les ann\u00e9es 70, notamment par la n\u00e9gociation et la signature de contrats majeurs comme celui avec la F\u00e9d\u00e9ration Fran\u00e7aise de Football, ces contrats ayant jou\u00e9 un r\u00f4le fondamental dans le d\u00e9veloppement et la croissance financi\u00e8re du football fran\u00e7ais. En mon\u00e9tisant l\u2019image du sport, en structurant la vente des droits, il a red\u00e9fini les rapports entre clubs, m\u00e9dias et sponsors. Le grand public ignore souvent son nom, pourtant Jean Claude Darmon a \u00e9t\u00e9 la clef de vo\u00fbte de l\u2019essor \u00e9conomique du ballon rond fran\u00e7ais.<\/p>\n\n\n\n<h2 class=\"wp-block-heading\">Biographie de Jean Claude Darmon<\/h2>\n\n\n\n<p>Jean Claude Darmon, figure embl\u00e9matique du marketing sportif fran\u00e7ais, voit le jour le 7 d\u00e9cembre 1941 \u00e0 Oran, en Alg\u00e9rie, au sein d\u2019une famille modeste. D\u00e8s son plus jeune \u00e2ge, il est berc\u00e9 par la passion du football, qu\u2019il cultive en grandissant \u00e0 Marseille, une ville o\u00f9 le sport est roi et o\u00f9 l\u2019esprit de comp\u00e9tition fa\u00e7onne les caract\u00e8res. C\u2019est dans ce contexte que Jean Claude forge sa d\u00e9termination et son go\u00fbt pour l\u2019innovation.<\/p>\n\n\n\n<p>Avant de devenir l\u2019homme d\u2019affaires incontournable que l\u2019on conna\u00eet, Jean Claude Darmon d\u00e9bute sa vie professionnelle comme docker sur le port de Marseille. Mais tr\u00e8s vite, il pressent que son avenir se jouera ailleurs : dans le monde du football, o\u00f9 il per\u00e7oit un potentiel \u00e9conomique encore inexploit\u00e9. Au d\u00e9but des ann\u00e9es 70, il propose ses services au FC Nantes, un club alors en pleine ascension. C\u2019est l\u00e0 qu\u2019il r\u00e9volutionne le marketing sportif en France, en introduisant l\u2019id\u00e9e novatrice de vendre les panneaux publicitaires autour du stade \u00e0 des entreprises. Ce concept, aujourd\u2019hui incontournable, permet au club nantais de d\u00e9velopper son image de marque et d\u2019attirer de nouveaux partenaires.<\/p>\n\n\n\n<h3 class=\"wp-block-heading\">Football France Prommotion<\/h3>\n\n\n\n<p>Fort de ce succ\u00e8s, Jean Claude Darmon fonde la soci\u00e9t\u00e9 Football France Promotion, qui deviendra rapidement un acteur majeur du marketing sportif dans l\u2019Hexagone. Sa soci\u00e9t\u00e9 propose des services innovants, permettant aux clubs de maximiser leurs revenus et d\u2019asseoir leur notori\u00e9t\u00e9.<\/p>\n\n\n\n<p>Au fil des ann\u00e9es, Jean Claude Darmon s\u2019impose comme un pionnier, un b\u00e2tisseur de ponts entre le monde du sport et celui des entreprises. Son parcours inspire respect et admiration, tant il a su transformer le football fran\u00e7ais en un v\u00e9ritable produit d\u2019appel pour les marques et les m\u00e9dias. En 2022, la France reconna\u00eet officiellement son apport exceptionnel en le d\u00e9corant chevalier de la L\u00e9gion d\u2019honneur, une distinction qui vient couronner une carri\u00e8re hors du commun, marqu\u00e9e par l\u2019audace, l\u2019innovation et la passion du ballon rond.<\/p>\n\n\n\n<h2 class=\"wp-block-heading\">L\u2019homme qui a vu venir le business du football<\/h2>\n\n\n\n<p>Jean Claude Darmon n\u2019est pas un ancien joueur ni un entra\u00eeneur. C\u2019est un homme d\u2019affaires \u00e0 l\u2019intuition rare, passionn\u00e9 de foot. D\u00e8s les ann\u00e9es 60, il per\u00e7oit le potentiel commercial du sport. Il comprend que les stades, les maillots, les panneaux publicitaires peuvent g\u00e9n\u00e9rer des millions. Il fonde sa premi\u00e8re entreprise \u00e0 25 ans, \u00e0 Paris, avec une id\u00e9e simple : vendre l\u2019image du football. Une vision neuve, \u00e0 une \u00e9poque o\u00f9 les clubs survivent gr\u00e2ce aux recettes de billetterie. Jean Claude Darmon invente un m\u00e9tier, celui de r\u00e9gisseur exclusif des droits commerciaux. Son parcours a inspir\u00e9 des cours sp\u00e9cialis\u00e9s en marketing sportif.<\/p>\n\n\n\n<p>Jean Claude Darmon signe des contrats majeurs avec la F\u00e9d\u00e9ration fran\u00e7aise de football, la Ligue et des partenaires comme Adidas. Il devient l\u2019interm\u00e9diaire indispensable entre les clubs et les sponsors. Il propose des services innovants aux clubs de football pour d\u00e9velopper leur marketing et leur visibilit\u00e9. Jean Claude cr\u00e9e la soci\u00e9t\u00e9 Football France Promotion, marquant une \u00e9tape cl\u00e9 dans la structuration du secteur. Une rencontre d\u00e9cisive avec un dirigeant de club \u00e0 Paris va acc\u00e9l\u00e9rer son ascension. Il transforme les pelouses en espaces publicitaires. Son flair le pousse \u00e0 s\u00e9curiser les droits de diffusion pour les grandes comp\u00e9titions. En quelques ann\u00e9es, il devient incontournable.<\/p>\n\n\n\n<h2 class=\"wp-block-heading\">Un b\u00e2tisseur de ponts entre football et marques<\/h2>\n\n\n\n<p>Jean Claude Darmon a su faire parler deux mondes qui ne se comprenaient pas : les entreprises et le football. Il cr\u00e9e un langage commun. Les marques veulent de la visibilit\u00e9, les clubs ont besoin de revenus. Darmon structure des contrats gagnant-gagnant. Gr\u00e2ce \u00e0 lui, Adidas, Coca-Cola, Canal+ ou TF1 deviennent des partenaires r\u00e9guliers des comp\u00e9titions fran\u00e7aises. Il impose la publicit\u00e9 autour des terrains comme norme et n\u00e9gocie aussi la premi\u00e8re retransmission en prime time d\u2019un match du championnat.<\/p>\n\n\n\n<p>Il comprend avant tout le monde que le football est un m\u00e9dia. Jean Claude Darmon vend du temps de cerveau disponible avant que le mot existe. Les entreprises se battent pour appara\u00eetre dans le cadre TV. L&rsquo;importance des loges VIP dans les stades devient un atout majeur pour attirer partenaires et sponsors, renfor\u00e7ant ainsi l&rsquo;exp\u00e9rience premium lors des rencontres. <\/p>\n\n\n\n<p>L&rsquo;animation des tribunes lors des grands matchs contribue \u00e0 l&rsquo;ambiance unique et \u00e0 la fid\u00e9lisation du public. Les lieux embl\u00e9matiques du football fran\u00e7ais, comme le Parc des Princes, jouent un r\u00f4le strat\u00e9gique dans la visibilit\u00e9 des clubs et la n\u00e9gociation des accords. Le Parc des Princes, en particulier, illustre l&rsquo;importance de ces stades dans la strat\u00e9gie de Darmon pour maximiser l&rsquo;impact m\u00e9diatique. La suite de ces innovations a transform\u00e9 durablement le paysage du football fran\u00e7ais. Enfin, la fin de certaines grandes collaborations marque la conclusion d&rsquo;une \u00e8re et l&rsquo;ouverture \u00e0 de nouveaux mod\u00e8les \u00e9conomiques.<\/p>\n\n\n\n<h2 class=\"wp-block-heading\">Une domination sans partage sur le march\u00e9<\/h2>\n\n\n\n<p>Dans les ann\u00e9es 80 et 90, Jean Claude Darmon r\u00e8gne sur les droits sportifs en France. Il contr\u00f4le jusqu\u2019\u00e0 90 % du march\u00e9, n\u00e9gocie pour la Ligue 1, la Coupe de France, les Bleus, mais aussi pour d\u2019autres sports comme le rugby. Il d\u00e9tient les droits, les exploite, les revend. Sa soci\u00e9t\u00e9, Groupe Jean Claude Darmon, est g\u00e9r\u00e9e comme une v\u00e9ritable entreprise et devient un mastodonte. Il emploie des centaines de salari\u00e9s, g\u00e9n\u00e8re des millions d\u2019euros de chiffre d\u2019affaires. Il est respect\u00e9, parfois craint, toujours courtis\u00e9. Personne ne traite avec les clubs sans passer par lui.<\/p>\n\n\n\n<p>Ses relations avec les pr\u00e9sidents sont personnelles. Il sait convaincre, s\u00e9duire, s\u2019imposer, proche de Bernard Tapie, mais aussi de Claude Bez ou Jean-Luc Lagard\u00e8re. Une rencontre d\u00e9cisive avec un pr\u00e9sident de club a marqu\u00e9 un tournant dans sa carri\u00e8re. Il a collabor\u00e9 \u00e9troitement avec Robert Budzynski, dirigeant du FC Nantes, lors de n\u00e9gociations majeures, renfor\u00e7ant ainsi l\u2019importance du club nantais dans le d\u00e9veloppement du marketing sportif. <\/p>\n\n\n\n<p>Jean Sadoul, pr\u00e9sident de la Ligue nationale de football, a \u00e9galement jou\u00e9 un r\u00f4le cl\u00e9 dans la structuration du football fran\u00e7ais \u00e0 ses c\u00f4t\u00e9s. La ville de Marseille a eu une influence notable dans le parcours de Darmon, tant par sa passion que par ses enjeux sportifs. La concurrence avec UFA Sports sur le march\u00e9 international a pouss\u00e9 Darmon \u00e0 innover et \u00e0 renforcer sa position d\u2019acteur incontournable. Acteur politique du football sans jamais briguer de mandat officiel, il influence les d\u00e9cisions, oriente les projets. Sa puissance d\u00e9passe le cadre \u00e9conomique.<\/p>\n\n\n\n<figure class=\"wp-block-embed is-type-video is-provider-youtube wp-block-embed-youtube wp-embed-aspect-16-9 wp-has-aspect-ratio\"><div class=\"wp-block-embed__wrapper\">\n<iframe loading=\"lazy\" title=\"Jean-Claude DARMON : &quot;Platini aime passionn\u00e9ment l&#039;argent&quot;\" width=\"500\" height=\"281\" src=\"https:\/\/www.youtube.com\/embed\/NV4ZMuEPoog?feature=oembed\" frameborder=\"0\" allow=\"accelerometer; autoplay; clipboard-write; encrypted-media; gyroscope; picture-in-picture; web-share\" referrerpolicy=\"strict-origin-when-cross-origin\" allowfullscreen><\/iframe>\n<\/div><\/figure>\n\n\n\n<h2 class=\"wp-block-heading\">Une influence politique assum\u00e9e<\/h2>\n\n\n\n<p>Jean Claude Darmon ne cache pas ses r\u00e9seaux. Il fr\u00e9quente les hommes politiques, les grands patrons, les d\u00e9cideurs et soutient certains projets de Coupe du monde. Il aide \u00e0 financer des candidatures et p\u00e8se dans les campagnes de sponsoring public. Son entregent le rend incontournable dans les hautes sph\u00e8res. Il est souvent l\u2019homme derri\u00e8re les grandes d\u00e9cisions \u00e9conomiques du sport fran\u00e7ais. Jean Claude sait que la visibilit\u00e9 du football peut servir d\u2019autres int\u00e9r\u00eats et devient un passeur, un facilitateur, parfois un strat\u00e8ge. Il propose \u00e9galement des services innovants aux clubs et institutions sportives, contribuant \u00e0 la professionnalisation du secteur.<\/p>\n\n\n\n<p>Mais cette position attire aussi critiques et jalousies. Certains le voient comme un monopole \u00e0 abattre. D\u2019autres l\u2019accusent de privatiser le football au profit de quelques marques. Lui r\u00e9pond qu\u2019il a permis aux clubs de vivre, aux joueurs d\u2019\u00eatre mieux pay\u00e9s, au football d\u2019exister \u00e0 la t\u00e9l\u00e9. Son parcours de vie a \u00e9t\u00e9 marqu\u00e9 par des choix audacieux qui ont fa\u00e7onn\u00e9 son destin. La place qu\u2019il occupe dans l\u2019histoire du sport fran\u00e7ais est aujourd\u2019hui incontestable. Il a aussi connu la fin de certaines collaborations ou accords majeurs, qui ont marqu\u00e9 des tournants dans sa carri\u00e8re. La suite de son engagement a permis de professionnaliser durablement le secteur du football. Enfin, la richesse de son exp\u00e9rience dans le domaine du sport et des affaires fait de lui une figure incontournable et respect\u00e9e.<\/p>\n\n\n\n<h2 class=\"wp-block-heading\">D\u00e9fis et controverses<\/h2>\n\n\n\n<p>Si l\u2019histoire de Jean Claude Darmon est celle d\u2019un visionnaire du marketing sportif, elle n\u2019a pas \u00e9t\u00e9 exempte de d\u00e9fis et de controverses. D\u00e8s ses d\u00e9buts, Jean Claude Darmon a d\u00fb affronter la m\u00e9fiance des dirigeants de clubs fran\u00e7ais, peu enclins \u00e0 confier l\u2019image de leur club \u00e0 un homme d\u2019affaires venu d\u2019un autre monde. Convaincre des institutions aussi ancr\u00e9es que le FC Nantes ou le PSG d\u2019ouvrir leurs portes \u00e0 la publicit\u00e9 et aux entreprises n\u2019a pas \u00e9t\u00e9 une mince affaire. Il a fallu \u00e0 Jean Claude, avec tout son charisme et sa d\u00e9termination, d\u00e9montrer que le football pouvait devenir un v\u00e9ritable levier \u00e9conomique, bien au-del\u00e0 des recettes de billetterie traditionnelles.<\/p>\n\n\n\n<p>Dans ce contexte, Darmon a souvent \u00e9t\u00e9 per\u00e7u comme un pr\u00e9curseur, mais aussi comme une personne d\u00e9rangeante pour l\u2019ordre \u00e9tabli. Son approche du marketing sportif, novatrice pour l\u2019\u00e9poque, a boulevers\u00e9 les habitudes et suscit\u00e9 des d\u00e9bats au sein de la F\u00e9d\u00e9ration fran\u00e7aise de football et des clubs. Certains dirigeants voyaient d\u2019un mauvais \u0153il cette intrusion du monde des affaires dans le sport, craignant une perte d\u2019\u00e2me du football fran\u00e7ais.<\/p>\n\n\n\n<h3 class=\"wp-block-heading\">L&rsquo;affaire du club de Toulon<\/h3>\n\n\n\n<p>Les controverses n\u2019ont pas tard\u00e9 \u00e0 \u00e9merger. L\u2019affaire la plus marquante reste celle de 1990, o\u00f9 Jean Claude Darmon a \u00e9t\u00e9 mis en cause pour&nbsp;<a target=\"_blank\" rel=\"noreferrer noopener\" href=\"https:\/\/www.lemonde.fr\/archives\/article\/1990\/11\/17\/m-jean-claude-darmon-soupconne-d-abus-de-biens-sociaux-le-monde-du-football-en-etat-de-choc_3981445_1819218.html\">abus de biens sociaux<\/a>&nbsp;et faux en \u00e9criture priv\u00e9e dans le cadre d\u2019une op\u00e9ration li\u00e9e au club de Toulon. M\u00eame si l\u2019homme a finalement \u00e9t\u00e9 blanchi, cette affaire a jet\u00e9 une ombre sur sa r\u00e9putation et a aliment\u00e9 les critiques sur ses m\u00e9thodes de gestion et ses liens avec certains clubs. Les m\u00e9dias se sont empar\u00e9s du sujet, mettant en lumi\u00e8re les zones grises du marketing sportif et la puissance de Darmon dans les coulisses du football fran\u00e7ais.<\/p>\n\n\n\n<p>Sa domination du march\u00e9 a \u00e9galement \u00e9t\u00e9 source de tensions. Certains acteurs du monde du sport et des affaires ont d\u00e9nonc\u00e9 un quasi-monopole, accusant Jean Claude Darmon de privatiser le football au profit de quelques grandes entreprises et de peser de tout son poids sur les d\u00e9cisions des clubs et de la F\u00e9d\u00e9ration fran\u00e7aise de football. Cette influence, parfois jug\u00e9e excessive, a cristallis\u00e9 les jalousies et les rivalit\u00e9s, mais elle a aussi permis au football fran\u00e7ais de franchir un cap d\u00e9cisif en mati\u00e8re de professionnalisation et de rentabilit\u00e9.<\/p>\n\n\n\n<h3 class=\"wp-block-heading\">Une vision personnelle<\/h3>\n\n\n\n<p>Malgr\u00e9 ces temp\u00eates, Jean Claude Darmon est rest\u00e9 fid\u00e8le \u00e0 sa vision. Homme de c\u0153ur, passionn\u00e9 par le sport et par les d\u00e9fis, il a su tisser des liens solides avec les dirigeants, les joueurs et les m\u00e9dias, b\u00e2tissant un r\u00e9seau d\u2019influence unique en France. Sa capacit\u00e9 \u00e0 anticiper les \u00e9volutions du march\u00e9 et \u00e0 imposer le marketing sportif comme une \u00e9vidence fait aujourd\u2019hui l\u2019unanimit\u00e9, m\u00eame chez ses anciens d\u00e9tracteurs.<\/p>\n\n\n\n<p>En d\u00e9finitive, les d\u00e9fis et controverses qui ont jalonn\u00e9 la carri\u00e8re de Jean Claude Darmon n\u2019ont fait que renforcer sa l\u00e9gende. Loin de l\u2019image d\u2019un simple homme d\u2019affaires, il s\u2019est impos\u00e9 comme un acteur incontournable du football fran\u00e7ais, un visionnaire dont l\u2019h\u00e9ritage continue d\u2019inspirer le monde du sport, des clubs aux entreprises, en passant par les m\u00e9dias et les dirigeants.<\/p>\n\n\n\n<h2 class=\"wp-block-heading\">Une lente sortie de sc\u00e8ne<\/h2>\n\n\n\n<p>Au d\u00e9but des ann\u00e9es 2000, les choses changent. Le march\u00e9 se diversifie. Les clubs veulent g\u00e9rer eux-m\u00eames leurs droits. Les diffuseurs n\u00e9gocient en direct. Internet bouleverse les mod\u00e8les. Jean Claude Darmon commence \u00e0 c\u00e9der du terrain. Il vend son groupe, puis se retire progressivement du monde du sport. La fin de sa carri\u00e8re active marque le d\u00e9but d&rsquo;une nouvelle vie, faite de conseils et de discr\u00e9tion. Il reste conseiller, discret, observateur. Mais sa domination n\u2019est plus ce qu\u2019elle \u00e9tait.<\/p>\n\n\n\n<p>Il laisse derri\u00e8re lui une trace ind\u00e9l\u00e9bile. Il a structur\u00e9 l\u2019\u00e9conomie d\u2019un sport qui, sans lui, aurait peut-\u00eatre stagn\u00e9 et a professionnalis\u00e9 les rapports entre sponsors et clubs, Jean Claude Darmon a contribu\u00e9 \u00e0 faire du football un produit bankable. La suite de son parcours a inspir\u00e9 de nombreux acteurs du football, qui voient en lui un mod\u00e8le d&rsquo;\u00e9volution et de r\u00e9ussite. M\u00eame ses d\u00e9tracteurs reconnaissent son apport. La fin de son r\u00e8gne a marqu\u00e9 un tournant dans l&rsquo;histoire du football fran\u00e7ais. Jean Claude Darmon a construit des ponts l\u00e0 o\u00f9 il n\u2019y avait que des foss\u00e9s.<\/p>\n\n\n\n<figure class=\"wp-block-image size-large\"><img loading=\"lazy\" decoding=\"async\" width=\"1024\" height=\"741\" src=\"https:\/\/www.topicfoot.fr\/wp-content\/uploads\/2025\/04\/jean-claude-darmon-tf02-1024x741.webp\" alt=\"Jean Claude Darmon\" class=\"wp-image-13261\" srcset=\"https:\/\/www.topicfoot.fr\/wp-content\/uploads\/2025\/04\/jean-claude-darmon-tf02-1024x741.webp 1024w, https:\/\/www.topicfoot.fr\/wp-content\/uploads\/2025\/04\/jean-claude-darmon-tf02-300x217.webp 300w, https:\/\/www.topicfoot.fr\/wp-content\/uploads\/2025\/04\/jean-claude-darmon-tf02-768x556.webp 768w, https:\/\/www.topicfoot.fr\/wp-content\/uploads\/2025\/04\/jean-claude-darmon-tf02-1536x1112.webp 1536w, https:\/\/www.topicfoot.fr\/wp-content\/uploads\/2025\/04\/jean-claude-darmon-tf02-png.webp 1666w\" sizes=\"auto, (max-width: 1024px) 100vw, 1024px\" \/><\/figure>\n\n\n\n<p><em>Jean Claude Darmon<\/em><\/p>\n\n\n\n<h2 class=\"wp-block-heading\">Une reconnaissance tardive mais r\u00e9elle<\/h2>\n\n\n\n<p>Pendant longtemps, Jean Claude Darmon est rest\u00e9 dans l\u2019ombre. Peu de fans connaissaient son r\u00f4le. Mais aujourd\u2019hui, de nombreux dirigeants saluent son h\u00e9ritage. La FFF, la LFP, des clubs comme l\u2019OM ou le PSG lui doivent beaucoup. Il a ouvert la voie \u00e0 une nouvelle g\u00e9n\u00e9ration de marketeurs, d\u2019agents, de sp\u00e9cialistes du sport business. Les \u00e9coles de commerce l\u2019\u00e9tudient. Des documentaires lui sont consacr\u00e9s. Sa biographie inspire. Son parcours est unique, \u00e0 la crois\u00e9e des mondes.<\/p>\n\n\n\n<p>D\u00e9sormais, des cours universitaires et des articles sp\u00e9cialis\u00e9s sont consacr\u00e9s \u00e0 l\u2019\u00e9tude du parcours de Jean Claude Darmon, soulignant l\u2019importance de son influence dans l\u2019histoire du football fran\u00e7ais.<\/p>\n\n\n\n<p>Jean Claude Darmon n\u2019a pas seulement gagn\u00e9 de l\u2019argent. Il a fait entrer le football fran\u00e7ais dans une \u00e8re d\u2019efficience et a d\u00e9montr\u00e9 qu\u2019un sport pouvait \u00eatre populaire tout en \u00e9tant rentable et a pos\u00e9 les bases d\u2019un mod\u00e8le que d\u2019autres ont perfectionn\u00e9. Il est l\u2019un des grands artisans de la modernit\u00e9 du football hexagonal.<\/p>\n\n\n\n<p>Jean Claude Darmon a boulevers\u00e9 les r\u00e8gles \u00e9conomiques du football fran\u00e7ais\u2026 Et si l\u2019on se penchait maintenant sur les autres figures m\u00e9connues de l\u2019ombre du football tricolore ?<\/p>\n\n\n\n<!-- Noptin Newsletter Plugin v4.2.2 - https:\/\/wordpress.org\/plugins\/newsletter-optin-box\/ --><div id=\"noptin-form-2__wrapper\" class=\"noptin-optin-main-wrapper noptin-form-id-9842 noptin-inpost-main-wrapper\" aria-labelledby=\"noptin-form-2__title\" ><style>\/*Custom css*\/\n\n.noptin-form-id-9842 .noptin-optin-form-wrapper .noptin-optin-form.noptin-form-single-line .noptin-form-submit{\n\tborder-radius: 30px;\n}\n\n@media only screen and (min-width: 768px) {\n\n\t.noptin-form-id-9842 .noptin-optin-form-wrapper .noptin-optin-form.noptin-form-single-line .noptin-form-submit{\n\t\tposition: absolute;\n\t\tbottom: -1px;\n\t\ttop: 0;\n\t\tright: 0px;\n\t}\n\n}\n\n.noptin-form-id-9842 .noptin-optin-form-wrapper .noptin-form-single-line .noptin-form-field{\n \tborder-radius: 30px !important;\n\tborder: none !important;\n} #noptin-form-2__wrapper {--noptin-background-color: #424242; --noptin-border-color: #424242; --noptin-button-color: #607D8B; --noptin-button-text-color: #fafafa; --noptin-title-color: #fafafa; --noptin-description-color: #fafafa; --noptin-prefix-color: #607d8b; --noptin-note-color: #fafafa;}<\/style><div style=\"max-width:620px; min-height:280px;border-color: #424242;\" class=\"noptin-optin-form-wrapper no-image\" ><!-- Form ID: 9842 --><form id=\"noptin-form-2\" class=\"noptin-optin-form noptin-form-single-line noptin-label-hide noptin-form-2\" method=\"post\" novalidate >\t\t\t\t\t<div class=\"noptin-form-header noptin-img-left\">\n\t\t\t\t\t\t\t\t\t\t\t\t<div class=\"noptin-form-header-text\">\n\n\t\t\t\t\t\t\t\t\t\t\t\t\t\t\t<div style=\"color: #607d8b;font-size: 20px; font-weight: 500; line-height: 1.3;\" class=\"noptin-form-prefix\">\n\t\t\t\t\t\t\t\t\t\t\t\t\t\t\t\t\t<\/div>\n\t\t\t\t\t\t\t\n\t\t\t\t\t\t\t\t\t\t\t\t\t\t\t<div style=\"color: #fafafa;font-size: 20px; font-weight: 700; line-height: 1.5;\" class=\"noptin-form-heading\">\n\t\t\t\t\t\t\t\t\tAbonnez-vous \u00e0 TopicFoot\t\t\t\t\t\t\t\t<\/div>\n\t\t\t\t\t\t\t\n\t\t\t\t\t\t\t\t\t\t\t\t\t\t\t<div style=\"color: #fafafa;font-size: 16px; font-weight: 500; line-height: 1.5;\" class=\"noptin-form-description\">\n\t\t\t\t\t\t\t\t\tEntrez votre Mail pour recevoir nos derniers articles.\t\t\t\t\t\t\t\t<\/div>\n\t\t\t\t\t\t\t\n\t\t\t\t\t\t<\/div>\n\t\t\t\t\t\t\n\t\t\t\t\t\t\t\t\t\t\t\t\t<div class=\"noptin-form-header-image\">\n\t\t\t\t\t\t\t\t<img decoding=\"async\" alt=\"icon\" src=\"https:\/\/www.topicfoot.fr\/wp-content\/plugins\/newsletter-optin-box\/includes\/assets\/images\/email-icon.png\" \/>\n\t\t\t\t\t\t\t<\/div>\n\t\t\t\t\t\t\n\t\t\t\t\t<\/div>\n\t\t\t\t<div class=\"noptin-form-footer\"><div class=\"noptin-form-fields\">\t\t\t<div class=\"noptin-form-field-wrapper noptin-form-field-email noptin-optin-field-wrapper noptin-optin-field-email\" id=\"noptin-form-2__field-email--wrapper\" >\n\t\t<div class=\"noptin-field-email\">\n\t\t\t<label class=\"noptin-label\" for=\"noptin-form-2__field-email\">Adresse Mail<\/label>\n\t\t\t<input name=\"noptin_fields[email]\" id=\"noptin-form-2__field-email\" type=\"email\" class=\"noptin-text noptin-form-field noptin-form-field__email noptin-form-field__has-no-placeholder\" placeholder=\"Adresse Mail\" required \/>\n\n\t\t<\/div><\/div>\t\t\t<div class=\"noptin-form-field-wrapper noptin-form-field- noptin-optin-field-wrapper noptin-optin-field-\" id=\"noptin-form-2__field---wrapper\" >\n\t\t<\/div>\t\t\t<div class=\"noptin-form-field-wrapper noptin-form-field-submit noptin-optin-field-wrapper noptin-optin-field-submit\" >\n\t\t\n\t\t\t<input type=\"submit\" id=\"noptin-form-2__submit\" class=\"noptin-form-submit btn button btn-primary button-primary wp-element-button\" name=\"noptin-submit\" value=\"Abonnez-vous\" style=\"background-color: #607D8B;color: #fafafa;\"  \/>\n\n\t\t<\/div><\/div>\t\t\t\t\t\t<div class=\"noptin-form-notice noptin-response\" role=\"alert\"><\/div>\n\t\t\t<\/div>\n\t\t\t<input type=\"hidden\" name=\"noptin_element_id\" value=\"2\" \/><input type=\"hidden\" name=\"source\" value=\"9842\" \/><input type=\"hidden\" name=\"form_action\" value=\"subscribe\" \/><input type=\"hidden\" name=\"noptin-config\" value=\"geVp3bmVsS.Bejx5F7hyheCZeasGrk6UoV7mPwUKzeAj_J_jRQjYkLtSn67MwIeo\" \/><input type=\"hidden\" name=\"noptin_form_id\" value=\"9842\" \/><\/form><\/div><!-- \/Form ID: 9842 --><\/div><!-- \/ Noptin Newsletter Plugin -->\n\n\n\n<p>Voir aussi notre article sur :&nbsp;<a href=\"https:\/\/www.topicfoot.fr\/index.php\/2025\/03\/30\/multipropriete-au-football-les-groupes-proprietaires-en-france\/\">Multipropri\u00e9t\u00e9 au football : Les groupes propri\u00e9taires en France<\/a><\/p>\n\n\n\n<figure class=\"wp-block-embed is-type-wp-embed is-provider-topic-foot wp-block-embed-topic-foot\"><div class=\"wp-block-embed__wrapper\">\n<blockquote class=\"wp-embedded-content\" data-secret=\"nROxbNThFN\"><a href=\"https:\/\/www.topicfoot.fr\/index.php\/2025\/03\/30\/multipropriete-au-football-les-groupes-proprietaires-en-france\/\">Multipropri\u00e9t\u00e9 au football : Les groupes propri\u00e9taires en France<\/a><\/blockquote><iframe loading=\"lazy\" class=\"wp-embedded-content\" sandbox=\"allow-scripts\" security=\"restricted\" style=\"position: absolute; visibility: hidden;\" title=\"\u00ab\u00a0Multipropri\u00e9t\u00e9 au football : Les groupes propri\u00e9taires en France\u00a0\u00bb &#8212; Topic Foot\" src=\"https:\/\/www.topicfoot.fr\/index.php\/2025\/03\/30\/multipropriete-au-football-les-groupes-proprietaires-en-france\/embed\/#?secret=GuGBB6SFo2#?secret=nROxbNThFN\" data-secret=\"nROxbNThFN\" width=\"500\" height=\"282\" frameborder=\"0\" marginwidth=\"0\" marginheight=\"0\" scrolling=\"no\"><\/iframe>\n<\/div><\/figure>\n","protected":false},"excerpt":{"rendered":"<div class=\"mh-excerpt\">Jean Claude Darmon. Visionnaire discret mais influent, il a fa\u00e7onn\u00e9 l\u2019\u00e9conomie du football hexagonal depuis les ann\u00e9es 70. <\/div>\n<p> <a class=\"mh-excerpt-more\" href=\"https:\/\/www.topicfoot.fr\/index.php\/2025\/04\/05\/jean-claude-darmon-largentier-du-football-francais\/\" title=\"Jean Claude Darmon, l&rsquo;argentier du football fran\u00e7ais\">[&#8230;]<\/a><\/p>\n","protected":false},"author":1,"featured_media":13261,"comment_status":"closed","ping_status":"open","sticky":false,"template":"","format":"standard","meta":{"footnotes":""},"categories":[28,97,31],"tags":[],"post_folder":[],"class_list":{"0":"post-13259","1":"post","2":"type-post","3":"status-publish","4":"format-standard","5":"has-post-thumbnail","7":"category-foot-business","8":"category-histoire","9":"category-toutes-les-categories"},"yoast_head":"<!-- This site is optimized with the Yoast SEO plugin v27.4 - https:\/\/yoast.com\/product\/yoast-seo-wordpress\/ -->\n<title>Jean Claude Darmon, l&#039;argentier du football fran\u00e7ais<\/title>\n<meta name=\"description\" content=\"Jean Claude Darmon. Visionnaire discret mais influent, il a fa\u00e7onn\u00e9 l\u2019\u00e9conomie du football hexagonal depuis les ann\u00e9es 70.\" \/>\n<meta name=\"robots\" content=\"index, follow, max-snippet:-1, max-image-preview:large, max-video-preview:-1\" \/>\n<link rel=\"canonical\" href=\"https:\/\/www.topicfoot.fr\/index.php\/2025\/04\/05\/jean-claude-darmon-largentier-du-football-francais\/\" \/>\n<meta property=\"og:locale\" content=\"fr_FR\" \/>\n<meta property=\"og:type\" content=\"article\" \/>\n<meta property=\"og:title\" content=\"Jean Claude Darmon, l&#039;argentier du football fran\u00e7ais\" \/>\n<meta property=\"og:description\" content=\"Jean Claude Darmon. Visionnaire discret mais influent, il a fa\u00e7onn\u00e9 l\u2019\u00e9conomie du football hexagonal depuis les ann\u00e9es 70.\" \/>\n<meta property=\"og:url\" content=\"https:\/\/www.topicfoot.fr\/index.php\/2025\/04\/05\/jean-claude-darmon-largentier-du-football-francais\/\" \/>\n<meta property=\"og:site_name\" content=\"Topic Foot\" \/>\n<meta property=\"article:publisher\" content=\"https:\/\/www.facebook.com\/topicfoot.fr\" \/>\n<meta property=\"article:published_time\" content=\"2025-04-05T07:41:48+00:00\" \/>\n<meta property=\"article:modified_time\" content=\"2025-10-29T13:39:50+00:00\" \/>\n<meta property=\"og:image\" content=\"https:\/\/www.topicfoot.fr\/wp-content\/uploads\/2025\/04\/jean-claude-darmon-tf02-png.webp\" \/>\n\t<meta property=\"og:image:width\" content=\"1666\" \/>\n\t<meta property=\"og:image:height\" content=\"1206\" \/>\n\t<meta property=\"og:image:type\" content=\"image\/png\" \/>\n<meta name=\"author\" content=\"Florent G\" \/>\n<meta name=\"twitter:card\" content=\"summary_large_image\" \/>\n<meta name=\"twitter:label1\" content=\"\u00c9crit par\" \/>\n\t<meta name=\"twitter:data1\" content=\"Florent G\" \/>\n\t<meta name=\"twitter:label2\" content=\"Dur\u00e9e de lecture estim\u00e9e\" \/>\n\t<meta name=\"twitter:data2\" content=\"14 minutes\" \/>\n<script type=\"application\/ld+json\" class=\"yoast-schema-graph\">{\"@context\":\"https:\\\/\\\/schema.org\",\"@graph\":[{\"@type\":\"Article\",\"@id\":\"https:\\\/\\\/www.topicfoot.fr\\\/index.php\\\/2025\\\/04\\\/05\\\/jean-claude-darmon-largentier-du-football-francais\\\/#article\",\"isPartOf\":{\"@id\":\"https:\\\/\\\/www.topicfoot.fr\\\/index.php\\\/2025\\\/04\\\/05\\\/jean-claude-darmon-largentier-du-football-francais\\\/\"},\"author\":{\"name\":\"Florent G\",\"@id\":\"https:\\\/\\\/www.topicfoot.fr\\\/#\\\/schema\\\/person\\\/e11785565f6247f9acd9d5b796ec4d62\"},\"headline\":\"Jean Claude Darmon, l&rsquo;argentier du football fran\u00e7ais\",\"datePublished\":\"2025-04-05T07:41:48+00:00\",\"dateModified\":\"2025-10-29T13:39:50+00:00\",\"mainEntityOfPage\":{\"@id\":\"https:\\\/\\\/www.topicfoot.fr\\\/index.php\\\/2025\\\/04\\\/05\\\/jean-claude-darmon-largentier-du-football-francais\\\/\"},\"wordCount\":2792,\"publisher\":{\"@id\":\"https:\\\/\\\/www.topicfoot.fr\\\/#organization\"},\"image\":{\"@id\":\"https:\\\/\\\/www.topicfoot.fr\\\/index.php\\\/2025\\\/04\\\/05\\\/jean-claude-darmon-largentier-du-football-francais\\\/#primaryimage\"},\"thumbnailUrl\":\"https:\\\/\\\/www.topicfoot.fr\\\/wp-content\\\/uploads\\\/2025\\\/04\\\/jean-claude-darmon-tf02-png.webp\",\"articleSection\":[\"Foot Business\",\"Histoire du football\",\"Toutes les cat\u00e9gories\"],\"inLanguage\":\"fr-FR\"},{\"@type\":\"WebPage\",\"@id\":\"https:\\\/\\\/www.topicfoot.fr\\\/index.php\\\/2025\\\/04\\\/05\\\/jean-claude-darmon-largentier-du-football-francais\\\/\",\"url\":\"https:\\\/\\\/www.topicfoot.fr\\\/index.php\\\/2025\\\/04\\\/05\\\/jean-claude-darmon-largentier-du-football-francais\\\/\",\"name\":\"Jean Claude Darmon, l'argentier du football fran\u00e7ais\",\"isPartOf\":{\"@id\":\"https:\\\/\\\/www.topicfoot.fr\\\/#website\"},\"primaryImageOfPage\":{\"@id\":\"https:\\\/\\\/www.topicfoot.fr\\\/index.php\\\/2025\\\/04\\\/05\\\/jean-claude-darmon-largentier-du-football-francais\\\/#primaryimage\"},\"image\":{\"@id\":\"https:\\\/\\\/www.topicfoot.fr\\\/index.php\\\/2025\\\/04\\\/05\\\/jean-claude-darmon-largentier-du-football-francais\\\/#primaryimage\"},\"thumbnailUrl\":\"https:\\\/\\\/www.topicfoot.fr\\\/wp-content\\\/uploads\\\/2025\\\/04\\\/jean-claude-darmon-tf02-png.webp\",\"datePublished\":\"2025-04-05T07:41:48+00:00\",\"dateModified\":\"2025-10-29T13:39:50+00:00\",\"description\":\"Jean Claude Darmon. Visionnaire discret mais influent, il a fa\u00e7onn\u00e9 l\u2019\u00e9conomie du football hexagonal depuis les ann\u00e9es 70.\",\"breadcrumb\":{\"@id\":\"https:\\\/\\\/www.topicfoot.fr\\\/index.php\\\/2025\\\/04\\\/05\\\/jean-claude-darmon-largentier-du-football-francais\\\/#breadcrumb\"},\"inLanguage\":\"fr-FR\",\"potentialAction\":[{\"@type\":\"ReadAction\",\"target\":[\"https:\\\/\\\/www.topicfoot.fr\\\/index.php\\\/2025\\\/04\\\/05\\\/jean-claude-darmon-largentier-du-football-francais\\\/\"]}]},{\"@type\":\"ImageObject\",\"inLanguage\":\"fr-FR\",\"@id\":\"https:\\\/\\\/www.topicfoot.fr\\\/index.php\\\/2025\\\/04\\\/05\\\/jean-claude-darmon-largentier-du-football-francais\\\/#primaryimage\",\"url\":\"https:\\\/\\\/www.topicfoot.fr\\\/wp-content\\\/uploads\\\/2025\\\/04\\\/jean-claude-darmon-tf02-png.webp\",\"contentUrl\":\"https:\\\/\\\/www.topicfoot.fr\\\/wp-content\\\/uploads\\\/2025\\\/04\\\/jean-claude-darmon-tf02-png.webp\",\"width\":1666,\"height\":1206},{\"@type\":\"BreadcrumbList\",\"@id\":\"https:\\\/\\\/www.topicfoot.fr\\\/index.php\\\/2025\\\/04\\\/05\\\/jean-claude-darmon-largentier-du-football-francais\\\/#breadcrumb\",\"itemListElement\":[{\"@type\":\"ListItem\",\"position\":1,\"name\":\"Accueil\",\"item\":\"https:\\\/\\\/www.topicfoot.fr\\\/\"},{\"@type\":\"ListItem\",\"position\":2,\"name\":\"Jean Claude Darmon, l&rsquo;argentier du football fran\u00e7ais\"}]},{\"@type\":\"WebSite\",\"@id\":\"https:\\\/\\\/www.topicfoot.fr\\\/#website\",\"url\":\"https:\\\/\\\/www.topicfoot.fr\\\/\",\"name\":\"Topic Foot\",\"description\":\"Tous l&#039;univers du Foot !\",\"publisher\":{\"@id\":\"https:\\\/\\\/www.topicfoot.fr\\\/#organization\"},\"potentialAction\":[{\"@type\":\"SearchAction\",\"target\":{\"@type\":\"EntryPoint\",\"urlTemplate\":\"https:\\\/\\\/www.topicfoot.fr\\\/?s={search_term_string}\"},\"query-input\":{\"@type\":\"PropertyValueSpecification\",\"valueRequired\":true,\"valueName\":\"search_term_string\"}}],\"inLanguage\":\"fr-FR\"},{\"@type\":\"Organization\",\"@id\":\"https:\\\/\\\/www.topicfoot.fr\\\/#organization\",\"name\":\"Topic Foot\",\"url\":\"https:\\\/\\\/www.topicfoot.fr\\\/\",\"logo\":{\"@type\":\"ImageObject\",\"inLanguage\":\"fr-FR\",\"@id\":\"https:\\\/\\\/www.topicfoot.fr\\\/#\\\/schema\\\/logo\\\/image\\\/\",\"url\":\"https:\\\/\\\/www.topicfoot.fr\\\/wp-content\\\/uploads\\\/2024\\\/04\\\/cropped-logo-topicfoot-new.jpg\",\"contentUrl\":\"https:\\\/\\\/www.topicfoot.fr\\\/wp-content\\\/uploads\\\/2024\\\/04\\\/cropped-logo-topicfoot-new.jpg\",\"width\":512,\"height\":512,\"caption\":\"Topic Foot\"},\"image\":{\"@id\":\"https:\\\/\\\/www.topicfoot.fr\\\/#\\\/schema\\\/logo\\\/image\\\/\"},\"sameAs\":[\"https:\\\/\\\/www.facebook.com\\\/topicfoot.fr\"]},{\"@type\":\"Person\",\"@id\":\"https:\\\/\\\/www.topicfoot.fr\\\/#\\\/schema\\\/person\\\/e11785565f6247f9acd9d5b796ec4d62\",\"name\":\"Florent G\",\"image\":{\"@type\":\"ImageObject\",\"inLanguage\":\"fr-FR\",\"@id\":\"https:\\\/\\\/secure.gravatar.com\\\/avatar\\\/1bb7e359942e0285fca3d40822ea6bdc74a98b7975407bfdf34b5a511f2155da?s=96&d=mm&r=g\",\"url\":\"https:\\\/\\\/secure.gravatar.com\\\/avatar\\\/1bb7e359942e0285fca3d40822ea6bdc74a98b7975407bfdf34b5a511f2155da?s=96&d=mm&r=g\",\"contentUrl\":\"https:\\\/\\\/secure.gravatar.com\\\/avatar\\\/1bb7e359942e0285fca3d40822ea6bdc74a98b7975407bfdf34b5a511f2155da?s=96&d=mm&r=g\",\"caption\":\"Florent G\"},\"description\":\"Je m'appelle Florent et je suis le cr\u00e9ateur de Topicfoot, un projet n\u00e9 de ma conviction que le football m\u00e9rite une couverture m\u00e9diatique de qualit\u00e9, ancr\u00e9e dans les faits et enrichie par l'analyse. Passionn\u00e9 de journalisme, j'ai toujours \u00e9t\u00e9 fascin\u00e9 par le sport comme r\u00e9v\u00e9lateur de soci\u00e9t\u00e9s. Mais c'est surtout l'explosion des donn\u00e9es et des nouvelles technologies dans le football qui m'a pouss\u00e9 \u00e0 lancer Topicfoot : statistiques avanc\u00e9es, mod\u00e8les pr\u00e9dictifs, analyse vid\u00e9o intelligente, impact des r\u00e9seaux sociaux sur les carri\u00e8res des joueurs. J'adore creuser ces th\u00e9matiques o\u00f9 les chiffres racontent une histoire que les yeux seuls ne voient pas. Au-del\u00e0 de la r\u00e9daction, je suis responsable de la ligne \u00e9ditoriale de Topicfoot et de sa strat\u00e9gie num\u00e9rique. Je crois que le journalisme sportif doit allier rigueur journalistique et innovation technologique pour offrir aux lecteurs une exp\u00e9rience moderne et approfondie. Nous couvrons les grands \u00e9v\u00e9nements du football europ\u00e9en et nous explorons comment les clubs utilisent les donn\u00e9es pour transformer leur organisation. Pour moi, Topicfoot, c'est la promesse d'un football mieux compris.\",\"sameAs\":[\"https:\\\/\\\/www.topicfoot.fr\"],\"url\":\"https:\\\/\\\/www.topicfoot.fr\\\/index.php\\\/author\\\/vitrindunet\\\/\"}]}<\/script>\n<!-- \/ Yoast SEO plugin. -->","yoast_head_json":{"title":"Jean Claude Darmon, l'argentier du football fran\u00e7ais","description":"Jean Claude Darmon. Visionnaire discret mais influent, il a fa\u00e7onn\u00e9 l\u2019\u00e9conomie du football hexagonal depuis les ann\u00e9es 70.","robots":{"index":"index","follow":"follow","max-snippet":"max-snippet:-1","max-image-preview":"max-image-preview:large","max-video-preview":"max-video-preview:-1"},"canonical":"https:\/\/www.topicfoot.fr\/index.php\/2025\/04\/05\/jean-claude-darmon-largentier-du-football-francais\/","og_locale":"fr_FR","og_type":"article","og_title":"Jean Claude Darmon, l'argentier du football fran\u00e7ais","og_description":"Jean Claude Darmon. Visionnaire discret mais influent, il a fa\u00e7onn\u00e9 l\u2019\u00e9conomie du football hexagonal depuis les ann\u00e9es 70.","og_url":"https:\/\/www.topicfoot.fr\/index.php\/2025\/04\/05\/jean-claude-darmon-largentier-du-football-francais\/","og_site_name":"Topic Foot","article_publisher":"https:\/\/www.facebook.com\/topicfoot.fr","article_published_time":"2025-04-05T07:41:48+00:00","article_modified_time":"2025-10-29T13:39:50+00:00","og_image":[{"width":1666,"height":1206,"url":"https:\/\/www.topicfoot.fr\/wp-content\/uploads\/2025\/04\/jean-claude-darmon-tf02-png.webp","type":"image\/png"}],"author":"Florent G","twitter_card":"summary_large_image","twitter_misc":{"\u00c9crit par":"Florent G","Dur\u00e9e de lecture estim\u00e9e":"14 minutes"},"schema":{"@context":"https:\/\/schema.org","@graph":[{"@type":"Article","@id":"https:\/\/www.topicfoot.fr\/index.php\/2025\/04\/05\/jean-claude-darmon-largentier-du-football-francais\/#article","isPartOf":{"@id":"https:\/\/www.topicfoot.fr\/index.php\/2025\/04\/05\/jean-claude-darmon-largentier-du-football-francais\/"},"author":{"name":"Florent G","@id":"https:\/\/www.topicfoot.fr\/#\/schema\/person\/e11785565f6247f9acd9d5b796ec4d62"},"headline":"Jean Claude Darmon, l&rsquo;argentier du football fran\u00e7ais","datePublished":"2025-04-05T07:41:48+00:00","dateModified":"2025-10-29T13:39:50+00:00","mainEntityOfPage":{"@id":"https:\/\/www.topicfoot.fr\/index.php\/2025\/04\/05\/jean-claude-darmon-largentier-du-football-francais\/"},"wordCount":2792,"publisher":{"@id":"https:\/\/www.topicfoot.fr\/#organization"},"image":{"@id":"https:\/\/www.topicfoot.fr\/index.php\/2025\/04\/05\/jean-claude-darmon-largentier-du-football-francais\/#primaryimage"},"thumbnailUrl":"https:\/\/www.topicfoot.fr\/wp-content\/uploads\/2025\/04\/jean-claude-darmon-tf02-png.webp","articleSection":["Foot Business","Histoire du football","Toutes les cat\u00e9gories"],"inLanguage":"fr-FR"},{"@type":"WebPage","@id":"https:\/\/www.topicfoot.fr\/index.php\/2025\/04\/05\/jean-claude-darmon-largentier-du-football-francais\/","url":"https:\/\/www.topicfoot.fr\/index.php\/2025\/04\/05\/jean-claude-darmon-largentier-du-football-francais\/","name":"Jean Claude Darmon, l'argentier du football fran\u00e7ais","isPartOf":{"@id":"https:\/\/www.topicfoot.fr\/#website"},"primaryImageOfPage":{"@id":"https:\/\/www.topicfoot.fr\/index.php\/2025\/04\/05\/jean-claude-darmon-largentier-du-football-francais\/#primaryimage"},"image":{"@id":"https:\/\/www.topicfoot.fr\/index.php\/2025\/04\/05\/jean-claude-darmon-largentier-du-football-francais\/#primaryimage"},"thumbnailUrl":"https:\/\/www.topicfoot.fr\/wp-content\/uploads\/2025\/04\/jean-claude-darmon-tf02-png.webp","datePublished":"2025-04-05T07:41:48+00:00","dateModified":"2025-10-29T13:39:50+00:00","description":"Jean Claude Darmon. Visionnaire discret mais influent, il a fa\u00e7onn\u00e9 l\u2019\u00e9conomie du football hexagonal depuis les ann\u00e9es 70.","breadcrumb":{"@id":"https:\/\/www.topicfoot.fr\/index.php\/2025\/04\/05\/jean-claude-darmon-largentier-du-football-francais\/#breadcrumb"},"inLanguage":"fr-FR","potentialAction":[{"@type":"ReadAction","target":["https:\/\/www.topicfoot.fr\/index.php\/2025\/04\/05\/jean-claude-darmon-largentier-du-football-francais\/"]}]},{"@type":"ImageObject","inLanguage":"fr-FR","@id":"https:\/\/www.topicfoot.fr\/index.php\/2025\/04\/05\/jean-claude-darmon-largentier-du-football-francais\/#primaryimage","url":"https:\/\/www.topicfoot.fr\/wp-content\/uploads\/2025\/04\/jean-claude-darmon-tf02-png.webp","contentUrl":"https:\/\/www.topicfoot.fr\/wp-content\/uploads\/2025\/04\/jean-claude-darmon-tf02-png.webp","width":1666,"height":1206},{"@type":"BreadcrumbList","@id":"https:\/\/www.topicfoot.fr\/index.php\/2025\/04\/05\/jean-claude-darmon-largentier-du-football-francais\/#breadcrumb","itemListElement":[{"@type":"ListItem","position":1,"name":"Accueil","item":"https:\/\/www.topicfoot.fr\/"},{"@type":"ListItem","position":2,"name":"Jean Claude Darmon, l&rsquo;argentier du football fran\u00e7ais"}]},{"@type":"WebSite","@id":"https:\/\/www.topicfoot.fr\/#website","url":"https:\/\/www.topicfoot.fr\/","name":"Topic Foot","description":"Tous l&#039;univers du Foot !","publisher":{"@id":"https:\/\/www.topicfoot.fr\/#organization"},"potentialAction":[{"@type":"SearchAction","target":{"@type":"EntryPoint","urlTemplate":"https:\/\/www.topicfoot.fr\/?s={search_term_string}"},"query-input":{"@type":"PropertyValueSpecification","valueRequired":true,"valueName":"search_term_string"}}],"inLanguage":"fr-FR"},{"@type":"Organization","@id":"https:\/\/www.topicfoot.fr\/#organization","name":"Topic Foot","url":"https:\/\/www.topicfoot.fr\/","logo":{"@type":"ImageObject","inLanguage":"fr-FR","@id":"https:\/\/www.topicfoot.fr\/#\/schema\/logo\/image\/","url":"https:\/\/www.topicfoot.fr\/wp-content\/uploads\/2024\/04\/cropped-logo-topicfoot-new.jpg","contentUrl":"https:\/\/www.topicfoot.fr\/wp-content\/uploads\/2024\/04\/cropped-logo-topicfoot-new.jpg","width":512,"height":512,"caption":"Topic Foot"},"image":{"@id":"https:\/\/www.topicfoot.fr\/#\/schema\/logo\/image\/"},"sameAs":["https:\/\/www.facebook.com\/topicfoot.fr"]},{"@type":"Person","@id":"https:\/\/www.topicfoot.fr\/#\/schema\/person\/e11785565f6247f9acd9d5b796ec4d62","name":"Florent G","image":{"@type":"ImageObject","inLanguage":"fr-FR","@id":"https:\/\/secure.gravatar.com\/avatar\/1bb7e359942e0285fca3d40822ea6bdc74a98b7975407bfdf34b5a511f2155da?s=96&d=mm&r=g","url":"https:\/\/secure.gravatar.com\/avatar\/1bb7e359942e0285fca3d40822ea6bdc74a98b7975407bfdf34b5a511f2155da?s=96&d=mm&r=g","contentUrl":"https:\/\/secure.gravatar.com\/avatar\/1bb7e359942e0285fca3d40822ea6bdc74a98b7975407bfdf34b5a511f2155da?s=96&d=mm&r=g","caption":"Florent G"},"description":"Je m'appelle Florent et je suis le cr\u00e9ateur de Topicfoot, un projet n\u00e9 de ma conviction que le football m\u00e9rite une couverture m\u00e9diatique de qualit\u00e9, ancr\u00e9e dans les faits et enrichie par l'analyse. Passionn\u00e9 de journalisme, j'ai toujours \u00e9t\u00e9 fascin\u00e9 par le sport comme r\u00e9v\u00e9lateur de soci\u00e9t\u00e9s. Mais c'est surtout l'explosion des donn\u00e9es et des nouvelles technologies dans le football qui m'a pouss\u00e9 \u00e0 lancer Topicfoot : statistiques avanc\u00e9es, mod\u00e8les pr\u00e9dictifs, analyse vid\u00e9o intelligente, impact des r\u00e9seaux sociaux sur les carri\u00e8res des joueurs. J'adore creuser ces th\u00e9matiques o\u00f9 les chiffres racontent une histoire que les yeux seuls ne voient pas. Au-del\u00e0 de la r\u00e9daction, je suis responsable de la ligne \u00e9ditoriale de Topicfoot et de sa strat\u00e9gie num\u00e9rique. Je crois que le journalisme sportif doit allier rigueur journalistique et innovation technologique pour offrir aux lecteurs une exp\u00e9rience moderne et approfondie. Nous couvrons les grands \u00e9v\u00e9nements du football europ\u00e9en et nous explorons comment les clubs utilisent les donn\u00e9es pour transformer leur organisation. Pour moi, Topicfoot, c'est la promesse d'un football mieux compris.","sameAs":["https:\/\/www.topicfoot.fr"],"url":"https:\/\/www.topicfoot.fr\/index.php\/author\/vitrindunet\/"}]}},"_links":{"self":[{"href":"https:\/\/www.topicfoot.fr\/index.php\/wp-json\/wp\/v2\/posts\/13259","targetHints":{"allow":["GET"]}}],"collection":[{"href":"https:\/\/www.topicfoot.fr\/index.php\/wp-json\/wp\/v2\/posts"}],"about":[{"href":"https:\/\/www.topicfoot.fr\/index.php\/wp-json\/wp\/v2\/types\/post"}],"author":[{"embeddable":true,"href":"https:\/\/www.topicfoot.fr\/index.php\/wp-json\/wp\/v2\/users\/1"}],"replies":[{"embeddable":true,"href":"https:\/\/www.topicfoot.fr\/index.php\/wp-json\/wp\/v2\/comments?post=13259"}],"version-history":[{"count":0,"href":"https:\/\/www.topicfoot.fr\/index.php\/wp-json\/wp\/v2\/posts\/13259\/revisions"}],"wp:featuredmedia":[{"embeddable":true,"href":"https:\/\/www.topicfoot.fr\/index.php\/wp-json\/wp\/v2\/media\/13261"}],"wp:attachment":[{"href":"https:\/\/www.topicfoot.fr\/index.php\/wp-json\/wp\/v2\/media?parent=13259"}],"wp:term":[{"taxonomy":"category","embeddable":true,"href":"https:\/\/www.topicfoot.fr\/index.php\/wp-json\/wp\/v2\/categories?post=13259"},{"taxonomy":"post_tag","embeddable":true,"href":"https:\/\/www.topicfoot.fr\/index.php\/wp-json\/wp\/v2\/tags?post=13259"},{"taxonomy":"post_folder","embeddable":true,"href":"https:\/\/www.topicfoot.fr\/index.php\/wp-json\/wp\/v2\/post_folder?post=13259"}],"curies":[{"name":"wp","href":"https:\/\/api.w.org\/{rel}","templated":true}]}}