{"id":13263,"date":"2025-04-05T12:18:45","date_gmt":"2025-04-05T10:18:45","guid":{"rendered":"https:\/\/www.topicfoot.fr\/?p=13263"},"modified":"2025-04-05T12:18:52","modified_gmt":"2025-04-05T10:18:52","slug":"que-devient-le-fc-tours-la-chute-brutale-dun-monument","status":"publish","type":"post","link":"https:\/\/www.topicfoot.fr\/index.php\/2025\/04\/05\/que-devient-le-fc-tours-la-chute-brutale-dun-monument\/","title":{"rendered":"Que devient le FC Tours ? La chute brutale d\u2019un monument"},"content":{"rendered":"<span class=\"span-reading-time rt-reading-time\" style=\"display: block;\"><span class=\"rt-label rt-prefix\">Temps de lecture\u00a0:  <\/span> <span class=\"rt-time\"> 3<\/span> <span class=\"rt-label rt-postfix\">minutes.  <\/span><\/span>\n<p>Que devient le FC Tours ? La F\u00e9d\u00e9ration Fran\u00e7aise de Football a confirm\u00e9 la fin du Tours FC. Une disparition brutale pour un club centenaire.<\/p>\n\n\n<div class=\"wp-block-image\">\n<figure class=\"aligncenter size-full is-resized\"><img decoding=\"async\" src=\"https:\/\/www.topicfoot.fr\/wp-content\/uploads\/2025\/04\/Tours_FC_logo.svg\" alt=\"Que devient le FC Tours ? La chute brutale d\u2019un monument\" class=\"wp-image-13264\" style=\"width:174px;height:auto\"\/><\/figure>\n<\/div>\n\n\n<p>Le Tours FC n\u2019est plus. Mardi 25 f\u00e9vrier, la FFF a mis un point final \u00e0 une lente agonie. Le comit\u00e9 ex\u00e9cutif a confirm\u00e9 la disparition de l\u2019association, d\u00e9j\u00e0 fragilis\u00e9e par la liquidation judiciaire de la SASP. C\u2019est une page du football fran\u00e7ais qui se tourne. Un club historique, formateur et populaire, tire sa r\u00e9v\u00e9rence. Dans une indiff\u00e9rence quasi g\u00e9n\u00e9rale, malgr\u00e9 un palmar\u00e8s respectable et un vivier de talents r\u00e9v\u00e9l\u00e9 au plus haut niveau.<\/p>\n\n\n\n<h2 class=\"wp-block-heading\">Un palmar\u00e8s modeste, un impact \u00e9norme<\/h2>\n\n\n\n<p>Champion de Ligue 2 en 1984, demi-finaliste de la Coupe de France deux ann\u00e9es de suite, Tours a marqu\u00e9 son \u00e9poque. Quatre saisons dans l\u2019\u00e9lite et une r\u00e9gularit\u00e9 notable dans les divisions inf\u00e9rieures ont forg\u00e9 l\u2019identit\u00e9 du club. Mais au-del\u00e0 des titres, ce sont les noms pass\u00e9s par la Touraine qui marquent les esprits. Olivier Giroud, Laurent Koscielny, Morgan Sanson ou Patrick Vieira ont tous port\u00e9 le maillot ciel et noir. Le club \u00e9tait un tremplin vers les sommets. Il devient d\u00e9sormais un souvenir.<\/p>\n\n\n\n<p>Tours formait, r\u00e9v\u00e9lait, propulsait. De nombreux clubs de Ligue 1 ont profit\u00e9 de son travail en coulisses. Isma\u00ebl Bennacer, Jonathan Gradit, Medhi Benatia, Rayan Raveloson ou Haris Belkebla ont tous \u00e9merg\u00e9 ici. La structure, bien que modeste, rayonnait par sa politique de formation. Une base solide, min\u00e9e pourtant par des choix catastrophiques au sommet.<\/p>\n\n\n\n<h2 class=\"wp-block-heading\">Une descente entam\u00e9e depuis 2018<\/h2>\n\n\n\n<p>La saison 2017-2018 restera le d\u00e9but d\u2019une longue chute. Dernier de Ligue 2, Tours est rel\u00e9gu\u00e9 en National 1. Le club ne s\u2019en rel\u00e8vera jamais. Avec l\u2019un des plus gros budgets du championnat, il \u00e9choue \u00e0 remonter imm\u00e9diatement. Une 15e place en National 1 condamne l\u2019\u00e9quipe \u00e0 descendre encore. En 2019, la rel\u00e9gation administrative en National 3 acte la gravit\u00e9 de la situation. Le club n\u2019est plus comp\u00e9titif, ni \u00e9conomiquement stable.<\/p>\n\n\n\n<p>La crise sanitaire n\u2019arrange rien. En 2021, Tours est r\u00e9trograd\u00e9 en R\u00e9gional 1. Une gifle monumentale pour une ville class\u00e9e 18e aire urbaine fran\u00e7aise. La remont\u00e9e est rapide, mais le ver est dans le fruit. Le Tours FC \u00e9volue entre espoir et pr\u00e9carit\u00e9. La direction tente de rassurer, mais la r\u00e9alit\u00e9 \u00e9conomique est alarmante. Les salari\u00e9s s\u2019inqui\u00e8tent, les supporters observent, impuissants.<\/p>\n\n\n<div class=\"wp-block-image\">\n<figure class=\"aligncenter size-full\"><img loading=\"lazy\" decoding=\"async\" width=\"640\" height=\"480\" src=\"https:\/\/www.topicfoot.fr\/wp-content\/uploads\/2025\/04\/Stade_de_la_vallee_du_Cher.webp\" alt=\"\" class=\"wp-image-13265\" srcset=\"https:\/\/www.topicfoot.fr\/wp-content\/uploads\/2025\/04\/Stade_de_la_vallee_du_Cher.webp 640w, https:\/\/www.topicfoot.fr\/wp-content\/uploads\/2025\/04\/Stade_de_la_vallee_du_Cher-300x225.webp 300w, https:\/\/www.topicfoot.fr\/wp-content\/uploads\/2025\/04\/Stade_de_la_vallee_du_Cher-326x245.webp 326w, https:\/\/www.topicfoot.fr\/wp-content\/uploads\/2025\/04\/Stade_de_la_vallee_du_Cher-80x60.webp 80w\" sizes=\"auto, (max-width: 640px) 100vw, 640px\" \/><\/figure>\n<\/div>\n\n\n<p class=\"has-text-align-center\">PSG-Tours Cr\u00e9dits : <a href=\"https:\/\/en.wikipedia.org\/wiki\/en:User:Latouffedisco\">Latouffedisco<\/a><\/p>\n\n\n\n<h2 class=\"wp-block-heading\">Une gestion financi\u00e8re d\u00e9sastreuse<\/h2>\n\n\n\n<p>Le d\u00e9ficit est abyssal : plus de 600 000 euros selon la FFF. Le trou est trop grand pour esp\u00e9rer un sauvetage. Salaires impay\u00e9s, factures en retard, conditions d\u2019accueil indignes : le club ne r\u00e9pond plus aux exigences minimales. La situation d\u00e9passe le cadre du sportif. M\u00eame les \u00e9quipes de jeunes en p\u00e2tissent. Un match de Coupe de France contre Lorient est annul\u00e9 en derni\u00e8re minute. Faute de s\u00e9curit\u00e9, faute de budget. Un coup de massue. Le club perd par forfait.<\/p>\n\n\n\n<p>L\u2019arriv\u00e9e d\u2019Ivan Desmet en 2024 devait tout changer. L\u2019homme d\u2019affaires belge promet 500 000 euros, un nouveau projet, un avenir. En r\u00e9alit\u00e9, ce n\u2019est qu\u2019un leurre de plus. L&rsquo;argent ne vient pas. Les promesses s\u2019envolent. Les dettes restent. Le projet sombre avec le bateau.<\/p>\n\n\n\n<h2 class=\"wp-block-heading\">Un club abandonn\u00e9 par tous<\/h2>\n\n\n\n<p>Que devient le FC Tours? Antonio Teixeira, pr\u00e9sident de la Ligue Centre-Val de Loire, d\u00e9nonce un abandon total. Aucun acteur n\u2019a r\u00e9agi \u00e0 temps. Aucune aide concr\u00e8te. \u00ab\u00a0Il y avait la possibilit\u00e9 de finir la saison\u00a0\u00bb, d\u00e9clare-t-il. Mais personne n\u2019a pris la mesure de l\u2019urgence. R\u00e9sultat : 616 licenci\u00e9s laiss\u00e9s sur le bord du chemin. Des enfants priv\u00e9s de passion. Des familles sans rep\u00e8re.<\/p>\n\n\n\n<p>M\u00eame les anciens joueurs s&rsquo;indignent. Armand Raimbault, recordman de matches avec le TFC, ne cache pas sa col\u00e8re. \u201cC\u2019est un \u00e9norme g\u00e2chis\u201d, r\u00e9sume-t-il. Tours est une ville de football, une ville orpheline aujourd\u2019hui. Le lien entre un territoire et son club s\u2019est rompu dans la douleur.<\/p>\n\n\n\n<h2 class=\"wp-block-heading\">Une fin digne malgr\u00e9 le chaos<\/h2>\n\n\n\n<p>Le dernier match du Tours FC, disput\u00e9 contre Chambray, restera dans les m\u00e9moires. Une victoire 10-0. Un baroud d\u2019honneur. Le lendemain, un message poignant du club est publi\u00e9. Il remercie les supporters. Il \u00e9voque un \u00ab\u00a0au revoir\u00a0\u00bb. Comme un espoir. Une ultime promesse.<\/p>\n\n\n\n<p>Mais les faits sont l\u00e0. Ce mercredi, la FFF officialise la radiation du club. Toutes les \u00e9quipes, jeunes, seniors, masculines et f\u00e9minines, sont exclues des comp\u00e9titions. C\u2019est une disparition totale. Le nom \u00ab\u00a0Tours FC\u00a0\u00bb s&rsquo;efface des feuilles de match. Le logo dispara\u00eet des stades.<\/p>\n\n\n\n<h2 class=\"wp-block-heading\">Et maintenant, quel avenir pour le football \u00e0 Tours ?<\/h2>\n\n\n\n<p>La ville reste. Les joueurs restent. Les \u00e9ducateurs restent. Mais l\u2019institution s\u2019\u00e9teint. Un projet de fusion avec Jou\u00e9-les-Tours est \u00e9voqu\u00e9. Rien n\u2019est encore act\u00e9. Il faudra du temps, des moyens, et surtout des hommes comp\u00e9tents. Tours devra se r\u00e9inventer sans renier son histoire.<\/p>\n\n\n\n<p>La FFF, elle, observe. Les collectivit\u00e9s, elles, h\u00e9sitent. Il faudra une impulsion locale. Des passionn\u00e9s pour reconstruire. Un tissu associatif soud\u00e9. Et surtout une gestion irr\u00e9prochable. Sans cela, le football tourangeau restera fig\u00e9 dans le pass\u00e9.<\/p>\n\n\n\n<p>Le sort du Tours FC interpelle. D&rsquo;autres clubs sont-ils sur le m\u00eame chemin de croix ?<\/p>\n\n\n\n<!-- Noptin Newsletter Plugin v4.2.2 - https:\/\/wordpress.org\/plugins\/newsletter-optin-box\/ --><div id=\"noptin-form-2__wrapper\" class=\"noptin-optin-main-wrapper noptin-form-id-9842 noptin-inpost-main-wrapper\" aria-labelledby=\"noptin-form-2__title\" ><style>\/*Custom css*\/\n\n.noptin-form-id-9842 .noptin-optin-form-wrapper .noptin-optin-form.noptin-form-single-line .noptin-form-submit{\n\tborder-radius: 30px;\n}\n\n@media only screen and (min-width: 768px) {\n\n\t.noptin-form-id-9842 .noptin-optin-form-wrapper .noptin-optin-form.noptin-form-single-line .noptin-form-submit{\n\t\tposition: absolute;\n\t\tbottom: -1px;\n\t\ttop: 0;\n\t\tright: 0px;\n\t}\n\n}\n\n.noptin-form-id-9842 .noptin-optin-form-wrapper .noptin-form-single-line .noptin-form-field{\n \tborder-radius: 30px !important;\n\tborder: none !important;\n} #noptin-form-2__wrapper {--noptin-background-color: #424242; --noptin-border-color: #424242; --noptin-button-color: #607D8B; --noptin-button-text-color: #fafafa; --noptin-title-color: #fafafa; --noptin-description-color: #fafafa; --noptin-prefix-color: #607d8b; --noptin-note-color: #fafafa;}<\/style><div style=\"max-width:620px; min-height:280px;border-color: #424242;\" class=\"noptin-optin-form-wrapper no-image\" ><!-- Form ID: 9842 --><form id=\"noptin-form-2\" class=\"noptin-optin-form noptin-form-single-line noptin-label-hide noptin-form-2\" method=\"post\" novalidate >\t\t\t\t\t<div class=\"noptin-form-header noptin-img-left\">\n\t\t\t\t\t\t\t\t\t\t\t\t<div class=\"noptin-form-header-text\">\n\n\t\t\t\t\t\t\t\t\t\t\t\t\t\t\t<div style=\"color: #607d8b;font-size: 20px; font-weight: 500; line-height: 1.3;\" class=\"noptin-form-prefix\">\n\t\t\t\t\t\t\t\t\t\t\t\t\t\t\t\t\t<\/div>\n\t\t\t\t\t\t\t\n\t\t\t\t\t\t\t\t\t\t\t\t\t\t\t<div style=\"color: #fafafa;font-size: 20px; font-weight: 700; line-height: 1.5;\" class=\"noptin-form-heading\">\n\t\t\t\t\t\t\t\t\tAbonnez-vous \u00e0 TopicFoot\t\t\t\t\t\t\t\t<\/div>\n\t\t\t\t\t\t\t\n\t\t\t\t\t\t\t\t\t\t\t\t\t\t\t<div style=\"color: #fafafa;font-size: 16px; font-weight: 500; line-height: 1.5;\" class=\"noptin-form-description\">\n\t\t\t\t\t\t\t\t\tEntrez votre Mail pour recevoir nos derniers articles.\t\t\t\t\t\t\t\t<\/div>\n\t\t\t\t\t\t\t\n\t\t\t\t\t\t<\/div>\n\t\t\t\t\t\t\n\t\t\t\t\t\t\t\t\t\t\t\t\t<div class=\"noptin-form-header-image\">\n\t\t\t\t\t\t\t\t<img decoding=\"async\" alt=\"icon\" src=\"https:\/\/www.topicfoot.fr\/wp-content\/plugins\/newsletter-optin-box\/includes\/assets\/images\/email-icon.png\" \/>\n\t\t\t\t\t\t\t<\/div>\n\t\t\t\t\t\t\n\t\t\t\t\t<\/div>\n\t\t\t\t<div class=\"noptin-form-footer\"><div class=\"noptin-form-fields\">\t\t\t<div class=\"noptin-form-field-wrapper noptin-form-field-email noptin-optin-field-wrapper noptin-optin-field-email\" id=\"noptin-form-2__field-email--wrapper\" >\n\t\t<div class=\"noptin-field-email\">\n\t\t\t<label class=\"noptin-label\" for=\"noptin-form-2__field-email\">Adresse Mail<\/label>\n\t\t\t<input name=\"noptin_fields[email]\" id=\"noptin-form-2__field-email\" type=\"email\" class=\"noptin-text noptin-form-field noptin-form-field__email noptin-form-field__has-no-placeholder\" placeholder=\"Adresse Mail\" required \/>\n\n\t\t<\/div><\/div>\t\t\t<div class=\"noptin-form-field-wrapper noptin-form-field- noptin-optin-field-wrapper noptin-optin-field-\" id=\"noptin-form-2__field---wrapper\" >\n\t\t<\/div>\t\t\t<div class=\"noptin-form-field-wrapper noptin-form-field-submit noptin-optin-field-wrapper noptin-optin-field-submit\" >\n\t\t\n\t\t\t<input type=\"submit\" id=\"noptin-form-2__submit\" class=\"noptin-form-submit btn button btn-primary button-primary wp-element-button\" name=\"noptin-submit\" value=\"Abonnez-vous\" style=\"background-color: #607D8B;color: #fafafa;\"  \/>\n\n\t\t<\/div><\/div>\t\t\t\t\t\t<div class=\"noptin-form-notice noptin-response\" role=\"alert\"><\/div>\n\t\t\t<\/div>\n\t\t\t<input type=\"hidden\" name=\"noptin_element_id\" value=\"2\" \/><input type=\"hidden\" name=\"source\" value=\"9842\" \/><input type=\"hidden\" name=\"form_action\" value=\"subscribe\" \/><input type=\"hidden\" name=\"noptin-config\" value=\"geVp3bmVsS.Bejx5F7hyheCZeasGrk6UoV7mPwUKzeAj_J_jRQjYkLtSn67MwIeo\" \/><input type=\"hidden\" name=\"noptin_form_id\" value=\"9842\" \/><\/form><\/div><!-- \/Form ID: 9842 --><\/div><!-- \/ Noptin Newsletter Plugin -->\n\n\n\n<p>Voir aussi notre article sur :\u00a0<a href=\"https:\/\/www.topicfoot.fr\/index.php\/2025\/03\/25\/le-bouclier-de-brennus-du-football-refait-surface\/\">Le bouclier de Brennus du football refait surface<\/a><\/p>\n\n\n\n<figure class=\"wp-block-embed is-type-wp-embed is-provider-topic-foot wp-block-embed-topic-foot\"><div class=\"wp-block-embed__wrapper\">\n<blockquote class=\"wp-embedded-content\" data-secret=\"P4FaNfpxqT\"><a href=\"https:\/\/www.topicfoot.fr\/index.php\/2025\/03\/25\/le-bouclier-de-brennus-du-football-refait-surface\/\">Le bouclier de Brennus du football refait surface<\/a><\/blockquote><iframe loading=\"lazy\" class=\"wp-embedded-content\" sandbox=\"allow-scripts\" security=\"restricted\" style=\"position: absolute; visibility: hidden;\" title=\"\u00ab\u00a0Le bouclier de Brennus du football refait surface\u00a0\u00bb &#8212; Topic Foot\" src=\"https:\/\/www.topicfoot.fr\/index.php\/2025\/03\/25\/le-bouclier-de-brennus-du-football-refait-surface\/embed\/#?secret=RlvCrSFBTU#?secret=P4FaNfpxqT\" data-secret=\"P4FaNfpxqT\" width=\"500\" height=\"282\" frameborder=\"0\" marginwidth=\"0\" marginheight=\"0\" scrolling=\"no\"><\/iframe>\n<\/div><\/figure>\n","protected":false},"excerpt":{"rendered":"<div class=\"mh-excerpt\">Que devient le FC Tours ? La F\u00e9d\u00e9ration Fran\u00e7aise de Football a confirm\u00e9 la fin du Tours FC. Une disparition brutale pour un club centenaire.<\/div>\n<p> <a class=\"mh-excerpt-more\" href=\"https:\/\/www.topicfoot.fr\/index.php\/2025\/04\/05\/que-devient-le-fc-tours-la-chute-brutale-dun-monument\/\" title=\"Que devient le FC Tours ? La chute brutale d\u2019un monument\">[&#8230;]<\/a><\/p>\n","protected":false},"author":2,"featured_media":13265,"comment_status":"closed","ping_status":"open","sticky":false,"template":"","format":"standard","meta":{"footnotes":""},"categories":[78,31],"tags":[],"post_folder":[],"class_list":{"0":"post-13263","1":"post","2":"type-post","3":"status-publish","4":"format-standard","5":"has-post-thumbnail","7":"category-club","8":"category-toutes-les-categories"},"yoast_head":"<!-- This site is optimized with the Yoast SEO plugin v27.4 - https:\/\/yoast.com\/product\/yoast-seo-wordpress\/ -->\n<title>Que devient le FC Tours ? La chute brutale d\u2019un monument<\/title>\n<meta name=\"description\" content=\"Que devient le FC Tours ? La F\u00e9d\u00e9ration Fran\u00e7aise de Football a confirm\u00e9 la fin du Tours FC. Une disparition brutale pour un club centenaire.\" \/>\n<meta name=\"robots\" content=\"index, follow, max-snippet:-1, max-image-preview:large, max-video-preview:-1\" \/>\n<link rel=\"canonical\" href=\"https:\/\/www.topicfoot.fr\/index.php\/2025\/04\/05\/que-devient-le-fc-tours-la-chute-brutale-dun-monument\/\" \/>\n<meta property=\"og:locale\" content=\"fr_FR\" \/>\n<meta property=\"og:type\" content=\"article\" \/>\n<meta property=\"og:title\" content=\"Que devient le FC Tours ? La chute brutale d\u2019un monument\" \/>\n<meta property=\"og:description\" content=\"Que devient le FC Tours ? La F\u00e9d\u00e9ration Fran\u00e7aise de Football a confirm\u00e9 la fin du Tours FC. Une disparition brutale pour un club centenaire.\" \/>\n<meta property=\"og:url\" content=\"https:\/\/www.topicfoot.fr\/index.php\/2025\/04\/05\/que-devient-le-fc-tours-la-chute-brutale-dun-monument\/\" \/>\n<meta property=\"og:site_name\" content=\"Topic Foot\" \/>\n<meta property=\"article:publisher\" content=\"https:\/\/www.facebook.com\/topicfoot.fr\" \/>\n<meta property=\"article:published_time\" content=\"2025-04-05T10:18:45+00:00\" \/>\n<meta property=\"article:modified_time\" content=\"2025-04-05T10:18:52+00:00\" \/>\n<meta property=\"og:image\" content=\"https:\/\/www.topicfoot.fr\/wp-content\/uploads\/2025\/04\/Stade_de_la_vallee_du_Cher.webp\" \/>\n\t<meta property=\"og:image:width\" content=\"640\" \/>\n\t<meta property=\"og:image:height\" content=\"480\" \/>\n\t<meta property=\"og:image:type\" content=\"image\/jpeg\" \/>\n<meta name=\"author\" content=\"Noa G\" \/>\n<meta name=\"twitter:card\" content=\"summary_large_image\" \/>\n<meta name=\"twitter:label1\" content=\"\u00c9crit par\" \/>\n\t<meta name=\"twitter:data1\" content=\"Noa G\" \/>\n\t<meta name=\"twitter:label2\" content=\"Dur\u00e9e de lecture estim\u00e9e\" \/>\n\t<meta name=\"twitter:data2\" content=\"5 minutes\" \/>\n<script type=\"application\/ld+json\" class=\"yoast-schema-graph\">{\"@context\":\"https:\\\/\\\/schema.org\",\"@graph\":[{\"@type\":\"Article\",\"@id\":\"https:\\\/\\\/www.topicfoot.fr\\\/index.php\\\/2025\\\/04\\\/05\\\/que-devient-le-fc-tours-la-chute-brutale-dun-monument\\\/#article\",\"isPartOf\":{\"@id\":\"https:\\\/\\\/www.topicfoot.fr\\\/index.php\\\/2025\\\/04\\\/05\\\/que-devient-le-fc-tours-la-chute-brutale-dun-monument\\\/\"},\"author\":{\"name\":\"Noa G\",\"@id\":\"https:\\\/\\\/www.topicfoot.fr\\\/#\\\/schema\\\/person\\\/1eec7931a039bea2841d9a1b909338a7\"},\"headline\":\"Que devient le FC Tours ? La chute brutale d\u2019un monument\",\"datePublished\":\"2025-04-05T10:18:45+00:00\",\"dateModified\":\"2025-04-05T10:18:52+00:00\",\"mainEntityOfPage\":{\"@id\":\"https:\\\/\\\/www.topicfoot.fr\\\/index.php\\\/2025\\\/04\\\/05\\\/que-devient-le-fc-tours-la-chute-brutale-dun-monument\\\/\"},\"wordCount\":946,\"publisher\":{\"@id\":\"https:\\\/\\\/www.topicfoot.fr\\\/#organization\"},\"image\":{\"@id\":\"https:\\\/\\\/www.topicfoot.fr\\\/index.php\\\/2025\\\/04\\\/05\\\/que-devient-le-fc-tours-la-chute-brutale-dun-monument\\\/#primaryimage\"},\"thumbnailUrl\":\"https:\\\/\\\/www.topicfoot.fr\\\/wp-content\\\/uploads\\\/2025\\\/04\\\/Stade_de_la_vallee_du_Cher.webp\",\"articleSection\":[\"Finances des clubs de football\",\"Toutes les cat\u00e9gories\"],\"inLanguage\":\"fr-FR\"},{\"@type\":\"WebPage\",\"@id\":\"https:\\\/\\\/www.topicfoot.fr\\\/index.php\\\/2025\\\/04\\\/05\\\/que-devient-le-fc-tours-la-chute-brutale-dun-monument\\\/\",\"url\":\"https:\\\/\\\/www.topicfoot.fr\\\/index.php\\\/2025\\\/04\\\/05\\\/que-devient-le-fc-tours-la-chute-brutale-dun-monument\\\/\",\"name\":\"Que devient le FC Tours ? La chute brutale d\u2019un monument\",\"isPartOf\":{\"@id\":\"https:\\\/\\\/www.topicfoot.fr\\\/#website\"},\"primaryImageOfPage\":{\"@id\":\"https:\\\/\\\/www.topicfoot.fr\\\/index.php\\\/2025\\\/04\\\/05\\\/que-devient-le-fc-tours-la-chute-brutale-dun-monument\\\/#primaryimage\"},\"image\":{\"@id\":\"https:\\\/\\\/www.topicfoot.fr\\\/index.php\\\/2025\\\/04\\\/05\\\/que-devient-le-fc-tours-la-chute-brutale-dun-monument\\\/#primaryimage\"},\"thumbnailUrl\":\"https:\\\/\\\/www.topicfoot.fr\\\/wp-content\\\/uploads\\\/2025\\\/04\\\/Stade_de_la_vallee_du_Cher.webp\",\"datePublished\":\"2025-04-05T10:18:45+00:00\",\"dateModified\":\"2025-04-05T10:18:52+00:00\",\"description\":\"Que devient le FC Tours ? La F\u00e9d\u00e9ration Fran\u00e7aise de Football a confirm\u00e9 la fin du Tours FC. Une disparition brutale pour un club centenaire.\",\"breadcrumb\":{\"@id\":\"https:\\\/\\\/www.topicfoot.fr\\\/index.php\\\/2025\\\/04\\\/05\\\/que-devient-le-fc-tours-la-chute-brutale-dun-monument\\\/#breadcrumb\"},\"inLanguage\":\"fr-FR\",\"potentialAction\":[{\"@type\":\"ReadAction\",\"target\":[\"https:\\\/\\\/www.topicfoot.fr\\\/index.php\\\/2025\\\/04\\\/05\\\/que-devient-le-fc-tours-la-chute-brutale-dun-monument\\\/\"]}]},{\"@type\":\"ImageObject\",\"inLanguage\":\"fr-FR\",\"@id\":\"https:\\\/\\\/www.topicfoot.fr\\\/index.php\\\/2025\\\/04\\\/05\\\/que-devient-le-fc-tours-la-chute-brutale-dun-monument\\\/#primaryimage\",\"url\":\"https:\\\/\\\/www.topicfoot.fr\\\/wp-content\\\/uploads\\\/2025\\\/04\\\/Stade_de_la_vallee_du_Cher.webp\",\"contentUrl\":\"https:\\\/\\\/www.topicfoot.fr\\\/wp-content\\\/uploads\\\/2025\\\/04\\\/Stade_de_la_vallee_du_Cher.webp\",\"width\":640,\"height\":480,\"caption\":\"Image mobile SAGEM\"},{\"@type\":\"BreadcrumbList\",\"@id\":\"https:\\\/\\\/www.topicfoot.fr\\\/index.php\\\/2025\\\/04\\\/05\\\/que-devient-le-fc-tours-la-chute-brutale-dun-monument\\\/#breadcrumb\",\"itemListElement\":[{\"@type\":\"ListItem\",\"position\":1,\"name\":\"Accueil\",\"item\":\"https:\\\/\\\/www.topicfoot.fr\\\/\"},{\"@type\":\"ListItem\",\"position\":2,\"name\":\"Que devient le FC Tours ? La chute brutale d\u2019un monument\"}]},{\"@type\":\"WebSite\",\"@id\":\"https:\\\/\\\/www.topicfoot.fr\\\/#website\",\"url\":\"https:\\\/\\\/www.topicfoot.fr\\\/\",\"name\":\"Topic Foot\",\"description\":\"Tous l&#039;univers du Foot !\",\"publisher\":{\"@id\":\"https:\\\/\\\/www.topicfoot.fr\\\/#organization\"},\"potentialAction\":[{\"@type\":\"SearchAction\",\"target\":{\"@type\":\"EntryPoint\",\"urlTemplate\":\"https:\\\/\\\/www.topicfoot.fr\\\/?s={search_term_string}\"},\"query-input\":{\"@type\":\"PropertyValueSpecification\",\"valueRequired\":true,\"valueName\":\"search_term_string\"}}],\"inLanguage\":\"fr-FR\"},{\"@type\":\"Organization\",\"@id\":\"https:\\\/\\\/www.topicfoot.fr\\\/#organization\",\"name\":\"Topic Foot\",\"url\":\"https:\\\/\\\/www.topicfoot.fr\\\/\",\"logo\":{\"@type\":\"ImageObject\",\"inLanguage\":\"fr-FR\",\"@id\":\"https:\\\/\\\/www.topicfoot.fr\\\/#\\\/schema\\\/logo\\\/image\\\/\",\"url\":\"https:\\\/\\\/www.topicfoot.fr\\\/wp-content\\\/uploads\\\/2024\\\/04\\\/cropped-logo-topicfoot-new.jpg\",\"contentUrl\":\"https:\\\/\\\/www.topicfoot.fr\\\/wp-content\\\/uploads\\\/2024\\\/04\\\/cropped-logo-topicfoot-new.jpg\",\"width\":512,\"height\":512,\"caption\":\"Topic Foot\"},\"image\":{\"@id\":\"https:\\\/\\\/www.topicfoot.fr\\\/#\\\/schema\\\/logo\\\/image\\\/\"},\"sameAs\":[\"https:\\\/\\\/www.facebook.com\\\/topicfoot.fr\"]},{\"@type\":\"Person\",\"@id\":\"https:\\\/\\\/www.topicfoot.fr\\\/#\\\/schema\\\/person\\\/1eec7931a039bea2841d9a1b909338a7\",\"name\":\"Noa G\",\"image\":{\"@type\":\"ImageObject\",\"inLanguage\":\"fr-FR\",\"@id\":\"https:\\\/\\\/secure.gravatar.com\\\/avatar\\\/35544da2504abbd834faa666f50eb919c4fbcb3bd5c1c5f3fcf50113e404bc1c?s=96&d=mm&r=g\",\"url\":\"https:\\\/\\\/secure.gravatar.com\\\/avatar\\\/35544da2504abbd834faa666f50eb919c4fbcb3bd5c1c5f3fcf50113e404bc1c?s=96&d=mm&r=g\",\"contentUrl\":\"https:\\\/\\\/secure.gravatar.com\\\/avatar\\\/35544da2504abbd834faa666f50eb919c4fbcb3bd5c1c5f3fcf50113e404bc1c?s=96&d=mm&r=g\",\"caption\":\"Noa G\"},\"url\":\"https:\\\/\\\/www.topicfoot.fr\\\/index.php\\\/author\\\/florentg\\\/\"}]}<\/script>\n<!-- \/ Yoast SEO plugin. -->","yoast_head_json":{"title":"Que devient le FC Tours ? La chute brutale d\u2019un monument","description":"Que devient le FC Tours ? La F\u00e9d\u00e9ration Fran\u00e7aise de Football a confirm\u00e9 la fin du Tours FC. Une disparition brutale pour un club centenaire.","robots":{"index":"index","follow":"follow","max-snippet":"max-snippet:-1","max-image-preview":"max-image-preview:large","max-video-preview":"max-video-preview:-1"},"canonical":"https:\/\/www.topicfoot.fr\/index.php\/2025\/04\/05\/que-devient-le-fc-tours-la-chute-brutale-dun-monument\/","og_locale":"fr_FR","og_type":"article","og_title":"Que devient le FC Tours ? La chute brutale d\u2019un monument","og_description":"Que devient le FC Tours ? La F\u00e9d\u00e9ration Fran\u00e7aise de Football a confirm\u00e9 la fin du Tours FC. Une disparition brutale pour un club centenaire.","og_url":"https:\/\/www.topicfoot.fr\/index.php\/2025\/04\/05\/que-devient-le-fc-tours-la-chute-brutale-dun-monument\/","og_site_name":"Topic Foot","article_publisher":"https:\/\/www.facebook.com\/topicfoot.fr","article_published_time":"2025-04-05T10:18:45+00:00","article_modified_time":"2025-04-05T10:18:52+00:00","og_image":[{"width":640,"height":480,"url":"https:\/\/www.topicfoot.fr\/wp-content\/uploads\/2025\/04\/Stade_de_la_vallee_du_Cher.webp","type":"image\/jpeg"}],"author":"Noa G","twitter_card":"summary_large_image","twitter_misc":{"\u00c9crit par":"Noa G","Dur\u00e9e de lecture estim\u00e9e":"5 minutes"},"schema":{"@context":"https:\/\/schema.org","@graph":[{"@type":"Article","@id":"https:\/\/www.topicfoot.fr\/index.php\/2025\/04\/05\/que-devient-le-fc-tours-la-chute-brutale-dun-monument\/#article","isPartOf":{"@id":"https:\/\/www.topicfoot.fr\/index.php\/2025\/04\/05\/que-devient-le-fc-tours-la-chute-brutale-dun-monument\/"},"author":{"name":"Noa G","@id":"https:\/\/www.topicfoot.fr\/#\/schema\/person\/1eec7931a039bea2841d9a1b909338a7"},"headline":"Que devient le FC Tours ? La chute brutale d\u2019un monument","datePublished":"2025-04-05T10:18:45+00:00","dateModified":"2025-04-05T10:18:52+00:00","mainEntityOfPage":{"@id":"https:\/\/www.topicfoot.fr\/index.php\/2025\/04\/05\/que-devient-le-fc-tours-la-chute-brutale-dun-monument\/"},"wordCount":946,"publisher":{"@id":"https:\/\/www.topicfoot.fr\/#organization"},"image":{"@id":"https:\/\/www.topicfoot.fr\/index.php\/2025\/04\/05\/que-devient-le-fc-tours-la-chute-brutale-dun-monument\/#primaryimage"},"thumbnailUrl":"https:\/\/www.topicfoot.fr\/wp-content\/uploads\/2025\/04\/Stade_de_la_vallee_du_Cher.webp","articleSection":["Finances des clubs de football","Toutes les cat\u00e9gories"],"inLanguage":"fr-FR"},{"@type":"WebPage","@id":"https:\/\/www.topicfoot.fr\/index.php\/2025\/04\/05\/que-devient-le-fc-tours-la-chute-brutale-dun-monument\/","url":"https:\/\/www.topicfoot.fr\/index.php\/2025\/04\/05\/que-devient-le-fc-tours-la-chute-brutale-dun-monument\/","name":"Que devient le FC Tours ? La chute brutale d\u2019un monument","isPartOf":{"@id":"https:\/\/www.topicfoot.fr\/#website"},"primaryImageOfPage":{"@id":"https:\/\/www.topicfoot.fr\/index.php\/2025\/04\/05\/que-devient-le-fc-tours-la-chute-brutale-dun-monument\/#primaryimage"},"image":{"@id":"https:\/\/www.topicfoot.fr\/index.php\/2025\/04\/05\/que-devient-le-fc-tours-la-chute-brutale-dun-monument\/#primaryimage"},"thumbnailUrl":"https:\/\/www.topicfoot.fr\/wp-content\/uploads\/2025\/04\/Stade_de_la_vallee_du_Cher.webp","datePublished":"2025-04-05T10:18:45+00:00","dateModified":"2025-04-05T10:18:52+00:00","description":"Que devient le FC Tours ? La F\u00e9d\u00e9ration Fran\u00e7aise de Football a confirm\u00e9 la fin du Tours FC. Une disparition brutale pour un club centenaire.","breadcrumb":{"@id":"https:\/\/www.topicfoot.fr\/index.php\/2025\/04\/05\/que-devient-le-fc-tours-la-chute-brutale-dun-monument\/#breadcrumb"},"inLanguage":"fr-FR","potentialAction":[{"@type":"ReadAction","target":["https:\/\/www.topicfoot.fr\/index.php\/2025\/04\/05\/que-devient-le-fc-tours-la-chute-brutale-dun-monument\/"]}]},{"@type":"ImageObject","inLanguage":"fr-FR","@id":"https:\/\/www.topicfoot.fr\/index.php\/2025\/04\/05\/que-devient-le-fc-tours-la-chute-brutale-dun-monument\/#primaryimage","url":"https:\/\/www.topicfoot.fr\/wp-content\/uploads\/2025\/04\/Stade_de_la_vallee_du_Cher.webp","contentUrl":"https:\/\/www.topicfoot.fr\/wp-content\/uploads\/2025\/04\/Stade_de_la_vallee_du_Cher.webp","width":640,"height":480,"caption":"Image mobile SAGEM"},{"@type":"BreadcrumbList","@id":"https:\/\/www.topicfoot.fr\/index.php\/2025\/04\/05\/que-devient-le-fc-tours-la-chute-brutale-dun-monument\/#breadcrumb","itemListElement":[{"@type":"ListItem","position":1,"name":"Accueil","item":"https:\/\/www.topicfoot.fr\/"},{"@type":"ListItem","position":2,"name":"Que devient le FC Tours ? La chute brutale d\u2019un monument"}]},{"@type":"WebSite","@id":"https:\/\/www.topicfoot.fr\/#website","url":"https:\/\/www.topicfoot.fr\/","name":"Topic Foot","description":"Tous l&#039;univers du Foot !","publisher":{"@id":"https:\/\/www.topicfoot.fr\/#organization"},"potentialAction":[{"@type":"SearchAction","target":{"@type":"EntryPoint","urlTemplate":"https:\/\/www.topicfoot.fr\/?s={search_term_string}"},"query-input":{"@type":"PropertyValueSpecification","valueRequired":true,"valueName":"search_term_string"}}],"inLanguage":"fr-FR"},{"@type":"Organization","@id":"https:\/\/www.topicfoot.fr\/#organization","name":"Topic Foot","url":"https:\/\/www.topicfoot.fr\/","logo":{"@type":"ImageObject","inLanguage":"fr-FR","@id":"https:\/\/www.topicfoot.fr\/#\/schema\/logo\/image\/","url":"https:\/\/www.topicfoot.fr\/wp-content\/uploads\/2024\/04\/cropped-logo-topicfoot-new.jpg","contentUrl":"https:\/\/www.topicfoot.fr\/wp-content\/uploads\/2024\/04\/cropped-logo-topicfoot-new.jpg","width":512,"height":512,"caption":"Topic Foot"},"image":{"@id":"https:\/\/www.topicfoot.fr\/#\/schema\/logo\/image\/"},"sameAs":["https:\/\/www.facebook.com\/topicfoot.fr"]},{"@type":"Person","@id":"https:\/\/www.topicfoot.fr\/#\/schema\/person\/1eec7931a039bea2841d9a1b909338a7","name":"Noa G","image":{"@type":"ImageObject","inLanguage":"fr-FR","@id":"https:\/\/secure.gravatar.com\/avatar\/35544da2504abbd834faa666f50eb919c4fbcb3bd5c1c5f3fcf50113e404bc1c?s=96&d=mm&r=g","url":"https:\/\/secure.gravatar.com\/avatar\/35544da2504abbd834faa666f50eb919c4fbcb3bd5c1c5f3fcf50113e404bc1c?s=96&d=mm&r=g","contentUrl":"https:\/\/secure.gravatar.com\/avatar\/35544da2504abbd834faa666f50eb919c4fbcb3bd5c1c5f3fcf50113e404bc1c?s=96&d=mm&r=g","caption":"Noa G"},"url":"https:\/\/www.topicfoot.fr\/index.php\/author\/florentg\/"}]}},"_links":{"self":[{"href":"https:\/\/www.topicfoot.fr\/index.php\/wp-json\/wp\/v2\/posts\/13263","targetHints":{"allow":["GET"]}}],"collection":[{"href":"https:\/\/www.topicfoot.fr\/index.php\/wp-json\/wp\/v2\/posts"}],"about":[{"href":"https:\/\/www.topicfoot.fr\/index.php\/wp-json\/wp\/v2\/types\/post"}],"author":[{"embeddable":true,"href":"https:\/\/www.topicfoot.fr\/index.php\/wp-json\/wp\/v2\/users\/2"}],"replies":[{"embeddable":true,"href":"https:\/\/www.topicfoot.fr\/index.php\/wp-json\/wp\/v2\/comments?post=13263"}],"version-history":[{"count":0,"href":"https:\/\/www.topicfoot.fr\/index.php\/wp-json\/wp\/v2\/posts\/13263\/revisions"}],"wp:featuredmedia":[{"embeddable":true,"href":"https:\/\/www.topicfoot.fr\/index.php\/wp-json\/wp\/v2\/media\/13265"}],"wp:attachment":[{"href":"https:\/\/www.topicfoot.fr\/index.php\/wp-json\/wp\/v2\/media?parent=13263"}],"wp:term":[{"taxonomy":"category","embeddable":true,"href":"https:\/\/www.topicfoot.fr\/index.php\/wp-json\/wp\/v2\/categories?post=13263"},{"taxonomy":"post_tag","embeddable":true,"href":"https:\/\/www.topicfoot.fr\/index.php\/wp-json\/wp\/v2\/tags?post=13263"},{"taxonomy":"post_folder","embeddable":true,"href":"https:\/\/www.topicfoot.fr\/index.php\/wp-json\/wp\/v2\/post_folder?post=13263"}],"curies":[{"name":"wp","href":"https:\/\/api.w.org\/{rel}","templated":true}]}}