{"id":13276,"date":"2025-04-07T14:49:43","date_gmt":"2025-04-07T12:49:43","guid":{"rendered":"https:\/\/www.topicfoot.fr\/?p=13276"},"modified":"2025-04-23T18:29:14","modified_gmt":"2025-04-23T16:29:14","slug":"interview-marc-levy-periode-des-minots","status":"publish","type":"post","link":"https:\/\/www.topicfoot.fr\/index.php\/2025\/04\/07\/interview-marc-levy-periode-des-minots\/","title":{"rendered":"Les Minots, interview de Marc Levy : \u00ab\u00a0Si on refusait, il n\u2019y avait plus d\u2019OM"},"content":{"rendered":"<span class=\"span-reading-time rt-reading-time\" style=\"display: block;\"><span class=\"rt-label rt-prefix\">Temps de lecture\u00a0:  <\/span> <span class=\"rt-time\"> 5<\/span> <span class=\"rt-label rt-postfix\">minutes.  <\/span><\/span>\n<p>Marc Levy est un ancien gardien de l\u2019Olympique de Marseille. En 1981, le club fait faillite et est sur le point de dispara\u00eetre. Pour esp\u00e9rer rester professionnel, l\u2019OM doit se maintenir en D2. Pour cela, le club demande \u00e0 ses jeunes espoirs de finir la saison afin de sauver l\u2019\u00e9quipe. C\u2019est la p\u00e9riode des&nbsp;<em>Minots<\/em>.<\/p>\n\n\n<div class=\"wp-block-image\">\n<figure class=\"aligncenter size-large is-resized\"><img loading=\"lazy\" decoding=\"async\" width=\"1024\" height=\"827\" src=\"https:\/\/www.topicfoot.fr\/wp-content\/uploads\/2025\/04\/marc-levy-les-minots-1024x827.webp\" alt=\"Les Minots, interview de Marc Levy : &quot;Si on refusait, il n\u2019y avait plus d\u2019OM\" class=\"wp-image-13663\" style=\"width:422px;height:auto\" srcset=\"https:\/\/www.topicfoot.fr\/wp-content\/uploads\/2025\/04\/marc-levy-les-minots-1024x827.webp 1024w, https:\/\/www.topicfoot.fr\/wp-content\/uploads\/2025\/04\/marc-levy-les-minots-300x242.webp 300w, https:\/\/www.topicfoot.fr\/wp-content\/uploads\/2025\/04\/marc-levy-les-minots-768x620.webp 768w, https:\/\/www.topicfoot.fr\/wp-content\/uploads\/2025\/04\/marc-levy-les-minots.webp 1464w\" sizes=\"auto, (max-width: 1024px) 100vw, 1024px\" \/><\/figure>\n<\/div>\n\n\n<p class=\"has-text-align-center\"><em>Marc Levy, Gardien \u00e0 l&rsquo;OM durant la p\u00e9riode des Minots<\/em><\/p>\n\n\n\n<div style=\"height:30px\" aria-hidden=\"true\" class=\"wp-block-spacer\"><\/div>\n\n\n\n<h2 class=\"wp-block-heading has-text-align-center\">1\u00e8re partie, Il faut sauver l&rsquo;OM !<\/h2>\n\n\n\n<h3 class=\"wp-block-heading\"><strong>Vous avez grandi \u00e0 Marseille. \u00c0 quel moment avez-vous compris que le football allait devenir une passion ?<\/strong><\/h3>\n\n\n\n<p>Je suis un Marseillais pure souche. Mon p\u00e8re \u00e9tait gardien de but et tr\u00e8s jeune, il m\u2019a inscrit dans mon premier club, l\u2019AS Sainte-Marguerite. J\u2019avais huit ans. J\u2019ai commenc\u00e9 comme gardien parce que j\u2019\u00e9tais assez grand pour mon \u00e2ge.<\/p>\n\n\n\n<h3 class=\"wp-block-heading\"><strong>Votre p\u00e8re \u00e9tait gardien de but. Quel a \u00e9t\u00e9 son r\u00f4le dans votre parcours ?<\/strong><\/h3>\n\n\n\n<p>Le r\u00f4le de mon p\u00e8re a \u00e9t\u00e9 de me transmettre sa passion pour le football. Il avait deux grandes passions : la musique et le foot. Quand on est enfant, on a forc\u00e9ment des r\u00e9f\u00e9rences. Ensuite, la vie a fait que j\u2019ai continu\u00e9 dans cette voie. Est-ce le hasard ? Peut-\u00eatre. En tout cas, j\u2019ai poursuivi dans le football sans vraiment me poser de questions.<\/p>\n\n\n\n<h3 class=\"wp-block-heading\"><strong>Vous rejoignez l\u2019OM \u00e0 l\u2019\u00e2ge de 15 ans. Avec votre g\u00e9n\u00e9ration, celle des Minots, vous remportez la Coupe Gambardella en 1979 pour la premi\u00e8re fois de l\u2019histoire du club. \u00c0 quel point cette victoire a-t-elle marqu\u00e9 votre g\u00e9n\u00e9ration ?<\/strong><\/h3>\n\n\n\n<p>Elle a surtout marqu\u00e9 le club. Nous avons fait deux campagnes en Gambardella avec un parcours exceptionnel. On \u00e9tait presque tous au centre de formation, on se connaissait par c\u0153ur. On ne pensait pas \u00e0 l\u2019enjeu, on jouait juste pour gagner.<\/p>\n\n\n\n<figure class=\"wp-block-image size-large\"><img loading=\"lazy\" decoding=\"async\" width=\"1024\" height=\"524\" src=\"https:\/\/www.topicfoot.fr\/wp-content\/uploads\/2025\/04\/coupe-gambardella-1979-tf-1024x524.webp\" alt=\"Coupe Gambardella 1979\" class=\"wp-image-13279\" srcset=\"https:\/\/www.topicfoot.fr\/wp-content\/uploads\/2025\/04\/coupe-gambardella-1979-tf-1024x524.webp 1024w, https:\/\/www.topicfoot.fr\/wp-content\/uploads\/2025\/04\/coupe-gambardella-1979-tf-300x153.webp 300w, https:\/\/www.topicfoot.fr\/wp-content\/uploads\/2025\/04\/coupe-gambardella-1979-tf-768x393.webp 768w, https:\/\/www.topicfoot.fr\/wp-content\/uploads\/2025\/04\/coupe-gambardella-1979-tf-1536x785.webp 1536w, https:\/\/www.topicfoot.fr\/wp-content\/uploads\/2025\/04\/coupe-gambardella-1979-tf-2048x1047.webp 2048w\" sizes=\"auto, (max-width: 1024px) 100vw, 1024px\" \/><\/figure>\n\n\n\n<p class=\"has-text-align-center\"><em>Victoire de l&rsquo;OM coupe Gambardella 1979 Image OM<\/em><\/p>\n\n\n\n<div style=\"height:40px\" aria-hidden=\"true\" class=\"wp-block-spacer\"><\/div>\n\n\n\n<h3 class=\"wp-block-heading\"><strong>La pression s\u2019est-elle fait sentir lors de cette campagne ?<\/strong><\/h3>\n\n\n\n<p>Non, personne ne nous attendait. Ce qui comptait, c\u2019\u00e9tait l\u2019\u00e9quipe premi\u00e8re. Nous, les jeunes, on jouait pour se faire un nom, pour esp\u00e9rer devenir professionnels. Gagner la Gambardella, c\u2019\u00e9tait bien, mais notre seul souci, c\u2019\u00e9tait de faire du football notre m\u00e9tier. Beaucoup n\u2019ont pas eu cette chance.<\/p>\n\n\n\n<h3 class=\"wp-block-heading\"><strong>\u00c0 cette m\u00eame p\u00e9riode, l\u2019OM traverse une grave crise financi\u00e8re et sportive. Comment avez-vous v\u00e9cu cette situation en tant qu\u2019espoir ?<\/strong><\/h3>\n\n\n\n<p>En 1979-1980, j\u2019\u00e9tais troisi\u00e8me gardien derri\u00e8re G\u00e9rard Migeon et Ren\u00e9 Charrier. En mai 1980, le club descend en D2. Un nouveau pr\u00e9sident, Carlini, arrive avec une nouvelle \u00e9quipe dirigeante. Au d\u00e9part, on ne sait pas que \u00e7a va mal se passer car beaucoup de joueurs de D1 restent. Mais tr\u00e8s vite, la situation se d\u00e9t\u00e9riore. Les joueurs ne sont plus pay\u00e9s \u00e0 partir de septembre-octobre.<\/p>\n\n\n\n<h3 class=\"wp-block-heading\"><strong>Comment vivez-vous cela ?<\/strong><\/h3>\n\n\n\n<p>Nous, les jeunes, on \u00e9tait en troisi\u00e8me division avec la g\u00e9n\u00e9ration Gambardella. Mais la situation devenait de plus en plus compliqu\u00e9e. Seuls les joueurs stagiaires \u00e9taient pay\u00e9s.<\/p>\n\n\n\n<h3 class=\"wp-block-heading\"><strong>Le 7 avril, tout bascule. L\u2019OM est mis en liquidation judiciaire. Pouvez-vous nous raconter ce qui s\u2019est pass\u00e9 ce jour-l\u00e0 ?<\/strong><\/h3>\n\n\n<div class=\"wp-block-image\">\n<figure class=\"aligncenter size-large is-resized\"><img loading=\"lazy\" decoding=\"async\" width=\"1024\" height=\"927\" src=\"https:\/\/www.topicfoot.fr\/wp-content\/uploads\/2025\/04\/om-liquidation-judiciaire-1981-tf01-1024x927.webp\" alt=\"Liquidation judiciaire om places aux minots\" class=\"wp-image-13280\" style=\"width:649px;height:auto\" srcset=\"https:\/\/www.topicfoot.fr\/wp-content\/uploads\/2025\/04\/om-liquidation-judiciaire-1981-tf01-1024x927.webp 1024w, https:\/\/www.topicfoot.fr\/wp-content\/uploads\/2025\/04\/om-liquidation-judiciaire-1981-tf01-300x272.webp 300w, https:\/\/www.topicfoot.fr\/wp-content\/uploads\/2025\/04\/om-liquidation-judiciaire-1981-tf01-768x695.webp 768w, https:\/\/www.topicfoot.fr\/wp-content\/uploads\/2025\/04\/om-liquidation-judiciaire-1981-tf01-1536x1391.webp 1536w, https:\/\/www.topicfoot.fr\/wp-content\/uploads\/2025\/04\/om-liquidation-judiciaire-1981-tf01-png.webp 1690w\" sizes=\"auto, (max-width: 1024px) 100vw, 1024px\" \/><\/figure>\n<\/div>\n\n\n<div style=\"height:40px\" aria-hidden=\"true\" class=\"wp-block-spacer\"><\/div>\n\n\n\n<p>Apr\u00e8s l\u2019entra\u00eenement, on nous r\u00e9unit sous la tribune Jean-Bouin du V\u00e9lodrome. Il y avait tout l\u2019OM : joueurs, salari\u00e9s, secr\u00e9taires, staff\u2026 Puis un liquidateur et les dirigeants nous annoncent la liquidation judiciaire. C\u2019est un moment marquant. Le liquidateur ouvre sa sacoche et commence \u00e0 \u00e9num\u00e9rer tous les noms des employ\u00e9s pour les d\u00e9clarer au ch\u00f4mage.<\/p>\n\n\n\n<p>Il dit ensuite : \u201cSeuls peuvent rester pour finir les six derniers matchs de la saison\u201d \u2013 et il annonce les noms des joueurs stagiaires et des joueurs du centre de formation.<\/p>\n\n\n\n<p>Apr\u00e8s cette annonce, il n\u2019y avait plus rien. Ceux qui pouvaient rester devaient donner leur accord. On pouvait refuser. Mais si on refusait, il n\u2019y aurait plus d\u2019OM. Le club aurait d\u00fb repartir en division d\u2019honneur r\u00e9gionale.<\/p>\n\n\n\n<p>On n\u2019a pas tergivers\u00e9 longtemps. On a dit : \u201cOK, on joue.\u201d Le seul probl\u00e8me, c\u2019est qu\u2019on n\u2019\u00e9tait que 12 joueurs\u2026 et sans gardien rempla\u00e7ant plus un entraineur. C\u2019est tomb\u00e9 sur nous, mais \u00e7a aurait pu \u00eatre n\u2019importe qui d\u2019autre.<\/p>\n\n\n\n<h3 class=\"wp-block-heading\"><strong>Votre premier match avec l\u2019\u00e9quipe premi\u00e8re, comment \u00e7a s\u2019est pass\u00e9 ?<\/strong><\/h3>\n\n\n\n<p>On nous annonce que le premier match se jouera au V\u00e9lodrome contre Grenoble. On n\u2019a eu acc\u00e8s au stade qu\u2019\u00e0 partir de 17h. Quelqu\u2019un de la mairie a ouvert le stade, et \u00e0 22h30, il devait \u00eatre \u00e9teint et ferm\u00e9. Quand on est arriv\u00e9s, une collation nous attendait. On s\u2019est pr\u00e9par\u00e9s, et \u00e0 20h, on a jou\u00e9 notre premier match en D2.<\/p>\n\n\n\n<p>Miracle : on a gagn\u00e9 1-0 ! Le mercredi, c\u2019\u00e9tait la catastrophe\u2026 et apr\u00e8s le match, on est devenus des h\u00e9ros. C\u2019est comme \u00e7a, Marseille. Les supporters \u00e9taient contents que les jeunes aient jou\u00e9. Mais il ne restait que nous, les jeunes.<\/p>\n\n\n\n<p>On \u00e9tait douze mecs qui essayaient juste de sauver l\u2019OM pour qu\u2019un pr\u00e9sident soit trouv\u00e9 l\u2019ann\u00e9e suivante, et que le club reparte en D2. Ce n\u2019\u00e9tait pas pour avoir une grande \u00e9quipe, juste pour exister encore.<\/p>\n\n\n\n<h3 class=\"wp-block-heading\"><strong>Sur ces 6 matchs, vous affrontez notamment Grenoble, Cr\u00e9teil, Montpellier\u2026 Vous \u00e9tiez pr\u00e9par\u00e9s ?<\/strong><\/h3>\n\n\n\n<p>On savait \u00e0 peu pr\u00e8s contre qui on allait jouer, mais on ne connaissait pas vraiment nos adversaires. On n\u2019\u00e9tait pas pr\u00eats \u00e0 jouer dans ces conditions, mais on l\u2019a fait, parce qu\u2019on ne pouvait pas laisser tomber l\u2019OM. Depuis que nous \u00e9tions petits, nous vivions OM. Alors on est all\u00e9 sur le terrain, et on a gagn\u00e9.<\/p>\n\n\n\n<h3 class=\"wp-block-heading\"><strong>Pour votre second match, vous allez \u00e0 Corbeil. Comment se passe ce d\u00e9placement ?<\/strong><\/h3>\n\n\n\n<p>\u00c0 l\u2019\u00e9poque, on prenait les vieux trains. Il fallait partir \u00e0 5h du matin pour jouer \u00e0 20h. On est arriv\u00e9s \u00e0 Corbeil vers 16h, il faisait un froid glacial, il pleuvait. On a trouv\u00e9 un bar, une petite salle sans chauffage. Ce n\u2019\u00e9tait pas le Sud ! On s\u2019est gel\u00e9s, on a pris un caf\u00e9, puis on est all\u00e9s jouer. On a fait match nul l\u00e0-bas.<\/p>\n\n\n\n<p>Ce sont des moments qui vous marquent. Vous vous levez t\u00f4t, vous vous donnez pour quelque chose. Pour nous, c\u2019\u00e9tait simple : il s\u2019agissait de sauver un club. Ce n\u2019\u00e9tait pas la mort, mais il fallait le faire. Et on y est arriv\u00e9s : Nous n\u2019avons perdu aucun des six matchs que nous devions jouer.<\/p>\n\n\n\n<h3 class=\"wp-block-heading\"><strong>Pendant ces six matchs d\u00e9cisifs, quelle \u00e9tait l\u2019ambiance dans le vestiaire ?<\/strong><\/h3>\n\n\n\n<p>L\u2019ambiance \u00e9tait tr\u00e8s bonne ! On avait une vraie coh\u00e9sion. On \u00e9tait extr\u00eamement unis. Pas forc\u00e9ment les meilleurs au foot, mais en tant que groupe, on \u00e9tait costauds. C\u2019est pour \u00e7a qu\u2019on a r\u00e9ussi.<\/p>\n\n\n\n<figure class=\"wp-block-image size-large\"><img loading=\"lazy\" decoding=\"async\" width=\"1024\" height=\"450\" src=\"https:\/\/www.topicfoot.fr\/wp-content\/uploads\/2025\/04\/les-minots-tf-1024x450.webp\" alt=\"Equipe des Minots \" class=\"wp-image-13278\" srcset=\"https:\/\/www.topicfoot.fr\/wp-content\/uploads\/2025\/04\/les-minots-tf-1024x450.webp 1024w, https:\/\/www.topicfoot.fr\/wp-content\/uploads\/2025\/04\/les-minots-tf-300x132.webp 300w, https:\/\/www.topicfoot.fr\/wp-content\/uploads\/2025\/04\/les-minots-tf-768x337.webp 768w, https:\/\/www.topicfoot.fr\/wp-content\/uploads\/2025\/04\/les-minots-tf-1536x675.webp 1536w, https:\/\/www.topicfoot.fr\/wp-content\/uploads\/2025\/04\/les-minots-tf-2048x900.webp 2048w\" sizes=\"auto, (max-width: 1024px) 100vw, 1024px\" \/><\/figure>\n\n\n\n<p class=\"has-text-align-center\">Equipe des Minots <\/p>\n\n\n\n<h3 class=\"wp-block-heading\"><strong>Les autres \u00e9quipes avaient peur de vous ?<\/strong><\/h3>\n\n\n\n<p>Pas sur les premiers matchs, parce qu\u2019au d\u00e9but, personne ne nous connaissait. Mais ensuite, on a eu une certaine r\u00e9putation. C\u2019est vrai qu\u2019on avait une d\u00e9fense rugueuse. \u00c0 l\u2019\u00e9poque, l\u2019arbitrage n\u2019\u00e9tait pas le m\u00eame\u2026 Aujourd\u2019hui, certains auraient pris six mois de suspension. On n\u2019\u00e9tait pas des enfants de ch\u0153ur !<\/p>\n\n\n\n<h3 class=\"wp-block-heading\"><strong>Le public s\u2019est-il remis \u00e0 soutenir l\u2019\u00e9quipe ?<\/strong><\/h3>\n\n\n\n<p>Oui, petit \u00e0 petit, les gens ont recommenc\u00e9 \u00e0 suivre l\u2019\u00e9quipe. Ils \u00e9taient contents de retrouver leur club. Marseille vit pour l\u2019OM. Il y a toujours une effervescence, une \u00e9nergie.<\/p>\n\n\n\n<h3 class=\"wp-block-heading\"><strong>En tant que&nbsp;<em>Minots<\/em>&nbsp;du club, ressentiez-vous un amour particulier du public ?<\/strong><\/h3>\n\n\n\n<p>Au d\u00e9but, non. Sur le terrain, on se contentait de jouer. Mais lors du dernier match contre Montpellier, l\u00e0, il y a eu un vrai engouement. On a jou\u00e9 devant 35 000 personnes.<\/p>\n\n\n\n<p>Nous avons eu une place sp\u00e9ciale dans le c\u0153ur des supporters, parce que nous \u00e9tions \u201cdu cru\u201d. On sortait du stade, on allait boire un caf\u00e9 \u00e0 Saint-Pierre, \u00e0 Saint-Menet\u2026 Les gens nous croisaient tous les jours. On \u00e9tait des Marseillais, tout simplement.<\/p>\n\n\n\n<h3 class=\"wp-block-heading\"><strong>Apr\u00e8s votre exploit, l\u2019OM retrouve un pr\u00e9sident. Comment s\u2019est pass\u00e9e l\u2019ann\u00e9e suivante ?<\/strong><\/h3>\n\n\n\n<p>L\u2019<a href=\"https:\/\/www.om.fr\/fr\" target=\"_blank\" rel=\"noreferrer noopener\">OM<\/a> a trouv\u00e9 un nouveau pr\u00e9sident. Sans ces victoires, il n\u2019y aurait peut-\u00eatre plus de club. Finalement, ils ont trouv\u00e9 M. Carieu. Il n\u2019a pas mis \u00e9norm\u00e9ment d\u2019argent, il n\u2019a pas fait venir Beckenbauer ou je ne sais qui. Non. Il a dit : \u201cOn va repartir avec les moyens du club, avec les gars qui sont l\u00e0, ceux qui ont fait ces six matchs. On va en faire 30 avec eux.\u201d<\/p>\n\n\n\n<p>Et le club a red\u00e9marr\u00e9 doucement. Apr\u00e8s quatre ans pass\u00e9s en D2, on est remont\u00e9s en 1984.<\/p>\n\n\n\n<figure class=\"wp-block-embed is-type-video is-provider-youtube wp-block-embed-youtube wp-embed-aspect-4-3 wp-has-aspect-ratio\"><div class=\"wp-block-embed__wrapper\">\n<iframe loading=\"lazy\" title=\"La folle nuit des supporters de l&#039;OM\" width=\"500\" height=\"375\" src=\"https:\/\/www.youtube.com\/embed\/KXyf7yKjtKU?feature=oembed\" frameborder=\"0\" allow=\"accelerometer; autoplay; clipboard-write; encrypted-media; gyroscope; picture-in-picture; web-share\" referrerpolicy=\"strict-origin-when-cross-origin\" allowfullscreen><\/iframe>\n<\/div><\/figure>\n\n\n\n<p><em><strong>Propos recueillis par Rapha\u00ebl Biancotto<\/strong><\/em>.<\/p>\n\n\n\n<!-- Noptin Newsletter Plugin v4.2.2 - https:\/\/wordpress.org\/plugins\/newsletter-optin-box\/ --><div id=\"noptin-form-2__wrapper\" class=\"noptin-optin-main-wrapper noptin-form-id-9842 noptin-inpost-main-wrapper\" aria-labelledby=\"noptin-form-2__title\" ><style>\/*Custom css*\/\n\n.noptin-form-id-9842 .noptin-optin-form-wrapper .noptin-optin-form.noptin-form-single-line .noptin-form-submit{\n\tborder-radius: 30px;\n}\n\n@media only screen and (min-width: 768px) {\n\n\t.noptin-form-id-9842 .noptin-optin-form-wrapper .noptin-optin-form.noptin-form-single-line .noptin-form-submit{\n\t\tposition: absolute;\n\t\tbottom: -1px;\n\t\ttop: 0;\n\t\tright: 0px;\n\t}\n\n}\n\n.noptin-form-id-9842 .noptin-optin-form-wrapper .noptin-form-single-line .noptin-form-field{\n \tborder-radius: 30px !important;\n\tborder: none !important;\n} #noptin-form-2__wrapper {--noptin-background-color: #424242; --noptin-border-color: #424242; --noptin-button-color: #607D8B; --noptin-button-text-color: #fafafa; --noptin-title-color: #fafafa; --noptin-description-color: #fafafa; --noptin-prefix-color: #607d8b; --noptin-note-color: #fafafa;}<\/style><div style=\"max-width:620px; min-height:280px;border-color: #424242;\" class=\"noptin-optin-form-wrapper no-image\" ><!-- Form ID: 9842 --><form id=\"noptin-form-2\" class=\"noptin-optin-form noptin-form-single-line noptin-label-hide noptin-form-2\" method=\"post\" novalidate >\t\t\t\t\t<div class=\"noptin-form-header noptin-img-left\">\n\t\t\t\t\t\t\t\t\t\t\t\t<div class=\"noptin-form-header-text\">\n\n\t\t\t\t\t\t\t\t\t\t\t\t\t\t\t<div style=\"color: #607d8b;font-size: 20px; font-weight: 500; line-height: 1.3;\" class=\"noptin-form-prefix\">\n\t\t\t\t\t\t\t\t\t\t\t\t\t\t\t\t\t<\/div>\n\t\t\t\t\t\t\t\n\t\t\t\t\t\t\t\t\t\t\t\t\t\t\t<div style=\"color: #fafafa;font-size: 20px; font-weight: 700; line-height: 1.5;\" class=\"noptin-form-heading\">\n\t\t\t\t\t\t\t\t\tAbonnez-vous \u00e0 TopicFoot\t\t\t\t\t\t\t\t<\/div>\n\t\t\t\t\t\t\t\n\t\t\t\t\t\t\t\t\t\t\t\t\t\t\t<div style=\"color: #fafafa;font-size: 16px; font-weight: 500; line-height: 1.5;\" class=\"noptin-form-description\">\n\t\t\t\t\t\t\t\t\tEntrez votre Mail pour recevoir nos derniers articles.\t\t\t\t\t\t\t\t<\/div>\n\t\t\t\t\t\t\t\n\t\t\t\t\t\t<\/div>\n\t\t\t\t\t\t\n\t\t\t\t\t\t\t\t\t\t\t\t\t<div class=\"noptin-form-header-image\">\n\t\t\t\t\t\t\t\t<img decoding=\"async\" alt=\"icon\" src=\"https:\/\/www.topicfoot.fr\/wp-content\/plugins\/newsletter-optin-box\/includes\/assets\/images\/email-icon.png\" \/>\n\t\t\t\t\t\t\t<\/div>\n\t\t\t\t\t\t\n\t\t\t\t\t<\/div>\n\t\t\t\t<div class=\"noptin-form-footer\"><div class=\"noptin-form-fields\">\t\t\t<div class=\"noptin-form-field-wrapper noptin-form-field-email noptin-optin-field-wrapper noptin-optin-field-email\" id=\"noptin-form-2__field-email--wrapper\" >\n\t\t<div class=\"noptin-field-email\">\n\t\t\t<label class=\"noptin-label\" for=\"noptin-form-2__field-email\">Adresse Mail<\/label>\n\t\t\t<input name=\"noptin_fields[email]\" id=\"noptin-form-2__field-email\" type=\"email\" class=\"noptin-text noptin-form-field noptin-form-field__email noptin-form-field__has-no-placeholder\" placeholder=\"Adresse Mail\" required \/>\n\n\t\t<\/div><\/div>\t\t\t<div class=\"noptin-form-field-wrapper noptin-form-field- noptin-optin-field-wrapper noptin-optin-field-\" id=\"noptin-form-2__field---wrapper\" >\n\t\t<\/div>\t\t\t<div class=\"noptin-form-field-wrapper noptin-form-field-submit noptin-optin-field-wrapper noptin-optin-field-submit\" >\n\t\t\n\t\t\t<input type=\"submit\" id=\"noptin-form-2__submit\" class=\"noptin-form-submit btn button btn-primary button-primary wp-element-button\" name=\"noptin-submit\" value=\"Abonnez-vous\" style=\"background-color: #607D8B;color: #fafafa;\"  \/>\n\n\t\t<\/div><\/div>\t\t\t\t\t\t<div class=\"noptin-form-notice noptin-response\" role=\"alert\"><\/div>\n\t\t\t<\/div>\n\t\t\t<input type=\"hidden\" name=\"noptin_element_id\" value=\"2\" \/><input type=\"hidden\" name=\"source\" value=\"9842\" \/><input type=\"hidden\" name=\"form_action\" value=\"subscribe\" \/><input type=\"hidden\" name=\"noptin-config\" value=\"geVp3bmVsS.Bejx5F7hyheCZeasGrk6UoV7mPwUKzeAj_J_jRQjYkLtSn67MwIeo\" \/><input type=\"hidden\" name=\"noptin_form_id\" value=\"9842\" \/><\/form><\/div><!-- \/Form ID: 9842 --><\/div><!-- \/ Noptin Newsletter Plugin -->\n\n\n\n<p>Voir aussi notre article sur :&nbsp;<a href=\"https:\/\/www.topicfoot.fr\/index.php\/2025\/03\/03\/les-minots-de-lom-quand-la-jeunesse-marseillaise-a-defie-paris\/\">Les Minots de l\u2019OM : Quand la jeunesse marseillaise a d\u00e9fi\u00e9 Paris<\/a><\/p>\n\n\n\n<figure class=\"wp-block-embed is-type-wp-embed is-provider-topic-foot wp-block-embed-topic-foot\"><div class=\"wp-block-embed__wrapper\">\n<blockquote class=\"wp-embedded-content\" data-secret=\"ushF7kWWoO\"><a href=\"https:\/\/www.topicfoot.fr\/index.php\/2025\/03\/03\/les-minots-de-lom-quand-la-jeunesse-marseillaise-a-defie-paris\/\">Les Minots de l\u2019OM : Quand la jeunesse marseillaise a d\u00e9fi\u00e9 Paris<\/a><\/blockquote><iframe loading=\"lazy\" class=\"wp-embedded-content\" sandbox=\"allow-scripts\" security=\"restricted\" style=\"position: absolute; visibility: hidden;\" title=\"\u00ab\u00a0Les Minots de l\u2019OM : Quand la jeunesse marseillaise a d\u00e9fi\u00e9 Paris\u00a0\u00bb &#8212; Topic Foot\" src=\"https:\/\/www.topicfoot.fr\/index.php\/2025\/03\/03\/les-minots-de-lom-quand-la-jeunesse-marseillaise-a-defie-paris\/embed\/#?secret=eKp2pO7DLE#?secret=ushF7kWWoO\" data-secret=\"ushF7kWWoO\" width=\"500\" height=\"282\" frameborder=\"0\" marginwidth=\"0\" marginheight=\"0\" scrolling=\"no\"><\/iframe>\n<\/div><\/figure>\n","protected":false},"excerpt":{"rendered":"<div class=\"mh-excerpt\">Pour cela, le club demande \u00e0 ses jeunes espoirs de finir la saison afin de sauver l\u2019\u00e9quipe. C\u2019est la p\u00e9riode des\u00a0Minots.<\/div>\n<p> <a class=\"mh-excerpt-more\" href=\"https:\/\/www.topicfoot.fr\/index.php\/2025\/04\/07\/interview-marc-levy-periode-des-minots\/\" title=\"Les Minots, interview de Marc Levy : \u00ab\u00a0Si on refusait, il n\u2019y avait plus d\u2019OM\">[&#8230;]<\/a><\/p>\n","protected":false},"author":4,"featured_media":13665,"comment_status":"closed","ping_status":"open","sticky":false,"template":"","format":"standard","meta":{"footnotes":""},"categories":[97,173,126,31],"tags":[],"post_folder":[],"class_list":{"0":"post-13276","1":"post","2":"type-post","3":"status-publish","4":"format-standard","5":"has-post-thumbnail","7":"category-histoire","8":"category-interview","9":"category-om","10":"category-toutes-les-categories"},"yoast_head":"<!-- This site is optimized with the Yoast SEO plugin v27.4 - https:\/\/yoast.com\/product\/yoast-seo-wordpress\/ -->\n<title>Les Minots, interview de Marc Levy : &quot;Si on refusait, il n\u2019y avait plus d\u2019OM<\/title>\n<meta name=\"description\" content=\"Pour cela, le club demande \u00e0 ses jeunes espoirs de finir la saison afin de sauver l\u2019\u00e9quipe. C\u2019est la p\u00e9riode des\u00a0Minots.\" \/>\n<meta name=\"robots\" content=\"index, follow, max-snippet:-1, max-image-preview:large, max-video-preview:-1\" \/>\n<link rel=\"canonical\" href=\"https:\/\/www.topicfoot.fr\/index.php\/2025\/04\/07\/interview-marc-levy-periode-des-minots\/\" \/>\n<meta property=\"og:locale\" content=\"fr_FR\" \/>\n<meta property=\"og:type\" content=\"article\" \/>\n<meta property=\"og:title\" content=\"Les Minots, interview de Marc Levy : &quot;Si on refusait, il n\u2019y avait plus d\u2019OM\" \/>\n<meta property=\"og:description\" content=\"Pour cela, le club demande \u00e0 ses jeunes espoirs de finir la saison afin de sauver l\u2019\u00e9quipe. C\u2019est la p\u00e9riode des\u00a0Minots.\" \/>\n<meta property=\"og:url\" content=\"https:\/\/www.topicfoot.fr\/index.php\/2025\/04\/07\/interview-marc-levy-periode-des-minots\/\" \/>\n<meta property=\"og:site_name\" content=\"Topic Foot\" \/>\n<meta property=\"article:publisher\" content=\"https:\/\/www.facebook.com\/topicfoot.fr\" \/>\n<meta property=\"article:published_time\" content=\"2025-04-07T12:49:43+00:00\" \/>\n<meta property=\"article:modified_time\" content=\"2025-04-23T16:29:14+00:00\" \/>\n<meta property=\"og:image\" content=\"https:\/\/www.topicfoot.fr\/wp-content\/uploads\/2025\/04\/marc-levy-les-minots-tf.webp\" \/>\n\t<meta property=\"og:image:width\" content=\"1024\" \/>\n\t<meta property=\"og:image:height\" content=\"576\" \/>\n\t<meta property=\"og:image:type\" content=\"image\/jpeg\" \/>\n<meta name=\"author\" content=\"Raphael B\" \/>\n<meta name=\"twitter:card\" content=\"summary_large_image\" \/>\n<meta name=\"twitter:label1\" content=\"\u00c9crit par\" \/>\n\t<meta name=\"twitter:data1\" content=\"Raphael B\" \/>\n\t<meta name=\"twitter:label2\" content=\"Dur\u00e9e de lecture estim\u00e9e\" \/>\n\t<meta name=\"twitter:data2\" content=\"8 minutes\" \/>\n<script type=\"application\/ld+json\" class=\"yoast-schema-graph\">{\"@context\":\"https:\\\/\\\/schema.org\",\"@graph\":[{\"@type\":\"Article\",\"@id\":\"https:\\\/\\\/www.topicfoot.fr\\\/index.php\\\/2025\\\/04\\\/07\\\/interview-marc-levy-periode-des-minots\\\/#article\",\"isPartOf\":{\"@id\":\"https:\\\/\\\/www.topicfoot.fr\\\/index.php\\\/2025\\\/04\\\/07\\\/interview-marc-levy-periode-des-minots\\\/\"},\"author\":{\"name\":\"Raphael B\",\"@id\":\"https:\\\/\\\/www.topicfoot.fr\\\/#\\\/schema\\\/person\\\/59d75e87e1b990d5ffdb741275fcb450\"},\"headline\":\"Les Minots, interview de Marc Levy : \u00ab\u00a0Si on refusait, il n\u2019y avait plus d\u2019OM\",\"datePublished\":\"2025-04-07T12:49:43+00:00\",\"dateModified\":\"2025-04-23T16:29:14+00:00\",\"mainEntityOfPage\":{\"@id\":\"https:\\\/\\\/www.topicfoot.fr\\\/index.php\\\/2025\\\/04\\\/07\\\/interview-marc-levy-periode-des-minots\\\/\"},\"wordCount\":1536,\"publisher\":{\"@id\":\"https:\\\/\\\/www.topicfoot.fr\\\/#organization\"},\"image\":{\"@id\":\"https:\\\/\\\/www.topicfoot.fr\\\/index.php\\\/2025\\\/04\\\/07\\\/interview-marc-levy-periode-des-minots\\\/#primaryimage\"},\"thumbnailUrl\":\"https:\\\/\\\/www.topicfoot.fr\\\/wp-content\\\/uploads\\\/2025\\\/04\\\/marc-levy-les-minots-tf.webp\",\"articleSection\":[\"Histoire du football\",\"Interviews : finances, business et coulisses \u00e9conomiques du football\",\"OM\",\"Toutes les cat\u00e9gories\"],\"inLanguage\":\"fr-FR\"},{\"@type\":\"WebPage\",\"@id\":\"https:\\\/\\\/www.topicfoot.fr\\\/index.php\\\/2025\\\/04\\\/07\\\/interview-marc-levy-periode-des-minots\\\/\",\"url\":\"https:\\\/\\\/www.topicfoot.fr\\\/index.php\\\/2025\\\/04\\\/07\\\/interview-marc-levy-periode-des-minots\\\/\",\"name\":\"Les Minots, interview de Marc Levy : \\\"Si on refusait, il n\u2019y avait plus d\u2019OM\",\"isPartOf\":{\"@id\":\"https:\\\/\\\/www.topicfoot.fr\\\/#website\"},\"primaryImageOfPage\":{\"@id\":\"https:\\\/\\\/www.topicfoot.fr\\\/index.php\\\/2025\\\/04\\\/07\\\/interview-marc-levy-periode-des-minots\\\/#primaryimage\"},\"image\":{\"@id\":\"https:\\\/\\\/www.topicfoot.fr\\\/index.php\\\/2025\\\/04\\\/07\\\/interview-marc-levy-periode-des-minots\\\/#primaryimage\"},\"thumbnailUrl\":\"https:\\\/\\\/www.topicfoot.fr\\\/wp-content\\\/uploads\\\/2025\\\/04\\\/marc-levy-les-minots-tf.webp\",\"datePublished\":\"2025-04-07T12:49:43+00:00\",\"dateModified\":\"2025-04-23T16:29:14+00:00\",\"description\":\"Pour cela, le club demande \u00e0 ses jeunes espoirs de finir la saison afin de sauver l\u2019\u00e9quipe. C\u2019est la p\u00e9riode des\u00a0Minots.\",\"breadcrumb\":{\"@id\":\"https:\\\/\\\/www.topicfoot.fr\\\/index.php\\\/2025\\\/04\\\/07\\\/interview-marc-levy-periode-des-minots\\\/#breadcrumb\"},\"inLanguage\":\"fr-FR\",\"potentialAction\":[{\"@type\":\"ReadAction\",\"target\":[\"https:\\\/\\\/www.topicfoot.fr\\\/index.php\\\/2025\\\/04\\\/07\\\/interview-marc-levy-periode-des-minots\\\/\"]}]},{\"@type\":\"ImageObject\",\"inLanguage\":\"fr-FR\",\"@id\":\"https:\\\/\\\/www.topicfoot.fr\\\/index.php\\\/2025\\\/04\\\/07\\\/interview-marc-levy-periode-des-minots\\\/#primaryimage\",\"url\":\"https:\\\/\\\/www.topicfoot.fr\\\/wp-content\\\/uploads\\\/2025\\\/04\\\/marc-levy-les-minots-tf.webp\",\"contentUrl\":\"https:\\\/\\\/www.topicfoot.fr\\\/wp-content\\\/uploads\\\/2025\\\/04\\\/marc-levy-les-minots-tf.webp\",\"width\":1024,\"height\":576},{\"@type\":\"BreadcrumbList\",\"@id\":\"https:\\\/\\\/www.topicfoot.fr\\\/index.php\\\/2025\\\/04\\\/07\\\/interview-marc-levy-periode-des-minots\\\/#breadcrumb\",\"itemListElement\":[{\"@type\":\"ListItem\",\"position\":1,\"name\":\"Accueil\",\"item\":\"https:\\\/\\\/www.topicfoot.fr\\\/\"},{\"@type\":\"ListItem\",\"position\":2,\"name\":\"Les Minots, interview de Marc Levy : \u00ab\u00a0Si on refusait, il n\u2019y avait plus d\u2019OM\"}]},{\"@type\":\"WebSite\",\"@id\":\"https:\\\/\\\/www.topicfoot.fr\\\/#website\",\"url\":\"https:\\\/\\\/www.topicfoot.fr\\\/\",\"name\":\"Topic Foot\",\"description\":\"Tous l&#039;univers du Foot !\",\"publisher\":{\"@id\":\"https:\\\/\\\/www.topicfoot.fr\\\/#organization\"},\"potentialAction\":[{\"@type\":\"SearchAction\",\"target\":{\"@type\":\"EntryPoint\",\"urlTemplate\":\"https:\\\/\\\/www.topicfoot.fr\\\/?s={search_term_string}\"},\"query-input\":{\"@type\":\"PropertyValueSpecification\",\"valueRequired\":true,\"valueName\":\"search_term_string\"}}],\"inLanguage\":\"fr-FR\"},{\"@type\":\"Organization\",\"@id\":\"https:\\\/\\\/www.topicfoot.fr\\\/#organization\",\"name\":\"Topic Foot\",\"url\":\"https:\\\/\\\/www.topicfoot.fr\\\/\",\"logo\":{\"@type\":\"ImageObject\",\"inLanguage\":\"fr-FR\",\"@id\":\"https:\\\/\\\/www.topicfoot.fr\\\/#\\\/schema\\\/logo\\\/image\\\/\",\"url\":\"https:\\\/\\\/www.topicfoot.fr\\\/wp-content\\\/uploads\\\/2024\\\/04\\\/cropped-logo-topicfoot-new.jpg\",\"contentUrl\":\"https:\\\/\\\/www.topicfoot.fr\\\/wp-content\\\/uploads\\\/2024\\\/04\\\/cropped-logo-topicfoot-new.jpg\",\"width\":512,\"height\":512,\"caption\":\"Topic Foot\"},\"image\":{\"@id\":\"https:\\\/\\\/www.topicfoot.fr\\\/#\\\/schema\\\/logo\\\/image\\\/\"},\"sameAs\":[\"https:\\\/\\\/www.facebook.com\\\/topicfoot.fr\"]},{\"@type\":\"Person\",\"@id\":\"https:\\\/\\\/www.topicfoot.fr\\\/#\\\/schema\\\/person\\\/59d75e87e1b990d5ffdb741275fcb450\",\"name\":\"Raphael B\",\"image\":{\"@type\":\"ImageObject\",\"inLanguage\":\"fr-FR\",\"@id\":\"https:\\\/\\\/secure.gravatar.com\\\/avatar\\\/ef13ad453294c6a715ce6abf6d4289aa4433c7a29d4f2e94897aacbfd00e07a2?s=96&d=mm&r=g\",\"url\":\"https:\\\/\\\/secure.gravatar.com\\\/avatar\\\/ef13ad453294c6a715ce6abf6d4289aa4433c7a29d4f2e94897aacbfd00e07a2?s=96&d=mm&r=g\",\"contentUrl\":\"https:\\\/\\\/secure.gravatar.com\\\/avatar\\\/ef13ad453294c6a715ce6abf6d4289aa4433c7a29d4f2e94897aacbfd00e07a2?s=96&d=mm&r=g\",\"caption\":\"Raphael B\"},\"url\":\"https:\\\/\\\/www.topicfoot.fr\\\/index.php\\\/author\\\/raphaelb\\\/\"}]}<\/script>\n<!-- \/ Yoast SEO plugin. -->","yoast_head_json":{"title":"Les Minots, interview de Marc Levy : \"Si on refusait, il n\u2019y avait plus d\u2019OM","description":"Pour cela, le club demande \u00e0 ses jeunes espoirs de finir la saison afin de sauver l\u2019\u00e9quipe. C\u2019est la p\u00e9riode des\u00a0Minots.","robots":{"index":"index","follow":"follow","max-snippet":"max-snippet:-1","max-image-preview":"max-image-preview:large","max-video-preview":"max-video-preview:-1"},"canonical":"https:\/\/www.topicfoot.fr\/index.php\/2025\/04\/07\/interview-marc-levy-periode-des-minots\/","og_locale":"fr_FR","og_type":"article","og_title":"Les Minots, interview de Marc Levy : \"Si on refusait, il n\u2019y avait plus d\u2019OM","og_description":"Pour cela, le club demande \u00e0 ses jeunes espoirs de finir la saison afin de sauver l\u2019\u00e9quipe. C\u2019est la p\u00e9riode des\u00a0Minots.","og_url":"https:\/\/www.topicfoot.fr\/index.php\/2025\/04\/07\/interview-marc-levy-periode-des-minots\/","og_site_name":"Topic Foot","article_publisher":"https:\/\/www.facebook.com\/topicfoot.fr","article_published_time":"2025-04-07T12:49:43+00:00","article_modified_time":"2025-04-23T16:29:14+00:00","og_image":[{"width":1024,"height":576,"url":"https:\/\/www.topicfoot.fr\/wp-content\/uploads\/2025\/04\/marc-levy-les-minots-tf.webp","type":"image\/jpeg"}],"author":"Raphael B","twitter_card":"summary_large_image","twitter_misc":{"\u00c9crit par":"Raphael B","Dur\u00e9e de lecture estim\u00e9e":"8 minutes"},"schema":{"@context":"https:\/\/schema.org","@graph":[{"@type":"Article","@id":"https:\/\/www.topicfoot.fr\/index.php\/2025\/04\/07\/interview-marc-levy-periode-des-minots\/#article","isPartOf":{"@id":"https:\/\/www.topicfoot.fr\/index.php\/2025\/04\/07\/interview-marc-levy-periode-des-minots\/"},"author":{"name":"Raphael B","@id":"https:\/\/www.topicfoot.fr\/#\/schema\/person\/59d75e87e1b990d5ffdb741275fcb450"},"headline":"Les Minots, interview de Marc Levy : \u00ab\u00a0Si on refusait, il n\u2019y avait plus d\u2019OM","datePublished":"2025-04-07T12:49:43+00:00","dateModified":"2025-04-23T16:29:14+00:00","mainEntityOfPage":{"@id":"https:\/\/www.topicfoot.fr\/index.php\/2025\/04\/07\/interview-marc-levy-periode-des-minots\/"},"wordCount":1536,"publisher":{"@id":"https:\/\/www.topicfoot.fr\/#organization"},"image":{"@id":"https:\/\/www.topicfoot.fr\/index.php\/2025\/04\/07\/interview-marc-levy-periode-des-minots\/#primaryimage"},"thumbnailUrl":"https:\/\/www.topicfoot.fr\/wp-content\/uploads\/2025\/04\/marc-levy-les-minots-tf.webp","articleSection":["Histoire du football","Interviews : finances, business et coulisses \u00e9conomiques du football","OM","Toutes les cat\u00e9gories"],"inLanguage":"fr-FR"},{"@type":"WebPage","@id":"https:\/\/www.topicfoot.fr\/index.php\/2025\/04\/07\/interview-marc-levy-periode-des-minots\/","url":"https:\/\/www.topicfoot.fr\/index.php\/2025\/04\/07\/interview-marc-levy-periode-des-minots\/","name":"Les Minots, interview de Marc Levy : \"Si on refusait, il n\u2019y avait plus d\u2019OM","isPartOf":{"@id":"https:\/\/www.topicfoot.fr\/#website"},"primaryImageOfPage":{"@id":"https:\/\/www.topicfoot.fr\/index.php\/2025\/04\/07\/interview-marc-levy-periode-des-minots\/#primaryimage"},"image":{"@id":"https:\/\/www.topicfoot.fr\/index.php\/2025\/04\/07\/interview-marc-levy-periode-des-minots\/#primaryimage"},"thumbnailUrl":"https:\/\/www.topicfoot.fr\/wp-content\/uploads\/2025\/04\/marc-levy-les-minots-tf.webp","datePublished":"2025-04-07T12:49:43+00:00","dateModified":"2025-04-23T16:29:14+00:00","description":"Pour cela, le club demande \u00e0 ses jeunes espoirs de finir la saison afin de sauver l\u2019\u00e9quipe. C\u2019est la p\u00e9riode des\u00a0Minots.","breadcrumb":{"@id":"https:\/\/www.topicfoot.fr\/index.php\/2025\/04\/07\/interview-marc-levy-periode-des-minots\/#breadcrumb"},"inLanguage":"fr-FR","potentialAction":[{"@type":"ReadAction","target":["https:\/\/www.topicfoot.fr\/index.php\/2025\/04\/07\/interview-marc-levy-periode-des-minots\/"]}]},{"@type":"ImageObject","inLanguage":"fr-FR","@id":"https:\/\/www.topicfoot.fr\/index.php\/2025\/04\/07\/interview-marc-levy-periode-des-minots\/#primaryimage","url":"https:\/\/www.topicfoot.fr\/wp-content\/uploads\/2025\/04\/marc-levy-les-minots-tf.webp","contentUrl":"https:\/\/www.topicfoot.fr\/wp-content\/uploads\/2025\/04\/marc-levy-les-minots-tf.webp","width":1024,"height":576},{"@type":"BreadcrumbList","@id":"https:\/\/www.topicfoot.fr\/index.php\/2025\/04\/07\/interview-marc-levy-periode-des-minots\/#breadcrumb","itemListElement":[{"@type":"ListItem","position":1,"name":"Accueil","item":"https:\/\/www.topicfoot.fr\/"},{"@type":"ListItem","position":2,"name":"Les Minots, interview de Marc Levy : \u00ab\u00a0Si on refusait, il n\u2019y avait plus d\u2019OM"}]},{"@type":"WebSite","@id":"https:\/\/www.topicfoot.fr\/#website","url":"https:\/\/www.topicfoot.fr\/","name":"Topic Foot","description":"Tous l&#039;univers du Foot !","publisher":{"@id":"https:\/\/www.topicfoot.fr\/#organization"},"potentialAction":[{"@type":"SearchAction","target":{"@type":"EntryPoint","urlTemplate":"https:\/\/www.topicfoot.fr\/?s={search_term_string}"},"query-input":{"@type":"PropertyValueSpecification","valueRequired":true,"valueName":"search_term_string"}}],"inLanguage":"fr-FR"},{"@type":"Organization","@id":"https:\/\/www.topicfoot.fr\/#organization","name":"Topic Foot","url":"https:\/\/www.topicfoot.fr\/","logo":{"@type":"ImageObject","inLanguage":"fr-FR","@id":"https:\/\/www.topicfoot.fr\/#\/schema\/logo\/image\/","url":"https:\/\/www.topicfoot.fr\/wp-content\/uploads\/2024\/04\/cropped-logo-topicfoot-new.jpg","contentUrl":"https:\/\/www.topicfoot.fr\/wp-content\/uploads\/2024\/04\/cropped-logo-topicfoot-new.jpg","width":512,"height":512,"caption":"Topic Foot"},"image":{"@id":"https:\/\/www.topicfoot.fr\/#\/schema\/logo\/image\/"},"sameAs":["https:\/\/www.facebook.com\/topicfoot.fr"]},{"@type":"Person","@id":"https:\/\/www.topicfoot.fr\/#\/schema\/person\/59d75e87e1b990d5ffdb741275fcb450","name":"Raphael B","image":{"@type":"ImageObject","inLanguage":"fr-FR","@id":"https:\/\/secure.gravatar.com\/avatar\/ef13ad453294c6a715ce6abf6d4289aa4433c7a29d4f2e94897aacbfd00e07a2?s=96&d=mm&r=g","url":"https:\/\/secure.gravatar.com\/avatar\/ef13ad453294c6a715ce6abf6d4289aa4433c7a29d4f2e94897aacbfd00e07a2?s=96&d=mm&r=g","contentUrl":"https:\/\/secure.gravatar.com\/avatar\/ef13ad453294c6a715ce6abf6d4289aa4433c7a29d4f2e94897aacbfd00e07a2?s=96&d=mm&r=g","caption":"Raphael B"},"url":"https:\/\/www.topicfoot.fr\/index.php\/author\/raphaelb\/"}]}},"_links":{"self":[{"href":"https:\/\/www.topicfoot.fr\/index.php\/wp-json\/wp\/v2\/posts\/13276","targetHints":{"allow":["GET"]}}],"collection":[{"href":"https:\/\/www.topicfoot.fr\/index.php\/wp-json\/wp\/v2\/posts"}],"about":[{"href":"https:\/\/www.topicfoot.fr\/index.php\/wp-json\/wp\/v2\/types\/post"}],"author":[{"embeddable":true,"href":"https:\/\/www.topicfoot.fr\/index.php\/wp-json\/wp\/v2\/users\/4"}],"replies":[{"embeddable":true,"href":"https:\/\/www.topicfoot.fr\/index.php\/wp-json\/wp\/v2\/comments?post=13276"}],"version-history":[{"count":0,"href":"https:\/\/www.topicfoot.fr\/index.php\/wp-json\/wp\/v2\/posts\/13276\/revisions"}],"wp:featuredmedia":[{"embeddable":true,"href":"https:\/\/www.topicfoot.fr\/index.php\/wp-json\/wp\/v2\/media\/13665"}],"wp:attachment":[{"href":"https:\/\/www.topicfoot.fr\/index.php\/wp-json\/wp\/v2\/media?parent=13276"}],"wp:term":[{"taxonomy":"category","embeddable":true,"href":"https:\/\/www.topicfoot.fr\/index.php\/wp-json\/wp\/v2\/categories?post=13276"},{"taxonomy":"post_tag","embeddable":true,"href":"https:\/\/www.topicfoot.fr\/index.php\/wp-json\/wp\/v2\/tags?post=13276"},{"taxonomy":"post_folder","embeddable":true,"href":"https:\/\/www.topicfoot.fr\/index.php\/wp-json\/wp\/v2\/post_folder?post=13276"}],"curies":[{"name":"wp","href":"https:\/\/api.w.org\/{rel}","templated":true}]}}