{"id":14064,"date":"2025-05-17T09:12:03","date_gmt":"2025-05-17T07:12:03","guid":{"rendered":"https:\/\/www.topicfoot.fr\/?p=14064"},"modified":"2025-05-17T09:12:12","modified_gmt":"2025-05-17T07:12:12","slug":"us-creteil-xavier-niel-veut-reveiller-un-geant-endormi","status":"publish","type":"post","link":"https:\/\/www.topicfoot.fr\/index.php\/2025\/05\/17\/us-creteil-xavier-niel-veut-reveiller-un-geant-endormi\/","title":{"rendered":"US Cr\u00e9teil : Xavier Niel veut r\u00e9veiller un g\u00e9ant endormi"},"content":{"rendered":"<span class=\"span-reading-time rt-reading-time\" style=\"display: block;\"><span class=\"rt-label rt-prefix\">Temps de lecture\u00a0:  <\/span> <span class=\"rt-time\"> 4<\/span> <span class=\"rt-label rt-postfix\">minutes.  <\/span><\/span>\n<p>Le club de l\u2019US Cr\u00e9teil vit une r\u00e9volution discr\u00e8te mais ambitieuse sous l\u2019impulsion de Xavier Niel, son nouveau propri\u00e9taire. Install\u00e9 dans le vivier de talents le plus fertile de France, Cr\u00e9teil veut devenir un acteur incontournable du football hexagonal.<\/p>\n\n\n\n<figure class=\"wp-block-image size-full\"><img loading=\"lazy\" decoding=\"async\" width=\"1024\" height=\"681\" src=\"https:\/\/www.topicfoot.fr\/wp-content\/uploads\/2025\/05\/uscl-creteil-photo-off.webp\" alt=\"\" class=\"wp-image-14069\" srcset=\"https:\/\/www.topicfoot.fr\/wp-content\/uploads\/2025\/05\/uscl-creteil-photo-off.webp 1024w, https:\/\/www.topicfoot.fr\/wp-content\/uploads\/2025\/05\/uscl-creteil-photo-off-300x200.webp 300w, https:\/\/www.topicfoot.fr\/wp-content\/uploads\/2025\/05\/uscl-creteil-photo-off-768x511.webp 768w\" sizes=\"auto, (max-width: 1024px) 100vw, 1024px\" \/><\/figure>\n\n\n\n<p class=\"has-text-align-center\"><em>Cr\u00e9dits : photo officielle USCL<\/em><\/p>\n\n\n\n<p>Le rachat de l\u2019US Cr\u00e9teil par Xavier Niel pourrait bouleverser l\u2019\u00e9quilibre du football francilien. Adoss\u00e9 \u00e0 un projet s\u00e9rieux, local et structur\u00e9, le club ambitionne un retour au premier plan. Dans un territoire surcharg\u00e9 de talents, l\u2019US Cr\u00e9teil veut se positionner comme l\u2019alternative cr\u00e9dible au PSG et au Paris FC.<\/p>\n\n\n\n<h2 class=\"wp-block-heading\"><strong>Une ambition claire pour un projet enracin\u00e9<\/strong><\/h2>\n\n\n\n<p>L\u2019US Cr\u00e9teil entre dans une nouvelle \u00e8re gr\u00e2ce \u00e0 l\u2019engagement de Xavier Niel. Fondateur de Free et figure du paysage \u00e9conomique fran\u00e7ais, Niel veut faire du club un mod\u00e8le. Il ne s\u2019agit pas d\u2019un simple coup m\u00e9diatique mais bien d\u2019une strat\u00e9gie \u00e0 long terme. Cr\u00e9teil veut s\u2019imposer sur la sc\u00e8ne nationale et devenir un tremplin pour les jeunes talents franciliens. Le club \u00e9volue actuellement en National 2. Il r\u00eave d\u00e9j\u00e0 de retrouver le monde professionnel. Cette ambition s\u2019appuie sur trois axes structurants : cr\u00e9er un centre de formation performant, professionnaliser les structures internes. Puis moderniser l\u2019image du club pour \u00e9largir son rayonnement. Dans un bassin o\u00f9 le football est une culture populaire, l\u2019US Cr\u00e9teil veut renouer avec sa communaut\u00e9. Le stade Dominique-Duvauchelle, moderne et bien situ\u00e9, pourrait devenir le th\u00e9\u00e2tre d\u2019un renouveau footballistique. Port\u00e9 par une ville dynamique, le projet s\u00e9duit d\u00e9j\u00e0 au-del\u00e0 du Val-de-Marne.<\/p>\n\n\n\n<h2 class=\"wp-block-heading\"><strong>L\u2019\u00cele-de-France, une mine d\u2019or pour les recruteurs<\/strong><\/h2>\n\n\n\n<p>L\u2019\u00cele-de-France est consid\u00e9r\u00e9e par de nombreux observateurs comme le plus grand vivier de talents au monde. Des joueurs comme Kylian Mbapp\u00e9, Paul Pogba ou Kingsley Coman sont issus de cette r\u00e9gion. Le PSG ne peut absorber \u00e0 lui seul tous ces profils prometteurs. L\u2019US Cr\u00e9teil veut capter ce flux et proposer une alternative cr\u00e9dible. Adrien Rabiot, originaire de Cr\u00e9teil, symbolise le potentiel local encore sous-exploit\u00e9. <\/p>\n\n\n\n<p>Dans une r\u00e9gion peupl\u00e9e de 12 millions d\u2019habitants, les talents foisonnent \u00e0 chaque coin de rue. Pourtant, peu de clubs franciliens sont structur\u00e9s pour les accompagner jusqu\u2019au sommet. Xavier Niel entend combler ce vide avec un centre d\u2019entra\u00eenement d\u00e9di\u00e9. L\u2019objectif est clair : offrir aux jeunes une structure d\u2019accueil de haut niveau, en restant fid\u00e8le aux racines locales. La cr\u00e9ation d\u2019une section f\u00e9minine est \u00e9galement pr\u00e9vue, preuve d\u2019une volont\u00e9 d\u2019inclusion et de modernit\u00e9. De plus le football f\u00e9minin progresse en France, et Cr\u00e9teil veut prendre le virage sans attendre. Le club entend ainsi rayonner sur l\u2019ensemble du territoire francilien, en attirant les talents oubli\u00e9s par les structures traditionnelles.<\/p>\n\n\n<div class=\"wp-block-image\">\n<figure class=\"aligncenter size-full is-resized\"><img loading=\"lazy\" decoding=\"async\" width=\"221\" height=\"228\" src=\"https:\/\/www.topicfoot.fr\/wp-content\/uploads\/2025\/05\/telechargement.webp\" alt=\"\" class=\"wp-image-14065\" style=\"width:173px;height:auto\"\/><\/figure>\n<\/div>\n\n\n<h2 class=\"wp-block-heading\"><strong>Une rivalit\u00e9 naissante dans le paysage francilien<\/strong><\/h2>\n\n\n\n<p>Le football francilien se transforme rapidement. Le rachat du Paris FC par la famille Arnault et Red Bull a marqu\u00e9 les esprits. Le club \u00e9voluera en Ligue 1 d\u00e8s la saison prochaine, cr\u00e9ant un duel in\u00e9dit avec le PSG. L\u2019US Cr\u00e9teil veut s\u2019inviter dans cette bataille en apportant sa touche singuli\u00e8re. L\u00e0 o\u00f9 le PSG se veut international, Cr\u00e9teil revendique ses racines populaires et locales. L\u2019identit\u00e9 du club repose sur un attachement profond \u00e0 son territoire. Xavier Niel, qui a grandi \u00e0 Cr\u00e9teil, conna\u00eet chaque recoin de cette ville. Son projet repose sur une vision \u00e0 long terme, \u00e0 l\u2019image de ses succ\u00e8s entrepreneuriaux. <\/p>\n\n\n\n<p>L\u2019ambition est de b\u00e2tir une institution solide, capable de durer dans le temps. Pour cela, le club mise aussi sur une strat\u00e9gie d\u2019ouverture. Attirer des partenaires, s\u00e9duire de nouveaux supporters, renforcer les \u00e9quipes techniques : rien n\u2019est laiss\u00e9 au hasard. La professionnalisation est en marche, avec pour objectif de hisser rapidement le club en National 1. Le r\u00eave est plus grand : faire de l\u2019US Cr\u00e9teil une r\u00e9f\u00e9rence nationale en mati\u00e8re de formation. En multipliant les passerelles vers le monde pro, Cr\u00e9teil veut devenir un club o\u00f9 les jeunes peuvent croire en leur chance. Le mod\u00e8le est clair : allier ambition, rigueur et proximit\u00e9 avec les habitants. L\u2019appartenance au territoire est au c\u0153ur du projet, renfor\u00e7ant l\u2019adh\u00e9sion populaire.<\/p>\n\n\n<div class=\"wp-block-image\">\n<figure class=\"aligncenter size-large is-resized\"><img loading=\"lazy\" decoding=\"async\" width=\"1024\" height=\"683\" src=\"https:\/\/www.topicfoot.fr\/wp-content\/uploads\/2025\/05\/Xavier_Niel_FreeIliad-1024x683.webp\" alt=\"US Cr\u00e9teil : Xavier Niel veut r\u00e9veiller un g\u00e9ant\" class=\"wp-image-14066\" style=\"width:388px;height:auto\" srcset=\"https:\/\/www.topicfoot.fr\/wp-content\/uploads\/2025\/05\/Xavier_Niel_FreeIliad-1024x683.webp 1024w, https:\/\/www.topicfoot.fr\/wp-content\/uploads\/2025\/05\/Xavier_Niel_FreeIliad-300x200.webp 300w, https:\/\/www.topicfoot.fr\/wp-content\/uploads\/2025\/05\/Xavier_Niel_FreeIliad-768x512.webp 768w, https:\/\/www.topicfoot.fr\/wp-content\/uploads\/2025\/05\/Xavier_Niel_FreeIliad-1536x1024.webp 1536w, https:\/\/www.topicfoot.fr\/wp-content\/uploads\/2025\/05\/Xavier_Niel_FreeIliad.webp 1944w\" sizes=\"auto, (max-width: 1024px) 100vw, 1024px\" \/><\/figure>\n<\/div>\n\n\n<p class=\"has-text-align-center\"> Cr\u00e9dits : <a href=\"https:\/\/www.flickr.com\/photos\/45631076@N00\/2611443088\">Xavier Niel, Free\/Iliad<\/a><\/p>\n\n\n\n<h2 class=\"wp-block-heading\"><strong>Un symbole d\u2019espoir pour tout un territoire<\/strong><\/h2>\n\n\n\n<p>Le projet de Xavier Niel d\u00e9passe le simple cadre sportif. Il incarne une volont\u00e9 de redonner de la fiert\u00e9 \u00e0 toute une population. En r\u00e9investissant \u00e0 Cr\u00e9teil, Niel rend hommage \u00e0 ses origines. Il entend construire un projet f\u00e9d\u00e9rateur, ancr\u00e9 dans l\u2019ADN local. La ville dispose d\u2019un tissu associatif riche, d\u2019un bassin d\u00e9mographique jeune et d\u2019un engouement naturel pour le football. Tous les ingr\u00e9dients sont r\u00e9unis pour faire de l\u2019US Cr\u00e9teil un mod\u00e8le du genre. L\u2019objectif n\u2019est pas de copier le PSG ou le Paris FC, mais de cr\u00e9er une identit\u00e9 propre. Une \u00e9quipe form\u00e9e localement, soutenue par un public fid\u00e8le, encadr\u00e9e par des professionnels engag\u00e9s. <\/p>\n\n\n\n<p>Alors que le d\u00e9fi est immense, les premiers signaux sont encourageants. Le club a d\u00e9j\u00e0 initi\u00e9 plusieurs changements en interne. Le pr\u00e9sident Tony al-Homsi, d\u00e9sormais actionnaire minoritaire, accompagne la transition avec Xavier Niel. Une collaboration fluide, fond\u00e9e sur des valeurs communes : passion, ambition et attachement au Val-de-Marne. Cr\u00e9teil ne veut pas br\u00fbler les \u00e9tapes mais construire un projet durable. Les fondations sont solides, les ambitions claires et les moyens \u00e0 la hauteur. Dans un environnement concurrentiel, l\u2019US Cr\u00e9teil joue la carte de l\u2019intelligence locale. Former, structurer, moderniser : voil\u00e0 le triptyque qui doit guider l\u2019avenir du club. Si le pari est r\u00e9ussi, Cr\u00e9teil pourrait devenir un p\u00f4le majeur du football fran\u00e7ais dans les ann\u00e9es \u00e0 venir.<\/p>\n\n\n\n<h2 class=\"wp-block-heading\">US Cr\u00e9teil : Xavier Niel veut r\u00e9veiller un g\u00e9ant endormi du football francilien<\/h2>\n\n\n\n<p>Le projet de l\u2019US Cr\u00e9teil pourrait inspirer d\u2019autres clubs franciliens d\u00e9sireux de se structurer. Peut \u00eatre que le FC Versailles, propri\u00e9t\u00e9 de Alexandre Mulliez (Auchan), sera  celui-ci ?? Alors, Paris le nouveau Londres des clubs de foot?<\/p>\n\n\n\n<!-- Noptin Newsletter Plugin v4.2.2 - https:\/\/wordpress.org\/plugins\/newsletter-optin-box\/ --><div id=\"noptin-form-2__wrapper\" class=\"noptin-optin-main-wrapper noptin-form-id-9842 noptin-inpost-main-wrapper\" aria-labelledby=\"noptin-form-2__title\" ><style>\/*Custom css*\/\n\n.noptin-form-id-9842 .noptin-optin-form-wrapper .noptin-optin-form.noptin-form-single-line .noptin-form-submit{\n\tborder-radius: 30px;\n}\n\n@media only screen and (min-width: 768px) {\n\n\t.noptin-form-id-9842 .noptin-optin-form-wrapper .noptin-optin-form.noptin-form-single-line .noptin-form-submit{\n\t\tposition: absolute;\n\t\tbottom: -1px;\n\t\ttop: 0;\n\t\tright: 0px;\n\t}\n\n}\n\n.noptin-form-id-9842 .noptin-optin-form-wrapper .noptin-form-single-line .noptin-form-field{\n \tborder-radius: 30px !important;\n\tborder: none !important;\n} #noptin-form-2__wrapper {--noptin-background-color: #424242; --noptin-border-color: #424242; --noptin-button-color: #607D8B; --noptin-button-text-color: #fafafa; --noptin-title-color: #fafafa; --noptin-description-color: #fafafa; --noptin-prefix-color: #607d8b; --noptin-note-color: #fafafa;}<\/style><div style=\"max-width:620px; min-height:280px;border-color: #424242;\" class=\"noptin-optin-form-wrapper no-image\" ><!-- Form ID: 9842 --><form id=\"noptin-form-2\" class=\"noptin-optin-form noptin-form-single-line noptin-label-hide noptin-form-2\" method=\"post\" novalidate >\t\t\t\t\t<div class=\"noptin-form-header noptin-img-left\">\n\t\t\t\t\t\t\t\t\t\t\t\t<div class=\"noptin-form-header-text\">\n\n\t\t\t\t\t\t\t\t\t\t\t\t\t\t\t<div style=\"color: #607d8b;font-size: 20px; font-weight: 500; line-height: 1.3;\" class=\"noptin-form-prefix\">\n\t\t\t\t\t\t\t\t\t\t\t\t\t\t\t\t\t<\/div>\n\t\t\t\t\t\t\t\n\t\t\t\t\t\t\t\t\t\t\t\t\t\t\t<div style=\"color: #fafafa;font-size: 20px; font-weight: 700; line-height: 1.5;\" class=\"noptin-form-heading\">\n\t\t\t\t\t\t\t\t\tAbonnez-vous \u00e0 TopicFoot\t\t\t\t\t\t\t\t<\/div>\n\t\t\t\t\t\t\t\n\t\t\t\t\t\t\t\t\t\t\t\t\t\t\t<div style=\"color: #fafafa;font-size: 16px; font-weight: 500; line-height: 1.5;\" class=\"noptin-form-description\">\n\t\t\t\t\t\t\t\t\tEntrez votre Mail pour recevoir nos derniers articles.\t\t\t\t\t\t\t\t<\/div>\n\t\t\t\t\t\t\t\n\t\t\t\t\t\t<\/div>\n\t\t\t\t\t\t\n\t\t\t\t\t\t\t\t\t\t\t\t\t<div class=\"noptin-form-header-image\">\n\t\t\t\t\t\t\t\t<img decoding=\"async\" alt=\"icon\" src=\"https:\/\/www.topicfoot.fr\/wp-content\/plugins\/newsletter-optin-box\/includes\/assets\/images\/email-icon.png\" \/>\n\t\t\t\t\t\t\t<\/div>\n\t\t\t\t\t\t\n\t\t\t\t\t<\/div>\n\t\t\t\t<div class=\"noptin-form-footer\"><div class=\"noptin-form-fields\">\t\t\t<div class=\"noptin-form-field-wrapper noptin-form-field-email noptin-optin-field-wrapper noptin-optin-field-email\" id=\"noptin-form-2__field-email--wrapper\" >\n\t\t<div class=\"noptin-field-email\">\n\t\t\t<label class=\"noptin-label\" for=\"noptin-form-2__field-email\">Adresse Mail<\/label>\n\t\t\t<input name=\"noptin_fields[email]\" id=\"noptin-form-2__field-email\" type=\"email\" class=\"noptin-text noptin-form-field noptin-form-field__email noptin-form-field__has-no-placeholder\" placeholder=\"Adresse Mail\" required \/>\n\n\t\t<\/div><\/div>\t\t\t<div class=\"noptin-form-field-wrapper noptin-form-field- noptin-optin-field-wrapper noptin-optin-field-\" id=\"noptin-form-2__field---wrapper\" >\n\t\t<\/div>\t\t\t<div class=\"noptin-form-field-wrapper noptin-form-field-submit noptin-optin-field-wrapper noptin-optin-field-submit\" >\n\t\t\n\t\t\t<input type=\"submit\" id=\"noptin-form-2__submit\" class=\"noptin-form-submit btn button btn-primary button-primary wp-element-button\" name=\"noptin-submit\" value=\"Abonnez-vous\" style=\"background-color: #607D8B;color: #fafafa;\"  \/>\n\n\t\t<\/div><\/div>\t\t\t\t\t\t<div class=\"noptin-form-notice noptin-response\" role=\"alert\"><\/div>\n\t\t\t<\/div>\n\t\t\t<input type=\"hidden\" name=\"noptin_element_id\" value=\"2\" \/><input type=\"hidden\" name=\"source\" value=\"9842\" \/><input type=\"hidden\" name=\"form_action\" value=\"subscribe\" \/><input type=\"hidden\" name=\"noptin-config\" value=\"geVp3bmVsS.Bejx5F7hyheCZeasGrk6UoV7mPwUKzeAj_J_jRQjYkLtSn67MwIeo\" \/><input type=\"hidden\" name=\"noptin_form_id\" value=\"9842\" \/><\/form><\/div><!-- \/Form ID: 9842 --><\/div><!-- \/ Noptin Newsletter Plugin -->\n\n\n\n<p>Voir aussi notre article sur : <a href=\"https:\/\/www.topicfoot.fr\/index.php\/2025\/05\/16\/mercato-estival-2025-en-france-les-dates-du-mercato\/\">Mercato estival 2025 en France : les dates du mercato<\/a><\/p>\n\n\n\n<figure class=\"wp-block-embed is-type-wp-embed is-provider-topic-foot wp-block-embed-topic-foot\"><div class=\"wp-block-embed__wrapper\">\n<blockquote class=\"wp-embedded-content\" data-secret=\"5jMd5Xc7bd\"><a href=\"https:\/\/www.topicfoot.fr\/index.php\/2025\/05\/16\/mercato-estival-2025-en-france-les-dates-du-mercato\/\">Mercato estival 2025 en France : les dates du mercato<\/a><\/blockquote><iframe loading=\"lazy\" class=\"wp-embedded-content\" sandbox=\"allow-scripts\" security=\"restricted\" style=\"position: absolute; visibility: hidden;\" title=\"\u00ab\u00a0Mercato estival 2025 en France : les dates du mercato\u00a0\u00bb &#8212; Topic Foot\" src=\"https:\/\/www.topicfoot.fr\/index.php\/2025\/05\/16\/mercato-estival-2025-en-france-les-dates-du-mercato\/embed\/#?secret=HdM79zKddV#?secret=5jMd5Xc7bd\" data-secret=\"5jMd5Xc7bd\" width=\"500\" height=\"282\" frameborder=\"0\" marginwidth=\"0\" marginheight=\"0\" scrolling=\"no\"><\/iframe>\n<\/div><\/figure>\n","protected":false},"excerpt":{"rendered":"<div class=\"mh-excerpt\">US Cr\u00e9teil : un g\u00e9ant endormi du football francilien<\/div>\n<p> <a class=\"mh-excerpt-more\" href=\"https:\/\/www.topicfoot.fr\/index.php\/2025\/05\/17\/us-creteil-xavier-niel-veut-reveiller-un-geant-endormi\/\" title=\"US Cr\u00e9teil : Xavier Niel veut r\u00e9veiller un g\u00e9ant endormi\">[&#8230;]<\/a><\/p>\n","protected":false},"author":7,"featured_media":14069,"comment_status":"closed","ping_status":"open","sticky":false,"template":"","format":"standard","meta":{"footnotes":""},"categories":[78,31],"tags":[],"post_folder":[],"class_list":{"0":"post-14064","1":"post","2":"type-post","3":"status-publish","4":"format-standard","5":"has-post-thumbnail","7":"category-club","8":"category-toutes-les-categories"},"yoast_head":"<!-- This site is optimized with the Yoast SEO plugin v27.4 - https:\/\/yoast.com\/product\/yoast-seo-wordpress\/ -->\n<title>US Cr\u00e9teil : Xavier Niel veut r\u00e9veiller un g\u00e9ant endormi<\/title>\n<meta name=\"description\" content=\"US Cr\u00e9teil : Xavier Niel veut r\u00e9veiller un g\u00e9ant endormi du football francilien. Une r\u00e9volution discr\u00e8te mais ambitieuse\" \/>\n<meta name=\"robots\" content=\"index, follow, max-snippet:-1, max-image-preview:large, max-video-preview:-1\" \/>\n<link rel=\"canonical\" href=\"https:\/\/www.topicfoot.fr\/index.php\/2025\/05\/17\/us-creteil-xavier-niel-veut-reveiller-un-geant-endormi\/\" \/>\n<meta property=\"og:locale\" content=\"fr_FR\" \/>\n<meta property=\"og:type\" content=\"article\" \/>\n<meta property=\"og:title\" content=\"US Cr\u00e9teil : Xavier Niel veut r\u00e9veiller un g\u00e9ant endormi\" \/>\n<meta property=\"og:description\" content=\"US Cr\u00e9teil : Xavier Niel veut r\u00e9veiller un g\u00e9ant endormi du football francilien. Une r\u00e9volution discr\u00e8te mais ambitieuse\" \/>\n<meta property=\"og:url\" content=\"https:\/\/www.topicfoot.fr\/index.php\/2025\/05\/17\/us-creteil-xavier-niel-veut-reveiller-un-geant-endormi\/\" \/>\n<meta property=\"og:site_name\" content=\"Topic Foot\" \/>\n<meta property=\"article:publisher\" content=\"https:\/\/www.facebook.com\/topicfoot.fr\" \/>\n<meta property=\"article:published_time\" content=\"2025-05-17T07:12:03+00:00\" \/>\n<meta property=\"article:modified_time\" content=\"2025-05-17T07:12:12+00:00\" \/>\n<meta property=\"og:image\" content=\"https:\/\/www.topicfoot.fr\/wp-content\/uploads\/2025\/05\/uscl-creteil-photo-off.webp\" \/>\n\t<meta property=\"og:image:width\" content=\"1024\" \/>\n\t<meta property=\"og:image:height\" content=\"681\" \/>\n\t<meta property=\"og:image:type\" content=\"image\/png\" \/>\n<meta name=\"author\" content=\"Lionel P\" \/>\n<meta name=\"twitter:card\" content=\"summary_large_image\" \/>\n<meta name=\"twitter:label1\" content=\"\u00c9crit par\" \/>\n\t<meta name=\"twitter:data1\" content=\"Lionel P\" \/>\n\t<meta name=\"twitter:label2\" content=\"Dur\u00e9e de lecture estim\u00e9e\" \/>\n\t<meta name=\"twitter:data2\" content=\"6 minutes\" \/>\n<script type=\"application\/ld+json\" class=\"yoast-schema-graph\">{\"@context\":\"https:\\\/\\\/schema.org\",\"@graph\":[{\"@type\":\"Article\",\"@id\":\"https:\\\/\\\/www.topicfoot.fr\\\/index.php\\\/2025\\\/05\\\/17\\\/us-creteil-xavier-niel-veut-reveiller-un-geant-endormi\\\/#article\",\"isPartOf\":{\"@id\":\"https:\\\/\\\/www.topicfoot.fr\\\/index.php\\\/2025\\\/05\\\/17\\\/us-creteil-xavier-niel-veut-reveiller-un-geant-endormi\\\/\"},\"author\":{\"name\":\"Lionel P\",\"@id\":\"https:\\\/\\\/www.topicfoot.fr\\\/#\\\/schema\\\/person\\\/b35c3ec36d84c56388799f164bbf1efc\"},\"headline\":\"US Cr\u00e9teil : Xavier Niel veut r\u00e9veiller un g\u00e9ant endormi\",\"datePublished\":\"2025-05-17T07:12:03+00:00\",\"dateModified\":\"2025-05-17T07:12:12+00:00\",\"mainEntityOfPage\":{\"@id\":\"https:\\\/\\\/www.topicfoot.fr\\\/index.php\\\/2025\\\/05\\\/17\\\/us-creteil-xavier-niel-veut-reveiller-un-geant-endormi\\\/\"},\"wordCount\":1099,\"publisher\":{\"@id\":\"https:\\\/\\\/www.topicfoot.fr\\\/#organization\"},\"image\":{\"@id\":\"https:\\\/\\\/www.topicfoot.fr\\\/index.php\\\/2025\\\/05\\\/17\\\/us-creteil-xavier-niel-veut-reveiller-un-geant-endormi\\\/#primaryimage\"},\"thumbnailUrl\":\"https:\\\/\\\/www.topicfoot.fr\\\/wp-content\\\/uploads\\\/2025\\\/05\\\/uscl-creteil-photo-off.webp\",\"articleSection\":[\"Finances des clubs de football\",\"Toutes les cat\u00e9gories\"],\"inLanguage\":\"fr-FR\"},{\"@type\":\"WebPage\",\"@id\":\"https:\\\/\\\/www.topicfoot.fr\\\/index.php\\\/2025\\\/05\\\/17\\\/us-creteil-xavier-niel-veut-reveiller-un-geant-endormi\\\/\",\"url\":\"https:\\\/\\\/www.topicfoot.fr\\\/index.php\\\/2025\\\/05\\\/17\\\/us-creteil-xavier-niel-veut-reveiller-un-geant-endormi\\\/\",\"name\":\"US Cr\u00e9teil : Xavier Niel veut r\u00e9veiller un g\u00e9ant endormi\",\"isPartOf\":{\"@id\":\"https:\\\/\\\/www.topicfoot.fr\\\/#website\"},\"primaryImageOfPage\":{\"@id\":\"https:\\\/\\\/www.topicfoot.fr\\\/index.php\\\/2025\\\/05\\\/17\\\/us-creteil-xavier-niel-veut-reveiller-un-geant-endormi\\\/#primaryimage\"},\"image\":{\"@id\":\"https:\\\/\\\/www.topicfoot.fr\\\/index.php\\\/2025\\\/05\\\/17\\\/us-creteil-xavier-niel-veut-reveiller-un-geant-endormi\\\/#primaryimage\"},\"thumbnailUrl\":\"https:\\\/\\\/www.topicfoot.fr\\\/wp-content\\\/uploads\\\/2025\\\/05\\\/uscl-creteil-photo-off.webp\",\"datePublished\":\"2025-05-17T07:12:03+00:00\",\"dateModified\":\"2025-05-17T07:12:12+00:00\",\"description\":\"US Cr\u00e9teil : Xavier Niel veut r\u00e9veiller un g\u00e9ant endormi du football francilien. Une r\u00e9volution discr\u00e8te mais ambitieuse\",\"breadcrumb\":{\"@id\":\"https:\\\/\\\/www.topicfoot.fr\\\/index.php\\\/2025\\\/05\\\/17\\\/us-creteil-xavier-niel-veut-reveiller-un-geant-endormi\\\/#breadcrumb\"},\"inLanguage\":\"fr-FR\",\"potentialAction\":[{\"@type\":\"ReadAction\",\"target\":[\"https:\\\/\\\/www.topicfoot.fr\\\/index.php\\\/2025\\\/05\\\/17\\\/us-creteil-xavier-niel-veut-reveiller-un-geant-endormi\\\/\"]}]},{\"@type\":\"ImageObject\",\"inLanguage\":\"fr-FR\",\"@id\":\"https:\\\/\\\/www.topicfoot.fr\\\/index.php\\\/2025\\\/05\\\/17\\\/us-creteil-xavier-niel-veut-reveiller-un-geant-endormi\\\/#primaryimage\",\"url\":\"https:\\\/\\\/www.topicfoot.fr\\\/wp-content\\\/uploads\\\/2025\\\/05\\\/uscl-creteil-photo-off.webp\",\"contentUrl\":\"https:\\\/\\\/www.topicfoot.fr\\\/wp-content\\\/uploads\\\/2025\\\/05\\\/uscl-creteil-photo-off.webp\",\"width\":1024,\"height\":681},{\"@type\":\"BreadcrumbList\",\"@id\":\"https:\\\/\\\/www.topicfoot.fr\\\/index.php\\\/2025\\\/05\\\/17\\\/us-creteil-xavier-niel-veut-reveiller-un-geant-endormi\\\/#breadcrumb\",\"itemListElement\":[{\"@type\":\"ListItem\",\"position\":1,\"name\":\"Accueil\",\"item\":\"https:\\\/\\\/www.topicfoot.fr\\\/\"},{\"@type\":\"ListItem\",\"position\":2,\"name\":\"US Cr\u00e9teil : Xavier Niel veut r\u00e9veiller un g\u00e9ant endormi\"}]},{\"@type\":\"WebSite\",\"@id\":\"https:\\\/\\\/www.topicfoot.fr\\\/#website\",\"url\":\"https:\\\/\\\/www.topicfoot.fr\\\/\",\"name\":\"Topic Foot\",\"description\":\"Tous l&#039;univers du Foot !\",\"publisher\":{\"@id\":\"https:\\\/\\\/www.topicfoot.fr\\\/#organization\"},\"potentialAction\":[{\"@type\":\"SearchAction\",\"target\":{\"@type\":\"EntryPoint\",\"urlTemplate\":\"https:\\\/\\\/www.topicfoot.fr\\\/?s={search_term_string}\"},\"query-input\":{\"@type\":\"PropertyValueSpecification\",\"valueRequired\":true,\"valueName\":\"search_term_string\"}}],\"inLanguage\":\"fr-FR\"},{\"@type\":\"Organization\",\"@id\":\"https:\\\/\\\/www.topicfoot.fr\\\/#organization\",\"name\":\"Topic Foot\",\"url\":\"https:\\\/\\\/www.topicfoot.fr\\\/\",\"logo\":{\"@type\":\"ImageObject\",\"inLanguage\":\"fr-FR\",\"@id\":\"https:\\\/\\\/www.topicfoot.fr\\\/#\\\/schema\\\/logo\\\/image\\\/\",\"url\":\"https:\\\/\\\/www.topicfoot.fr\\\/wp-content\\\/uploads\\\/2024\\\/04\\\/cropped-logo-topicfoot-new.jpg\",\"contentUrl\":\"https:\\\/\\\/www.topicfoot.fr\\\/wp-content\\\/uploads\\\/2024\\\/04\\\/cropped-logo-topicfoot-new.jpg\",\"width\":512,\"height\":512,\"caption\":\"Topic Foot\"},\"image\":{\"@id\":\"https:\\\/\\\/www.topicfoot.fr\\\/#\\\/schema\\\/logo\\\/image\\\/\"},\"sameAs\":[\"https:\\\/\\\/www.facebook.com\\\/topicfoot.fr\"]},{\"@type\":\"Person\",\"@id\":\"https:\\\/\\\/www.topicfoot.fr\\\/#\\\/schema\\\/person\\\/b35c3ec36d84c56388799f164bbf1efc\",\"name\":\"Lionel P\",\"image\":{\"@type\":\"ImageObject\",\"inLanguage\":\"fr-FR\",\"@id\":\"https:\\\/\\\/secure.gravatar.com\\\/avatar\\\/c256414aba9e9b487c0cbe18d112d28fe9e2db961e12dbfb48c1f48923540533?s=96&d=mm&r=g\",\"url\":\"https:\\\/\\\/secure.gravatar.com\\\/avatar\\\/c256414aba9e9b487c0cbe18d112d28fe9e2db961e12dbfb48c1f48923540533?s=96&d=mm&r=g\",\"contentUrl\":\"https:\\\/\\\/secure.gravatar.com\\\/avatar\\\/c256414aba9e9b487c0cbe18d112d28fe9e2db961e12dbfb48c1f48923540533?s=96&d=mm&r=g\",\"caption\":\"Lionel P\"},\"description\":\"Je m'appelle Lionel et depuis toujours, le sport occupe une place essentielle dans ma vie. Mais c\u2019est le football qui nourrit ma passion la plus profonde. Je n\u2019ai jamais consid\u00e9r\u00e9 ce sport comme un simple jeu, car il repr\u00e9sente pour moi une v\u00e9ritable \u00e9cole de vie, de collectif, de passion et de d\u00e9passement de soi. J\u2019aime suivre les grands championnats europ\u00e9ens et d\u00e9couvrir les nouveaux talents qui \u00e9mergent saison apr\u00e8s saison. Cette passion naturelle pour le ballon rond m\u2019a conduit \u00e0 rejoindre Florent et l\u2019\u00e9quipe \u00e9ditoriale de Topicfoot. J\u2019y partage mes recherches sur les grandes figures qui ont marqu\u00e9 l\u2019histoire du football et des \u00e9cris sur les moments fondateurs qui ont fa\u00e7onn\u00e9 ce sport le tout \u00e0 travers des articles r\u00e9guliers et vari\u00e9s. Je m\u2019int\u00e9resse aussi avec curiosit\u00e9 aux \u00e9volutions tactiques, technologiques ou culturelles qui transforment constamment le paysage du football moderne. \u00c9crire sur ce sport est pour moi une mani\u00e8re d\u2019allier plaisir, exigence et curiosit\u00e9. Le football poss\u00e8de une richesse qui d\u00e9passe largement le cadre du terrain, et j\u2019\u00e9prouve un r\u00e9el plaisir \u00e0 en explorer toutes les dimensions, des l\u00e9gendes d\u2019hier aux innovations d\u2019aujourd\u2019hui, afin d\u2019offrir aux lecteurs de Topicfoot un regard sinc\u00e8re, document\u00e9 et passionn\u00e9. Alors bonne lecture \u00e0 tous !!\",\"url\":\"https:\\\/\\\/www.topicfoot.fr\\\/index.php\\\/author\\\/lpascale9\\\/\"}]}<\/script>\n<!-- \/ Yoast SEO plugin. -->","yoast_head_json":{"title":"US Cr\u00e9teil : Xavier Niel veut r\u00e9veiller un g\u00e9ant endormi","description":"US Cr\u00e9teil : Xavier Niel veut r\u00e9veiller un g\u00e9ant endormi du football francilien. Une r\u00e9volution discr\u00e8te mais ambitieuse","robots":{"index":"index","follow":"follow","max-snippet":"max-snippet:-1","max-image-preview":"max-image-preview:large","max-video-preview":"max-video-preview:-1"},"canonical":"https:\/\/www.topicfoot.fr\/index.php\/2025\/05\/17\/us-creteil-xavier-niel-veut-reveiller-un-geant-endormi\/","og_locale":"fr_FR","og_type":"article","og_title":"US Cr\u00e9teil : Xavier Niel veut r\u00e9veiller un g\u00e9ant endormi","og_description":"US Cr\u00e9teil : Xavier Niel veut r\u00e9veiller un g\u00e9ant endormi du football francilien. Une r\u00e9volution discr\u00e8te mais ambitieuse","og_url":"https:\/\/www.topicfoot.fr\/index.php\/2025\/05\/17\/us-creteil-xavier-niel-veut-reveiller-un-geant-endormi\/","og_site_name":"Topic Foot","article_publisher":"https:\/\/www.facebook.com\/topicfoot.fr","article_published_time":"2025-05-17T07:12:03+00:00","article_modified_time":"2025-05-17T07:12:12+00:00","og_image":[{"width":1024,"height":681,"url":"https:\/\/www.topicfoot.fr\/wp-content\/uploads\/2025\/05\/uscl-creteil-photo-off.webp","type":"image\/png"}],"author":"Lionel P","twitter_card":"summary_large_image","twitter_misc":{"\u00c9crit par":"Lionel P","Dur\u00e9e de lecture estim\u00e9e":"6 minutes"},"schema":{"@context":"https:\/\/schema.org","@graph":[{"@type":"Article","@id":"https:\/\/www.topicfoot.fr\/index.php\/2025\/05\/17\/us-creteil-xavier-niel-veut-reveiller-un-geant-endormi\/#article","isPartOf":{"@id":"https:\/\/www.topicfoot.fr\/index.php\/2025\/05\/17\/us-creteil-xavier-niel-veut-reveiller-un-geant-endormi\/"},"author":{"name":"Lionel P","@id":"https:\/\/www.topicfoot.fr\/#\/schema\/person\/b35c3ec36d84c56388799f164bbf1efc"},"headline":"US Cr\u00e9teil : Xavier Niel veut r\u00e9veiller un g\u00e9ant endormi","datePublished":"2025-05-17T07:12:03+00:00","dateModified":"2025-05-17T07:12:12+00:00","mainEntityOfPage":{"@id":"https:\/\/www.topicfoot.fr\/index.php\/2025\/05\/17\/us-creteil-xavier-niel-veut-reveiller-un-geant-endormi\/"},"wordCount":1099,"publisher":{"@id":"https:\/\/www.topicfoot.fr\/#organization"},"image":{"@id":"https:\/\/www.topicfoot.fr\/index.php\/2025\/05\/17\/us-creteil-xavier-niel-veut-reveiller-un-geant-endormi\/#primaryimage"},"thumbnailUrl":"https:\/\/www.topicfoot.fr\/wp-content\/uploads\/2025\/05\/uscl-creteil-photo-off.webp","articleSection":["Finances des clubs de football","Toutes les cat\u00e9gories"],"inLanguage":"fr-FR"},{"@type":"WebPage","@id":"https:\/\/www.topicfoot.fr\/index.php\/2025\/05\/17\/us-creteil-xavier-niel-veut-reveiller-un-geant-endormi\/","url":"https:\/\/www.topicfoot.fr\/index.php\/2025\/05\/17\/us-creteil-xavier-niel-veut-reveiller-un-geant-endormi\/","name":"US Cr\u00e9teil : Xavier Niel veut r\u00e9veiller un g\u00e9ant endormi","isPartOf":{"@id":"https:\/\/www.topicfoot.fr\/#website"},"primaryImageOfPage":{"@id":"https:\/\/www.topicfoot.fr\/index.php\/2025\/05\/17\/us-creteil-xavier-niel-veut-reveiller-un-geant-endormi\/#primaryimage"},"image":{"@id":"https:\/\/www.topicfoot.fr\/index.php\/2025\/05\/17\/us-creteil-xavier-niel-veut-reveiller-un-geant-endormi\/#primaryimage"},"thumbnailUrl":"https:\/\/www.topicfoot.fr\/wp-content\/uploads\/2025\/05\/uscl-creteil-photo-off.webp","datePublished":"2025-05-17T07:12:03+00:00","dateModified":"2025-05-17T07:12:12+00:00","description":"US Cr\u00e9teil : Xavier Niel veut r\u00e9veiller un g\u00e9ant endormi du football francilien. Une r\u00e9volution discr\u00e8te mais ambitieuse","breadcrumb":{"@id":"https:\/\/www.topicfoot.fr\/index.php\/2025\/05\/17\/us-creteil-xavier-niel-veut-reveiller-un-geant-endormi\/#breadcrumb"},"inLanguage":"fr-FR","potentialAction":[{"@type":"ReadAction","target":["https:\/\/www.topicfoot.fr\/index.php\/2025\/05\/17\/us-creteil-xavier-niel-veut-reveiller-un-geant-endormi\/"]}]},{"@type":"ImageObject","inLanguage":"fr-FR","@id":"https:\/\/www.topicfoot.fr\/index.php\/2025\/05\/17\/us-creteil-xavier-niel-veut-reveiller-un-geant-endormi\/#primaryimage","url":"https:\/\/www.topicfoot.fr\/wp-content\/uploads\/2025\/05\/uscl-creteil-photo-off.webp","contentUrl":"https:\/\/www.topicfoot.fr\/wp-content\/uploads\/2025\/05\/uscl-creteil-photo-off.webp","width":1024,"height":681},{"@type":"BreadcrumbList","@id":"https:\/\/www.topicfoot.fr\/index.php\/2025\/05\/17\/us-creteil-xavier-niel-veut-reveiller-un-geant-endormi\/#breadcrumb","itemListElement":[{"@type":"ListItem","position":1,"name":"Accueil","item":"https:\/\/www.topicfoot.fr\/"},{"@type":"ListItem","position":2,"name":"US Cr\u00e9teil : Xavier Niel veut r\u00e9veiller un g\u00e9ant endormi"}]},{"@type":"WebSite","@id":"https:\/\/www.topicfoot.fr\/#website","url":"https:\/\/www.topicfoot.fr\/","name":"Topic Foot","description":"Tous l&#039;univers du Foot !","publisher":{"@id":"https:\/\/www.topicfoot.fr\/#organization"},"potentialAction":[{"@type":"SearchAction","target":{"@type":"EntryPoint","urlTemplate":"https:\/\/www.topicfoot.fr\/?s={search_term_string}"},"query-input":{"@type":"PropertyValueSpecification","valueRequired":true,"valueName":"search_term_string"}}],"inLanguage":"fr-FR"},{"@type":"Organization","@id":"https:\/\/www.topicfoot.fr\/#organization","name":"Topic Foot","url":"https:\/\/www.topicfoot.fr\/","logo":{"@type":"ImageObject","inLanguage":"fr-FR","@id":"https:\/\/www.topicfoot.fr\/#\/schema\/logo\/image\/","url":"https:\/\/www.topicfoot.fr\/wp-content\/uploads\/2024\/04\/cropped-logo-topicfoot-new.jpg","contentUrl":"https:\/\/www.topicfoot.fr\/wp-content\/uploads\/2024\/04\/cropped-logo-topicfoot-new.jpg","width":512,"height":512,"caption":"Topic Foot"},"image":{"@id":"https:\/\/www.topicfoot.fr\/#\/schema\/logo\/image\/"},"sameAs":["https:\/\/www.facebook.com\/topicfoot.fr"]},{"@type":"Person","@id":"https:\/\/www.topicfoot.fr\/#\/schema\/person\/b35c3ec36d84c56388799f164bbf1efc","name":"Lionel P","image":{"@type":"ImageObject","inLanguage":"fr-FR","@id":"https:\/\/secure.gravatar.com\/avatar\/c256414aba9e9b487c0cbe18d112d28fe9e2db961e12dbfb48c1f48923540533?s=96&d=mm&r=g","url":"https:\/\/secure.gravatar.com\/avatar\/c256414aba9e9b487c0cbe18d112d28fe9e2db961e12dbfb48c1f48923540533?s=96&d=mm&r=g","contentUrl":"https:\/\/secure.gravatar.com\/avatar\/c256414aba9e9b487c0cbe18d112d28fe9e2db961e12dbfb48c1f48923540533?s=96&d=mm&r=g","caption":"Lionel P"},"description":"Je m'appelle Lionel et depuis toujours, le sport occupe une place essentielle dans ma vie. Mais c\u2019est le football qui nourrit ma passion la plus profonde. Je n\u2019ai jamais consid\u00e9r\u00e9 ce sport comme un simple jeu, car il repr\u00e9sente pour moi une v\u00e9ritable \u00e9cole de vie, de collectif, de passion et de d\u00e9passement de soi. J\u2019aime suivre les grands championnats europ\u00e9ens et d\u00e9couvrir les nouveaux talents qui \u00e9mergent saison apr\u00e8s saison. Cette passion naturelle pour le ballon rond m\u2019a conduit \u00e0 rejoindre Florent et l\u2019\u00e9quipe \u00e9ditoriale de Topicfoot. J\u2019y partage mes recherches sur les grandes figures qui ont marqu\u00e9 l\u2019histoire du football et des \u00e9cris sur les moments fondateurs qui ont fa\u00e7onn\u00e9 ce sport le tout \u00e0 travers des articles r\u00e9guliers et vari\u00e9s. Je m\u2019int\u00e9resse aussi avec curiosit\u00e9 aux \u00e9volutions tactiques, technologiques ou culturelles qui transforment constamment le paysage du football moderne. \u00c9crire sur ce sport est pour moi une mani\u00e8re d\u2019allier plaisir, exigence et curiosit\u00e9. Le football poss\u00e8de une richesse qui d\u00e9passe largement le cadre du terrain, et j\u2019\u00e9prouve un r\u00e9el plaisir \u00e0 en explorer toutes les dimensions, des l\u00e9gendes d\u2019hier aux innovations d\u2019aujourd\u2019hui, afin d\u2019offrir aux lecteurs de Topicfoot un regard sinc\u00e8re, document\u00e9 et passionn\u00e9. Alors bonne lecture \u00e0 tous !!","url":"https:\/\/www.topicfoot.fr\/index.php\/author\/lpascale9\/"}]}},"_links":{"self":[{"href":"https:\/\/www.topicfoot.fr\/index.php\/wp-json\/wp\/v2\/posts\/14064","targetHints":{"allow":["GET"]}}],"collection":[{"href":"https:\/\/www.topicfoot.fr\/index.php\/wp-json\/wp\/v2\/posts"}],"about":[{"href":"https:\/\/www.topicfoot.fr\/index.php\/wp-json\/wp\/v2\/types\/post"}],"author":[{"embeddable":true,"href":"https:\/\/www.topicfoot.fr\/index.php\/wp-json\/wp\/v2\/users\/7"}],"replies":[{"embeddable":true,"href":"https:\/\/www.topicfoot.fr\/index.php\/wp-json\/wp\/v2\/comments?post=14064"}],"version-history":[{"count":0,"href":"https:\/\/www.topicfoot.fr\/index.php\/wp-json\/wp\/v2\/posts\/14064\/revisions"}],"wp:featuredmedia":[{"embeddable":true,"href":"https:\/\/www.topicfoot.fr\/index.php\/wp-json\/wp\/v2\/media\/14069"}],"wp:attachment":[{"href":"https:\/\/www.topicfoot.fr\/index.php\/wp-json\/wp\/v2\/media?parent=14064"}],"wp:term":[{"taxonomy":"category","embeddable":true,"href":"https:\/\/www.topicfoot.fr\/index.php\/wp-json\/wp\/v2\/categories?post=14064"},{"taxonomy":"post_tag","embeddable":true,"href":"https:\/\/www.topicfoot.fr\/index.php\/wp-json\/wp\/v2\/tags?post=14064"},{"taxonomy":"post_folder","embeddable":true,"href":"https:\/\/www.topicfoot.fr\/index.php\/wp-json\/wp\/v2\/post_folder?post=14064"}],"curies":[{"name":"wp","href":"https:\/\/api.w.org\/{rel}","templated":true}]}}