{"id":14260,"date":"2025-05-29T21:18:47","date_gmt":"2025-05-29T19:18:47","guid":{"rendered":"https:\/\/www.topicfoot.fr\/?p=14260"},"modified":"2025-05-29T21:18:57","modified_gmt":"2025-05-29T19:18:57","slug":"reprise-des-girondins-de-bordeaux-oliver-kahn-veut-racheter-le-club","status":"publish","type":"post","link":"https:\/\/www.topicfoot.fr\/index.php\/2025\/05\/29\/reprise-des-girondins-de-bordeaux-oliver-kahn-veut-racheter-le-club\/","title":{"rendered":"Reprise des Girondins de Bordeaux : Oliver Kahn veut racheter le club"},"content":{"rendered":"<span class=\"span-reading-time rt-reading-time\" style=\"display: block;\"><span class=\"rt-label rt-prefix\">Temps de lecture\u00a0:  <\/span> <span class=\"rt-time\"> 3<\/span> <span class=\"rt-label rt-postfix\">minutes.  <\/span><\/span>\n<p><strong>La reprise des Girondins de Bordeaux conna\u00eet un tournant inattendu avec l\u2019arriv\u00e9e d\u2019Oliver Kahn dans le dossier<\/strong><\/p>\n\n\n\n<figure class=\"wp-block-image size-full\"><img loading=\"lazy\" decoding=\"async\" width=\"1024\" height=\"576\" src=\"https:\/\/www.topicfoot.fr\/wp-content\/uploads\/2025\/05\/oliver-kahn.webp\" alt=\"Reprise des Girondins de Bordeaux : Oliver Kahn veut racheter le club\" class=\"wp-image-14261\" srcset=\"https:\/\/www.topicfoot.fr\/wp-content\/uploads\/2025\/05\/oliver-kahn.webp 1024w, https:\/\/www.topicfoot.fr\/wp-content\/uploads\/2025\/05\/oliver-kahn-300x169.webp 300w, https:\/\/www.topicfoot.fr\/wp-content\/uploads\/2025\/05\/oliver-kahn-768x432.webp 768w, https:\/\/www.topicfoot.fr\/wp-content\/uploads\/2025\/05\/oliver-kahn-678x381.webp 678w\" sizes=\"auto, (max-width: 1024px) 100vw, 1024px\" \/><\/figure>\n\n\n\n<p class=\"has-text-align-center\">Oliver Kahn Cr\u00e9dits : Philippe Ruiz<\/p>\n\n\n\n<p>Le club bordelais, en grande difficult\u00e9, pourrait passer sous pavillon allemand si l\u2019offre de l\u2019ex-gardien du Bayern Munich est retenue<\/p>\n\n\n\n<h2 class=\"wp-block-heading\"><strong>La reprise des Girondins de Bordeaux en jeu devant le tribunal<\/strong><\/h2>\n\n\n\n<p>La reprise des Girondins de Bordeaux est d\u00e9sormais une affaire de justice. Le tribunal de commerce de Bordeaux doit trancher entre deux options. D\u2019un c\u00f4t\u00e9, le plan de continuation pr\u00e9sent\u00e9 par G\u00e9rard Lopez. De l\u2019autre, un projet de reprise men\u00e9 par Oliver Kahn. L\u2019enjeu est immense pour ce club historique, tomb\u00e9 en National 2. Le verdict attendu autour du 20 juin pourrait redessiner l\u2019avenir du FCGB.<\/p>\n\n\n\n<h2 class=\"wp-block-heading\"><strong>Lopez veut garder la main sur la reprise des Girondins de Bordeaux<\/strong><\/h2>\n\n\n\n<p>G\u00e9rard Lopez esp\u00e8re conserver la direction du club. Son plan pr\u00e9voit une r\u00e9duction massive de la dette, passant de 94 \u00e0 26 millions d\u2019euros. Le remboursement serait \u00e9chelonn\u00e9 sur dix ans. Trois sc\u00e9narios sportifs sont anticip\u00e9s, selon une remont\u00e9e en Ligue 2 ou en Ligue 1. Lopez mise sur une strat\u00e9gie de long terme. Il doit convaincre les 400 cr\u00e9anciers r\u00e9partis en 15 classes. Leur vote d\u00e9terminera la suite de la reprise des Girondins de Bordeaux.<\/p>\n\n\n\n<h2 class=\"wp-block-heading\"><strong>Kahn d\u00e9barque et propose une reprise imm\u00e9diate<\/strong><\/h2>\n\n\n\n<p>Oliver Kahn cr\u00e9e la surprise avec une offre de cession directe. Il propose 15 millions d\u2019euros pour reprendre les Girondins de Bordeaux. Son plan pr\u00e9voit un paiement imm\u00e9diat des cr\u00e9anciers selon la hi\u00e9rarchie l\u00e9gale. Kahn impose six conditions avant validation : garantie de maintien en National 2 par la FFF, autorisation d\u2019utiliser le stade, audit financier, data room, preuve de financement et implication d\u2019investisseurs. Il veut une reprise rapide et radicale, qui marquerait une rupture totale avec la gestion actuelle.<\/p>\n\n\n\n<h2 class=\"wp-block-heading\"><strong>Fortress, le pivot de la reprise des Girondins de Bordeaux<\/strong><\/h2>\n\n\n\n<p>Le fonds am\u00e9ricain Fortress d\u00e9tient la cl\u00e9 du dossier. Sa cr\u00e9ance de 10,1 millions d\u2019euros en fait un acteur majeur. Lopez propose de lui rembourser 4,5 millions. Kahn, lui, garantit un paiement imm\u00e9diat. Fortress peut bloquer le plan Lopez, ce qui ouvrirait la voie \u00e0 une cession forc\u00e9e. Sa position sera donc d\u00e9terminante dans l\u2019issue de la reprise des Girondins de Bordeaux. Le choix entre continuit\u00e9 ou renouveau d\u00e9pend en partie de ce seul cr\u00e9ancier.<\/p>\n\n\n\n<h2 class=\"wp-block-heading\"><strong>Des d\u00e9lais serr\u00e9s avant le passage devant la DNCG<\/strong><\/h2>\n\n\n\n<p>Le calendrier est tendu. Le 13 juin, le tribunal de commerce auditionnera les parties. La d\u00e9cision pourrait tomber autour du 20 juin. Mais la DNCG convoque le club d\u00e8s le 24 juin. Si aucune solution viable n\u2019est trouv\u00e9e, des sanctions sont possibles : rel\u00e9gation administrative ou interdiction de recrutement. Le projet retenu devra \u00eatre solide financi\u00e8rement et administrativement pour rassurer l\u2019instance. La reprise des Girondins de Bordeaux se joue contre la montre.<\/p>\n\n\n\n<h2 class=\"wp-block-heading\"><strong>Un choix entre stabilit\u00e9 et r\u00e9volution<\/strong><\/h2>\n\n\n\n<p>Le tribunal doit \u00e9valuer les projets selon trois crit\u00e8res : maintien de l\u2019emploi, viabilit\u00e9 \u00e0 long terme, et int\u00e9r\u00eat des cr\u00e9anciers. Lopez offre la stabilit\u00e9. Kahn propose une r\u00e9volution imm\u00e9diate. Les juges devront arbitrer entre prudence et audace. La reprise des Girondins de Bordeaux pourrait se faire avec une figure iconique du football europ\u00e9en ou rester entre les mains d\u2019un entrepreneur controvers\u00e9. Le destin du club bascule sur cette d\u00e9cision cruciale.<\/p>\n\n\n\n<h2 class=\"wp-block-heading\"><strong>Bordeaux retient son souffle avant le verdict<\/strong><\/h2>\n\n\n\n<p>La reprise des Girondins de Bordeaux est plus qu\u2019un simple dossier financier. Elle touche \u00e0 l\u2019histoire, \u00e0 l\u2019identit\u00e9 et \u00e0 l\u2019avenir d\u2019un monument du football fran\u00e7ais. Les supporters attendent une \u00e9claircie apr\u00e8s des ann\u00e9es de gal\u00e8re. Le choix du tribunal aura des cons\u00e9quences sportives et humaines profondes. Dans les coulisses, le match entre Lopez et Kahn bat son plein. Sur le terrain judiciaire, le FCGB joue son avenir imm\u00e9diat.<\/p>\n\n\n\n<p><strong>L\u2019avenir sportif viendra apr\u00e8s la reprise des Girondins de Bordeaux, si le club survit \u00e0 ce dernier combat<\/strong><\/p>\n\n\n\n<!-- Noptin Newsletter Plugin v4.2.2 - https:\/\/wordpress.org\/plugins\/newsletter-optin-box\/ --><div id=\"noptin-form-2__wrapper\" class=\"noptin-optin-main-wrapper noptin-form-id-9842 noptin-inpost-main-wrapper\" aria-labelledby=\"noptin-form-2__title\" ><style>\/*Custom css*\/\n\n.noptin-form-id-9842 .noptin-optin-form-wrapper .noptin-optin-form.noptin-form-single-line .noptin-form-submit{\n\tborder-radius: 30px;\n}\n\n@media only screen and (min-width: 768px) {\n\n\t.noptin-form-id-9842 .noptin-optin-form-wrapper .noptin-optin-form.noptin-form-single-line .noptin-form-submit{\n\t\tposition: absolute;\n\t\tbottom: -1px;\n\t\ttop: 0;\n\t\tright: 0px;\n\t}\n\n}\n\n.noptin-form-id-9842 .noptin-optin-form-wrapper .noptin-form-single-line .noptin-form-field{\n \tborder-radius: 30px !important;\n\tborder: none !important;\n} #noptin-form-2__wrapper {--noptin-background-color: #424242; --noptin-border-color: #424242; --noptin-button-color: #607D8B; --noptin-button-text-color: #fafafa; --noptin-title-color: #fafafa; --noptin-description-color: #fafafa; --noptin-prefix-color: #607d8b; --noptin-note-color: #fafafa;}<\/style><div style=\"max-width:620px; min-height:280px;border-color: #424242;\" class=\"noptin-optin-form-wrapper no-image\" ><!-- Form ID: 9842 --><form id=\"noptin-form-2\" class=\"noptin-optin-form noptin-form-single-line noptin-label-hide noptin-form-2\" method=\"post\" novalidate >\t\t\t\t\t<div class=\"noptin-form-header noptin-img-left\">\n\t\t\t\t\t\t\t\t\t\t\t\t<div class=\"noptin-form-header-text\">\n\n\t\t\t\t\t\t\t\t\t\t\t\t\t\t\t<div style=\"color: #607d8b;font-size: 20px; font-weight: 500; line-height: 1.3;\" class=\"noptin-form-prefix\">\n\t\t\t\t\t\t\t\t\t\t\t\t\t\t\t\t\t<\/div>\n\t\t\t\t\t\t\t\n\t\t\t\t\t\t\t\t\t\t\t\t\t\t\t<div style=\"color: #fafafa;font-size: 20px; font-weight: 700; line-height: 1.5;\" class=\"noptin-form-heading\">\n\t\t\t\t\t\t\t\t\tAbonnez-vous \u00e0 TopicFoot\t\t\t\t\t\t\t\t<\/div>\n\t\t\t\t\t\t\t\n\t\t\t\t\t\t\t\t\t\t\t\t\t\t\t<div style=\"color: #fafafa;font-size: 16px; font-weight: 500; line-height: 1.5;\" class=\"noptin-form-description\">\n\t\t\t\t\t\t\t\t\tEntrez votre Mail pour recevoir nos derniers articles.\t\t\t\t\t\t\t\t<\/div>\n\t\t\t\t\t\t\t\n\t\t\t\t\t\t<\/div>\n\t\t\t\t\t\t\n\t\t\t\t\t\t\t\t\t\t\t\t\t<div class=\"noptin-form-header-image\">\n\t\t\t\t\t\t\t\t<img decoding=\"async\" alt=\"icon\" src=\"https:\/\/www.topicfoot.fr\/wp-content\/plugins\/newsletter-optin-box\/includes\/assets\/images\/email-icon.png\" \/>\n\t\t\t\t\t\t\t<\/div>\n\t\t\t\t\t\t\n\t\t\t\t\t<\/div>\n\t\t\t\t<div class=\"noptin-form-footer\"><div class=\"noptin-form-fields\">\t\t\t<div class=\"noptin-form-field-wrapper noptin-form-field-email noptin-optin-field-wrapper noptin-optin-field-email\" id=\"noptin-form-2__field-email--wrapper\" >\n\t\t<div class=\"noptin-field-email\">\n\t\t\t<label class=\"noptin-label\" for=\"noptin-form-2__field-email\">Adresse Mail<\/label>\n\t\t\t<input name=\"noptin_fields[email]\" id=\"noptin-form-2__field-email\" type=\"email\" class=\"noptin-text noptin-form-field noptin-form-field__email noptin-form-field__has-no-placeholder\" placeholder=\"Adresse Mail\" required \/>\n\n\t\t<\/div><\/div>\t\t\t<div class=\"noptin-form-field-wrapper noptin-form-field- noptin-optin-field-wrapper noptin-optin-field-\" id=\"noptin-form-2__field---wrapper\" >\n\t\t<\/div>\t\t\t<div class=\"noptin-form-field-wrapper noptin-form-field-submit noptin-optin-field-wrapper noptin-optin-field-submit\" >\n\t\t\n\t\t\t<input type=\"submit\" id=\"noptin-form-2__submit\" class=\"noptin-form-submit btn button btn-primary button-primary wp-element-button\" name=\"noptin-submit\" value=\"Abonnez-vous\" style=\"background-color: #607D8B;color: #fafafa;\"  \/>\n\n\t\t<\/div><\/div>\t\t\t\t\t\t<div class=\"noptin-form-notice noptin-response\" role=\"alert\"><\/div>\n\t\t\t<\/div>\n\t\t\t<input type=\"hidden\" name=\"noptin_element_id\" value=\"2\" \/><input type=\"hidden\" name=\"source\" value=\"9842\" \/><input type=\"hidden\" name=\"form_action\" value=\"subscribe\" \/><input type=\"hidden\" name=\"noptin-config\" value=\"geVp3bmVsS.Bejx5F7hyheCZeasGrk6UoV7mPwUKzeAj_J_jRQjYkLtSn67MwIeo\" \/><input type=\"hidden\" name=\"noptin_form_id\" value=\"9842\" \/><\/form><\/div><!-- \/Form ID: 9842 --><\/div><!-- \/ Noptin Newsletter Plugin -->\n\n\n\n<p>Voir aussi notre article sur :\u00a0<a href=\"https:\/\/www.topicfoot.fr\/index.php\/2025\/04\/27\/gerard-lopez-promesses-en-trompe-loeil-et-chaos-financier\/\">G\u00e9rard Lopez : promesses en trompe-l\u2019\u0153il et chaos financier<\/a><\/p>\n\n\n\n<figure class=\"wp-block-embed is-type-wp-embed is-provider-topic-foot wp-block-embed-topic-foot\"><div class=\"wp-block-embed__wrapper\">\n<blockquote class=\"wp-embedded-content\" data-secret=\"jDtTeNjfNt\"><a href=\"https:\/\/www.topicfoot.fr\/index.php\/2025\/04\/27\/gerard-lopez-promesses-en-trompe-loeil-et-chaos-financier\/\">G\u00e9rard Lopez : promesses en trompe-l\u2019\u0153il et chaos financier<\/a><\/blockquote><iframe loading=\"lazy\" class=\"wp-embedded-content\" sandbox=\"allow-scripts\" security=\"restricted\" style=\"position: absolute; visibility: hidden;\" title=\"\u00ab\u00a0G\u00e9rard Lopez : promesses en trompe-l\u2019\u0153il et chaos financier\u00a0\u00bb &#8212; Topic Foot\" src=\"https:\/\/www.topicfoot.fr\/index.php\/2025\/04\/27\/gerard-lopez-promesses-en-trompe-loeil-et-chaos-financier\/embed\/#?secret=WgoWkFIjQT#?secret=jDtTeNjfNt\" data-secret=\"jDtTeNjfNt\" width=\"500\" height=\"282\" frameborder=\"0\" marginwidth=\"0\" marginheight=\"0\" scrolling=\"no\"><\/iframe>\n<\/div><\/figure>\n","protected":false},"excerpt":{"rendered":"<div class=\"mh-excerpt\">La reprise des Girondins de Bordeaux conna\u00eet un tournant inattendu avec l\u2019arriv\u00e9e d\u2019Oliver Kahn dans le dossier<\/div>\n<p> <a class=\"mh-excerpt-more\" href=\"https:\/\/www.topicfoot.fr\/index.php\/2025\/05\/29\/reprise-des-girondins-de-bordeaux-oliver-kahn-veut-racheter-le-club\/\" title=\"Reprise des Girondins de Bordeaux : Oliver Kahn veut racheter le club\">[&#8230;]<\/a><\/p>\n","protected":false},"author":1,"featured_media":14261,"comment_status":"closed","ping_status":"open","sticky":false,"template":"","format":"standard","meta":{"footnotes":""},"categories":[78,31],"tags":[],"post_folder":[],"class_list":{"0":"post-14260","1":"post","2":"type-post","3":"status-publish","4":"format-standard","5":"has-post-thumbnail","7":"category-club","8":"category-toutes-les-categories"},"yoast_head":"<!-- This site is optimized with the Yoast SEO plugin v27.4 - https:\/\/yoast.com\/product\/yoast-seo-wordpress\/ -->\n<title>Reprise des Girondins de Bordeaux : Oliver Kahn veut racheter le club<\/title>\n<meta name=\"description\" content=\"La reprise des Girondins de Bordeaux conna\u00eet un tournant inattendu avec l\u2019arriv\u00e9e d\u2019Oliver Kahn dans le dossier\" \/>\n<meta name=\"robots\" content=\"index, follow, max-snippet:-1, max-image-preview:large, max-video-preview:-1\" \/>\n<link rel=\"canonical\" href=\"https:\/\/www.topicfoot.fr\/index.php\/2025\/05\/29\/reprise-des-girondins-de-bordeaux-oliver-kahn-veut-racheter-le-club\/\" \/>\n<meta property=\"og:locale\" content=\"fr_FR\" \/>\n<meta property=\"og:type\" content=\"article\" \/>\n<meta property=\"og:title\" content=\"Reprise des Girondins de Bordeaux : Oliver Kahn veut racheter le club\" \/>\n<meta property=\"og:description\" content=\"La reprise des Girondins de Bordeaux conna\u00eet un tournant inattendu avec l\u2019arriv\u00e9e d\u2019Oliver Kahn dans le dossier\" \/>\n<meta property=\"og:url\" content=\"https:\/\/www.topicfoot.fr\/index.php\/2025\/05\/29\/reprise-des-girondins-de-bordeaux-oliver-kahn-veut-racheter-le-club\/\" \/>\n<meta property=\"og:site_name\" content=\"Topic Foot\" \/>\n<meta property=\"article:publisher\" content=\"https:\/\/www.facebook.com\/topicfoot.fr\" \/>\n<meta property=\"article:published_time\" content=\"2025-05-29T19:18:47+00:00\" \/>\n<meta property=\"article:modified_time\" content=\"2025-05-29T19:18:57+00:00\" \/>\n<meta property=\"og:image\" content=\"https:\/\/www.topicfoot.fr\/wp-content\/uploads\/2025\/05\/oliver-kahn.webp\" \/>\n\t<meta property=\"og:image:width\" content=\"1024\" \/>\n\t<meta property=\"og:image:height\" content=\"576\" \/>\n\t<meta property=\"og:image:type\" content=\"image\/jpeg\" \/>\n<meta name=\"author\" content=\"Florent G\" \/>\n<meta name=\"twitter:card\" content=\"summary_large_image\" \/>\n<meta name=\"twitter:label1\" content=\"\u00c9crit par\" \/>\n\t<meta name=\"twitter:data1\" content=\"Florent G\" \/>\n\t<meta name=\"twitter:label2\" content=\"Dur\u00e9e de lecture estim\u00e9e\" \/>\n\t<meta name=\"twitter:data2\" content=\"4 minutes\" \/>\n<script type=\"application\/ld+json\" class=\"yoast-schema-graph\">{\"@context\":\"https:\\\/\\\/schema.org\",\"@graph\":[{\"@type\":\"Article\",\"@id\":\"https:\\\/\\\/www.topicfoot.fr\\\/index.php\\\/2025\\\/05\\\/29\\\/reprise-des-girondins-de-bordeaux-oliver-kahn-veut-racheter-le-club\\\/#article\",\"isPartOf\":{\"@id\":\"https:\\\/\\\/www.topicfoot.fr\\\/index.php\\\/2025\\\/05\\\/29\\\/reprise-des-girondins-de-bordeaux-oliver-kahn-veut-racheter-le-club\\\/\"},\"author\":{\"name\":\"Florent G\",\"@id\":\"https:\\\/\\\/www.topicfoot.fr\\\/#\\\/schema\\\/person\\\/e11785565f6247f9acd9d5b796ec4d62\"},\"headline\":\"Reprise des Girondins de Bordeaux : Oliver Kahn veut racheter le club\",\"datePublished\":\"2025-05-29T19:18:47+00:00\",\"dateModified\":\"2025-05-29T19:18:57+00:00\",\"mainEntityOfPage\":{\"@id\":\"https:\\\/\\\/www.topicfoot.fr\\\/index.php\\\/2025\\\/05\\\/29\\\/reprise-des-girondins-de-bordeaux-oliver-kahn-veut-racheter-le-club\\\/\"},\"wordCount\":722,\"publisher\":{\"@id\":\"https:\\\/\\\/www.topicfoot.fr\\\/#organization\"},\"image\":{\"@id\":\"https:\\\/\\\/www.topicfoot.fr\\\/index.php\\\/2025\\\/05\\\/29\\\/reprise-des-girondins-de-bordeaux-oliver-kahn-veut-racheter-le-club\\\/#primaryimage\"},\"thumbnailUrl\":\"https:\\\/\\\/www.topicfoot.fr\\\/wp-content\\\/uploads\\\/2025\\\/05\\\/oliver-kahn.webp\",\"articleSection\":[\"Finances des clubs de football\",\"Toutes les cat\u00e9gories\"],\"inLanguage\":\"fr-FR\"},{\"@type\":\"WebPage\",\"@id\":\"https:\\\/\\\/www.topicfoot.fr\\\/index.php\\\/2025\\\/05\\\/29\\\/reprise-des-girondins-de-bordeaux-oliver-kahn-veut-racheter-le-club\\\/\",\"url\":\"https:\\\/\\\/www.topicfoot.fr\\\/index.php\\\/2025\\\/05\\\/29\\\/reprise-des-girondins-de-bordeaux-oliver-kahn-veut-racheter-le-club\\\/\",\"name\":\"Reprise des Girondins de Bordeaux : Oliver Kahn veut racheter le club\",\"isPartOf\":{\"@id\":\"https:\\\/\\\/www.topicfoot.fr\\\/#website\"},\"primaryImageOfPage\":{\"@id\":\"https:\\\/\\\/www.topicfoot.fr\\\/index.php\\\/2025\\\/05\\\/29\\\/reprise-des-girondins-de-bordeaux-oliver-kahn-veut-racheter-le-club\\\/#primaryimage\"},\"image\":{\"@id\":\"https:\\\/\\\/www.topicfoot.fr\\\/index.php\\\/2025\\\/05\\\/29\\\/reprise-des-girondins-de-bordeaux-oliver-kahn-veut-racheter-le-club\\\/#primaryimage\"},\"thumbnailUrl\":\"https:\\\/\\\/www.topicfoot.fr\\\/wp-content\\\/uploads\\\/2025\\\/05\\\/oliver-kahn.webp\",\"datePublished\":\"2025-05-29T19:18:47+00:00\",\"dateModified\":\"2025-05-29T19:18:57+00:00\",\"description\":\"La reprise des Girondins de Bordeaux conna\u00eet un tournant inattendu avec l\u2019arriv\u00e9e d\u2019Oliver Kahn dans le dossier\",\"breadcrumb\":{\"@id\":\"https:\\\/\\\/www.topicfoot.fr\\\/index.php\\\/2025\\\/05\\\/29\\\/reprise-des-girondins-de-bordeaux-oliver-kahn-veut-racheter-le-club\\\/#breadcrumb\"},\"inLanguage\":\"fr-FR\",\"potentialAction\":[{\"@type\":\"ReadAction\",\"target\":[\"https:\\\/\\\/www.topicfoot.fr\\\/index.php\\\/2025\\\/05\\\/29\\\/reprise-des-girondins-de-bordeaux-oliver-kahn-veut-racheter-le-club\\\/\"]}]},{\"@type\":\"ImageObject\",\"inLanguage\":\"fr-FR\",\"@id\":\"https:\\\/\\\/www.topicfoot.fr\\\/index.php\\\/2025\\\/05\\\/29\\\/reprise-des-girondins-de-bordeaux-oliver-kahn-veut-racheter-le-club\\\/#primaryimage\",\"url\":\"https:\\\/\\\/www.topicfoot.fr\\\/wp-content\\\/uploads\\\/2025\\\/05\\\/oliver-kahn.webp\",\"contentUrl\":\"https:\\\/\\\/www.topicfoot.fr\\\/wp-content\\\/uploads\\\/2025\\\/05\\\/oliver-kahn.webp\",\"width\":1024,\"height\":576},{\"@type\":\"BreadcrumbList\",\"@id\":\"https:\\\/\\\/www.topicfoot.fr\\\/index.php\\\/2025\\\/05\\\/29\\\/reprise-des-girondins-de-bordeaux-oliver-kahn-veut-racheter-le-club\\\/#breadcrumb\",\"itemListElement\":[{\"@type\":\"ListItem\",\"position\":1,\"name\":\"Accueil\",\"item\":\"https:\\\/\\\/www.topicfoot.fr\\\/\"},{\"@type\":\"ListItem\",\"position\":2,\"name\":\"Reprise des Girondins de Bordeaux : Oliver Kahn veut racheter le club\"}]},{\"@type\":\"WebSite\",\"@id\":\"https:\\\/\\\/www.topicfoot.fr\\\/#website\",\"url\":\"https:\\\/\\\/www.topicfoot.fr\\\/\",\"name\":\"Topic Foot\",\"description\":\"Tous l&#039;univers du Foot !\",\"publisher\":{\"@id\":\"https:\\\/\\\/www.topicfoot.fr\\\/#organization\"},\"potentialAction\":[{\"@type\":\"SearchAction\",\"target\":{\"@type\":\"EntryPoint\",\"urlTemplate\":\"https:\\\/\\\/www.topicfoot.fr\\\/?s={search_term_string}\"},\"query-input\":{\"@type\":\"PropertyValueSpecification\",\"valueRequired\":true,\"valueName\":\"search_term_string\"}}],\"inLanguage\":\"fr-FR\"},{\"@type\":\"Organization\",\"@id\":\"https:\\\/\\\/www.topicfoot.fr\\\/#organization\",\"name\":\"Topic Foot\",\"url\":\"https:\\\/\\\/www.topicfoot.fr\\\/\",\"logo\":{\"@type\":\"ImageObject\",\"inLanguage\":\"fr-FR\",\"@id\":\"https:\\\/\\\/www.topicfoot.fr\\\/#\\\/schema\\\/logo\\\/image\\\/\",\"url\":\"https:\\\/\\\/www.topicfoot.fr\\\/wp-content\\\/uploads\\\/2024\\\/04\\\/cropped-logo-topicfoot-new.jpg\",\"contentUrl\":\"https:\\\/\\\/www.topicfoot.fr\\\/wp-content\\\/uploads\\\/2024\\\/04\\\/cropped-logo-topicfoot-new.jpg\",\"width\":512,\"height\":512,\"caption\":\"Topic Foot\"},\"image\":{\"@id\":\"https:\\\/\\\/www.topicfoot.fr\\\/#\\\/schema\\\/logo\\\/image\\\/\"},\"sameAs\":[\"https:\\\/\\\/www.facebook.com\\\/topicfoot.fr\"]},{\"@type\":\"Person\",\"@id\":\"https:\\\/\\\/www.topicfoot.fr\\\/#\\\/schema\\\/person\\\/e11785565f6247f9acd9d5b796ec4d62\",\"name\":\"Florent G\",\"image\":{\"@type\":\"ImageObject\",\"inLanguage\":\"fr-FR\",\"@id\":\"https:\\\/\\\/secure.gravatar.com\\\/avatar\\\/1bb7e359942e0285fca3d40822ea6bdc74a98b7975407bfdf34b5a511f2155da?s=96&d=mm&r=g\",\"url\":\"https:\\\/\\\/secure.gravatar.com\\\/avatar\\\/1bb7e359942e0285fca3d40822ea6bdc74a98b7975407bfdf34b5a511f2155da?s=96&d=mm&r=g\",\"contentUrl\":\"https:\\\/\\\/secure.gravatar.com\\\/avatar\\\/1bb7e359942e0285fca3d40822ea6bdc74a98b7975407bfdf34b5a511f2155da?s=96&d=mm&r=g\",\"caption\":\"Florent G\"},\"description\":\"Je m'appelle Florent et je suis le cr\u00e9ateur de Topicfoot, un projet n\u00e9 de ma conviction que le football m\u00e9rite une couverture m\u00e9diatique de qualit\u00e9, ancr\u00e9e dans les faits et enrichie par l'analyse. Passionn\u00e9 de journalisme, j'ai toujours \u00e9t\u00e9 fascin\u00e9 par le sport comme r\u00e9v\u00e9lateur de soci\u00e9t\u00e9s. Mais c'est surtout l'explosion des donn\u00e9es et des nouvelles technologies dans le football qui m'a pouss\u00e9 \u00e0 lancer Topicfoot : statistiques avanc\u00e9es, mod\u00e8les pr\u00e9dictifs, analyse vid\u00e9o intelligente, impact des r\u00e9seaux sociaux sur les carri\u00e8res des joueurs. J'adore creuser ces th\u00e9matiques o\u00f9 les chiffres racontent une histoire que les yeux seuls ne voient pas. Au-del\u00e0 de la r\u00e9daction, je suis responsable de la ligne \u00e9ditoriale de Topicfoot et de sa strat\u00e9gie num\u00e9rique. Je crois que le journalisme sportif doit allier rigueur journalistique et innovation technologique pour offrir aux lecteurs une exp\u00e9rience moderne et approfondie. Nous couvrons les grands \u00e9v\u00e9nements du football europ\u00e9en et nous explorons comment les clubs utilisent les donn\u00e9es pour transformer leur organisation. Pour moi, Topicfoot, c'est la promesse d'un football mieux compris.\",\"sameAs\":[\"https:\\\/\\\/www.topicfoot.fr\"],\"url\":\"https:\\\/\\\/www.topicfoot.fr\\\/index.php\\\/author\\\/vitrindunet\\\/\"}]}<\/script>\n<!-- \/ Yoast SEO plugin. -->","yoast_head_json":{"title":"Reprise des Girondins de Bordeaux : Oliver Kahn veut racheter le club","description":"La reprise des Girondins de Bordeaux conna\u00eet un tournant inattendu avec l\u2019arriv\u00e9e d\u2019Oliver Kahn dans le dossier","robots":{"index":"index","follow":"follow","max-snippet":"max-snippet:-1","max-image-preview":"max-image-preview:large","max-video-preview":"max-video-preview:-1"},"canonical":"https:\/\/www.topicfoot.fr\/index.php\/2025\/05\/29\/reprise-des-girondins-de-bordeaux-oliver-kahn-veut-racheter-le-club\/","og_locale":"fr_FR","og_type":"article","og_title":"Reprise des Girondins de Bordeaux : Oliver Kahn veut racheter le club","og_description":"La reprise des Girondins de Bordeaux conna\u00eet un tournant inattendu avec l\u2019arriv\u00e9e d\u2019Oliver Kahn dans le dossier","og_url":"https:\/\/www.topicfoot.fr\/index.php\/2025\/05\/29\/reprise-des-girondins-de-bordeaux-oliver-kahn-veut-racheter-le-club\/","og_site_name":"Topic Foot","article_publisher":"https:\/\/www.facebook.com\/topicfoot.fr","article_published_time":"2025-05-29T19:18:47+00:00","article_modified_time":"2025-05-29T19:18:57+00:00","og_image":[{"width":1024,"height":576,"url":"https:\/\/www.topicfoot.fr\/wp-content\/uploads\/2025\/05\/oliver-kahn.webp","type":"image\/jpeg"}],"author":"Florent G","twitter_card":"summary_large_image","twitter_misc":{"\u00c9crit par":"Florent G","Dur\u00e9e de lecture estim\u00e9e":"4 minutes"},"schema":{"@context":"https:\/\/schema.org","@graph":[{"@type":"Article","@id":"https:\/\/www.topicfoot.fr\/index.php\/2025\/05\/29\/reprise-des-girondins-de-bordeaux-oliver-kahn-veut-racheter-le-club\/#article","isPartOf":{"@id":"https:\/\/www.topicfoot.fr\/index.php\/2025\/05\/29\/reprise-des-girondins-de-bordeaux-oliver-kahn-veut-racheter-le-club\/"},"author":{"name":"Florent G","@id":"https:\/\/www.topicfoot.fr\/#\/schema\/person\/e11785565f6247f9acd9d5b796ec4d62"},"headline":"Reprise des Girondins de Bordeaux : Oliver Kahn veut racheter le club","datePublished":"2025-05-29T19:18:47+00:00","dateModified":"2025-05-29T19:18:57+00:00","mainEntityOfPage":{"@id":"https:\/\/www.topicfoot.fr\/index.php\/2025\/05\/29\/reprise-des-girondins-de-bordeaux-oliver-kahn-veut-racheter-le-club\/"},"wordCount":722,"publisher":{"@id":"https:\/\/www.topicfoot.fr\/#organization"},"image":{"@id":"https:\/\/www.topicfoot.fr\/index.php\/2025\/05\/29\/reprise-des-girondins-de-bordeaux-oliver-kahn-veut-racheter-le-club\/#primaryimage"},"thumbnailUrl":"https:\/\/www.topicfoot.fr\/wp-content\/uploads\/2025\/05\/oliver-kahn.webp","articleSection":["Finances des clubs de football","Toutes les cat\u00e9gories"],"inLanguage":"fr-FR"},{"@type":"WebPage","@id":"https:\/\/www.topicfoot.fr\/index.php\/2025\/05\/29\/reprise-des-girondins-de-bordeaux-oliver-kahn-veut-racheter-le-club\/","url":"https:\/\/www.topicfoot.fr\/index.php\/2025\/05\/29\/reprise-des-girondins-de-bordeaux-oliver-kahn-veut-racheter-le-club\/","name":"Reprise des Girondins de Bordeaux : Oliver Kahn veut racheter le club","isPartOf":{"@id":"https:\/\/www.topicfoot.fr\/#website"},"primaryImageOfPage":{"@id":"https:\/\/www.topicfoot.fr\/index.php\/2025\/05\/29\/reprise-des-girondins-de-bordeaux-oliver-kahn-veut-racheter-le-club\/#primaryimage"},"image":{"@id":"https:\/\/www.topicfoot.fr\/index.php\/2025\/05\/29\/reprise-des-girondins-de-bordeaux-oliver-kahn-veut-racheter-le-club\/#primaryimage"},"thumbnailUrl":"https:\/\/www.topicfoot.fr\/wp-content\/uploads\/2025\/05\/oliver-kahn.webp","datePublished":"2025-05-29T19:18:47+00:00","dateModified":"2025-05-29T19:18:57+00:00","description":"La reprise des Girondins de Bordeaux conna\u00eet un tournant inattendu avec l\u2019arriv\u00e9e d\u2019Oliver Kahn dans le dossier","breadcrumb":{"@id":"https:\/\/www.topicfoot.fr\/index.php\/2025\/05\/29\/reprise-des-girondins-de-bordeaux-oliver-kahn-veut-racheter-le-club\/#breadcrumb"},"inLanguage":"fr-FR","potentialAction":[{"@type":"ReadAction","target":["https:\/\/www.topicfoot.fr\/index.php\/2025\/05\/29\/reprise-des-girondins-de-bordeaux-oliver-kahn-veut-racheter-le-club\/"]}]},{"@type":"ImageObject","inLanguage":"fr-FR","@id":"https:\/\/www.topicfoot.fr\/index.php\/2025\/05\/29\/reprise-des-girondins-de-bordeaux-oliver-kahn-veut-racheter-le-club\/#primaryimage","url":"https:\/\/www.topicfoot.fr\/wp-content\/uploads\/2025\/05\/oliver-kahn.webp","contentUrl":"https:\/\/www.topicfoot.fr\/wp-content\/uploads\/2025\/05\/oliver-kahn.webp","width":1024,"height":576},{"@type":"BreadcrumbList","@id":"https:\/\/www.topicfoot.fr\/index.php\/2025\/05\/29\/reprise-des-girondins-de-bordeaux-oliver-kahn-veut-racheter-le-club\/#breadcrumb","itemListElement":[{"@type":"ListItem","position":1,"name":"Accueil","item":"https:\/\/www.topicfoot.fr\/"},{"@type":"ListItem","position":2,"name":"Reprise des Girondins de Bordeaux : Oliver Kahn veut racheter le club"}]},{"@type":"WebSite","@id":"https:\/\/www.topicfoot.fr\/#website","url":"https:\/\/www.topicfoot.fr\/","name":"Topic Foot","description":"Tous l&#039;univers du Foot !","publisher":{"@id":"https:\/\/www.topicfoot.fr\/#organization"},"potentialAction":[{"@type":"SearchAction","target":{"@type":"EntryPoint","urlTemplate":"https:\/\/www.topicfoot.fr\/?s={search_term_string}"},"query-input":{"@type":"PropertyValueSpecification","valueRequired":true,"valueName":"search_term_string"}}],"inLanguage":"fr-FR"},{"@type":"Organization","@id":"https:\/\/www.topicfoot.fr\/#organization","name":"Topic Foot","url":"https:\/\/www.topicfoot.fr\/","logo":{"@type":"ImageObject","inLanguage":"fr-FR","@id":"https:\/\/www.topicfoot.fr\/#\/schema\/logo\/image\/","url":"https:\/\/www.topicfoot.fr\/wp-content\/uploads\/2024\/04\/cropped-logo-topicfoot-new.jpg","contentUrl":"https:\/\/www.topicfoot.fr\/wp-content\/uploads\/2024\/04\/cropped-logo-topicfoot-new.jpg","width":512,"height":512,"caption":"Topic Foot"},"image":{"@id":"https:\/\/www.topicfoot.fr\/#\/schema\/logo\/image\/"},"sameAs":["https:\/\/www.facebook.com\/topicfoot.fr"]},{"@type":"Person","@id":"https:\/\/www.topicfoot.fr\/#\/schema\/person\/e11785565f6247f9acd9d5b796ec4d62","name":"Florent G","image":{"@type":"ImageObject","inLanguage":"fr-FR","@id":"https:\/\/secure.gravatar.com\/avatar\/1bb7e359942e0285fca3d40822ea6bdc74a98b7975407bfdf34b5a511f2155da?s=96&d=mm&r=g","url":"https:\/\/secure.gravatar.com\/avatar\/1bb7e359942e0285fca3d40822ea6bdc74a98b7975407bfdf34b5a511f2155da?s=96&d=mm&r=g","contentUrl":"https:\/\/secure.gravatar.com\/avatar\/1bb7e359942e0285fca3d40822ea6bdc74a98b7975407bfdf34b5a511f2155da?s=96&d=mm&r=g","caption":"Florent G"},"description":"Je m'appelle Florent et je suis le cr\u00e9ateur de Topicfoot, un projet n\u00e9 de ma conviction que le football m\u00e9rite une couverture m\u00e9diatique de qualit\u00e9, ancr\u00e9e dans les faits et enrichie par l'analyse. Passionn\u00e9 de journalisme, j'ai toujours \u00e9t\u00e9 fascin\u00e9 par le sport comme r\u00e9v\u00e9lateur de soci\u00e9t\u00e9s. Mais c'est surtout l'explosion des donn\u00e9es et des nouvelles technologies dans le football qui m'a pouss\u00e9 \u00e0 lancer Topicfoot : statistiques avanc\u00e9es, mod\u00e8les pr\u00e9dictifs, analyse vid\u00e9o intelligente, impact des r\u00e9seaux sociaux sur les carri\u00e8res des joueurs. J'adore creuser ces th\u00e9matiques o\u00f9 les chiffres racontent une histoire que les yeux seuls ne voient pas. Au-del\u00e0 de la r\u00e9daction, je suis responsable de la ligne \u00e9ditoriale de Topicfoot et de sa strat\u00e9gie num\u00e9rique. Je crois que le journalisme sportif doit allier rigueur journalistique et innovation technologique pour offrir aux lecteurs une exp\u00e9rience moderne et approfondie. Nous couvrons les grands \u00e9v\u00e9nements du football europ\u00e9en et nous explorons comment les clubs utilisent les donn\u00e9es pour transformer leur organisation. Pour moi, Topicfoot, c'est la promesse d'un football mieux compris.","sameAs":["https:\/\/www.topicfoot.fr"],"url":"https:\/\/www.topicfoot.fr\/index.php\/author\/vitrindunet\/"}]}},"_links":{"self":[{"href":"https:\/\/www.topicfoot.fr\/index.php\/wp-json\/wp\/v2\/posts\/14260","targetHints":{"allow":["GET"]}}],"collection":[{"href":"https:\/\/www.topicfoot.fr\/index.php\/wp-json\/wp\/v2\/posts"}],"about":[{"href":"https:\/\/www.topicfoot.fr\/index.php\/wp-json\/wp\/v2\/types\/post"}],"author":[{"embeddable":true,"href":"https:\/\/www.topicfoot.fr\/index.php\/wp-json\/wp\/v2\/users\/1"}],"replies":[{"embeddable":true,"href":"https:\/\/www.topicfoot.fr\/index.php\/wp-json\/wp\/v2\/comments?post=14260"}],"version-history":[{"count":0,"href":"https:\/\/www.topicfoot.fr\/index.php\/wp-json\/wp\/v2\/posts\/14260\/revisions"}],"wp:featuredmedia":[{"embeddable":true,"href":"https:\/\/www.topicfoot.fr\/index.php\/wp-json\/wp\/v2\/media\/14261"}],"wp:attachment":[{"href":"https:\/\/www.topicfoot.fr\/index.php\/wp-json\/wp\/v2\/media?parent=14260"}],"wp:term":[{"taxonomy":"category","embeddable":true,"href":"https:\/\/www.topicfoot.fr\/index.php\/wp-json\/wp\/v2\/categories?post=14260"},{"taxonomy":"post_tag","embeddable":true,"href":"https:\/\/www.topicfoot.fr\/index.php\/wp-json\/wp\/v2\/tags?post=14260"},{"taxonomy":"post_folder","embeddable":true,"href":"https:\/\/www.topicfoot.fr\/index.php\/wp-json\/wp\/v2\/post_folder?post=14260"}],"curies":[{"name":"wp","href":"https:\/\/api.w.org\/{rel}","templated":true}]}}