{"id":15446,"date":"2025-08-08T11:26:34","date_gmt":"2025-08-08T09:26:34","guid":{"rendered":"https:\/\/www.topicfoot.fr\/?p=15446"},"modified":"2025-08-08T11:26:42","modified_gmt":"2025-08-08T09:26:42","slug":"laffaire-thomas-partey-quand-le-football-est-rattrape-par-la-justice","status":"publish","type":"post","link":"https:\/\/www.topicfoot.fr\/index.php\/2025\/08\/08\/laffaire-thomas-partey-quand-le-football-est-rattrape-par-la-justice\/","title":{"rendered":"L\u2019affaire Thomas Partey : quand le football est rattrap\u00e9 par la justice"},"content":{"rendered":"<span class=\"span-reading-time rt-reading-time\" style=\"display: block;\"><span class=\"rt-label rt-prefix\">Temps de lecture\u00a0:  <\/span> <span class=\"rt-time\"> 4<\/span> <span class=\"rt-label rt-postfix\">minutes.  <\/span><\/span>\n<p><strong>Une star du football au c\u0153ur d\u2019un scandale judiciaire. L\u2019affaire Thomas Partey secoue les vestiaires et interroge les fondations du sport.<\/strong><\/p>\n\n\n\n<figure class=\"wp-block-image size-full\"><img loading=\"lazy\" decoding=\"async\" width=\"1024\" height=\"576\" src=\"https:\/\/www.topicfoot.fr\/wp-content\/uploads\/2025\/08\/thomas-partey.webp\" alt=\"L\u2019affaire Thomas Partey : quand le football est rattrap\u00e9 par la justice\" class=\"wp-image-15448\" srcset=\"https:\/\/www.topicfoot.fr\/wp-content\/uploads\/2025\/08\/thomas-partey.webp 1024w, https:\/\/www.topicfoot.fr\/wp-content\/uploads\/2025\/08\/thomas-partey-300x169.webp 300w, https:\/\/www.topicfoot.fr\/wp-content\/uploads\/2025\/08\/thomas-partey-768x432.webp 768w, https:\/\/www.topicfoot.fr\/wp-content\/uploads\/2025\/08\/thomas-partey-678x381.webp 678w\" sizes=\"auto, (max-width: 1024px) 100vw, 1024px\" \/><\/figure>\n\n\n\n<p class=\"has-text-align-center\">Thomas Partey Cr\u00e9dits : Reuters<\/p>\n\n\n\n<p>Le nom de Thomas Partey ne s\u2019affiche plus seulement dans les feuilles de match. Depuis juillet 2025, il est devenu synonyme de pol\u00e9mique, de silence institutionnel et de col\u00e8re populaire. Ce joueur de renom, pass\u00e9 par Arsenal et r\u00e9cemment sign\u00e9 par Villarreal, fait d\u00e9sormais face \u00e0 des accusations graves, plongeant le monde du football dans une zone trouble. Retour sur une affaire qui pourrait marquer un tournant majeur dans la gestion des violences sexuelles dans le sport professionnel.<\/p>\n\n\n\n<h2 class=\"wp-block-heading\">Thomas Partey au c\u0153ur de lourdes accusations p\u00e9nales<\/h2>\n\n\n\n<p>Le 4 juillet 2025, le Crown Prosecution Service a officiellement inculp\u00e9 Thomas Partey pour six faits criminels. Il s\u2019agit de cinq chefs d\u2019accusation de viol et un d\u2019agression sexuelle. Trois femmes sont impliqu\u00e9es. Les faits remonteraient \u00e0 la p\u00e9riode 2021-2022, alors que Partey portait encore les couleurs d\u2019Arsenal. Deux chefs de viol visent une premi\u00e8re femme, trois autres une seconde, et une troisi\u00e8me l\u2019accuse d\u2019agression sexuelle. La nouvelle tombe comme un coup de tonnerre dans l\u2019univers feutr\u00e9 de la Premier League.<\/p>\n\n\n\n<h2 class=\"wp-block-heading\">Une affaire sous silence pendant plus de trois ans<\/h2>\n\n\n\n<p>Tout commence en f\u00e9vrier 2022. Des plaintes sont d\u00e9pos\u00e9es, mais l\u2019identit\u00e9 de Thomas Partey reste confidentielle. La loi britannique prot\u00e8ge l\u2019anonymat des suspects jusqu\u2019\u00e0 leur inculpation. En juillet 2022, un joueur est arr\u00eat\u00e9 \u00e0 Barnet. Les m\u00e9dias parlent d\u2019un footballeur international proche de participer \u00e0 la Coupe du Monde. Les sp\u00e9culations vont bon train, mais aucun nom ne filtre. Pendant ce temps, Partey continue de jouer. En trois ans, il dispute pr\u00e8s de cent matchs avec Arsenal. Sur le terrain, les chants hostiles de certains supporters se font entendre. Dans les tribunes, l\u2019incompr\u00e9hension s\u2019installe.<\/p>\n\n\n\n<h2 class=\"wp-block-heading\">Arsenal face \u00e0 ses responsabilit\u00e9s<\/h2>\n\n\n\n<p>En juillet 2025, une enqu\u00eate de The Athletic r\u00e9v\u00e8le un d\u00e9tail troublant. Arsenal aurait \u00e9t\u00e9 inform\u00e9 d\u00e8s septembre 2021 des accusations visant Thomas Partey. Une des victimes pr\u00e9sum\u00e9es avait m\u00eame contact\u00e9 directement le club. La police londonienne aurait ensuite pr\u00e9venu officiellement les dirigeants. Malgr\u00e9 cela, Arsenal choisit de ne rien changer. Partey reste titulaire, est mis en avant dans les contenus promotionnels, et discute m\u00eame d\u2019une prolongation de contrat. Une d\u00e9cision qui choque une partie du public. Certaines victimes rapportent avoir \u00e9t\u00e9 menac\u00e9es apr\u00e8s ses performances. L\u2019entra\u00eeneur Mikel Arteta d\u00e9fend le club. Il affirme qu\u2019Arsenal a suivi toutes les proc\u00e9dures. Une posture qui tranche avec d\u2019autres clubs anglais, plus prudents dans des cas similaires.<\/p>\n\n\n\n<h2 class=\"wp-block-heading\">Premiers pas devant la justice britannique<\/h2>\n\n\n\n<p>Le 5 ao\u00fbt 2025, Thomas Partey se pr\u00e9sente devant le tribunal de Westminster. L\u2019audience dure une quinzaine de minutes. Il reste impassible, v\u00eatu de noir, les mains derri\u00e8re le dos. Son avocate, Jenny Wiltshire, d\u00e9clare que son client conteste toutes les accusations. Partey est lib\u00e9r\u00e9 sous caution, mais avec des conditions strictes. Il ne doit pas contacter les plaignantes, doit signaler son adresse et pr\u00e9venir en cas de d\u00e9placement. Le proc\u00e8s aura lieu \u00e0 la cour d\u2019Old Bailey le 2 septembre. Ce tribunal est l\u2019un des plus prestigieux pour les affaires criminelles \u00e0 Londres. Le regard du monde du football se tourne alors vers la justice.<\/p>\n\n\n\n<h2 class=\"wp-block-heading\">Villarreal prend un pari risqu\u00e9<\/h2>\n\n\n\n<p>\u00c0 peine un mois apr\u00e8s son inculpation, Thomas Partey trouve un nouveau club. Villarreal officialise sa signature le 8 ao\u00fbt 2025. Le contrat court jusqu\u2019en 2027. La r\u00e9action des supporters ne se fait pas attendre. Une p\u00e9tition circule, rassemblant des centaines de signatures. Certains qualifient ce jour de plus sombre de l\u2019histoire du club. Le pr\u00e9sident d\u2019un groupe de supporters affirme que 90 % des fans sont oppos\u00e9s \u00e0 sa venue. D\u2019autres invoquent la pr\u00e9somption d\u2019innocence et les besoins sportifs du club. Le d\u00e9bat divise profond\u00e9ment les tribunes espagnoles.<\/p>\n\n\n\n<h2 class=\"wp-block-heading\">Des cons\u00e9quences juridiques en Espagne<\/h2>\n\n\n\n<p>Ce transfert n\u2019est pas sans risque pour Villarreal. Depuis d\u00e9cembre 2022, une loi espagnole interdit \u00e0 tout sportif condamn\u00e9 pour agression sexuelle de pratiquer. Si Thomas Partey est reconnu coupable, il sera automatiquement suspendu. La peine peut aller jusqu\u2019\u00e0 quinze ans d\u2019interdiction d\u2019exercer dans un club professionnel. Le club a donc engag\u00e9 un joueur qui pourrait \u00eatre \u00e9cart\u00e9 rapidement. Un pari qui pourrait co\u00fbter cher sur le plan sportif et institutionnel.<\/p>\n\n\n\n<h2 class=\"wp-block-heading\">La responsabilit\u00e9 morale du football en question<\/h2>\n\n\n\n<p>L\u2019affaire Thomas Partey d\u00e9passe le simple cadre judiciaire. Elle r\u00e9v\u00e8le les dilemmes moraux que rencontrent les institutions sportives. Faut-il prot\u00e9ger les joueurs \u00e0 tout prix ? Le sport peut-il ignorer des accusations aussi graves ? Pendant trois ans, Partey a jou\u00e9, promu par son club, applaudi par certains, d\u00e9nonc\u00e9 par d\u2019autres. Ce flou entre silence l\u00e9gal, opportunisme sportif et m\u00e9pris de la parole des victimes trouble les supporters. Le football doit-il revoir ses r\u00e8gles internes face \u00e0 de tels cas ?<\/p>\n\n\n\n<h2 class=\"wp-block-heading\">Un climat de m\u00e9fiance entre supporters et institutions<\/h2>\n\n\n\n<p>De nombreux fans s\u2019interrogent : leur club a-t-il tout fait pour d\u00e9fendre les valeurs du sport ? Ou a-t-il pr\u00e9f\u00e9r\u00e9 prot\u00e9ger ses int\u00e9r\u00eats ? Le contraste est saisissant avec d\u2019autres sports o\u00f9 les sanctions pr\u00e9ventives sont imm\u00e9diates. Le soutien inconditionnel d\u2019Arsenal puis le recrutement de Villarreal nourrissent un malaise persistant. Les supporters, de plus en plus exigeants, demandent des comptes. Le football peut-il continuer \u00e0 s\u00e9parer \u00e9thique et performance ? L\u2019affaire Thomas Partey ouvre un d\u00e9bat br\u00fblant dans toutes les tribunes d\u2019Europe.<\/p>\n\n\n\n<h2 class=\"wp-block-heading\">Un proc\u00e8s \u00e0 suivre de pr\u00e8s<\/h2>\n\n\n\n<p>Le proc\u00e8s de Thomas Partey d\u00e9butera le 2 septembre devant le tribunal d\u2019Old Bailey. Ce sera un moment cl\u00e9, non seulement pour le joueur, mais pour tout le football. La justice dira si les accusations sont fond\u00e9es. Mais d\u00e9j\u00e0, cette affaire laisse des traces durables. Elle met en lumi\u00e8re les fragilit\u00e9s d\u2019un syst\u00e8me qui peine \u00e0 concilier valeurs humaines et enjeux sportifs. Elle pose aussi une autre question : que faire des clubs qui choisissent d\u2019ignorer les signaux d\u2019alerte ?<\/p>\n\n\n\n<p>Ce dossier explosif pourrait bien rebattre les cartes dans la fa\u00e7on dont le football traite les cas d\u2019agression sexuelle.<\/p>\n\n\n\n<!-- Noptin Newsletter Plugin v4.2.2 - https:\/\/wordpress.org\/plugins\/newsletter-optin-box\/ --><div id=\"noptin-form-2__wrapper\" class=\"noptin-optin-main-wrapper noptin-form-id-9842 noptin-inpost-main-wrapper\" aria-labelledby=\"noptin-form-2__title\" ><style>\/*Custom css*\/\n\n.noptin-form-id-9842 .noptin-optin-form-wrapper .noptin-optin-form.noptin-form-single-line .noptin-form-submit{\n\tborder-radius: 30px;\n}\n\n@media only screen and (min-width: 768px) {\n\n\t.noptin-form-id-9842 .noptin-optin-form-wrapper .noptin-optin-form.noptin-form-single-line .noptin-form-submit{\n\t\tposition: absolute;\n\t\tbottom: -1px;\n\t\ttop: 0;\n\t\tright: 0px;\n\t}\n\n}\n\n.noptin-form-id-9842 .noptin-optin-form-wrapper .noptin-form-single-line .noptin-form-field{\n \tborder-radius: 30px !important;\n\tborder: none !important;\n} #noptin-form-2__wrapper {--noptin-background-color: #424242; --noptin-border-color: #424242; --noptin-button-color: #607D8B; --noptin-button-text-color: #fafafa; --noptin-title-color: #fafafa; --noptin-description-color: #fafafa; --noptin-prefix-color: #607d8b; --noptin-note-color: #fafafa;}<\/style><div style=\"max-width:620px; min-height:280px;border-color: #424242;\" class=\"noptin-optin-form-wrapper no-image\" ><!-- Form ID: 9842 --><form id=\"noptin-form-2\" class=\"noptin-optin-form noptin-form-single-line noptin-label-hide noptin-form-2\" method=\"post\" novalidate >\t\t\t\t\t<div class=\"noptin-form-header noptin-img-left\">\n\t\t\t\t\t\t\t\t\t\t\t\t<div class=\"noptin-form-header-text\">\n\n\t\t\t\t\t\t\t\t\t\t\t\t\t\t\t<div style=\"color: #607d8b;font-size: 20px; font-weight: 500; line-height: 1.3;\" class=\"noptin-form-prefix\">\n\t\t\t\t\t\t\t\t\t\t\t\t\t\t\t\t\t<\/div>\n\t\t\t\t\t\t\t\n\t\t\t\t\t\t\t\t\t\t\t\t\t\t\t<div style=\"color: #fafafa;font-size: 20px; font-weight: 700; line-height: 1.5;\" class=\"noptin-form-heading\">\n\t\t\t\t\t\t\t\t\tAbonnez-vous \u00e0 TopicFoot\t\t\t\t\t\t\t\t<\/div>\n\t\t\t\t\t\t\t\n\t\t\t\t\t\t\t\t\t\t\t\t\t\t\t<div style=\"color: #fafafa;font-size: 16px; font-weight: 500; line-height: 1.5;\" class=\"noptin-form-description\">\n\t\t\t\t\t\t\t\t\tEntrez votre Mail pour recevoir nos derniers articles.\t\t\t\t\t\t\t\t<\/div>\n\t\t\t\t\t\t\t\n\t\t\t\t\t\t<\/div>\n\t\t\t\t\t\t\n\t\t\t\t\t\t\t\t\t\t\t\t\t<div class=\"noptin-form-header-image\">\n\t\t\t\t\t\t\t\t<img decoding=\"async\" alt=\"icon\" src=\"https:\/\/www.topicfoot.fr\/wp-content\/plugins\/newsletter-optin-box\/includes\/assets\/images\/email-icon.png\" \/>\n\t\t\t\t\t\t\t<\/div>\n\t\t\t\t\t\t\n\t\t\t\t\t<\/div>\n\t\t\t\t<div class=\"noptin-form-footer\"><div class=\"noptin-form-fields\">\t\t\t<div class=\"noptin-form-field-wrapper noptin-form-field-email noptin-optin-field-wrapper noptin-optin-field-email\" id=\"noptin-form-2__field-email--wrapper\" >\n\t\t<div class=\"noptin-field-email\">\n\t\t\t<label class=\"noptin-label\" for=\"noptin-form-2__field-email\">Adresse Mail<\/label>\n\t\t\t<input name=\"noptin_fields[email]\" id=\"noptin-form-2__field-email\" type=\"email\" class=\"noptin-text noptin-form-field noptin-form-field__email noptin-form-field__has-no-placeholder\" placeholder=\"Adresse Mail\" required \/>\n\n\t\t<\/div><\/div>\t\t\t<div class=\"noptin-form-field-wrapper noptin-form-field- noptin-optin-field-wrapper noptin-optin-field-\" id=\"noptin-form-2__field---wrapper\" >\n\t\t<\/div>\t\t\t<div class=\"noptin-form-field-wrapper noptin-form-field-submit noptin-optin-field-wrapper noptin-optin-field-submit\" >\n\t\t\n\t\t\t<input type=\"submit\" id=\"noptin-form-2__submit\" class=\"noptin-form-submit btn button btn-primary button-primary wp-element-button\" name=\"noptin-submit\" value=\"Abonnez-vous\" style=\"background-color: #607D8B;color: #fafafa;\"  \/>\n\n\t\t<\/div><\/div>\t\t\t\t\t\t<div class=\"noptin-form-notice noptin-response\" role=\"alert\"><\/div>\n\t\t\t<\/div>\n\t\t\t<input type=\"hidden\" name=\"noptin_element_id\" value=\"2\" \/><input type=\"hidden\" name=\"source\" value=\"9842\" \/><input type=\"hidden\" name=\"form_action\" value=\"subscribe\" \/><input type=\"hidden\" name=\"noptin-config\" value=\"geVp3bmVsS.Bejx5F7hyheCZeasGrk6UoV7mPwUKzeAj_J_jRQjYkLtSn67MwIeo\" \/><input type=\"hidden\" name=\"noptin_form_id\" value=\"9842\" \/><\/form><\/div><!-- \/Form ID: 9842 --><\/div><!-- \/ Noptin Newsletter Plugin -->\n\n\n\n<p>Voir aussi notre article sur :\u00a0<a href=\"https:\/\/www.topicfoot.fr\/index.php\/2025\/07\/23\/doppia-curva-le-scandale-mafieux-qui-eclabousse-milan\/\">Doppia curva : le scandale mafieux qui \u00e9clabousse Milan<\/a><\/p>\n\n\n\n<figure class=\"wp-block-embed is-type-wp-embed is-provider-topic-foot wp-block-embed-topic-foot\"><div class=\"wp-block-embed__wrapper\">\n<blockquote class=\"wp-embedded-content\" data-secret=\"7WXyqNnel5\"><a href=\"https:\/\/www.topicfoot.fr\/index.php\/2025\/07\/23\/doppia-curva-le-scandale-mafieux-qui-eclabousse-milan\/\">Doppia curva : le scandale mafieux qui \u00e9clabousse Milan<\/a><\/blockquote><iframe loading=\"lazy\" class=\"wp-embedded-content\" sandbox=\"allow-scripts\" security=\"restricted\" style=\"position: absolute; visibility: hidden;\" title=\"\u00ab\u00a0Doppia curva : le scandale mafieux qui \u00e9clabousse Milan\u00a0\u00bb &#8212; Topic Foot\" src=\"https:\/\/www.topicfoot.fr\/index.php\/2025\/07\/23\/doppia-curva-le-scandale-mafieux-qui-eclabousse-milan\/embed\/#?secret=att1fCdLwh#?secret=7WXyqNnel5\" data-secret=\"7WXyqNnel5\" width=\"500\" height=\"282\" frameborder=\"0\" marginwidth=\"0\" marginheight=\"0\" scrolling=\"no\"><\/iframe>\n<\/div><\/figure>\n","protected":false},"excerpt":{"rendered":"<div class=\"mh-excerpt\">Thomas Partey, ex-joueur d\u2019Arsenal, fait face \u00e0 six accusations criminelles. Retour sur une affaire qui secoue le football.<\/div>\n<p> <a class=\"mh-excerpt-more\" href=\"https:\/\/www.topicfoot.fr\/index.php\/2025\/08\/08\/laffaire-thomas-partey-quand-le-football-est-rattrape-par-la-justice\/\" title=\"L\u2019affaire Thomas Partey : quand le football est rattrap\u00e9 par la justice\">[&#8230;]<\/a><\/p>\n","protected":false},"author":1,"featured_media":15448,"comment_status":"closed","ping_status":"open","sticky":false,"template":"","format":"standard","meta":{"footnotes":""},"categories":[98,31],"tags":[],"post_folder":[],"class_list":{"0":"post-15446","1":"post","2":"type-post","3":"status-publish","4":"format-standard","5":"has-post-thumbnail","7":"category-scandale","8":"category-toutes-les-categories"},"yoast_head":"<!-- This site is optimized with the Yoast SEO plugin v27.4 - https:\/\/yoast.com\/product\/yoast-seo-wordpress\/ -->\n<title>L\u2019affaire Thomas Partey : quand le football est rattrap\u00e9 par la justice<\/title>\n<meta name=\"description\" content=\"Thomas Partey, ex-joueur d\u2019Arsenal, fait face \u00e0 six accusations criminelles. Retour sur une affaire qui secoue le football.\" \/>\n<meta name=\"robots\" content=\"index, follow, max-snippet:-1, max-image-preview:large, max-video-preview:-1\" \/>\n<link rel=\"canonical\" href=\"https:\/\/www.topicfoot.fr\/index.php\/2025\/08\/08\/laffaire-thomas-partey-quand-le-football-est-rattrape-par-la-justice\/\" \/>\n<meta property=\"og:locale\" content=\"fr_FR\" \/>\n<meta property=\"og:type\" content=\"article\" \/>\n<meta property=\"og:title\" content=\"L\u2019affaire Thomas Partey : quand le football est rattrap\u00e9 par la justice\" \/>\n<meta property=\"og:description\" content=\"Thomas Partey, ex-joueur d\u2019Arsenal, fait face \u00e0 six accusations criminelles. Retour sur une affaire qui secoue le football.\" \/>\n<meta property=\"og:url\" content=\"https:\/\/www.topicfoot.fr\/index.php\/2025\/08\/08\/laffaire-thomas-partey-quand-le-football-est-rattrape-par-la-justice\/\" \/>\n<meta property=\"og:site_name\" content=\"Topic Foot\" \/>\n<meta property=\"article:publisher\" content=\"https:\/\/www.facebook.com\/topicfoot.fr\" \/>\n<meta property=\"article:published_time\" content=\"2025-08-08T09:26:34+00:00\" \/>\n<meta property=\"article:modified_time\" content=\"2025-08-08T09:26:42+00:00\" \/>\n<meta property=\"og:image\" content=\"https:\/\/www.topicfoot.fr\/wp-content\/uploads\/2025\/08\/thomas-partey.webp\" \/>\n\t<meta property=\"og:image:width\" content=\"1024\" \/>\n\t<meta property=\"og:image:height\" content=\"576\" \/>\n\t<meta property=\"og:image:type\" content=\"image\/jpeg\" \/>\n<meta name=\"author\" content=\"Florent G\" \/>\n<meta name=\"twitter:card\" content=\"summary_large_image\" \/>\n<meta name=\"twitter:label1\" content=\"\u00c9crit par\" \/>\n\t<meta name=\"twitter:data1\" content=\"Florent G\" \/>\n\t<meta name=\"twitter:label2\" content=\"Dur\u00e9e de lecture estim\u00e9e\" \/>\n\t<meta name=\"twitter:data2\" content=\"6 minutes\" \/>\n<script type=\"application\/ld+json\" class=\"yoast-schema-graph\">{\"@context\":\"https:\\\/\\\/schema.org\",\"@graph\":[{\"@type\":\"Article\",\"@id\":\"https:\\\/\\\/www.topicfoot.fr\\\/index.php\\\/2025\\\/08\\\/08\\\/laffaire-thomas-partey-quand-le-football-est-rattrape-par-la-justice\\\/#article\",\"isPartOf\":{\"@id\":\"https:\\\/\\\/www.topicfoot.fr\\\/index.php\\\/2025\\\/08\\\/08\\\/laffaire-thomas-partey-quand-le-football-est-rattrape-par-la-justice\\\/\"},\"author\":{\"name\":\"Florent G\",\"@id\":\"https:\\\/\\\/www.topicfoot.fr\\\/#\\\/schema\\\/person\\\/e11785565f6247f9acd9d5b796ec4d62\"},\"headline\":\"L\u2019affaire Thomas Partey : quand le football est rattrap\u00e9 par la justice\",\"datePublished\":\"2025-08-08T09:26:34+00:00\",\"dateModified\":\"2025-08-08T09:26:42+00:00\",\"mainEntityOfPage\":{\"@id\":\"https:\\\/\\\/www.topicfoot.fr\\\/index.php\\\/2025\\\/08\\\/08\\\/laffaire-thomas-partey-quand-le-football-est-rattrape-par-la-justice\\\/\"},\"wordCount\":1103,\"publisher\":{\"@id\":\"https:\\\/\\\/www.topicfoot.fr\\\/#organization\"},\"image\":{\"@id\":\"https:\\\/\\\/www.topicfoot.fr\\\/index.php\\\/2025\\\/08\\\/08\\\/laffaire-thomas-partey-quand-le-football-est-rattrape-par-la-justice\\\/#primaryimage\"},\"thumbnailUrl\":\"https:\\\/\\\/www.topicfoot.fr\\\/wp-content\\\/uploads\\\/2025\\\/08\\\/thomas-partey.webp\",\"articleSection\":[\"Scandale\",\"Toutes les cat\u00e9gories\"],\"inLanguage\":\"fr-FR\"},{\"@type\":\"WebPage\",\"@id\":\"https:\\\/\\\/www.topicfoot.fr\\\/index.php\\\/2025\\\/08\\\/08\\\/laffaire-thomas-partey-quand-le-football-est-rattrape-par-la-justice\\\/\",\"url\":\"https:\\\/\\\/www.topicfoot.fr\\\/index.php\\\/2025\\\/08\\\/08\\\/laffaire-thomas-partey-quand-le-football-est-rattrape-par-la-justice\\\/\",\"name\":\"L\u2019affaire Thomas Partey : quand le football est rattrap\u00e9 par la justice\",\"isPartOf\":{\"@id\":\"https:\\\/\\\/www.topicfoot.fr\\\/#website\"},\"primaryImageOfPage\":{\"@id\":\"https:\\\/\\\/www.topicfoot.fr\\\/index.php\\\/2025\\\/08\\\/08\\\/laffaire-thomas-partey-quand-le-football-est-rattrape-par-la-justice\\\/#primaryimage\"},\"image\":{\"@id\":\"https:\\\/\\\/www.topicfoot.fr\\\/index.php\\\/2025\\\/08\\\/08\\\/laffaire-thomas-partey-quand-le-football-est-rattrape-par-la-justice\\\/#primaryimage\"},\"thumbnailUrl\":\"https:\\\/\\\/www.topicfoot.fr\\\/wp-content\\\/uploads\\\/2025\\\/08\\\/thomas-partey.webp\",\"datePublished\":\"2025-08-08T09:26:34+00:00\",\"dateModified\":\"2025-08-08T09:26:42+00:00\",\"description\":\"Thomas Partey, ex-joueur d\u2019Arsenal, fait face \u00e0 six accusations criminelles. Retour sur une affaire qui secoue le football.\",\"breadcrumb\":{\"@id\":\"https:\\\/\\\/www.topicfoot.fr\\\/index.php\\\/2025\\\/08\\\/08\\\/laffaire-thomas-partey-quand-le-football-est-rattrape-par-la-justice\\\/#breadcrumb\"},\"inLanguage\":\"fr-FR\",\"potentialAction\":[{\"@type\":\"ReadAction\",\"target\":[\"https:\\\/\\\/www.topicfoot.fr\\\/index.php\\\/2025\\\/08\\\/08\\\/laffaire-thomas-partey-quand-le-football-est-rattrape-par-la-justice\\\/\"]}]},{\"@type\":\"ImageObject\",\"inLanguage\":\"fr-FR\",\"@id\":\"https:\\\/\\\/www.topicfoot.fr\\\/index.php\\\/2025\\\/08\\\/08\\\/laffaire-thomas-partey-quand-le-football-est-rattrape-par-la-justice\\\/#primaryimage\",\"url\":\"https:\\\/\\\/www.topicfoot.fr\\\/wp-content\\\/uploads\\\/2025\\\/08\\\/thomas-partey.webp\",\"contentUrl\":\"https:\\\/\\\/www.topicfoot.fr\\\/wp-content\\\/uploads\\\/2025\\\/08\\\/thomas-partey.webp\",\"width\":1024,\"height\":576},{\"@type\":\"BreadcrumbList\",\"@id\":\"https:\\\/\\\/www.topicfoot.fr\\\/index.php\\\/2025\\\/08\\\/08\\\/laffaire-thomas-partey-quand-le-football-est-rattrape-par-la-justice\\\/#breadcrumb\",\"itemListElement\":[{\"@type\":\"ListItem\",\"position\":1,\"name\":\"Accueil\",\"item\":\"https:\\\/\\\/www.topicfoot.fr\\\/\"},{\"@type\":\"ListItem\",\"position\":2,\"name\":\"L\u2019affaire Thomas Partey : quand le football est rattrap\u00e9 par la justice\"}]},{\"@type\":\"WebSite\",\"@id\":\"https:\\\/\\\/www.topicfoot.fr\\\/#website\",\"url\":\"https:\\\/\\\/www.topicfoot.fr\\\/\",\"name\":\"Topic Foot\",\"description\":\"Tous l&#039;univers du Foot !\",\"publisher\":{\"@id\":\"https:\\\/\\\/www.topicfoot.fr\\\/#organization\"},\"potentialAction\":[{\"@type\":\"SearchAction\",\"target\":{\"@type\":\"EntryPoint\",\"urlTemplate\":\"https:\\\/\\\/www.topicfoot.fr\\\/?s={search_term_string}\"},\"query-input\":{\"@type\":\"PropertyValueSpecification\",\"valueRequired\":true,\"valueName\":\"search_term_string\"}}],\"inLanguage\":\"fr-FR\"},{\"@type\":\"Organization\",\"@id\":\"https:\\\/\\\/www.topicfoot.fr\\\/#organization\",\"name\":\"Topic Foot\",\"url\":\"https:\\\/\\\/www.topicfoot.fr\\\/\",\"logo\":{\"@type\":\"ImageObject\",\"inLanguage\":\"fr-FR\",\"@id\":\"https:\\\/\\\/www.topicfoot.fr\\\/#\\\/schema\\\/logo\\\/image\\\/\",\"url\":\"https:\\\/\\\/www.topicfoot.fr\\\/wp-content\\\/uploads\\\/2024\\\/04\\\/cropped-logo-topicfoot-new.jpg\",\"contentUrl\":\"https:\\\/\\\/www.topicfoot.fr\\\/wp-content\\\/uploads\\\/2024\\\/04\\\/cropped-logo-topicfoot-new.jpg\",\"width\":512,\"height\":512,\"caption\":\"Topic Foot\"},\"image\":{\"@id\":\"https:\\\/\\\/www.topicfoot.fr\\\/#\\\/schema\\\/logo\\\/image\\\/\"},\"sameAs\":[\"https:\\\/\\\/www.facebook.com\\\/topicfoot.fr\"]},{\"@type\":\"Person\",\"@id\":\"https:\\\/\\\/www.topicfoot.fr\\\/#\\\/schema\\\/person\\\/e11785565f6247f9acd9d5b796ec4d62\",\"name\":\"Florent G\",\"image\":{\"@type\":\"ImageObject\",\"inLanguage\":\"fr-FR\",\"@id\":\"https:\\\/\\\/secure.gravatar.com\\\/avatar\\\/1bb7e359942e0285fca3d40822ea6bdc74a98b7975407bfdf34b5a511f2155da?s=96&d=mm&r=g\",\"url\":\"https:\\\/\\\/secure.gravatar.com\\\/avatar\\\/1bb7e359942e0285fca3d40822ea6bdc74a98b7975407bfdf34b5a511f2155da?s=96&d=mm&r=g\",\"contentUrl\":\"https:\\\/\\\/secure.gravatar.com\\\/avatar\\\/1bb7e359942e0285fca3d40822ea6bdc74a98b7975407bfdf34b5a511f2155da?s=96&d=mm&r=g\",\"caption\":\"Florent G\"},\"description\":\"Je m'appelle Florent et je suis le cr\u00e9ateur de Topicfoot, un projet n\u00e9 de ma conviction que le football m\u00e9rite une couverture m\u00e9diatique de qualit\u00e9, ancr\u00e9e dans les faits et enrichie par l'analyse. Passionn\u00e9 de journalisme, j'ai toujours \u00e9t\u00e9 fascin\u00e9 par le sport comme r\u00e9v\u00e9lateur de soci\u00e9t\u00e9s. Mais c'est surtout l'explosion des donn\u00e9es et des nouvelles technologies dans le football qui m'a pouss\u00e9 \u00e0 lancer Topicfoot : statistiques avanc\u00e9es, mod\u00e8les pr\u00e9dictifs, analyse vid\u00e9o intelligente, impact des r\u00e9seaux sociaux sur les carri\u00e8res des joueurs. J'adore creuser ces th\u00e9matiques o\u00f9 les chiffres racontent une histoire que les yeux seuls ne voient pas. Au-del\u00e0 de la r\u00e9daction, je suis responsable de la ligne \u00e9ditoriale de Topicfoot et de sa strat\u00e9gie num\u00e9rique. Je crois que le journalisme sportif doit allier rigueur journalistique et innovation technologique pour offrir aux lecteurs une exp\u00e9rience moderne et approfondie. Nous couvrons les grands \u00e9v\u00e9nements du football europ\u00e9en et nous explorons comment les clubs utilisent les donn\u00e9es pour transformer leur organisation. Pour moi, Topicfoot, c'est la promesse d'un football mieux compris.\",\"sameAs\":[\"https:\\\/\\\/www.topicfoot.fr\"],\"url\":\"https:\\\/\\\/www.topicfoot.fr\\\/index.php\\\/author\\\/vitrindunet\\\/\"}]}<\/script>\n<!-- \/ Yoast SEO plugin. -->","yoast_head_json":{"title":"L\u2019affaire Thomas Partey : quand le football est rattrap\u00e9 par la justice","description":"Thomas Partey, ex-joueur d\u2019Arsenal, fait face \u00e0 six accusations criminelles. Retour sur une affaire qui secoue le football.","robots":{"index":"index","follow":"follow","max-snippet":"max-snippet:-1","max-image-preview":"max-image-preview:large","max-video-preview":"max-video-preview:-1"},"canonical":"https:\/\/www.topicfoot.fr\/index.php\/2025\/08\/08\/laffaire-thomas-partey-quand-le-football-est-rattrape-par-la-justice\/","og_locale":"fr_FR","og_type":"article","og_title":"L\u2019affaire Thomas Partey : quand le football est rattrap\u00e9 par la justice","og_description":"Thomas Partey, ex-joueur d\u2019Arsenal, fait face \u00e0 six accusations criminelles. Retour sur une affaire qui secoue le football.","og_url":"https:\/\/www.topicfoot.fr\/index.php\/2025\/08\/08\/laffaire-thomas-partey-quand-le-football-est-rattrape-par-la-justice\/","og_site_name":"Topic Foot","article_publisher":"https:\/\/www.facebook.com\/topicfoot.fr","article_published_time":"2025-08-08T09:26:34+00:00","article_modified_time":"2025-08-08T09:26:42+00:00","og_image":[{"width":1024,"height":576,"url":"https:\/\/www.topicfoot.fr\/wp-content\/uploads\/2025\/08\/thomas-partey.webp","type":"image\/jpeg"}],"author":"Florent G","twitter_card":"summary_large_image","twitter_misc":{"\u00c9crit par":"Florent G","Dur\u00e9e de lecture estim\u00e9e":"6 minutes"},"schema":{"@context":"https:\/\/schema.org","@graph":[{"@type":"Article","@id":"https:\/\/www.topicfoot.fr\/index.php\/2025\/08\/08\/laffaire-thomas-partey-quand-le-football-est-rattrape-par-la-justice\/#article","isPartOf":{"@id":"https:\/\/www.topicfoot.fr\/index.php\/2025\/08\/08\/laffaire-thomas-partey-quand-le-football-est-rattrape-par-la-justice\/"},"author":{"name":"Florent G","@id":"https:\/\/www.topicfoot.fr\/#\/schema\/person\/e11785565f6247f9acd9d5b796ec4d62"},"headline":"L\u2019affaire Thomas Partey : quand le football est rattrap\u00e9 par la justice","datePublished":"2025-08-08T09:26:34+00:00","dateModified":"2025-08-08T09:26:42+00:00","mainEntityOfPage":{"@id":"https:\/\/www.topicfoot.fr\/index.php\/2025\/08\/08\/laffaire-thomas-partey-quand-le-football-est-rattrape-par-la-justice\/"},"wordCount":1103,"publisher":{"@id":"https:\/\/www.topicfoot.fr\/#organization"},"image":{"@id":"https:\/\/www.topicfoot.fr\/index.php\/2025\/08\/08\/laffaire-thomas-partey-quand-le-football-est-rattrape-par-la-justice\/#primaryimage"},"thumbnailUrl":"https:\/\/www.topicfoot.fr\/wp-content\/uploads\/2025\/08\/thomas-partey.webp","articleSection":["Scandale","Toutes les cat\u00e9gories"],"inLanguage":"fr-FR"},{"@type":"WebPage","@id":"https:\/\/www.topicfoot.fr\/index.php\/2025\/08\/08\/laffaire-thomas-partey-quand-le-football-est-rattrape-par-la-justice\/","url":"https:\/\/www.topicfoot.fr\/index.php\/2025\/08\/08\/laffaire-thomas-partey-quand-le-football-est-rattrape-par-la-justice\/","name":"L\u2019affaire Thomas Partey : quand le football est rattrap\u00e9 par la justice","isPartOf":{"@id":"https:\/\/www.topicfoot.fr\/#website"},"primaryImageOfPage":{"@id":"https:\/\/www.topicfoot.fr\/index.php\/2025\/08\/08\/laffaire-thomas-partey-quand-le-football-est-rattrape-par-la-justice\/#primaryimage"},"image":{"@id":"https:\/\/www.topicfoot.fr\/index.php\/2025\/08\/08\/laffaire-thomas-partey-quand-le-football-est-rattrape-par-la-justice\/#primaryimage"},"thumbnailUrl":"https:\/\/www.topicfoot.fr\/wp-content\/uploads\/2025\/08\/thomas-partey.webp","datePublished":"2025-08-08T09:26:34+00:00","dateModified":"2025-08-08T09:26:42+00:00","description":"Thomas Partey, ex-joueur d\u2019Arsenal, fait face \u00e0 six accusations criminelles. Retour sur une affaire qui secoue le football.","breadcrumb":{"@id":"https:\/\/www.topicfoot.fr\/index.php\/2025\/08\/08\/laffaire-thomas-partey-quand-le-football-est-rattrape-par-la-justice\/#breadcrumb"},"inLanguage":"fr-FR","potentialAction":[{"@type":"ReadAction","target":["https:\/\/www.topicfoot.fr\/index.php\/2025\/08\/08\/laffaire-thomas-partey-quand-le-football-est-rattrape-par-la-justice\/"]}]},{"@type":"ImageObject","inLanguage":"fr-FR","@id":"https:\/\/www.topicfoot.fr\/index.php\/2025\/08\/08\/laffaire-thomas-partey-quand-le-football-est-rattrape-par-la-justice\/#primaryimage","url":"https:\/\/www.topicfoot.fr\/wp-content\/uploads\/2025\/08\/thomas-partey.webp","contentUrl":"https:\/\/www.topicfoot.fr\/wp-content\/uploads\/2025\/08\/thomas-partey.webp","width":1024,"height":576},{"@type":"BreadcrumbList","@id":"https:\/\/www.topicfoot.fr\/index.php\/2025\/08\/08\/laffaire-thomas-partey-quand-le-football-est-rattrape-par-la-justice\/#breadcrumb","itemListElement":[{"@type":"ListItem","position":1,"name":"Accueil","item":"https:\/\/www.topicfoot.fr\/"},{"@type":"ListItem","position":2,"name":"L\u2019affaire Thomas Partey : quand le football est rattrap\u00e9 par la justice"}]},{"@type":"WebSite","@id":"https:\/\/www.topicfoot.fr\/#website","url":"https:\/\/www.topicfoot.fr\/","name":"Topic Foot","description":"Tous l&#039;univers du Foot !","publisher":{"@id":"https:\/\/www.topicfoot.fr\/#organization"},"potentialAction":[{"@type":"SearchAction","target":{"@type":"EntryPoint","urlTemplate":"https:\/\/www.topicfoot.fr\/?s={search_term_string}"},"query-input":{"@type":"PropertyValueSpecification","valueRequired":true,"valueName":"search_term_string"}}],"inLanguage":"fr-FR"},{"@type":"Organization","@id":"https:\/\/www.topicfoot.fr\/#organization","name":"Topic Foot","url":"https:\/\/www.topicfoot.fr\/","logo":{"@type":"ImageObject","inLanguage":"fr-FR","@id":"https:\/\/www.topicfoot.fr\/#\/schema\/logo\/image\/","url":"https:\/\/www.topicfoot.fr\/wp-content\/uploads\/2024\/04\/cropped-logo-topicfoot-new.jpg","contentUrl":"https:\/\/www.topicfoot.fr\/wp-content\/uploads\/2024\/04\/cropped-logo-topicfoot-new.jpg","width":512,"height":512,"caption":"Topic Foot"},"image":{"@id":"https:\/\/www.topicfoot.fr\/#\/schema\/logo\/image\/"},"sameAs":["https:\/\/www.facebook.com\/topicfoot.fr"]},{"@type":"Person","@id":"https:\/\/www.topicfoot.fr\/#\/schema\/person\/e11785565f6247f9acd9d5b796ec4d62","name":"Florent G","image":{"@type":"ImageObject","inLanguage":"fr-FR","@id":"https:\/\/secure.gravatar.com\/avatar\/1bb7e359942e0285fca3d40822ea6bdc74a98b7975407bfdf34b5a511f2155da?s=96&d=mm&r=g","url":"https:\/\/secure.gravatar.com\/avatar\/1bb7e359942e0285fca3d40822ea6bdc74a98b7975407bfdf34b5a511f2155da?s=96&d=mm&r=g","contentUrl":"https:\/\/secure.gravatar.com\/avatar\/1bb7e359942e0285fca3d40822ea6bdc74a98b7975407bfdf34b5a511f2155da?s=96&d=mm&r=g","caption":"Florent G"},"description":"Je m'appelle Florent et je suis le cr\u00e9ateur de Topicfoot, un projet n\u00e9 de ma conviction que le football m\u00e9rite une couverture m\u00e9diatique de qualit\u00e9, ancr\u00e9e dans les faits et enrichie par l'analyse. Passionn\u00e9 de journalisme, j'ai toujours \u00e9t\u00e9 fascin\u00e9 par le sport comme r\u00e9v\u00e9lateur de soci\u00e9t\u00e9s. Mais c'est surtout l'explosion des donn\u00e9es et des nouvelles technologies dans le football qui m'a pouss\u00e9 \u00e0 lancer Topicfoot : statistiques avanc\u00e9es, mod\u00e8les pr\u00e9dictifs, analyse vid\u00e9o intelligente, impact des r\u00e9seaux sociaux sur les carri\u00e8res des joueurs. J'adore creuser ces th\u00e9matiques o\u00f9 les chiffres racontent une histoire que les yeux seuls ne voient pas. Au-del\u00e0 de la r\u00e9daction, je suis responsable de la ligne \u00e9ditoriale de Topicfoot et de sa strat\u00e9gie num\u00e9rique. Je crois que le journalisme sportif doit allier rigueur journalistique et innovation technologique pour offrir aux lecteurs une exp\u00e9rience moderne et approfondie. Nous couvrons les grands \u00e9v\u00e9nements du football europ\u00e9en et nous explorons comment les clubs utilisent les donn\u00e9es pour transformer leur organisation. Pour moi, Topicfoot, c'est la promesse d'un football mieux compris.","sameAs":["https:\/\/www.topicfoot.fr"],"url":"https:\/\/www.topicfoot.fr\/index.php\/author\/vitrindunet\/"}]}},"_links":{"self":[{"href":"https:\/\/www.topicfoot.fr\/index.php\/wp-json\/wp\/v2\/posts\/15446","targetHints":{"allow":["GET"]}}],"collection":[{"href":"https:\/\/www.topicfoot.fr\/index.php\/wp-json\/wp\/v2\/posts"}],"about":[{"href":"https:\/\/www.topicfoot.fr\/index.php\/wp-json\/wp\/v2\/types\/post"}],"author":[{"embeddable":true,"href":"https:\/\/www.topicfoot.fr\/index.php\/wp-json\/wp\/v2\/users\/1"}],"replies":[{"embeddable":true,"href":"https:\/\/www.topicfoot.fr\/index.php\/wp-json\/wp\/v2\/comments?post=15446"}],"version-history":[{"count":0,"href":"https:\/\/www.topicfoot.fr\/index.php\/wp-json\/wp\/v2\/posts\/15446\/revisions"}],"wp:featuredmedia":[{"embeddable":true,"href":"https:\/\/www.topicfoot.fr\/index.php\/wp-json\/wp\/v2\/media\/15448"}],"wp:attachment":[{"href":"https:\/\/www.topicfoot.fr\/index.php\/wp-json\/wp\/v2\/media?parent=15446"}],"wp:term":[{"taxonomy":"category","embeddable":true,"href":"https:\/\/www.topicfoot.fr\/index.php\/wp-json\/wp\/v2\/categories?post=15446"},{"taxonomy":"post_tag","embeddable":true,"href":"https:\/\/www.topicfoot.fr\/index.php\/wp-json\/wp\/v2\/tags?post=15446"},{"taxonomy":"post_folder","embeddable":true,"href":"https:\/\/www.topicfoot.fr\/index.php\/wp-json\/wp\/v2\/post_folder?post=15446"}],"curies":[{"name":"wp","href":"https:\/\/api.w.org\/{rel}","templated":true}]}}