{"id":16243,"date":"2025-09-27T23:09:41","date_gmt":"2025-09-27T21:09:41","guid":{"rendered":"https:\/\/www.topicfoot.fr\/?p=16243"},"modified":"2025-09-27T23:10:25","modified_gmt":"2025-09-27T21:10:25","slug":"sebastian-nanasi-au-rc-strasbourg-le-joyau-sous-cote","status":"publish","type":"post","link":"https:\/\/www.topicfoot.fr\/index.php\/2025\/09\/27\/sebastian-nanasi-au-rc-strasbourg-le-joyau-sous-cote\/","title":{"rendered":"Sebastian Nanasi au RC Strasbourg : Le Joyau Sous-C\u00f4t\u00e9"},"content":{"rendered":"<span class=\"span-reading-time rt-reading-time\" style=\"display: block;\"><span class=\"rt-label rt-prefix\">Temps de lecture\u00a0:  <\/span> <span class=\"rt-time\"> 4<\/span> <span class=\"rt-label rt-postfix\">minutes.  <\/span><\/span>\n<p>Sebastian Nanasi RC Strasbourg : Il a d\u00e9barqu\u00e9 discr\u00e8tement en Alsace, mais il fait d\u00e9j\u00e0 beaucoup de bruit. Sebastian Nanasi, 22 ans, incarne le profil du joueur que l\u2019on n\u2019attend pas forc\u00e9ment, mais qui change vite la donne. <\/p>\n\n\n\n<figure class=\"wp-block-image size-large\"><img loading=\"lazy\" decoding=\"async\" width=\"1024\" height=\"711\" src=\"https:\/\/www.topicfoot.fr\/wp-content\/uploads\/2025\/09\/Sebastian-Nanasi-03-1024x711.webp\" alt=\"Sebastian Nanasi RC Strasbourg\" class=\"wp-image-16246\" srcset=\"https:\/\/www.topicfoot.fr\/wp-content\/uploads\/2025\/09\/Sebastian-Nanasi-03-1024x711.webp 1024w, https:\/\/www.topicfoot.fr\/wp-content\/uploads\/2025\/09\/Sebastian-Nanasi-03-300x208.webp 300w, https:\/\/www.topicfoot.fr\/wp-content\/uploads\/2025\/09\/Sebastian-Nanasi-03-768x533.webp 768w, https:\/\/www.topicfoot.fr\/wp-content\/uploads\/2025\/09\/Sebastian-Nanasi-03.webp 1516w\" sizes=\"auto, (max-width: 1024px) 100vw, 1024px\" \/><\/figure>\n\n\n\n<p>Un transfert \u00e0 11 millions d\u2019euros, une adaptation express et un impact imm\u00e9diat : le Su\u00e9dois est en train de devenir l\u2019un des visages marquants du Racing Club de Strasbourg Alsace.<\/p>\n\n\n\n<h2 class=\"wp-block-heading\">Un chemin venu du Nord<\/h2>\n\n\n\n<p>N\u00e9 \u00e0 Kristianstad, Nanasi n\u2019a pas connu un parcours classique. D\u2019abord form\u00e9 dans son club local, il a rapidement franchi les paliers avec Malm\u00f6 FF. Son ascension a pris forme gr\u00e2ce \u00e0 deux pr\u00eats d\u00e9terminants, \u00e0 Varbergs puis \u00e0 Kalmar, o\u00f9 il s\u2019est construit un bagage pr\u00e9cieux. Ces \u00e9tapes lui ont permis de durcir son jeu, de comprendre les exigences du haut niveau et de pr\u00e9parer son explosion. Avec Malm\u00f6, il a ensuite rafl\u00e9 quatre titres de champion de Su\u00e8de et deux Coupes, avant d\u2019\u00eatre d\u00e9sign\u00e9 deux fois meilleur joueur du championnat. Un CV d\u00e9j\u00e0 solide pour un joueur de seulement 22 ans.<\/p>\n\n\n\n<h2 class=\"wp-block-heading\">Le maestro technique<\/h2>\n\n\n\n<p>Nanasi, c\u2019est d\u2019abord une \u00e9l\u00e9gance balle au pied. Capable d\u2019occuper presque toutes les positions offensives, il poss\u00e8de un pied droit aff\u00fbt\u00e9, surtout lorsqu\u2019il part de la gauche. Sa polyvalence est une b\u00e9n\u00e9diction pour un coach qui cherche des solutions vari\u00e9es. Compar\u00e9 parfois \u00e0 Pavel Nedved, l\u2019ancien Ballon d\u2019Or, il affiche cette capacit\u00e9 \u00e0 cr\u00e9er du danger par la justesse de son jeu. Vision claire, passe millim\u00e9tr\u00e9e, intelligence rare : Nanasi est l\u2019homme qui bonifie les offensives. Ses statistiques en Su\u00e8de parlent d\u2019elles-m\u00eames, avec 9 buts et 10 passes d\u00e9cisives sur sa derni\u00e8re demi-saison \u00e0 Malm\u00f6. Strasbourg savait qu\u2019il ne recrutait pas un inconnu.<\/p>\n\n\n\n<h2 class=\"wp-block-heading\">Sebastian Nanasi au RC Strasbourg, Une entr\u00e9e fracassante en Ligue 1<\/h2>\n\n\n\n<p>Sebastian Nanasi au RC Strasbourg : D\u00e8s ses premiers pas en Ligue 1, Nanasi a marqu\u00e9 les esprits. Trois matchs, trois buts, deux passes d\u00e9cisives. Voil\u00e0 qui plante le d\u00e9cor. Son premier but, inscrit face \u00e0 Lyon apr\u00e8s seulement trois minutes, a montr\u00e9 qu\u2019il n\u2019avait pas besoin de temps d\u2019adaptation. Align\u00e9 d\u00e8s son arriv\u00e9e, il a confirm\u00e9 \u00e0 chaque sortie qu\u2019il pouvait \u00eatre un facteur X. Comme Habib Diallo en 2020, il a encha\u00een\u00e9 les buts d\u00e8s ses d\u00e9buts. Une r\u00e9gularit\u00e9 rare pour un joueur fra\u00eechement d\u00e9barqu\u00e9 d\u2019un autre championnat. Ce d\u00e9marrage canon a tout de suite lev\u00e9 les doutes : Strasbourg tient une p\u00e9pite.<\/p>\n\n\n\n<h2 class=\"wp-block-heading\">L\u2019\u00e9quilibre entre technique et physique<\/h2>\n\n\n\n<p>Tout n\u2019est pas parfait dans le profil de Nanasi. \u00c0 1m78 pour 71 kg, son physique n\u2019est pas encore totalement adapt\u00e9 aux rigueurs de la Ligue 1. Certains observateurs estiment qu\u2019il doit franchir un palier dans l\u2019impact pour s\u2019imposer durablement. Mais attention : ce qu\u2019il perd parfois dans les duels, il le compense par son intelligence. Toujours juste dans ses choix, rarement dans le dribble de trop, il exploite au maximum ses qualit\u00e9s techniques. Sa r\u00e9cente blessure \u00e0 l\u2019\u00e9paule en s\u00e9lection rappelle toutefois qu\u2019il doit encore renforcer sa caisse physique. Une \u00e9tape logique pour un joueur en pleine progression.<\/p>\n\n\n\n<figure class=\"wp-block-image size-large\"><img loading=\"lazy\" decoding=\"async\" width=\"1024\" height=\"771\" src=\"https:\/\/www.topicfoot.fr\/wp-content\/uploads\/2025\/09\/Sebastian-Nanasi-01-1024x771.webp\" alt=\"Sebastian Nanasi RC Strasbourg nouvelle g\u00e9n\u00e9ration scandinave\" class=\"wp-image-16244\" srcset=\"https:\/\/www.topicfoot.fr\/wp-content\/uploads\/2025\/09\/Sebastian-Nanasi-01-1024x771.webp 1024w, https:\/\/www.topicfoot.fr\/wp-content\/uploads\/2025\/09\/Sebastian-Nanasi-01-300x226.webp 300w, https:\/\/www.topicfoot.fr\/wp-content\/uploads\/2025\/09\/Sebastian-Nanasi-01-768x578.webp 768w, https:\/\/www.topicfoot.fr\/wp-content\/uploads\/2025\/09\/Sebastian-Nanasi-01-678x509.webp 678w, https:\/\/www.topicfoot.fr\/wp-content\/uploads\/2025\/09\/Sebastian-Nanasi-01-326x245.webp 326w, https:\/\/www.topicfoot.fr\/wp-content\/uploads\/2025\/09\/Sebastian-Nanasi-01-80x60.webp 80w, https:\/\/www.topicfoot.fr\/wp-content\/uploads\/2025\/09\/Sebastian-Nanasi-01.webp 1504w\" sizes=\"auto, (max-width: 1024px) 100vw, 1024px\" \/><\/figure>\n\n\n\n<h2 class=\"wp-block-heading\">Le passeport pour la s\u00e9lection<\/h2>\n\n\n\n<p>Avec la Su\u00e8de, Nanasi s\u2019impose d\u00e9j\u00e0. Six s\u00e9lections et trois buts t\u00e9moignent de son efficacit\u00e9. Son doubl\u00e9 contre l\u2019Estonie en Ligue des Nations a confirm\u00e9 qu\u2019il pouvait briller sur la sc\u00e8ne internationale. Respect\u00e9 par ses partenaires, appr\u00e9ci\u00e9 dans le vestiaire, il incarne la nouvelle g\u00e9n\u00e9ration scandinave qui ose prendre le relais. Les grands clubs europ\u00e9ens ne s\u2019y trompent pas. L\u2019Ajax, le Werder Br\u00eame ou Rennes ont suivi son dossier avant que Strasbourg ne rafle la mise.<\/p>\n\n\n\n<h2 class=\"wp-block-heading\">Un pari sign\u00e9 BlueCo<\/h2>\n\n\n\n<p>Le recrutement de Sebastian Nanasi au RC Strasbourg s\u2019inscrit dans la strat\u00e9gie de BlueCo, propri\u00e9taire de Strasbourg et Chelsea. Onze millions d\u2019euros investis, un contrat long jusqu\u2019en 2029, et d\u00e9j\u00e0 le statut de joueur le mieux pay\u00e9 du club. Le message est clair : Strasbourg croit fort en lui. Estim\u00e9 aujourd\u2019hui \u00e0 12 millions, il a d\u00e9j\u00e0 pris de la valeur. Et la connexion avec Chelsea laisse entrevoir des perspectives int\u00e9ressantes. Le Su\u00e9dois sait qu\u2019une porte peut s\u2019ouvrir vers la Premier League s\u2019il continue de briller en Alsace.<\/p>\n\n\n\n<h2 class=\"wp-block-heading\">Les d\u00e9fis \u00e0 relever<\/h2>\n\n\n\n<p>Nanasi a encore une marge de progression \u00e9norme. L\u2019intensit\u00e9 de la Ligue 1 impose une rigueur physique sur toute la saison. C\u2019est le principal d\u00e9fi qui l\u2019attend. Mais ses qualit\u00e9s intrins\u00e8ques, sa r\u00e9gularit\u00e9 et son intelligence de jeu en font un candidat s\u00e9rieux \u00e0 une grande carri\u00e8re. Ses statistiques, son potentiel FIFA \u00e0 83, son influence d\u00e9j\u00e0 visible, tout indique qu\u2019il est sur la bonne trajectoire.<\/p>\n\n\n\n<h2 class=\"wp-block-heading\">Le visage d\u2019une g\u00e9n\u00e9ration scandinave<\/h2>\n\n\n\n<p>Sebastian Nanasi au RC Strasbourg incarne cette vague de jeunes nordiques qui s\u2019imposent en Europe. D\u00e9j\u00e0 star en Su\u00e8de, il d\u00e9couvre la France avec la m\u00eame efficacit\u00e9. <a href=\"https:\/\/www.rcstrasbourgalsace.fr\" target=\"_blank\" rel=\"noreferrer noopener\">Strasbourg<\/a> peut se f\u00e9liciter de l\u2019avoir attir\u00e9 avant d\u2019autres. Son profil rappelle les grands milieux offensifs scandinaves du pass\u00e9, capables de marquer une g\u00e9n\u00e9ration. Si la comparaison avec Nedved reste audacieuse, elle illustre bien la trajectoire que peut emprunter ce joueur.<\/p>\n\n\n\n<figure class=\"wp-block-embed is-type-video is-provider-youtube wp-block-embed-youtube wp-embed-aspect-16-9 wp-has-aspect-ratio\"><div class=\"wp-block-embed__wrapper\">\n<iframe loading=\"lazy\" title=\"Sebastian Nanasi \u25b6 Skills, Goals &amp; Highlights 2024\u1d34\u1d30\" width=\"500\" height=\"281\" src=\"https:\/\/www.youtube.com\/embed\/Dw1RkrnRuKc?feature=oembed\" frameborder=\"0\" allow=\"accelerometer; autoplay; clipboard-write; encrypted-media; gyroscope; picture-in-picture; web-share\" referrerpolicy=\"strict-origin-when-cross-origin\" allowfullscreen><\/iframe>\n<\/div><\/figure>\n\n\n\n<h2 class=\"wp-block-heading\">Sebastian Nanasi, le RC Strasbourg a trouv\u00e9 son diamant<\/h2>\n\n\n\n<p>Sebastian Nanasi n\u2019est pas seulement un recrutement malin. Il est le symbole d\u2019une strat\u00e9gie ambitieuse et d\u2019un flair certain. Strasbourg a mis\u00e9 gros, mais le pari semble d\u00e9j\u00e0 payant. Le Racing a entre les mains un joueur capable de devenir une r\u00e9f\u00e9rence, en France comme ailleurs. Les supporters le savent : l\u2019Alsace tient peut-\u00eatre son futur grand nom. <\/p>\n\n\n\n<!-- Noptin Newsletter Plugin v4.2.2 - https:\/\/wordpress.org\/plugins\/newsletter-optin-box\/ --><div id=\"noptin-form-2__wrapper\" class=\"noptin-optin-main-wrapper noptin-form-id-9842 noptin-inpost-main-wrapper\" aria-labelledby=\"noptin-form-2__title\" ><style>\/*Custom css*\/\n\n.noptin-form-id-9842 .noptin-optin-form-wrapper .noptin-optin-form.noptin-form-single-line .noptin-form-submit{\n\tborder-radius: 30px;\n}\n\n@media only screen and (min-width: 768px) {\n\n\t.noptin-form-id-9842 .noptin-optin-form-wrapper .noptin-optin-form.noptin-form-single-line .noptin-form-submit{\n\t\tposition: absolute;\n\t\tbottom: -1px;\n\t\ttop: 0;\n\t\tright: 0px;\n\t}\n\n}\n\n.noptin-form-id-9842 .noptin-optin-form-wrapper .noptin-form-single-line .noptin-form-field{\n \tborder-radius: 30px !important;\n\tborder: none !important;\n} #noptin-form-2__wrapper {--noptin-background-color: #424242; --noptin-border-color: #424242; --noptin-button-color: #607D8B; --noptin-button-text-color: #fafafa; --noptin-title-color: #fafafa; --noptin-description-color: #fafafa; --noptin-prefix-color: #607d8b; --noptin-note-color: #fafafa;}<\/style><div style=\"max-width:620px; min-height:280px;border-color: #424242;\" class=\"noptin-optin-form-wrapper no-image\" ><!-- Form ID: 9842 --><form id=\"noptin-form-2\" class=\"noptin-optin-form noptin-form-single-line noptin-label-hide noptin-form-2\" method=\"post\" novalidate >\t\t\t\t\t<div class=\"noptin-form-header noptin-img-left\">\n\t\t\t\t\t\t\t\t\t\t\t\t<div class=\"noptin-form-header-text\">\n\n\t\t\t\t\t\t\t\t\t\t\t\t\t\t\t<div style=\"color: #607d8b;font-size: 20px; font-weight: 500; line-height: 1.3;\" class=\"noptin-form-prefix\">\n\t\t\t\t\t\t\t\t\t\t\t\t\t\t\t\t\t<\/div>\n\t\t\t\t\t\t\t\n\t\t\t\t\t\t\t\t\t\t\t\t\t\t\t<div style=\"color: #fafafa;font-size: 20px; font-weight: 700; line-height: 1.5;\" class=\"noptin-form-heading\">\n\t\t\t\t\t\t\t\t\tAbonnez-vous \u00e0 TopicFoot\t\t\t\t\t\t\t\t<\/div>\n\t\t\t\t\t\t\t\n\t\t\t\t\t\t\t\t\t\t\t\t\t\t\t<div style=\"color: #fafafa;font-size: 16px; font-weight: 500; line-height: 1.5;\" class=\"noptin-form-description\">\n\t\t\t\t\t\t\t\t\tEntrez votre Mail pour recevoir nos derniers articles.\t\t\t\t\t\t\t\t<\/div>\n\t\t\t\t\t\t\t\n\t\t\t\t\t\t<\/div>\n\t\t\t\t\t\t\n\t\t\t\t\t\t\t\t\t\t\t\t\t<div class=\"noptin-form-header-image\">\n\t\t\t\t\t\t\t\t<img decoding=\"async\" alt=\"icon\" src=\"https:\/\/www.topicfoot.fr\/wp-content\/plugins\/newsletter-optin-box\/includes\/assets\/images\/email-icon.png\" \/>\n\t\t\t\t\t\t\t<\/div>\n\t\t\t\t\t\t\n\t\t\t\t\t<\/div>\n\t\t\t\t<div class=\"noptin-form-footer\"><div class=\"noptin-form-fields\">\t\t\t<div class=\"noptin-form-field-wrapper noptin-form-field-email noptin-optin-field-wrapper noptin-optin-field-email\" id=\"noptin-form-2__field-email--wrapper\" >\n\t\t<div class=\"noptin-field-email\">\n\t\t\t<label class=\"noptin-label\" for=\"noptin-form-2__field-email\">Adresse Mail<\/label>\n\t\t\t<input name=\"noptin_fields[email]\" id=\"noptin-form-2__field-email\" type=\"email\" class=\"noptin-text noptin-form-field noptin-form-field__email noptin-form-field__has-no-placeholder\" placeholder=\"Adresse Mail\" required \/>\n\n\t\t<\/div><\/div>\t\t\t<div class=\"noptin-form-field-wrapper noptin-form-field- noptin-optin-field-wrapper noptin-optin-field-\" id=\"noptin-form-2__field---wrapper\" >\n\t\t<\/div>\t\t\t<div class=\"noptin-form-field-wrapper noptin-form-field-submit noptin-optin-field-wrapper noptin-optin-field-submit\" >\n\t\t\n\t\t\t<input type=\"submit\" id=\"noptin-form-2__submit\" class=\"noptin-form-submit btn button btn-primary button-primary wp-element-button\" name=\"noptin-submit\" value=\"Abonnez-vous\" style=\"background-color: #607D8B;color: #fafafa;\"  \/>\n\n\t\t<\/div><\/div>\t\t\t\t\t\t<div class=\"noptin-form-notice noptin-response\" role=\"alert\"><\/div>\n\t\t\t<\/div>\n\t\t\t<input type=\"hidden\" name=\"noptin_element_id\" value=\"2\" \/><input type=\"hidden\" name=\"source\" value=\"9842\" \/><input type=\"hidden\" name=\"form_action\" value=\"subscribe\" \/><input type=\"hidden\" name=\"noptin-config\" value=\"geVp3bmVsS.Bejx5F7hyheCZeasGrk6UoV7mPwUKzeAj_J_jRQjYkLtSn67MwIeo\" \/><input type=\"hidden\" name=\"noptin_form_id\" value=\"9842\" \/><\/form><\/div><!-- \/Form ID: 9842 --><\/div><!-- \/ Noptin Newsletter Plugin -->\n\n\n\n<p>Voir aussi notre article sur :\u00a0<a href=\"https:\/\/www.topicfoot.fr\/index.php\/2025\/09\/25\/les-statistiques-dolivier-giroud-portrait-du-meilleur-buteur-de-lhistoire-des-bleus\/\">Les statistiques d\u2019Olivier Giroud : Portrait du meilleur buteur de l\u2019histoire des Bleus<\/a><\/p>\n\n\n\n<figure class=\"wp-block-embed is-type-wp-embed is-provider-topic-foot wp-block-embed-topic-foot\"><div class=\"wp-block-embed__wrapper\">\n<blockquote class=\"wp-embedded-content\" data-secret=\"ItqrysPsaT\"><a href=\"https:\/\/www.topicfoot.fr\/index.php\/2025\/09\/25\/les-statistiques-dolivier-giroud-portrait-du-meilleur-buteur-de-lhistoire-des-bleus\/\">Les statistiques d\u2019Olivier Giroud : Portrait du meilleur buteur de l\u2019histoire des Bleus<\/a><\/blockquote><iframe loading=\"lazy\" class=\"wp-embedded-content\" sandbox=\"allow-scripts\" security=\"restricted\" style=\"position: absolute; visibility: hidden;\" title=\"\u00ab\u00a0Les statistiques d\u2019Olivier Giroud : Portrait du meilleur buteur de l\u2019histoire des Bleus\u00a0\u00bb &#8212; Topic Foot\" src=\"https:\/\/www.topicfoot.fr\/index.php\/2025\/09\/25\/les-statistiques-dolivier-giroud-portrait-du-meilleur-buteur-de-lhistoire-des-bleus\/embed\/#?secret=NBQHwYs0o3#?secret=ItqrysPsaT\" data-secret=\"ItqrysPsaT\" width=\"500\" height=\"282\" frameborder=\"0\" marginwidth=\"0\" marginheight=\"0\" scrolling=\"no\"><\/iframe>\n<\/div><\/figure>\n","protected":false},"excerpt":{"rendered":"<div class=\"mh-excerpt\">D\u00e9couvrez Sebastian Nanasi au RC Strasbourg la p\u00e9pite su\u00e9doise, un joueur sous-c\u00f4t\u00e9 qui brille d\u00e9j\u00e0 en Ligue 1.<\/div>\n<p> <a class=\"mh-excerpt-more\" href=\"https:\/\/www.topicfoot.fr\/index.php\/2025\/09\/27\/sebastian-nanasi-au-rc-strasbourg-le-joyau-sous-cote\/\" title=\"Sebastian Nanasi au RC Strasbourg : Le Joyau Sous-C\u00f4t\u00e9\">[&#8230;]<\/a><\/p>\n","protected":false},"author":1,"featured_media":16246,"comment_status":"closed","ping_status":"open","sticky":false,"template":"","format":"standard","meta":{"footnotes":""},"categories":[227,120,31],"tags":[],"post_folder":[],"class_list":{"0":"post-16243","1":"post","2":"type-post","3":"status-publish","4":"format-standard","5":"has-post-thumbnail","7":"category-futurs-cracs","8":"category-joueurs","9":"category-toutes-les-categories"},"yoast_head":"<!-- This site is optimized with the Yoast SEO plugin v27.4 - https:\/\/yoast.com\/product\/yoast-seo-wordpress\/ -->\n<title>Sebastian Nanasi au RC Strasbourg : Le Joyau Sous-C\u00f4t\u00e9<\/title>\n<meta name=\"description\" content=\"D\u00e9couvrez Sebastian Nanasi au RC Strasbourg la p\u00e9pite su\u00e9doise, un joueur sous-c\u00f4t\u00e9 qui brille d\u00e9j\u00e0 en Ligue 1.\" \/>\n<meta name=\"robots\" content=\"index, follow, max-snippet:-1, max-image-preview:large, max-video-preview:-1\" \/>\n<link rel=\"canonical\" href=\"https:\/\/www.topicfoot.fr\/index.php\/2025\/09\/27\/sebastian-nanasi-au-rc-strasbourg-le-joyau-sous-cote\/\" \/>\n<meta property=\"og:locale\" content=\"fr_FR\" \/>\n<meta property=\"og:type\" content=\"article\" \/>\n<meta property=\"og:title\" content=\"Sebastian Nanasi au RC Strasbourg : Le Joyau Sous-C\u00f4t\u00e9\" \/>\n<meta property=\"og:description\" content=\"D\u00e9couvrez Sebastian Nanasi au RC Strasbourg la p\u00e9pite su\u00e9doise, un joueur sous-c\u00f4t\u00e9 qui brille d\u00e9j\u00e0 en Ligue 1.\" \/>\n<meta property=\"og:url\" content=\"https:\/\/www.topicfoot.fr\/index.php\/2025\/09\/27\/sebastian-nanasi-au-rc-strasbourg-le-joyau-sous-cote\/\" \/>\n<meta property=\"og:site_name\" content=\"Topic Foot\" \/>\n<meta property=\"article:publisher\" content=\"https:\/\/www.facebook.com\/topicfoot.fr\" \/>\n<meta property=\"article:published_time\" content=\"2025-09-27T21:09:41+00:00\" \/>\n<meta property=\"article:modified_time\" content=\"2025-09-27T21:10:25+00:00\" \/>\n<meta property=\"og:image\" content=\"https:\/\/www.topicfoot.fr\/wp-content\/uploads\/2025\/09\/Sebastian-Nanasi-03.webp\" \/>\n\t<meta property=\"og:image:width\" content=\"1516\" \/>\n\t<meta property=\"og:image:height\" content=\"1052\" \/>\n\t<meta property=\"og:image:type\" content=\"image\/png\" \/>\n<meta name=\"author\" content=\"Florent G\" \/>\n<meta name=\"twitter:card\" content=\"summary_large_image\" \/>\n<meta name=\"twitter:label1\" content=\"\u00c9crit par\" \/>\n\t<meta name=\"twitter:data1\" content=\"Florent G\" \/>\n\t<meta name=\"twitter:label2\" content=\"Dur\u00e9e de lecture estim\u00e9e\" \/>\n\t<meta name=\"twitter:data2\" content=\"6 minutes\" \/>\n<script type=\"application\/ld+json\" class=\"yoast-schema-graph\">{\"@context\":\"https:\\\/\\\/schema.org\",\"@graph\":[{\"@type\":\"Article\",\"@id\":\"https:\\\/\\\/www.topicfoot.fr\\\/index.php\\\/2025\\\/09\\\/27\\\/sebastian-nanasi-au-rc-strasbourg-le-joyau-sous-cote\\\/#article\",\"isPartOf\":{\"@id\":\"https:\\\/\\\/www.topicfoot.fr\\\/index.php\\\/2025\\\/09\\\/27\\\/sebastian-nanasi-au-rc-strasbourg-le-joyau-sous-cote\\\/\"},\"author\":{\"name\":\"Florent G\",\"@id\":\"https:\\\/\\\/www.topicfoot.fr\\\/#\\\/schema\\\/person\\\/e11785565f6247f9acd9d5b796ec4d62\"},\"headline\":\"Sebastian Nanasi au RC Strasbourg : Le Joyau Sous-C\u00f4t\u00e9\",\"datePublished\":\"2025-09-27T21:09:41+00:00\",\"dateModified\":\"2025-09-27T21:10:25+00:00\",\"mainEntityOfPage\":{\"@id\":\"https:\\\/\\\/www.topicfoot.fr\\\/index.php\\\/2025\\\/09\\\/27\\\/sebastian-nanasi-au-rc-strasbourg-le-joyau-sous-cote\\\/\"},\"wordCount\":1032,\"publisher\":{\"@id\":\"https:\\\/\\\/www.topicfoot.fr\\\/#organization\"},\"image\":{\"@id\":\"https:\\\/\\\/www.topicfoot.fr\\\/index.php\\\/2025\\\/09\\\/27\\\/sebastian-nanasi-au-rc-strasbourg-le-joyau-sous-cote\\\/#primaryimage\"},\"thumbnailUrl\":\"https:\\\/\\\/www.topicfoot.fr\\\/wp-content\\\/uploads\\\/2025\\\/09\\\/Sebastian-Nanasi-03.webp\",\"articleSection\":[\"Futurs cracks : valorisation financi\u00e8re et scouting\",\"Joueurs : salaires, valeur marchande et contrats\",\"Toutes les cat\u00e9gories\"],\"inLanguage\":\"fr-FR\"},{\"@type\":\"WebPage\",\"@id\":\"https:\\\/\\\/www.topicfoot.fr\\\/index.php\\\/2025\\\/09\\\/27\\\/sebastian-nanasi-au-rc-strasbourg-le-joyau-sous-cote\\\/\",\"url\":\"https:\\\/\\\/www.topicfoot.fr\\\/index.php\\\/2025\\\/09\\\/27\\\/sebastian-nanasi-au-rc-strasbourg-le-joyau-sous-cote\\\/\",\"name\":\"Sebastian Nanasi au RC Strasbourg : Le Joyau Sous-C\u00f4t\u00e9\",\"isPartOf\":{\"@id\":\"https:\\\/\\\/www.topicfoot.fr\\\/#website\"},\"primaryImageOfPage\":{\"@id\":\"https:\\\/\\\/www.topicfoot.fr\\\/index.php\\\/2025\\\/09\\\/27\\\/sebastian-nanasi-au-rc-strasbourg-le-joyau-sous-cote\\\/#primaryimage\"},\"image\":{\"@id\":\"https:\\\/\\\/www.topicfoot.fr\\\/index.php\\\/2025\\\/09\\\/27\\\/sebastian-nanasi-au-rc-strasbourg-le-joyau-sous-cote\\\/#primaryimage\"},\"thumbnailUrl\":\"https:\\\/\\\/www.topicfoot.fr\\\/wp-content\\\/uploads\\\/2025\\\/09\\\/Sebastian-Nanasi-03.webp\",\"datePublished\":\"2025-09-27T21:09:41+00:00\",\"dateModified\":\"2025-09-27T21:10:25+00:00\",\"description\":\"D\u00e9couvrez Sebastian Nanasi au RC Strasbourg la p\u00e9pite su\u00e9doise, un joueur sous-c\u00f4t\u00e9 qui brille d\u00e9j\u00e0 en Ligue 1.\",\"breadcrumb\":{\"@id\":\"https:\\\/\\\/www.topicfoot.fr\\\/index.php\\\/2025\\\/09\\\/27\\\/sebastian-nanasi-au-rc-strasbourg-le-joyau-sous-cote\\\/#breadcrumb\"},\"inLanguage\":\"fr-FR\",\"potentialAction\":[{\"@type\":\"ReadAction\",\"target\":[\"https:\\\/\\\/www.topicfoot.fr\\\/index.php\\\/2025\\\/09\\\/27\\\/sebastian-nanasi-au-rc-strasbourg-le-joyau-sous-cote\\\/\"]}]},{\"@type\":\"ImageObject\",\"inLanguage\":\"fr-FR\",\"@id\":\"https:\\\/\\\/www.topicfoot.fr\\\/index.php\\\/2025\\\/09\\\/27\\\/sebastian-nanasi-au-rc-strasbourg-le-joyau-sous-cote\\\/#primaryimage\",\"url\":\"https:\\\/\\\/www.topicfoot.fr\\\/wp-content\\\/uploads\\\/2025\\\/09\\\/Sebastian-Nanasi-03.webp\",\"contentUrl\":\"https:\\\/\\\/www.topicfoot.fr\\\/wp-content\\\/uploads\\\/2025\\\/09\\\/Sebastian-Nanasi-03.webp\",\"width\":1516,\"height\":1052},{\"@type\":\"BreadcrumbList\",\"@id\":\"https:\\\/\\\/www.topicfoot.fr\\\/index.php\\\/2025\\\/09\\\/27\\\/sebastian-nanasi-au-rc-strasbourg-le-joyau-sous-cote\\\/#breadcrumb\",\"itemListElement\":[{\"@type\":\"ListItem\",\"position\":1,\"name\":\"Accueil\",\"item\":\"https:\\\/\\\/www.topicfoot.fr\\\/\"},{\"@type\":\"ListItem\",\"position\":2,\"name\":\"Sebastian Nanasi au RC Strasbourg : Le Joyau Sous-C\u00f4t\u00e9\"}]},{\"@type\":\"WebSite\",\"@id\":\"https:\\\/\\\/www.topicfoot.fr\\\/#website\",\"url\":\"https:\\\/\\\/www.topicfoot.fr\\\/\",\"name\":\"Topic Foot\",\"description\":\"Tous l&#039;univers du Foot !\",\"publisher\":{\"@id\":\"https:\\\/\\\/www.topicfoot.fr\\\/#organization\"},\"potentialAction\":[{\"@type\":\"SearchAction\",\"target\":{\"@type\":\"EntryPoint\",\"urlTemplate\":\"https:\\\/\\\/www.topicfoot.fr\\\/?s={search_term_string}\"},\"query-input\":{\"@type\":\"PropertyValueSpecification\",\"valueRequired\":true,\"valueName\":\"search_term_string\"}}],\"inLanguage\":\"fr-FR\"},{\"@type\":\"Organization\",\"@id\":\"https:\\\/\\\/www.topicfoot.fr\\\/#organization\",\"name\":\"Topic Foot\",\"url\":\"https:\\\/\\\/www.topicfoot.fr\\\/\",\"logo\":{\"@type\":\"ImageObject\",\"inLanguage\":\"fr-FR\",\"@id\":\"https:\\\/\\\/www.topicfoot.fr\\\/#\\\/schema\\\/logo\\\/image\\\/\",\"url\":\"https:\\\/\\\/www.topicfoot.fr\\\/wp-content\\\/uploads\\\/2024\\\/04\\\/cropped-logo-topicfoot-new.jpg\",\"contentUrl\":\"https:\\\/\\\/www.topicfoot.fr\\\/wp-content\\\/uploads\\\/2024\\\/04\\\/cropped-logo-topicfoot-new.jpg\",\"width\":512,\"height\":512,\"caption\":\"Topic Foot\"},\"image\":{\"@id\":\"https:\\\/\\\/www.topicfoot.fr\\\/#\\\/schema\\\/logo\\\/image\\\/\"},\"sameAs\":[\"https:\\\/\\\/www.facebook.com\\\/topicfoot.fr\"]},{\"@type\":\"Person\",\"@id\":\"https:\\\/\\\/www.topicfoot.fr\\\/#\\\/schema\\\/person\\\/e11785565f6247f9acd9d5b796ec4d62\",\"name\":\"Florent G\",\"image\":{\"@type\":\"ImageObject\",\"inLanguage\":\"fr-FR\",\"@id\":\"https:\\\/\\\/secure.gravatar.com\\\/avatar\\\/1bb7e359942e0285fca3d40822ea6bdc74a98b7975407bfdf34b5a511f2155da?s=96&d=mm&r=g\",\"url\":\"https:\\\/\\\/secure.gravatar.com\\\/avatar\\\/1bb7e359942e0285fca3d40822ea6bdc74a98b7975407bfdf34b5a511f2155da?s=96&d=mm&r=g\",\"contentUrl\":\"https:\\\/\\\/secure.gravatar.com\\\/avatar\\\/1bb7e359942e0285fca3d40822ea6bdc74a98b7975407bfdf34b5a511f2155da?s=96&d=mm&r=g\",\"caption\":\"Florent G\"},\"description\":\"Je m'appelle Florent et je suis le cr\u00e9ateur de Topicfoot, un projet n\u00e9 de ma conviction que le football m\u00e9rite une couverture m\u00e9diatique de qualit\u00e9, ancr\u00e9e dans les faits et enrichie par l'analyse. Passionn\u00e9 de journalisme, j'ai toujours \u00e9t\u00e9 fascin\u00e9 par le sport comme r\u00e9v\u00e9lateur de soci\u00e9t\u00e9s. Mais c'est surtout l'explosion des donn\u00e9es et des nouvelles technologies dans le football qui m'a pouss\u00e9 \u00e0 lancer Topicfoot : statistiques avanc\u00e9es, mod\u00e8les pr\u00e9dictifs, analyse vid\u00e9o intelligente, impact des r\u00e9seaux sociaux sur les carri\u00e8res des joueurs. J'adore creuser ces th\u00e9matiques o\u00f9 les chiffres racontent une histoire que les yeux seuls ne voient pas. Au-del\u00e0 de la r\u00e9daction, je suis responsable de la ligne \u00e9ditoriale de Topicfoot et de sa strat\u00e9gie num\u00e9rique. Je crois que le journalisme sportif doit allier rigueur journalistique et innovation technologique pour offrir aux lecteurs une exp\u00e9rience moderne et approfondie. Nous couvrons les grands \u00e9v\u00e9nements du football europ\u00e9en et nous explorons comment les clubs utilisent les donn\u00e9es pour transformer leur organisation. Pour moi, Topicfoot, c'est la promesse d'un football mieux compris.\",\"sameAs\":[\"https:\\\/\\\/www.topicfoot.fr\"],\"url\":\"https:\\\/\\\/www.topicfoot.fr\\\/index.php\\\/author\\\/vitrindunet\\\/\"}]}<\/script>\n<!-- \/ Yoast SEO plugin. -->","yoast_head_json":{"title":"Sebastian Nanasi au RC Strasbourg : Le Joyau Sous-C\u00f4t\u00e9","description":"D\u00e9couvrez Sebastian Nanasi au RC Strasbourg la p\u00e9pite su\u00e9doise, un joueur sous-c\u00f4t\u00e9 qui brille d\u00e9j\u00e0 en Ligue 1.","robots":{"index":"index","follow":"follow","max-snippet":"max-snippet:-1","max-image-preview":"max-image-preview:large","max-video-preview":"max-video-preview:-1"},"canonical":"https:\/\/www.topicfoot.fr\/index.php\/2025\/09\/27\/sebastian-nanasi-au-rc-strasbourg-le-joyau-sous-cote\/","og_locale":"fr_FR","og_type":"article","og_title":"Sebastian Nanasi au RC Strasbourg : Le Joyau Sous-C\u00f4t\u00e9","og_description":"D\u00e9couvrez Sebastian Nanasi au RC Strasbourg la p\u00e9pite su\u00e9doise, un joueur sous-c\u00f4t\u00e9 qui brille d\u00e9j\u00e0 en Ligue 1.","og_url":"https:\/\/www.topicfoot.fr\/index.php\/2025\/09\/27\/sebastian-nanasi-au-rc-strasbourg-le-joyau-sous-cote\/","og_site_name":"Topic Foot","article_publisher":"https:\/\/www.facebook.com\/topicfoot.fr","article_published_time":"2025-09-27T21:09:41+00:00","article_modified_time":"2025-09-27T21:10:25+00:00","og_image":[{"width":1516,"height":1052,"url":"https:\/\/www.topicfoot.fr\/wp-content\/uploads\/2025\/09\/Sebastian-Nanasi-03.webp","type":"image\/png"}],"author":"Florent G","twitter_card":"summary_large_image","twitter_misc":{"\u00c9crit par":"Florent G","Dur\u00e9e de lecture estim\u00e9e":"6 minutes"},"schema":{"@context":"https:\/\/schema.org","@graph":[{"@type":"Article","@id":"https:\/\/www.topicfoot.fr\/index.php\/2025\/09\/27\/sebastian-nanasi-au-rc-strasbourg-le-joyau-sous-cote\/#article","isPartOf":{"@id":"https:\/\/www.topicfoot.fr\/index.php\/2025\/09\/27\/sebastian-nanasi-au-rc-strasbourg-le-joyau-sous-cote\/"},"author":{"name":"Florent G","@id":"https:\/\/www.topicfoot.fr\/#\/schema\/person\/e11785565f6247f9acd9d5b796ec4d62"},"headline":"Sebastian Nanasi au RC Strasbourg : Le Joyau Sous-C\u00f4t\u00e9","datePublished":"2025-09-27T21:09:41+00:00","dateModified":"2025-09-27T21:10:25+00:00","mainEntityOfPage":{"@id":"https:\/\/www.topicfoot.fr\/index.php\/2025\/09\/27\/sebastian-nanasi-au-rc-strasbourg-le-joyau-sous-cote\/"},"wordCount":1032,"publisher":{"@id":"https:\/\/www.topicfoot.fr\/#organization"},"image":{"@id":"https:\/\/www.topicfoot.fr\/index.php\/2025\/09\/27\/sebastian-nanasi-au-rc-strasbourg-le-joyau-sous-cote\/#primaryimage"},"thumbnailUrl":"https:\/\/www.topicfoot.fr\/wp-content\/uploads\/2025\/09\/Sebastian-Nanasi-03.webp","articleSection":["Futurs cracks : valorisation financi\u00e8re et scouting","Joueurs : salaires, valeur marchande et contrats","Toutes les cat\u00e9gories"],"inLanguage":"fr-FR"},{"@type":"WebPage","@id":"https:\/\/www.topicfoot.fr\/index.php\/2025\/09\/27\/sebastian-nanasi-au-rc-strasbourg-le-joyau-sous-cote\/","url":"https:\/\/www.topicfoot.fr\/index.php\/2025\/09\/27\/sebastian-nanasi-au-rc-strasbourg-le-joyau-sous-cote\/","name":"Sebastian Nanasi au RC Strasbourg : Le Joyau Sous-C\u00f4t\u00e9","isPartOf":{"@id":"https:\/\/www.topicfoot.fr\/#website"},"primaryImageOfPage":{"@id":"https:\/\/www.topicfoot.fr\/index.php\/2025\/09\/27\/sebastian-nanasi-au-rc-strasbourg-le-joyau-sous-cote\/#primaryimage"},"image":{"@id":"https:\/\/www.topicfoot.fr\/index.php\/2025\/09\/27\/sebastian-nanasi-au-rc-strasbourg-le-joyau-sous-cote\/#primaryimage"},"thumbnailUrl":"https:\/\/www.topicfoot.fr\/wp-content\/uploads\/2025\/09\/Sebastian-Nanasi-03.webp","datePublished":"2025-09-27T21:09:41+00:00","dateModified":"2025-09-27T21:10:25+00:00","description":"D\u00e9couvrez Sebastian Nanasi au RC Strasbourg la p\u00e9pite su\u00e9doise, un joueur sous-c\u00f4t\u00e9 qui brille d\u00e9j\u00e0 en Ligue 1.","breadcrumb":{"@id":"https:\/\/www.topicfoot.fr\/index.php\/2025\/09\/27\/sebastian-nanasi-au-rc-strasbourg-le-joyau-sous-cote\/#breadcrumb"},"inLanguage":"fr-FR","potentialAction":[{"@type":"ReadAction","target":["https:\/\/www.topicfoot.fr\/index.php\/2025\/09\/27\/sebastian-nanasi-au-rc-strasbourg-le-joyau-sous-cote\/"]}]},{"@type":"ImageObject","inLanguage":"fr-FR","@id":"https:\/\/www.topicfoot.fr\/index.php\/2025\/09\/27\/sebastian-nanasi-au-rc-strasbourg-le-joyau-sous-cote\/#primaryimage","url":"https:\/\/www.topicfoot.fr\/wp-content\/uploads\/2025\/09\/Sebastian-Nanasi-03.webp","contentUrl":"https:\/\/www.topicfoot.fr\/wp-content\/uploads\/2025\/09\/Sebastian-Nanasi-03.webp","width":1516,"height":1052},{"@type":"BreadcrumbList","@id":"https:\/\/www.topicfoot.fr\/index.php\/2025\/09\/27\/sebastian-nanasi-au-rc-strasbourg-le-joyau-sous-cote\/#breadcrumb","itemListElement":[{"@type":"ListItem","position":1,"name":"Accueil","item":"https:\/\/www.topicfoot.fr\/"},{"@type":"ListItem","position":2,"name":"Sebastian Nanasi au RC Strasbourg : Le Joyau Sous-C\u00f4t\u00e9"}]},{"@type":"WebSite","@id":"https:\/\/www.topicfoot.fr\/#website","url":"https:\/\/www.topicfoot.fr\/","name":"Topic Foot","description":"Tous l&#039;univers du Foot !","publisher":{"@id":"https:\/\/www.topicfoot.fr\/#organization"},"potentialAction":[{"@type":"SearchAction","target":{"@type":"EntryPoint","urlTemplate":"https:\/\/www.topicfoot.fr\/?s={search_term_string}"},"query-input":{"@type":"PropertyValueSpecification","valueRequired":true,"valueName":"search_term_string"}}],"inLanguage":"fr-FR"},{"@type":"Organization","@id":"https:\/\/www.topicfoot.fr\/#organization","name":"Topic Foot","url":"https:\/\/www.topicfoot.fr\/","logo":{"@type":"ImageObject","inLanguage":"fr-FR","@id":"https:\/\/www.topicfoot.fr\/#\/schema\/logo\/image\/","url":"https:\/\/www.topicfoot.fr\/wp-content\/uploads\/2024\/04\/cropped-logo-topicfoot-new.jpg","contentUrl":"https:\/\/www.topicfoot.fr\/wp-content\/uploads\/2024\/04\/cropped-logo-topicfoot-new.jpg","width":512,"height":512,"caption":"Topic Foot"},"image":{"@id":"https:\/\/www.topicfoot.fr\/#\/schema\/logo\/image\/"},"sameAs":["https:\/\/www.facebook.com\/topicfoot.fr"]},{"@type":"Person","@id":"https:\/\/www.topicfoot.fr\/#\/schema\/person\/e11785565f6247f9acd9d5b796ec4d62","name":"Florent G","image":{"@type":"ImageObject","inLanguage":"fr-FR","@id":"https:\/\/secure.gravatar.com\/avatar\/1bb7e359942e0285fca3d40822ea6bdc74a98b7975407bfdf34b5a511f2155da?s=96&d=mm&r=g","url":"https:\/\/secure.gravatar.com\/avatar\/1bb7e359942e0285fca3d40822ea6bdc74a98b7975407bfdf34b5a511f2155da?s=96&d=mm&r=g","contentUrl":"https:\/\/secure.gravatar.com\/avatar\/1bb7e359942e0285fca3d40822ea6bdc74a98b7975407bfdf34b5a511f2155da?s=96&d=mm&r=g","caption":"Florent G"},"description":"Je m'appelle Florent et je suis le cr\u00e9ateur de Topicfoot, un projet n\u00e9 de ma conviction que le football m\u00e9rite une couverture m\u00e9diatique de qualit\u00e9, ancr\u00e9e dans les faits et enrichie par l'analyse. Passionn\u00e9 de journalisme, j'ai toujours \u00e9t\u00e9 fascin\u00e9 par le sport comme r\u00e9v\u00e9lateur de soci\u00e9t\u00e9s. Mais c'est surtout l'explosion des donn\u00e9es et des nouvelles technologies dans le football qui m'a pouss\u00e9 \u00e0 lancer Topicfoot : statistiques avanc\u00e9es, mod\u00e8les pr\u00e9dictifs, analyse vid\u00e9o intelligente, impact des r\u00e9seaux sociaux sur les carri\u00e8res des joueurs. J'adore creuser ces th\u00e9matiques o\u00f9 les chiffres racontent une histoire que les yeux seuls ne voient pas. Au-del\u00e0 de la r\u00e9daction, je suis responsable de la ligne \u00e9ditoriale de Topicfoot et de sa strat\u00e9gie num\u00e9rique. Je crois que le journalisme sportif doit allier rigueur journalistique et innovation technologique pour offrir aux lecteurs une exp\u00e9rience moderne et approfondie. Nous couvrons les grands \u00e9v\u00e9nements du football europ\u00e9en et nous explorons comment les clubs utilisent les donn\u00e9es pour transformer leur organisation. Pour moi, Topicfoot, c'est la promesse d'un football mieux compris.","sameAs":["https:\/\/www.topicfoot.fr"],"url":"https:\/\/www.topicfoot.fr\/index.php\/author\/vitrindunet\/"}]}},"_links":{"self":[{"href":"https:\/\/www.topicfoot.fr\/index.php\/wp-json\/wp\/v2\/posts\/16243","targetHints":{"allow":["GET"]}}],"collection":[{"href":"https:\/\/www.topicfoot.fr\/index.php\/wp-json\/wp\/v2\/posts"}],"about":[{"href":"https:\/\/www.topicfoot.fr\/index.php\/wp-json\/wp\/v2\/types\/post"}],"author":[{"embeddable":true,"href":"https:\/\/www.topicfoot.fr\/index.php\/wp-json\/wp\/v2\/users\/1"}],"replies":[{"embeddable":true,"href":"https:\/\/www.topicfoot.fr\/index.php\/wp-json\/wp\/v2\/comments?post=16243"}],"version-history":[{"count":0,"href":"https:\/\/www.topicfoot.fr\/index.php\/wp-json\/wp\/v2\/posts\/16243\/revisions"}],"wp:featuredmedia":[{"embeddable":true,"href":"https:\/\/www.topicfoot.fr\/index.php\/wp-json\/wp\/v2\/media\/16246"}],"wp:attachment":[{"href":"https:\/\/www.topicfoot.fr\/index.php\/wp-json\/wp\/v2\/media?parent=16243"}],"wp:term":[{"taxonomy":"category","embeddable":true,"href":"https:\/\/www.topicfoot.fr\/index.php\/wp-json\/wp\/v2\/categories?post=16243"},{"taxonomy":"post_tag","embeddable":true,"href":"https:\/\/www.topicfoot.fr\/index.php\/wp-json\/wp\/v2\/tags?post=16243"},{"taxonomy":"post_folder","embeddable":true,"href":"https:\/\/www.topicfoot.fr\/index.php\/wp-json\/wp\/v2\/post_folder?post=16243"}],"curies":[{"name":"wp","href":"https:\/\/api.w.org\/{rel}","templated":true}]}}