{"id":16998,"date":"2025-11-15T18:36:56","date_gmt":"2025-11-15T17:36:56","guid":{"rendered":"https:\/\/www.topicfoot.fr\/?p=16998"},"modified":"2025-11-15T18:37:09","modified_gmt":"2025-11-15T17:37:09","slug":"camp-de-base-des-bleus-un-choix-strategique-sous-haute-tension","status":"publish","type":"post","link":"https:\/\/www.topicfoot.fr\/index.php\/2025\/11\/15\/camp-de-base-des-bleus-un-choix-strategique-sous-haute-tension\/","title":{"rendered":"Camp de Base des Bleus : un choix strat\u00e9gique sous haute tension"},"content":{"rendered":"<span class=\"span-reading-time rt-reading-time\" style=\"display: block;\"><span class=\"rt-label rt-prefix\">Temps de lecture\u00a0:  <\/span> <span class=\"rt-time\"> 8<\/span> <span class=\"rt-label rt-postfix\">minutes.  <\/span><\/span>\n<p>Le camp de base des Bleus pour la Coupe du monde 2026 ne sera pas qu\u2019un simple lieu de r\u00e9sidence. Il sera le c\u0153ur battant de la s\u00e9lection, l\u2019endroit o\u00f9 tout se joue loin des cam\u00e9ras : r\u00e9cup\u00e9ration, coh\u00e9sion, ajustements tactiques, gestion de la chaleur et des d\u00e9calages horaires. Et ce n\u2019est pas tout : dans un Mondial \u00e9clat\u00e9 entre \u00c9tats-Unis, Canada et Mexique, ce choix devient un levier de performance \u00e0 part enti\u00e8re pour l\u2019\u00e9quipe de France. Le camp de base des Bleus cristallise donc autant de contraintes logistiques que d\u2019ambitions sportives.<\/p>\n\n\n\n<p>L\u2019\u00e9quipe de France a d\u00e9j\u00e0 act\u00e9 une orientation : les Bleus devraient s\u2019installer aux \u00c9tats-Unis, v\u00e9ritable plaque tournante d\u2019un tournoi \u00e0 48 \u00e9quipes. Mais attention, rien n\u2019est laiss\u00e9 au hasard. Du catalogue de la FIFA aux exigences de Didier Deschamps, en passant par la m\u00e9t\u00e9o am\u00e9ricaine et un calendrier serr\u00e9, chaque param\u00e8tre p\u00e8se dans la balance.<\/p>\n\n\n\n<figure class=\"wp-block-image size-large\"><img loading=\"lazy\" decoding=\"async\" width=\"1024\" height=\"661\" src=\"https:\/\/www.topicfoot.fr\/wp-content\/uploads\/2025\/11\/camp-de-base-des-bleus-1024x661.webp\" alt=\"Camp de Base des Bleus : un choix strat\u00e9gique sous haute tension\" class=\"wp-image-17000\" srcset=\"https:\/\/www.topicfoot.fr\/wp-content\/uploads\/2025\/11\/camp-de-base-des-bleus-1024x661.webp 1024w, https:\/\/www.topicfoot.fr\/wp-content\/uploads\/2025\/11\/camp-de-base-des-bleus-300x194.webp 300w, https:\/\/www.topicfoot.fr\/wp-content\/uploads\/2025\/11\/camp-de-base-des-bleus-768x496.webp 768w, https:\/\/www.topicfoot.fr\/wp-content\/uploads\/2025\/11\/camp-de-base-des-bleus-1536x992.webp 1536w, https:\/\/www.topicfoot.fr\/wp-content\/uploads\/2025\/11\/camp-de-base-des-bleus-2048x1322.webp 2048w\" sizes=\"auto, (max-width: 1024px) 100vw, 1024px\" \/><\/figure>\n\n\n\n<p><strong><em>h\u00f4tel de luxe Al\u00a0Messila Resort<\/em><\/strong> <em>Coupe du monde 2022<\/em><\/p>\n\n\n\n<p>Dans les coulisses de la pr\u00e9paration, le choix du camp de base devient une v\u00e9ritable partie d\u2019\u00e9checs. Avec un objectif clair : permettre aux Bleus de viser une troisi\u00e8me \u00e9toile dans les meilleures conditions possibles.<\/p>\n\n\n\n<h2 class=\"wp-block-heading\">Pourquoi le camp de base des Bleus sera am\u00e9ricain<\/h2>\n\n\n\n<p>Tr\u00e8s vite, la F\u00e9d\u00e9ration fran\u00e7aise de football a pris une orientation nette : la priorit\u00e9 va aux \u00c9tats-Unis. Les options au Canada et au Mexique ont \u00e9t\u00e9 \u00e9cart\u00e9es, non pas par manque de prestige, mais pour des raisons tr\u00e8s concr\u00e8tes. Trop peu de matches organis\u00e9s localement, des infrastructures plus dispers\u00e9es, et surtout des temps de trajet plus longs auraient compliqu\u00e9 la vie quotidienne des Bleus. Les \u00c9tats-Unis, eux, concentrent la majorit\u00e9 des rencontres de ce Mondial \u00e9largi. Le camp de base des Bleus y trouvera un ancrage logique, au plus pr\u00e8s du c\u0153ur de la comp\u00e9tition.<\/p>\n\n\n\n<p>Didier Deschamps l\u2019a rappel\u00e9 apr\u00e8s la qualification face \u00e0 l\u2019Ukraine : la carte du tournoi, c\u2019est un puzzle g\u00e9ant, avec des distances d\u00e9mesur\u00e9es et des fuseaux horaires \u00e0 g\u00e9rer. M\u00eame dans une m\u00eame zone g\u00e9ographique, les trajets restent importants. Le s\u00e9lectionneur sait qu\u2019un camp mal plac\u00e9 peut devenir un pi\u00e8ge : fatigue accumul\u00e9e, r\u00e9cup\u00e9ration tronqu\u00e9e, pr\u00e9paration perturb\u00e9e. Pourtant, le staff ne cherche pas un lieu luxueux, mais un environnement fonctionnel et ma\u00eetris\u00e9, capable de r\u00e9duire l\u2019impact de ces contraintes in\u00e9dites.<\/p>\n\n\n\n<p>Ce choix am\u00e9ricain s\u2019inscrit dans une logique tr\u00e8s claire : limiter les vols, stabiliser le quotidien du groupe et offrir aux joueurs un rep\u00e8re fixe pendant la phase de groupes. Dans un Mondial \u00e9clat\u00e9, le camp de base devient un point d\u2019ancrage vital.<\/p>\n\n\n\n<h2 class=\"wp-block-heading\">Un catalogue FIFA XXL et des crit\u00e8res draconiens<\/h2>\n\n\n\n<h3 class=\"wp-block-heading\">Un choix \u00e0 faire parmi 65 camps de base possibles<\/h3>\n\n\n\n<p>Pour ce Mondial 2026, la FIFA a mis les petits plats dans les grands. Un catalogue de 65 camps de base a \u00e9t\u00e9 transmis aux 48 \u00e9quipes qualifi\u00e9es. Ce document n\u2019est pas fig\u00e9 : il s\u2019est enrichi au fil des mois, passant de 24 sites en juin 2024 \u00e0 49 en novembre, puis 62 en avril 2025, pour atteindre finalement 65 options. Autant dire que les Bleus et la FFF disposent d\u2019un large \u00e9ventail de possibilit\u00e9s.<\/p>\n\n\n\n<p>Ces installations sont r\u00e9parties dans 17 villes, dont certaines n\u2019accueilleront m\u00eame pas de match pendant la comp\u00e9tition. Un paradoxe apparent, mais une volont\u00e9 claire de la FIFA : \u00e9tendre la port\u00e9e de ce Mondial sur l\u2019ensemble du territoire nord-am\u00e9ricain, tout en offrant aux \u00e9quipes des environnements vari\u00e9s. Pour la France, cela veut dire une chose : le camp de base des Bleus pourra \u00eatre choisi dans un contexte calme, \u00e0 l\u2019\u00e9cart des stades, mais avec des infrastructures de niveau international.<\/p>\n\n\n\n<p>Parmi ces options, des villes comme Atlanta, Dallas, Houston, Los Angeles, Miami ou New York\/New Jersey reviennent souvent dans les discussions. D\u2019autres sont moins connues du grand public, mais proposent des infrastructures haut de gamme, parfaitement adapt\u00e9es aux exigences d\u2019une s\u00e9lection majeure.<\/p>\n\n\n\n<figure class=\"wp-block-image size-large\"><img loading=\"lazy\" decoding=\"async\" width=\"1024\" height=\"637\" src=\"https:\/\/www.topicfoot.fr\/wp-content\/uploads\/2025\/11\/camp-de-base-des-bleus-2-1024x637.webp\" alt=\"Camp de Base des Bleus\" class=\"wp-image-17001\" srcset=\"https:\/\/www.topicfoot.fr\/wp-content\/uploads\/2025\/11\/camp-de-base-des-bleus-2-1024x637.webp 1024w, https:\/\/www.topicfoot.fr\/wp-content\/uploads\/2025\/11\/camp-de-base-des-bleus-2-300x187.webp 300w, https:\/\/www.topicfoot.fr\/wp-content\/uploads\/2025\/11\/camp-de-base-des-bleus-2-768x478.webp 768w, https:\/\/www.topicfoot.fr\/wp-content\/uploads\/2025\/11\/camp-de-base-des-bleus-2-1536x955.webp 1536w, https:\/\/www.topicfoot.fr\/wp-content\/uploads\/2025\/11\/camp-de-base-des-bleus-2-2048x1273.webp 2048w\" sizes=\"auto, (max-width: 1024px) 100vw, 1024px\" \/><\/figure>\n\n\n\n<h3 class=\"wp-block-heading\">Les contraintes techniques impos\u00e9es par la FIFA<\/h3>\n\n\n\n<p>La FIFA ne laisse aucune place \u00e0 l\u2019improvisation. Chaque camp de base doit respecter des standards pr\u00e9cis. Le terrain d\u2019entra\u00eenement doit \u00eatre aux dimensions officielles, 105 m par 68 m, avec au moins trois m\u00e8tres de d\u00e9gagement tout autour pour la s\u00e9curit\u00e9 des joueurs. La pelouse doit \u00eatre impeccable, en gazon naturel ou hybride, avec une zone sp\u00e9cifique r\u00e9serv\u00e9e aux gardiens. Pour un s\u00e9lectionneur comme Deschamps, attach\u00e9 \u00e0 la qualit\u00e9 des s\u00e9ances, ces d\u00e9tails sont loin d\u2019\u00eatre anodins.<\/p>\n\n\n\n<p>C\u00f4t\u00e9 h\u00e9bergement, le cahier des charges est tout aussi strict. H\u00f4tels 4 ou 5 \u00e9toiles, situ\u00e9s \u00e0 moins de vingt minutes en voiture du terrain d\u2019entra\u00eenement, nombre de chambres adapt\u00e9 \u00e0 toute la d\u00e9l\u00e9gation. Le camp de base des Bleus doit fonctionner comme un club professionnel en pleine saison, avec un niveau d\u2019exigence digne de la Ligue des champions.<\/p>\n\n\n\n<p>\u00c0 cela s\u2019ajoutent les infrastructures compl\u00e9mentaires : salle de fitness \u00e9quip\u00e9e, salle de conf\u00e9rence pour les s\u00e9ances vid\u00e9o, salle de massage et de soins, espaces pour le mat\u00e9riel, centre de bien-\u00eatre avec piscines, voire infirmerie et local anti-dopage. Le camp de base des Bleus doit \u00eatre un v\u00e9ritable centre de haute performance, o\u00f9 la r\u00e9cup\u00e9ration se pr\u00e9pare autant que les matchs.<\/p>\n\n\n\n<h2 class=\"wp-block-heading\">Ce que Deschamps demande vraiment \u00e0 son camp de base<\/h2>\n\n\n\n<h3 class=\"wp-block-heading\">Le mod\u00e8le Doha et Istra comme r\u00e9f\u00e9rences<\/h3>\n\n\n\n<p>Didier Deschamps n\u2019avance pas en terrain inconnu. Le s\u00e9lectionneur a d\u00e9j\u00e0 son mod\u00e8le en t\u00eate. Il garde un excellent souvenir du camp de base de Doha en 2022, qu\u2019il a d\u00e9crit comme \u00ab parfait sans \u00eatre luxueux \u00bb. Avant cela, Istra en Russie en 2018 avait \u00e9galement marqu\u00e9 les esprits. Deux environnements qui ont accompagn\u00e9 deux finales de Coupe du monde. Ce n\u2019est pas un hasard.<\/p>\n\n\n\n<p>Le camp de base des Bleus devra suivre cette philosophie : un \u00e9tablissement assez grand, avec des pi\u00e8ces de vie communes pour favoriser la coh\u00e9sion, des espaces ext\u00e9rieurs pour respirer et se d\u00e9tendre, un environnement calme, loin des centres-villes, mais sans isolement total. Le terrain d\u2019entra\u00eenement doit se situer id\u00e9alement \u00e0 distance de marche ou \u00e0 quelques minutes de bus. L\u2019id\u00e9e est simple : \u00e9viter les contraintes parasites, pr\u00e9server l\u2019\u00e9nergie mentale et physique pour la comp\u00e9tition.<\/p>\n\n\n\n<p>\u00c0 l\u2019inverse, l\u2019exp\u00e9rience v\u00e9cue lors de l\u2019Euro 2021, dans un contexte sanitaire lourd, reste un contre-mod\u00e8le. Trop de contraintes, trop peu de libert\u00e9, une dynamique pollu\u00e9e par les protocoles. Le staff ne veut plus revivre ce type de sc\u00e9nario. Le camp de base des Bleus pour 2026 doit offrir un cadre protecteur, sans \u00eatre \u00e9touffant.<\/p>\n\n\n\n<h3 class=\"wp-block-heading\">Un camp pens\u00e9 pour la vie de groupe<\/h3>\n\n\n\n<p>Au-del\u00e0 des terrains et des chambres, la vie quotidienne compte \u00e9norm\u00e9ment. Une salle d\u00e9di\u00e9e aux analyses vid\u00e9o, un coin d\u00e9tente, un espace pour les jeux, une pr\u00e9sence permanente du staff m\u00e9dical, une restauration adapt\u00e9e avec un chef capable de suivre les indications nutritionnelles : chaque d\u00e9tail peut faire la diff\u00e9rence.<\/p>\n\n\n\n<p>Le camp de base des Bleus doit permettre aux joueurs de se sentir chez eux, tout en restant dans une bulle de comp\u00e9tition. L\u2019\u00e9quilibre est d\u00e9licat : trop de confort peut faire baisser la tension, trop de rigidit\u00e9 peut casser la dynamique du groupe. Deschamps, qui conna\u00eet ses hommes, sait qu\u2019un bon camp de base, ce n\u2019est pas seulement un bel h\u00f4tel, mais un lieu o\u00f9 se construit le quotidien d\u2019une \u00e9quipe qui veut gagner.<\/p>\n\n\n\n<h2 class=\"wp-block-heading\">Tirage au sort, zones g\u00e9ographiques et timing : une course contre la montre<\/h2>\n\n\n\n<h3 class=\"wp-block-heading\">Le tirage au sort, vrai point de d\u00e9part du choix<\/h3>\n\n\n\n<p>Le 5 d\u00e9cembre 2025 \u00e0 Washington, le tirage au sort de la phase de groupes lancera une nouvelle phase du dossier. Ce soir-l\u00e0, les Bleus conna\u00eetront leurs trois adversaires, mais surtout les villes o\u00f9 ils joueront leurs matches de poule. C\u2019est le point de d\u00e9part concret pour finaliser le camp de base des Bleus.<\/p>\n\n\n\n<p>La France, troisi\u00e8me au classement FIFA, sera t\u00eate de s\u00e9rie. Ce statut offre deux avantages majeurs. D\u2019abord, un certain confort sportif : les Bleus ne croiseront pas les \u00c9tats-Unis, le Canada, le Mexique, ni l\u2019Espagne en phase de groupes, et probablement pas le Portugal ni les Pays-Bas. Ensuite, et surtout, une priorit\u00e9 dans la s\u00e9lection du camp de base. Les \u00e9quipes t\u00eates de s\u00e9rie choisissent avant les autres nations. Dans un catalogue de 65 camps, \u00eatre parmi les premiers \u00e0 se positionner peut changer la donne.<\/p>\n\n\n\n<p>D\u00e8s le tirage termin\u00e9, une d\u00e9l\u00e9gation de la FFF prendra la direction de l\u2019Am\u00e9rique du Nord pour visiter plusieurs sites. Une premi\u00e8re vague d\u2019inspection, suivie d\u2019une seconde men\u00e9e par Deschamps lui-m\u00eame. La d\u00e9cision finale devra tomber rapidement.<\/p>\n\n\n\n<figure class=\"wp-block-image size-large\"><img loading=\"lazy\" decoding=\"async\" width=\"1024\" height=\"637\" src=\"https:\/\/www.topicfoot.fr\/wp-content\/uploads\/2025\/11\/camp-de-base-des-bleus-2-1024x637.webp\" alt=\"\" class=\"wp-image-17001\" srcset=\"https:\/\/www.topicfoot.fr\/wp-content\/uploads\/2025\/11\/camp-de-base-des-bleus-2-1024x637.webp 1024w, https:\/\/www.topicfoot.fr\/wp-content\/uploads\/2025\/11\/camp-de-base-des-bleus-2-300x187.webp 300w, https:\/\/www.topicfoot.fr\/wp-content\/uploads\/2025\/11\/camp-de-base-des-bleus-2-768x478.webp 768w, https:\/\/www.topicfoot.fr\/wp-content\/uploads\/2025\/11\/camp-de-base-des-bleus-2-1536x955.webp 1536w, https:\/\/www.topicfoot.fr\/wp-content\/uploads\/2025\/11\/camp-de-base-des-bleus-2-2048x1273.webp 2048w\" sizes=\"auto, (max-width: 1024px) 100vw, 1024px\" \/><\/figure>\n\n\n\n<p><em>Camp de base de Istra \u00e9quipe de france Coupe du monde 2018<\/em><\/p>\n\n\n\n<h3 class=\"wp-block-heading\">Une \u00e9ch\u00e9ance inflexible : le 9 janvier 2026<\/h3>\n\n\n\n<p>Les f\u00e9d\u00e9rations auront jusqu\u2019au 9 janvier 2026 pour communiquer leur choix d\u00e9finitif \u00e0 la FIFA. Autrement dit, un peu plus d\u2019un mois entre le tirage et la validation du camp de base des Bleus. Un d\u00e9lai court, surtout dans un contexte o\u00f9 plusieurs grandes nations pourraient viser des sites similaires. L\u00e0 encore, le statut de t\u00eate de s\u00e9rie devient un avantage strat\u00e9gique.<\/p>\n\n\n\n<p>Dans cette p\u00e9riode, chaque jour comptera. \u00c9tude des distances entre villes de matches et sites potentiels, gestion des fuseaux horaires, analyse du climat local, retour des pr\u00e9parateurs physiques et des m\u00e9decins, arbitrage du s\u00e9lectionneur : le camp de base des Bleus sera le r\u00e9sultat d\u2019un travail collectif intense.<\/p>\n\n\n\n<h2 class=\"wp-block-heading\">Climat, distances et pr\u00e9paration : un camp de base comme bouclier<\/h2>\n\n\n\n<h3 class=\"wp-block-heading\">Les zones Est, Ouest et Centre : un Mondial XXL<\/h3>\n\n\n\n<p>La Coupe du monde 2026 est d\u00e9coup\u00e9e en trois grandes zones : Est, Ouest et Centre. Boston, New York\/New Jersey, Philadelphie, Atlanta et Miami composent une partie de la zone Est, avec Toronto en renfort c\u00f4t\u00e9 canadien. \u00c0 l\u2019Ouest, Los Angeles, San Francisco Bay Area et Seattle, avec Vancouver. Au Centre, Dallas, Houston, Kansas City, mais aussi Mexico, Guadalajara et Monterrey.<\/p>\n\n\n\n<p>Entre certaines villes, les distances sont vertigineuses. Un Los Angeles \u2013 New York, ce sont environ 4 500 km, pr\u00e8s de cinq heures de vol. Pour les organismes, ce n\u2019est pas neutre. Le camp de base des Bleus devra donc minimiser l\u2019impact de ces d\u00e9placements. Le staff cherchera une implantation qui permette d\u2019encha\u00eener les matches de groupe sans multiplier les longs vols internes.<\/p>\n\n\n\n<h3 class=\"wp-block-heading\">Le d\u00e9fi climatique am\u00e9ricain<\/h3>\n\n\n\n<p>Autre param\u00e8tre majeur : la m\u00e9t\u00e9o. Contrairement au Qatar, o\u00f9 la chaleur restait constante, les \u00c9tats-Unis peuvent r\u00e9server des surprises. Pic de chaleur \u00e0 40 degr\u00e9s sur certaines pelouses, orages violents, variations fortes selon les r\u00e9gions : le climat sera un adversaire \u00e0 part enti\u00e8re.<\/p>\n\n\n\n<p>Le camp de base des Bleus devra tenir compte de cette incertitude. Un site trop expos\u00e9 \u00e0 la chaleur extr\u00eame pourrait peser sur la qualit\u00e9 des entra\u00eenements. \u00c0 l\u2019inverse, un environnement plus temp\u00e9r\u00e9 favorisera une meilleure r\u00e9cup\u00e9ration. Les pr\u00e9parateurs physiques et le staff m\u00e9dical auront leur mot \u00e0 dire. Des protocoles d\u2019acclimatation sont pr\u00e9vus, avec une pr\u00e9paration progressive, notamment via des matches amicaux en mars et juin 2026 sur le sol am\u00e9ricain.<\/p>\n\n\n\n<p>L\u00e0 encore, le camp de base est plus qu\u2019un simple h\u00f4tel : c\u2019est un bouclier contre les pi\u00e8ges du calendrier et du climat. Et dans un contexte o\u00f9 Kylian Mbapp\u00e9 affiche clairement l\u2019objectif de \u201cgagner la Coupe du monde\u201d, la moindre erreur de choix pourrait se payer cher.<\/p>\n\n\n\n<h2 class=\"wp-block-heading\">Et apr\u00e8s le camp de base des Bleus ?<\/h2>\n\n\n\n<p>Une fois le camp de base des Bleus choisi, valid\u00e9 et communiqu\u00e9, le plan de marche se poursuivra : tourn\u00e9e am\u00e9ricaine en mars 2026, liste des 26 joueurs annonc\u00e9e \u00e0 la mi-mai, derniers matches amicaux en juin, puis installation d\u00e9finitive dans ce fameux QG nord-am\u00e9ricain. Le choix du camp ne garantira pas un titre, mais il conditionnera une partie des chances des Bleus de viser une troisi\u00e8me \u00e9toile, huit ans apr\u00e8s 2018.<\/p>\n\n\n\n<p>Car au-del\u00e0 des discours, ce sont ces d\u00e9cisions invisibles qui fa\u00e7onnent une campagne de Coupe du monde. Et la question se posera vite : apr\u00e8s le camp de base des Bleus, comment Deschamps g\u00e9rera-t-il la rotation de son effectif dans une comp\u00e9tition aussi dense ?<\/p>\n\n\n\n<hr class=\"wp-block-separator has-alpha-channel-opacity\"\/>\n\n\n\n<h2 class=\"wp-block-heading\">R\u00e9sum\u00e9 Camp de Base des Bleus<\/h2>\n\n\n\n<p>Le camp de base des Bleus pour la Coupe du monde 2026 sera install\u00e9 aux \u00c9tats-Unis, choix privil\u00e9gi\u00e9 par la FFF pour se rapprocher du c\u0153ur de la comp\u00e9tition et limiter les trajets. Le Canada et le Mexique ont \u00e9t\u00e9 \u00e9cart\u00e9s en raison de distances plus importantes, d\u2019infrastructures plus dispers\u00e9es et d\u2019un nombre de matches moindre sur place. La FIFA a fourni un catalogue de 65 camps de base, r\u00e9partis dans 17 villes, avec des exigences tr\u00e8s strictes sur les terrains, les h\u00f4tels et les infrastructures compl\u00e9mentaires. Didier Deschamps s\u2019inspire des mod\u00e8les Doha 2022 et Istra 2018, avec un \u00e9tablissement fonctionnel, calme, dot\u00e9 de pi\u00e8ces de vie communes et d\u2019un terrain proche. <\/p>\n\n\n\n<p>La France, t\u00eate de s\u00e9rie, profitera d\u2019une priorit\u00e9 dans la s\u00e9lection du camp de base et \u00e9vitera certains favoris en phase de groupes. Le tirage au sort du 5 d\u00e9cembre 2025 \u00e0 Washington sera d\u00e9terminant pour l\u2019orientation g\u00e9ographique, dans un Mondial divis\u00e9 en trois zones (Est, Ouest, Centre) avec des distances immenses \u00e0 g\u00e9rer. Le climat am\u00e9ricain, avec des pics possibles \u00e0 40 degr\u00e9s et des orages, impose une pr\u00e9paration sp\u00e9cifique et une r\u00e9flexion fine sur la localisation. Une d\u00e9l\u00e9gation de la FFF visitera plusieurs sites avant une d\u00e9cision finale \u00e0 rendre avant le 9 janvier 2026. Le camp de base des Bleus sera ainsi un outil strat\u00e9gique, pens\u00e9 comme un bouclier contre la fatigue, la m\u00e9t\u00e9o et les contraintes logistiques. Avec l\u2019ambition assum\u00e9e de viser une troisi\u00e8me \u00e9toile, chaque d\u00e9tail de ce choix comptera dans la qu\u00eate des Bleus.<\/p>\n\n\n\n<!-- Noptin Newsletter Plugin v4.2.2 - https:\/\/wordpress.org\/plugins\/newsletter-optin-box\/ --><div id=\"noptin-form-2__wrapper\" class=\"noptin-optin-main-wrapper noptin-form-id-9842 noptin-inpost-main-wrapper\" aria-labelledby=\"noptin-form-2__title\" ><style>\/*Custom css*\/\n\n.noptin-form-id-9842 .noptin-optin-form-wrapper .noptin-optin-form.noptin-form-single-line .noptin-form-submit{\n\tborder-radius: 30px;\n}\n\n@media only screen and (min-width: 768px) {\n\n\t.noptin-form-id-9842 .noptin-optin-form-wrapper .noptin-optin-form.noptin-form-single-line .noptin-form-submit{\n\t\tposition: absolute;\n\t\tbottom: -1px;\n\t\ttop: 0;\n\t\tright: 0px;\n\t}\n\n}\n\n.noptin-form-id-9842 .noptin-optin-form-wrapper .noptin-form-single-line .noptin-form-field{\n \tborder-radius: 30px !important;\n\tborder: none !important;\n} #noptin-form-2__wrapper {--noptin-background-color: #424242; --noptin-border-color: #424242; --noptin-button-color: #607D8B; --noptin-button-text-color: #fafafa; --noptin-title-color: #fafafa; --noptin-description-color: #fafafa; --noptin-prefix-color: #607d8b; --noptin-note-color: #fafafa;}<\/style><div style=\"max-width:620px; min-height:280px;border-color: #424242;\" class=\"noptin-optin-form-wrapper no-image\" ><!-- Form ID: 9842 --><form id=\"noptin-form-2\" class=\"noptin-optin-form noptin-form-single-line noptin-label-hide noptin-form-2\" method=\"post\" novalidate >\t\t\t\t\t<div class=\"noptin-form-header noptin-img-left\">\n\t\t\t\t\t\t\t\t\t\t\t\t<div class=\"noptin-form-header-text\">\n\n\t\t\t\t\t\t\t\t\t\t\t\t\t\t\t<div style=\"color: #607d8b;font-size: 20px; font-weight: 500; line-height: 1.3;\" class=\"noptin-form-prefix\">\n\t\t\t\t\t\t\t\t\t\t\t\t\t\t\t\t\t<\/div>\n\t\t\t\t\t\t\t\n\t\t\t\t\t\t\t\t\t\t\t\t\t\t\t<div style=\"color: #fafafa;font-size: 20px; font-weight: 700; line-height: 1.5;\" class=\"noptin-form-heading\">\n\t\t\t\t\t\t\t\t\tAbonnez-vous \u00e0 TopicFoot\t\t\t\t\t\t\t\t<\/div>\n\t\t\t\t\t\t\t\n\t\t\t\t\t\t\t\t\t\t\t\t\t\t\t<div style=\"color: #fafafa;font-size: 16px; font-weight: 500; line-height: 1.5;\" class=\"noptin-form-description\">\n\t\t\t\t\t\t\t\t\tEntrez votre Mail pour recevoir nos derniers articles.\t\t\t\t\t\t\t\t<\/div>\n\t\t\t\t\t\t\t\n\t\t\t\t\t\t<\/div>\n\t\t\t\t\t\t\n\t\t\t\t\t\t\t\t\t\t\t\t\t<div class=\"noptin-form-header-image\">\n\t\t\t\t\t\t\t\t<img decoding=\"async\" alt=\"icon\" src=\"https:\/\/www.topicfoot.fr\/wp-content\/plugins\/newsletter-optin-box\/includes\/assets\/images\/email-icon.png\" \/>\n\t\t\t\t\t\t\t<\/div>\n\t\t\t\t\t\t\n\t\t\t\t\t<\/div>\n\t\t\t\t<div class=\"noptin-form-footer\"><div class=\"noptin-form-fields\">\t\t\t<div class=\"noptin-form-field-wrapper noptin-form-field-email noptin-optin-field-wrapper noptin-optin-field-email\" id=\"noptin-form-2__field-email--wrapper\" >\n\t\t<div class=\"noptin-field-email\">\n\t\t\t<label class=\"noptin-label\" for=\"noptin-form-2__field-email\">Adresse Mail<\/label>\n\t\t\t<input name=\"noptin_fields[email]\" id=\"noptin-form-2__field-email\" type=\"email\" class=\"noptin-text noptin-form-field noptin-form-field__email noptin-form-field__has-no-placeholder\" placeholder=\"Adresse Mail\" required \/>\n\n\t\t<\/div><\/div>\t\t\t<div class=\"noptin-form-field-wrapper noptin-form-field- noptin-optin-field-wrapper noptin-optin-field-\" id=\"noptin-form-2__field---wrapper\" >\n\t\t<\/div>\t\t\t<div class=\"noptin-form-field-wrapper noptin-form-field-submit noptin-optin-field-wrapper noptin-optin-field-submit\" >\n\t\t\n\t\t\t<input type=\"submit\" id=\"noptin-form-2__submit\" class=\"noptin-form-submit btn button btn-primary button-primary wp-element-button\" name=\"noptin-submit\" value=\"Abonnez-vous\" style=\"background-color: #607D8B;color: #fafafa;\"  \/>\n\n\t\t<\/div><\/div>\t\t\t\t\t\t<div class=\"noptin-form-notice noptin-response\" role=\"alert\"><\/div>\n\t\t\t<\/div>\n\t\t\t<input type=\"hidden\" name=\"noptin_element_id\" value=\"2\" \/><input type=\"hidden\" name=\"source\" value=\"9842\" \/><input type=\"hidden\" name=\"form_action\" value=\"subscribe\" \/><input type=\"hidden\" name=\"noptin-config\" value=\"geVp3bmVsS.Bejx5F7hyheCZeasGrk6UoV7mPwUKzeAj_J_jRQjYkLtSn67MwIeo\" \/><input type=\"hidden\" name=\"noptin_form_id\" value=\"9842\" \/><\/form><\/div><!-- \/Form ID: 9842 --><\/div><!-- \/ Noptin Newsletter Plugin -->\n\n\n\n<p>Voir aussi notre article sur :\u00a0<a href=\"https:\/\/www.topicfoot.fr\/index.php\/2025\/11\/14\/tirage-coupe-du-monde-2026-toutes-les-infos-essentielles\/\">Tirage Coupe du Monde 2026 : toutes les infos essentielles<\/a><\/p>\n\n\n\n<figure class=\"wp-block-embed is-type-wp-embed is-provider-topic-foot wp-block-embed-topic-foot\"><div class=\"wp-block-embed__wrapper\">\n<blockquote class=\"wp-embedded-content\" data-secret=\"XajuVmsQYK\"><a href=\"https:\/\/www.topicfoot.fr\/index.php\/2025\/11\/14\/tirage-coupe-du-monde-2026-toutes-les-infos-essentielles\/\">Tirage Coupe du Monde 2026 : toutes les infos essentielles<\/a><\/blockquote><iframe loading=\"lazy\" class=\"wp-embedded-content\" sandbox=\"allow-scripts\" security=\"restricted\" style=\"position: absolute; visibility: hidden;\" title=\"\u00ab\u00a0Tirage Coupe du Monde 2026 : toutes les infos essentielles\u00a0\u00bb &#8212; Topic Foot\" src=\"https:\/\/www.topicfoot.fr\/index.php\/2025\/11\/14\/tirage-coupe-du-monde-2026-toutes-les-infos-essentielles\/embed\/#?secret=5i0RIcIHIS#?secret=XajuVmsQYK\" data-secret=\"XajuVmsQYK\" width=\"500\" height=\"282\" frameborder=\"0\" marginwidth=\"0\" marginheight=\"0\" scrolling=\"no\"><\/iframe>\n<\/div><\/figure>\n","protected":false},"excerpt":{"rendered":"<div class=\"mh-excerpt\">D\u00e9couvrez comment le camp de base des Bleus pour 2026 sera choisi, entre contraintes FIFA, climat et strat\u00e9gie. Un enjeu cl\u00e9 pour viser une troisi\u00e8me \u00e9toile.<\/div>\n<p> <a class=\"mh-excerpt-more\" href=\"https:\/\/www.topicfoot.fr\/index.php\/2025\/11\/15\/camp-de-base-des-bleus-un-choix-strategique-sous-haute-tension\/\" title=\"Camp de Base des Bleus : un choix strat\u00e9gique sous haute tension\">[&#8230;]<\/a><\/p>\n","protected":false},"author":2,"featured_media":17000,"comment_status":"closed","ping_status":"open","sticky":false,"template":"","format":"standard","meta":{"footnotes":""},"categories":[107,108,31],"tags":[],"post_folder":[],"class_list":{"0":"post-16998","1":"post","2":"type-post","3":"status-publish","4":"format-standard","5":"has-post-thumbnail","7":"category-coupe-du-monde","8":"category-equipe-de-france","9":"category-toutes-les-categories"},"yoast_head":"<!-- This site is optimized with the Yoast SEO plugin v27.4 - https:\/\/yoast.com\/product\/yoast-seo-wordpress\/ -->\n<title>Camp de Base des Bleus : un choix strat\u00e9gique sous haute tension<\/title>\n<meta name=\"description\" content=\"D\u00e9couvrez comment le camp de base des Bleus pour 2026 sera choisi, entre contraintes FIFA, climat et strat\u00e9gie. Un enjeu cl\u00e9 pour viser une\" \/>\n<meta name=\"robots\" content=\"index, follow, max-snippet:-1, max-image-preview:large, max-video-preview:-1\" \/>\n<link rel=\"canonical\" href=\"https:\/\/www.topicfoot.fr\/index.php\/2025\/11\/15\/camp-de-base-des-bleus-un-choix-strategique-sous-haute-tension\/\" \/>\n<meta property=\"og:locale\" content=\"fr_FR\" \/>\n<meta property=\"og:type\" content=\"article\" \/>\n<meta property=\"og:title\" content=\"Camp de Base des Bleus : un choix strat\u00e9gique sous haute tension\" \/>\n<meta property=\"og:description\" content=\"D\u00e9couvrez comment le camp de base des Bleus pour 2026 sera choisi, entre contraintes FIFA, climat et strat\u00e9gie. Un enjeu cl\u00e9 pour viser une\" \/>\n<meta property=\"og:url\" content=\"https:\/\/www.topicfoot.fr\/index.php\/2025\/11\/15\/camp-de-base-des-bleus-un-choix-strategique-sous-haute-tension\/\" \/>\n<meta property=\"og:site_name\" content=\"Topic Foot\" \/>\n<meta property=\"article:publisher\" content=\"https:\/\/www.facebook.com\/topicfoot.fr\" \/>\n<meta property=\"article:published_time\" content=\"2025-11-15T17:36:56+00:00\" \/>\n<meta property=\"article:modified_time\" content=\"2025-11-15T17:37:09+00:00\" \/>\n<meta property=\"og:image\" content=\"https:\/\/www.topicfoot.fr\/wp-content\/uploads\/2025\/11\/camp-de-base-des-bleus.webp\" \/>\n\t<meta property=\"og:image:width\" content=\"2082\" \/>\n\t<meta property=\"og:image:height\" content=\"1344\" \/>\n\t<meta property=\"og:image:type\" content=\"image\/png\" \/>\n<meta name=\"author\" content=\"Noa G\" \/>\n<meta name=\"twitter:card\" content=\"summary_large_image\" \/>\n<meta name=\"twitter:label1\" content=\"\u00c9crit par\" \/>\n\t<meta name=\"twitter:data1\" content=\"Noa G\" \/>\n\t<meta name=\"twitter:label2\" content=\"Dur\u00e9e de lecture estim\u00e9e\" \/>\n\t<meta name=\"twitter:data2\" content=\"13 minutes\" \/>\n<script type=\"application\/ld+json\" class=\"yoast-schema-graph\">{\"@context\":\"https:\\\/\\\/schema.org\",\"@graph\":[{\"@type\":\"Article\",\"@id\":\"https:\\\/\\\/www.topicfoot.fr\\\/index.php\\\/2025\\\/11\\\/15\\\/camp-de-base-des-bleus-un-choix-strategique-sous-haute-tension\\\/#article\",\"isPartOf\":{\"@id\":\"https:\\\/\\\/www.topicfoot.fr\\\/index.php\\\/2025\\\/11\\\/15\\\/camp-de-base-des-bleus-un-choix-strategique-sous-haute-tension\\\/\"},\"author\":{\"name\":\"Noa G\",\"@id\":\"https:\\\/\\\/www.topicfoot.fr\\\/#\\\/schema\\\/person\\\/1eec7931a039bea2841d9a1b909338a7\"},\"headline\":\"Camp de Base des Bleus : un choix strat\u00e9gique sous haute tension\",\"datePublished\":\"2025-11-15T17:36:56+00:00\",\"dateModified\":\"2025-11-15T17:37:09+00:00\",\"mainEntityOfPage\":{\"@id\":\"https:\\\/\\\/www.topicfoot.fr\\\/index.php\\\/2025\\\/11\\\/15\\\/camp-de-base-des-bleus-un-choix-strategique-sous-haute-tension\\\/\"},\"wordCount\":2452,\"publisher\":{\"@id\":\"https:\\\/\\\/www.topicfoot.fr\\\/#organization\"},\"image\":{\"@id\":\"https:\\\/\\\/www.topicfoot.fr\\\/index.php\\\/2025\\\/11\\\/15\\\/camp-de-base-des-bleus-un-choix-strategique-sous-haute-tension\\\/#primaryimage\"},\"thumbnailUrl\":\"https:\\\/\\\/www.topicfoot.fr\\\/wp-content\\\/uploads\\\/2025\\\/11\\\/camp-de-base-des-bleus.webp\",\"articleSection\":[\"Coupe du Monde : l\u2019\u00e9v\u00e9nement le plus lucratif du football\",\"\u00c9quipe de France : revenus, primes et mod\u00e8le \u00e9conomique\",\"Toutes les cat\u00e9gories\"],\"inLanguage\":\"fr-FR\"},{\"@type\":\"WebPage\",\"@id\":\"https:\\\/\\\/www.topicfoot.fr\\\/index.php\\\/2025\\\/11\\\/15\\\/camp-de-base-des-bleus-un-choix-strategique-sous-haute-tension\\\/\",\"url\":\"https:\\\/\\\/www.topicfoot.fr\\\/index.php\\\/2025\\\/11\\\/15\\\/camp-de-base-des-bleus-un-choix-strategique-sous-haute-tension\\\/\",\"name\":\"Camp de Base des Bleus : un choix strat\u00e9gique sous haute tension\",\"isPartOf\":{\"@id\":\"https:\\\/\\\/www.topicfoot.fr\\\/#website\"},\"primaryImageOfPage\":{\"@id\":\"https:\\\/\\\/www.topicfoot.fr\\\/index.php\\\/2025\\\/11\\\/15\\\/camp-de-base-des-bleus-un-choix-strategique-sous-haute-tension\\\/#primaryimage\"},\"image\":{\"@id\":\"https:\\\/\\\/www.topicfoot.fr\\\/index.php\\\/2025\\\/11\\\/15\\\/camp-de-base-des-bleus-un-choix-strategique-sous-haute-tension\\\/#primaryimage\"},\"thumbnailUrl\":\"https:\\\/\\\/www.topicfoot.fr\\\/wp-content\\\/uploads\\\/2025\\\/11\\\/camp-de-base-des-bleus.webp\",\"datePublished\":\"2025-11-15T17:36:56+00:00\",\"dateModified\":\"2025-11-15T17:37:09+00:00\",\"description\":\"D\u00e9couvrez comment le camp de base des Bleus pour 2026 sera choisi, entre contraintes FIFA, climat et strat\u00e9gie. Un enjeu cl\u00e9 pour viser une\",\"breadcrumb\":{\"@id\":\"https:\\\/\\\/www.topicfoot.fr\\\/index.php\\\/2025\\\/11\\\/15\\\/camp-de-base-des-bleus-un-choix-strategique-sous-haute-tension\\\/#breadcrumb\"},\"inLanguage\":\"fr-FR\",\"potentialAction\":[{\"@type\":\"ReadAction\",\"target\":[\"https:\\\/\\\/www.topicfoot.fr\\\/index.php\\\/2025\\\/11\\\/15\\\/camp-de-base-des-bleus-un-choix-strategique-sous-haute-tension\\\/\"]}]},{\"@type\":\"ImageObject\",\"inLanguage\":\"fr-FR\",\"@id\":\"https:\\\/\\\/www.topicfoot.fr\\\/index.php\\\/2025\\\/11\\\/15\\\/camp-de-base-des-bleus-un-choix-strategique-sous-haute-tension\\\/#primaryimage\",\"url\":\"https:\\\/\\\/www.topicfoot.fr\\\/wp-content\\\/uploads\\\/2025\\\/11\\\/camp-de-base-des-bleus.webp\",\"contentUrl\":\"https:\\\/\\\/www.topicfoot.fr\\\/wp-content\\\/uploads\\\/2025\\\/11\\\/camp-de-base-des-bleus.webp\",\"width\":2082,\"height\":1344},{\"@type\":\"BreadcrumbList\",\"@id\":\"https:\\\/\\\/www.topicfoot.fr\\\/index.php\\\/2025\\\/11\\\/15\\\/camp-de-base-des-bleus-un-choix-strategique-sous-haute-tension\\\/#breadcrumb\",\"itemListElement\":[{\"@type\":\"ListItem\",\"position\":1,\"name\":\"Accueil\",\"item\":\"https:\\\/\\\/www.topicfoot.fr\\\/\"},{\"@type\":\"ListItem\",\"position\":2,\"name\":\"Camp de Base des Bleus : un choix strat\u00e9gique sous haute tension\"}]},{\"@type\":\"WebSite\",\"@id\":\"https:\\\/\\\/www.topicfoot.fr\\\/#website\",\"url\":\"https:\\\/\\\/www.topicfoot.fr\\\/\",\"name\":\"Topic Foot\",\"description\":\"Tous l&#039;univers du Foot !\",\"publisher\":{\"@id\":\"https:\\\/\\\/www.topicfoot.fr\\\/#organization\"},\"potentialAction\":[{\"@type\":\"SearchAction\",\"target\":{\"@type\":\"EntryPoint\",\"urlTemplate\":\"https:\\\/\\\/www.topicfoot.fr\\\/?s={search_term_string}\"},\"query-input\":{\"@type\":\"PropertyValueSpecification\",\"valueRequired\":true,\"valueName\":\"search_term_string\"}}],\"inLanguage\":\"fr-FR\"},{\"@type\":\"Organization\",\"@id\":\"https:\\\/\\\/www.topicfoot.fr\\\/#organization\",\"name\":\"Topic Foot\",\"url\":\"https:\\\/\\\/www.topicfoot.fr\\\/\",\"logo\":{\"@type\":\"ImageObject\",\"inLanguage\":\"fr-FR\",\"@id\":\"https:\\\/\\\/www.topicfoot.fr\\\/#\\\/schema\\\/logo\\\/image\\\/\",\"url\":\"https:\\\/\\\/www.topicfoot.fr\\\/wp-content\\\/uploads\\\/2024\\\/04\\\/cropped-logo-topicfoot-new.jpg\",\"contentUrl\":\"https:\\\/\\\/www.topicfoot.fr\\\/wp-content\\\/uploads\\\/2024\\\/04\\\/cropped-logo-topicfoot-new.jpg\",\"width\":512,\"height\":512,\"caption\":\"Topic Foot\"},\"image\":{\"@id\":\"https:\\\/\\\/www.topicfoot.fr\\\/#\\\/schema\\\/logo\\\/image\\\/\"},\"sameAs\":[\"https:\\\/\\\/www.facebook.com\\\/topicfoot.fr\"]},{\"@type\":\"Person\",\"@id\":\"https:\\\/\\\/www.topicfoot.fr\\\/#\\\/schema\\\/person\\\/1eec7931a039bea2841d9a1b909338a7\",\"name\":\"Noa G\",\"image\":{\"@type\":\"ImageObject\",\"inLanguage\":\"fr-FR\",\"@id\":\"https:\\\/\\\/secure.gravatar.com\\\/avatar\\\/35544da2504abbd834faa666f50eb919c4fbcb3bd5c1c5f3fcf50113e404bc1c?s=96&d=mm&r=g\",\"url\":\"https:\\\/\\\/secure.gravatar.com\\\/avatar\\\/35544da2504abbd834faa666f50eb919c4fbcb3bd5c1c5f3fcf50113e404bc1c?s=96&d=mm&r=g\",\"contentUrl\":\"https:\\\/\\\/secure.gravatar.com\\\/avatar\\\/35544da2504abbd834faa666f50eb919c4fbcb3bd5c1c5f3fcf50113e404bc1c?s=96&d=mm&r=g\",\"caption\":\"Noa G\"},\"url\":\"https:\\\/\\\/www.topicfoot.fr\\\/index.php\\\/author\\\/florentg\\\/\"}]}<\/script>\n<!-- \/ Yoast SEO plugin. -->","yoast_head_json":{"title":"Camp de Base des Bleus : un choix strat\u00e9gique sous haute tension","description":"D\u00e9couvrez comment le camp de base des Bleus pour 2026 sera choisi, entre contraintes FIFA, climat et strat\u00e9gie. Un enjeu cl\u00e9 pour viser une","robots":{"index":"index","follow":"follow","max-snippet":"max-snippet:-1","max-image-preview":"max-image-preview:large","max-video-preview":"max-video-preview:-1"},"canonical":"https:\/\/www.topicfoot.fr\/index.php\/2025\/11\/15\/camp-de-base-des-bleus-un-choix-strategique-sous-haute-tension\/","og_locale":"fr_FR","og_type":"article","og_title":"Camp de Base des Bleus : un choix strat\u00e9gique sous haute tension","og_description":"D\u00e9couvrez comment le camp de base des Bleus pour 2026 sera choisi, entre contraintes FIFA, climat et strat\u00e9gie. Un enjeu cl\u00e9 pour viser une","og_url":"https:\/\/www.topicfoot.fr\/index.php\/2025\/11\/15\/camp-de-base-des-bleus-un-choix-strategique-sous-haute-tension\/","og_site_name":"Topic Foot","article_publisher":"https:\/\/www.facebook.com\/topicfoot.fr","article_published_time":"2025-11-15T17:36:56+00:00","article_modified_time":"2025-11-15T17:37:09+00:00","og_image":[{"width":2082,"height":1344,"url":"https:\/\/www.topicfoot.fr\/wp-content\/uploads\/2025\/11\/camp-de-base-des-bleus.webp","type":"image\/png"}],"author":"Noa G","twitter_card":"summary_large_image","twitter_misc":{"\u00c9crit par":"Noa G","Dur\u00e9e de lecture estim\u00e9e":"13 minutes"},"schema":{"@context":"https:\/\/schema.org","@graph":[{"@type":"Article","@id":"https:\/\/www.topicfoot.fr\/index.php\/2025\/11\/15\/camp-de-base-des-bleus-un-choix-strategique-sous-haute-tension\/#article","isPartOf":{"@id":"https:\/\/www.topicfoot.fr\/index.php\/2025\/11\/15\/camp-de-base-des-bleus-un-choix-strategique-sous-haute-tension\/"},"author":{"name":"Noa G","@id":"https:\/\/www.topicfoot.fr\/#\/schema\/person\/1eec7931a039bea2841d9a1b909338a7"},"headline":"Camp de Base des Bleus : un choix strat\u00e9gique sous haute tension","datePublished":"2025-11-15T17:36:56+00:00","dateModified":"2025-11-15T17:37:09+00:00","mainEntityOfPage":{"@id":"https:\/\/www.topicfoot.fr\/index.php\/2025\/11\/15\/camp-de-base-des-bleus-un-choix-strategique-sous-haute-tension\/"},"wordCount":2452,"publisher":{"@id":"https:\/\/www.topicfoot.fr\/#organization"},"image":{"@id":"https:\/\/www.topicfoot.fr\/index.php\/2025\/11\/15\/camp-de-base-des-bleus-un-choix-strategique-sous-haute-tension\/#primaryimage"},"thumbnailUrl":"https:\/\/www.topicfoot.fr\/wp-content\/uploads\/2025\/11\/camp-de-base-des-bleus.webp","articleSection":["Coupe du Monde : l\u2019\u00e9v\u00e9nement le plus lucratif du football","\u00c9quipe de France : revenus, primes et mod\u00e8le \u00e9conomique","Toutes les cat\u00e9gories"],"inLanguage":"fr-FR"},{"@type":"WebPage","@id":"https:\/\/www.topicfoot.fr\/index.php\/2025\/11\/15\/camp-de-base-des-bleus-un-choix-strategique-sous-haute-tension\/","url":"https:\/\/www.topicfoot.fr\/index.php\/2025\/11\/15\/camp-de-base-des-bleus-un-choix-strategique-sous-haute-tension\/","name":"Camp de Base des Bleus : un choix strat\u00e9gique sous haute tension","isPartOf":{"@id":"https:\/\/www.topicfoot.fr\/#website"},"primaryImageOfPage":{"@id":"https:\/\/www.topicfoot.fr\/index.php\/2025\/11\/15\/camp-de-base-des-bleus-un-choix-strategique-sous-haute-tension\/#primaryimage"},"image":{"@id":"https:\/\/www.topicfoot.fr\/index.php\/2025\/11\/15\/camp-de-base-des-bleus-un-choix-strategique-sous-haute-tension\/#primaryimage"},"thumbnailUrl":"https:\/\/www.topicfoot.fr\/wp-content\/uploads\/2025\/11\/camp-de-base-des-bleus.webp","datePublished":"2025-11-15T17:36:56+00:00","dateModified":"2025-11-15T17:37:09+00:00","description":"D\u00e9couvrez comment le camp de base des Bleus pour 2026 sera choisi, entre contraintes FIFA, climat et strat\u00e9gie. Un enjeu cl\u00e9 pour viser une","breadcrumb":{"@id":"https:\/\/www.topicfoot.fr\/index.php\/2025\/11\/15\/camp-de-base-des-bleus-un-choix-strategique-sous-haute-tension\/#breadcrumb"},"inLanguage":"fr-FR","potentialAction":[{"@type":"ReadAction","target":["https:\/\/www.topicfoot.fr\/index.php\/2025\/11\/15\/camp-de-base-des-bleus-un-choix-strategique-sous-haute-tension\/"]}]},{"@type":"ImageObject","inLanguage":"fr-FR","@id":"https:\/\/www.topicfoot.fr\/index.php\/2025\/11\/15\/camp-de-base-des-bleus-un-choix-strategique-sous-haute-tension\/#primaryimage","url":"https:\/\/www.topicfoot.fr\/wp-content\/uploads\/2025\/11\/camp-de-base-des-bleus.webp","contentUrl":"https:\/\/www.topicfoot.fr\/wp-content\/uploads\/2025\/11\/camp-de-base-des-bleus.webp","width":2082,"height":1344},{"@type":"BreadcrumbList","@id":"https:\/\/www.topicfoot.fr\/index.php\/2025\/11\/15\/camp-de-base-des-bleus-un-choix-strategique-sous-haute-tension\/#breadcrumb","itemListElement":[{"@type":"ListItem","position":1,"name":"Accueil","item":"https:\/\/www.topicfoot.fr\/"},{"@type":"ListItem","position":2,"name":"Camp de Base des Bleus : un choix strat\u00e9gique sous haute tension"}]},{"@type":"WebSite","@id":"https:\/\/www.topicfoot.fr\/#website","url":"https:\/\/www.topicfoot.fr\/","name":"Topic Foot","description":"Tous l&#039;univers du Foot !","publisher":{"@id":"https:\/\/www.topicfoot.fr\/#organization"},"potentialAction":[{"@type":"SearchAction","target":{"@type":"EntryPoint","urlTemplate":"https:\/\/www.topicfoot.fr\/?s={search_term_string}"},"query-input":{"@type":"PropertyValueSpecification","valueRequired":true,"valueName":"search_term_string"}}],"inLanguage":"fr-FR"},{"@type":"Organization","@id":"https:\/\/www.topicfoot.fr\/#organization","name":"Topic Foot","url":"https:\/\/www.topicfoot.fr\/","logo":{"@type":"ImageObject","inLanguage":"fr-FR","@id":"https:\/\/www.topicfoot.fr\/#\/schema\/logo\/image\/","url":"https:\/\/www.topicfoot.fr\/wp-content\/uploads\/2024\/04\/cropped-logo-topicfoot-new.jpg","contentUrl":"https:\/\/www.topicfoot.fr\/wp-content\/uploads\/2024\/04\/cropped-logo-topicfoot-new.jpg","width":512,"height":512,"caption":"Topic Foot"},"image":{"@id":"https:\/\/www.topicfoot.fr\/#\/schema\/logo\/image\/"},"sameAs":["https:\/\/www.facebook.com\/topicfoot.fr"]},{"@type":"Person","@id":"https:\/\/www.topicfoot.fr\/#\/schema\/person\/1eec7931a039bea2841d9a1b909338a7","name":"Noa G","image":{"@type":"ImageObject","inLanguage":"fr-FR","@id":"https:\/\/secure.gravatar.com\/avatar\/35544da2504abbd834faa666f50eb919c4fbcb3bd5c1c5f3fcf50113e404bc1c?s=96&d=mm&r=g","url":"https:\/\/secure.gravatar.com\/avatar\/35544da2504abbd834faa666f50eb919c4fbcb3bd5c1c5f3fcf50113e404bc1c?s=96&d=mm&r=g","contentUrl":"https:\/\/secure.gravatar.com\/avatar\/35544da2504abbd834faa666f50eb919c4fbcb3bd5c1c5f3fcf50113e404bc1c?s=96&d=mm&r=g","caption":"Noa G"},"url":"https:\/\/www.topicfoot.fr\/index.php\/author\/florentg\/"}]}},"_links":{"self":[{"href":"https:\/\/www.topicfoot.fr\/index.php\/wp-json\/wp\/v2\/posts\/16998","targetHints":{"allow":["GET"]}}],"collection":[{"href":"https:\/\/www.topicfoot.fr\/index.php\/wp-json\/wp\/v2\/posts"}],"about":[{"href":"https:\/\/www.topicfoot.fr\/index.php\/wp-json\/wp\/v2\/types\/post"}],"author":[{"embeddable":true,"href":"https:\/\/www.topicfoot.fr\/index.php\/wp-json\/wp\/v2\/users\/2"}],"replies":[{"embeddable":true,"href":"https:\/\/www.topicfoot.fr\/index.php\/wp-json\/wp\/v2\/comments?post=16998"}],"version-history":[{"count":0,"href":"https:\/\/www.topicfoot.fr\/index.php\/wp-json\/wp\/v2\/posts\/16998\/revisions"}],"wp:featuredmedia":[{"embeddable":true,"href":"https:\/\/www.topicfoot.fr\/index.php\/wp-json\/wp\/v2\/media\/17000"}],"wp:attachment":[{"href":"https:\/\/www.topicfoot.fr\/index.php\/wp-json\/wp\/v2\/media?parent=16998"}],"wp:term":[{"taxonomy":"category","embeddable":true,"href":"https:\/\/www.topicfoot.fr\/index.php\/wp-json\/wp\/v2\/categories?post=16998"},{"taxonomy":"post_tag","embeddable":true,"href":"https:\/\/www.topicfoot.fr\/index.php\/wp-json\/wp\/v2\/tags?post=16998"},{"taxonomy":"post_folder","embeddable":true,"href":"https:\/\/www.topicfoot.fr\/index.php\/wp-json\/wp\/v2\/post_folder?post=16998"}],"curies":[{"name":"wp","href":"https:\/\/api.w.org\/{rel}","templated":true}]}}