{"id":17245,"date":"2025-11-24T13:46:53","date_gmt":"2025-11-24T12:46:53","guid":{"rendered":"https:\/\/www.topicfoot.fr\/?p=17245"},"modified":"2025-11-24T13:47:04","modified_gmt":"2025-11-24T12:47:04","slug":"blesses-au-psg-liste-complete-et-tension-autour-de-luis-enrique","status":"publish","type":"post","link":"https:\/\/www.topicfoot.fr\/index.php\/2025\/11\/24\/blesses-au-psg-liste-complete-et-tension-autour-de-luis-enrique\/","title":{"rendered":"Bless\u00e9s au PSG : liste compl\u00e8te et tension autour de Luis Enrique"},"content":{"rendered":"<span class=\"span-reading-time rt-reading-time\" style=\"display: block;\"><span class=\"rt-label rt-prefix\">Temps de lecture\u00a0:  <\/span> <span class=\"rt-time\"> 5<\/span> <span class=\"rt-label rt-postfix\">minutes.  <\/span><\/span>\n<p><strong>Le PSG fait face \u00e0 une s\u00e9rie de blessures pr\u00e9occupante et l\u2019infirmerie d\u00e9borde alors que l\u2019automne 2025 avance. Cette accumulation fragilise les plans de Luis Enrique et nourrit les critiques contre sa gestion physique. Les bless\u00e9s au PSG deviennent un sujet br\u00fblant dans un contexte sportif d\u00e9j\u00e0 sous pression.<\/strong><\/p>\n\n\n\n<p>La situation m\u00e9dicale du club parisien capte toute l\u2019attention depuis plusieurs semaines. Les blessures s\u2019encha\u00eenent, les doutes s\u2019installent et le staff tente de contenir l\u2019incendie. Le PSG vit un nouveau moment d\u00e9licat, o\u00f9 chaque absence peut modifier l\u2019\u00e9quilibre collectif. Les bless\u00e9s au PSG ne sont plus un simple d\u00e9tail mais un v\u00e9ritable enjeu dans la course aux titres.<\/p>\n\n\n\n<figure class=\"wp-block-image size-large\"><img loading=\"lazy\" decoding=\"async\" width=\"1024\" height=\"683\" src=\"https:\/\/www.topicfoot.fr\/wp-content\/uploads\/2025\/11\/blessure-psg-hakimi-1024x683.webp\" alt=\"Bless\u00e9s au PSG : liste compl\u00e8te, retours et tension autour de Luis Enrique\" class=\"wp-image-17261\" srcset=\"https:\/\/www.topicfoot.fr\/wp-content\/uploads\/2025\/11\/blessure-psg-hakimi-1024x683.webp 1024w, https:\/\/www.topicfoot.fr\/wp-content\/uploads\/2025\/11\/blessure-psg-hakimi-300x200.webp 300w, https:\/\/www.topicfoot.fr\/wp-content\/uploads\/2025\/11\/blessure-psg-hakimi-768x513.webp 768w, https:\/\/www.topicfoot.fr\/wp-content\/uploads\/2025\/11\/blessure-psg-hakimi-1536x1025.webp 1536w, https:\/\/www.topicfoot.fr\/wp-content\/uploads\/2025\/11\/blessure-psg-hakimi.webp 1672w\" sizes=\"auto, (max-width: 1024px) 100vw, 1024px\" \/><\/figure>\n\n\n\n<h2 class=\"wp-block-heading\"><strong>Un effectif d\u00e9cim\u00e9 : l\u2019infirmerie affiche complet<\/strong><\/h2>\n\n\n\n<p>L\u2019automne 2025 plonge le PSG dans un sc\u00e9nario d\u00e9j\u00e0 connu mais redout\u00e9. Le nombre de joueurs touch\u00e9s cr\u00e9e une pression directe sur les rotations et le rythme des performances. D\u00e9sir\u00e9 Dou\u00e9 souffre d\u2019une l\u00e9sion grade 3 \u00e0 la cuisse et ne reviendra pas avant janvier 2026, une absence lourde pour un joueur qui venait d\u2019encha\u00eener en s\u00e9lection. Ousmane Demb\u00e9l\u00e9 lutte encore contre une l\u00e9sion au mollet gauche et attend la fin novembre pour retrouver la comp\u00e9tition, alors que sa rechute contre le Bayern reste encore dans les m\u00e9moires. Achraf Hakimi doit g\u00e9rer une entorse grave \u00e0 la cheville gauche et ne vise pas un retour avant mi-d\u00e9cembre, voire janvier selon l\u2019\u00e9volution de sa r\u00e9\u00e9ducation. Nuno Mendes, revenu d\u2019une entorse du genou gauche, esp\u00e8re reprendre fin novembre mais le staff reste prudent face \u00e0 son historique m\u00e9dical. <\/p>\n\n\n\n<p>Fabian Ruiz, victime d\u2019une blessure musculaire \u00e0 la jambe, se rapproche d\u2019un retour annonc\u00e9 apr\u00e8s la tr\u00eave et pourrait redevenir disponible tr\u00e8s vite. Jo\u00e3o Neves suit un programme sp\u00e9cifique pour une blessure musculaire et devrait r\u00e9appara\u00eetre en fin novembre. Marquinhos, \u00e9galement touch\u00e9 musculairement, est annonc\u00e9 tout proche d\u2019un retour mais la prudence reste de mise. Khvicha Kvaratskhelia alterne les s\u00e9ances entre reprise et repos pour une g\u00eane cuisse-mollet, une gestion millim\u00e9tr\u00e9e pour \u00e9viter le moindre risque. Bradley Barcola travaille sous surveillance \u00e0 cause d\u2019une g\u00eane musculaire mineure, ce qui pousse le staff \u00e0 contr\u00f4ler minutieusement son temps de jeu. Lucas Beraldo soigne une entorse de la cheville et vise un retour en fin de mois. Kang-in Lee a retrouv\u00e9 ses moyens et encha\u00eene les s\u00e9ances sans restriction. Senny Mayulu, touch\u00e9 aux adducteurs en ao\u00fbt, est d\u00e9sormais totalement r\u00e9tabli. Et ce n\u2019est pas tout, car les retours diff\u00e9r\u00e9s et les incertitudes cr\u00e9ent une forme d\u2019instabilit\u00e9 dans la pr\u00e9paration des matchs.<\/p>\n\n\n\n<h2 class=\"wp-block-heading\">Liste d\u00e9taill\u00e9e des bless\u00e9s au PSG (novembre 2025)<\/h2>\n\n\n\n<figure class=\"wp-block-table\"><table class=\"has-fixed-layout\"><thead><tr><th>Joueur<\/th><th>Nature de la blessure<\/th><th>Date\/estimation retour<\/th><th>Pr\u00e9cisions<\/th><\/tr><\/thead><tbody><tr><td>D\u00e9sir\u00e9 Dou\u00e9<\/td><td>L\u00e9sion grade 3 \u00e0 la cuisse<\/td><td>Janvier 2026<a rel=\"noreferrer noopener\" target=\"_blank\" href=\"https:\/\/www.90min.com\/fr\/psg-la-liste-complete-des-blesses-et-leurs-dates-de-retour-avec-ousmane-dembele-et-desire-doue\"><\/a>\u200b<\/td><td>Rechute apr\u00e8s blessure en s\u00e9lection<a rel=\"noreferrer noopener\" target=\"_blank\" href=\"https:\/\/detectionsfoot.fr\/articles\/culture-foot\/actualites\/blessures-en-bleu-et-si-le-vrai-probleme-etait-structurel\"><\/a>\u200b<\/td><\/tr><tr><td>Ousmane Demb\u00e9l\u00e9<\/td><td>L\u00e9sion mollet gauche<\/td><td>Fin novembre 2025<a rel=\"noreferrer noopener\" target=\"_blank\" href=\"https:\/\/www.90min.com\/fr\/psg-la-liste-complete-des-blesses-et-leurs-dates-de-retour-avec-ousmane-dembele-et-desire-doue\"><\/a>\u200b<\/td><td>En phase finale de r\u00e9\u00e9ducation<\/td><\/tr><tr><td>Achraf Hakimi<\/td><td>Entorse grave cheville gauche<\/td><td>Mi-d\u00e9cembre 2025 \u00e0 janvier<a rel=\"noreferrer noopener\" target=\"_blank\" href=\"https:\/\/www.90min.com\/fr\/psg-la-liste-complete-des-blesses-et-leurs-dates-de-retour-avec-ousmane-dembele-et-desire-doue\"><\/a>\u200b<\/td><td>Situation \u00e9volutive, r\u00e9\u00e9ducation intensive<\/td><\/tr><tr><td>Nuno Mendes<\/td><td>Entorse genou gauche<\/td><td>Fin novembre 2025 \u00e0 d\u00e9cembre<a rel=\"noreferrer noopener\" target=\"_blank\" href=\"https:\/\/www.90min.com\/fr\/psg-la-liste-complete-des-blesses-et-leurs-dates-de-retour-avec-ousmane-dembele-et-desire-doue\"><\/a>\u200b<\/td><td>Retour sous r\u00e9serve de tests m\u00e9dicaux<\/td><\/tr><tr><td>Fabian Ruiz<\/td><td>Blessure musculaire jambe<\/td><td>Bient\u00f4t op\u00e9rationnel<a rel=\"noreferrer noopener\" target=\"_blank\" href=\"https:\/\/fr.besoccer.com\/equipe\/blessures-sanctions\/paris-saint-germain-fc\"><\/a>\u200b<\/td><td>Retour post-tr\u00eave annonc\u00e9<\/td><\/tr><tr><td>Jo\u00e3o Neves<\/td><td>Blessure musculaire\/tendon<\/td><td>Fin novembre 2025<a rel=\"noreferrer noopener\" target=\"_blank\" href=\"https:\/\/fr.besoccer.com\/equipe\/blessures-sanctions\/paris-saint-germain-fc\"><\/a>\u200b<\/td><td>Programme sp\u00e9cifique<\/td><\/tr><tr><td>Marquinhos<\/td><td>Blessure musculaire<\/td><td>Tr\u00e8s proche du retour<a rel=\"noreferrer noopener\" target=\"_blank\" href=\"https:\/\/fr.besoccer.com\/equipe\/blessures-sanctions\/paris-saint-germain-fc\"><\/a>\u200b<\/td><td>Gestion prudente<\/td><\/tr><tr><td>Khvicha Kvaratskhelia<\/td><td>Blessure cuisse\/mollet<\/td><td>Novembre-d\u00e9cembre 2025<a rel=\"noreferrer noopener\" target=\"_blank\" href=\"https:\/\/fr.besoccer.com\/equipe\/blessures-sanctions\/paris-saint-germain-fc\"><\/a>\u200b<\/td><td>Alternance reprise\/repos<\/td><\/tr><tr><td>Bradley Barcola<\/td><td>Blessure musculaire mineure<\/td><td>Actif mais suivi<a rel=\"noreferrer noopener\" target=\"_blank\" href=\"https:\/\/fr.besoccer.com\/equipe\/blessures-sanctions\/paris-saint-germain-fc\"><\/a>\u200b<\/td><td>Surveillance, gestion du temps de jeu<\/td><\/tr><tr><td>Lucas Beraldo<\/td><td>Entorse cheville<\/td><td>Fin novembre<a rel=\"noreferrer noopener\" target=\"_blank\" href=\"https:\/\/fr.besoccer.com\/equipe\/blessures-sanctions\/paris-saint-germain-fc\"><\/a>\u200b<\/td><td>En phase m\u00e9dicale<\/td><\/tr><tr><td>Kang-in Lee<\/td><td>Blessure cheville<\/td><td>Op\u00e9rationnel, repris&nbsp;<a rel=\"noreferrer noopener\" target=\"_blank\" href=\"https:\/\/fr.besoccer.com\/equipe\/blessures-sanctions\/paris-saint-germain-fc\"><\/a>\u200b<\/td><td>Senior en forme, pr\u00eat<\/td><\/tr><tr><td>Senny Mayulu<\/td><td>Blessure adducteurs (ao\u00fbt)<\/td><td>R\u00e9tabli<\/td><td>Reprise depuis octobre<\/td><\/tr><\/tbody><\/table><\/figure>\n\n\n\n<h2 class=\"wp-block-heading\"><strong>Un calendrier infernal : premi\u00e8re cause d\u2019une avalanche de p\u00e9pins physiques<\/strong><\/h2>\n\n\n\n<p>Le PSG paie l\u2019encha\u00eenement des rencontres comme rarement dans son histoire r\u00e9cente. La saison pr\u00e9c\u00e9dente a \u00e9t\u00e9 une course folle, entre Ligue des champions, championnat et Coupe du monde des clubs organis\u00e9e en \u00e9t\u00e9. Les joueurs ont encha\u00een\u00e9 plus de 65 matchs et n\u2019ont jamais b\u00e9n\u00e9fici\u00e9 d\u2019une vraie coupure estivale. Cette fatigue cumul\u00e9e explique la majorit\u00e9 des blessures musculaires observ\u00e9es depuis septembre. Les l\u00e9sions aux cuisses, aux mollets et aux ischios r\u00e9v\u00e8lent un organisme \u00e9puis\u00e9, encore marqu\u00e9 par les sollicitations de la saison pr\u00e9c\u00e9dente. <\/p>\n\n\n\n<p>Mais attention, le probl\u00e8me ne se limite pas au calendrier. Le staff parisien a tent\u00e9 d\u2019introduire de nouveaux protocoles de r\u00e9athl\u00e9tisation pour \u00e9viter les retours pr\u00e9cipit\u00e9s, ce qui explique les d\u00e9lais allong\u00e9s pour certains cadres comme Jo\u00e3o Neves. Pourtant les rechutes de l\u2019an pass\u00e9 ont laiss\u00e9 des traces et alimentent une certaine nervosit\u00e9 interne. Les joueurs eux-m\u00eames redoutent l\u2019accumulation d\u2019efforts \u00e0 l\u2019approche d\u2019une ann\u00e9e de Coupe du monde, ce qui cr\u00e9e un climat o\u00f9 chacun \u00e9coute davantage ses sensations avant de repousser ses limites.<\/p>\n\n\n\n<h2 class=\"wp-block-heading\"><strong>Luis Enrique sous pression : erreurs per\u00e7ues et strat\u00e9gie r\u00e9vis\u00e9e<\/strong><\/h2>\n\n\n\n<p>L\u2019entra\u00eeneur espagnol vit l\u2019une des p\u00e9riodes les plus d\u00e9licates de son mandat parisien. Sa gestion des bless\u00e9s au PSG est au c\u0153ur des critiques depuis l\u2019\u00e9pisode Demb\u00e9l\u00e9-Bayern, o\u00f9 le joueur avait \u00e9t\u00e9 align\u00e9 malgr\u00e9 une forme incertaine. Cette d\u00e9cision symbolise les reproches sur des prises de risques jug\u00e9es inutiles. Luis Enrique est \u00e9galement cibl\u00e9 pour une rotation parfois trop courte malgr\u00e9 la densit\u00e9 du calendrier. <\/p>\n\n\n\n<p>Pourtant une partie des sp\u00e9cialistes rappelle que la cause principale reste le calendrier impos\u00e9 par l\u2019UEFA et la FIFA, combin\u00e9 \u00e0 la Coupe du monde des clubs. Le coach espagnol a d\u2019ailleurs ajust\u00e9 sa m\u00e9thodologie. Il a renforc\u00e9 les \u00e9tapes de validation avant tout retour en comp\u00e9tition, imposant un parcours en quatre phases pour limiter les rechutes. Cette prudence nouvelle s\u2019explique par les blessures multiples de l\u2019an dernier, un sujet qui avait d\u00e9j\u00e0 secou\u00e9 le vestiaire. Mais attention, la communication parfois floue de l\u2019entra\u00eeneur sur les d\u00e9lais r\u00e9els n\u2019aide pas \u00e0 apaiser les r\u00e9actions m\u00e9diatiques. Les interrogations persistent et cristallisent les tensions dans un environnement d\u00e9j\u00e0 sous pression.<\/p>\n\n\n\n<h2 class=\"wp-block-heading\"><strong>Quelles perspectives pour la fin d\u2019ann\u00e9e ? Un retour progressif mais fragile<\/strong><\/h2>\n\n\n\n<p>Le PSG esp\u00e8re retrouver un effectif presque complet d\u2019ici d\u00e9but d\u00e9cembre. Plusieurs joueurs majeurs sont sur le point de reprendre, \u00e0 commencer par Demb\u00e9l\u00e9, Mendes, Marquinhos, Ruiz et Neves. Cette vague de retours pourrait stabiliser les performances collectives, mais le club doit encore patienter pour Dou\u00e9 et Hakimi, indisponibles jusqu\u2019en janvier 2026. <\/p>\n\n\n\n<p>La gestion des minutes, la fra\u00eecheur mentale et l\u2019assurance d\u2019\u00e9viter une rechute seront essentielles dans les semaines \u00e0 venir. Pourtant l\u2019ambiance reste tendue, car chaque nouvelle absence peut bousculer les plans de Luis Enrique. Et ce n\u2019est pas tout, car le staff craint que le rythme d\u00e9mentiel de la saison ne provoque de nouveaux p\u00e9pins \u00e0 un moment cl\u00e9 de la comp\u00e9tition. Le PSG avance donc sur un fil, conscient que sa saison pourrait se jouer autant sur la pelouse que dans la salle de soins. Le prochain d\u00e9fi reposera sur la capacit\u00e9 du club \u00e0 pr\u00e9server ses cadres lors des grandes affiches europ\u00e9ennes \u00e0 venir.<\/p>\n\n\n\n<hr class=\"wp-block-separator has-alpha-channel-opacity\"\/>\n\n\n\n<h3 class=\"wp-block-heading\"><strong>R\u00e9sum\u00e9 <\/strong>Bless\u00e9s au PSG : liste compl\u00e8te, retours et tension autour de Luis Enrique<\/h3>\n\n\n\n<p>Le PSG traverse une p\u00e9riode critique avec un nombre \u00e9lev\u00e9 de bless\u00e9s qui fragilise l\u2019\u00e9quilibre de l\u2019\u00e9quipe. Dou\u00e9, Demb\u00e9l\u00e9, Hakimi, Mendes ou encore Neves manquent \u00e0 l\u2019appel alors que l\u2019automne 2025 avance. Le calendrier infernal des derniers mois, combin\u00e9 \u00e0 la Coupe du monde des clubs, explique une grande partie de cette avalanche de blessures musculaires. Luis Enrique subit les critiques pour certaines d\u00e9cisions, notamment l\u2019alignement de joueurs pas totalement pr\u00eats comme Demb\u00e9l\u00e9 face au Bayern. <\/p>\n\n\n\n<p>Le staff a revu sa strat\u00e9gie avec des protocoles de reprise renforc\u00e9s afin d\u2019\u00e9viter les rechutes. Le vestiaire vit une forme de psychose, conscient des risques physiques \u00e0 l\u2019approche d\u2019une ann\u00e9e de Coupe du monde. Plusieurs retours sont attendus d\u2019ici fin novembre et d\u00e9but d\u00e9cembre, ce qui pourrait soulager l\u2019\u00e9quipe. La situation reste n\u00e9anmoins fragile et chaque blessure suppl\u00e9mentaire peut bouleverser les plans parisiens. Les prochaines semaines seront d\u00e9terminantes pour stabiliser le collectif. Le PSG sait que sa saison se jouera autant sur la gestion physique que sur les performances sportives.<\/p>\n\n\n\n<!-- Noptin Newsletter Plugin v4.2.2 - https:\/\/wordpress.org\/plugins\/newsletter-optin-box\/ --><div id=\"noptin-form-2__wrapper\" class=\"noptin-optin-main-wrapper noptin-form-id-9842 noptin-inpost-main-wrapper\" aria-labelledby=\"noptin-form-2__title\" ><style>\/*Custom css*\/\n\n.noptin-form-id-9842 .noptin-optin-form-wrapper .noptin-optin-form.noptin-form-single-line .noptin-form-submit{\n\tborder-radius: 30px;\n}\n\n@media only screen and (min-width: 768px) {\n\n\t.noptin-form-id-9842 .noptin-optin-form-wrapper .noptin-optin-form.noptin-form-single-line .noptin-form-submit{\n\t\tposition: absolute;\n\t\tbottom: -1px;\n\t\ttop: 0;\n\t\tright: 0px;\n\t}\n\n}\n\n.noptin-form-id-9842 .noptin-optin-form-wrapper .noptin-form-single-line .noptin-form-field{\n \tborder-radius: 30px !important;\n\tborder: none !important;\n} #noptin-form-2__wrapper {--noptin-background-color: #424242; --noptin-border-color: #424242; --noptin-button-color: #607D8B; --noptin-button-text-color: #fafafa; --noptin-title-color: #fafafa; --noptin-description-color: #fafafa; --noptin-prefix-color: #607d8b; --noptin-note-color: #fafafa;}<\/style><div style=\"max-width:620px; min-height:280px;border-color: #424242;\" class=\"noptin-optin-form-wrapper no-image\" ><!-- Form ID: 9842 --><form id=\"noptin-form-2\" class=\"noptin-optin-form noptin-form-single-line noptin-label-hide noptin-form-2\" method=\"post\" novalidate >\t\t\t\t\t<div class=\"noptin-form-header noptin-img-left\">\n\t\t\t\t\t\t\t\t\t\t\t\t<div class=\"noptin-form-header-text\">\n\n\t\t\t\t\t\t\t\t\t\t\t\t\t\t\t<div style=\"color: #607d8b;font-size: 20px; font-weight: 500; line-height: 1.3;\" class=\"noptin-form-prefix\">\n\t\t\t\t\t\t\t\t\t\t\t\t\t\t\t\t\t<\/div>\n\t\t\t\t\t\t\t\n\t\t\t\t\t\t\t\t\t\t\t\t\t\t\t<div style=\"color: #fafafa;font-size: 20px; font-weight: 700; line-height: 1.5;\" class=\"noptin-form-heading\">\n\t\t\t\t\t\t\t\t\tAbonnez-vous \u00e0 TopicFoot\t\t\t\t\t\t\t\t<\/div>\n\t\t\t\t\t\t\t\n\t\t\t\t\t\t\t\t\t\t\t\t\t\t\t<div style=\"color: #fafafa;font-size: 16px; font-weight: 500; line-height: 1.5;\" class=\"noptin-form-description\">\n\t\t\t\t\t\t\t\t\tEntrez votre Mail pour recevoir nos derniers articles.\t\t\t\t\t\t\t\t<\/div>\n\t\t\t\t\t\t\t\n\t\t\t\t\t\t<\/div>\n\t\t\t\t\t\t\n\t\t\t\t\t\t\t\t\t\t\t\t\t<div class=\"noptin-form-header-image\">\n\t\t\t\t\t\t\t\t<img decoding=\"async\" alt=\"icon\" src=\"https:\/\/www.topicfoot.fr\/wp-content\/plugins\/newsletter-optin-box\/includes\/assets\/images\/email-icon.png\" \/>\n\t\t\t\t\t\t\t<\/div>\n\t\t\t\t\t\t\n\t\t\t\t\t<\/div>\n\t\t\t\t<div class=\"noptin-form-footer\"><div class=\"noptin-form-fields\">\t\t\t<div class=\"noptin-form-field-wrapper noptin-form-field-email noptin-optin-field-wrapper noptin-optin-field-email\" id=\"noptin-form-2__field-email--wrapper\" >\n\t\t<div class=\"noptin-field-email\">\n\t\t\t<label class=\"noptin-label\" for=\"noptin-form-2__field-email\">Adresse Mail<\/label>\n\t\t\t<input name=\"noptin_fields[email]\" id=\"noptin-form-2__field-email\" type=\"email\" class=\"noptin-text noptin-form-field noptin-form-field__email noptin-form-field__has-no-placeholder\" placeholder=\"Adresse Mail\" required \/>\n\n\t\t<\/div><\/div>\t\t\t<div class=\"noptin-form-field-wrapper noptin-form-field- noptin-optin-field-wrapper noptin-optin-field-\" id=\"noptin-form-2__field---wrapper\" >\n\t\t<\/div>\t\t\t<div class=\"noptin-form-field-wrapper noptin-form-field-submit noptin-optin-field-wrapper noptin-optin-field-submit\" >\n\t\t\n\t\t\t<input type=\"submit\" id=\"noptin-form-2__submit\" class=\"noptin-form-submit btn button btn-primary button-primary wp-element-button\" name=\"noptin-submit\" value=\"Abonnez-vous\" style=\"background-color: #607D8B;color: #fafafa;\"  \/>\n\n\t\t<\/div><\/div>\t\t\t\t\t\t<div class=\"noptin-form-notice noptin-response\" role=\"alert\"><\/div>\n\t\t\t<\/div>\n\t\t\t<input type=\"hidden\" name=\"noptin_element_id\" value=\"2\" \/><input type=\"hidden\" name=\"source\" value=\"9842\" \/><input type=\"hidden\" name=\"form_action\" value=\"subscribe\" \/><input type=\"hidden\" name=\"noptin-config\" value=\"geVp3bmVsS.Bejx5F7hyheCZeasGrk6UoV7mPwUKzeAj_J_jRQjYkLtSn67MwIeo\" \/><input type=\"hidden\" name=\"noptin_form_id\" value=\"9842\" \/><\/form><\/div><!-- \/Form ID: 9842 --><\/div><!-- \/ Noptin Newsletter Plugin -->\n\n\n\n<p>Voir aussi notre article sur :\u00a0<a href=\"https:\/\/www.topicfoot.fr\/index.php\/2025\/11\/13\/calendrier-surcharge-au-football-le-debat-blessures-et-fatigue\/\">Calendrier surcharg\u00e9 au football : le d\u00e9bat blessures et fatigue<\/a><\/p>\n\n\n\n<figure class=\"wp-block-embed is-type-wp-embed is-provider-topic-foot wp-block-embed-topic-foot\"><div class=\"wp-block-embed__wrapper\">\n<blockquote class=\"wp-embedded-content\" data-secret=\"OI8z1pgtbT\"><a href=\"https:\/\/www.topicfoot.fr\/index.php\/2025\/11\/13\/calendrier-surcharge-au-football-le-debat-blessures-et-fatigue\/\">Calendrier surcharg\u00e9 au football : le d\u00e9bat blessures et fatigue<\/a><\/blockquote><iframe loading=\"lazy\" class=\"wp-embedded-content\" sandbox=\"allow-scripts\" security=\"restricted\" style=\"position: absolute; visibility: hidden;\" title=\"\u00ab\u00a0Calendrier surcharg\u00e9 au football : le d\u00e9bat blessures et fatigue\u00a0\u00bb &#8212; Topic Foot\" src=\"https:\/\/www.topicfoot.fr\/index.php\/2025\/11\/13\/calendrier-surcharge-au-football-le-debat-blessures-et-fatigue\/embed\/#?secret=9492DLGNSG#?secret=OI8z1pgtbT\" data-secret=\"OI8z1pgtbT\" width=\"500\" height=\"282\" frameborder=\"0\" marginwidth=\"0\" marginheight=\"0\" scrolling=\"no\"><\/iframe>\n<\/div><\/figure>\n","protected":false},"excerpt":{"rendered":"<div class=\"mh-excerpt\">D\u00e9couvrez la liste compl\u00e8te des bless\u00e9s au PSG, leurs dates de retour et les enjeux pour Luis Enrique. Analyse d\u00e9taill\u00e9e et contexte sous haute tension.<\/div>\n<p> <a class=\"mh-excerpt-more\" href=\"https:\/\/www.topicfoot.fr\/index.php\/2025\/11\/24\/blesses-au-psg-liste-complete-et-tension-autour-de-luis-enrique\/\" title=\"Bless\u00e9s au PSG : liste compl\u00e8te et tension autour de Luis Enrique\">[&#8230;]<\/a><\/p>\n","protected":false},"author":2,"featured_media":17261,"comment_status":"closed","ping_status":"open","sticky":false,"template":"","format":"standard","meta":{"footnotes":""},"categories":[147,144,31],"tags":[],"post_folder":[],"class_list":{"0":"post-17245","1":"post","2":"type-post","3":"status-publish","4":"format-standard","5":"has-post-thumbnail","7":"category-blessure","8":"category-psg","9":"category-toutes-les-categories"},"yoast_head":"<!-- This site is optimized with the Yoast SEO plugin v27.4 - https:\/\/yoast.com\/product\/yoast-seo-wordpress\/ -->\n<title>Bless\u00e9s au PSG : liste compl\u00e8te et tension autour de Luis Enrique<\/title>\n<meta name=\"description\" content=\"D\u00e9couvrez la liste compl\u00e8te des bless\u00e9s au PSG, leurs dates de retour et les enjeux pour Luis Enrique. Analyse d\u00e9taill\u00e9e et contexte\" \/>\n<meta name=\"robots\" content=\"index, follow, max-snippet:-1, max-image-preview:large, max-video-preview:-1\" \/>\n<link rel=\"canonical\" href=\"https:\/\/www.topicfoot.fr\/index.php\/2025\/11\/24\/blesses-au-psg-liste-complete-et-tension-autour-de-luis-enrique\/\" \/>\n<meta property=\"og:locale\" content=\"fr_FR\" \/>\n<meta property=\"og:type\" content=\"article\" \/>\n<meta property=\"og:title\" content=\"Bless\u00e9s au PSG : liste compl\u00e8te et tension autour de Luis Enrique\" \/>\n<meta property=\"og:description\" content=\"D\u00e9couvrez la liste compl\u00e8te des bless\u00e9s au PSG, leurs dates de retour et les enjeux pour Luis Enrique. Analyse d\u00e9taill\u00e9e et contexte\" \/>\n<meta property=\"og:url\" content=\"https:\/\/www.topicfoot.fr\/index.php\/2025\/11\/24\/blesses-au-psg-liste-complete-et-tension-autour-de-luis-enrique\/\" \/>\n<meta property=\"og:site_name\" content=\"Topic Foot\" \/>\n<meta property=\"article:publisher\" content=\"https:\/\/www.facebook.com\/topicfoot.fr\" \/>\n<meta property=\"article:published_time\" content=\"2025-11-24T12:46:53+00:00\" \/>\n<meta property=\"article:modified_time\" content=\"2025-11-24T12:47:04+00:00\" \/>\n<meta property=\"og:image\" content=\"https:\/\/www.topicfoot.fr\/wp-content\/uploads\/2025\/11\/blessure-psg-hakimi.webp\" \/>\n\t<meta property=\"og:image:width\" content=\"1672\" \/>\n\t<meta property=\"og:image:height\" content=\"1116\" \/>\n\t<meta property=\"og:image:type\" content=\"image\/png\" \/>\n<meta name=\"author\" content=\"Noa G\" \/>\n<meta name=\"twitter:card\" content=\"summary_large_image\" \/>\n<meta name=\"twitter:label1\" content=\"\u00c9crit par\" \/>\n\t<meta name=\"twitter:data1\" content=\"Noa G\" \/>\n\t<meta name=\"twitter:label2\" content=\"Dur\u00e9e de lecture estim\u00e9e\" \/>\n\t<meta name=\"twitter:data2\" content=\"8 minutes\" \/>\n<script type=\"application\/ld+json\" class=\"yoast-schema-graph\">{\"@context\":\"https:\\\/\\\/schema.org\",\"@graph\":[{\"@type\":\"Article\",\"@id\":\"https:\\\/\\\/www.topicfoot.fr\\\/index.php\\\/2025\\\/11\\\/24\\\/blesses-au-psg-liste-complete-et-tension-autour-de-luis-enrique\\\/#article\",\"isPartOf\":{\"@id\":\"https:\\\/\\\/www.topicfoot.fr\\\/index.php\\\/2025\\\/11\\\/24\\\/blesses-au-psg-liste-complete-et-tension-autour-de-luis-enrique\\\/\"},\"author\":{\"name\":\"Noa G\",\"@id\":\"https:\\\/\\\/www.topicfoot.fr\\\/#\\\/schema\\\/person\\\/1eec7931a039bea2841d9a1b909338a7\"},\"headline\":\"Bless\u00e9s au PSG : liste compl\u00e8te et tension autour de Luis Enrique\",\"datePublished\":\"2025-11-24T12:46:53+00:00\",\"dateModified\":\"2025-11-24T12:47:04+00:00\",\"mainEntityOfPage\":{\"@id\":\"https:\\\/\\\/www.topicfoot.fr\\\/index.php\\\/2025\\\/11\\\/24\\\/blesses-au-psg-liste-complete-et-tension-autour-de-luis-enrique\\\/\"},\"wordCount\":1490,\"publisher\":{\"@id\":\"https:\\\/\\\/www.topicfoot.fr\\\/#organization\"},\"image\":{\"@id\":\"https:\\\/\\\/www.topicfoot.fr\\\/index.php\\\/2025\\\/11\\\/24\\\/blesses-au-psg-liste-complete-et-tension-autour-de-luis-enrique\\\/#primaryimage\"},\"thumbnailUrl\":\"https:\\\/\\\/www.topicfoot.fr\\\/wp-content\\\/uploads\\\/2025\\\/11\\\/blessure-psg-hakimi.webp\",\"articleSection\":[\"Co\u00fbt des blessures dans le football professionnel\",\"PSG\",\"Toutes les cat\u00e9gories\"],\"inLanguage\":\"fr-FR\"},{\"@type\":\"WebPage\",\"@id\":\"https:\\\/\\\/www.topicfoot.fr\\\/index.php\\\/2025\\\/11\\\/24\\\/blesses-au-psg-liste-complete-et-tension-autour-de-luis-enrique\\\/\",\"url\":\"https:\\\/\\\/www.topicfoot.fr\\\/index.php\\\/2025\\\/11\\\/24\\\/blesses-au-psg-liste-complete-et-tension-autour-de-luis-enrique\\\/\",\"name\":\"Bless\u00e9s au PSG : liste compl\u00e8te et tension autour de Luis Enrique\",\"isPartOf\":{\"@id\":\"https:\\\/\\\/www.topicfoot.fr\\\/#website\"},\"primaryImageOfPage\":{\"@id\":\"https:\\\/\\\/www.topicfoot.fr\\\/index.php\\\/2025\\\/11\\\/24\\\/blesses-au-psg-liste-complete-et-tension-autour-de-luis-enrique\\\/#primaryimage\"},\"image\":{\"@id\":\"https:\\\/\\\/www.topicfoot.fr\\\/index.php\\\/2025\\\/11\\\/24\\\/blesses-au-psg-liste-complete-et-tension-autour-de-luis-enrique\\\/#primaryimage\"},\"thumbnailUrl\":\"https:\\\/\\\/www.topicfoot.fr\\\/wp-content\\\/uploads\\\/2025\\\/11\\\/blessure-psg-hakimi.webp\",\"datePublished\":\"2025-11-24T12:46:53+00:00\",\"dateModified\":\"2025-11-24T12:47:04+00:00\",\"description\":\"D\u00e9couvrez la liste compl\u00e8te des bless\u00e9s au PSG, leurs dates de retour et les enjeux pour Luis Enrique. Analyse d\u00e9taill\u00e9e et contexte\",\"breadcrumb\":{\"@id\":\"https:\\\/\\\/www.topicfoot.fr\\\/index.php\\\/2025\\\/11\\\/24\\\/blesses-au-psg-liste-complete-et-tension-autour-de-luis-enrique\\\/#breadcrumb\"},\"inLanguage\":\"fr-FR\",\"potentialAction\":[{\"@type\":\"ReadAction\",\"target\":[\"https:\\\/\\\/www.topicfoot.fr\\\/index.php\\\/2025\\\/11\\\/24\\\/blesses-au-psg-liste-complete-et-tension-autour-de-luis-enrique\\\/\"]}]},{\"@type\":\"ImageObject\",\"inLanguage\":\"fr-FR\",\"@id\":\"https:\\\/\\\/www.topicfoot.fr\\\/index.php\\\/2025\\\/11\\\/24\\\/blesses-au-psg-liste-complete-et-tension-autour-de-luis-enrique\\\/#primaryimage\",\"url\":\"https:\\\/\\\/www.topicfoot.fr\\\/wp-content\\\/uploads\\\/2025\\\/11\\\/blessure-psg-hakimi.webp\",\"contentUrl\":\"https:\\\/\\\/www.topicfoot.fr\\\/wp-content\\\/uploads\\\/2025\\\/11\\\/blessure-psg-hakimi.webp\",\"width\":1672,\"height\":1116},{\"@type\":\"BreadcrumbList\",\"@id\":\"https:\\\/\\\/www.topicfoot.fr\\\/index.php\\\/2025\\\/11\\\/24\\\/blesses-au-psg-liste-complete-et-tension-autour-de-luis-enrique\\\/#breadcrumb\",\"itemListElement\":[{\"@type\":\"ListItem\",\"position\":1,\"name\":\"Accueil\",\"item\":\"https:\\\/\\\/www.topicfoot.fr\\\/\"},{\"@type\":\"ListItem\",\"position\":2,\"name\":\"Bless\u00e9s au PSG : liste compl\u00e8te et tension autour de Luis Enrique\"}]},{\"@type\":\"WebSite\",\"@id\":\"https:\\\/\\\/www.topicfoot.fr\\\/#website\",\"url\":\"https:\\\/\\\/www.topicfoot.fr\\\/\",\"name\":\"Topic Foot\",\"description\":\"Tous l&#039;univers du Foot !\",\"publisher\":{\"@id\":\"https:\\\/\\\/www.topicfoot.fr\\\/#organization\"},\"potentialAction\":[{\"@type\":\"SearchAction\",\"target\":{\"@type\":\"EntryPoint\",\"urlTemplate\":\"https:\\\/\\\/www.topicfoot.fr\\\/?s={search_term_string}\"},\"query-input\":{\"@type\":\"PropertyValueSpecification\",\"valueRequired\":true,\"valueName\":\"search_term_string\"}}],\"inLanguage\":\"fr-FR\"},{\"@type\":\"Organization\",\"@id\":\"https:\\\/\\\/www.topicfoot.fr\\\/#organization\",\"name\":\"Topic Foot\",\"url\":\"https:\\\/\\\/www.topicfoot.fr\\\/\",\"logo\":{\"@type\":\"ImageObject\",\"inLanguage\":\"fr-FR\",\"@id\":\"https:\\\/\\\/www.topicfoot.fr\\\/#\\\/schema\\\/logo\\\/image\\\/\",\"url\":\"https:\\\/\\\/www.topicfoot.fr\\\/wp-content\\\/uploads\\\/2024\\\/04\\\/cropped-logo-topicfoot-new.jpg\",\"contentUrl\":\"https:\\\/\\\/www.topicfoot.fr\\\/wp-content\\\/uploads\\\/2024\\\/04\\\/cropped-logo-topicfoot-new.jpg\",\"width\":512,\"height\":512,\"caption\":\"Topic Foot\"},\"image\":{\"@id\":\"https:\\\/\\\/www.topicfoot.fr\\\/#\\\/schema\\\/logo\\\/image\\\/\"},\"sameAs\":[\"https:\\\/\\\/www.facebook.com\\\/topicfoot.fr\"]},{\"@type\":\"Person\",\"@id\":\"https:\\\/\\\/www.topicfoot.fr\\\/#\\\/schema\\\/person\\\/1eec7931a039bea2841d9a1b909338a7\",\"name\":\"Noa G\",\"image\":{\"@type\":\"ImageObject\",\"inLanguage\":\"fr-FR\",\"@id\":\"https:\\\/\\\/secure.gravatar.com\\\/avatar\\\/35544da2504abbd834faa666f50eb919c4fbcb3bd5c1c5f3fcf50113e404bc1c?s=96&d=mm&r=g\",\"url\":\"https:\\\/\\\/secure.gravatar.com\\\/avatar\\\/35544da2504abbd834faa666f50eb919c4fbcb3bd5c1c5f3fcf50113e404bc1c?s=96&d=mm&r=g\",\"contentUrl\":\"https:\\\/\\\/secure.gravatar.com\\\/avatar\\\/35544da2504abbd834faa666f50eb919c4fbcb3bd5c1c5f3fcf50113e404bc1c?s=96&d=mm&r=g\",\"caption\":\"Noa G\"},\"url\":\"https:\\\/\\\/www.topicfoot.fr\\\/index.php\\\/author\\\/florentg\\\/\"}]}<\/script>\n<!-- \/ Yoast SEO plugin. -->","yoast_head_json":{"title":"Bless\u00e9s au PSG : liste compl\u00e8te et tension autour de Luis Enrique","description":"D\u00e9couvrez la liste compl\u00e8te des bless\u00e9s au PSG, leurs dates de retour et les enjeux pour Luis Enrique. Analyse d\u00e9taill\u00e9e et contexte","robots":{"index":"index","follow":"follow","max-snippet":"max-snippet:-1","max-image-preview":"max-image-preview:large","max-video-preview":"max-video-preview:-1"},"canonical":"https:\/\/www.topicfoot.fr\/index.php\/2025\/11\/24\/blesses-au-psg-liste-complete-et-tension-autour-de-luis-enrique\/","og_locale":"fr_FR","og_type":"article","og_title":"Bless\u00e9s au PSG : liste compl\u00e8te et tension autour de Luis Enrique","og_description":"D\u00e9couvrez la liste compl\u00e8te des bless\u00e9s au PSG, leurs dates de retour et les enjeux pour Luis Enrique. Analyse d\u00e9taill\u00e9e et contexte","og_url":"https:\/\/www.topicfoot.fr\/index.php\/2025\/11\/24\/blesses-au-psg-liste-complete-et-tension-autour-de-luis-enrique\/","og_site_name":"Topic Foot","article_publisher":"https:\/\/www.facebook.com\/topicfoot.fr","article_published_time":"2025-11-24T12:46:53+00:00","article_modified_time":"2025-11-24T12:47:04+00:00","og_image":[{"width":1672,"height":1116,"url":"https:\/\/www.topicfoot.fr\/wp-content\/uploads\/2025\/11\/blessure-psg-hakimi.webp","type":"image\/png"}],"author":"Noa G","twitter_card":"summary_large_image","twitter_misc":{"\u00c9crit par":"Noa G","Dur\u00e9e de lecture estim\u00e9e":"8 minutes"},"schema":{"@context":"https:\/\/schema.org","@graph":[{"@type":"Article","@id":"https:\/\/www.topicfoot.fr\/index.php\/2025\/11\/24\/blesses-au-psg-liste-complete-et-tension-autour-de-luis-enrique\/#article","isPartOf":{"@id":"https:\/\/www.topicfoot.fr\/index.php\/2025\/11\/24\/blesses-au-psg-liste-complete-et-tension-autour-de-luis-enrique\/"},"author":{"name":"Noa G","@id":"https:\/\/www.topicfoot.fr\/#\/schema\/person\/1eec7931a039bea2841d9a1b909338a7"},"headline":"Bless\u00e9s au PSG : liste compl\u00e8te et tension autour de Luis Enrique","datePublished":"2025-11-24T12:46:53+00:00","dateModified":"2025-11-24T12:47:04+00:00","mainEntityOfPage":{"@id":"https:\/\/www.topicfoot.fr\/index.php\/2025\/11\/24\/blesses-au-psg-liste-complete-et-tension-autour-de-luis-enrique\/"},"wordCount":1490,"publisher":{"@id":"https:\/\/www.topicfoot.fr\/#organization"},"image":{"@id":"https:\/\/www.topicfoot.fr\/index.php\/2025\/11\/24\/blesses-au-psg-liste-complete-et-tension-autour-de-luis-enrique\/#primaryimage"},"thumbnailUrl":"https:\/\/www.topicfoot.fr\/wp-content\/uploads\/2025\/11\/blessure-psg-hakimi.webp","articleSection":["Co\u00fbt des blessures dans le football professionnel","PSG","Toutes les cat\u00e9gories"],"inLanguage":"fr-FR"},{"@type":"WebPage","@id":"https:\/\/www.topicfoot.fr\/index.php\/2025\/11\/24\/blesses-au-psg-liste-complete-et-tension-autour-de-luis-enrique\/","url":"https:\/\/www.topicfoot.fr\/index.php\/2025\/11\/24\/blesses-au-psg-liste-complete-et-tension-autour-de-luis-enrique\/","name":"Bless\u00e9s au PSG : liste compl\u00e8te et tension autour de Luis Enrique","isPartOf":{"@id":"https:\/\/www.topicfoot.fr\/#website"},"primaryImageOfPage":{"@id":"https:\/\/www.topicfoot.fr\/index.php\/2025\/11\/24\/blesses-au-psg-liste-complete-et-tension-autour-de-luis-enrique\/#primaryimage"},"image":{"@id":"https:\/\/www.topicfoot.fr\/index.php\/2025\/11\/24\/blesses-au-psg-liste-complete-et-tension-autour-de-luis-enrique\/#primaryimage"},"thumbnailUrl":"https:\/\/www.topicfoot.fr\/wp-content\/uploads\/2025\/11\/blessure-psg-hakimi.webp","datePublished":"2025-11-24T12:46:53+00:00","dateModified":"2025-11-24T12:47:04+00:00","description":"D\u00e9couvrez la liste compl\u00e8te des bless\u00e9s au PSG, leurs dates de retour et les enjeux pour Luis Enrique. Analyse d\u00e9taill\u00e9e et contexte","breadcrumb":{"@id":"https:\/\/www.topicfoot.fr\/index.php\/2025\/11\/24\/blesses-au-psg-liste-complete-et-tension-autour-de-luis-enrique\/#breadcrumb"},"inLanguage":"fr-FR","potentialAction":[{"@type":"ReadAction","target":["https:\/\/www.topicfoot.fr\/index.php\/2025\/11\/24\/blesses-au-psg-liste-complete-et-tension-autour-de-luis-enrique\/"]}]},{"@type":"ImageObject","inLanguage":"fr-FR","@id":"https:\/\/www.topicfoot.fr\/index.php\/2025\/11\/24\/blesses-au-psg-liste-complete-et-tension-autour-de-luis-enrique\/#primaryimage","url":"https:\/\/www.topicfoot.fr\/wp-content\/uploads\/2025\/11\/blessure-psg-hakimi.webp","contentUrl":"https:\/\/www.topicfoot.fr\/wp-content\/uploads\/2025\/11\/blessure-psg-hakimi.webp","width":1672,"height":1116},{"@type":"BreadcrumbList","@id":"https:\/\/www.topicfoot.fr\/index.php\/2025\/11\/24\/blesses-au-psg-liste-complete-et-tension-autour-de-luis-enrique\/#breadcrumb","itemListElement":[{"@type":"ListItem","position":1,"name":"Accueil","item":"https:\/\/www.topicfoot.fr\/"},{"@type":"ListItem","position":2,"name":"Bless\u00e9s au PSG : liste compl\u00e8te et tension autour de Luis Enrique"}]},{"@type":"WebSite","@id":"https:\/\/www.topicfoot.fr\/#website","url":"https:\/\/www.topicfoot.fr\/","name":"Topic Foot","description":"Tous l&#039;univers du Foot !","publisher":{"@id":"https:\/\/www.topicfoot.fr\/#organization"},"potentialAction":[{"@type":"SearchAction","target":{"@type":"EntryPoint","urlTemplate":"https:\/\/www.topicfoot.fr\/?s={search_term_string}"},"query-input":{"@type":"PropertyValueSpecification","valueRequired":true,"valueName":"search_term_string"}}],"inLanguage":"fr-FR"},{"@type":"Organization","@id":"https:\/\/www.topicfoot.fr\/#organization","name":"Topic Foot","url":"https:\/\/www.topicfoot.fr\/","logo":{"@type":"ImageObject","inLanguage":"fr-FR","@id":"https:\/\/www.topicfoot.fr\/#\/schema\/logo\/image\/","url":"https:\/\/www.topicfoot.fr\/wp-content\/uploads\/2024\/04\/cropped-logo-topicfoot-new.jpg","contentUrl":"https:\/\/www.topicfoot.fr\/wp-content\/uploads\/2024\/04\/cropped-logo-topicfoot-new.jpg","width":512,"height":512,"caption":"Topic Foot"},"image":{"@id":"https:\/\/www.topicfoot.fr\/#\/schema\/logo\/image\/"},"sameAs":["https:\/\/www.facebook.com\/topicfoot.fr"]},{"@type":"Person","@id":"https:\/\/www.topicfoot.fr\/#\/schema\/person\/1eec7931a039bea2841d9a1b909338a7","name":"Noa G","image":{"@type":"ImageObject","inLanguage":"fr-FR","@id":"https:\/\/secure.gravatar.com\/avatar\/35544da2504abbd834faa666f50eb919c4fbcb3bd5c1c5f3fcf50113e404bc1c?s=96&d=mm&r=g","url":"https:\/\/secure.gravatar.com\/avatar\/35544da2504abbd834faa666f50eb919c4fbcb3bd5c1c5f3fcf50113e404bc1c?s=96&d=mm&r=g","contentUrl":"https:\/\/secure.gravatar.com\/avatar\/35544da2504abbd834faa666f50eb919c4fbcb3bd5c1c5f3fcf50113e404bc1c?s=96&d=mm&r=g","caption":"Noa G"},"url":"https:\/\/www.topicfoot.fr\/index.php\/author\/florentg\/"}]}},"_links":{"self":[{"href":"https:\/\/www.topicfoot.fr\/index.php\/wp-json\/wp\/v2\/posts\/17245","targetHints":{"allow":["GET"]}}],"collection":[{"href":"https:\/\/www.topicfoot.fr\/index.php\/wp-json\/wp\/v2\/posts"}],"about":[{"href":"https:\/\/www.topicfoot.fr\/index.php\/wp-json\/wp\/v2\/types\/post"}],"author":[{"embeddable":true,"href":"https:\/\/www.topicfoot.fr\/index.php\/wp-json\/wp\/v2\/users\/2"}],"replies":[{"embeddable":true,"href":"https:\/\/www.topicfoot.fr\/index.php\/wp-json\/wp\/v2\/comments?post=17245"}],"version-history":[{"count":0,"href":"https:\/\/www.topicfoot.fr\/index.php\/wp-json\/wp\/v2\/posts\/17245\/revisions"}],"wp:featuredmedia":[{"embeddable":true,"href":"https:\/\/www.topicfoot.fr\/index.php\/wp-json\/wp\/v2\/media\/17261"}],"wp:attachment":[{"href":"https:\/\/www.topicfoot.fr\/index.php\/wp-json\/wp\/v2\/media?parent=17245"}],"wp:term":[{"taxonomy":"category","embeddable":true,"href":"https:\/\/www.topicfoot.fr\/index.php\/wp-json\/wp\/v2\/categories?post=17245"},{"taxonomy":"post_tag","embeddable":true,"href":"https:\/\/www.topicfoot.fr\/index.php\/wp-json\/wp\/v2\/tags?post=17245"},{"taxonomy":"post_folder","embeddable":true,"href":"https:\/\/www.topicfoot.fr\/index.php\/wp-json\/wp\/v2\/post_folder?post=17245"}],"curies":[{"name":"wp","href":"https:\/\/api.w.org\/{rel}","templated":true}]}}