{"id":17640,"date":"2025-12-18T11:07:56","date_gmt":"2025-12-18T10:07:56","guid":{"rendered":"https:\/\/www.topicfoot.fr\/?p=17640"},"modified":"2025-12-18T22:02:51","modified_gmt":"2025-12-18T21:02:51","slug":"louis-leroux-sa-blessure-et-son-potentiel-depart-du-fc-nantes","status":"publish","type":"post","link":"https:\/\/www.topicfoot.fr\/index.php\/2025\/12\/18\/louis-leroux-sa-blessure-et-son-potentiel-depart-du-fc-nantes\/","title":{"rendered":"Louis Leroux : sa blessure et son potentiel d\u00e9part du FC Nantes"},"content":{"rendered":"<span class=\"span-reading-time rt-reading-time\" style=\"display: block;\"><span class=\"rt-label rt-prefix\">Temps de lecture\u00a0:  <\/span> <span class=\"rt-time\"> 4<\/span> <span class=\"rt-label rt-postfix\">minutes.  <\/span><\/span>\n<p>L\u2019ascension fulgurante de Louis Leroux a r\u00e9cemment \u00e9t\u00e9 frein\u00e9e par un coup dur, relan\u00e7ant toutes les questions autour de son r\u00f4le au FC Nantes et de son avenir proche.<\/p>\n\n\n\n<figure class=\"wp-block-image size-large\"><img loading=\"lazy\" decoding=\"async\" width=\"1024\" height=\"681\" src=\"https:\/\/www.topicfoot.fr\/wp-content\/uploads\/2025\/12\/louis-leroux-02-1024x681.webp\" alt=\"\" class=\"wp-image-17641\" srcset=\"https:\/\/www.topicfoot.fr\/wp-content\/uploads\/2025\/12\/louis-leroux-02-1024x681.webp 1024w, https:\/\/www.topicfoot.fr\/wp-content\/uploads\/2025\/12\/louis-leroux-02-300x199.webp 300w, https:\/\/www.topicfoot.fr\/wp-content\/uploads\/2025\/12\/louis-leroux-02-768x511.webp 768w, https:\/\/www.topicfoot.fr\/wp-content\/uploads\/2025\/12\/louis-leroux-02-1536x1021.webp 1536w, https:\/\/www.topicfoot.fr\/wp-content\/uploads\/2025\/12\/louis-leroux-02-2048x1362.webp 2048w\" sizes=\"auto, (max-width: 1024px) 100vw, 1024px\" \/><\/figure>\n\n\n\n<h2 class=\"wp-block-heading\">Une l\u00e9sion survenue avec les Espoirs fran\u00e7ais<\/h2>\n\n\n\n<p>Louis Leroux, l\u2019un des jeunes talents les plus suivis du FC Nantes, s\u2019est bless\u00e9 \u00e0 la cuisse lors d\u2019une s\u00e9ance d\u2019entra\u00eenement avec l\u2019\u00e9quipe de France Espoirs. L\u2019incident est intervenu en milieu de semaine, au moment o\u00f9 le s\u00e9lectionneur pr\u00e9parait la double confrontation face \u00e0 la Suisse et aux \u00celes F\u00e9ro\u00e9. Plusieurs t\u00e9moins pr\u00e9sents sur place \u00e9voquent un geste anodin, mais suffisamment mal ex\u00e9cut\u00e9 pour provoquer une douleur imm\u00e9diate. La blessure de Louis Leroux est bien confirm\u00e9e : il s\u2019agit d\u2019une l\u00e9sion musculaire \u00e0 la cuisse, diagnostiqu\u00e9e d\u00e8s la fin de la s\u00e9ance.<\/p>\n\n\n\n<p>Renvoy\u00e9 \u00e0 Nantes par pr\u00e9caution, le joueur a aussit\u00f4t d\u00e9clar\u00e9 forfait pour les deux rencontres.<br>\u00c0 son retour, le staff m\u00e9dical du FC Nantes a r\u00e9alis\u00e9 de nouveaux examens afin d\u2019\u00e9valuer la gravit\u00e9 de la l\u00e9sion et d\u2019adapter le programme de soins.<\/p>\n\n\n\n<h2 class=\"wp-block-heading\">Une absence estim\u00e9e \u00e0 plusieurs semaines<\/h2>\n\n\n\n<p>Les premi\u00e8res \u00e9valuations font \u00e9tat d\u2019une indisponibilit\u00e9 qui pourrait durer plusieurs semaines. Les m\u00e9dias sp\u00e9cialis\u00e9s, ainsi que des sources internes au club, \u00e9voquent la possibilit\u00e9 d\u2019un retour seulement apr\u00e8s la tr\u00eave hivernale. Cette projection reste prudente, car les blessures musculaires de la cuisse sont r\u00e9put\u00e9es sensibles, surtout chez les joueurs polyvalents comme Louis Leroux, sollicit\u00e9s \u00e0 haute intensit\u00e9 sur de longues s\u00e9quences. Selon les informations disponibles, Leroux pourrait manquer plusieurs matchs cl\u00e9s du FC Nantes, dont Lorient, Lyon, Lens, Angers et le 32e de finale de Coupe de France. Une<br>s\u00e9rie d\u2019absences qui complique encore davantage la gestion sportive de Luis Castro. Dans l\u2019entourage du joueur, on insiste malgr\u00e9 tout sur un point : aucune prise de risque ne sera faite afin d\u2019\u00e9viter une rechute, souvent plus p\u00e9nalisante que la blessure initiale.<\/p>\n\n\n\n<h2 class=\"wp-block-heading\">Une tuile de plus pour un FC Nantes<\/h2>\n\n\n\n<p>Pour les supporters nantais, cette blessure survient au pire moment. Le FC Nantes sortait d\u00e9j\u00e0 d\u2019une p\u00e9riode fragilis\u00e9e par une s\u00e9rie d\u2019indisponibilit\u00e9s, et Louis Leroux figurait parmi les rares profils stables et performants du d\u00e9but de saison. Ses dix titularisations en douze journ\u00e9es t\u00e9moignent de son importance croissante dans les plans de Luis Castro, que ce soit au milieu ou sur le c\u00f4t\u00e9 gauche.<\/p>\n\n\n\n<p>La perte de Louis Leroux accentue les difficult\u00e9s d\u2019un FC Nantes qui cherche encore un \u00e9quilibre collectif et une solidit\u00e9 d\u00e9fensive. Sans lui, l\u2019entra\u00eeneur devra recomposer son secteur gauche, d\u00e9j\u00e0 mis \u00e0 l\u2019\u00e9preuve par les p\u00e9pins physiques de plusieurs cadres. Les supporters esp\u00e8rent que la tr\u00eave permettra au club de retrouver une dynamique plus sereine.<\/p>\n\n\n\n<h2 class=\"wp-block-heading\">Un jeune Nantais d\u00e9j\u00e0 indispensable dans le onze de Luis Castro<\/h2>\n\n\n\n<p>R\u00e9v\u00e9l\u00e9 cette saison, Louis Leroux s\u2019est impos\u00e9 comme l\u2019un des piliers les plus prometteurs du FC Nantes, jusqu\u2019\u00e0 devenir incontournable avant m\u00eame sa blessure. De la formation nantaise \u00e0 l\u2019\u00e9quipe de France Espoirs Louis Leroux, aujourd\u2019hui consid\u00e9r\u00e9 comme l\u2019un des jeunes joueurs les plus prometteurs du FC Nantes, s\u2019est impos\u00e9 progressivement gr\u00e2ce \u00e0 un parcours solide au sein de la formation nantaise. Le milieu de terrain, capable \u00e9galement d\u2019\u00e9voluer comme lat\u00e9ral gauche, a su convaincre les observateurs par son intelligence de jeu et sa polyvalence d\u00e8s ses premi\u00e8res apparitions professionnelles.<\/p>\n\n\n\n<p>Le Nantais a fait un pas suppl\u00e9mentaire cette saison avec sa convocation en \u00e9quipe de France Espoirs, une \u00e9tape souvent r\u00e9v\u00e9latrice du potentiel d\u2019un joueur. Sa pr\u00e9sence avec les Bleuets illustre \u00e0 quel point Louis Leroux fait d\u00e9j\u00e0 partie des talents fran\u00e7ais \u00e0 suivre de pr\u00e8s, tout en confirmant le r\u00f4le qu\u2019il occupe d\u00e9sormais dans la construction de l\u2019effectif nantais. Pour les supporters, voir un jeune issu du club atteindre ce niveau cr\u00e9e une fiert\u00e9 particuli\u00e8re et renforce le lien entre la formation locale et l\u2019\u00e9quipe premi\u00e8re.<\/p>\n\n\n\n<h2 class=\"wp-block-heading\">Un d\u00e9but de saison r\u00e9ussi en Ligue 1 avant la blessure<\/h2>\n\n\n\n<p>Avant sa blessure \u00e0 la cuisse, Louis Leroux r\u00e9alisait un d\u00e9but de saison particuli\u00e8rement solide sous les ordres de Luis Castro. Align\u00e9 \u00e0 dix reprises lors des douze premi\u00e8res journ\u00e9es de Ligue 1, il avait d\u00e9j\u00e0 marqu\u00e9 un but et d\u00e9livr\u00e9 une passe d\u00e9cisive, confirmant sa mont\u00e9e en puissance et sa capacit\u00e9 \u00e0 r\u00e9pondre aux exigences du tr\u00e8s haut niveau malgr\u00e9 ses 19 ans. Sa r\u00e9gularit\u00e9 et son impact dans le jeu ont rapidement fait de lui un titulaire cr\u00e9dible et un \u00e9l\u00e9ment essentiel du dispositif nantais. Qu\u2019il soit utilis\u00e9 au milieu ou dans le couloir gauche, Leroux apportait dynamisme, volume de jeu et s\u00e9r\u00e9nit\u00e9 dans les transitions. Cette progression rapide explique pourquoi son absence actuelle repr\u00e9sente un v\u00e9ritable manque dans une \u00e9quipe qui cherche encore stabilit\u00e9 et r\u00e9sultats.<\/p>\n\n\n\n<figure class=\"wp-block-image size-large\"><img loading=\"lazy\" decoding=\"async\" width=\"1024\" height=\"645\" src=\"https:\/\/www.topicfoot.fr\/wp-content\/uploads\/2025\/12\/louis-leroux-01-1024x645.webp\" alt=\"\" class=\"wp-image-17642\" srcset=\"https:\/\/www.topicfoot.fr\/wp-content\/uploads\/2025\/12\/louis-leroux-01-1024x645.webp 1024w, https:\/\/www.topicfoot.fr\/wp-content\/uploads\/2025\/12\/louis-leroux-01-300x189.webp 300w, https:\/\/www.topicfoot.fr\/wp-content\/uploads\/2025\/12\/louis-leroux-01-768x484.webp 768w, https:\/\/www.topicfoot.fr\/wp-content\/uploads\/2025\/12\/louis-leroux-01-1536x967.webp 1536w, https:\/\/www.topicfoot.fr\/wp-content\/uploads\/2025\/12\/louis-leroux-01-2048x1290.webp 2048w\" sizes=\"auto, (max-width: 1024px) 100vw, 1024px\" \/><\/figure>\n\n\n\n<h2 class=\"wp-block-heading\">Quel avenir pour Louis Leroux apr\u00e8s cette blessure ?<\/h2>\n\n\n\n<p>La blessure de Louis Leroux soul\u00e8ve d\u00e9sormais une question centrale pour les supporters nantais : comment ce jeune talent rebondira-t-il et quel chemin s\u2019ouvre pour la suite de sa carri\u00e8re ?<\/p>\n\n\n\n<h2 class=\"wp-block-heading\">R\u00e9cup\u00e9ration, confiance et gestion de la pression<\/h2>\n\n\n\n<p>La blessure de Louis Leroux marque un coup d\u2019arr\u00eat dans une saison o\u00f9 il semblait prendre une dimension nouvelle avec le FC Nantes. Mais du c\u00f4t\u00e9 de la Joneli\u00e8re, personne ne doute de sa capacit\u00e9 \u00e0 revenir \u00e0 son meilleur niveau. Le jeune Nantais suit un protocole de r\u00e9cup\u00e9ration strict, encadr\u00e9 par les pr\u00e9parateurs physiques et le staff m\u00e9dical, afin de garantir un retour sans risque de rechute.<\/p>\n\n\n\n<p>Le v\u00e9ritable d\u00e9fi pour Louis Leroux sera autant physique que mental : retrouver la confiance accumul\u00e9e depuis le d\u00e9but de saison et g\u00e9rer la pression d\u2019un statut qui \u00e9volue rapidement. Cette exposition accrue d\u00e9passe d\u2019ailleurs le strict cadre sportif. \u00c0 mesure que son nom grimpe dans les projections et discussions, certaines plateformes de paris suivent cette tendance et gonflent leurs offres pour attirer le public, allant parfois jusqu\u2019\u00e0 proposer <a href=\"https:\/\/casinodoc.org\/bonus-400-pour-cent\/\" target=\"_blank\" rel=\"noreferrer noopener\">des bonus de 400% <\/a>afin de surfer sur l\u2019int\u00e9r\u00eat g\u00e9n\u00e9r\u00e9 par les jeunes talents en pleine ascension.<\/p>\n\n\n\n<h2 class=\"wp-block-heading\">March\u00e9 des transferts et ambitions nantaises, quelles perspectives ?<\/h2>\n\n\n\n<p>M\u00eame bless\u00e9, Louis Leroux reste au c\u0153ur de nombreuses discussions autour du mercato. Ses performances solides avant son arr\u00eat ont attir\u00e9 l\u2019attention de clubs habitu\u00e9s \u00e0 miser sur les jeunes profils prometteurs. Pour un joueur de 19 ans comptant autant de titularisations en Ligue 1, cette visibilit\u00e9 n\u2019a rien de surprenant.<\/p>\n\n\n\n<p>Le FC Nantes souhaite faire de Louis Leroux un \u00e9l\u00e9ment central de son projet sportif, mais le march\u00e9, lui, ne reste jamais immobile. Plusieurs rumeurs cr\u00e9dibles circulent d\u00e9j\u00e0.<\/p>\n\n\n\n<p>&#8211; Le Stade Rennais suit de pr\u00e8s Louis Leroux, un int\u00e9r\u00eat d\u00e9j\u00e0 relay\u00e9 par M\u00e9dia Foot. Rennes poss\u00e8de une longue tradition de recrutements chez les Canaris (Merlin, Rongier, Blas).<br>&#8211; Le LOSC est \u00e9galement int\u00e9ress\u00e9, dans l\u2019optique de pr\u00e9parer le possible d\u00e9part d\u2019Ayyoub Bouaddi et d\u2019int\u00e9grer un nouveau talent \u00e0 haut potentiel.<br>&#8211; Une offre estim\u00e9e autour de 10 millions d\u2019euros pourrait convaincre Waldemar Kita, selon les m\u00eames sources, m\u00eame si le FC Nantes souhaite conserver ses jeunes cadres.<\/p>\n\n\n\n<p>\u00c0 court terme, l\u2019avenir de Louis Leroux d\u00e9pendra de sa r\u00e9cup\u00e9ration et de sa capacit\u00e9 \u00e0 revenir<br>rapidement dans la dynamique sportive du club. \u00c0 long terme, il repr\u00e9sente autant une valeur<br>sportive qu\u2019un actif convoit\u00e9 sur le march\u00e9 des transferts. Les semaines suivant sa reprise<br>pourraient donc \u00eatre d\u00e9cisives pour son avenir professionnel.<\/p>\n","protected":false},"excerpt":{"rendered":"<div class=\"mh-excerpt\">L\u2019ascension fulgurante de Louis Leroux a r\u00e9cemment \u00e9t\u00e9 frein\u00e9e par un coup dur, relan\u00e7ant toutes les questions autour de son r\u00f4le au FC<\/div>\n<p> <a class=\"mh-excerpt-more\" href=\"https:\/\/www.topicfoot.fr\/index.php\/2025\/12\/18\/louis-leroux-sa-blessure-et-son-potentiel-depart-du-fc-nantes\/\" title=\"Louis Leroux : sa blessure et son potentiel d\u00e9part du FC Nantes\">[&#8230;]<\/a><\/p>\n","protected":false},"author":12,"featured_media":17642,"comment_status":"closed","ping_status":"open","sticky":false,"template":"","format":"standard","meta":{"footnotes":""},"categories":[202],"tags":[],"post_folder":[],"class_list":{"0":"post-17640","1":"post","2":"type-post","3":"status-publish","4":"format-standard","5":"has-post-thumbnail","7":"category-topic-magazine"},"yoast_head":"<!-- This site is optimized with the Yoast SEO plugin v27.4 - https:\/\/yoast.com\/product\/yoast-seo-wordpress\/ -->\n<title>Louis Leroux : sa blessure et son potentiel d\u00e9part du FC Nantes<\/title>\n<meta name=\"description\" content=\"L\u2019ascension fulgurante de Louis Leroux a r\u00e9cemment \u00e9t\u00e9 frein\u00e9e par un coup dur, relan\u00e7ant toutes les questions autour de son r\u00f4le au FC\" \/>\n<meta name=\"robots\" content=\"index, follow, max-snippet:-1, max-image-preview:large, max-video-preview:-1\" \/>\n<link rel=\"canonical\" href=\"https:\/\/www.topicfoot.fr\/index.php\/2025\/12\/18\/louis-leroux-sa-blessure-et-son-potentiel-depart-du-fc-nantes\/\" \/>\n<meta property=\"og:locale\" content=\"fr_FR\" \/>\n<meta property=\"og:type\" content=\"article\" \/>\n<meta property=\"og:title\" content=\"Louis Leroux : sa blessure et son potentiel d\u00e9part du FC Nantes\" \/>\n<meta property=\"og:description\" content=\"L\u2019ascension fulgurante de Louis Leroux a r\u00e9cemment \u00e9t\u00e9 frein\u00e9e par un coup dur, relan\u00e7ant toutes les questions autour de son r\u00f4le au FC\" \/>\n<meta property=\"og:url\" content=\"https:\/\/www.topicfoot.fr\/index.php\/2025\/12\/18\/louis-leroux-sa-blessure-et-son-potentiel-depart-du-fc-nantes\/\" \/>\n<meta property=\"og:site_name\" content=\"Topic Foot\" \/>\n<meta property=\"article:publisher\" content=\"https:\/\/www.facebook.com\/topicfoot.fr\" \/>\n<meta property=\"article:published_time\" content=\"2025-12-18T10:07:56+00:00\" \/>\n<meta property=\"article:modified_time\" content=\"2025-12-18T21:02:51+00:00\" \/>\n<meta property=\"og:image\" content=\"https:\/\/www.topicfoot.fr\/wp-content\/uploads\/2025\/12\/louis-leroux-01.webp\" \/>\n\t<meta property=\"og:image:width\" content=\"2220\" \/>\n\t<meta property=\"og:image:height\" content=\"1398\" \/>\n\t<meta property=\"og:image:type\" content=\"image\/png\" \/>\n<meta name=\"author\" content=\"R\u00e9daction Topic Magazine\" \/>\n<meta name=\"twitter:card\" content=\"summary_large_image\" \/>\n<meta name=\"twitter:label1\" content=\"\u00c9crit par\" \/>\n\t<meta name=\"twitter:data1\" content=\"R\u00e9daction Topic Magazine\" \/>\n\t<meta name=\"twitter:label2\" content=\"Dur\u00e9e de lecture estim\u00e9e\" \/>\n\t<meta name=\"twitter:data2\" content=\"7 minutes\" \/>\n<script type=\"application\/ld+json\" class=\"yoast-schema-graph\">{\"@context\":\"https:\\\/\\\/schema.org\",\"@graph\":[{\"@type\":\"Article\",\"@id\":\"https:\\\/\\\/www.topicfoot.fr\\\/index.php\\\/2025\\\/12\\\/18\\\/louis-leroux-sa-blessure-et-son-potentiel-depart-du-fc-nantes\\\/#article\",\"isPartOf\":{\"@id\":\"https:\\\/\\\/www.topicfoot.fr\\\/index.php\\\/2025\\\/12\\\/18\\\/louis-leroux-sa-blessure-et-son-potentiel-depart-du-fc-nantes\\\/\"},\"author\":{\"name\":\"R\u00e9daction Topic Magazine\",\"@id\":\"https:\\\/\\\/www.topicfoot.fr\\\/#\\\/schema\\\/person\\\/06fdea003d2ab3d2d718c351000b1b77\"},\"headline\":\"Louis Leroux : sa blessure et son potentiel d\u00e9part du FC Nantes\",\"datePublished\":\"2025-12-18T10:07:56+00:00\",\"dateModified\":\"2025-12-18T21:02:51+00:00\",\"mainEntityOfPage\":{\"@id\":\"https:\\\/\\\/www.topicfoot.fr\\\/index.php\\\/2025\\\/12\\\/18\\\/louis-leroux-sa-blessure-et-son-potentiel-depart-du-fc-nantes\\\/\"},\"wordCount\":1348,\"publisher\":{\"@id\":\"https:\\\/\\\/www.topicfoot.fr\\\/#organization\"},\"image\":{\"@id\":\"https:\\\/\\\/www.topicfoot.fr\\\/index.php\\\/2025\\\/12\\\/18\\\/louis-leroux-sa-blessure-et-son-potentiel-depart-du-fc-nantes\\\/#primaryimage\"},\"thumbnailUrl\":\"https:\\\/\\\/www.topicfoot.fr\\\/wp-content\\\/uploads\\\/2025\\\/12\\\/louis-leroux-01.webp\",\"articleSection\":[\"Topic Magazine\"],\"inLanguage\":\"fr-FR\"},{\"@type\":\"WebPage\",\"@id\":\"https:\\\/\\\/www.topicfoot.fr\\\/index.php\\\/2025\\\/12\\\/18\\\/louis-leroux-sa-blessure-et-son-potentiel-depart-du-fc-nantes\\\/\",\"url\":\"https:\\\/\\\/www.topicfoot.fr\\\/index.php\\\/2025\\\/12\\\/18\\\/louis-leroux-sa-blessure-et-son-potentiel-depart-du-fc-nantes\\\/\",\"name\":\"Louis Leroux : sa blessure et son potentiel d\u00e9part du FC Nantes\",\"isPartOf\":{\"@id\":\"https:\\\/\\\/www.topicfoot.fr\\\/#website\"},\"primaryImageOfPage\":{\"@id\":\"https:\\\/\\\/www.topicfoot.fr\\\/index.php\\\/2025\\\/12\\\/18\\\/louis-leroux-sa-blessure-et-son-potentiel-depart-du-fc-nantes\\\/#primaryimage\"},\"image\":{\"@id\":\"https:\\\/\\\/www.topicfoot.fr\\\/index.php\\\/2025\\\/12\\\/18\\\/louis-leroux-sa-blessure-et-son-potentiel-depart-du-fc-nantes\\\/#primaryimage\"},\"thumbnailUrl\":\"https:\\\/\\\/www.topicfoot.fr\\\/wp-content\\\/uploads\\\/2025\\\/12\\\/louis-leroux-01.webp\",\"datePublished\":\"2025-12-18T10:07:56+00:00\",\"dateModified\":\"2025-12-18T21:02:51+00:00\",\"description\":\"L\u2019ascension fulgurante de Louis Leroux a r\u00e9cemment \u00e9t\u00e9 frein\u00e9e par un coup dur, relan\u00e7ant toutes les questions autour de son r\u00f4le au FC\",\"inLanguage\":\"fr-FR\",\"potentialAction\":[{\"@type\":\"ReadAction\",\"target\":[\"https:\\\/\\\/www.topicfoot.fr\\\/index.php\\\/2025\\\/12\\\/18\\\/louis-leroux-sa-blessure-et-son-potentiel-depart-du-fc-nantes\\\/\"]}]},{\"@type\":\"ImageObject\",\"inLanguage\":\"fr-FR\",\"@id\":\"https:\\\/\\\/www.topicfoot.fr\\\/index.php\\\/2025\\\/12\\\/18\\\/louis-leroux-sa-blessure-et-son-potentiel-depart-du-fc-nantes\\\/#primaryimage\",\"url\":\"https:\\\/\\\/www.topicfoot.fr\\\/wp-content\\\/uploads\\\/2025\\\/12\\\/louis-leroux-01.webp\",\"contentUrl\":\"https:\\\/\\\/www.topicfoot.fr\\\/wp-content\\\/uploads\\\/2025\\\/12\\\/louis-leroux-01.webp\",\"width\":2220,\"height\":1398},{\"@type\":\"WebSite\",\"@id\":\"https:\\\/\\\/www.topicfoot.fr\\\/#website\",\"url\":\"https:\\\/\\\/www.topicfoot.fr\\\/\",\"name\":\"Topic Foot\",\"description\":\"Tous l&#039;univers du Foot !\",\"publisher\":{\"@id\":\"https:\\\/\\\/www.topicfoot.fr\\\/#organization\"},\"potentialAction\":[{\"@type\":\"SearchAction\",\"target\":{\"@type\":\"EntryPoint\",\"urlTemplate\":\"https:\\\/\\\/www.topicfoot.fr\\\/?s={search_term_string}\"},\"query-input\":{\"@type\":\"PropertyValueSpecification\",\"valueRequired\":true,\"valueName\":\"search_term_string\"}}],\"inLanguage\":\"fr-FR\"},{\"@type\":\"Organization\",\"@id\":\"https:\\\/\\\/www.topicfoot.fr\\\/#organization\",\"name\":\"Topic Foot\",\"url\":\"https:\\\/\\\/www.topicfoot.fr\\\/\",\"logo\":{\"@type\":\"ImageObject\",\"inLanguage\":\"fr-FR\",\"@id\":\"https:\\\/\\\/www.topicfoot.fr\\\/#\\\/schema\\\/logo\\\/image\\\/\",\"url\":\"https:\\\/\\\/www.topicfoot.fr\\\/wp-content\\\/uploads\\\/2024\\\/04\\\/cropped-logo-topicfoot-new.jpg\",\"contentUrl\":\"https:\\\/\\\/www.topicfoot.fr\\\/wp-content\\\/uploads\\\/2024\\\/04\\\/cropped-logo-topicfoot-new.jpg\",\"width\":512,\"height\":512,\"caption\":\"Topic Foot\"},\"image\":{\"@id\":\"https:\\\/\\\/www.topicfoot.fr\\\/#\\\/schema\\\/logo\\\/image\\\/\"},\"sameAs\":[\"https:\\\/\\\/www.facebook.com\\\/topicfoot.fr\"]},{\"@type\":\"Person\",\"@id\":\"https:\\\/\\\/www.topicfoot.fr\\\/#\\\/schema\\\/person\\\/06fdea003d2ab3d2d718c351000b1b77\",\"name\":\"R\u00e9daction Topic Magazine\",\"image\":{\"@type\":\"ImageObject\",\"inLanguage\":\"fr-FR\",\"@id\":\"https:\\\/\\\/secure.gravatar.com\\\/avatar\\\/e306ae0a4845f864b649067ec47054144850b76f560d7bcd6d5e6dfe6705abdc?s=96&d=mm&r=g\",\"url\":\"https:\\\/\\\/secure.gravatar.com\\\/avatar\\\/e306ae0a4845f864b649067ec47054144850b76f560d7bcd6d5e6dfe6705abdc?s=96&d=mm&r=g\",\"contentUrl\":\"https:\\\/\\\/secure.gravatar.com\\\/avatar\\\/e306ae0a4845f864b649067ec47054144850b76f560d7bcd6d5e6dfe6705abdc?s=96&d=mm&r=g\",\"caption\":\"R\u00e9daction Topic Magazine\"},\"url\":\"https:\\\/\\\/www.topicfoot.fr\\\/index.php\\\/author\\\/redactiontm\\\/\"}]}<\/script>\n<!-- \/ Yoast SEO plugin. -->","yoast_head_json":{"title":"Louis Leroux : sa blessure et son potentiel d\u00e9part du FC Nantes","description":"L\u2019ascension fulgurante de Louis Leroux a r\u00e9cemment \u00e9t\u00e9 frein\u00e9e par un coup dur, relan\u00e7ant toutes les questions autour de son r\u00f4le au FC","robots":{"index":"index","follow":"follow","max-snippet":"max-snippet:-1","max-image-preview":"max-image-preview:large","max-video-preview":"max-video-preview:-1"},"canonical":"https:\/\/www.topicfoot.fr\/index.php\/2025\/12\/18\/louis-leroux-sa-blessure-et-son-potentiel-depart-du-fc-nantes\/","og_locale":"fr_FR","og_type":"article","og_title":"Louis Leroux : sa blessure et son potentiel d\u00e9part du FC Nantes","og_description":"L\u2019ascension fulgurante de Louis Leroux a r\u00e9cemment \u00e9t\u00e9 frein\u00e9e par un coup dur, relan\u00e7ant toutes les questions autour de son r\u00f4le au FC","og_url":"https:\/\/www.topicfoot.fr\/index.php\/2025\/12\/18\/louis-leroux-sa-blessure-et-son-potentiel-depart-du-fc-nantes\/","og_site_name":"Topic Foot","article_publisher":"https:\/\/www.facebook.com\/topicfoot.fr","article_published_time":"2025-12-18T10:07:56+00:00","article_modified_time":"2025-12-18T21:02:51+00:00","og_image":[{"width":2220,"height":1398,"url":"https:\/\/www.topicfoot.fr\/wp-content\/uploads\/2025\/12\/louis-leroux-01.webp","type":"image\/png"}],"author":"R\u00e9daction Topic Magazine","twitter_card":"summary_large_image","twitter_misc":{"\u00c9crit par":"R\u00e9daction Topic Magazine","Dur\u00e9e de lecture estim\u00e9e":"7 minutes"},"schema":{"@context":"https:\/\/schema.org","@graph":[{"@type":"Article","@id":"https:\/\/www.topicfoot.fr\/index.php\/2025\/12\/18\/louis-leroux-sa-blessure-et-son-potentiel-depart-du-fc-nantes\/#article","isPartOf":{"@id":"https:\/\/www.topicfoot.fr\/index.php\/2025\/12\/18\/louis-leroux-sa-blessure-et-son-potentiel-depart-du-fc-nantes\/"},"author":{"name":"R\u00e9daction Topic Magazine","@id":"https:\/\/www.topicfoot.fr\/#\/schema\/person\/06fdea003d2ab3d2d718c351000b1b77"},"headline":"Louis Leroux : sa blessure et son potentiel d\u00e9part du FC Nantes","datePublished":"2025-12-18T10:07:56+00:00","dateModified":"2025-12-18T21:02:51+00:00","mainEntityOfPage":{"@id":"https:\/\/www.topicfoot.fr\/index.php\/2025\/12\/18\/louis-leroux-sa-blessure-et-son-potentiel-depart-du-fc-nantes\/"},"wordCount":1348,"publisher":{"@id":"https:\/\/www.topicfoot.fr\/#organization"},"image":{"@id":"https:\/\/www.topicfoot.fr\/index.php\/2025\/12\/18\/louis-leroux-sa-blessure-et-son-potentiel-depart-du-fc-nantes\/#primaryimage"},"thumbnailUrl":"https:\/\/www.topicfoot.fr\/wp-content\/uploads\/2025\/12\/louis-leroux-01.webp","articleSection":["Topic Magazine"],"inLanguage":"fr-FR"},{"@type":"WebPage","@id":"https:\/\/www.topicfoot.fr\/index.php\/2025\/12\/18\/louis-leroux-sa-blessure-et-son-potentiel-depart-du-fc-nantes\/","url":"https:\/\/www.topicfoot.fr\/index.php\/2025\/12\/18\/louis-leroux-sa-blessure-et-son-potentiel-depart-du-fc-nantes\/","name":"Louis Leroux : sa blessure et son potentiel d\u00e9part du FC Nantes","isPartOf":{"@id":"https:\/\/www.topicfoot.fr\/#website"},"primaryImageOfPage":{"@id":"https:\/\/www.topicfoot.fr\/index.php\/2025\/12\/18\/louis-leroux-sa-blessure-et-son-potentiel-depart-du-fc-nantes\/#primaryimage"},"image":{"@id":"https:\/\/www.topicfoot.fr\/index.php\/2025\/12\/18\/louis-leroux-sa-blessure-et-son-potentiel-depart-du-fc-nantes\/#primaryimage"},"thumbnailUrl":"https:\/\/www.topicfoot.fr\/wp-content\/uploads\/2025\/12\/louis-leroux-01.webp","datePublished":"2025-12-18T10:07:56+00:00","dateModified":"2025-12-18T21:02:51+00:00","description":"L\u2019ascension fulgurante de Louis Leroux a r\u00e9cemment \u00e9t\u00e9 frein\u00e9e par un coup dur, relan\u00e7ant toutes les questions autour de son r\u00f4le au FC","inLanguage":"fr-FR","potentialAction":[{"@type":"ReadAction","target":["https:\/\/www.topicfoot.fr\/index.php\/2025\/12\/18\/louis-leroux-sa-blessure-et-son-potentiel-depart-du-fc-nantes\/"]}]},{"@type":"ImageObject","inLanguage":"fr-FR","@id":"https:\/\/www.topicfoot.fr\/index.php\/2025\/12\/18\/louis-leroux-sa-blessure-et-son-potentiel-depart-du-fc-nantes\/#primaryimage","url":"https:\/\/www.topicfoot.fr\/wp-content\/uploads\/2025\/12\/louis-leroux-01.webp","contentUrl":"https:\/\/www.topicfoot.fr\/wp-content\/uploads\/2025\/12\/louis-leroux-01.webp","width":2220,"height":1398},{"@type":"WebSite","@id":"https:\/\/www.topicfoot.fr\/#website","url":"https:\/\/www.topicfoot.fr\/","name":"Topic Foot","description":"Tous l&#039;univers du Foot !","publisher":{"@id":"https:\/\/www.topicfoot.fr\/#organization"},"potentialAction":[{"@type":"SearchAction","target":{"@type":"EntryPoint","urlTemplate":"https:\/\/www.topicfoot.fr\/?s={search_term_string}"},"query-input":{"@type":"PropertyValueSpecification","valueRequired":true,"valueName":"search_term_string"}}],"inLanguage":"fr-FR"},{"@type":"Organization","@id":"https:\/\/www.topicfoot.fr\/#organization","name":"Topic Foot","url":"https:\/\/www.topicfoot.fr\/","logo":{"@type":"ImageObject","inLanguage":"fr-FR","@id":"https:\/\/www.topicfoot.fr\/#\/schema\/logo\/image\/","url":"https:\/\/www.topicfoot.fr\/wp-content\/uploads\/2024\/04\/cropped-logo-topicfoot-new.jpg","contentUrl":"https:\/\/www.topicfoot.fr\/wp-content\/uploads\/2024\/04\/cropped-logo-topicfoot-new.jpg","width":512,"height":512,"caption":"Topic Foot"},"image":{"@id":"https:\/\/www.topicfoot.fr\/#\/schema\/logo\/image\/"},"sameAs":["https:\/\/www.facebook.com\/topicfoot.fr"]},{"@type":"Person","@id":"https:\/\/www.topicfoot.fr\/#\/schema\/person\/06fdea003d2ab3d2d718c351000b1b77","name":"R\u00e9daction Topic Magazine","image":{"@type":"ImageObject","inLanguage":"fr-FR","@id":"https:\/\/secure.gravatar.com\/avatar\/e306ae0a4845f864b649067ec47054144850b76f560d7bcd6d5e6dfe6705abdc?s=96&d=mm&r=g","url":"https:\/\/secure.gravatar.com\/avatar\/e306ae0a4845f864b649067ec47054144850b76f560d7bcd6d5e6dfe6705abdc?s=96&d=mm&r=g","contentUrl":"https:\/\/secure.gravatar.com\/avatar\/e306ae0a4845f864b649067ec47054144850b76f560d7bcd6d5e6dfe6705abdc?s=96&d=mm&r=g","caption":"R\u00e9daction Topic Magazine"},"url":"https:\/\/www.topicfoot.fr\/index.php\/author\/redactiontm\/"}]}},"_links":{"self":[{"href":"https:\/\/www.topicfoot.fr\/index.php\/wp-json\/wp\/v2\/posts\/17640","targetHints":{"allow":["GET"]}}],"collection":[{"href":"https:\/\/www.topicfoot.fr\/index.php\/wp-json\/wp\/v2\/posts"}],"about":[{"href":"https:\/\/www.topicfoot.fr\/index.php\/wp-json\/wp\/v2\/types\/post"}],"author":[{"embeddable":true,"href":"https:\/\/www.topicfoot.fr\/index.php\/wp-json\/wp\/v2\/users\/12"}],"replies":[{"embeddable":true,"href":"https:\/\/www.topicfoot.fr\/index.php\/wp-json\/wp\/v2\/comments?post=17640"}],"version-history":[{"count":0,"href":"https:\/\/www.topicfoot.fr\/index.php\/wp-json\/wp\/v2\/posts\/17640\/revisions"}],"wp:featuredmedia":[{"embeddable":true,"href":"https:\/\/www.topicfoot.fr\/index.php\/wp-json\/wp\/v2\/media\/17642"}],"wp:attachment":[{"href":"https:\/\/www.topicfoot.fr\/index.php\/wp-json\/wp\/v2\/media?parent=17640"}],"wp:term":[{"taxonomy":"category","embeddable":true,"href":"https:\/\/www.topicfoot.fr\/index.php\/wp-json\/wp\/v2\/categories?post=17640"},{"taxonomy":"post_tag","embeddable":true,"href":"https:\/\/www.topicfoot.fr\/index.php\/wp-json\/wp\/v2\/tags?post=17640"},{"taxonomy":"post_folder","embeddable":true,"href":"https:\/\/www.topicfoot.fr\/index.php\/wp-json\/wp\/v2\/post_folder?post=17640"}],"curies":[{"name":"wp","href":"https:\/\/api.w.org\/{rel}","templated":true}]}}