{"id":17652,"date":"2025-12-18T22:15:09","date_gmt":"2025-12-18T21:15:09","guid":{"rendered":"https:\/\/www.topicfoot.fr\/?p=17652"},"modified":"2025-12-18T22:15:25","modified_gmt":"2025-12-18T21:15:25","slug":"mercato-hiver-2026-dates-enjeux-et-guide-complet","status":"publish","type":"post","link":"https:\/\/www.topicfoot.fr\/index.php\/2025\/12\/18\/mercato-hiver-2026-dates-enjeux-et-guide-complet\/","title":{"rendered":"Mercato Hiver 2026 : Dates, enjeux et guide complet"},"content":{"rendered":"<span class=\"span-reading-time rt-reading-time\" style=\"display: block;\"><span class=\"rt-label rt-prefix\">Temps de lecture\u00a0:  <\/span> <span class=\"rt-time\"> 5<\/span> <span class=\"rt-label rt-postfix\">minutes.  <\/span><\/span>\n<p>Le Mercato Hiver 2026 s\u2019annonce comme un tournant strat\u00e9gique pour les clubs europ\u00e9ens. Fen\u00eatre courte, calendrier satur\u00e9, pression financi\u00e8re et \u00e9ch\u00e9ances internationales red\u00e9finissent chaque d\u00e9cision. Jamais le Mercato Hiver 2026 n\u2019aura concentr\u00e9 autant d\u2019enjeux en si peu de temps.<\/p>\n\n\n\n<p>Le march\u00e9 hivernal n\u2019est plus un simple ajustement d\u2019effectif. Il devient un exercice d\u2019\u00e9quilibriste o\u00f9 chaque signature engage l\u2019avenir sportif et \u00e9conomique. En janvier 2026, recruter vite ne suffira plus. Il faudra recruter juste, et surtout survivre aux contraintes impos\u00e9es par le contexte.<\/p>\n\n\n\n<figure class=\"wp-block-image size-large\"><img loading=\"lazy\" decoding=\"async\" width=\"1024\" height=\"683\" src=\"https:\/\/www.topicfoot.fr\/wp-content\/uploads\/2025\/12\/mercato-hiver-2026-1024x683.webp\" alt=\"Mercato Hiver 2026 : Dates, enjeux et guide complet\" class=\"wp-image-17653\" srcset=\"https:\/\/www.topicfoot.fr\/wp-content\/uploads\/2025\/12\/mercato-hiver-2026-1024x683.webp 1024w, https:\/\/www.topicfoot.fr\/wp-content\/uploads\/2025\/12\/mercato-hiver-2026-300x200.webp 300w, https:\/\/www.topicfoot.fr\/wp-content\/uploads\/2025\/12\/mercato-hiver-2026-768x512.webp 768w, https:\/\/www.topicfoot.fr\/wp-content\/uploads\/2025\/12\/mercato-hiver-2026.webp 1536w\" sizes=\"auto, (max-width: 1024px) 100vw, 1024px\" \/><\/figure>\n\n\n\n<h2 class=\"wp-block-heading\">Les dates officielles du Mercato Hiver 2026 en Europe<\/h2>\n\n\n\n<p>Le Mercato Hiver 2026 marque une rupture nette avec les pratiques pass\u00e9es. Les grandes ligues europ\u00e9ennes ont choisi l\u2019alignement des calendriers pour limiter les distorsions concurrentielles. Cette harmonisation impose une fen\u00eatre courte, intense et sans marge d\u2019erreur.<\/p>\n\n\n\n<p><strong>En Ligue 1 McDonald\u2019s, le march\u00e9 ouvrira le jeudi 1er janvier 2026. Il se refermera le lundi 2 f\u00e9vrier 2026 \u00e0 20h00 pr\u00e9cises.<\/strong> La dur\u00e9e exacte sera de 33 jours, pas un de plus. Cette contrainte oblige les clubs fran\u00e7ais \u00e0 anticiper bien avant No\u00ebl.<\/p>\n\n\n\n<p><strong>La Premier League suivra un sch\u00e9ma presque identique. L\u2019ouverture interviendra le 1er janvier 2026, avec une fermeture le 2 f\u00e9vrier \u00e0 19h00 GMT. <\/strong><\/p>\n\n\n\n<p><strong>En Espagne, LaLiga d\u00e9butera le vendredi 2 janvier 2026. La fermeture est pr\u00e9vue le 2 f\u00e9vrier \u00e0 22h59 GMT<\/strong>. <\/p>\n\n\n\n<p><strong>La Serie A italienne adopte le m\u00eame calendrier, du 2 janvier au 2 f\u00e9vrier 2026.<\/strong><\/p>\n\n\n\n<p>Certaines ligues restent plus floues. La Bundesliga n\u2019a pas encore communiqu\u00e9 ses dates officielles. La Turquie proposera une fen\u00eatre plus longue, du 5 janvier au 10 f\u00e9vrier 2026. Les Pays Bas, le Portugal et le Br\u00e9sil n\u2019ont pas encore confirm\u00e9 leurs calendriers. Mais attention, ces \u00e9carts pourraient peser sur certains dossiers transnationaux.<\/p>\n\n\n\n<h2 class=\"wp-block-heading\">Un calendrier des championnats satur\u00e9 et sans respiration<\/h2>\n\n\n\n<p>Le Mercato Hiver 2026 s\u2019inscrit dans un contexte sportif \u00e9touffant. Les clubs n\u00e9gocient alors que les matches s\u2019encha\u00eenent sans pause. Cette r\u00e9alit\u00e9 modifie profond\u00e9ment la gestion des effectifs et la prise de risque.<\/p>\n\n\n\n<p>En Ligue 1, la reprise est imm\u00e9diate apr\u00e8s les f\u00eates. La 17e journ\u00e9e se disputera le dimanche 4 janvier 2026. Les recrues hivernales disposeront de quelques jours seulement pour s\u2019int\u00e9grer. Pourtant, les attentes seront imm\u00e9diates. Les entra\u00eeneurs n\u2019auront pas le luxe de la patience.<\/p>\n\n\n\n<p>La tr\u00eave hivernale fran\u00e7aise, limit\u00e9e \u00e0 la p\u00e9riode du 16 d\u00e9cembre 2025 au 3 janvier 2026, n\u2019offre qu\u2019un repos minimal. Les organismes sont d\u00e9j\u00e0 sollicit\u00e9s. Les blessures deviennent un facteur central des d\u00e9cisions de mercato.<\/p>\n\n\n\n<p>En Premier League, la situation est encore plus exigeante. Il n\u2019existe aucune tr\u00eave hivernale prolong\u00e9e. Les journ\u00e9es 20 \u00e0 24 se succ\u00e8dent entre janvier et f\u00e9vrier 2026. Lorsque le mercato fermera, les clubs auront d\u00e9j\u00e0 disput\u00e9 pr\u00e8s de vingt matches de championnat. Chaque renfort tardif arrive dans une \u00e9quipe sous tension.<\/p>\n\n\n\n<p>La Serie A suit la m\u00eame logique. Matches en semaine, rencontres le week end, intensit\u00e9 permanente. Les recrues hivernales sont expos\u00e9es, parfois fragilis\u00e9es. En Bundesliga, la reprise interviendra le 9 janvier 2026 apr\u00e8s une courte pause. LaLiga, de son c\u00f4t\u00e9, aura d\u00e9j\u00e0 franchi le cap des dix sept journ\u00e9es avant la cl\u00f4ture du march\u00e9.<\/p>\n\n\n\n<h2 class=\"wp-block-heading\">La CAN 2025, une onde de choc imm\u00e9diate sur le Mercato Hiver 2026<\/h2>\n\n\n\n<p>La Coupe d\u2019Afrique des Nations 2025 constitue un facteur d\u00e9terminant du Mercato Hiver 2026. Elle se d\u00e9roulera du 21 d\u00e9cembre 2025 au 18 janvier 2026 au Maroc. Son impact est imm\u00e9diat, profond et parfois brutal.<\/p>\n\n\n\n<p>De nombreux clubs europ\u00e9ens perdront des joueurs cl\u00e9s en plein c\u0153ur de la saison. Initialement fix\u00e9e au 8 d\u00e9cembre, la lib\u00e9ration des internationaux africains a \u00e9t\u00e9 repouss\u00e9e au 15 d\u00e9cembre 2025. Cette d\u00e9cision r\u00e9duit la pr\u00e9paration des s\u00e9lections. Mais pour les clubs, l\u2019absence reste lourde.<\/p>\n\n\n\n<p>Cette situation pousse certains dirigeants \u00e0 recruter d\u00e8s janvier pour compenser des absences temporaires. D\u2019autres pr\u00e9f\u00e8rent patienter, au risque de perdre des points pr\u00e9cieux. Pourtant, ce calcul peut co\u00fbter cher dans une course au maintien ou \u00e0 l\u2019Europe.<\/p>\n\n\n\n<p>Le Mercato Hiver 2026 devient alors une r\u00e9ponse directe \u00e0 la CAN. Les profils recherch\u00e9s sont souvent disponibles, polyvalents, et imm\u00e9diatement op\u00e9rationnels. Les paris \u00e0 long terme sont mis de c\u00f4t\u00e9. L\u2019urgence dicte le march\u00e9.<\/p>\n\n\n\n<h2 class=\"wp-block-heading\">Le Mondial 2026, une influence silencieuse mais d\u00e9cisive<\/h2>\n\n\n\n<p>La Coupe du Monde 2026, pr\u00e9vue du 11 juin au 19 juillet en Am\u00e9rique du Nord, influence d\u00e9j\u00e0 les strat\u00e9gies hivernales. Les joueurs raisonnent \u00e0 court terme. Le temps de jeu devient une priorit\u00e9 absolue.<\/p>\n\n\n\n<p>Certains acceptent des baisses salariales pour rester titulaires. D\u2019autres privil\u00e9gient un pr\u00eat plut\u00f4t qu\u2019un transfert d\u00e9finitif. La stabilit\u00e9 prime sur l\u2019ambition financi\u00e8re. Pour les clubs, cette tendance modifie les rapports de force.<\/p>\n\n\n\n<p>Les dirigeants \u00e9vitent les profils jug\u00e9s physiquement fragiles. Ils privil\u00e9gient des joueurs capables d\u2019encha\u00eener. Les jeunes talents gagnent en attractivit\u00e9. Les joueurs en fin de cycle deviennent plus difficiles \u00e0 placer. Pourtant, ce n\u2019est pas tout. Le Mondial pousse aussi \u00e0 s\u00e9curiser des doublures exp\u00e9riment\u00e9es.<\/p>\n\n\n\n<h2 class=\"wp-block-heading\">Ligue 1, une crise financi\u00e8re qui red\u00e9finit le march\u00e9 hivernal<\/h2>\n\n\n\n<p>Le Mercato Hiver 2026 se d\u00e9roule dans un contexte \u00e9conomique alarmant pour le football fran\u00e7ais. Le d\u00e9ficit d\u2019exploitation de la saison 2024 2025 atteint 1,1 milliard d\u2019euros. Les projections pour 2025 2026 \u00e9voquent 1,3 milliard d\u2019euros.<\/p>\n\n\n\n<p>Sans l\u2019injection de 700 millions d\u2019euros par les actionnaires, plusieurs clubs auraient sombr\u00e9. Cette r\u00e9alit\u00e9 impose une discipline stricte. La DNCG durcit sa position. Elle ne pr\u00e9vient plus. Elle sanctionne.<\/p>\n\n\n\n<p>Encadrements de masse salariale, interdictions de recrutement, restrictions imm\u00e9diates. Le message est clair. D\u00e9penser sans vendre n\u2019est plus une option. Les strat\u00e9gies s\u2019adaptent.<\/p>\n\n\n\n<p>Les clubs privil\u00e9gient les pr\u00eats. Ils ciblent les joueurs libres ou en fin de contrat. Les ventes deviennent obligatoires pour financer la moindre arriv\u00e9e. Les jeunes talents issus des centres de formation sont valoris\u00e9s. Pourtant, cette prudence fragilise la comp\u00e9titivit\u00e9 europ\u00e9enne.<\/p>\n\n\n\n<h2 class=\"wp-block-heading\">Les joueurs en fin de contrat, cibles prioritaires du Mercato Hiver 2026<\/h2>\n\n\n\n<p>Le Mercato Hiver 2026 sera marqu\u00e9 par l\u2019abondance de joueurs en fin de contrat en juin. Ces profils repr\u00e9sentent une opportunit\u00e9 rare. Ils peuvent arriver \u00e0 moindre co\u00fbt. Leur marge de n\u00e9gociation est \u00e9lev\u00e9e.<\/p>\n\n\n\n<p>En Ligue 1, plusieurs noms attirent l\u2019attention. Bilal Nadir \u00e0 Marseille poursuit sa progression. Olivier Giroud arrive en fin de contrat \u00e0 Lille. Krepin Diatta \u00e0 Monaco suscite l\u2019int\u00e9r\u00eat. A\u00efssa Mandi, Thomas Meunier et Chancel Mbemba pourraient quitter Lille. Florian Sotoca, Dante et Anthony Lopes figurent aussi parmi les dossiers sensibles.<\/p>\n\n\n\n<p>\u00c0 l\u2019\u00e9chelle europ\u00e9enne, la liste est impressionnante. Ibrahima Konat\u00e9 \u00e0 Liverpool est tr\u00e8s convoit\u00e9. Bernardo Silva attire toujours les grands clubs. Rayan A\u00eft Nouri, Bryan Mbeumo, Ademola Lookman et Johan Bakayoko seront libres dans quelques mois. Mais attention, la concurrence est f\u00e9roce.<\/p>\n\n\n\n<h2 class=\"wp-block-heading\">Les grandes tendances du Mercato Hiver 2026 en Ligue 1<\/h2>\n\n\n\n<p>\u00c0 Paris, le PSG n\u2019avait pas pr\u00e9vu un hiver agit\u00e9. Pourtant, les blessures d\u2019Achraf Hakimi et d\u2019Ousmane Demb\u00e9l\u00e9 changent la donne. Luis Enrique et Luis Campos ciblent un ailier gauche, un milieu r\u00e9cup\u00e9rateur puissant et un renfort offensif de premier plan.<\/p>\n\n\n\n<p>\u00c0 Marseille, la prudence domine. Mehdi Benatia mise sur les retours de blessure. Le club reste \u00e0 l\u2019aff\u00fbt d\u2019un meneur de jeu, d\u2019un milieu d\u00e9fensif et d\u2019une doublure offensive. Reda Belahyane est une piste s\u00e9rieuse.<\/p>\n\n\n\n<p>Lens et Paris s\u2019affirment comme des acteurs tactiques du march\u00e9. Rennes et Marseille cherchent de la profondeur. Strasbourg et le Paris FC construisent sur le long terme. Pourtant, l\u2019\u00e9quilibre reste fragile.<\/p>\n\n\n\n<h2 class=\"wp-block-heading\">Un Mercato Hiver 2026 de transition et de survie<\/h2>\n\n\n\n<p>Le Mercato Hiver 2026 n\u2019est pas un march\u00e9 spectaculaire. Il est strat\u00e9gique, contraint et parfois anxiog\u00e8ne. Les clubs doivent g\u00e9rer les absences li\u00e9es \u00e0 la CAN, anticiper le Mondial, respecter la DNCG et pr\u00e9server leur avenir financier.<\/p>\n\n\n\n<p>L\u2019harmonisation des dates cr\u00e9e une concurrence plus \u00e9quitable. Aucun club ne b\u00e9n\u00e9ficie d\u2019un avantage calendaire. Chaque d\u00e9cision compte. Chaque erreur se paie comptant. Et ce n\u2019est pas tout. Ce mercato pr\u00e9pare d\u00e9j\u00e0 l\u2019\u00e9t\u00e9 2026, qui s\u2019annonce d\u00e9cisif pour l\u2019\u00e9quilibre du football europ\u00e9en.<\/p>\n\n\n\n<!-- Noptin Newsletter Plugin v4.2.2 - https:\/\/wordpress.org\/plugins\/newsletter-optin-box\/ --><div id=\"noptin-form-2__wrapper\" class=\"noptin-optin-main-wrapper noptin-form-id-9842 noptin-inpost-main-wrapper\" aria-labelledby=\"noptin-form-2__title\" ><style>\/*Custom css*\/\n\n.noptin-form-id-9842 .noptin-optin-form-wrapper .noptin-optin-form.noptin-form-single-line .noptin-form-submit{\n\tborder-radius: 30px;\n}\n\n@media only screen and (min-width: 768px) {\n\n\t.noptin-form-id-9842 .noptin-optin-form-wrapper .noptin-optin-form.noptin-form-single-line .noptin-form-submit{\n\t\tposition: absolute;\n\t\tbottom: -1px;\n\t\ttop: 0;\n\t\tright: 0px;\n\t}\n\n}\n\n.noptin-form-id-9842 .noptin-optin-form-wrapper .noptin-form-single-line .noptin-form-field{\n \tborder-radius: 30px !important;\n\tborder: none !important;\n} #noptin-form-2__wrapper {--noptin-background-color: #424242; --noptin-border-color: #424242; --noptin-button-color: #607D8B; --noptin-button-text-color: #fafafa; --noptin-title-color: #fafafa; --noptin-description-color: #fafafa; --noptin-prefix-color: #607d8b; --noptin-note-color: #fafafa;}<\/style><div style=\"max-width:620px; min-height:280px;border-color: #424242;\" class=\"noptin-optin-form-wrapper no-image\" ><!-- Form ID: 9842 --><form id=\"noptin-form-2\" class=\"noptin-optin-form noptin-form-single-line noptin-label-hide noptin-form-2\" method=\"post\" novalidate >\t\t\t\t\t<div class=\"noptin-form-header noptin-img-left\">\n\t\t\t\t\t\t\t\t\t\t\t\t<div class=\"noptin-form-header-text\">\n\n\t\t\t\t\t\t\t\t\t\t\t\t\t\t\t<div style=\"color: #607d8b;font-size: 20px; font-weight: 500; line-height: 1.3;\" class=\"noptin-form-prefix\">\n\t\t\t\t\t\t\t\t\t\t\t\t\t\t\t\t\t<\/div>\n\t\t\t\t\t\t\t\n\t\t\t\t\t\t\t\t\t\t\t\t\t\t\t<div style=\"color: #fafafa;font-size: 20px; font-weight: 700; line-height: 1.5;\" class=\"noptin-form-heading\">\n\t\t\t\t\t\t\t\t\tAbonnez-vous \u00e0 TopicFoot\t\t\t\t\t\t\t\t<\/div>\n\t\t\t\t\t\t\t\n\t\t\t\t\t\t\t\t\t\t\t\t\t\t\t<div style=\"color: #fafafa;font-size: 16px; font-weight: 500; line-height: 1.5;\" class=\"noptin-form-description\">\n\t\t\t\t\t\t\t\t\tEntrez votre Mail pour recevoir nos derniers articles.\t\t\t\t\t\t\t\t<\/div>\n\t\t\t\t\t\t\t\n\t\t\t\t\t\t<\/div>\n\t\t\t\t\t\t\n\t\t\t\t\t\t\t\t\t\t\t\t\t<div class=\"noptin-form-header-image\">\n\t\t\t\t\t\t\t\t<img decoding=\"async\" alt=\"icon\" src=\"https:\/\/www.topicfoot.fr\/wp-content\/plugins\/newsletter-optin-box\/includes\/assets\/images\/email-icon.png\" \/>\n\t\t\t\t\t\t\t<\/div>\n\t\t\t\t\t\t\n\t\t\t\t\t<\/div>\n\t\t\t\t<div class=\"noptin-form-footer\"><div class=\"noptin-form-fields\">\t\t\t<div class=\"noptin-form-field-wrapper noptin-form-field-email noptin-optin-field-wrapper noptin-optin-field-email\" id=\"noptin-form-2__field-email--wrapper\" >\n\t\t<div class=\"noptin-field-email\">\n\t\t\t<label class=\"noptin-label\" for=\"noptin-form-2__field-email\">Adresse Mail<\/label>\n\t\t\t<input name=\"noptin_fields[email]\" id=\"noptin-form-2__field-email\" type=\"email\" class=\"noptin-text noptin-form-field noptin-form-field__email noptin-form-field__has-no-placeholder\" placeholder=\"Adresse Mail\" required \/>\n\n\t\t<\/div><\/div>\t\t\t<div class=\"noptin-form-field-wrapper noptin-form-field- noptin-optin-field-wrapper noptin-optin-field-\" id=\"noptin-form-2__field---wrapper\" >\n\t\t<\/div>\t\t\t<div class=\"noptin-form-field-wrapper noptin-form-field-submit noptin-optin-field-wrapper noptin-optin-field-submit\" >\n\t\t\n\t\t\t<input type=\"submit\" id=\"noptin-form-2__submit\" class=\"noptin-form-submit btn button btn-primary button-primary wp-element-button\" name=\"noptin-submit\" value=\"Abonnez-vous\" style=\"background-color: #607D8B;color: #fafafa;\"  \/>\n\n\t\t<\/div><\/div>\t\t\t\t\t\t<div class=\"noptin-form-notice noptin-response\" role=\"alert\"><\/div>\n\t\t\t<\/div>\n\t\t\t<input type=\"hidden\" name=\"noptin_element_id\" value=\"2\" \/><input type=\"hidden\" name=\"source\" value=\"9842\" \/><input type=\"hidden\" name=\"form_action\" value=\"subscribe\" \/><input type=\"hidden\" name=\"noptin-config\" value=\"geVp3bmVsS.Bejx5F7hyheCZeasGrk6UoV7mPwUKzeAj_J_jRQjYkLtSn67MwIeo\" \/><input type=\"hidden\" name=\"noptin_form_id\" value=\"9842\" \/><\/form><\/div><!-- \/Form ID: 9842 --><\/div><!-- \/ Noptin Newsletter Plugin -->\n\n\n\n<p>Voir aussi notre article sur :\u00a0<a href=\"https:\/\/www.topicfoot.fr\/index.php\/2025\/12\/17\/les-arbitres-officiels-de-ligue-1-2025-2026-en-detail\/\">Les Arbitres Officiels de Ligue 1 2025-2026 en d\u00e9tail<\/a><\/p>\n\n\n\n<figure class=\"wp-block-embed is-type-wp-embed is-provider-topic-foot wp-block-embed-topic-foot\"><div class=\"wp-block-embed__wrapper\">\n<blockquote class=\"wp-embedded-content\" data-secret=\"aQaenitYiB\"><a href=\"https:\/\/www.topicfoot.fr\/index.php\/2025\/12\/17\/les-arbitres-officiels-de-ligue-1-2025-2026-en-detail\/\">Les Arbitres Officiels de Ligue 1 2025-2026 en d\u00e9tail<\/a><\/blockquote><iframe loading=\"lazy\" class=\"wp-embedded-content\" sandbox=\"allow-scripts\" security=\"restricted\" style=\"position: absolute; visibility: hidden;\" title=\"\u00ab\u00a0Les Arbitres Officiels de Ligue 1 2025-2026 en d\u00e9tail\u00a0\u00bb &#8212; Topic Foot\" src=\"https:\/\/www.topicfoot.fr\/index.php\/2025\/12\/17\/les-arbitres-officiels-de-ligue-1-2025-2026-en-detail\/embed\/#?secret=sA6ewoMkfv#?secret=aQaenitYiB\" data-secret=\"aQaenitYiB\" width=\"500\" height=\"282\" frameborder=\"0\" marginwidth=\"0\" marginheight=\"0\" scrolling=\"no\"><\/iframe>\n<\/div><\/figure>\n","protected":false},"excerpt":{"rendered":"<div class=\"mh-excerpt\">Mercato Hiver 2026, dates officielles, enjeux financiers, CAN, Mondial 2026 et tendances Ligue 1. Le guide complet pour tout comprendre<\/div>\n<p> <a class=\"mh-excerpt-more\" href=\"https:\/\/www.topicfoot.fr\/index.php\/2025\/12\/18\/mercato-hiver-2026-dates-enjeux-et-guide-complet\/\" title=\"Mercato Hiver 2026 : Dates, enjeux et guide complet\">[&#8230;]<\/a><\/p>\n","protected":false},"author":5,"featured_media":17653,"comment_status":"closed","ping_status":"open","sticky":false,"template":"","format":"standard","meta":{"footnotes":""},"categories":[50,31],"tags":[],"post_folder":[],"class_list":{"0":"post-17652","1":"post","2":"type-post","3":"status-publish","4":"format-standard","5":"has-post-thumbnail","7":"category-mercato","8":"category-toutes-les-categories"},"yoast_head":"<!-- This site is optimized with the Yoast SEO plugin v27.4 - https:\/\/yoast.com\/product\/yoast-seo-wordpress\/ -->\n<title>Mercato Hiver 2026 : Dates, enjeux et guide complet<\/title>\n<meta name=\"description\" content=\"Mercato Hiver 2026, dates officielles, enjeux financiers, CAN, Mondial 2026 et tendances Ligue 1. Le guide complet pour tout comprendre\" \/>\n<meta name=\"robots\" content=\"index, follow, max-snippet:-1, max-image-preview:large, max-video-preview:-1\" \/>\n<link rel=\"canonical\" href=\"https:\/\/www.topicfoot.fr\/index.php\/2025\/12\/18\/mercato-hiver-2026-dates-enjeux-et-guide-complet\/\" \/>\n<meta property=\"og:locale\" content=\"fr_FR\" \/>\n<meta property=\"og:type\" content=\"article\" \/>\n<meta property=\"og:title\" content=\"Mercato Hiver 2026 : Dates, enjeux et guide complet\" \/>\n<meta property=\"og:description\" content=\"Mercato Hiver 2026, dates officielles, enjeux financiers, CAN, Mondial 2026 et tendances Ligue 1. Le guide complet pour tout comprendre\" \/>\n<meta property=\"og:url\" content=\"https:\/\/www.topicfoot.fr\/index.php\/2025\/12\/18\/mercato-hiver-2026-dates-enjeux-et-guide-complet\/\" \/>\n<meta property=\"og:site_name\" content=\"Topic Foot\" \/>\n<meta property=\"article:publisher\" content=\"https:\/\/www.facebook.com\/topicfoot.fr\" \/>\n<meta property=\"article:published_time\" content=\"2025-12-18T21:15:09+00:00\" \/>\n<meta property=\"article:modified_time\" content=\"2025-12-18T21:15:25+00:00\" \/>\n<meta property=\"og:image\" content=\"https:\/\/www.topicfoot.fr\/wp-content\/uploads\/2025\/12\/mercato-hiver-2026.webp\" \/>\n\t<meta property=\"og:image:width\" content=\"1536\" \/>\n\t<meta property=\"og:image:height\" content=\"1024\" \/>\n\t<meta property=\"og:image:type\" content=\"image\/png\" \/>\n<meta name=\"author\" content=\"Laurent M\" \/>\n<meta name=\"twitter:card\" content=\"summary_large_image\" \/>\n<meta name=\"twitter:label1\" content=\"\u00c9crit par\" \/>\n\t<meta name=\"twitter:data1\" content=\"Laurent M\" \/>\n\t<meta name=\"twitter:label2\" content=\"Dur\u00e9e de lecture estim\u00e9e\" \/>\n\t<meta name=\"twitter:data2\" content=\"8 minutes\" \/>\n<script type=\"application\/ld+json\" class=\"yoast-schema-graph\">{\"@context\":\"https:\\\/\\\/schema.org\",\"@graph\":[{\"@type\":\"Article\",\"@id\":\"https:\\\/\\\/www.topicfoot.fr\\\/index.php\\\/2025\\\/12\\\/18\\\/mercato-hiver-2026-dates-enjeux-et-guide-complet\\\/#article\",\"isPartOf\":{\"@id\":\"https:\\\/\\\/www.topicfoot.fr\\\/index.php\\\/2025\\\/12\\\/18\\\/mercato-hiver-2026-dates-enjeux-et-guide-complet\\\/\"},\"author\":{\"name\":\"Laurent M\",\"@id\":\"https:\\\/\\\/www.topicfoot.fr\\\/#\\\/schema\\\/person\\\/c3cc72d0475041f6006c3b9ac2fdd651\"},\"headline\":\"Mercato Hiver 2026 : Dates, enjeux et guide complet\",\"datePublished\":\"2025-12-18T21:15:09+00:00\",\"dateModified\":\"2025-12-18T21:15:25+00:00\",\"mainEntityOfPage\":{\"@id\":\"https:\\\/\\\/www.topicfoot.fr\\\/index.php\\\/2025\\\/12\\\/18\\\/mercato-hiver-2026-dates-enjeux-et-guide-complet\\\/\"},\"wordCount\":1427,\"publisher\":{\"@id\":\"https:\\\/\\\/www.topicfoot.fr\\\/#organization\"},\"image\":{\"@id\":\"https:\\\/\\\/www.topicfoot.fr\\\/index.php\\\/2025\\\/12\\\/18\\\/mercato-hiver-2026-dates-enjeux-et-guide-complet\\\/#primaryimage\"},\"thumbnailUrl\":\"https:\\\/\\\/www.topicfoot.fr\\\/wp-content\\\/uploads\\\/2025\\\/12\\\/mercato-hiver-2026.webp\",\"articleSection\":[\"Mercato\",\"Toutes les cat\u00e9gories\"],\"inLanguage\":\"fr-FR\"},{\"@type\":\"WebPage\",\"@id\":\"https:\\\/\\\/www.topicfoot.fr\\\/index.php\\\/2025\\\/12\\\/18\\\/mercato-hiver-2026-dates-enjeux-et-guide-complet\\\/\",\"url\":\"https:\\\/\\\/www.topicfoot.fr\\\/index.php\\\/2025\\\/12\\\/18\\\/mercato-hiver-2026-dates-enjeux-et-guide-complet\\\/\",\"name\":\"Mercato Hiver 2026 : Dates, enjeux et guide complet\",\"isPartOf\":{\"@id\":\"https:\\\/\\\/www.topicfoot.fr\\\/#website\"},\"primaryImageOfPage\":{\"@id\":\"https:\\\/\\\/www.topicfoot.fr\\\/index.php\\\/2025\\\/12\\\/18\\\/mercato-hiver-2026-dates-enjeux-et-guide-complet\\\/#primaryimage\"},\"image\":{\"@id\":\"https:\\\/\\\/www.topicfoot.fr\\\/index.php\\\/2025\\\/12\\\/18\\\/mercato-hiver-2026-dates-enjeux-et-guide-complet\\\/#primaryimage\"},\"thumbnailUrl\":\"https:\\\/\\\/www.topicfoot.fr\\\/wp-content\\\/uploads\\\/2025\\\/12\\\/mercato-hiver-2026.webp\",\"datePublished\":\"2025-12-18T21:15:09+00:00\",\"dateModified\":\"2025-12-18T21:15:25+00:00\",\"description\":\"Mercato Hiver 2026, dates officielles, enjeux financiers, CAN, Mondial 2026 et tendances Ligue 1. Le guide complet pour tout comprendre\",\"breadcrumb\":{\"@id\":\"https:\\\/\\\/www.topicfoot.fr\\\/index.php\\\/2025\\\/12\\\/18\\\/mercato-hiver-2026-dates-enjeux-et-guide-complet\\\/#breadcrumb\"},\"inLanguage\":\"fr-FR\",\"potentialAction\":[{\"@type\":\"ReadAction\",\"target\":[\"https:\\\/\\\/www.topicfoot.fr\\\/index.php\\\/2025\\\/12\\\/18\\\/mercato-hiver-2026-dates-enjeux-et-guide-complet\\\/\"]}]},{\"@type\":\"ImageObject\",\"inLanguage\":\"fr-FR\",\"@id\":\"https:\\\/\\\/www.topicfoot.fr\\\/index.php\\\/2025\\\/12\\\/18\\\/mercato-hiver-2026-dates-enjeux-et-guide-complet\\\/#primaryimage\",\"url\":\"https:\\\/\\\/www.topicfoot.fr\\\/wp-content\\\/uploads\\\/2025\\\/12\\\/mercato-hiver-2026.webp\",\"contentUrl\":\"https:\\\/\\\/www.topicfoot.fr\\\/wp-content\\\/uploads\\\/2025\\\/12\\\/mercato-hiver-2026.webp\",\"width\":1536,\"height\":1024},{\"@type\":\"BreadcrumbList\",\"@id\":\"https:\\\/\\\/www.topicfoot.fr\\\/index.php\\\/2025\\\/12\\\/18\\\/mercato-hiver-2026-dates-enjeux-et-guide-complet\\\/#breadcrumb\",\"itemListElement\":[{\"@type\":\"ListItem\",\"position\":1,\"name\":\"Accueil\",\"item\":\"https:\\\/\\\/www.topicfoot.fr\\\/\"},{\"@type\":\"ListItem\",\"position\":2,\"name\":\"Mercato Hiver 2026 : Dates, enjeux et guide complet\"}]},{\"@type\":\"WebSite\",\"@id\":\"https:\\\/\\\/www.topicfoot.fr\\\/#website\",\"url\":\"https:\\\/\\\/www.topicfoot.fr\\\/\",\"name\":\"Topic Foot\",\"description\":\"Tous l&#039;univers du Foot !\",\"publisher\":{\"@id\":\"https:\\\/\\\/www.topicfoot.fr\\\/#organization\"},\"potentialAction\":[{\"@type\":\"SearchAction\",\"target\":{\"@type\":\"EntryPoint\",\"urlTemplate\":\"https:\\\/\\\/www.topicfoot.fr\\\/?s={search_term_string}\"},\"query-input\":{\"@type\":\"PropertyValueSpecification\",\"valueRequired\":true,\"valueName\":\"search_term_string\"}}],\"inLanguage\":\"fr-FR\"},{\"@type\":\"Organization\",\"@id\":\"https:\\\/\\\/www.topicfoot.fr\\\/#organization\",\"name\":\"Topic Foot\",\"url\":\"https:\\\/\\\/www.topicfoot.fr\\\/\",\"logo\":{\"@type\":\"ImageObject\",\"inLanguage\":\"fr-FR\",\"@id\":\"https:\\\/\\\/www.topicfoot.fr\\\/#\\\/schema\\\/logo\\\/image\\\/\",\"url\":\"https:\\\/\\\/www.topicfoot.fr\\\/wp-content\\\/uploads\\\/2024\\\/04\\\/cropped-logo-topicfoot-new.jpg\",\"contentUrl\":\"https:\\\/\\\/www.topicfoot.fr\\\/wp-content\\\/uploads\\\/2024\\\/04\\\/cropped-logo-topicfoot-new.jpg\",\"width\":512,\"height\":512,\"caption\":\"Topic Foot\"},\"image\":{\"@id\":\"https:\\\/\\\/www.topicfoot.fr\\\/#\\\/schema\\\/logo\\\/image\\\/\"},\"sameAs\":[\"https:\\\/\\\/www.facebook.com\\\/topicfoot.fr\"]},{\"@type\":\"Person\",\"@id\":\"https:\\\/\\\/www.topicfoot.fr\\\/#\\\/schema\\\/person\\\/c3cc72d0475041f6006c3b9ac2fdd651\",\"name\":\"Laurent M\",\"pronouns\":\"il\",\"image\":{\"@type\":\"ImageObject\",\"inLanguage\":\"fr-FR\",\"@id\":\"https:\\\/\\\/secure.gravatar.com\\\/avatar\\\/1556f82bcb30ea7f53ada028296fbd5dbf338b8cb58c931c36f8ff69ea259d82?s=96&d=mm&r=g\",\"url\":\"https:\\\/\\\/secure.gravatar.com\\\/avatar\\\/1556f82bcb30ea7f53ada028296fbd5dbf338b8cb58c931c36f8ff69ea259d82?s=96&d=mm&r=g\",\"contentUrl\":\"https:\\\/\\\/secure.gravatar.com\\\/avatar\\\/1556f82bcb30ea7f53ada028296fbd5dbf338b8cb58c931c36f8ff69ea259d82?s=96&d=mm&r=g\",\"caption\":\"Laurent M\"},\"description\":\"Je m\u2019appelle Laurent et je suis passionn\u00e9 de football depuis mon plus jeune \u00e2ge. Ancien joueur en cat\u00e9gories de jeunes, j\u2019ai rapidement compris qu\u2019au\u2011del\u00e0 du terrain, ce sont aussi les histoires, les tactiques et les trajectoires de carri\u00e8re qui font la richesse de ce sport. Avec le temps, j\u2019ai eu envie de passer de l\u2019autre c\u00f4t\u00e9 du jeu : celui de l\u2019analyse, de l\u2019\u00e9criture et de la transmission. Depuis septembre 2024, je suis r\u00e9dacteur chez Topicfoot, o\u00f9 je m\u2019attache \u00e0 expliquer le football sous toutes ses dimensions. J\u2019aime d\u00e9crypter les matchs, analyser les choix tactiques des entra\u00eeneurs et proposer des dossiers de fond sur l\u2019\u00e9conomie du football : transferts, salaires, strat\u00e9gies de recrutement ou \u00e9volution des championnats. Mon objectif est de rendre accessibles des sujets parfois techniques, sans jamais sacrifier la pr\u00e9cision. Dans mes articles, je m\u2019efforce de croiser statistiques, ressentis du terrain et contexte historique pour offrir au lecteur une vision compl\u00e8te et nuanc\u00e9e du jeu. Je suis de pr\u00e8s la Ligue 1, les grands championnats europ\u00e9ens et l\u2019essor de nouveaux projets footballistiques \u00e0 l\u2019international, avec une attention particuli\u00e8re pour les dynamiques de clubs sur le long terme. En dehors de la r\u00e9daction, je continue de jouer en amateur et je passe beaucoup de temps \u00e0 regarder des matchs et analyser des s\u00e9quences vid\u00e9o. Cette habitude nourrit directement mon travail d\u2019\u00e9criture : chaque rencontre est une occasion de mieux comprendre le jeu\u2026 et de mieux le raconter aux lecteurs de Topicfoot.\",\"url\":\"https:\\\/\\\/www.topicfoot.fr\\\/index.php\\\/author\\\/laurent-muscarnera\\\/\"}]}<\/script>\n<!-- \/ Yoast SEO plugin. -->","yoast_head_json":{"title":"Mercato Hiver 2026 : Dates, enjeux et guide complet","description":"Mercato Hiver 2026, dates officielles, enjeux financiers, CAN, Mondial 2026 et tendances Ligue 1. Le guide complet pour tout comprendre","robots":{"index":"index","follow":"follow","max-snippet":"max-snippet:-1","max-image-preview":"max-image-preview:large","max-video-preview":"max-video-preview:-1"},"canonical":"https:\/\/www.topicfoot.fr\/index.php\/2025\/12\/18\/mercato-hiver-2026-dates-enjeux-et-guide-complet\/","og_locale":"fr_FR","og_type":"article","og_title":"Mercato Hiver 2026 : Dates, enjeux et guide complet","og_description":"Mercato Hiver 2026, dates officielles, enjeux financiers, CAN, Mondial 2026 et tendances Ligue 1. Le guide complet pour tout comprendre","og_url":"https:\/\/www.topicfoot.fr\/index.php\/2025\/12\/18\/mercato-hiver-2026-dates-enjeux-et-guide-complet\/","og_site_name":"Topic Foot","article_publisher":"https:\/\/www.facebook.com\/topicfoot.fr","article_published_time":"2025-12-18T21:15:09+00:00","article_modified_time":"2025-12-18T21:15:25+00:00","og_image":[{"width":1536,"height":1024,"url":"https:\/\/www.topicfoot.fr\/wp-content\/uploads\/2025\/12\/mercato-hiver-2026.webp","type":"image\/png"}],"author":"Laurent M","twitter_card":"summary_large_image","twitter_misc":{"\u00c9crit par":"Laurent M","Dur\u00e9e de lecture estim\u00e9e":"8 minutes"},"schema":{"@context":"https:\/\/schema.org","@graph":[{"@type":"Article","@id":"https:\/\/www.topicfoot.fr\/index.php\/2025\/12\/18\/mercato-hiver-2026-dates-enjeux-et-guide-complet\/#article","isPartOf":{"@id":"https:\/\/www.topicfoot.fr\/index.php\/2025\/12\/18\/mercato-hiver-2026-dates-enjeux-et-guide-complet\/"},"author":{"name":"Laurent M","@id":"https:\/\/www.topicfoot.fr\/#\/schema\/person\/c3cc72d0475041f6006c3b9ac2fdd651"},"headline":"Mercato Hiver 2026 : Dates, enjeux et guide complet","datePublished":"2025-12-18T21:15:09+00:00","dateModified":"2025-12-18T21:15:25+00:00","mainEntityOfPage":{"@id":"https:\/\/www.topicfoot.fr\/index.php\/2025\/12\/18\/mercato-hiver-2026-dates-enjeux-et-guide-complet\/"},"wordCount":1427,"publisher":{"@id":"https:\/\/www.topicfoot.fr\/#organization"},"image":{"@id":"https:\/\/www.topicfoot.fr\/index.php\/2025\/12\/18\/mercato-hiver-2026-dates-enjeux-et-guide-complet\/#primaryimage"},"thumbnailUrl":"https:\/\/www.topicfoot.fr\/wp-content\/uploads\/2025\/12\/mercato-hiver-2026.webp","articleSection":["Mercato","Toutes les cat\u00e9gories"],"inLanguage":"fr-FR"},{"@type":"WebPage","@id":"https:\/\/www.topicfoot.fr\/index.php\/2025\/12\/18\/mercato-hiver-2026-dates-enjeux-et-guide-complet\/","url":"https:\/\/www.topicfoot.fr\/index.php\/2025\/12\/18\/mercato-hiver-2026-dates-enjeux-et-guide-complet\/","name":"Mercato Hiver 2026 : Dates, enjeux et guide complet","isPartOf":{"@id":"https:\/\/www.topicfoot.fr\/#website"},"primaryImageOfPage":{"@id":"https:\/\/www.topicfoot.fr\/index.php\/2025\/12\/18\/mercato-hiver-2026-dates-enjeux-et-guide-complet\/#primaryimage"},"image":{"@id":"https:\/\/www.topicfoot.fr\/index.php\/2025\/12\/18\/mercato-hiver-2026-dates-enjeux-et-guide-complet\/#primaryimage"},"thumbnailUrl":"https:\/\/www.topicfoot.fr\/wp-content\/uploads\/2025\/12\/mercato-hiver-2026.webp","datePublished":"2025-12-18T21:15:09+00:00","dateModified":"2025-12-18T21:15:25+00:00","description":"Mercato Hiver 2026, dates officielles, enjeux financiers, CAN, Mondial 2026 et tendances Ligue 1. Le guide complet pour tout comprendre","breadcrumb":{"@id":"https:\/\/www.topicfoot.fr\/index.php\/2025\/12\/18\/mercato-hiver-2026-dates-enjeux-et-guide-complet\/#breadcrumb"},"inLanguage":"fr-FR","potentialAction":[{"@type":"ReadAction","target":["https:\/\/www.topicfoot.fr\/index.php\/2025\/12\/18\/mercato-hiver-2026-dates-enjeux-et-guide-complet\/"]}]},{"@type":"ImageObject","inLanguage":"fr-FR","@id":"https:\/\/www.topicfoot.fr\/index.php\/2025\/12\/18\/mercato-hiver-2026-dates-enjeux-et-guide-complet\/#primaryimage","url":"https:\/\/www.topicfoot.fr\/wp-content\/uploads\/2025\/12\/mercato-hiver-2026.webp","contentUrl":"https:\/\/www.topicfoot.fr\/wp-content\/uploads\/2025\/12\/mercato-hiver-2026.webp","width":1536,"height":1024},{"@type":"BreadcrumbList","@id":"https:\/\/www.topicfoot.fr\/index.php\/2025\/12\/18\/mercato-hiver-2026-dates-enjeux-et-guide-complet\/#breadcrumb","itemListElement":[{"@type":"ListItem","position":1,"name":"Accueil","item":"https:\/\/www.topicfoot.fr\/"},{"@type":"ListItem","position":2,"name":"Mercato Hiver 2026 : Dates, enjeux et guide complet"}]},{"@type":"WebSite","@id":"https:\/\/www.topicfoot.fr\/#website","url":"https:\/\/www.topicfoot.fr\/","name":"Topic Foot","description":"Tous l&#039;univers du Foot !","publisher":{"@id":"https:\/\/www.topicfoot.fr\/#organization"},"potentialAction":[{"@type":"SearchAction","target":{"@type":"EntryPoint","urlTemplate":"https:\/\/www.topicfoot.fr\/?s={search_term_string}"},"query-input":{"@type":"PropertyValueSpecification","valueRequired":true,"valueName":"search_term_string"}}],"inLanguage":"fr-FR"},{"@type":"Organization","@id":"https:\/\/www.topicfoot.fr\/#organization","name":"Topic Foot","url":"https:\/\/www.topicfoot.fr\/","logo":{"@type":"ImageObject","inLanguage":"fr-FR","@id":"https:\/\/www.topicfoot.fr\/#\/schema\/logo\/image\/","url":"https:\/\/www.topicfoot.fr\/wp-content\/uploads\/2024\/04\/cropped-logo-topicfoot-new.jpg","contentUrl":"https:\/\/www.topicfoot.fr\/wp-content\/uploads\/2024\/04\/cropped-logo-topicfoot-new.jpg","width":512,"height":512,"caption":"Topic Foot"},"image":{"@id":"https:\/\/www.topicfoot.fr\/#\/schema\/logo\/image\/"},"sameAs":["https:\/\/www.facebook.com\/topicfoot.fr"]},{"@type":"Person","@id":"https:\/\/www.topicfoot.fr\/#\/schema\/person\/c3cc72d0475041f6006c3b9ac2fdd651","name":"Laurent M","pronouns":"il","image":{"@type":"ImageObject","inLanguage":"fr-FR","@id":"https:\/\/secure.gravatar.com\/avatar\/1556f82bcb30ea7f53ada028296fbd5dbf338b8cb58c931c36f8ff69ea259d82?s=96&d=mm&r=g","url":"https:\/\/secure.gravatar.com\/avatar\/1556f82bcb30ea7f53ada028296fbd5dbf338b8cb58c931c36f8ff69ea259d82?s=96&d=mm&r=g","contentUrl":"https:\/\/secure.gravatar.com\/avatar\/1556f82bcb30ea7f53ada028296fbd5dbf338b8cb58c931c36f8ff69ea259d82?s=96&d=mm&r=g","caption":"Laurent M"},"description":"Je m\u2019appelle Laurent et je suis passionn\u00e9 de football depuis mon plus jeune \u00e2ge. Ancien joueur en cat\u00e9gories de jeunes, j\u2019ai rapidement compris qu\u2019au\u2011del\u00e0 du terrain, ce sont aussi les histoires, les tactiques et les trajectoires de carri\u00e8re qui font la richesse de ce sport. Avec le temps, j\u2019ai eu envie de passer de l\u2019autre c\u00f4t\u00e9 du jeu : celui de l\u2019analyse, de l\u2019\u00e9criture et de la transmission. Depuis septembre 2024, je suis r\u00e9dacteur chez Topicfoot, o\u00f9 je m\u2019attache \u00e0 expliquer le football sous toutes ses dimensions. J\u2019aime d\u00e9crypter les matchs, analyser les choix tactiques des entra\u00eeneurs et proposer des dossiers de fond sur l\u2019\u00e9conomie du football : transferts, salaires, strat\u00e9gies de recrutement ou \u00e9volution des championnats. Mon objectif est de rendre accessibles des sujets parfois techniques, sans jamais sacrifier la pr\u00e9cision. Dans mes articles, je m\u2019efforce de croiser statistiques, ressentis du terrain et contexte historique pour offrir au lecteur une vision compl\u00e8te et nuanc\u00e9e du jeu. Je suis de pr\u00e8s la Ligue 1, les grands championnats europ\u00e9ens et l\u2019essor de nouveaux projets footballistiques \u00e0 l\u2019international, avec une attention particuli\u00e8re pour les dynamiques de clubs sur le long terme. En dehors de la r\u00e9daction, je continue de jouer en amateur et je passe beaucoup de temps \u00e0 regarder des matchs et analyser des s\u00e9quences vid\u00e9o. Cette habitude nourrit directement mon travail d\u2019\u00e9criture : chaque rencontre est une occasion de mieux comprendre le jeu\u2026 et de mieux le raconter aux lecteurs de Topicfoot.","url":"https:\/\/www.topicfoot.fr\/index.php\/author\/laurent-muscarnera\/"}]}},"_links":{"self":[{"href":"https:\/\/www.topicfoot.fr\/index.php\/wp-json\/wp\/v2\/posts\/17652","targetHints":{"allow":["GET"]}}],"collection":[{"href":"https:\/\/www.topicfoot.fr\/index.php\/wp-json\/wp\/v2\/posts"}],"about":[{"href":"https:\/\/www.topicfoot.fr\/index.php\/wp-json\/wp\/v2\/types\/post"}],"author":[{"embeddable":true,"href":"https:\/\/www.topicfoot.fr\/index.php\/wp-json\/wp\/v2\/users\/5"}],"replies":[{"embeddable":true,"href":"https:\/\/www.topicfoot.fr\/index.php\/wp-json\/wp\/v2\/comments?post=17652"}],"version-history":[{"count":0,"href":"https:\/\/www.topicfoot.fr\/index.php\/wp-json\/wp\/v2\/posts\/17652\/revisions"}],"wp:featuredmedia":[{"embeddable":true,"href":"https:\/\/www.topicfoot.fr\/index.php\/wp-json\/wp\/v2\/media\/17653"}],"wp:attachment":[{"href":"https:\/\/www.topicfoot.fr\/index.php\/wp-json\/wp\/v2\/media?parent=17652"}],"wp:term":[{"taxonomy":"category","embeddable":true,"href":"https:\/\/www.topicfoot.fr\/index.php\/wp-json\/wp\/v2\/categories?post=17652"},{"taxonomy":"post_tag","embeddable":true,"href":"https:\/\/www.topicfoot.fr\/index.php\/wp-json\/wp\/v2\/tags?post=17652"},{"taxonomy":"post_folder","embeddable":true,"href":"https:\/\/www.topicfoot.fr\/index.php\/wp-json\/wp\/v2\/post_folder?post=17652"}],"curies":[{"name":"wp","href":"https:\/\/api.w.org\/{rel}","templated":true}]}}