{"id":17912,"date":"2026-01-02T23:03:33","date_gmt":"2026-01-02T22:03:33","guid":{"rendered":"https:\/\/www.topicfoot.fr\/?p=17912"},"modified":"2026-01-02T23:29:58","modified_gmt":"2026-01-02T22:29:58","slug":"sur-quelle-chaine-as-monaco-olympique-lyonnais","status":"publish","type":"post","link":"https:\/\/www.topicfoot.fr\/index.php\/2026\/01\/02\/sur-quelle-chaine-as-monaco-olympique-lyonnais\/","title":{"rendered":"Sur quelle cha\u00eene AS Monaco Olympique Lyonnais ?"},"content":{"rendered":"<span class=\"span-reading-time rt-reading-time\" style=\"display: block;\"><span class=\"rt-label rt-prefix\">Temps de lecture\u00a0:  <\/span> <span class=\"rt-time\"> 2<\/span> <span class=\"rt-label rt-postfix\">minutes.  <\/span><\/span>\n<p>Le match opposant l&rsquo;AS Monaco \u00e0 l&rsquo;Olympique Lyonnais samedi 3 janvier 2026 s&rsquo;annonce d\u00e9cisif pour les deux formations, particuli\u00e8rement pour le club du Rocher qui traverse une p\u00e9riode creuse au classement. Lyon, actuellement 5\u00e8me avec 27 points, se d\u00e9place dans un Stade Louis-II pour renouer avec le succ\u00e8s apr\u00e8s une s\u00e9rie mitig\u00e9e, tandis que Monaco, 9\u00e8me avec seulement 23 points, cherche \u00e0 capitaliser sur son avantage du terrain pour remonter dans la hi\u00e9rarchie.<\/p>\n\n\n<div class=\"wp-block-image\">\n<figure class=\"aligncenter size-large is-resized\"><img loading=\"lazy\" decoding=\"async\" width=\"1024\" height=\"683\" src=\"https:\/\/www.topicfoot.fr\/wp-content\/uploads\/2026\/01\/journee-de-ligue1-1024x683.webp\" alt=\"Sur quelle cha\u00eene AS Monaco Olympique Lyonnais ?\" class=\"wp-image-17890\" style=\"aspect-ratio:1.4992888417882142;width:473px;height:auto\" srcset=\"https:\/\/www.topicfoot.fr\/wp-content\/uploads\/2026\/01\/journee-de-ligue1-1024x683.webp 1024w, https:\/\/www.topicfoot.fr\/wp-content\/uploads\/2026\/01\/journee-de-ligue1-300x200.webp 300w, https:\/\/www.topicfoot.fr\/wp-content\/uploads\/2026\/01\/journee-de-ligue1-768x512.webp 768w, https:\/\/www.topicfoot.fr\/wp-content\/uploads\/2026\/01\/journee-de-ligue1.webp 1536w\" sizes=\"auto, (max-width: 1024px) 100vw, 1024px\" \/><\/figure>\n<\/div>\n\n\n<figure class=\"wp-block-table\"><table class=\"has-fixed-layout\"><thead><tr><th>Information<\/th><th>D\u00e9tail<\/th><\/tr><\/thead><tbody><tr><td>Date &amp; Heure<\/td><td>03\/01\/2026 \u00e0 17h00<\/td><\/tr><tr><td>Cha\u00eene diffusion<\/td><td>beIN Sports 2 + beIN Sports Connect (streaming)<\/td><\/tr><tr><td>Stade<\/td><td>Stade Louis-II, 16 360 places, Fontvieille (Monaco)<\/td><\/tr><tr><td>Arbitre principal<\/td><td>J\u00e9r\u00f4me Brisard (France)<\/td><\/tr><tr><td>Arbitre VAR<\/td><td>Cyril Gringore et Julien Schmitt<\/td><\/tr><tr><td>Comp\u00e9tition<\/td><td>Ligue 1 McDonald&rsquo;s, 17\u00e8me journ\u00e9e<\/td><\/tr><tr><td>Cotes de la rencontre<\/td><td>AS Monaco : 2.02 | Nul : 3.85 | Olympique Lyonnais : 3.60<\/td><\/tr><\/tbody><\/table><\/figure>\n\n\n\n<figure class=\"wp-block-table\"><table class=\"has-fixed-layout\"><thead><tr><th>\u00c9quipe<\/th><th>Position<\/th><th>Points<\/th><th>Diff\u00e9rence buts<\/th><th>Dynamique 5 derniers<\/th><\/tr><\/thead><tbody><tr><td>AS Monaco<\/td><td>9\u00e8me<\/td><td>23<\/td><td>-1<\/td><td>V-P-D-P-N<\/td><\/tr><tr><td>Olympique Lyonnais<\/td><td>5\u00e8me<\/td><td>27<\/td><td>+6<\/td><td>G-G-V-D-D<\/td><\/tr><\/tbody><\/table><\/figure>\n\n\n\n<h3 class=\"wp-block-heading\">Bless\u00e9s probables<\/h3>\n\n\n\n<p><strong>AS Monaco :<\/strong><\/p>\n\n\n\n<ul class=\"wp-block-list\">\n<li><strong>Takumi Minamino<\/strong> \u2014 Rupture ligament crois\u00e9 ant\u00e9rieur (genou gauche) \u2014 Forfait pour la saison<\/li>\n\n\n\n<li><strong>Paul Pogba<\/strong> \u2014 G\u00eane au mollet gauche \u2014 Doute<\/li>\n\n\n\n<li><strong>Ansu Fati<\/strong> \u2014 Blessure aux ischio-jambiers \u2014 Retour probable<\/li>\n\n\n\n<li><strong>Denis Zakaria<\/strong> \u2014 Suspension (carton jaune cumul\u00e9) \u2014 Forfait<\/li>\n\n\n\n<li><strong>Lamine Camara<\/strong> \u2014 Service international (CAN) \u2014 Absent<\/li>\n<\/ul>\n\n\n\n<p><strong>Olympique Lyonnais :<\/strong><\/p>\n\n\n\n<ul class=\"wp-block-list\">\n<li><strong>Endrick<\/strong> \u2014 Enregistrement administratif en attente \u2014 Forfait<\/li>\n\n\n\n<li><strong>Malick Fofana<\/strong> \u2014 Blessure musculaire \u2014 Retour fin janvier<\/li>\n\n\n\n<li><strong>Ernest Nuamah<\/strong> \u2014 Blessure musculaire \u2014 Retour fin janvier\/d\u00e9but f\u00e9vrier<\/li>\n\n\n\n<li><strong>Clinton Mata<\/strong> \u2014 Retour disponible pour la s\u00e9lection<\/li>\n\n\n\n<li><strong>Orel Mangala<\/strong> \u2014 Disponible<\/li>\n<\/ul>\n\n\n\n<h3 class=\"wp-block-heading\">Un point sur les 2 \u00e9quipes<\/h3>\n\n\n\n<p><strong>AS Monaco<\/strong> \u2014 Les Mon\u00e9gasques font face \u00e0 une dynamique pr\u00e9occupante avec seulement 7 points sur 15 possibles lors de leurs cinq derniers matchs. \u00c0 domicile, l&rsquo;ASM affiche n\u00e9anmoins un bilan plus respectable (16 points en 8 journ\u00e9es), s&rsquo;appuyant sur le dynamisme offensif de Folarin Balogun et Maghnes Akliouche. Cependant, la d\u00e9fense reste fragile avec 12 buts encaiss\u00e9s en Ligue 1. Les absences majeures de Minamino (bless\u00e9 de longue dur\u00e9e) et Zakaria (suspendu) affaiblissent sensiblement le potentiel cr\u00e9atif et d\u00e9fensif du milieu mon\u00e9gasque.<\/p>\n\n\n\n<p><strong>Olympique Lyonnais<\/strong> \u2014 Lyon amorce 2026 en position de force au classement g\u00e9n\u00e9ral, mais son bilan en d\u00e9placement r\u00e9v\u00e8le des lacunes structurelles. Les Rhodaniens enregistrent seulement 9 points sur 15 possibles loin de Groupama Stadium, notamment avec une d\u00e9faite \u00e0 Nice (3-2) et un z\u00e9ro point\u00e9 sur ses trois derniers matchs \u00e0 l&rsquo;ext\u00e9rieur. Paulo Fonseca devra composer sans Fofana et Nuamah, ses ailiers cl\u00e9s, tout en attendant la r\u00e9gularisation administrative d&rsquo;Endrick. Le retour de Clinton Mata en d\u00e9fense constitue toutefois un renfort notable pour cette reprise.<\/p>\n\n\n\n<h3 class=\"wp-block-heading\">Questions fr\u00e9quentes<\/h3>\n\n\n\n<div class=\"schema-faq wp-block-yoast-faq-block\"><div class=\"schema-faq-section\" id=\"faq-question-1767391002130\"><strong class=\"schema-faq-question\"><strong>Sur quelle cha\u00eene regarder le match AS Monaco Olympique Lyonnais ?<\/strong><\/strong> <p class=\"schema-faq-answer\">beIN Sports 2 en direct TV. En streaming l\u00e9gal : beIN Sports Connect. V\u00e9rifiez votre op\u00e9rateur pour les modalit\u00e9s d&rsquo;acc\u00e8s.<\/p> <\/div> <div class=\"schema-faq-section\" id=\"faq-question-1767391018702\"><strong class=\"schema-faq-question\"><strong>\u00c0 quelle heure se joue le match AS Monaco Olympique Lyonnais ?<\/strong><\/strong> <p class=\"schema-faq-answer\">Samedi 3 janvier 2026 \u00e0 17h00 heure de Paris (CET).<\/p> <\/div> <div class=\"schema-faq-section\" id=\"faq-question-1767391035634\"><strong class=\"schema-faq-question\"><strong>O\u00f9 se joue le match AS Monaco Olympique Lyonnais ?<\/strong><\/strong> <p class=\"schema-faq-answer\">Stade Louis-II, 16 360 places, situ\u00e9 \u00e0 Fontvieille \u00e0 Monaco.<\/p> <\/div> <\/div>\n\n\n\n<!-- Noptin Newsletter Plugin v4.2.2 - https:\/\/wordpress.org\/plugins\/newsletter-optin-box\/ --><div id=\"noptin-form-2__wrapper\" class=\"noptin-optin-main-wrapper noptin-form-id-9842 noptin-inpost-main-wrapper\" aria-labelledby=\"noptin-form-2__title\" ><style>\/*Custom css*\/\n\n.noptin-form-id-9842 .noptin-optin-form-wrapper .noptin-optin-form.noptin-form-single-line .noptin-form-submit{\n\tborder-radius: 30px;\n}\n\n@media only screen and (min-width: 768px) {\n\n\t.noptin-form-id-9842 .noptin-optin-form-wrapper .noptin-optin-form.noptin-form-single-line .noptin-form-submit{\n\t\tposition: absolute;\n\t\tbottom: -1px;\n\t\ttop: 0;\n\t\tright: 0px;\n\t}\n\n}\n\n.noptin-form-id-9842 .noptin-optin-form-wrapper .noptin-form-single-line .noptin-form-field{\n \tborder-radius: 30px !important;\n\tborder: none !important;\n} #noptin-form-2__wrapper {--noptin-background-color: #424242; --noptin-border-color: #424242; --noptin-button-color: #607D8B; --noptin-button-text-color: #fafafa; --noptin-title-color: #fafafa; --noptin-description-color: #fafafa; --noptin-prefix-color: #607d8b; --noptin-note-color: #fafafa;}<\/style><div style=\"max-width:620px; min-height:280px;border-color: #424242;\" class=\"noptin-optin-form-wrapper no-image\" ><!-- Form ID: 9842 --><form id=\"noptin-form-2\" class=\"noptin-optin-form noptin-form-single-line noptin-label-hide noptin-form-2\" method=\"post\" novalidate >\t\t\t\t\t<div class=\"noptin-form-header noptin-img-left\">\n\t\t\t\t\t\t\t\t\t\t\t\t<div class=\"noptin-form-header-text\">\n\n\t\t\t\t\t\t\t\t\t\t\t\t\t\t\t<div style=\"color: #607d8b;font-size: 20px; font-weight: 500; line-height: 1.3;\" class=\"noptin-form-prefix\">\n\t\t\t\t\t\t\t\t\t\t\t\t\t\t\t\t\t<\/div>\n\t\t\t\t\t\t\t\n\t\t\t\t\t\t\t\t\t\t\t\t\t\t\t<div style=\"color: #fafafa;font-size: 20px; font-weight: 700; line-height: 1.5;\" class=\"noptin-form-heading\">\n\t\t\t\t\t\t\t\t\tAbonnez-vous \u00e0 TopicFoot\t\t\t\t\t\t\t\t<\/div>\n\t\t\t\t\t\t\t\n\t\t\t\t\t\t\t\t\t\t\t\t\t\t\t<div style=\"color: #fafafa;font-size: 16px; font-weight: 500; line-height: 1.5;\" class=\"noptin-form-description\">\n\t\t\t\t\t\t\t\t\tEntrez votre Mail pour recevoir nos derniers articles.\t\t\t\t\t\t\t\t<\/div>\n\t\t\t\t\t\t\t\n\t\t\t\t\t\t<\/div>\n\t\t\t\t\t\t\n\t\t\t\t\t\t\t\t\t\t\t\t\t<div class=\"noptin-form-header-image\">\n\t\t\t\t\t\t\t\t<img decoding=\"async\" alt=\"icon\" src=\"https:\/\/www.topicfoot.fr\/wp-content\/plugins\/newsletter-optin-box\/includes\/assets\/images\/email-icon.png\" \/>\n\t\t\t\t\t\t\t<\/div>\n\t\t\t\t\t\t\n\t\t\t\t\t<\/div>\n\t\t\t\t<div class=\"noptin-form-footer\"><div class=\"noptin-form-fields\">\t\t\t<div class=\"noptin-form-field-wrapper noptin-form-field-email noptin-optin-field-wrapper noptin-optin-field-email\" id=\"noptin-form-2__field-email--wrapper\" >\n\t\t<div class=\"noptin-field-email\">\n\t\t\t<label class=\"noptin-label\" for=\"noptin-form-2__field-email\">Adresse Mail<\/label>\n\t\t\t<input name=\"noptin_fields[email]\" id=\"noptin-form-2__field-email\" type=\"email\" class=\"noptin-text noptin-form-field noptin-form-field__email noptin-form-field__has-no-placeholder\" placeholder=\"Adresse Mail\" required \/>\n\n\t\t<\/div><\/div>\t\t\t<div class=\"noptin-form-field-wrapper noptin-form-field- noptin-optin-field-wrapper noptin-optin-field-\" id=\"noptin-form-2__field---wrapper\" >\n\t\t<\/div>\t\t\t<div class=\"noptin-form-field-wrapper noptin-form-field-submit noptin-optin-field-wrapper noptin-optin-field-submit\" >\n\t\t\n\t\t\t<input type=\"submit\" id=\"noptin-form-2__submit\" class=\"noptin-form-submit btn button btn-primary button-primary wp-element-button\" name=\"noptin-submit\" value=\"Abonnez-vous\" style=\"background-color: #607D8B;color: #fafafa;\"  \/>\n\n\t\t<\/div><\/div>\t\t\t\t\t\t<div class=\"noptin-form-notice noptin-response\" role=\"alert\"><\/div>\n\t\t\t<\/div>\n\t\t\t<input type=\"hidden\" name=\"noptin_element_id\" value=\"2\" \/><input type=\"hidden\" name=\"source\" value=\"9842\" \/><input type=\"hidden\" name=\"form_action\" value=\"subscribe\" \/><input type=\"hidden\" name=\"noptin-config\" value=\"geVp3bmVsS.Bejx5F7hyheCZeasGrk6UoV7mPwUKzeAj_J_jRQjYkLtSn67MwIeo\" \/><input type=\"hidden\" name=\"noptin_form_id\" value=\"9842\" \/><\/form><\/div><!-- \/Form ID: 9842 --><\/div><!-- \/ Noptin Newsletter Plugin -->\n\n\n\n<p>Voir aussi notre article sur :\u00a0<a href=\"https:\/\/www.topicfoot.fr\/index.php\/2026\/01\/01\/ouverture-du-mercato-hivernal-2026-infos-rumeurs-et-dossiers-chauds\/\">Ouverture du Mercato hivernal 2026 infos, rumeurs et dossiers chauds<\/a><\/p>\n\n\n\n<figure class=\"wp-block-embed is-type-wp-embed is-provider-topic-foot wp-block-embed-topic-foot\"><div class=\"wp-block-embed__wrapper\">\n<blockquote class=\"wp-embedded-content\" data-secret=\"7QR2ELIMA6\"><a href=\"https:\/\/www.topicfoot.fr\/index.php\/2026\/01\/01\/ouverture-du-mercato-hivernal-2026-infos-rumeurs-et-dossiers-chauds\/\">Ouverture du Mercato hivernal 2026 infos, rumeurs et dossiers chauds<\/a><\/blockquote><iframe loading=\"lazy\" class=\"wp-embedded-content\" sandbox=\"allow-scripts\" security=\"restricted\" style=\"position: absolute; visibility: hidden;\" title=\"\u00ab\u00a0Ouverture du Mercato hivernal 2026 infos, rumeurs et dossiers chauds\u00a0\u00bb &#8212; Topic Foot\" src=\"https:\/\/www.topicfoot.fr\/index.php\/2026\/01\/01\/ouverture-du-mercato-hivernal-2026-infos-rumeurs-et-dossiers-chauds\/embed\/#?secret=9JxuegAGz3#?secret=7QR2ELIMA6\" data-secret=\"7QR2ELIMA6\" width=\"500\" height=\"282\" frameborder=\"0\" marginwidth=\"0\" marginheight=\"0\" scrolling=\"no\"><\/iframe>\n<\/div><\/figure>\n","protected":false},"excerpt":{"rendered":"<div class=\"mh-excerpt\">Regardez AS Monaco vs Olympique Lyonnais samedi 3 janvier 2026 \u00e0 17h sur beIN Sports 2. Toutes les infos : cotes, classement, bless\u00e9s<\/div>\n<p> <a class=\"mh-excerpt-more\" href=\"https:\/\/www.topicfoot.fr\/index.php\/2026\/01\/02\/sur-quelle-chaine-as-monaco-olympique-lyonnais\/\" title=\"Sur quelle cha\u00eene AS Monaco Olympique Lyonnais ?\">[&#8230;]<\/a><\/p>\n","protected":false},"author":1,"featured_media":17890,"comment_status":"closed","ping_status":"open","sticky":false,"template":"","format":"standard","meta":{"footnotes":""},"categories":[31],"tags":[],"post_folder":[],"class_list":{"0":"post-17912","1":"post","2":"type-post","3":"status-publish","4":"format-standard","5":"has-post-thumbnail","7":"category-toutes-les-categories"},"yoast_head":"<!-- This site is optimized with the Yoast SEO plugin v27.4 - https:\/\/yoast.com\/product\/yoast-seo-wordpress\/ -->\n<title>Sur quelle cha\u00eene AS Monaco Olympique Lyonnais ?<\/title>\n<meta name=\"description\" content=\"Regardez AS Monaco vs Olympique Lyonnais samedi 3 janvier 2026 \u00e0 17h sur beIN Sports 2. Toutes les infos : cotes, classement, bless\u00e9s\" \/>\n<meta name=\"robots\" content=\"index, follow, max-snippet:-1, max-image-preview:large, max-video-preview:-1\" \/>\n<link rel=\"canonical\" href=\"https:\/\/www.topicfoot.fr\/index.php\/2026\/01\/02\/sur-quelle-chaine-as-monaco-olympique-lyonnais\/\" \/>\n<meta property=\"og:locale\" content=\"fr_FR\" \/>\n<meta property=\"og:type\" content=\"article\" \/>\n<meta property=\"og:title\" content=\"Sur quelle cha\u00eene AS Monaco Olympique Lyonnais ?\" \/>\n<meta property=\"og:description\" content=\"Regardez AS Monaco vs Olympique Lyonnais samedi 3 janvier 2026 \u00e0 17h sur beIN Sports 2. Toutes les infos : cotes, classement, bless\u00e9s\" \/>\n<meta property=\"og:url\" content=\"https:\/\/www.topicfoot.fr\/index.php\/2026\/01\/02\/sur-quelle-chaine-as-monaco-olympique-lyonnais\/\" \/>\n<meta property=\"og:site_name\" content=\"Topic Foot\" \/>\n<meta property=\"article:publisher\" content=\"https:\/\/www.facebook.com\/topicfoot.fr\" \/>\n<meta property=\"article:published_time\" content=\"2026-01-02T22:03:33+00:00\" \/>\n<meta property=\"article:modified_time\" content=\"2026-01-02T22:29:58+00:00\" \/>\n<meta property=\"og:image\" content=\"https:\/\/www.topicfoot.fr\/wp-content\/uploads\/2026\/01\/journee-de-ligue1.webp\" \/>\n\t<meta property=\"og:image:width\" content=\"1536\" \/>\n\t<meta property=\"og:image:height\" content=\"1024\" \/>\n\t<meta property=\"og:image:type\" content=\"image\/png\" \/>\n<meta name=\"author\" content=\"Florent G\" \/>\n<meta name=\"twitter:card\" content=\"summary_large_image\" \/>\n<meta name=\"twitter:label1\" content=\"\u00c9crit par\" \/>\n\t<meta name=\"twitter:data1\" content=\"Florent G\" \/>\n\t<meta name=\"twitter:label2\" content=\"Dur\u00e9e de lecture estim\u00e9e\" \/>\n\t<meta name=\"twitter:data2\" content=\"3 minutes\" \/>\n<script type=\"application\/ld+json\" class=\"yoast-schema-graph\">{\"@context\":\"https:\\\/\\\/schema.org\",\"@graph\":[{\"@type\":\"Article\",\"@id\":\"https:\\\/\\\/www.topicfoot.fr\\\/index.php\\\/2026\\\/01\\\/02\\\/sur-quelle-chaine-as-monaco-olympique-lyonnais\\\/#article\",\"isPartOf\":{\"@id\":\"https:\\\/\\\/www.topicfoot.fr\\\/index.php\\\/2026\\\/01\\\/02\\\/sur-quelle-chaine-as-monaco-olympique-lyonnais\\\/\"},\"author\":{\"name\":\"Florent G\",\"@id\":\"https:\\\/\\\/www.topicfoot.fr\\\/#\\\/schema\\\/person\\\/e11785565f6247f9acd9d5b796ec4d62\"},\"headline\":\"Sur quelle cha\u00eene AS Monaco Olympique Lyonnais ?\",\"datePublished\":\"2026-01-02T22:03:33+00:00\",\"dateModified\":\"2026-01-02T22:29:58+00:00\",\"mainEntityOfPage\":{\"@id\":\"https:\\\/\\\/www.topicfoot.fr\\\/index.php\\\/2026\\\/01\\\/02\\\/sur-quelle-chaine-as-monaco-olympique-lyonnais\\\/\"},\"wordCount\":518,\"publisher\":{\"@id\":\"https:\\\/\\\/www.topicfoot.fr\\\/#organization\"},\"image\":{\"@id\":\"https:\\\/\\\/www.topicfoot.fr\\\/index.php\\\/2026\\\/01\\\/02\\\/sur-quelle-chaine-as-monaco-olympique-lyonnais\\\/#primaryimage\"},\"thumbnailUrl\":\"https:\\\/\\\/www.topicfoot.fr\\\/wp-content\\\/uploads\\\/2026\\\/01\\\/journee-de-ligue1.webp\",\"articleSection\":[\"Toutes les cat\u00e9gories\"],\"inLanguage\":\"fr-FR\"},{\"@type\":[\"WebPage\",\"FAQPage\"],\"@id\":\"https:\\\/\\\/www.topicfoot.fr\\\/index.php\\\/2026\\\/01\\\/02\\\/sur-quelle-chaine-as-monaco-olympique-lyonnais\\\/\",\"url\":\"https:\\\/\\\/www.topicfoot.fr\\\/index.php\\\/2026\\\/01\\\/02\\\/sur-quelle-chaine-as-monaco-olympique-lyonnais\\\/\",\"name\":\"Sur quelle cha\u00eene AS Monaco Olympique Lyonnais ?\",\"isPartOf\":{\"@id\":\"https:\\\/\\\/www.topicfoot.fr\\\/#website\"},\"primaryImageOfPage\":{\"@id\":\"https:\\\/\\\/www.topicfoot.fr\\\/index.php\\\/2026\\\/01\\\/02\\\/sur-quelle-chaine-as-monaco-olympique-lyonnais\\\/#primaryimage\"},\"image\":{\"@id\":\"https:\\\/\\\/www.topicfoot.fr\\\/index.php\\\/2026\\\/01\\\/02\\\/sur-quelle-chaine-as-monaco-olympique-lyonnais\\\/#primaryimage\"},\"thumbnailUrl\":\"https:\\\/\\\/www.topicfoot.fr\\\/wp-content\\\/uploads\\\/2026\\\/01\\\/journee-de-ligue1.webp\",\"datePublished\":\"2026-01-02T22:03:33+00:00\",\"dateModified\":\"2026-01-02T22:29:58+00:00\",\"description\":\"Regardez AS Monaco vs Olympique Lyonnais samedi 3 janvier 2026 \u00e0 17h sur beIN Sports 2. Toutes les infos : cotes, classement, bless\u00e9s\",\"breadcrumb\":{\"@id\":\"https:\\\/\\\/www.topicfoot.fr\\\/index.php\\\/2026\\\/01\\\/02\\\/sur-quelle-chaine-as-monaco-olympique-lyonnais\\\/#breadcrumb\"},\"mainEntity\":[{\"@id\":\"https:\\\/\\\/www.topicfoot.fr\\\/index.php\\\/2026\\\/01\\\/02\\\/sur-quelle-chaine-as-monaco-olympique-lyonnais\\\/#faq-question-1767391002130\"},{\"@id\":\"https:\\\/\\\/www.topicfoot.fr\\\/index.php\\\/2026\\\/01\\\/02\\\/sur-quelle-chaine-as-monaco-olympique-lyonnais\\\/#faq-question-1767391018702\"},{\"@id\":\"https:\\\/\\\/www.topicfoot.fr\\\/index.php\\\/2026\\\/01\\\/02\\\/sur-quelle-chaine-as-monaco-olympique-lyonnais\\\/#faq-question-1767391035634\"}],\"inLanguage\":\"fr-FR\",\"potentialAction\":[{\"@type\":\"ReadAction\",\"target\":[\"https:\\\/\\\/www.topicfoot.fr\\\/index.php\\\/2026\\\/01\\\/02\\\/sur-quelle-chaine-as-monaco-olympique-lyonnais\\\/\"]}]},{\"@type\":\"ImageObject\",\"inLanguage\":\"fr-FR\",\"@id\":\"https:\\\/\\\/www.topicfoot.fr\\\/index.php\\\/2026\\\/01\\\/02\\\/sur-quelle-chaine-as-monaco-olympique-lyonnais\\\/#primaryimage\",\"url\":\"https:\\\/\\\/www.topicfoot.fr\\\/wp-content\\\/uploads\\\/2026\\\/01\\\/journee-de-ligue1.webp\",\"contentUrl\":\"https:\\\/\\\/www.topicfoot.fr\\\/wp-content\\\/uploads\\\/2026\\\/01\\\/journee-de-ligue1.webp\",\"width\":1536,\"height\":1024},{\"@type\":\"BreadcrumbList\",\"@id\":\"https:\\\/\\\/www.topicfoot.fr\\\/index.php\\\/2026\\\/01\\\/02\\\/sur-quelle-chaine-as-monaco-olympique-lyonnais\\\/#breadcrumb\",\"itemListElement\":[{\"@type\":\"ListItem\",\"position\":1,\"name\":\"Accueil\",\"item\":\"https:\\\/\\\/www.topicfoot.fr\\\/\"},{\"@type\":\"ListItem\",\"position\":2,\"name\":\"Sur quelle cha\u00eene AS Monaco Olympique Lyonnais ?\"}]},{\"@type\":\"WebSite\",\"@id\":\"https:\\\/\\\/www.topicfoot.fr\\\/#website\",\"url\":\"https:\\\/\\\/www.topicfoot.fr\\\/\",\"name\":\"Topic Foot\",\"description\":\"Tous l&#039;univers du Foot !\",\"publisher\":{\"@id\":\"https:\\\/\\\/www.topicfoot.fr\\\/#organization\"},\"potentialAction\":[{\"@type\":\"SearchAction\",\"target\":{\"@type\":\"EntryPoint\",\"urlTemplate\":\"https:\\\/\\\/www.topicfoot.fr\\\/?s={search_term_string}\"},\"query-input\":{\"@type\":\"PropertyValueSpecification\",\"valueRequired\":true,\"valueName\":\"search_term_string\"}}],\"inLanguage\":\"fr-FR\"},{\"@type\":\"Organization\",\"@id\":\"https:\\\/\\\/www.topicfoot.fr\\\/#organization\",\"name\":\"Topic Foot\",\"url\":\"https:\\\/\\\/www.topicfoot.fr\\\/\",\"logo\":{\"@type\":\"ImageObject\",\"inLanguage\":\"fr-FR\",\"@id\":\"https:\\\/\\\/www.topicfoot.fr\\\/#\\\/schema\\\/logo\\\/image\\\/\",\"url\":\"https:\\\/\\\/www.topicfoot.fr\\\/wp-content\\\/uploads\\\/2024\\\/04\\\/cropped-logo-topicfoot-new.jpg\",\"contentUrl\":\"https:\\\/\\\/www.topicfoot.fr\\\/wp-content\\\/uploads\\\/2024\\\/04\\\/cropped-logo-topicfoot-new.jpg\",\"width\":512,\"height\":512,\"caption\":\"Topic Foot\"},\"image\":{\"@id\":\"https:\\\/\\\/www.topicfoot.fr\\\/#\\\/schema\\\/logo\\\/image\\\/\"},\"sameAs\":[\"https:\\\/\\\/www.facebook.com\\\/topicfoot.fr\"]},{\"@type\":\"Person\",\"@id\":\"https:\\\/\\\/www.topicfoot.fr\\\/#\\\/schema\\\/person\\\/e11785565f6247f9acd9d5b796ec4d62\",\"name\":\"Florent G\",\"image\":{\"@type\":\"ImageObject\",\"inLanguage\":\"fr-FR\",\"@id\":\"https:\\\/\\\/secure.gravatar.com\\\/avatar\\\/1bb7e359942e0285fca3d40822ea6bdc74a98b7975407bfdf34b5a511f2155da?s=96&d=mm&r=g\",\"url\":\"https:\\\/\\\/secure.gravatar.com\\\/avatar\\\/1bb7e359942e0285fca3d40822ea6bdc74a98b7975407bfdf34b5a511f2155da?s=96&d=mm&r=g\",\"contentUrl\":\"https:\\\/\\\/secure.gravatar.com\\\/avatar\\\/1bb7e359942e0285fca3d40822ea6bdc74a98b7975407bfdf34b5a511f2155da?s=96&d=mm&r=g\",\"caption\":\"Florent G\"},\"description\":\"Je m'appelle Florent et je suis le cr\u00e9ateur de Topicfoot, un projet n\u00e9 de ma conviction que le football m\u00e9rite une couverture m\u00e9diatique de qualit\u00e9, ancr\u00e9e dans les faits et enrichie par l'analyse. Passionn\u00e9 de journalisme, j'ai toujours \u00e9t\u00e9 fascin\u00e9 par le sport comme r\u00e9v\u00e9lateur de soci\u00e9t\u00e9s. Mais c'est surtout l'explosion des donn\u00e9es et des nouvelles technologies dans le football qui m'a pouss\u00e9 \u00e0 lancer Topicfoot : statistiques avanc\u00e9es, mod\u00e8les pr\u00e9dictifs, analyse vid\u00e9o intelligente, impact des r\u00e9seaux sociaux sur les carri\u00e8res des joueurs. J'adore creuser ces th\u00e9matiques o\u00f9 les chiffres racontent une histoire que les yeux seuls ne voient pas. Au-del\u00e0 de la r\u00e9daction, je suis responsable de la ligne \u00e9ditoriale de Topicfoot et de sa strat\u00e9gie num\u00e9rique. Je crois que le journalisme sportif doit allier rigueur journalistique et innovation technologique pour offrir aux lecteurs une exp\u00e9rience moderne et approfondie. Nous couvrons les grands \u00e9v\u00e9nements du football europ\u00e9en et nous explorons comment les clubs utilisent les donn\u00e9es pour transformer leur organisation. Pour moi, Topicfoot, c'est la promesse d'un football mieux compris.\",\"sameAs\":[\"https:\\\/\\\/www.topicfoot.fr\"],\"url\":\"https:\\\/\\\/www.topicfoot.fr\\\/index.php\\\/author\\\/vitrindunet\\\/\"},{\"@type\":\"Question\",\"@id\":\"https:\\\/\\\/www.topicfoot.fr\\\/index.php\\\/2026\\\/01\\\/02\\\/sur-quelle-chaine-as-monaco-olympique-lyonnais\\\/#faq-question-1767391002130\",\"position\":1,\"url\":\"https:\\\/\\\/www.topicfoot.fr\\\/index.php\\\/2026\\\/01\\\/02\\\/sur-quelle-chaine-as-monaco-olympique-lyonnais\\\/#faq-question-1767391002130\",\"name\":\"Sur quelle cha\u00eene regarder le match AS Monaco Olympique Lyonnais ?\",\"answerCount\":1,\"acceptedAnswer\":{\"@type\":\"Answer\",\"text\":\"beIN Sports 2 en direct TV. En streaming l\u00e9gal : beIN Sports Connect. V\u00e9rifiez votre op\u00e9rateur pour les modalit\u00e9s d'acc\u00e8s.\",\"inLanguage\":\"fr-FR\"},\"inLanguage\":\"fr-FR\"},{\"@type\":\"Question\",\"@id\":\"https:\\\/\\\/www.topicfoot.fr\\\/index.php\\\/2026\\\/01\\\/02\\\/sur-quelle-chaine-as-monaco-olympique-lyonnais\\\/#faq-question-1767391018702\",\"position\":2,\"url\":\"https:\\\/\\\/www.topicfoot.fr\\\/index.php\\\/2026\\\/01\\\/02\\\/sur-quelle-chaine-as-monaco-olympique-lyonnais\\\/#faq-question-1767391018702\",\"name\":\"\u00c0 quelle heure se joue le match AS Monaco Olympique Lyonnais ?\",\"answerCount\":1,\"acceptedAnswer\":{\"@type\":\"Answer\",\"text\":\"Samedi 3 janvier 2026 \u00e0 17h00 heure de Paris (CET).\",\"inLanguage\":\"fr-FR\"},\"inLanguage\":\"fr-FR\"},{\"@type\":\"Question\",\"@id\":\"https:\\\/\\\/www.topicfoot.fr\\\/index.php\\\/2026\\\/01\\\/02\\\/sur-quelle-chaine-as-monaco-olympique-lyonnais\\\/#faq-question-1767391035634\",\"position\":3,\"url\":\"https:\\\/\\\/www.topicfoot.fr\\\/index.php\\\/2026\\\/01\\\/02\\\/sur-quelle-chaine-as-monaco-olympique-lyonnais\\\/#faq-question-1767391035634\",\"name\":\"O\u00f9 se joue le match AS Monaco Olympique Lyonnais ?\",\"answerCount\":1,\"acceptedAnswer\":{\"@type\":\"Answer\",\"text\":\"Stade Louis-II, 16 360 places, situ\u00e9 \u00e0 Fontvieille \u00e0 Monaco.\",\"inLanguage\":\"fr-FR\"},\"inLanguage\":\"fr-FR\"}]}<\/script>\n<!-- \/ Yoast SEO plugin. -->","yoast_head_json":{"title":"Sur quelle cha\u00eene AS Monaco Olympique Lyonnais ?","description":"Regardez AS Monaco vs Olympique Lyonnais samedi 3 janvier 2026 \u00e0 17h sur beIN Sports 2. Toutes les infos : cotes, classement, bless\u00e9s","robots":{"index":"index","follow":"follow","max-snippet":"max-snippet:-1","max-image-preview":"max-image-preview:large","max-video-preview":"max-video-preview:-1"},"canonical":"https:\/\/www.topicfoot.fr\/index.php\/2026\/01\/02\/sur-quelle-chaine-as-monaco-olympique-lyonnais\/","og_locale":"fr_FR","og_type":"article","og_title":"Sur quelle cha\u00eene AS Monaco Olympique Lyonnais ?","og_description":"Regardez AS Monaco vs Olympique Lyonnais samedi 3 janvier 2026 \u00e0 17h sur beIN Sports 2. Toutes les infos : cotes, classement, bless\u00e9s","og_url":"https:\/\/www.topicfoot.fr\/index.php\/2026\/01\/02\/sur-quelle-chaine-as-monaco-olympique-lyonnais\/","og_site_name":"Topic Foot","article_publisher":"https:\/\/www.facebook.com\/topicfoot.fr","article_published_time":"2026-01-02T22:03:33+00:00","article_modified_time":"2026-01-02T22:29:58+00:00","og_image":[{"width":1536,"height":1024,"url":"https:\/\/www.topicfoot.fr\/wp-content\/uploads\/2026\/01\/journee-de-ligue1.webp","type":"image\/png"}],"author":"Florent G","twitter_card":"summary_large_image","twitter_misc":{"\u00c9crit par":"Florent G","Dur\u00e9e de lecture estim\u00e9e":"3 minutes"},"schema":{"@context":"https:\/\/schema.org","@graph":[{"@type":"Article","@id":"https:\/\/www.topicfoot.fr\/index.php\/2026\/01\/02\/sur-quelle-chaine-as-monaco-olympique-lyonnais\/#article","isPartOf":{"@id":"https:\/\/www.topicfoot.fr\/index.php\/2026\/01\/02\/sur-quelle-chaine-as-monaco-olympique-lyonnais\/"},"author":{"name":"Florent G","@id":"https:\/\/www.topicfoot.fr\/#\/schema\/person\/e11785565f6247f9acd9d5b796ec4d62"},"headline":"Sur quelle cha\u00eene AS Monaco Olympique Lyonnais ?","datePublished":"2026-01-02T22:03:33+00:00","dateModified":"2026-01-02T22:29:58+00:00","mainEntityOfPage":{"@id":"https:\/\/www.topicfoot.fr\/index.php\/2026\/01\/02\/sur-quelle-chaine-as-monaco-olympique-lyonnais\/"},"wordCount":518,"publisher":{"@id":"https:\/\/www.topicfoot.fr\/#organization"},"image":{"@id":"https:\/\/www.topicfoot.fr\/index.php\/2026\/01\/02\/sur-quelle-chaine-as-monaco-olympique-lyonnais\/#primaryimage"},"thumbnailUrl":"https:\/\/www.topicfoot.fr\/wp-content\/uploads\/2026\/01\/journee-de-ligue1.webp","articleSection":["Toutes les cat\u00e9gories"],"inLanguage":"fr-FR"},{"@type":["WebPage","FAQPage"],"@id":"https:\/\/www.topicfoot.fr\/index.php\/2026\/01\/02\/sur-quelle-chaine-as-monaco-olympique-lyonnais\/","url":"https:\/\/www.topicfoot.fr\/index.php\/2026\/01\/02\/sur-quelle-chaine-as-monaco-olympique-lyonnais\/","name":"Sur quelle cha\u00eene AS Monaco Olympique Lyonnais ?","isPartOf":{"@id":"https:\/\/www.topicfoot.fr\/#website"},"primaryImageOfPage":{"@id":"https:\/\/www.topicfoot.fr\/index.php\/2026\/01\/02\/sur-quelle-chaine-as-monaco-olympique-lyonnais\/#primaryimage"},"image":{"@id":"https:\/\/www.topicfoot.fr\/index.php\/2026\/01\/02\/sur-quelle-chaine-as-monaco-olympique-lyonnais\/#primaryimage"},"thumbnailUrl":"https:\/\/www.topicfoot.fr\/wp-content\/uploads\/2026\/01\/journee-de-ligue1.webp","datePublished":"2026-01-02T22:03:33+00:00","dateModified":"2026-01-02T22:29:58+00:00","description":"Regardez AS Monaco vs Olympique Lyonnais samedi 3 janvier 2026 \u00e0 17h sur beIN Sports 2. Toutes les infos : cotes, classement, bless\u00e9s","breadcrumb":{"@id":"https:\/\/www.topicfoot.fr\/index.php\/2026\/01\/02\/sur-quelle-chaine-as-monaco-olympique-lyonnais\/#breadcrumb"},"mainEntity":[{"@id":"https:\/\/www.topicfoot.fr\/index.php\/2026\/01\/02\/sur-quelle-chaine-as-monaco-olympique-lyonnais\/#faq-question-1767391002130"},{"@id":"https:\/\/www.topicfoot.fr\/index.php\/2026\/01\/02\/sur-quelle-chaine-as-monaco-olympique-lyonnais\/#faq-question-1767391018702"},{"@id":"https:\/\/www.topicfoot.fr\/index.php\/2026\/01\/02\/sur-quelle-chaine-as-monaco-olympique-lyonnais\/#faq-question-1767391035634"}],"inLanguage":"fr-FR","potentialAction":[{"@type":"ReadAction","target":["https:\/\/www.topicfoot.fr\/index.php\/2026\/01\/02\/sur-quelle-chaine-as-monaco-olympique-lyonnais\/"]}]},{"@type":"ImageObject","inLanguage":"fr-FR","@id":"https:\/\/www.topicfoot.fr\/index.php\/2026\/01\/02\/sur-quelle-chaine-as-monaco-olympique-lyonnais\/#primaryimage","url":"https:\/\/www.topicfoot.fr\/wp-content\/uploads\/2026\/01\/journee-de-ligue1.webp","contentUrl":"https:\/\/www.topicfoot.fr\/wp-content\/uploads\/2026\/01\/journee-de-ligue1.webp","width":1536,"height":1024},{"@type":"BreadcrumbList","@id":"https:\/\/www.topicfoot.fr\/index.php\/2026\/01\/02\/sur-quelle-chaine-as-monaco-olympique-lyonnais\/#breadcrumb","itemListElement":[{"@type":"ListItem","position":1,"name":"Accueil","item":"https:\/\/www.topicfoot.fr\/"},{"@type":"ListItem","position":2,"name":"Sur quelle cha\u00eene AS Monaco Olympique Lyonnais ?"}]},{"@type":"WebSite","@id":"https:\/\/www.topicfoot.fr\/#website","url":"https:\/\/www.topicfoot.fr\/","name":"Topic Foot","description":"Tous l&#039;univers du Foot !","publisher":{"@id":"https:\/\/www.topicfoot.fr\/#organization"},"potentialAction":[{"@type":"SearchAction","target":{"@type":"EntryPoint","urlTemplate":"https:\/\/www.topicfoot.fr\/?s={search_term_string}"},"query-input":{"@type":"PropertyValueSpecification","valueRequired":true,"valueName":"search_term_string"}}],"inLanguage":"fr-FR"},{"@type":"Organization","@id":"https:\/\/www.topicfoot.fr\/#organization","name":"Topic Foot","url":"https:\/\/www.topicfoot.fr\/","logo":{"@type":"ImageObject","inLanguage":"fr-FR","@id":"https:\/\/www.topicfoot.fr\/#\/schema\/logo\/image\/","url":"https:\/\/www.topicfoot.fr\/wp-content\/uploads\/2024\/04\/cropped-logo-topicfoot-new.jpg","contentUrl":"https:\/\/www.topicfoot.fr\/wp-content\/uploads\/2024\/04\/cropped-logo-topicfoot-new.jpg","width":512,"height":512,"caption":"Topic Foot"},"image":{"@id":"https:\/\/www.topicfoot.fr\/#\/schema\/logo\/image\/"},"sameAs":["https:\/\/www.facebook.com\/topicfoot.fr"]},{"@type":"Person","@id":"https:\/\/www.topicfoot.fr\/#\/schema\/person\/e11785565f6247f9acd9d5b796ec4d62","name":"Florent G","image":{"@type":"ImageObject","inLanguage":"fr-FR","@id":"https:\/\/secure.gravatar.com\/avatar\/1bb7e359942e0285fca3d40822ea6bdc74a98b7975407bfdf34b5a511f2155da?s=96&d=mm&r=g","url":"https:\/\/secure.gravatar.com\/avatar\/1bb7e359942e0285fca3d40822ea6bdc74a98b7975407bfdf34b5a511f2155da?s=96&d=mm&r=g","contentUrl":"https:\/\/secure.gravatar.com\/avatar\/1bb7e359942e0285fca3d40822ea6bdc74a98b7975407bfdf34b5a511f2155da?s=96&d=mm&r=g","caption":"Florent G"},"description":"Je m'appelle Florent et je suis le cr\u00e9ateur de Topicfoot, un projet n\u00e9 de ma conviction que le football m\u00e9rite une couverture m\u00e9diatique de qualit\u00e9, ancr\u00e9e dans les faits et enrichie par l'analyse. Passionn\u00e9 de journalisme, j'ai toujours \u00e9t\u00e9 fascin\u00e9 par le sport comme r\u00e9v\u00e9lateur de soci\u00e9t\u00e9s. Mais c'est surtout l'explosion des donn\u00e9es et des nouvelles technologies dans le football qui m'a pouss\u00e9 \u00e0 lancer Topicfoot : statistiques avanc\u00e9es, mod\u00e8les pr\u00e9dictifs, analyse vid\u00e9o intelligente, impact des r\u00e9seaux sociaux sur les carri\u00e8res des joueurs. J'adore creuser ces th\u00e9matiques o\u00f9 les chiffres racontent une histoire que les yeux seuls ne voient pas. Au-del\u00e0 de la r\u00e9daction, je suis responsable de la ligne \u00e9ditoriale de Topicfoot et de sa strat\u00e9gie num\u00e9rique. Je crois que le journalisme sportif doit allier rigueur journalistique et innovation technologique pour offrir aux lecteurs une exp\u00e9rience moderne et approfondie. Nous couvrons les grands \u00e9v\u00e9nements du football europ\u00e9en et nous explorons comment les clubs utilisent les donn\u00e9es pour transformer leur organisation. Pour moi, Topicfoot, c'est la promesse d'un football mieux compris.","sameAs":["https:\/\/www.topicfoot.fr"],"url":"https:\/\/www.topicfoot.fr\/index.php\/author\/vitrindunet\/"},{"@type":"Question","@id":"https:\/\/www.topicfoot.fr\/index.php\/2026\/01\/02\/sur-quelle-chaine-as-monaco-olympique-lyonnais\/#faq-question-1767391002130","position":1,"url":"https:\/\/www.topicfoot.fr\/index.php\/2026\/01\/02\/sur-quelle-chaine-as-monaco-olympique-lyonnais\/#faq-question-1767391002130","name":"Sur quelle cha\u00eene regarder le match AS Monaco Olympique Lyonnais ?","answerCount":1,"acceptedAnswer":{"@type":"Answer","text":"beIN Sports 2 en direct TV. En streaming l\u00e9gal : beIN Sports Connect. V\u00e9rifiez votre op\u00e9rateur pour les modalit\u00e9s d'acc\u00e8s.","inLanguage":"fr-FR"},"inLanguage":"fr-FR"},{"@type":"Question","@id":"https:\/\/www.topicfoot.fr\/index.php\/2026\/01\/02\/sur-quelle-chaine-as-monaco-olympique-lyonnais\/#faq-question-1767391018702","position":2,"url":"https:\/\/www.topicfoot.fr\/index.php\/2026\/01\/02\/sur-quelle-chaine-as-monaco-olympique-lyonnais\/#faq-question-1767391018702","name":"\u00c0 quelle heure se joue le match AS Monaco Olympique Lyonnais ?","answerCount":1,"acceptedAnswer":{"@type":"Answer","text":"Samedi 3 janvier 2026 \u00e0 17h00 heure de Paris (CET).","inLanguage":"fr-FR"},"inLanguage":"fr-FR"},{"@type":"Question","@id":"https:\/\/www.topicfoot.fr\/index.php\/2026\/01\/02\/sur-quelle-chaine-as-monaco-olympique-lyonnais\/#faq-question-1767391035634","position":3,"url":"https:\/\/www.topicfoot.fr\/index.php\/2026\/01\/02\/sur-quelle-chaine-as-monaco-olympique-lyonnais\/#faq-question-1767391035634","name":"O\u00f9 se joue le match AS Monaco Olympique Lyonnais ?","answerCount":1,"acceptedAnswer":{"@type":"Answer","text":"Stade Louis-II, 16 360 places, situ\u00e9 \u00e0 Fontvieille \u00e0 Monaco.","inLanguage":"fr-FR"},"inLanguage":"fr-FR"}]}},"_links":{"self":[{"href":"https:\/\/www.topicfoot.fr\/index.php\/wp-json\/wp\/v2\/posts\/17912","targetHints":{"allow":["GET"]}}],"collection":[{"href":"https:\/\/www.topicfoot.fr\/index.php\/wp-json\/wp\/v2\/posts"}],"about":[{"href":"https:\/\/www.topicfoot.fr\/index.php\/wp-json\/wp\/v2\/types\/post"}],"author":[{"embeddable":true,"href":"https:\/\/www.topicfoot.fr\/index.php\/wp-json\/wp\/v2\/users\/1"}],"replies":[{"embeddable":true,"href":"https:\/\/www.topicfoot.fr\/index.php\/wp-json\/wp\/v2\/comments?post=17912"}],"version-history":[{"count":0,"href":"https:\/\/www.topicfoot.fr\/index.php\/wp-json\/wp\/v2\/posts\/17912\/revisions"}],"wp:featuredmedia":[{"embeddable":true,"href":"https:\/\/www.topicfoot.fr\/index.php\/wp-json\/wp\/v2\/media\/17890"}],"wp:attachment":[{"href":"https:\/\/www.topicfoot.fr\/index.php\/wp-json\/wp\/v2\/media?parent=17912"}],"wp:term":[{"taxonomy":"category","embeddable":true,"href":"https:\/\/www.topicfoot.fr\/index.php\/wp-json\/wp\/v2\/categories?post=17912"},{"taxonomy":"post_tag","embeddable":true,"href":"https:\/\/www.topicfoot.fr\/index.php\/wp-json\/wp\/v2\/tags?post=17912"},{"taxonomy":"post_folder","embeddable":true,"href":"https:\/\/www.topicfoot.fr\/index.php\/wp-json\/wp\/v2\/post_folder?post=17912"}],"curies":[{"name":"wp","href":"https:\/\/api.w.org\/{rel}","templated":true}]}}