{"id":9650,"date":"2024-08-14T00:22:08","date_gmt":"2024-08-13T22:22:08","guid":{"rendered":"https:\/\/www.topicfoot.fr\/?p=9650"},"modified":"2025-02-18T21:44:31","modified_gmt":"2025-02-18T20:44:31","slug":"kylian-mbappe-au-real-madrid-le-debut-dune-nouvelle-dynastie","status":"publish","type":"post","link":"https:\/\/www.topicfoot.fr\/index.php\/2024\/08\/14\/kylian-mbappe-au-real-madrid-le-debut-dune-nouvelle-dynastie\/","title":{"rendered":"Kylian Mbapp\u00e9 au Real Madrid : Le D\u00e9but d&rsquo;une Nouvelle Dynastie"},"content":{"rendered":"<span class=\"span-reading-time rt-reading-time\" style=\"display: block;\"><span class=\"rt-label rt-prefix\">Temps de lecture\u00a0:  <\/span> <span class=\"rt-time\"> 3<\/span> <span class=\"rt-label rt-postfix\">minutes.  <\/span><\/span>\n<p>Kylian Mbapp\u00e9, l&rsquo;un des meilleurs joueurs du monde, a enfin franchi le pas tant attendu : rejoindre le Real Madrid. Son int\u00e9gration au sein de la Maison Blanche suscite d\u00e9j\u00e0 un immense enthousiasme, tant parmi les supporters que dans le monde du football. Le jeune prodige fran\u00e7ais s&rsquo;appr\u00eate \u00e0 faire ses d\u00e9buts en finale de la Supercoupe d&rsquo;Europe contre l&rsquo;Atalanta Bergame. Cette rencontre sera bien plus qu&rsquo;un simple match ; elle marquera le d\u00e9but d&rsquo;une nouvelle \u00e8re pour le Real Madrid et son nouveau joyau. Mais derri\u00e8re l&rsquo;excitation se cachent \u00e9galement des interrogations sur la mani\u00e8re dont Mbapp\u00e9 s&rsquo;adaptera \u00e0 un collectif d\u00e9j\u00e0 bien rod\u00e9.<\/p>\n\n\n<div class=\"wp-block-image\">\n<figure class=\"aligncenter size-large is-resized\"><img loading=\"lazy\" decoding=\"async\" width=\"1024\" height=\"697\" src=\"https:\/\/www.topicfoot.fr\/wp-content\/uploads\/2024\/08\/kylian-mbappe-real-madrid-tf03-1024x697.webp\" alt=\"Kylian Mbapp\u00e9 au Real Madrid : Le D\u00e9but d'une Nouvelle Dynastie\" class=\"wp-image-9654\" style=\"width:561px;height:auto\" srcset=\"https:\/\/www.topicfoot.fr\/wp-content\/uploads\/2024\/08\/kylian-mbappe-real-madrid-tf03-1024x697.webp 1024w, https:\/\/www.topicfoot.fr\/wp-content\/uploads\/2024\/08\/kylian-mbappe-real-madrid-tf03-300x204.webp 300w, https:\/\/www.topicfoot.fr\/wp-content\/uploads\/2024\/08\/kylian-mbappe-real-madrid-tf03-768x523.webp 768w, https:\/\/www.topicfoot.fr\/wp-content\/uploads\/2024\/08\/kylian-mbappe-real-madrid-tf03-1536x1045.webp 1536w, https:\/\/www.topicfoot.fr\/wp-content\/uploads\/2024\/08\/kylian-mbappe-real-madrid-tf03-jpeg.webp 1628w\" sizes=\"auto, (max-width: 1024px) 100vw, 1024px\" \/><figcaption class=\"wp-element-caption\">Screenshot<\/figcaption><\/figure>\n<\/div>\n\n\n<h2 class=\"wp-block-heading\">Le D\u00e9but d&rsquo;une Nouvelle Histoire<\/h2>\n\n\n\n<p>\u00c0 25 ans, Kylian Mbapp\u00e9 entame un nouveau chapitre de sa carri\u00e8re en rejoignant le Real Madrid. Apr\u00e8s une pr\u00e9sentation en grande pompe au Santiago-Bernab\u00e9u, o\u00f9 il a \u00e9t\u00e9 acclam\u00e9 par 80 000 supporters, le sourire radieux du Fran\u00e7ais en disait long sur son \u00e9tat d&rsquo;esprit. Les mois difficiles v\u00e9cus au Paris Saint-Germain semblent d\u00e9sormais derri\u00e8re lui. Mbapp\u00e9 est pr\u00eat \u00e0 \u00e9crire l&rsquo;histoire avec le club madril\u00e8ne.<\/p>\n\n\n\n<p>D\u00e8s son arriv\u00e9e, Mbapp\u00e9 a su se faire appr\u00e9cier par ses co\u00e9quipiers et le staff technique gr\u00e2ce \u00e0 son humilit\u00e9, sa joie de vivre, et son attitude positive. Une photo le montrant aux c\u00f4t\u00e9s de Vinicius Junior et Jude Bellingham, tous souriants sur la pelouse, a rapidement fait le tour des r\u00e9seaux sociaux, cumulant plus d&rsquo;un million de vues en quelques heures. Ce clich\u00e9 illustre parfaitement l&rsquo;ambiance qui r\u00e8gne autour de Mbapp\u00e9 depuis son arriv\u00e9e. Un m\u00e9lange de passion et de professionnalisme, renforc\u00e9 par une grande d\u00e9termination \u00e0 r\u00e9ussir dans ce nouveau d\u00e9fi.<\/p>\n\n\n\n<h2 class=\"wp-block-heading\">Kylian Mbapp\u00e9 au Real Madrid : Un D\u00e9fi pour Carlo Ancelotti<\/h2>\n\n\n\n<p>L&rsquo;arriv\u00e9e de Mbapp\u00e9 au Real Madrid repr\u00e9sente un enjeu majeur pour Carlo Ancelotti, l&rsquo;entra\u00eeneur embl\u00e9matique des Merengues. Son int\u00e9gration au sein d&rsquo;une \u00e9quipe d\u00e9j\u00e0 performante reste un d\u00e9fi de taille. Dans une interview accord\u00e9e \u00e0 l&rsquo;UEFA, Ancelotti a exprim\u00e9 sa satisfaction de voir Mbapp\u00e9 rejoindre le Real Madrid. Il a soulign\u00e9 l&rsquo;importance de son adaptation rapide. \u00ab\u00a0Tout d\u2019abord, il va apporter sa qualit\u00e9, ainsi que sa s\u00e9r\u00e9nit\u00e9, son attitude et son d\u00e9vouement. Il va devoir s\u2019adapter \u00e0 cette \u00e9quipe, comme tout le monde\u00a0\u00bb, a d\u00e9clar\u00e9 l&rsquo;entra\u00eeneur italien.<\/p>\n\n\n\n<p>Ancelotti est conscient que l&rsquo;int\u00e9gration de Mbapp\u00e9 pourrait transformer le Real Madrid en une machine de guerre encore plus redoutable. Avec son exp\u00e9rience, son talent et sa polyvalence, Mbapp\u00e9 est en mesure de devenir rapidement un pilier de l&rsquo;\u00e9quipe. Toutefois, Ancelotti doit encore trouver le meilleur syst\u00e8me tactique pour maximiser les qualit\u00e9s de son nouvel attaquant. Le coach madril\u00e8ne a d\u00e9j\u00e0 test\u00e9 trois syst\u00e8mes diff\u00e9rents lors des entra\u00eenements. Il n&rsquo;a pas encore arr\u00eat\u00e9 son choix d\u00e9finitif pour la Supercoupe d&rsquo;Europe.<\/p>\n\n\n<div class=\"wp-block-image\">\n<figure class=\"aligncenter size-large is-resized\"><img loading=\"lazy\" decoding=\"async\" width=\"1024\" height=\"763\" src=\"https:\/\/www.topicfoot.fr\/wp-content\/uploads\/2024\/08\/kylian-mbappe-real-madrid-tf01-1024x763.webp\" alt=\"D\u00e9buts Imminents de Mbapp\u00e9\" class=\"wp-image-9652\" style=\"width:537px;height:auto\" srcset=\"https:\/\/www.topicfoot.fr\/wp-content\/uploads\/2024\/08\/kylian-mbappe-real-madrid-tf01-1024x763.webp 1024w, https:\/\/www.topicfoot.fr\/wp-content\/uploads\/2024\/08\/kylian-mbappe-real-madrid-tf01-300x224.webp 300w, https:\/\/www.topicfoot.fr\/wp-content\/uploads\/2024\/08\/kylian-mbappe-real-madrid-tf01-768x572.webp 768w, https:\/\/www.topicfoot.fr\/wp-content\/uploads\/2024\/08\/kylian-mbappe-real-madrid-tf01-1536x1145.webp 1536w, https:\/\/www.topicfoot.fr\/wp-content\/uploads\/2024\/08\/kylian-mbappe-real-madrid-tf01-80x60.webp 80w, https:\/\/www.topicfoot.fr\/wp-content\/uploads\/2024\/08\/kylian-mbappe-real-madrid-tf01-jpeg.webp 1844w\" sizes=\"auto, (max-width: 1024px) 100vw, 1024px\" \/><figcaption class=\"wp-element-caption\">Screenshot<\/figcaption><\/figure>\n<\/div>\n\n\n<h2 class=\"wp-block-heading\">Les D\u00e9buts Imminents de Mbapp\u00e9 : Un Premier Grand Test<\/h2>\n\n\n\n<p>Le premier grand test pour Kylian Mbapp\u00e9 au Real Madrid aura lieu ce mercredi lors de la Supercoupe d&rsquo;Europe contre l&rsquo;Atalanta Bergame. Ce match sera l&rsquo;occasion de voir comment le Fran\u00e7ais se comporte aux c\u00f4t\u00e9s de stars comme Vinicius Junior et Jude Bellingham. La presse espagnole est unanime : Mbapp\u00e9 devrait \u00eatre titularis\u00e9 pour cette rencontre. Et ce, malgr\u00e9 le peu de s\u00e9ances d&rsquo;entra\u00eenement auxquelles il a pu participer depuis son arriv\u00e9e.<\/p>\n\n\n\n<p>L&rsquo;attente autour de ce match est immense, tant du c\u00f4t\u00e9 des supporters que des observateurs du football. Pour Mbapp\u00e9, ce sera l&rsquo;occasion de montrer qu&rsquo;il peut rapidement s&rsquo;imposer dans le collectif madril\u00e8ne et devenir un leader sur le terrain. Son comportement exemplaire depuis son arriv\u00e9e \u00e0 Valdebebas a d\u00e9j\u00e0 conquis ses co\u00e9quipiers. Son \u00e9tat de forme impressionnant laisse pr\u00e9sager des d\u00e9buts r\u00e9ussis.<\/p>\n\n\n\n<p>Cependant, Carlo Ancelotti doit \u00e9galement g\u00e9rer les autres talents de son effectif, notamment Rodrygo, qui souffre de douleurs au mollet depuis la pr\u00e9-saison. Cette situation pourrait ouvrir la porte \u00e0 une titularisation de Mbapp\u00e9, malgr\u00e9 la concurrence f\u00e9roce au sein de l&rsquo;attaque madril\u00e8ne. Ancelotti sait qu&rsquo;il doit prendre les bonnes d\u00e9cisions pour maintenir l&rsquo;\u00e9quilibre de son \u00e9quipe tout en exploitant au mieux les qualit\u00e9s de sa nouvelle recrue.<\/p>\n\n\n<div class=\"wp-block-image\">\n<figure class=\"aligncenter size-large is-resized\"><img loading=\"lazy\" decoding=\"async\" width=\"1024\" height=\"656\" src=\"https:\/\/www.topicfoot.fr\/wp-content\/uploads\/2024\/08\/kylian-mbappe-real-madrid-tf02-1024x656.webp\" alt=\"Mbapp\u00e9 et Vinicius : Un Duo Prometteur\" class=\"wp-image-9653\" style=\"width:429px;height:auto\" srcset=\"https:\/\/www.topicfoot.fr\/wp-content\/uploads\/2024\/08\/kylian-mbappe-real-madrid-tf02-1024x656.webp 1024w, https:\/\/www.topicfoot.fr\/wp-content\/uploads\/2024\/08\/kylian-mbappe-real-madrid-tf02-300x192.webp 300w, https:\/\/www.topicfoot.fr\/wp-content\/uploads\/2024\/08\/kylian-mbappe-real-madrid-tf02-768x492.webp 768w, https:\/\/www.topicfoot.fr\/wp-content\/uploads\/2024\/08\/kylian-mbappe-real-madrid-tf02-1536x984.webp 1536w, https:\/\/www.topicfoot.fr\/wp-content\/uploads\/2024\/08\/kylian-mbappe-real-madrid-tf02-jpeg.webp 1876w\" sizes=\"auto, (max-width: 1024px) 100vw, 1024px\" \/><figcaption class=\"wp-element-caption\">Screenshot<\/figcaption><\/figure>\n<\/div>\n\n\n<h3 class=\"wp-block-heading\">Mbapp\u00e9 et Vinicius : Un Duo Prometteur<\/h3>\n\n\n\n<p>L&rsquo;un des aspects les plus excitants de l&rsquo;arriv\u00e9e de Mbapp\u00e9 au Real Madrid est la perspective de le voir \u00e9voluer aux c\u00f4t\u00e9s de Vinicius Junior. L&rsquo;ailier br\u00e9silien, qui s&rsquo;est impos\u00e9 comme l&rsquo;une des grandes stars du club, a d\u00e9j\u00e0 exprim\u00e9 son enthousiasme \u00e0 l&rsquo;id\u00e9e de jouer avec Mbapp\u00e9. \u00ab\u00a0Cela va \u00eatre brutal, j\u2019esp\u00e8re que nous pourrons faire de grandes choses\u00a0\u00bb, a-t-il d\u00e9clar\u00e9. Vinicius est convaincu que l&rsquo;association entre lui et Mbapp\u00e9 pourrait faire des \u00e9tincelles et propulser le Real Madrid vers de nouveaux sommets.<\/p>\n\n\n\n<p>Cette promesse d&rsquo;une cohabitation \u00ab\u00a0brutale\u00a0\u00bb entre les deux joueurs est une perspective qui fait saliver les supporters madril\u00e8nes. Si les deux stars parviennent \u00e0 d\u00e9velopper une bonne entente sur le terrain, le Real Madrid pourrait devenir une \u00e9quipe quasi inarr\u00eatable, capable de dominer \u00e0 la fois en Liga et en Ligue des Champions. Le duo Mbapp\u00e9-Vinicius est donc l&rsquo;un des \u00e9l\u00e9ments cl\u00e9s \u00e0 surveiller dans cette nouvelle saison, et il pourrait bien \u00eatre l&rsquo;une des cl\u00e9s du succ\u00e8s du Real Madrid.<\/p>\n\n\n\n<!-- Noptin Newsletter Plugin v4.2.2 - https:\/\/wordpress.org\/plugins\/newsletter-optin-box\/ --><div id=\"noptin-form-2__wrapper\" class=\"noptin-optin-main-wrapper noptin-form-id-9842 noptin-inpost-main-wrapper\" aria-labelledby=\"noptin-form-2__title\" ><style>\/*Custom css*\/\n\n.noptin-form-id-9842 .noptin-optin-form-wrapper .noptin-optin-form.noptin-form-single-line .noptin-form-submit{\n\tborder-radius: 30px;\n}\n\n@media only screen and (min-width: 768px) {\n\n\t.noptin-form-id-9842 .noptin-optin-form-wrapper .noptin-optin-form.noptin-form-single-line .noptin-form-submit{\n\t\tposition: absolute;\n\t\tbottom: -1px;\n\t\ttop: 0;\n\t\tright: 0px;\n\t}\n\n}\n\n.noptin-form-id-9842 .noptin-optin-form-wrapper .noptin-form-single-line .noptin-form-field{\n \tborder-radius: 30px !important;\n\tborder: none !important;\n} #noptin-form-2__wrapper {--noptin-background-color: #424242; --noptin-border-color: #424242; --noptin-button-color: #607D8B; --noptin-button-text-color: #fafafa; --noptin-title-color: #fafafa; --noptin-description-color: #fafafa; --noptin-prefix-color: #607d8b; --noptin-note-color: #fafafa;}<\/style><div style=\"max-width:620px; min-height:280px;border-color: #424242;\" class=\"noptin-optin-form-wrapper no-image\" ><!-- Form ID: 9842 --><form id=\"noptin-form-2\" class=\"noptin-optin-form noptin-form-single-line noptin-label-hide noptin-form-2\" method=\"post\" novalidate >\t\t\t\t\t<div class=\"noptin-form-header noptin-img-left\">\n\t\t\t\t\t\t\t\t\t\t\t\t<div class=\"noptin-form-header-text\">\n\n\t\t\t\t\t\t\t\t\t\t\t\t\t\t\t<div style=\"color: #607d8b;font-size: 20px; font-weight: 500; line-height: 1.3;\" class=\"noptin-form-prefix\">\n\t\t\t\t\t\t\t\t\t\t\t\t\t\t\t\t\t<\/div>\n\t\t\t\t\t\t\t\n\t\t\t\t\t\t\t\t\t\t\t\t\t\t\t<div style=\"color: #fafafa;font-size: 20px; font-weight: 700; line-height: 1.5;\" class=\"noptin-form-heading\">\n\t\t\t\t\t\t\t\t\tAbonnez-vous \u00e0 TopicFoot\t\t\t\t\t\t\t\t<\/div>\n\t\t\t\t\t\t\t\n\t\t\t\t\t\t\t\t\t\t\t\t\t\t\t<div style=\"color: #fafafa;font-size: 16px; font-weight: 500; line-height: 1.5;\" class=\"noptin-form-description\">\n\t\t\t\t\t\t\t\t\tEntrez votre Mail pour recevoir nos derniers articles.\t\t\t\t\t\t\t\t<\/div>\n\t\t\t\t\t\t\t\n\t\t\t\t\t\t<\/div>\n\t\t\t\t\t\t\n\t\t\t\t\t\t\t\t\t\t\t\t\t<div class=\"noptin-form-header-image\">\n\t\t\t\t\t\t\t\t<img decoding=\"async\" alt=\"icon\" src=\"https:\/\/www.topicfoot.fr\/wp-content\/plugins\/newsletter-optin-box\/includes\/assets\/images\/email-icon.png\" \/>\n\t\t\t\t\t\t\t<\/div>\n\t\t\t\t\t\t\n\t\t\t\t\t<\/div>\n\t\t\t\t<div class=\"noptin-form-footer\"><div class=\"noptin-form-fields\">\t\t\t<div class=\"noptin-form-field-wrapper noptin-form-field-email noptin-optin-field-wrapper noptin-optin-field-email\" id=\"noptin-form-2__field-email--wrapper\" >\n\t\t<div class=\"noptin-field-email\">\n\t\t\t<label class=\"noptin-label\" for=\"noptin-form-2__field-email\">Adresse Mail<\/label>\n\t\t\t<input name=\"noptin_fields[email]\" id=\"noptin-form-2__field-email\" type=\"email\" class=\"noptin-text noptin-form-field noptin-form-field__email noptin-form-field__has-no-placeholder\" placeholder=\"Adresse Mail\" required \/>\n\n\t\t<\/div><\/div>\t\t\t<div class=\"noptin-form-field-wrapper noptin-form-field- noptin-optin-field-wrapper noptin-optin-field-\" id=\"noptin-form-2__field---wrapper\" >\n\t\t<\/div>\t\t\t<div class=\"noptin-form-field-wrapper noptin-form-field-submit noptin-optin-field-wrapper noptin-optin-field-submit\" >\n\t\t\n\t\t\t<input type=\"submit\" id=\"noptin-form-2__submit\" class=\"noptin-form-submit btn button btn-primary button-primary wp-element-button\" name=\"noptin-submit\" value=\"Abonnez-vous\" style=\"background-color: #607D8B;color: #fafafa;\"  \/>\n\n\t\t<\/div><\/div>\t\t\t\t\t\t<div class=\"noptin-form-notice noptin-response\" role=\"alert\"><\/div>\n\t\t\t<\/div>\n\t\t\t<input type=\"hidden\" name=\"noptin_element_id\" value=\"2\" \/><input type=\"hidden\" name=\"source\" value=\"9842\" \/><input type=\"hidden\" name=\"form_action\" value=\"subscribe\" \/><input type=\"hidden\" name=\"noptin-config\" value=\"geVp3bmVsS.Bejx5F7hyheCZeasGrk6UoV7mPwUKzeAj_J_jRQjYkLtSn67MwIeo\" \/><input type=\"hidden\" name=\"noptin_form_id\" value=\"9842\" \/><\/form><\/div><!-- \/Form ID: 9842 --><\/div><!-- \/ Noptin Newsletter Plugin -->\n\n\n\n<p>Voir aussi notre article sur : <a href=\"https:\/\/www.topicfoot.fr\/index.php\/2024\/08\/09\/mercato-psg-2024-un-marche-des-transferts-au-ralenti\/\">Mercato PSG 2024 : un march\u00e9 au ralenti<\/a><\/p>\n\n\n\n<figure class=\"wp-block-embed is-type-wp-embed is-provider-topic-foot wp-block-embed-topic-foot\"><div class=\"wp-block-embed__wrapper\">\n<blockquote class=\"wp-embedded-content\" data-secret=\"Bi0v8E9DgP\"><a href=\"https:\/\/www.topicfoot.fr\/index.php\/2024\/08\/09\/mercato-psg-2024-un-marche-des-transferts-au-ralenti\/\">Mercato PSG 2024 : un march\u00e9 des transferts au ralenti<\/a><\/blockquote><iframe loading=\"lazy\" class=\"wp-embedded-content\" sandbox=\"allow-scripts\" security=\"restricted\" style=\"position: absolute; visibility: hidden;\" title=\"\u00ab\u00a0Mercato PSG 2024 : un march\u00e9 des transferts au ralenti\u00a0\u00bb &#8212; Topic Foot\" src=\"https:\/\/www.topicfoot.fr\/index.php\/2024\/08\/09\/mercato-psg-2024-un-marche-des-transferts-au-ralenti\/embed\/#?secret=LDDA6niZZ3#?secret=Bi0v8E9DgP\" data-secret=\"Bi0v8E9DgP\" width=\"500\" height=\"282\" frameborder=\"0\" marginwidth=\"0\" marginheight=\"0\" scrolling=\"no\"><\/iframe>\n<\/div><\/figure>\n","protected":false},"excerpt":{"rendered":"<div class=\"mh-excerpt\">kylian mbapp\u00e9 au real madrid : Kylian Mbapp\u00e9, l&rsquo;un des meilleurs joueurs du monde, a enfin franchi le pas tant attendu <\/div>\n<p> <a class=\"mh-excerpt-more\" href=\"https:\/\/www.topicfoot.fr\/index.php\/2024\/08\/14\/kylian-mbappe-au-real-madrid-le-debut-dune-nouvelle-dynastie\/\" title=\"Kylian Mbapp\u00e9 au Real Madrid : Le D\u00e9but d&rsquo;une Nouvelle Dynastie\">[&#8230;]<\/a><\/p>\n","protected":false},"author":5,"featured_media":9651,"comment_status":"closed","ping_status":"open","sticky":false,"template":"","format":"standard","meta":{"footnotes":""},"categories":[78,120,31],"tags":[],"post_folder":[],"class_list":{"0":"post-9650","1":"post","2":"type-post","3":"status-publish","4":"format-standard","5":"has-post-thumbnail","7":"category-club","8":"category-joueurs","9":"category-toutes-les-categories"},"yoast_head":"<!-- This site is optimized with the Yoast SEO plugin v27.4 - https:\/\/yoast.com\/product\/yoast-seo-wordpress\/ -->\n<title>Kylian Mbapp\u00e9 au Real Madrid : Le D\u00e9but d&#039;une Nouvelle Dynastie<\/title>\n<meta name=\"description\" content=\"kylian mbapp\u00e9 au real madrid : Kylian Mbapp\u00e9, l&#039;un des meilleurs joueurs du monde, a enfin franchi le pas tant attendu\" \/>\n<meta name=\"robots\" content=\"index, follow, max-snippet:-1, max-image-preview:large, max-video-preview:-1\" \/>\n<link rel=\"canonical\" href=\"https:\/\/www.topicfoot.fr\/index.php\/2024\/08\/14\/kylian-mbappe-au-real-madrid-le-debut-dune-nouvelle-dynastie\/\" \/>\n<meta property=\"og:locale\" content=\"fr_FR\" \/>\n<meta property=\"og:type\" content=\"article\" \/>\n<meta property=\"og:title\" content=\"Kylian Mbapp\u00e9 au Real Madrid : Le D\u00e9but d&#039;une Nouvelle Dynastie\" \/>\n<meta property=\"og:description\" content=\"kylian mbapp\u00e9 au real madrid : Kylian Mbapp\u00e9, l&#039;un des meilleurs joueurs du monde, a enfin franchi le pas tant attendu\" \/>\n<meta property=\"og:url\" content=\"https:\/\/www.topicfoot.fr\/index.php\/2024\/08\/14\/kylian-mbappe-au-real-madrid-le-debut-dune-nouvelle-dynastie\/\" \/>\n<meta property=\"og:site_name\" content=\"Topic Foot\" \/>\n<meta property=\"article:publisher\" content=\"https:\/\/www.facebook.com\/topicfoot.fr\" \/>\n<meta property=\"article:published_time\" content=\"2024-08-13T22:22:08+00:00\" \/>\n<meta property=\"article:modified_time\" content=\"2025-02-18T20:44:31+00:00\" \/>\n<meta property=\"og:image\" content=\"https:\/\/www.topicfoot.fr\/wp-content\/uploads\/2024\/08\/kylian-mbappe-real-madrid-tf05-jpg.webp\" \/>\n\t<meta property=\"og:image:width\" content=\"1024\" \/>\n\t<meta property=\"og:image:height\" content=\"576\" \/>\n\t<meta property=\"og:image:type\" content=\"image\/jpeg\" \/>\n<meta name=\"author\" content=\"Laurent M\" \/>\n<meta name=\"twitter:card\" content=\"summary_large_image\" \/>\n<meta name=\"twitter:label1\" content=\"\u00c9crit par\" \/>\n\t<meta name=\"twitter:data1\" content=\"Laurent M\" \/>\n\t<meta name=\"twitter:label2\" content=\"Dur\u00e9e de lecture estim\u00e9e\" \/>\n\t<meta name=\"twitter:data2\" content=\"6 minutes\" \/>\n<script type=\"application\/ld+json\" class=\"yoast-schema-graph\">{\"@context\":\"https:\\\/\\\/schema.org\",\"@graph\":[{\"@type\":\"Article\",\"@id\":\"https:\\\/\\\/www.topicfoot.fr\\\/index.php\\\/2024\\\/08\\\/14\\\/kylian-mbappe-au-real-madrid-le-debut-dune-nouvelle-dynastie\\\/#article\",\"isPartOf\":{\"@id\":\"https:\\\/\\\/www.topicfoot.fr\\\/index.php\\\/2024\\\/08\\\/14\\\/kylian-mbappe-au-real-madrid-le-debut-dune-nouvelle-dynastie\\\/\"},\"author\":{\"name\":\"Laurent M\",\"@id\":\"https:\\\/\\\/www.topicfoot.fr\\\/#\\\/schema\\\/person\\\/c3cc72d0475041f6006c3b9ac2fdd651\"},\"headline\":\"Kylian Mbapp\u00e9 au Real Madrid : Le D\u00e9but d&rsquo;une Nouvelle Dynastie\",\"datePublished\":\"2024-08-13T22:22:08+00:00\",\"dateModified\":\"2025-02-18T20:44:31+00:00\",\"mainEntityOfPage\":{\"@id\":\"https:\\\/\\\/www.topicfoot.fr\\\/index.php\\\/2024\\\/08\\\/14\\\/kylian-mbappe-au-real-madrid-le-debut-dune-nouvelle-dynastie\\\/\"},\"wordCount\":988,\"publisher\":{\"@id\":\"https:\\\/\\\/www.topicfoot.fr\\\/#organization\"},\"image\":{\"@id\":\"https:\\\/\\\/www.topicfoot.fr\\\/index.php\\\/2024\\\/08\\\/14\\\/kylian-mbappe-au-real-madrid-le-debut-dune-nouvelle-dynastie\\\/#primaryimage\"},\"thumbnailUrl\":\"https:\\\/\\\/www.topicfoot.fr\\\/wp-content\\\/uploads\\\/2024\\\/08\\\/kylian-mbappe-real-madrid-tf05-jpg.webp\",\"articleSection\":[\"Finances des clubs de football\",\"Joueurs : salaires, valeur marchande et contrats\",\"Toutes les cat\u00e9gories\"],\"inLanguage\":\"fr-FR\"},{\"@type\":\"WebPage\",\"@id\":\"https:\\\/\\\/www.topicfoot.fr\\\/index.php\\\/2024\\\/08\\\/14\\\/kylian-mbappe-au-real-madrid-le-debut-dune-nouvelle-dynastie\\\/\",\"url\":\"https:\\\/\\\/www.topicfoot.fr\\\/index.php\\\/2024\\\/08\\\/14\\\/kylian-mbappe-au-real-madrid-le-debut-dune-nouvelle-dynastie\\\/\",\"name\":\"Kylian Mbapp\u00e9 au Real Madrid : Le D\u00e9but d'une Nouvelle Dynastie\",\"isPartOf\":{\"@id\":\"https:\\\/\\\/www.topicfoot.fr\\\/#website\"},\"primaryImageOfPage\":{\"@id\":\"https:\\\/\\\/www.topicfoot.fr\\\/index.php\\\/2024\\\/08\\\/14\\\/kylian-mbappe-au-real-madrid-le-debut-dune-nouvelle-dynastie\\\/#primaryimage\"},\"image\":{\"@id\":\"https:\\\/\\\/www.topicfoot.fr\\\/index.php\\\/2024\\\/08\\\/14\\\/kylian-mbappe-au-real-madrid-le-debut-dune-nouvelle-dynastie\\\/#primaryimage\"},\"thumbnailUrl\":\"https:\\\/\\\/www.topicfoot.fr\\\/wp-content\\\/uploads\\\/2024\\\/08\\\/kylian-mbappe-real-madrid-tf05-jpg.webp\",\"datePublished\":\"2024-08-13T22:22:08+00:00\",\"dateModified\":\"2025-02-18T20:44:31+00:00\",\"description\":\"kylian mbapp\u00e9 au real madrid : Kylian Mbapp\u00e9, l'un des meilleurs joueurs du monde, a enfin franchi le pas tant attendu\",\"breadcrumb\":{\"@id\":\"https:\\\/\\\/www.topicfoot.fr\\\/index.php\\\/2024\\\/08\\\/14\\\/kylian-mbappe-au-real-madrid-le-debut-dune-nouvelle-dynastie\\\/#breadcrumb\"},\"inLanguage\":\"fr-FR\",\"potentialAction\":[{\"@type\":\"ReadAction\",\"target\":[\"https:\\\/\\\/www.topicfoot.fr\\\/index.php\\\/2024\\\/08\\\/14\\\/kylian-mbappe-au-real-madrid-le-debut-dune-nouvelle-dynastie\\\/\"]}]},{\"@type\":\"ImageObject\",\"inLanguage\":\"fr-FR\",\"@id\":\"https:\\\/\\\/www.topicfoot.fr\\\/index.php\\\/2024\\\/08\\\/14\\\/kylian-mbappe-au-real-madrid-le-debut-dune-nouvelle-dynastie\\\/#primaryimage\",\"url\":\"https:\\\/\\\/www.topicfoot.fr\\\/wp-content\\\/uploads\\\/2024\\\/08\\\/kylian-mbappe-real-madrid-tf05-jpg.webp\",\"contentUrl\":\"https:\\\/\\\/www.topicfoot.fr\\\/wp-content\\\/uploads\\\/2024\\\/08\\\/kylian-mbappe-real-madrid-tf05-jpg.webp\",\"width\":1024,\"height\":576},{\"@type\":\"BreadcrumbList\",\"@id\":\"https:\\\/\\\/www.topicfoot.fr\\\/index.php\\\/2024\\\/08\\\/14\\\/kylian-mbappe-au-real-madrid-le-debut-dune-nouvelle-dynastie\\\/#breadcrumb\",\"itemListElement\":[{\"@type\":\"ListItem\",\"position\":1,\"name\":\"Accueil\",\"item\":\"https:\\\/\\\/www.topicfoot.fr\\\/\"},{\"@type\":\"ListItem\",\"position\":2,\"name\":\"Kylian Mbapp\u00e9 au Real Madrid : Le D\u00e9but d&rsquo;une Nouvelle Dynastie\"}]},{\"@type\":\"WebSite\",\"@id\":\"https:\\\/\\\/www.topicfoot.fr\\\/#website\",\"url\":\"https:\\\/\\\/www.topicfoot.fr\\\/\",\"name\":\"Topic Foot\",\"description\":\"Tous l&#039;univers du Foot !\",\"publisher\":{\"@id\":\"https:\\\/\\\/www.topicfoot.fr\\\/#organization\"},\"potentialAction\":[{\"@type\":\"SearchAction\",\"target\":{\"@type\":\"EntryPoint\",\"urlTemplate\":\"https:\\\/\\\/www.topicfoot.fr\\\/?s={search_term_string}\"},\"query-input\":{\"@type\":\"PropertyValueSpecification\",\"valueRequired\":true,\"valueName\":\"search_term_string\"}}],\"inLanguage\":\"fr-FR\"},{\"@type\":\"Organization\",\"@id\":\"https:\\\/\\\/www.topicfoot.fr\\\/#organization\",\"name\":\"Topic Foot\",\"url\":\"https:\\\/\\\/www.topicfoot.fr\\\/\",\"logo\":{\"@type\":\"ImageObject\",\"inLanguage\":\"fr-FR\",\"@id\":\"https:\\\/\\\/www.topicfoot.fr\\\/#\\\/schema\\\/logo\\\/image\\\/\",\"url\":\"https:\\\/\\\/www.topicfoot.fr\\\/wp-content\\\/uploads\\\/2024\\\/04\\\/cropped-logo-topicfoot-new.jpg\",\"contentUrl\":\"https:\\\/\\\/www.topicfoot.fr\\\/wp-content\\\/uploads\\\/2024\\\/04\\\/cropped-logo-topicfoot-new.jpg\",\"width\":512,\"height\":512,\"caption\":\"Topic Foot\"},\"image\":{\"@id\":\"https:\\\/\\\/www.topicfoot.fr\\\/#\\\/schema\\\/logo\\\/image\\\/\"},\"sameAs\":[\"https:\\\/\\\/www.facebook.com\\\/topicfoot.fr\"]},{\"@type\":\"Person\",\"@id\":\"https:\\\/\\\/www.topicfoot.fr\\\/#\\\/schema\\\/person\\\/c3cc72d0475041f6006c3b9ac2fdd651\",\"name\":\"Laurent M\",\"pronouns\":\"il\",\"image\":{\"@type\":\"ImageObject\",\"inLanguage\":\"fr-FR\",\"@id\":\"https:\\\/\\\/secure.gravatar.com\\\/avatar\\\/1556f82bcb30ea7f53ada028296fbd5dbf338b8cb58c931c36f8ff69ea259d82?s=96&d=mm&r=g\",\"url\":\"https:\\\/\\\/secure.gravatar.com\\\/avatar\\\/1556f82bcb30ea7f53ada028296fbd5dbf338b8cb58c931c36f8ff69ea259d82?s=96&d=mm&r=g\",\"contentUrl\":\"https:\\\/\\\/secure.gravatar.com\\\/avatar\\\/1556f82bcb30ea7f53ada028296fbd5dbf338b8cb58c931c36f8ff69ea259d82?s=96&d=mm&r=g\",\"caption\":\"Laurent M\"},\"description\":\"Je m\u2019appelle Laurent et je suis passionn\u00e9 de football depuis mon plus jeune \u00e2ge. Ancien joueur en cat\u00e9gories de jeunes, j\u2019ai rapidement compris qu\u2019au\u2011del\u00e0 du terrain, ce sont aussi les histoires, les tactiques et les trajectoires de carri\u00e8re qui font la richesse de ce sport. Avec le temps, j\u2019ai eu envie de passer de l\u2019autre c\u00f4t\u00e9 du jeu : celui de l\u2019analyse, de l\u2019\u00e9criture et de la transmission. Depuis septembre 2024, je suis r\u00e9dacteur chez Topicfoot, o\u00f9 je m\u2019attache \u00e0 expliquer le football sous toutes ses dimensions. J\u2019aime d\u00e9crypter les matchs, analyser les choix tactiques des entra\u00eeneurs et proposer des dossiers de fond sur l\u2019\u00e9conomie du football : transferts, salaires, strat\u00e9gies de recrutement ou \u00e9volution des championnats. Mon objectif est de rendre accessibles des sujets parfois techniques, sans jamais sacrifier la pr\u00e9cision. Dans mes articles, je m\u2019efforce de croiser statistiques, ressentis du terrain et contexte historique pour offrir au lecteur une vision compl\u00e8te et nuanc\u00e9e du jeu. Je suis de pr\u00e8s la Ligue 1, les grands championnats europ\u00e9ens et l\u2019essor de nouveaux projets footballistiques \u00e0 l\u2019international, avec une attention particuli\u00e8re pour les dynamiques de clubs sur le long terme. En dehors de la r\u00e9daction, je continue de jouer en amateur et je passe beaucoup de temps \u00e0 regarder des matchs et analyser des s\u00e9quences vid\u00e9o. Cette habitude nourrit directement mon travail d\u2019\u00e9criture : chaque rencontre est une occasion de mieux comprendre le jeu\u2026 et de mieux le raconter aux lecteurs de Topicfoot.\",\"url\":\"https:\\\/\\\/www.topicfoot.fr\\\/index.php\\\/author\\\/laurent-muscarnera\\\/\"}]}<\/script>\n<!-- \/ Yoast SEO plugin. -->","yoast_head_json":{"title":"Kylian Mbapp\u00e9 au Real Madrid : Le D\u00e9but d'une Nouvelle Dynastie","description":"kylian mbapp\u00e9 au real madrid : Kylian Mbapp\u00e9, l'un des meilleurs joueurs du monde, a enfin franchi le pas tant attendu","robots":{"index":"index","follow":"follow","max-snippet":"max-snippet:-1","max-image-preview":"max-image-preview:large","max-video-preview":"max-video-preview:-1"},"canonical":"https:\/\/www.topicfoot.fr\/index.php\/2024\/08\/14\/kylian-mbappe-au-real-madrid-le-debut-dune-nouvelle-dynastie\/","og_locale":"fr_FR","og_type":"article","og_title":"Kylian Mbapp\u00e9 au Real Madrid : Le D\u00e9but d'une Nouvelle Dynastie","og_description":"kylian mbapp\u00e9 au real madrid : Kylian Mbapp\u00e9, l'un des meilleurs joueurs du monde, a enfin franchi le pas tant attendu","og_url":"https:\/\/www.topicfoot.fr\/index.php\/2024\/08\/14\/kylian-mbappe-au-real-madrid-le-debut-dune-nouvelle-dynastie\/","og_site_name":"Topic Foot","article_publisher":"https:\/\/www.facebook.com\/topicfoot.fr","article_published_time":"2024-08-13T22:22:08+00:00","article_modified_time":"2025-02-18T20:44:31+00:00","og_image":[{"width":1024,"height":576,"url":"https:\/\/www.topicfoot.fr\/wp-content\/uploads\/2024\/08\/kylian-mbappe-real-madrid-tf05-jpg.webp","type":"image\/jpeg"}],"author":"Laurent M","twitter_card":"summary_large_image","twitter_misc":{"\u00c9crit par":"Laurent M","Dur\u00e9e de lecture estim\u00e9e":"6 minutes"},"schema":{"@context":"https:\/\/schema.org","@graph":[{"@type":"Article","@id":"https:\/\/www.topicfoot.fr\/index.php\/2024\/08\/14\/kylian-mbappe-au-real-madrid-le-debut-dune-nouvelle-dynastie\/#article","isPartOf":{"@id":"https:\/\/www.topicfoot.fr\/index.php\/2024\/08\/14\/kylian-mbappe-au-real-madrid-le-debut-dune-nouvelle-dynastie\/"},"author":{"name":"Laurent M","@id":"https:\/\/www.topicfoot.fr\/#\/schema\/person\/c3cc72d0475041f6006c3b9ac2fdd651"},"headline":"Kylian Mbapp\u00e9 au Real Madrid : Le D\u00e9but d&rsquo;une Nouvelle Dynastie","datePublished":"2024-08-13T22:22:08+00:00","dateModified":"2025-02-18T20:44:31+00:00","mainEntityOfPage":{"@id":"https:\/\/www.topicfoot.fr\/index.php\/2024\/08\/14\/kylian-mbappe-au-real-madrid-le-debut-dune-nouvelle-dynastie\/"},"wordCount":988,"publisher":{"@id":"https:\/\/www.topicfoot.fr\/#organization"},"image":{"@id":"https:\/\/www.topicfoot.fr\/index.php\/2024\/08\/14\/kylian-mbappe-au-real-madrid-le-debut-dune-nouvelle-dynastie\/#primaryimage"},"thumbnailUrl":"https:\/\/www.topicfoot.fr\/wp-content\/uploads\/2024\/08\/kylian-mbappe-real-madrid-tf05-jpg.webp","articleSection":["Finances des clubs de football","Joueurs : salaires, valeur marchande et contrats","Toutes les cat\u00e9gories"],"inLanguage":"fr-FR"},{"@type":"WebPage","@id":"https:\/\/www.topicfoot.fr\/index.php\/2024\/08\/14\/kylian-mbappe-au-real-madrid-le-debut-dune-nouvelle-dynastie\/","url":"https:\/\/www.topicfoot.fr\/index.php\/2024\/08\/14\/kylian-mbappe-au-real-madrid-le-debut-dune-nouvelle-dynastie\/","name":"Kylian Mbapp\u00e9 au Real Madrid : Le D\u00e9but d'une Nouvelle Dynastie","isPartOf":{"@id":"https:\/\/www.topicfoot.fr\/#website"},"primaryImageOfPage":{"@id":"https:\/\/www.topicfoot.fr\/index.php\/2024\/08\/14\/kylian-mbappe-au-real-madrid-le-debut-dune-nouvelle-dynastie\/#primaryimage"},"image":{"@id":"https:\/\/www.topicfoot.fr\/index.php\/2024\/08\/14\/kylian-mbappe-au-real-madrid-le-debut-dune-nouvelle-dynastie\/#primaryimage"},"thumbnailUrl":"https:\/\/www.topicfoot.fr\/wp-content\/uploads\/2024\/08\/kylian-mbappe-real-madrid-tf05-jpg.webp","datePublished":"2024-08-13T22:22:08+00:00","dateModified":"2025-02-18T20:44:31+00:00","description":"kylian mbapp\u00e9 au real madrid : Kylian Mbapp\u00e9, l'un des meilleurs joueurs du monde, a enfin franchi le pas tant attendu","breadcrumb":{"@id":"https:\/\/www.topicfoot.fr\/index.php\/2024\/08\/14\/kylian-mbappe-au-real-madrid-le-debut-dune-nouvelle-dynastie\/#breadcrumb"},"inLanguage":"fr-FR","potentialAction":[{"@type":"ReadAction","target":["https:\/\/www.topicfoot.fr\/index.php\/2024\/08\/14\/kylian-mbappe-au-real-madrid-le-debut-dune-nouvelle-dynastie\/"]}]},{"@type":"ImageObject","inLanguage":"fr-FR","@id":"https:\/\/www.topicfoot.fr\/index.php\/2024\/08\/14\/kylian-mbappe-au-real-madrid-le-debut-dune-nouvelle-dynastie\/#primaryimage","url":"https:\/\/www.topicfoot.fr\/wp-content\/uploads\/2024\/08\/kylian-mbappe-real-madrid-tf05-jpg.webp","contentUrl":"https:\/\/www.topicfoot.fr\/wp-content\/uploads\/2024\/08\/kylian-mbappe-real-madrid-tf05-jpg.webp","width":1024,"height":576},{"@type":"BreadcrumbList","@id":"https:\/\/www.topicfoot.fr\/index.php\/2024\/08\/14\/kylian-mbappe-au-real-madrid-le-debut-dune-nouvelle-dynastie\/#breadcrumb","itemListElement":[{"@type":"ListItem","position":1,"name":"Accueil","item":"https:\/\/www.topicfoot.fr\/"},{"@type":"ListItem","position":2,"name":"Kylian Mbapp\u00e9 au Real Madrid : Le D\u00e9but d&rsquo;une Nouvelle Dynastie"}]},{"@type":"WebSite","@id":"https:\/\/www.topicfoot.fr\/#website","url":"https:\/\/www.topicfoot.fr\/","name":"Topic Foot","description":"Tous l&#039;univers du Foot !","publisher":{"@id":"https:\/\/www.topicfoot.fr\/#organization"},"potentialAction":[{"@type":"SearchAction","target":{"@type":"EntryPoint","urlTemplate":"https:\/\/www.topicfoot.fr\/?s={search_term_string}"},"query-input":{"@type":"PropertyValueSpecification","valueRequired":true,"valueName":"search_term_string"}}],"inLanguage":"fr-FR"},{"@type":"Organization","@id":"https:\/\/www.topicfoot.fr\/#organization","name":"Topic Foot","url":"https:\/\/www.topicfoot.fr\/","logo":{"@type":"ImageObject","inLanguage":"fr-FR","@id":"https:\/\/www.topicfoot.fr\/#\/schema\/logo\/image\/","url":"https:\/\/www.topicfoot.fr\/wp-content\/uploads\/2024\/04\/cropped-logo-topicfoot-new.jpg","contentUrl":"https:\/\/www.topicfoot.fr\/wp-content\/uploads\/2024\/04\/cropped-logo-topicfoot-new.jpg","width":512,"height":512,"caption":"Topic Foot"},"image":{"@id":"https:\/\/www.topicfoot.fr\/#\/schema\/logo\/image\/"},"sameAs":["https:\/\/www.facebook.com\/topicfoot.fr"]},{"@type":"Person","@id":"https:\/\/www.topicfoot.fr\/#\/schema\/person\/c3cc72d0475041f6006c3b9ac2fdd651","name":"Laurent M","pronouns":"il","image":{"@type":"ImageObject","inLanguage":"fr-FR","@id":"https:\/\/secure.gravatar.com\/avatar\/1556f82bcb30ea7f53ada028296fbd5dbf338b8cb58c931c36f8ff69ea259d82?s=96&d=mm&r=g","url":"https:\/\/secure.gravatar.com\/avatar\/1556f82bcb30ea7f53ada028296fbd5dbf338b8cb58c931c36f8ff69ea259d82?s=96&d=mm&r=g","contentUrl":"https:\/\/secure.gravatar.com\/avatar\/1556f82bcb30ea7f53ada028296fbd5dbf338b8cb58c931c36f8ff69ea259d82?s=96&d=mm&r=g","caption":"Laurent M"},"description":"Je m\u2019appelle Laurent et je suis passionn\u00e9 de football depuis mon plus jeune \u00e2ge. Ancien joueur en cat\u00e9gories de jeunes, j\u2019ai rapidement compris qu\u2019au\u2011del\u00e0 du terrain, ce sont aussi les histoires, les tactiques et les trajectoires de carri\u00e8re qui font la richesse de ce sport. Avec le temps, j\u2019ai eu envie de passer de l\u2019autre c\u00f4t\u00e9 du jeu : celui de l\u2019analyse, de l\u2019\u00e9criture et de la transmission. Depuis septembre 2024, je suis r\u00e9dacteur chez Topicfoot, o\u00f9 je m\u2019attache \u00e0 expliquer le football sous toutes ses dimensions. J\u2019aime d\u00e9crypter les matchs, analyser les choix tactiques des entra\u00eeneurs et proposer des dossiers de fond sur l\u2019\u00e9conomie du football : transferts, salaires, strat\u00e9gies de recrutement ou \u00e9volution des championnats. Mon objectif est de rendre accessibles des sujets parfois techniques, sans jamais sacrifier la pr\u00e9cision. Dans mes articles, je m\u2019efforce de croiser statistiques, ressentis du terrain et contexte historique pour offrir au lecteur une vision compl\u00e8te et nuanc\u00e9e du jeu. Je suis de pr\u00e8s la Ligue 1, les grands championnats europ\u00e9ens et l\u2019essor de nouveaux projets footballistiques \u00e0 l\u2019international, avec une attention particuli\u00e8re pour les dynamiques de clubs sur le long terme. En dehors de la r\u00e9daction, je continue de jouer en amateur et je passe beaucoup de temps \u00e0 regarder des matchs et analyser des s\u00e9quences vid\u00e9o. Cette habitude nourrit directement mon travail d\u2019\u00e9criture : chaque rencontre est une occasion de mieux comprendre le jeu\u2026 et de mieux le raconter aux lecteurs de Topicfoot.","url":"https:\/\/www.topicfoot.fr\/index.php\/author\/laurent-muscarnera\/"}]}},"_links":{"self":[{"href":"https:\/\/www.topicfoot.fr\/index.php\/wp-json\/wp\/v2\/posts\/9650","targetHints":{"allow":["GET"]}}],"collection":[{"href":"https:\/\/www.topicfoot.fr\/index.php\/wp-json\/wp\/v2\/posts"}],"about":[{"href":"https:\/\/www.topicfoot.fr\/index.php\/wp-json\/wp\/v2\/types\/post"}],"author":[{"embeddable":true,"href":"https:\/\/www.topicfoot.fr\/index.php\/wp-json\/wp\/v2\/users\/5"}],"replies":[{"embeddable":true,"href":"https:\/\/www.topicfoot.fr\/index.php\/wp-json\/wp\/v2\/comments?post=9650"}],"version-history":[{"count":0,"href":"https:\/\/www.topicfoot.fr\/index.php\/wp-json\/wp\/v2\/posts\/9650\/revisions"}],"wp:featuredmedia":[{"embeddable":true,"href":"https:\/\/www.topicfoot.fr\/index.php\/wp-json\/wp\/v2\/media\/9651"}],"wp:attachment":[{"href":"https:\/\/www.topicfoot.fr\/index.php\/wp-json\/wp\/v2\/media?parent=9650"}],"wp:term":[{"taxonomy":"category","embeddable":true,"href":"https:\/\/www.topicfoot.fr\/index.php\/wp-json\/wp\/v2\/categories?post=9650"},{"taxonomy":"post_tag","embeddable":true,"href":"https:\/\/www.topicfoot.fr\/index.php\/wp-json\/wp\/v2\/tags?post=9650"},{"taxonomy":"post_folder","embeddable":true,"href":"https:\/\/www.topicfoot.fr\/index.php\/wp-json\/wp\/v2\/post_folder?post=9650"}],"curies":[{"name":"wp","href":"https:\/\/api.w.org\/{rel}","templated":true}]}}