{"id":9697,"date":"2024-08-25T23:52:45","date_gmt":"2024-08-25T21:52:45","guid":{"rendered":"https:\/\/www.topicfoot.fr\/?p=9697"},"modified":"2025-02-18T21:44:19","modified_gmt":"2025-02-18T20:44:19","slug":"lallianz-arena-de-munich-theatre-de-la-finale-de-la-ligue-des-champions-2025","status":"publish","type":"post","link":"https:\/\/www.topicfoot.fr\/index.php\/2024\/08\/25\/lallianz-arena-de-munich-theatre-de-la-finale-de-la-ligue-des-champions-2025\/","title":{"rendered":"L&rsquo;Allianz Arena, Stade de la Finale Ligue des Champions 2025"},"content":{"rendered":"<span class=\"span-reading-time rt-reading-time\" style=\"display: block;\"><span class=\"rt-label rt-prefix\">Temps de lecture\u00a0:  <\/span> <span class=\"rt-time\"> 2<\/span> <span class=\"rt-label rt-postfix\">minutes.  <\/span><\/span>\n<div class=\"wp-block-group\"><div class=\"wp-block-group__inner-container is-layout-constrained wp-block-group-is-layout-constrained\">\n<figure class=\"wp-block-audio\"><audio controls src=\"https:\/\/www.topicfoot.fr\/wp-content\/uploads\/2024\/08\/Finale-de-la-Ligue-des-Champions-2025.aac\"><\/audio><figcaption class=\"wp-element-caption\">Ecoutez cet article en Podcast dur\u00e9e 3:14<\/figcaption><\/figure>\n<\/div><\/div>\n\n\n\n<p>Le 31 mai 2025, le monde du football aura les yeux riv\u00e9s sur Munich. L&rsquo;Allianz Arena accueillera la finale de la Ligue des Champions 2025. Ce stade embl\u00e9matique, v\u00e9ritable joyau architectural, est pr\u00eat \u00e0 offrir un spectacle grandiose. Il couronnera le champion de la plus prestigieuse des comp\u00e9titions europ\u00e9ennes.<\/p>\n\n\n\n<figure class=\"wp-block-image size-large\"><img loading=\"lazy\" decoding=\"async\" width=\"1024\" height=\"591\" src=\"https:\/\/www.topicfoot.fr\/wp-content\/uploads\/2023\/11\/stade-munich-euro2024-1024x591.jpg\" alt=\"finale ligue des champions 2025\" class=\"wp-image-3105\" srcset=\"https:\/\/www.topicfoot.fr\/wp-content\/uploads\/2023\/11\/stade-munich-euro2024-1024x591.jpg 1024w, https:\/\/www.topicfoot.fr\/wp-content\/uploads\/2023\/11\/stade-munich-euro2024-300x173.jpg 300w, https:\/\/www.topicfoot.fr\/wp-content\/uploads\/2023\/11\/stade-munich-euro2024-768x443.jpg 768w, https:\/\/www.topicfoot.fr\/wp-content\/uploads\/2023\/11\/stade-munich-euro2024.jpg 1400w\" sizes=\"auto, (max-width: 1024px) 100vw, 1024px\" \/><\/figure>\n\n\n\n<h2 class=\"wp-block-heading\"><a href=\"https:\/\/allianz-arena.com\/fr\" target=\"_blank\" rel=\"noreferrer noopener\">L&rsquo;Allianz Arena<\/a> : Un Chef-d&rsquo;\u0153uvre Architectural<\/h2>\n\n\n\n<p>Inaugur\u00e9e en 2005, l&rsquo;Allianz Arena est rapidement devenue l&rsquo;un des stades les plus reconnaissables au monde. Con\u00e7u par les architectes suisses Herzog &amp; de Meuron, ce stade a sa fa\u00e7ade compos\u00e9e de panneaux en ETFE. C&rsquo;est un mat\u00e9riau qui permet d&rsquo;\u00e9clairer le stade en diff\u00e9rentes couleurs. Ces panneaux gonflables recouvrent le stade d&rsquo;une peau lumineuse. Ils changent de teinte en fonction de l&rsquo;\u00e9quipe qui joue : <br>&#8211; Rouge pour le Bayern Munich, <br>&#8211; Blanc pour l&rsquo;\u00e9quipe nationale d&rsquo;Allemagne, <br>&#8211; Bleu pour l&rsquo;ancien club locataire, le TSV 1860 Munich.<\/p>\n\n\n\n<p>75 000 places pour les matchs nationaux et 70 000 pour les rencontres internationales, l&rsquo;Allianz Arena est un temple du football. Il est \u00e9galement r\u00e9put\u00e9 pour offrir une visibilit\u00e9 optimale \u00e0 tous les spectateurs. Ceci gr\u00e2ce \u00e0 une conception qui rapproche les tribunes du terrain. Ce stade moderne est dot\u00e9 des derni\u00e8res technologies, tant en mati\u00e8re de s\u00e9curit\u00e9 que de confort. C&rsquo;est un lieu id\u00e9al pour accueillir un \u00e9v\u00e9nement de l&rsquo;ampleur de la finale de la Ligue des Champions 2025.<\/p>\n\n\n\n<h2 class=\"wp-block-heading\">Un Stade Impr\u00e9gn\u00e9 d&rsquo;Histoire<\/h2>\n\n\n\n<p>L&rsquo;Allianz Arena a d\u00e9j\u00e0 \u00e9t\u00e9 le th\u00e9\u00e2tre de moments historiques. Elle a accueilli des matchs de la Coupe du Monde 2006, dont le match d&rsquo;ouverture entre l&rsquo;Allemagne et le Costa Rica, ainsi que des rencontres de l&rsquo;Euro 2020. En 2012, la finale de la Ligue des Champions a d\u00e9j\u00e0 eu lieu dans ce stade. Chelsea a triomph\u00e9 du Bayern Munich aux tirs au but, marquant ainsi l&rsquo;histoire du club londonien.<\/p>\n\n\n\n<p>Ce retour de la finale de la Ligue des Champions \u00e0 l&rsquo;Allianz Arena en 2025 est un \u00e9v\u00e9nement tr\u00e8s attendu, tant par les fans que par les acteurs du football. Le stade, ancr\u00e9 dans une ville passionn\u00e9e par le football, offre une ambiance \u00e9lectrique qui promet de rendre cette finale inoubliable.<\/p>\n\n\n\n<h2 class=\"wp-block-heading\">Un Rendez-vous Immanquable<\/h2>\n\n\n\n<p>La finale de la Ligue des Champions 2025 \u00e0 l&rsquo;Allianz Arena de Munich est un rendez-vous immanquable pour tous les amateurs de football. Ce stade, d\u00e9j\u00e0 charg\u00e9 d&rsquo;histoire, s&rsquo;appr\u00eate \u00e0 \u00e9crire un nouveau chapitre m\u00e9morable. Les deux \u00e9quipes qui se disputeront le titre auront la chance de jouer dans un cadre exceptionnel, sous les yeux de millions de t\u00e9l\u00e9spectateurs \u00e0 travers le monde. Le 31 mai 2025, Munich sera sans aucun doute le centre n\u00e9vralgique du football mondial, et l&rsquo;Allianz Arena r\u00e9sonnera des exploits des meilleurs joueurs de la plan\u00e8te.<\/p>\n\n\n\n<!-- Noptin Newsletter Plugin v4.2.2 - https:\/\/wordpress.org\/plugins\/newsletter-optin-box\/ --><div id=\"noptin-form-2__wrapper\" class=\"noptin-optin-main-wrapper noptin-form-id-9842 noptin-inpost-main-wrapper\" aria-labelledby=\"noptin-form-2__title\" ><style>\/*Custom css*\/\n\n.noptin-form-id-9842 .noptin-optin-form-wrapper .noptin-optin-form.noptin-form-single-line .noptin-form-submit{\n\tborder-radius: 30px;\n}\n\n@media only screen and (min-width: 768px) {\n\n\t.noptin-form-id-9842 .noptin-optin-form-wrapper .noptin-optin-form.noptin-form-single-line .noptin-form-submit{\n\t\tposition: absolute;\n\t\tbottom: -1px;\n\t\ttop: 0;\n\t\tright: 0px;\n\t}\n\n}\n\n.noptin-form-id-9842 .noptin-optin-form-wrapper .noptin-form-single-line .noptin-form-field{\n \tborder-radius: 30px !important;\n\tborder: none !important;\n} #noptin-form-2__wrapper {--noptin-background-color: #424242; --noptin-border-color: #424242; --noptin-button-color: #607D8B; --noptin-button-text-color: #fafafa; --noptin-title-color: #fafafa; --noptin-description-color: #fafafa; --noptin-prefix-color: #607d8b; --noptin-note-color: #fafafa;}<\/style><div style=\"max-width:620px; min-height:280px;border-color: #424242;\" class=\"noptin-optin-form-wrapper no-image\" ><!-- Form ID: 9842 --><form id=\"noptin-form-2\" class=\"noptin-optin-form noptin-form-single-line noptin-label-hide noptin-form-2\" method=\"post\" novalidate >\t\t\t\t\t<div class=\"noptin-form-header noptin-img-left\">\n\t\t\t\t\t\t\t\t\t\t\t\t<div class=\"noptin-form-header-text\">\n\n\t\t\t\t\t\t\t\t\t\t\t\t\t\t\t<div style=\"color: #607d8b;font-size: 20px; font-weight: 500; line-height: 1.3;\" class=\"noptin-form-prefix\">\n\t\t\t\t\t\t\t\t\t\t\t\t\t\t\t\t\t<\/div>\n\t\t\t\t\t\t\t\n\t\t\t\t\t\t\t\t\t\t\t\t\t\t\t<div style=\"color: #fafafa;font-size: 20px; font-weight: 700; line-height: 1.5;\" class=\"noptin-form-heading\">\n\t\t\t\t\t\t\t\t\tAbonnez-vous \u00e0 TopicFoot\t\t\t\t\t\t\t\t<\/div>\n\t\t\t\t\t\t\t\n\t\t\t\t\t\t\t\t\t\t\t\t\t\t\t<div style=\"color: #fafafa;font-size: 16px; font-weight: 500; line-height: 1.5;\" class=\"noptin-form-description\">\n\t\t\t\t\t\t\t\t\tEntrez votre Mail pour recevoir nos derniers articles.\t\t\t\t\t\t\t\t<\/div>\n\t\t\t\t\t\t\t\n\t\t\t\t\t\t<\/div>\n\t\t\t\t\t\t\n\t\t\t\t\t\t\t\t\t\t\t\t\t<div class=\"noptin-form-header-image\">\n\t\t\t\t\t\t\t\t<img decoding=\"async\" alt=\"icon\" src=\"https:\/\/www.topicfoot.fr\/wp-content\/plugins\/newsletter-optin-box\/includes\/assets\/images\/email-icon.png\" \/>\n\t\t\t\t\t\t\t<\/div>\n\t\t\t\t\t\t\n\t\t\t\t\t<\/div>\n\t\t\t\t<div class=\"noptin-form-footer\"><div class=\"noptin-form-fields\">\t\t\t<div class=\"noptin-form-field-wrapper noptin-form-field-email noptin-optin-field-wrapper noptin-optin-field-email\" id=\"noptin-form-2__field-email--wrapper\" >\n\t\t<div class=\"noptin-field-email\">\n\t\t\t<label class=\"noptin-label\" for=\"noptin-form-2__field-email\">Adresse Mail<\/label>\n\t\t\t<input name=\"noptin_fields[email]\" id=\"noptin-form-2__field-email\" type=\"email\" class=\"noptin-text noptin-form-field noptin-form-field__email noptin-form-field__has-no-placeholder\" placeholder=\"Adresse Mail\" required \/>\n\n\t\t<\/div><\/div>\t\t\t<div class=\"noptin-form-field-wrapper noptin-form-field- noptin-optin-field-wrapper noptin-optin-field-\" id=\"noptin-form-2__field---wrapper\" >\n\t\t<\/div>\t\t\t<div class=\"noptin-form-field-wrapper noptin-form-field-submit noptin-optin-field-wrapper noptin-optin-field-submit\" >\n\t\t\n\t\t\t<input type=\"submit\" id=\"noptin-form-2__submit\" class=\"noptin-form-submit btn button btn-primary button-primary wp-element-button\" name=\"noptin-submit\" value=\"Abonnez-vous\" style=\"background-color: #607D8B;color: #fafafa;\"  \/>\n\n\t\t<\/div><\/div>\t\t\t\t\t\t<div class=\"noptin-form-notice noptin-response\" role=\"alert\"><\/div>\n\t\t\t<\/div>\n\t\t\t<input type=\"hidden\" name=\"noptin_element_id\" value=\"2\" \/><input type=\"hidden\" name=\"source\" value=\"9842\" \/><input type=\"hidden\" name=\"form_action\" value=\"subscribe\" \/><input type=\"hidden\" name=\"noptin-config\" value=\"geVp3bmVsS.Bejx5F7hyheCZeasGrk6UoV7mPwUKzeAj_J_jRQjYkLtSn67MwIeo\" \/><input type=\"hidden\" name=\"noptin_form_id\" value=\"9842\" \/><\/form><\/div><!-- \/Form ID: 9842 --><\/div><!-- \/ Noptin Newsletter Plugin -->\n\n\n\n<p>Voir aussi notre article sur :  <a href=\"https:\/\/www.topicfoot.fr\/index.php\/2024\/08\/22\/ligue-des-champions-date-s-a-retenir-2024-2025\/\">La ligue des Champions les dates \u00e0 retenir<\/a><\/p>\n\n\n\n<figure class=\"wp-block-embed is-type-wp-embed is-provider-topic-foot wp-block-embed-topic-foot\"><div class=\"wp-block-embed__wrapper\">\n<blockquote class=\"wp-embedded-content\" data-secret=\"2GsNJnNavK\"><a href=\"https:\/\/www.topicfoot.fr\/index.php\/2024\/08\/22\/ligue-des-champions-date-s-a-retenir-2024-2025\/\">Date Ligue des champions : les dates \u00e0 retenir 2024-2025<\/a><\/blockquote><iframe loading=\"lazy\" class=\"wp-embedded-content\" sandbox=\"allow-scripts\" security=\"restricted\" style=\"position: absolute; visibility: hidden;\" title=\"\u00ab\u00a0Date Ligue des champions : les dates \u00e0 retenir 2024-2025\u00a0\u00bb &#8212; Topic Foot\" src=\"https:\/\/www.topicfoot.fr\/index.php\/2024\/08\/22\/ligue-des-champions-date-s-a-retenir-2024-2025\/embed\/#?secret=TQIwnPbPGK#?secret=2GsNJnNavK\" data-secret=\"2GsNJnNavK\" width=\"500\" height=\"282\" frameborder=\"0\" marginwidth=\"0\" marginheight=\"0\" scrolling=\"no\"><\/iframe>\n<\/div><\/figure>\n","protected":false},"excerpt":{"rendered":"<div class=\"mh-excerpt\">finale ligue des champions 2025 : Le 31 mai 2025, le monde du football aura les yeux riv\u00e9s sur Munich, o\u00f9 l&rsquo;Allianz Arena accueillera <\/div>\n<p> <a class=\"mh-excerpt-more\" href=\"https:\/\/www.topicfoot.fr\/index.php\/2024\/08\/25\/lallianz-arena-de-munich-theatre-de-la-finale-de-la-ligue-des-champions-2025\/\" title=\"L&rsquo;Allianz Arena, Stade de la Finale Ligue des Champions 2025\">[&#8230;]<\/a><\/p>\n","protected":false},"author":5,"featured_media":9700,"comment_status":"closed","ping_status":"open","sticky":false,"template":"","format":"standard","meta":{"footnotes":""},"categories":[30,31],"tags":[],"post_folder":[],"class_list":{"0":"post-9697","1":"post","2":"type-post","3":"status-publish","4":"format-standard","5":"has-post-thumbnail","7":"category-coupes-deurope","8":"category-toutes-les-categories"},"yoast_head":"<!-- This site is optimized with the Yoast SEO plugin v27.4 - https:\/\/yoast.com\/product\/yoast-seo-wordpress\/ -->\n<title>L&#039;Allianz Arena, Stade de la Finale Ligue des Champions 2025<\/title>\n<meta name=\"description\" content=\"finale ligue des champions 2025 : Le 31 mai 2025, le monde du football aura les yeux riv\u00e9s sur Munich, o\u00f9 l&#039;Allianz Arena accueillera\" \/>\n<meta name=\"robots\" content=\"index, follow, max-snippet:-1, max-image-preview:large, max-video-preview:-1\" \/>\n<link rel=\"canonical\" href=\"https:\/\/www.topicfoot.fr\/index.php\/2024\/08\/25\/lallianz-arena-de-munich-theatre-de-la-finale-de-la-ligue-des-champions-2025\/\" \/>\n<meta property=\"og:locale\" content=\"fr_FR\" \/>\n<meta property=\"og:type\" content=\"article\" \/>\n<meta property=\"og:title\" content=\"L&#039;Allianz Arena, Stade de la Finale Ligue des Champions 2025\" \/>\n<meta property=\"og:description\" content=\"finale ligue des champions 2025 : Le 31 mai 2025, le monde du football aura les yeux riv\u00e9s sur Munich, o\u00f9 l&#039;Allianz Arena accueillera\" \/>\n<meta property=\"og:url\" content=\"https:\/\/www.topicfoot.fr\/index.php\/2024\/08\/25\/lallianz-arena-de-munich-theatre-de-la-finale-de-la-ligue-des-champions-2025\/\" \/>\n<meta property=\"og:site_name\" content=\"Topic Foot\" \/>\n<meta property=\"article:publisher\" content=\"https:\/\/www.facebook.com\/topicfoot.fr\" \/>\n<meta property=\"article:published_time\" content=\"2024-08-25T21:52:45+00:00\" \/>\n<meta property=\"article:modified_time\" content=\"2025-02-18T20:44:19+00:00\" \/>\n<meta property=\"og:image\" content=\"https:\/\/www.topicfoot.fr\/wp-content\/uploads\/2024\/08\/allianz-arena-tf01-jpg.webp\" \/>\n\t<meta property=\"og:image:width\" content=\"1024\" \/>\n\t<meta property=\"og:image:height\" content=\"576\" \/>\n\t<meta property=\"og:image:type\" content=\"image\/jpeg\" \/>\n<meta name=\"author\" content=\"Laurent M\" \/>\n<meta name=\"twitter:card\" content=\"summary_large_image\" \/>\n<meta name=\"twitter:label1\" content=\"\u00c9crit par\" \/>\n\t<meta name=\"twitter:data1\" content=\"Laurent M\" \/>\n\t<meta name=\"twitter:label2\" content=\"Dur\u00e9e de lecture estim\u00e9e\" \/>\n\t<meta name=\"twitter:data2\" content=\"3 minutes\" \/>\n<script type=\"application\/ld+json\" class=\"yoast-schema-graph\">{\"@context\":\"https:\\\/\\\/schema.org\",\"@graph\":[{\"@type\":\"Article\",\"@id\":\"https:\\\/\\\/www.topicfoot.fr\\\/index.php\\\/2024\\\/08\\\/25\\\/lallianz-arena-de-munich-theatre-de-la-finale-de-la-ligue-des-champions-2025\\\/#article\",\"isPartOf\":{\"@id\":\"https:\\\/\\\/www.topicfoot.fr\\\/index.php\\\/2024\\\/08\\\/25\\\/lallianz-arena-de-munich-theatre-de-la-finale-de-la-ligue-des-champions-2025\\\/\"},\"author\":{\"name\":\"Laurent M\",\"@id\":\"https:\\\/\\\/www.topicfoot.fr\\\/#\\\/schema\\\/person\\\/c3cc72d0475041f6006c3b9ac2fdd651\"},\"headline\":\"L&rsquo;Allianz Arena, Stade de la Finale Ligue des Champions 2025\",\"datePublished\":\"2024-08-25T21:52:45+00:00\",\"dateModified\":\"2025-02-18T20:44:19+00:00\",\"mainEntityOfPage\":{\"@id\":\"https:\\\/\\\/www.topicfoot.fr\\\/index.php\\\/2024\\\/08\\\/25\\\/lallianz-arena-de-munich-theatre-de-la-finale-de-la-ligue-des-champions-2025\\\/\"},\"wordCount\":514,\"publisher\":{\"@id\":\"https:\\\/\\\/www.topicfoot.fr\\\/#organization\"},\"image\":{\"@id\":\"https:\\\/\\\/www.topicfoot.fr\\\/index.php\\\/2024\\\/08\\\/25\\\/lallianz-arena-de-munich-theatre-de-la-finale-de-la-ligue-des-champions-2025\\\/#primaryimage\"},\"thumbnailUrl\":\"https:\\\/\\\/www.topicfoot.fr\\\/wp-content\\\/uploads\\\/2024\\\/08\\\/allianz-arena-tf01-jpg.webp\",\"articleSection\":[\"Coupes d'Europe\",\"Toutes les cat\u00e9gories\"],\"inLanguage\":\"fr-FR\"},{\"@type\":\"WebPage\",\"@id\":\"https:\\\/\\\/www.topicfoot.fr\\\/index.php\\\/2024\\\/08\\\/25\\\/lallianz-arena-de-munich-theatre-de-la-finale-de-la-ligue-des-champions-2025\\\/\",\"url\":\"https:\\\/\\\/www.topicfoot.fr\\\/index.php\\\/2024\\\/08\\\/25\\\/lallianz-arena-de-munich-theatre-de-la-finale-de-la-ligue-des-champions-2025\\\/\",\"name\":\"L'Allianz Arena, Stade de la Finale Ligue des Champions 2025\",\"isPartOf\":{\"@id\":\"https:\\\/\\\/www.topicfoot.fr\\\/#website\"},\"primaryImageOfPage\":{\"@id\":\"https:\\\/\\\/www.topicfoot.fr\\\/index.php\\\/2024\\\/08\\\/25\\\/lallianz-arena-de-munich-theatre-de-la-finale-de-la-ligue-des-champions-2025\\\/#primaryimage\"},\"image\":{\"@id\":\"https:\\\/\\\/www.topicfoot.fr\\\/index.php\\\/2024\\\/08\\\/25\\\/lallianz-arena-de-munich-theatre-de-la-finale-de-la-ligue-des-champions-2025\\\/#primaryimage\"},\"thumbnailUrl\":\"https:\\\/\\\/www.topicfoot.fr\\\/wp-content\\\/uploads\\\/2024\\\/08\\\/allianz-arena-tf01-jpg.webp\",\"datePublished\":\"2024-08-25T21:52:45+00:00\",\"dateModified\":\"2025-02-18T20:44:19+00:00\",\"description\":\"finale ligue des champions 2025 : Le 31 mai 2025, le monde du football aura les yeux riv\u00e9s sur Munich, o\u00f9 l'Allianz Arena accueillera\",\"breadcrumb\":{\"@id\":\"https:\\\/\\\/www.topicfoot.fr\\\/index.php\\\/2024\\\/08\\\/25\\\/lallianz-arena-de-munich-theatre-de-la-finale-de-la-ligue-des-champions-2025\\\/#breadcrumb\"},\"inLanguage\":\"fr-FR\",\"potentialAction\":[{\"@type\":\"ReadAction\",\"target\":[\"https:\\\/\\\/www.topicfoot.fr\\\/index.php\\\/2024\\\/08\\\/25\\\/lallianz-arena-de-munich-theatre-de-la-finale-de-la-ligue-des-champions-2025\\\/\"]}]},{\"@type\":\"ImageObject\",\"inLanguage\":\"fr-FR\",\"@id\":\"https:\\\/\\\/www.topicfoot.fr\\\/index.php\\\/2024\\\/08\\\/25\\\/lallianz-arena-de-munich-theatre-de-la-finale-de-la-ligue-des-champions-2025\\\/#primaryimage\",\"url\":\"https:\\\/\\\/www.topicfoot.fr\\\/wp-content\\\/uploads\\\/2024\\\/08\\\/allianz-arena-tf01-jpg.webp\",\"contentUrl\":\"https:\\\/\\\/www.topicfoot.fr\\\/wp-content\\\/uploads\\\/2024\\\/08\\\/allianz-arena-tf01-jpg.webp\",\"width\":1024,\"height\":576},{\"@type\":\"BreadcrumbList\",\"@id\":\"https:\\\/\\\/www.topicfoot.fr\\\/index.php\\\/2024\\\/08\\\/25\\\/lallianz-arena-de-munich-theatre-de-la-finale-de-la-ligue-des-champions-2025\\\/#breadcrumb\",\"itemListElement\":[{\"@type\":\"ListItem\",\"position\":1,\"name\":\"Accueil\",\"item\":\"https:\\\/\\\/www.topicfoot.fr\\\/\"},{\"@type\":\"ListItem\",\"position\":2,\"name\":\"L&rsquo;Allianz Arena, Stade de la Finale Ligue des Champions 2025\"}]},{\"@type\":\"WebSite\",\"@id\":\"https:\\\/\\\/www.topicfoot.fr\\\/#website\",\"url\":\"https:\\\/\\\/www.topicfoot.fr\\\/\",\"name\":\"Topic Foot\",\"description\":\"Tous l&#039;univers du Foot !\",\"publisher\":{\"@id\":\"https:\\\/\\\/www.topicfoot.fr\\\/#organization\"},\"potentialAction\":[{\"@type\":\"SearchAction\",\"target\":{\"@type\":\"EntryPoint\",\"urlTemplate\":\"https:\\\/\\\/www.topicfoot.fr\\\/?s={search_term_string}\"},\"query-input\":{\"@type\":\"PropertyValueSpecification\",\"valueRequired\":true,\"valueName\":\"search_term_string\"}}],\"inLanguage\":\"fr-FR\"},{\"@type\":\"Organization\",\"@id\":\"https:\\\/\\\/www.topicfoot.fr\\\/#organization\",\"name\":\"Topic Foot\",\"url\":\"https:\\\/\\\/www.topicfoot.fr\\\/\",\"logo\":{\"@type\":\"ImageObject\",\"inLanguage\":\"fr-FR\",\"@id\":\"https:\\\/\\\/www.topicfoot.fr\\\/#\\\/schema\\\/logo\\\/image\\\/\",\"url\":\"https:\\\/\\\/www.topicfoot.fr\\\/wp-content\\\/uploads\\\/2024\\\/04\\\/cropped-logo-topicfoot-new.jpg\",\"contentUrl\":\"https:\\\/\\\/www.topicfoot.fr\\\/wp-content\\\/uploads\\\/2024\\\/04\\\/cropped-logo-topicfoot-new.jpg\",\"width\":512,\"height\":512,\"caption\":\"Topic Foot\"},\"image\":{\"@id\":\"https:\\\/\\\/www.topicfoot.fr\\\/#\\\/schema\\\/logo\\\/image\\\/\"},\"sameAs\":[\"https:\\\/\\\/www.facebook.com\\\/topicfoot.fr\"]},{\"@type\":\"Person\",\"@id\":\"https:\\\/\\\/www.topicfoot.fr\\\/#\\\/schema\\\/person\\\/c3cc72d0475041f6006c3b9ac2fdd651\",\"name\":\"Laurent M\",\"pronouns\":\"il\",\"image\":{\"@type\":\"ImageObject\",\"inLanguage\":\"fr-FR\",\"@id\":\"https:\\\/\\\/secure.gravatar.com\\\/avatar\\\/1556f82bcb30ea7f53ada028296fbd5dbf338b8cb58c931c36f8ff69ea259d82?s=96&d=mm&r=g\",\"url\":\"https:\\\/\\\/secure.gravatar.com\\\/avatar\\\/1556f82bcb30ea7f53ada028296fbd5dbf338b8cb58c931c36f8ff69ea259d82?s=96&d=mm&r=g\",\"contentUrl\":\"https:\\\/\\\/secure.gravatar.com\\\/avatar\\\/1556f82bcb30ea7f53ada028296fbd5dbf338b8cb58c931c36f8ff69ea259d82?s=96&d=mm&r=g\",\"caption\":\"Laurent M\"},\"description\":\"Je m\u2019appelle Laurent et je suis passionn\u00e9 de football depuis mon plus jeune \u00e2ge. Ancien joueur en cat\u00e9gories de jeunes, j\u2019ai rapidement compris qu\u2019au\u2011del\u00e0 du terrain, ce sont aussi les histoires, les tactiques et les trajectoires de carri\u00e8re qui font la richesse de ce sport. Avec le temps, j\u2019ai eu envie de passer de l\u2019autre c\u00f4t\u00e9 du jeu : celui de l\u2019analyse, de l\u2019\u00e9criture et de la transmission. Depuis septembre 2024, je suis r\u00e9dacteur chez Topicfoot, o\u00f9 je m\u2019attache \u00e0 expliquer le football sous toutes ses dimensions. J\u2019aime d\u00e9crypter les matchs, analyser les choix tactiques des entra\u00eeneurs et proposer des dossiers de fond sur l\u2019\u00e9conomie du football : transferts, salaires, strat\u00e9gies de recrutement ou \u00e9volution des championnats. Mon objectif est de rendre accessibles des sujets parfois techniques, sans jamais sacrifier la pr\u00e9cision. Dans mes articles, je m\u2019efforce de croiser statistiques, ressentis du terrain et contexte historique pour offrir au lecteur une vision compl\u00e8te et nuanc\u00e9e du jeu. Je suis de pr\u00e8s la Ligue 1, les grands championnats europ\u00e9ens et l\u2019essor de nouveaux projets footballistiques \u00e0 l\u2019international, avec une attention particuli\u00e8re pour les dynamiques de clubs sur le long terme. En dehors de la r\u00e9daction, je continue de jouer en amateur et je passe beaucoup de temps \u00e0 regarder des matchs et analyser des s\u00e9quences vid\u00e9o. Cette habitude nourrit directement mon travail d\u2019\u00e9criture : chaque rencontre est une occasion de mieux comprendre le jeu\u2026 et de mieux le raconter aux lecteurs de Topicfoot.\",\"url\":\"https:\\\/\\\/www.topicfoot.fr\\\/index.php\\\/author\\\/laurent-muscarnera\\\/\"}]}<\/script>\n<!-- \/ Yoast SEO plugin. -->","yoast_head_json":{"title":"L'Allianz Arena, Stade de la Finale Ligue des Champions 2025","description":"finale ligue des champions 2025 : Le 31 mai 2025, le monde du football aura les yeux riv\u00e9s sur Munich, o\u00f9 l'Allianz Arena accueillera","robots":{"index":"index","follow":"follow","max-snippet":"max-snippet:-1","max-image-preview":"max-image-preview:large","max-video-preview":"max-video-preview:-1"},"canonical":"https:\/\/www.topicfoot.fr\/index.php\/2024\/08\/25\/lallianz-arena-de-munich-theatre-de-la-finale-de-la-ligue-des-champions-2025\/","og_locale":"fr_FR","og_type":"article","og_title":"L'Allianz Arena, Stade de la Finale Ligue des Champions 2025","og_description":"finale ligue des champions 2025 : Le 31 mai 2025, le monde du football aura les yeux riv\u00e9s sur Munich, o\u00f9 l'Allianz Arena accueillera","og_url":"https:\/\/www.topicfoot.fr\/index.php\/2024\/08\/25\/lallianz-arena-de-munich-theatre-de-la-finale-de-la-ligue-des-champions-2025\/","og_site_name":"Topic Foot","article_publisher":"https:\/\/www.facebook.com\/topicfoot.fr","article_published_time":"2024-08-25T21:52:45+00:00","article_modified_time":"2025-02-18T20:44:19+00:00","og_image":[{"width":1024,"height":576,"url":"https:\/\/www.topicfoot.fr\/wp-content\/uploads\/2024\/08\/allianz-arena-tf01-jpg.webp","type":"image\/jpeg"}],"author":"Laurent M","twitter_card":"summary_large_image","twitter_misc":{"\u00c9crit par":"Laurent M","Dur\u00e9e de lecture estim\u00e9e":"3 minutes"},"schema":{"@context":"https:\/\/schema.org","@graph":[{"@type":"Article","@id":"https:\/\/www.topicfoot.fr\/index.php\/2024\/08\/25\/lallianz-arena-de-munich-theatre-de-la-finale-de-la-ligue-des-champions-2025\/#article","isPartOf":{"@id":"https:\/\/www.topicfoot.fr\/index.php\/2024\/08\/25\/lallianz-arena-de-munich-theatre-de-la-finale-de-la-ligue-des-champions-2025\/"},"author":{"name":"Laurent M","@id":"https:\/\/www.topicfoot.fr\/#\/schema\/person\/c3cc72d0475041f6006c3b9ac2fdd651"},"headline":"L&rsquo;Allianz Arena, Stade de la Finale Ligue des Champions 2025","datePublished":"2024-08-25T21:52:45+00:00","dateModified":"2025-02-18T20:44:19+00:00","mainEntityOfPage":{"@id":"https:\/\/www.topicfoot.fr\/index.php\/2024\/08\/25\/lallianz-arena-de-munich-theatre-de-la-finale-de-la-ligue-des-champions-2025\/"},"wordCount":514,"publisher":{"@id":"https:\/\/www.topicfoot.fr\/#organization"},"image":{"@id":"https:\/\/www.topicfoot.fr\/index.php\/2024\/08\/25\/lallianz-arena-de-munich-theatre-de-la-finale-de-la-ligue-des-champions-2025\/#primaryimage"},"thumbnailUrl":"https:\/\/www.topicfoot.fr\/wp-content\/uploads\/2024\/08\/allianz-arena-tf01-jpg.webp","articleSection":["Coupes d'Europe","Toutes les cat\u00e9gories"],"inLanguage":"fr-FR"},{"@type":"WebPage","@id":"https:\/\/www.topicfoot.fr\/index.php\/2024\/08\/25\/lallianz-arena-de-munich-theatre-de-la-finale-de-la-ligue-des-champions-2025\/","url":"https:\/\/www.topicfoot.fr\/index.php\/2024\/08\/25\/lallianz-arena-de-munich-theatre-de-la-finale-de-la-ligue-des-champions-2025\/","name":"L'Allianz Arena, Stade de la Finale Ligue des Champions 2025","isPartOf":{"@id":"https:\/\/www.topicfoot.fr\/#website"},"primaryImageOfPage":{"@id":"https:\/\/www.topicfoot.fr\/index.php\/2024\/08\/25\/lallianz-arena-de-munich-theatre-de-la-finale-de-la-ligue-des-champions-2025\/#primaryimage"},"image":{"@id":"https:\/\/www.topicfoot.fr\/index.php\/2024\/08\/25\/lallianz-arena-de-munich-theatre-de-la-finale-de-la-ligue-des-champions-2025\/#primaryimage"},"thumbnailUrl":"https:\/\/www.topicfoot.fr\/wp-content\/uploads\/2024\/08\/allianz-arena-tf01-jpg.webp","datePublished":"2024-08-25T21:52:45+00:00","dateModified":"2025-02-18T20:44:19+00:00","description":"finale ligue des champions 2025 : Le 31 mai 2025, le monde du football aura les yeux riv\u00e9s sur Munich, o\u00f9 l'Allianz Arena accueillera","breadcrumb":{"@id":"https:\/\/www.topicfoot.fr\/index.php\/2024\/08\/25\/lallianz-arena-de-munich-theatre-de-la-finale-de-la-ligue-des-champions-2025\/#breadcrumb"},"inLanguage":"fr-FR","potentialAction":[{"@type":"ReadAction","target":["https:\/\/www.topicfoot.fr\/index.php\/2024\/08\/25\/lallianz-arena-de-munich-theatre-de-la-finale-de-la-ligue-des-champions-2025\/"]}]},{"@type":"ImageObject","inLanguage":"fr-FR","@id":"https:\/\/www.topicfoot.fr\/index.php\/2024\/08\/25\/lallianz-arena-de-munich-theatre-de-la-finale-de-la-ligue-des-champions-2025\/#primaryimage","url":"https:\/\/www.topicfoot.fr\/wp-content\/uploads\/2024\/08\/allianz-arena-tf01-jpg.webp","contentUrl":"https:\/\/www.topicfoot.fr\/wp-content\/uploads\/2024\/08\/allianz-arena-tf01-jpg.webp","width":1024,"height":576},{"@type":"BreadcrumbList","@id":"https:\/\/www.topicfoot.fr\/index.php\/2024\/08\/25\/lallianz-arena-de-munich-theatre-de-la-finale-de-la-ligue-des-champions-2025\/#breadcrumb","itemListElement":[{"@type":"ListItem","position":1,"name":"Accueil","item":"https:\/\/www.topicfoot.fr\/"},{"@type":"ListItem","position":2,"name":"L&rsquo;Allianz Arena, Stade de la Finale Ligue des Champions 2025"}]},{"@type":"WebSite","@id":"https:\/\/www.topicfoot.fr\/#website","url":"https:\/\/www.topicfoot.fr\/","name":"Topic Foot","description":"Tous l&#039;univers du Foot !","publisher":{"@id":"https:\/\/www.topicfoot.fr\/#organization"},"potentialAction":[{"@type":"SearchAction","target":{"@type":"EntryPoint","urlTemplate":"https:\/\/www.topicfoot.fr\/?s={search_term_string}"},"query-input":{"@type":"PropertyValueSpecification","valueRequired":true,"valueName":"search_term_string"}}],"inLanguage":"fr-FR"},{"@type":"Organization","@id":"https:\/\/www.topicfoot.fr\/#organization","name":"Topic Foot","url":"https:\/\/www.topicfoot.fr\/","logo":{"@type":"ImageObject","inLanguage":"fr-FR","@id":"https:\/\/www.topicfoot.fr\/#\/schema\/logo\/image\/","url":"https:\/\/www.topicfoot.fr\/wp-content\/uploads\/2024\/04\/cropped-logo-topicfoot-new.jpg","contentUrl":"https:\/\/www.topicfoot.fr\/wp-content\/uploads\/2024\/04\/cropped-logo-topicfoot-new.jpg","width":512,"height":512,"caption":"Topic Foot"},"image":{"@id":"https:\/\/www.topicfoot.fr\/#\/schema\/logo\/image\/"},"sameAs":["https:\/\/www.facebook.com\/topicfoot.fr"]},{"@type":"Person","@id":"https:\/\/www.topicfoot.fr\/#\/schema\/person\/c3cc72d0475041f6006c3b9ac2fdd651","name":"Laurent M","pronouns":"il","image":{"@type":"ImageObject","inLanguage":"fr-FR","@id":"https:\/\/secure.gravatar.com\/avatar\/1556f82bcb30ea7f53ada028296fbd5dbf338b8cb58c931c36f8ff69ea259d82?s=96&d=mm&r=g","url":"https:\/\/secure.gravatar.com\/avatar\/1556f82bcb30ea7f53ada028296fbd5dbf338b8cb58c931c36f8ff69ea259d82?s=96&d=mm&r=g","contentUrl":"https:\/\/secure.gravatar.com\/avatar\/1556f82bcb30ea7f53ada028296fbd5dbf338b8cb58c931c36f8ff69ea259d82?s=96&d=mm&r=g","caption":"Laurent M"},"description":"Je m\u2019appelle Laurent et je suis passionn\u00e9 de football depuis mon plus jeune \u00e2ge. Ancien joueur en cat\u00e9gories de jeunes, j\u2019ai rapidement compris qu\u2019au\u2011del\u00e0 du terrain, ce sont aussi les histoires, les tactiques et les trajectoires de carri\u00e8re qui font la richesse de ce sport. Avec le temps, j\u2019ai eu envie de passer de l\u2019autre c\u00f4t\u00e9 du jeu : celui de l\u2019analyse, de l\u2019\u00e9criture et de la transmission. Depuis septembre 2024, je suis r\u00e9dacteur chez Topicfoot, o\u00f9 je m\u2019attache \u00e0 expliquer le football sous toutes ses dimensions. J\u2019aime d\u00e9crypter les matchs, analyser les choix tactiques des entra\u00eeneurs et proposer des dossiers de fond sur l\u2019\u00e9conomie du football : transferts, salaires, strat\u00e9gies de recrutement ou \u00e9volution des championnats. Mon objectif est de rendre accessibles des sujets parfois techniques, sans jamais sacrifier la pr\u00e9cision. Dans mes articles, je m\u2019efforce de croiser statistiques, ressentis du terrain et contexte historique pour offrir au lecteur une vision compl\u00e8te et nuanc\u00e9e du jeu. Je suis de pr\u00e8s la Ligue 1, les grands championnats europ\u00e9ens et l\u2019essor de nouveaux projets footballistiques \u00e0 l\u2019international, avec une attention particuli\u00e8re pour les dynamiques de clubs sur le long terme. En dehors de la r\u00e9daction, je continue de jouer en amateur et je passe beaucoup de temps \u00e0 regarder des matchs et analyser des s\u00e9quences vid\u00e9o. Cette habitude nourrit directement mon travail d\u2019\u00e9criture : chaque rencontre est une occasion de mieux comprendre le jeu\u2026 et de mieux le raconter aux lecteurs de Topicfoot.","url":"https:\/\/www.topicfoot.fr\/index.php\/author\/laurent-muscarnera\/"}]}},"_links":{"self":[{"href":"https:\/\/www.topicfoot.fr\/index.php\/wp-json\/wp\/v2\/posts\/9697","targetHints":{"allow":["GET"]}}],"collection":[{"href":"https:\/\/www.topicfoot.fr\/index.php\/wp-json\/wp\/v2\/posts"}],"about":[{"href":"https:\/\/www.topicfoot.fr\/index.php\/wp-json\/wp\/v2\/types\/post"}],"author":[{"embeddable":true,"href":"https:\/\/www.topicfoot.fr\/index.php\/wp-json\/wp\/v2\/users\/5"}],"replies":[{"embeddable":true,"href":"https:\/\/www.topicfoot.fr\/index.php\/wp-json\/wp\/v2\/comments?post=9697"}],"version-history":[{"count":0,"href":"https:\/\/www.topicfoot.fr\/index.php\/wp-json\/wp\/v2\/posts\/9697\/revisions"}],"wp:featuredmedia":[{"embeddable":true,"href":"https:\/\/www.topicfoot.fr\/index.php\/wp-json\/wp\/v2\/media\/9700"}],"wp:attachment":[{"href":"https:\/\/www.topicfoot.fr\/index.php\/wp-json\/wp\/v2\/media?parent=9697"}],"wp:term":[{"taxonomy":"category","embeddable":true,"href":"https:\/\/www.topicfoot.fr\/index.php\/wp-json\/wp\/v2\/categories?post=9697"},{"taxonomy":"post_tag","embeddable":true,"href":"https:\/\/www.topicfoot.fr\/index.php\/wp-json\/wp\/v2\/tags?post=9697"},{"taxonomy":"post_folder","embeddable":true,"href":"https:\/\/www.topicfoot.fr\/index.php\/wp-json\/wp\/v2\/post_folder?post=9697"}],"curies":[{"name":"wp","href":"https:\/\/api.w.org\/{rel}","templated":true}]}}